{"id":61297,"date":"2022-03-13T22:12:41","date_gmt":"2022-03-13T21:12:41","guid":{"rendered":"https:\/\/mont-roig.cat\/actualitat\/noticies\/torna-lespai-entrevistes-amb-11-empreses-que-ofereixen-un-centenar-de-vacants\/"},"modified":"2022-03-13T22:21:05","modified_gmt":"2022-03-13T21:21:05","slug":"torna-lespai-entrevistes-amb-11-empreses-que-ofereixen-un-centenar-de-vacants","status":"publish","type":"post","link":"https:\/\/mont-roig.cat\/es\/actualitat\/noticies\/torna-lespai-entrevistes-amb-11-empreses-que-ofereixen-un-centenar-de-vacants\/","title":{"rendered":"Vuelve el Espai Entrevistes con 11 empresas que ofrecen un centenar de vacantes"},"content":{"rendered":"<div id=\"attachment_61292\" style=\"width: 302px\" class=\"wp-caption alignright\"><a href=\"https:\/\/mont-roig.cat\/wp-content\/uploads\/CartellEspaiEntrevistes2022_page-0001.jpg\"><img loading=\"lazy\" decoding=\"async\" aria-describedby=\"caption-attachment-61292\" class=\"wp-image-61292\" src=\"https:\/\/mont-roig.cat\/wp-content\/uploads\/CartellEspaiEntrevistes2022_page-0001-354x500.jpg\" alt=\"\" width=\"292\" height=\"412\" srcset=\"https:\/\/mont-roig.cat\/wp-content\/uploads\/CartellEspaiEntrevistes2022_page-0001-354x500.jpg 354w, https:\/\/mont-roig.cat\/wp-content\/uploads\/CartellEspaiEntrevistes2022_page-0001-724x1024.jpg 724w, https:\/\/mont-roig.cat\/wp-content\/uploads\/CartellEspaiEntrevistes2022_page-0001-768x1086.jpg 768w, https:\/\/mont-roig.cat\/wp-content\/uploads\/CartellEspaiEntrevistes2022_page-0001-1086x1536.jpg 1086w, https:\/\/mont-roig.cat\/wp-content\/uploads\/CartellEspaiEntrevistes2022_page-0001.jpg 1241w\" sizes=\"auto, (max-width: 292px) 100vw, 292px\" \/><\/a><p id=\"caption-attachment-61292\" class=\"wp-caption-text\">Cartel Espai Entrevistes<\/p><\/div>\n<ul>\n<li><strong>De nuevo, las empresas har\u00e1n una preselecci\u00f3n de los candidatos\/as que se tendr\u00e1n que inscribir previamente antes de la entrevista presencial que tendr\u00e1 lugar el 24 de marzo en el Parque de los Olivos<\/strong><\/li>\n<\/ul>\n<p>El pr\u00f3ximo 24 de marzo tendr\u00e1 lugar una nueva edici\u00f3n del Espai Entrevistes, una iniciativa del Ayuntamiento de Mont-roig del Camp a trav\u00e9s de la concejal\u00eda de Impulso Econ\u00f3mico y Empleo, con el objetivo de fomentar el empleo en el municipio. En esta edici\u00f3n 11 empresas del municipio que ofrecen un total de 98 plazas vacantes.<\/p>\n<p>Para participar en las entrevistas de selecci\u00f3n que tendr\u00e1n lugar el jueves d\u00eda 24 de marzo, a partir de las 9.30 h de la ma\u00f1ana, en el Parque de los Olivos de Miami Platja, ser\u00e1 necesario enviar previamente el curr\u00edculum al correo electr\u00f3nico de cada una de las empresas participantes . Estas empresas har\u00e1n una preselecci\u00f3n con todos los candidatos\/as que hayan enviado sus datos y convocar\u00e1n a las personas seleccionadas en la entrevista presencial.<\/p>\n<p><strong>Fecha l\u00edmite y correo de informaci\u00f3n<\/strong><\/p>\n<p>La fecha l\u00edmite para enviar el curr\u00edculum a las empresas es el d\u00eda 22 de marzo. Para cualquier duda se puede contactar en el tel\u00e9fono\u00a0977 172527 o en el correo <a href=\"http:\/\/promocio@mont-roig.cat.\">promocio@mont-roig.cat.<\/a><\/p>\n<p><strong>Empresas participantes y direcciones<\/strong><\/p>\n<p>La mayor parte de las plazas ofertadas por las empresas son del sector de la restauraci\u00f3n y el alojamiento tur\u00edstico. As\u00ed, encontramos 36 plazas vacantes de cocinero\/ay ayudante\/a de cocina, 33 camareros\/as, 8 recepcionistas, 8 camareros\/ras de pisos y\/o limpieza, 8 socorristas, 4 profesionales de mantenimiento de edificios tur\u00edsticos, 1 administrativo \/va y 2 animadores\/as de establecimientos tur\u00edsticos. En el cartel adjunto se encuentra la demanda espec\u00edfica de cada empresa para enviar el curr\u00edculum m\u00e1s adecuado a cada demanda y facilitar la selecci\u00f3n de personal.<\/p>\n<ul>\n<li><i><\/i><em><i>ASD GROUP:\u00a0<\/i><\/em><a href=\"mailto:osabate@casablanca-cristal.com\"><em><u><i>osabate@casablanca-cristal.com<\/i><\/u><\/em><\/a><\/li>\n<li><i><\/i><em><i>HOTEL MERIDI\u00c0 MAR:\u00a0<\/i><\/em><a href=\"mailto:jgenoves@4rhotels.com\"><em><u><i>jgenoves@4rhotels.com<\/i><\/u><\/em><\/a><\/li>\n<li><i><\/i><em><i>RENTALMAR:\u00a0<\/i><\/em><a href=\"mailto:roser.morlans@brisasol.com\"><em><u><i>morlans@brisasol.com<\/i><\/u><\/em><\/a><\/li>\n<li><i><\/i><em><i>ALTESPORT 2000:\u00a0<\/i><\/em><a href=\"mailto:trabajo@altesport.com\"><em><u><i>trabajo@altesport.com<\/i><\/u><\/em><\/a><\/li>\n<li><i><\/i><em><i>PIERRE &amp;VACANCES:\u00a0<\/i><\/em><a href=\"mailto:eva.ecija@groupepvcp.com\"><em><u><i>ecija@groupepvcp.com<\/i><\/u><\/em><\/a><\/li>\n<li><i><\/i><em><i>ED\u00c8N JARD\u00cd:\u00a0<\/i><\/em><a href=\"mailto:bsmerkin@edenjardin.com\"><em><u><i>bsmerkin@edenjardin.com<\/i><\/u><\/em><\/a><em><i>\/\u00a0<\/i><\/em><a href=\"mailto:info@edenjardi.com\"><em><i>info@edenjardi.com<\/i><\/em><\/a><\/li>\n<li><i><\/i><em><i>GRUPO LIMONERO:\u00a0<\/i><\/em><a href=\"mailto:grupolimonero@gmail.com\"><em><u><i>grupolimonero@gmail.com<\/i><\/u><\/em><\/a><\/li>\n<li><i><\/i><em><i>XIRINGUITO DEL PEP:\u00a0<\/i><\/em><a href=\"mailto:xiringuitotorn@gmail.com\"><em><u><i>xiringuitotorn@gmail.com<\/i><\/u><\/em><\/a><\/li>\n<li><i><\/i><em><i>HOTEL MEDPLAYA PINOALTO:\u00a0<\/i><\/em><a href=\"mailto:contabilidad@hotel-pinoalto.com\"><em><u><i>contabilidad@hotel-pinoalto.com<\/i><\/u><\/em><\/a><\/li>\n<li><i><\/i><em><i>RESTAURANT PLATS&amp;CO:\u00a0<\/i><\/em><a href=\"mailto:borrascarlos@hotmail.com\"><em><u><i>borrascarlos@hotmail.com<\/i><\/u><\/em><\/a><\/li>\n<li><i><\/i><em><i>PIZZERIA CALIU DI MARCO:\u00a0<\/i><\/em><a href=\"mailto:asuncaliu@gmail.com\"><em><u><i>asuncaliu@gmail.com<\/i><\/u><\/em><\/a><\/li>\n<\/ul>\n<p><em><i>\u00a0<\/i><\/em><\/p>\n<p>&nbsp;<\/p>\n<p>&nbsp;<\/p>\n<p>&nbsp;<\/p>\n","protected":false},"excerpt":{"rendered":"<p>De nuevo, las empresas har\u00e1n una preselecci\u00f3n de los candidatos\/as que se tendr\u00e1n que inscribir previamente antes de la entrevista presencial que tendr\u00e1 lugar el 24 de marzo en el Parque de los Olivos El pr\u00f3ximo 24 de marzo tendr\u00e1 lugar una nueva edici\u00f3n del Espai Entrevistes, una iniciativa del Ayuntamiento de Mont-roig del Camp [&hellip;]<\/p>\n","protected":false},"author":13,"featured_media":61293,"comment_status":"closed","ping_status":"closed","sticky":false,"template":"","format":"standard","meta":{"inline_featured_image":false,"_monsterinsights_skip_tracking":false,"_monsterinsights_sitenote_active":false,"_monsterinsights_sitenote_note":"","_monsterinsights_sitenote_category":0,"footnotes":""},"categories":[98,169],"tags":[],"class_list":["post-61297","post","type-post","status-publish","format-standard","has-post-thumbnail","hentry","category-ayuntamiento","category-impuls-economic-i-ocupacio-es"],"yoast_head":"<!-- This site is optimized with the Yoast SEO plugin v27.4 - https:\/\/yoast.com\/product\/yoast-seo-wordpress\/ -->\n<title>Vuelve el Espai Entrevistes con 11 empresas que ofrecen un centenar de vacantes - Ajuntament de Mont-roig del Camp<\/title>\n<meta name=\"robots\" content=\"index, follow, max-snippet:-1, max-image-preview:large, max-video-preview:-1\" \/>\n<link rel=\"canonical\" href=\"https:\/\/mont-roig.cat\/es\/actualitat\/noticies\/torna-lespai-entrevistes-amb-11-empreses-que-ofereixen-un-centenar-de-vacants\/\" \/>\n<meta property=\"og:locale\" content=\"es_ES\" \/>\n<meta property=\"og:type\" content=\"article\" \/>\n<meta property=\"og:title\" content=\"Vuelve el Espai Entrevistes con 11 empresas que ofrecen un centenar de vacantes - Ajuntament de Mont-roig del Camp\" \/>\n<meta property=\"og:description\" content=\"De nuevo, las empresas har\u00e1n una preselecci\u00f3n de los candidatos\/as que se tendr\u00e1n que inscribir previamente antes de la entrevista presencial que tendr\u00e1 lugar el 24 de marzo en el Parque de los Olivos El pr\u00f3ximo 24 de marzo tendr\u00e1 lugar una nueva edici\u00f3n del Espai Entrevistes, una iniciativa del Ayuntamiento de Mont-roig del Camp [&hellip;]\" \/>\n<meta property=\"og:url\" content=\"https:\/\/mont-roig.cat\/es\/actualitat\/noticies\/torna-lespai-entrevistes-amb-11-empreses-que-ofereixen-un-centenar-de-vacants\/\" \/>\n<meta property=\"og:site_name\" content=\"Ajuntament de Mont-roig del Camp\" \/>\n<meta property=\"article:published_time\" content=\"2022-03-13T21:12:41+00:00\" \/>\n<meta property=\"article:modified_time\" content=\"2022-03-13T21:21:05+00:00\" \/>\n<meta property=\"og:image\" content=\"https:\/\/mont-roig.cat\/wp-content\/uploads\/CartellEspaiEntrevistes2022_page-0001.jpg\" \/>\n\t<meta property=\"og:image:width\" content=\"1241\" \/>\n\t<meta property=\"og:image:height\" content=\"1755\" \/>\n\t<meta property=\"og:image:type\" content=\"image\/jpeg\" \/>\n<meta name=\"author\" content=\"comunicacio\" \/>\n<meta name=\"twitter:card\" content=\"summary_large_image\" \/>\n<meta name=\"twitter:label1\" content=\"Escrito por\" \/>\n\t<meta name=\"twitter:data1\" content=\"comunicacio\" \/>\n\t<meta name=\"twitter:label2\" content=\"Tiempo de lectura\" \/>\n\t<meta name=\"twitter:data2\" content=\"3 minutos\" \/>\n<script type=\"application\/ld+json\" class=\"yoast-schema-graph\">{\"@context\":\"https:\\\/\\\/schema.org\",\"@graph\":[{\"@type\":\"Article\",\"@id\":\"https:\\\/\\\/mont-roig.cat\\\/es\\\/actualitat\\\/noticies\\\/torna-lespai-entrevistes-amb-11-empreses-que-ofereixen-un-centenar-de-vacants\\\/#article\",\"isPartOf\":{\"@id\":\"https:\\\/\\\/mont-roig.cat\\\/es\\\/actualitat\\\/noticies\\\/torna-lespai-entrevistes-amb-11-empreses-que-ofereixen-un-centenar-de-vacants\\\/\"},\"author\":{\"name\":\"comunicacio\",\"@id\":\"https:\\\/\\\/mont-roig.cat\\\/es\\\/#\\\/schema\\\/person\\\/1f73e7b5e6f9dd122e8a6f14f310ac5e\"},\"headline\":\"Vuelve el Espai Entrevistes con 11 empresas que ofrecen un centenar de vacantes\",\"datePublished\":\"2022-03-13T21:12:41+00:00\",\"dateModified\":\"2022-03-13T21:21:05+00:00\",\"mainEntityOfPage\":{\"@id\":\"https:\\\/\\\/mont-roig.cat\\\/es\\\/actualitat\\\/noticies\\\/torna-lespai-entrevistes-amb-11-empreses-que-ofereixen-un-centenar-de-vacants\\\/\"},\"wordCount\":406,\"image\":{\"@id\":\"https:\\\/\\\/mont-roig.cat\\\/es\\\/actualitat\\\/noticies\\\/torna-lespai-entrevistes-amb-11-empreses-que-ofereixen-un-centenar-de-vacants\\\/#primaryimage\"},\"thumbnailUrl\":\"https:\\\/\\\/mont-roig.cat\\\/wp-content\\\/uploads\\\/CartellEspaiEntrevistes2022_page-0001.jpg\",\"articleSection\":[\"Ayuntamiento\",\"Impuls Econ\u00f2mic i Ocupaci\u00f3\"],\"inLanguage\":\"es\"},{\"@type\":\"WebPage\",\"@id\":\"https:\\\/\\\/mont-roig.cat\\\/es\\\/actualitat\\\/noticies\\\/torna-lespai-entrevistes-amb-11-empreses-que-ofereixen-un-centenar-de-vacants\\\/\",\"url\":\"https:\\\/\\\/mont-roig.cat\\\/es\\\/actualitat\\\/noticies\\\/torna-lespai-entrevistes-amb-11-empreses-que-ofereixen-un-centenar-de-vacants\\\/\",\"name\":\"Vuelve el Espai Entrevistes con 11 empresas que ofrecen un centenar de vacantes - Ajuntament de Mont-roig del Camp\",\"isPartOf\":{\"@id\":\"https:\\\/\\\/mont-roig.cat\\\/es\\\/#website\"},\"primaryImageOfPage\":{\"@id\":\"https:\\\/\\\/mont-roig.cat\\\/es\\\/actualitat\\\/noticies\\\/torna-lespai-entrevistes-amb-11-empreses-que-ofereixen-un-centenar-de-vacants\\\/#primaryimage\"},\"image\":{\"@id\":\"https:\\\/\\\/mont-roig.cat\\\/es\\\/actualitat\\\/noticies\\\/torna-lespai-entrevistes-amb-11-empreses-que-ofereixen-un-centenar-de-vacants\\\/#primaryimage\"},\"thumbnailUrl\":\"https:\\\/\\\/mont-roig.cat\\\/wp-content\\\/uploads\\\/CartellEspaiEntrevistes2022_page-0001.jpg\",\"datePublished\":\"2022-03-13T21:12:41+00:00\",\"dateModified\":\"2022-03-13T21:21:05+00:00\",\"author\":{\"@id\":\"https:\\\/\\\/mont-roig.cat\\\/es\\\/#\\\/schema\\\/person\\\/1f73e7b5e6f9dd122e8a6f14f310ac5e\"},\"breadcrumb\":{\"@id\":\"https:\\\/\\\/mont-roig.cat\\\/es\\\/actualitat\\\/noticies\\\/torna-lespai-entrevistes-amb-11-empreses-que-ofereixen-un-centenar-de-vacants\\\/#breadcrumb\"},\"inLanguage\":\"es\",\"potentialAction\":[{\"@type\":\"ReadAction\",\"target\":[\"https:\\\/\\\/mont-roig.cat\\\/es\\\/actualitat\\\/noticies\\\/torna-lespai-entrevistes-amb-11-empreses-que-ofereixen-un-centenar-de-vacants\\\/\"]}]},{\"@type\":\"ImageObject\",\"inLanguage\":\"es\",\"@id\":\"https:\\\/\\\/mont-roig.cat\\\/es\\\/actualitat\\\/noticies\\\/torna-lespai-entrevistes-amb-11-empreses-que-ofereixen-un-centenar-de-vacants\\\/#primaryimage\",\"url\":\"https:\\\/\\\/mont-roig.cat\\\/wp-content\\\/uploads\\\/CartellEspaiEntrevistes2022_page-0001.jpg\",\"contentUrl\":\"https:\\\/\\\/mont-roig.cat\\\/wp-content\\\/uploads\\\/CartellEspaiEntrevistes2022_page-0001.jpg\",\"width\":1241,\"height\":1755},{\"@type\":\"BreadcrumbList\",\"@id\":\"https:\\\/\\\/mont-roig.cat\\\/es\\\/actualitat\\\/noticies\\\/torna-lespai-entrevistes-amb-11-empreses-que-ofereixen-un-centenar-de-vacants\\\/#breadcrumb\",\"itemListElement\":[{\"@type\":\"ListItem\",\"position\":1,\"name\":\"Inici\",\"item\":\"https:\\\/\\\/mont-roig.cat\\\/es\\\/pagina-de-inicio\\\/\"},{\"@type\":\"ListItem\",\"position\":2,\"name\":\"Vuelve el Espai Entrevistes con 11 empresas que ofrecen un centenar de vacantes\"}]},{\"@type\":\"WebSite\",\"@id\":\"https:\\\/\\\/mont-roig.cat\\\/es\\\/#website\",\"url\":\"https:\\\/\\\/mont-roig.cat\\\/es\\\/\",\"name\":\"Ajuntament de Mont-roig del Camp\",\"description\":\"Tota la informaci\u00f3 sobre la instituci\u00f3, els seus \u00f2rgans de govern, actualitat, serveis i molt m\u00e9s.\",\"potentialAction\":[{\"@type\":\"SearchAction\",\"target\":{\"@type\":\"EntryPoint\",\"urlTemplate\":\"https:\\\/\\\/mont-roig.cat\\\/es\\\/?s={search_term_string}\"},\"query-input\":{\"@type\":\"PropertyValueSpecification\",\"valueRequired\":true,\"valueName\":\"search_term_string\"}}],\"inLanguage\":\"es\"},{\"@type\":\"Person\",\"@id\":\"https:\\\/\\\/mont-roig.cat\\\/es\\\/#\\\/schema\\\/person\\\/1f73e7b5e6f9dd122e8a6f14f310ac5e\",\"name\":\"comunicacio\",\"image\":{\"@type\":\"ImageObject\",\"inLanguage\":\"es\",\"@id\":\"https:\\\/\\\/secure.gravatar.com\\\/avatar\\\/98944333e7a877670a64f8d10f0cb680ab2c9ebc4efc43945ef004b52b5ad28c?s=96&d=mm&r=g\",\"url\":\"https:\\\/\\\/secure.gravatar.com\\\/avatar\\\/98944333e7a877670a64f8d10f0cb680ab2c9ebc4efc43945ef004b52b5ad28c?s=96&d=mm&r=g\",\"contentUrl\":\"https:\\\/\\\/secure.gravatar.com\\\/avatar\\\/98944333e7a877670a64f8d10f0cb680ab2c9ebc4efc43945ef004b52b5ad28c?s=96&d=mm&r=g\",\"caption\":\"comunicacio\"},\"url\":\"https:\\\/\\\/mont-roig.cat\\\/es\\\/actualitat\\\/noticies\\\/author\\\/comunicacio\\\/\"}]}<\/script>\n<!-- \/ Yoast SEO plugin. -->","yoast_head_json":{"title":"Vuelve el Espai Entrevistes con 11 empresas que ofrecen un centenar de vacantes - Ajuntament de Mont-roig del Camp","robots":{"index":"index","follow":"follow","max-snippet":"max-snippet:-1","max-image-preview":"max-image-preview:large","max-video-preview":"max-video-preview:-1"},"canonical":"https:\/\/mont-roig.cat\/es\/actualitat\/noticies\/torna-lespai-entrevistes-amb-11-empreses-que-ofereixen-un-centenar-de-vacants\/","og_locale":"es_ES","og_type":"article","og_title":"Vuelve el Espai Entrevistes con 11 empresas que ofrecen un centenar de vacantes - Ajuntament de Mont-roig del Camp","og_description":"De nuevo, las empresas har\u00e1n una preselecci\u00f3n de los candidatos\/as que se tendr\u00e1n que inscribir previamente antes de la entrevista presencial que tendr\u00e1 lugar el 24 de marzo en el Parque de los Olivos El pr\u00f3ximo 24 de marzo tendr\u00e1 lugar una nueva edici\u00f3n del Espai Entrevistes, una iniciativa del Ayuntamiento de Mont-roig del Camp [&hellip;]","og_url":"https:\/\/mont-roig.cat\/es\/actualitat\/noticies\/torna-lespai-entrevistes-amb-11-empreses-que-ofereixen-un-centenar-de-vacants\/","og_site_name":"Ajuntament de Mont-roig del Camp","article_published_time":"2022-03-13T21:12:41+00:00","article_modified_time":"2022-03-13T21:21:05+00:00","og_image":[{"width":1241,"height":1755,"url":"https:\/\/mont-roig.cat\/wp-content\/uploads\/CartellEspaiEntrevistes2022_page-0001.jpg","type":"image\/jpeg"}],"author":"comunicacio","twitter_card":"summary_large_image","twitter_misc":{"Escrito por":"comunicacio","Tiempo de lectura":"3 minutos"},"schema":{"@context":"https:\/\/schema.org","@graph":[{"@type":"Article","@id":"https:\/\/mont-roig.cat\/es\/actualitat\/noticies\/torna-lespai-entrevistes-amb-11-empreses-que-ofereixen-un-centenar-de-vacants\/#article","isPartOf":{"@id":"https:\/\/mont-roig.cat\/es\/actualitat\/noticies\/torna-lespai-entrevistes-amb-11-empreses-que-ofereixen-un-centenar-de-vacants\/"},"author":{"name":"comunicacio","@id":"https:\/\/mont-roig.cat\/es\/#\/schema\/person\/1f73e7b5e6f9dd122e8a6f14f310ac5e"},"headline":"Vuelve el Espai Entrevistes con 11 empresas que ofrecen un centenar de vacantes","datePublished":"2022-03-13T21:12:41+00:00","dateModified":"2022-03-13T21:21:05+00:00","mainEntityOfPage":{"@id":"https:\/\/mont-roig.cat\/es\/actualitat\/noticies\/torna-lespai-entrevistes-amb-11-empreses-que-ofereixen-un-centenar-de-vacants\/"},"wordCount":406,"image":{"@id":"https:\/\/mont-roig.cat\/es\/actualitat\/noticies\/torna-lespai-entrevistes-amb-11-empreses-que-ofereixen-un-centenar-de-vacants\/#primaryimage"},"thumbnailUrl":"https:\/\/mont-roig.cat\/wp-content\/uploads\/CartellEspaiEntrevistes2022_page-0001.jpg","articleSection":["Ayuntamiento","Impuls Econ\u00f2mic i Ocupaci\u00f3"],"inLanguage":"es"},{"@type":"WebPage","@id":"https:\/\/mont-roig.cat\/es\/actualitat\/noticies\/torna-lespai-entrevistes-amb-11-empreses-que-ofereixen-un-centenar-de-vacants\/","url":"https:\/\/mont-roig.cat\/es\/actualitat\/noticies\/torna-lespai-entrevistes-amb-11-empreses-que-ofereixen-un-centenar-de-vacants\/","name":"Vuelve el Espai Entrevistes con 11 empresas que ofrecen un centenar de vacantes - Ajuntament de Mont-roig del Camp","isPartOf":{"@id":"https:\/\/mont-roig.cat\/es\/#website"},"primaryImageOfPage":{"@id":"https:\/\/mont-roig.cat\/es\/actualitat\/noticies\/torna-lespai-entrevistes-amb-11-empreses-que-ofereixen-un-centenar-de-vacants\/#primaryimage"},"image":{"@id":"https:\/\/mont-roig.cat\/es\/actualitat\/noticies\/torna-lespai-entrevistes-amb-11-empreses-que-ofereixen-un-centenar-de-vacants\/#primaryimage"},"thumbnailUrl":"https:\/\/mont-roig.cat\/wp-content\/uploads\/CartellEspaiEntrevistes2022_page-0001.jpg","datePublished":"2022-03-13T21:12:41+00:00","dateModified":"2022-03-13T21:21:05+00:00","author":{"@id":"https:\/\/mont-roig.cat\/es\/#\/schema\/person\/1f73e7b5e6f9dd122e8a6f14f310ac5e"},"breadcrumb":{"@id":"https:\/\/mont-roig.cat\/es\/actualitat\/noticies\/torna-lespai-entrevistes-amb-11-empreses-que-ofereixen-un-centenar-de-vacants\/#breadcrumb"},"inLanguage":"es","potentialAction":[{"@type":"ReadAction","target":["https:\/\/mont-roig.cat\/es\/actualitat\/noticies\/torna-lespai-entrevistes-amb-11-empreses-que-ofereixen-un-centenar-de-vacants\/"]}]},{"@type":"ImageObject","inLanguage":"es","@id":"https:\/\/mont-roig.cat\/es\/actualitat\/noticies\/torna-lespai-entrevistes-amb-11-empreses-que-ofereixen-un-centenar-de-vacants\/#primaryimage","url":"https:\/\/mont-roig.cat\/wp-content\/uploads\/CartellEspaiEntrevistes2022_page-0001.jpg","contentUrl":"https:\/\/mont-roig.cat\/wp-content\/uploads\/CartellEspaiEntrevistes2022_page-0001.jpg","width":1241,"height":1755},{"@type":"BreadcrumbList","@id":"https:\/\/mont-roig.cat\/es\/actualitat\/noticies\/torna-lespai-entrevistes-amb-11-empreses-que-ofereixen-un-centenar-de-vacants\/#breadcrumb","itemListElement":[{"@type":"ListItem","position":1,"name":"Inici","item":"https:\/\/mont-roig.cat\/es\/pagina-de-inicio\/"},{"@type":"ListItem","position":2,"name":"Vuelve el Espai Entrevistes con 11 empresas que ofrecen un centenar de vacantes"}]},{"@type":"WebSite","@id":"https:\/\/mont-roig.cat\/es\/#website","url":"https:\/\/mont-roig.cat\/es\/","name":"Ajuntament de Mont-roig del Camp","description":"Tota la informaci\u00f3 sobre la instituci\u00f3, els seus \u00f2rgans de govern, actualitat, serveis i molt m\u00e9s.","potentialAction":[{"@type":"SearchAction","target":{"@type":"EntryPoint","urlTemplate":"https:\/\/mont-roig.cat\/es\/?s={search_term_string}"},"query-input":{"@type":"PropertyValueSpecification","valueRequired":true,"valueName":"search_term_string"}}],"inLanguage":"es"},{"@type":"Person","@id":"https:\/\/mont-roig.cat\/es\/#\/schema\/person\/1f73e7b5e6f9dd122e8a6f14f310ac5e","name":"comunicacio","image":{"@type":"ImageObject","inLanguage":"es","@id":"https:\/\/secure.gravatar.com\/avatar\/98944333e7a877670a64f8d10f0cb680ab2c9ebc4efc43945ef004b52b5ad28c?s=96&d=mm&r=g","url":"https:\/\/secure.gravatar.com\/avatar\/98944333e7a877670a64f8d10f0cb680ab2c9ebc4efc43945ef004b52b5ad28c?s=96&d=mm&r=g","contentUrl":"https:\/\/secure.gravatar.com\/avatar\/98944333e7a877670a64f8d10f0cb680ab2c9ebc4efc43945ef004b52b5ad28c?s=96&d=mm&r=g","caption":"comunicacio"},"url":"https:\/\/mont-roig.cat\/es\/actualitat\/noticies\/author\/comunicacio\/"}]}},"_links":{"self":[{"href":"https:\/\/mont-roig.cat\/es\/wp-json\/wp\/v2\/posts\/61297","targetHints":{"allow":["GET"]}}],"collection":[{"href":"https:\/\/mont-roig.cat\/es\/wp-json\/wp\/v2\/posts"}],"about":[{"href":"https:\/\/mont-roig.cat\/es\/wp-json\/wp\/v2\/types\/post"}],"author":[{"embeddable":true,"href":"https:\/\/mont-roig.cat\/es\/wp-json\/wp\/v2\/users\/13"}],"replies":[{"embeddable":true,"href":"https:\/\/mont-roig.cat\/es\/wp-json\/wp\/v2\/comments?post=61297"}],"version-history":[{"count":2,"href":"https:\/\/mont-roig.cat\/es\/wp-json\/wp\/v2\/posts\/61297\/revisions"}],"predecessor-version":[{"id":61299,"href":"https:\/\/mont-roig.cat\/es\/wp-json\/wp\/v2\/posts\/61297\/revisions\/61299"}],"wp:featuredmedia":[{"embeddable":true,"href":"https:\/\/mont-roig.cat\/es\/wp-json\/wp\/v2\/media\/61293"}],"wp:attachment":[{"href":"https:\/\/mont-roig.cat\/es\/wp-json\/wp\/v2\/media?parent=61297"}],"wp:term":[{"taxonomy":"category","embeddable":true,"href":"https:\/\/mont-roig.cat\/es\/wp-json\/wp\/v2\/categories?post=61297"},{"taxonomy":"post_tag","embeddable":true,"href":"https:\/\/mont-roig.cat\/es\/wp-json\/wp\/v2\/tags?post=61297"}],"curies":[{"name":"wp","href":"https:\/\/api.w.org\/{rel}","templated":true}]}}