{"id":61453,"date":"2022-03-23T17:43:17","date_gmt":"2022-03-23T16:43:17","guid":{"rendered":"https:\/\/mont-roig.cat\/actualitat\/noticies\/lajuntament-de-mont-roig-del-camp-licita-la-venda-de-15-solars-municipals\/"},"modified":"2022-03-24T13:11:50","modified_gmt":"2022-03-24T12:11:50","slug":"el-ayuntamiento-de-mont-roig-del-camp-licita-la-venta-de-15-solares-municipales","status":"publish","type":"post","link":"https:\/\/mont-roig.cat\/es\/actualitat\/noticies\/el-ayuntamiento-de-mont-roig-del-camp-licita-la-venta-de-15-solares-municipales\/","title":{"rendered":"El Ayuntamiento de Mont-roig del Camp licita la venta de 15 solares municipales"},"content":{"rendered":"<p><a href=\"https:\/\/mont-roig.cat\/wp-content\/uploads\/solars2-scaled.jpg\"><img loading=\"lazy\" decoding=\"async\" class=\"alignright wp-image-61447\" src=\"https:\/\/mont-roig.cat\/wp-content\/uploads\/solars2-500x187.jpg\" alt=\"\" width=\"334\" height=\"125\" srcset=\"https:\/\/mont-roig.cat\/wp-content\/uploads\/solars2-500x187.jpg 500w, https:\/\/mont-roig.cat\/wp-content\/uploads\/solars2-1024x383.jpg 1024w, https:\/\/mont-roig.cat\/wp-content\/uploads\/solars2-768x287.jpg 768w, https:\/\/mont-roig.cat\/wp-content\/uploads\/solars2-1536x574.jpg 1536w, https:\/\/mont-roig.cat\/wp-content\/uploads\/solars2-scaled.jpg 2048w\" sizes=\"auto, (max-width: 334px) 100vw, 334px\" \/><\/a><\/p>\n<ul>\n<li><strong>El plazo para presentar ofertas es del 23 de marzo al 12 de abril de 2022<\/strong><\/li>\n<li><strong>Con la venta de estos terrenos se pretende financiar diversas inversiones importantes como la mejora de las urbanizaciones o los parques y jardines y las zonas verdes, entre otros<\/strong><\/li>\n<\/ul>\n<p>El Ayuntamiento de Mont-roig del Camp ha abierto un concurso p\u00fablico para vender 15 solares de su propiedad que tienen usos residenciales e industriales. En precio de salida en su conjunto es de 2.054.296,56\u20ac IVA incluido (21,00%).<\/p>\n<p>El plazo para presentar las ofertas, que deben ser obligatoriamente por cada solar de forma individual, comienza hoy 23 de marzo, fecha en la que se ha publicado la licitaci\u00f3n, y finalizar\u00e1 el 12 de abril a las 14h. Las ofertas deben presentarse siempre al alza y por este motivo no se admitir\u00e1 una oferta por un importe menor de la valoraci\u00f3n de cada parcela, tal y como indica el procedimiento legalmente establecido de alineaci\u00f3n de fincas del patrimonio municipal , que est\u00e1 regulado por la normativa patrimonial de las administraciones locales catalanas.<\/p>\n<p><strong>Precios de mercado<\/strong><br \/>\nAlgunas de estas parcelas ya hab\u00edan salido a la venta en 2018, cuando se puso en marcha tambi\u00e9n un concurso p\u00fablico de caracter\u00edsticas similares, aunque en aquella ocasi\u00f3n quedaron desiertas. Ahora, buscando la oportunidad del momento, y teniendo en cuenta que la actividad inmobiliaria ha experimentado un aceler\u00f3n con la pandemia, el consistorio vuelve a ponerlas a la venta a precios competitivos de mercado.<\/p>\n<p>El consistorio tiene previsto realizar en los pr\u00f3ximos meses diversas inversiones que est\u00e1n supeditadas a la recaudaci\u00f3n que pueda realizar con la venta de los solares en el concurso p\u00fablico que se pone en marcha. En concreto, se prev\u00e9n financiar otras inversiones importantes para el municipio como la mejora de las urbanizaciones, las zonas verdes, parques y jardines o el Ecoespai, entre otros.<\/p>\n<p><strong>Las parcelas<\/strong><\/p>\n<p>Los solares que se ponen a la venta proceden del patrimonio municipal que se ha ido ampliando en los \u00faltimos a\u00f1os a partir de cesiones en el desarrollo urban\u00edstico de diversas zonas del municipio.<\/p>\n<p>De las 15 parcelas que se ponen a la venta, la mayor parte de \u00e9stas son de uso residencial y est\u00e1n ubicadas en la zona del Club de golf Bonmont, excepto una que est\u00e1 ubicada en Les Pobles. Tambi\u00e9n hay una parcela industrial en el Pol\u00edgono Industrial Les Sorts de Mont-roig.<\/p>\n<p>En el concurso se puede presentar cualquier persona, sea natural o jur\u00eddica. El criterio \u00fanico que se utilizar\u00e1 es la mejor oferta econ\u00f3mica, que valdr\u00e1 un m\u00e1ximo de 100 puntos.<\/p>\n<p>La informaci\u00f3n completa de los solares, sus usos y el precio de salida se encuentra recogida en el apartado web <a href=\"https:\/\/mont-roig.cat\/es\/venta-solares\/\" target=\"_blank\" rel=\"noopener\">mont-roig.cat\/venta-solars<\/a> que se ha creado espec\u00edficamente en el portal municipal.<\/p>\n<p>&nbsp;<\/p>\n<p>&nbsp;<\/p>\n<p>&nbsp;<\/p>\n<p>&nbsp;<\/p>\n","protected":false},"excerpt":{"rendered":"<p>El plazo para presentar ofertas es del 23 de marzo al 12 de abril de 2022 Con la venta de estos terrenos se pretende financiar diversas inversiones importantes como la mejora de las urbanizaciones o los parques y jardines y las zonas verdes, entre otros El Ayuntamiento de Mont-roig del Camp ha abierto un concurso [&hellip;]<\/p>\n","protected":false},"author":13,"featured_media":61448,"comment_status":"closed","ping_status":"closed","sticky":false,"template":"","format":"standard","meta":{"inline_featured_image":false,"_monsterinsights_skip_tracking":false,"_monsterinsights_sitenote_active":false,"_monsterinsights_sitenote_note":"","_monsterinsights_sitenote_category":0,"footnotes":""},"categories":[98],"tags":[],"class_list":["post-61453","post","type-post","status-publish","format-standard","has-post-thumbnail","hentry","category-ayuntamiento"],"yoast_head":"<!-- This site is optimized with the Yoast SEO plugin v27.4 - https:\/\/yoast.com\/product\/yoast-seo-wordpress\/ -->\n<title>El Ayuntamiento de Mont-roig del Camp licita la venta de 15 solares municipales - Ajuntament de Mont-roig del Camp<\/title>\n<meta name=\"robots\" content=\"index, follow, max-snippet:-1, max-image-preview:large, max-video-preview:-1\" \/>\n<link rel=\"canonical\" href=\"https:\/\/mont-roig.cat\/es\/actualitat\/noticies\/el-ayuntamiento-de-mont-roig-del-camp-licita-la-venta-de-15-solares-municipales\/\" \/>\n<meta property=\"og:locale\" content=\"es_ES\" \/>\n<meta property=\"og:type\" content=\"article\" \/>\n<meta property=\"og:title\" content=\"El Ayuntamiento de Mont-roig del Camp licita la venta de 15 solares municipales - Ajuntament de Mont-roig del Camp\" \/>\n<meta property=\"og:description\" content=\"El plazo para presentar ofertas es del 23 de marzo al 12 de abril de 2022 Con la venta de estos terrenos se pretende financiar diversas inversiones importantes como la mejora de las urbanizaciones o los parques y jardines y las zonas verdes, entre otros El Ayuntamiento de Mont-roig del Camp ha abierto un concurso [&hellip;]\" \/>\n<meta property=\"og:url\" content=\"https:\/\/mont-roig.cat\/es\/actualitat\/noticies\/el-ayuntamiento-de-mont-roig-del-camp-licita-la-venta-de-15-solares-municipales\/\" \/>\n<meta property=\"og:site_name\" content=\"Ajuntament de Mont-roig del Camp\" \/>\n<meta property=\"article:published_time\" content=\"2022-03-23T16:43:17+00:00\" \/>\n<meta property=\"article:modified_time\" content=\"2022-03-24T12:11:50+00:00\" \/>\n<meta property=\"og:image\" content=\"https:\/\/mont-roig.cat\/wp-content\/uploads\/solars2.jpg\" \/>\n\t<meta property=\"og:image:width\" content=\"2048\" \/>\n\t<meta property=\"og:image:height\" content=\"766\" \/>\n\t<meta property=\"og:image:type\" content=\"image\/jpeg\" \/>\n<meta name=\"author\" content=\"comunicacio\" \/>\n<meta name=\"twitter:card\" content=\"summary_large_image\" \/>\n<meta name=\"twitter:label1\" content=\"Escrito por\" \/>\n\t<meta name=\"twitter:data1\" content=\"comunicacio\" \/>\n\t<meta name=\"twitter:label2\" content=\"Tiempo de lectura\" \/>\n\t<meta name=\"twitter:data2\" content=\"3 minutos\" \/>\n<script type=\"application\/ld+json\" class=\"yoast-schema-graph\">{\"@context\":\"https:\\\/\\\/schema.org\",\"@graph\":[{\"@type\":\"Article\",\"@id\":\"https:\\\/\\\/mont-roig.cat\\\/es\\\/actualitat\\\/noticies\\\/el-ayuntamiento-de-mont-roig-del-camp-licita-la-venta-de-15-solares-municipales\\\/#article\",\"isPartOf\":{\"@id\":\"https:\\\/\\\/mont-roig.cat\\\/es\\\/actualitat\\\/noticies\\\/el-ayuntamiento-de-mont-roig-del-camp-licita-la-venta-de-15-solares-municipales\\\/\"},\"author\":{\"name\":\"comunicacio\",\"@id\":\"https:\\\/\\\/mont-roig.cat\\\/es\\\/#\\\/schema\\\/person\\\/1f73e7b5e6f9dd122e8a6f14f310ac5e\"},\"headline\":\"El Ayuntamiento de Mont-roig del Camp licita la venta de 15 solares municipales\",\"datePublished\":\"2022-03-23T16:43:17+00:00\",\"dateModified\":\"2022-03-24T12:11:50+00:00\",\"mainEntityOfPage\":{\"@id\":\"https:\\\/\\\/mont-roig.cat\\\/es\\\/actualitat\\\/noticies\\\/el-ayuntamiento-de-mont-roig-del-camp-licita-la-venta-de-15-solares-municipales\\\/\"},\"wordCount\":483,\"image\":{\"@id\":\"https:\\\/\\\/mont-roig.cat\\\/es\\\/actualitat\\\/noticies\\\/el-ayuntamiento-de-mont-roig-del-camp-licita-la-venta-de-15-solares-municipales\\\/#primaryimage\"},\"thumbnailUrl\":\"https:\\\/\\\/mont-roig.cat\\\/wp-content\\\/uploads\\\/solars2.jpg\",\"articleSection\":[\"Ayuntamiento\"],\"inLanguage\":\"es\"},{\"@type\":\"WebPage\",\"@id\":\"https:\\\/\\\/mont-roig.cat\\\/es\\\/actualitat\\\/noticies\\\/el-ayuntamiento-de-mont-roig-del-camp-licita-la-venta-de-15-solares-municipales\\\/\",\"url\":\"https:\\\/\\\/mont-roig.cat\\\/es\\\/actualitat\\\/noticies\\\/el-ayuntamiento-de-mont-roig-del-camp-licita-la-venta-de-15-solares-municipales\\\/\",\"name\":\"El Ayuntamiento de Mont-roig del Camp licita la venta de 15 solares municipales - Ajuntament de Mont-roig del Camp\",\"isPartOf\":{\"@id\":\"https:\\\/\\\/mont-roig.cat\\\/es\\\/#website\"},\"primaryImageOfPage\":{\"@id\":\"https:\\\/\\\/mont-roig.cat\\\/es\\\/actualitat\\\/noticies\\\/el-ayuntamiento-de-mont-roig-del-camp-licita-la-venta-de-15-solares-municipales\\\/#primaryimage\"},\"image\":{\"@id\":\"https:\\\/\\\/mont-roig.cat\\\/es\\\/actualitat\\\/noticies\\\/el-ayuntamiento-de-mont-roig-del-camp-licita-la-venta-de-15-solares-municipales\\\/#primaryimage\"},\"thumbnailUrl\":\"https:\\\/\\\/mont-roig.cat\\\/wp-content\\\/uploads\\\/solars2.jpg\",\"datePublished\":\"2022-03-23T16:43:17+00:00\",\"dateModified\":\"2022-03-24T12:11:50+00:00\",\"author\":{\"@id\":\"https:\\\/\\\/mont-roig.cat\\\/es\\\/#\\\/schema\\\/person\\\/1f73e7b5e6f9dd122e8a6f14f310ac5e\"},\"breadcrumb\":{\"@id\":\"https:\\\/\\\/mont-roig.cat\\\/es\\\/actualitat\\\/noticies\\\/el-ayuntamiento-de-mont-roig-del-camp-licita-la-venta-de-15-solares-municipales\\\/#breadcrumb\"},\"inLanguage\":\"es\",\"potentialAction\":[{\"@type\":\"ReadAction\",\"target\":[\"https:\\\/\\\/mont-roig.cat\\\/es\\\/actualitat\\\/noticies\\\/el-ayuntamiento-de-mont-roig-del-camp-licita-la-venta-de-15-solares-municipales\\\/\"]}]},{\"@type\":\"ImageObject\",\"inLanguage\":\"es\",\"@id\":\"https:\\\/\\\/mont-roig.cat\\\/es\\\/actualitat\\\/noticies\\\/el-ayuntamiento-de-mont-roig-del-camp-licita-la-venta-de-15-solares-municipales\\\/#primaryimage\",\"url\":\"https:\\\/\\\/mont-roig.cat\\\/wp-content\\\/uploads\\\/solars2.jpg\",\"contentUrl\":\"https:\\\/\\\/mont-roig.cat\\\/wp-content\\\/uploads\\\/solars2.jpg\",\"width\":2048,\"height\":766},{\"@type\":\"BreadcrumbList\",\"@id\":\"https:\\\/\\\/mont-roig.cat\\\/es\\\/actualitat\\\/noticies\\\/el-ayuntamiento-de-mont-roig-del-camp-licita-la-venta-de-15-solares-municipales\\\/#breadcrumb\",\"itemListElement\":[{\"@type\":\"ListItem\",\"position\":1,\"name\":\"Inici\",\"item\":\"https:\\\/\\\/mont-roig.cat\\\/es\\\/pagina-de-inicio\\\/\"},{\"@type\":\"ListItem\",\"position\":2,\"name\":\"El Ayuntamiento de Mont-roig del Camp licita la venta de 15 solares municipales\"}]},{\"@type\":\"WebSite\",\"@id\":\"https:\\\/\\\/mont-roig.cat\\\/es\\\/#website\",\"url\":\"https:\\\/\\\/mont-roig.cat\\\/es\\\/\",\"name\":\"Ajuntament de Mont-roig del Camp\",\"description\":\"Tota la informaci\u00f3 sobre la instituci\u00f3, els seus \u00f2rgans de govern, actualitat, serveis i molt m\u00e9s.\",\"potentialAction\":[{\"@type\":\"SearchAction\",\"target\":{\"@type\":\"EntryPoint\",\"urlTemplate\":\"https:\\\/\\\/mont-roig.cat\\\/es\\\/?s={search_term_string}\"},\"query-input\":{\"@type\":\"PropertyValueSpecification\",\"valueRequired\":true,\"valueName\":\"search_term_string\"}}],\"inLanguage\":\"es\"},{\"@type\":\"Person\",\"@id\":\"https:\\\/\\\/mont-roig.cat\\\/es\\\/#\\\/schema\\\/person\\\/1f73e7b5e6f9dd122e8a6f14f310ac5e\",\"name\":\"comunicacio\",\"image\":{\"@type\":\"ImageObject\",\"inLanguage\":\"es\",\"@id\":\"https:\\\/\\\/secure.gravatar.com\\\/avatar\\\/98944333e7a877670a64f8d10f0cb680ab2c9ebc4efc43945ef004b52b5ad28c?s=96&d=mm&r=g\",\"url\":\"https:\\\/\\\/secure.gravatar.com\\\/avatar\\\/98944333e7a877670a64f8d10f0cb680ab2c9ebc4efc43945ef004b52b5ad28c?s=96&d=mm&r=g\",\"contentUrl\":\"https:\\\/\\\/secure.gravatar.com\\\/avatar\\\/98944333e7a877670a64f8d10f0cb680ab2c9ebc4efc43945ef004b52b5ad28c?s=96&d=mm&r=g\",\"caption\":\"comunicacio\"},\"url\":\"https:\\\/\\\/mont-roig.cat\\\/es\\\/actualitat\\\/noticies\\\/author\\\/comunicacio\\\/\"}]}<\/script>\n<!-- \/ Yoast SEO plugin. -->","yoast_head_json":{"title":"El Ayuntamiento de Mont-roig del Camp licita la venta de 15 solares municipales - Ajuntament de Mont-roig del Camp","robots":{"index":"index","follow":"follow","max-snippet":"max-snippet:-1","max-image-preview":"max-image-preview:large","max-video-preview":"max-video-preview:-1"},"canonical":"https:\/\/mont-roig.cat\/es\/actualitat\/noticies\/el-ayuntamiento-de-mont-roig-del-camp-licita-la-venta-de-15-solares-municipales\/","og_locale":"es_ES","og_type":"article","og_title":"El Ayuntamiento de Mont-roig del Camp licita la venta de 15 solares municipales - Ajuntament de Mont-roig del Camp","og_description":"El plazo para presentar ofertas es del 23 de marzo al 12 de abril de 2022 Con la venta de estos terrenos se pretende financiar diversas inversiones importantes como la mejora de las urbanizaciones o los parques y jardines y las zonas verdes, entre otros El Ayuntamiento de Mont-roig del Camp ha abierto un concurso [&hellip;]","og_url":"https:\/\/mont-roig.cat\/es\/actualitat\/noticies\/el-ayuntamiento-de-mont-roig-del-camp-licita-la-venta-de-15-solares-municipales\/","og_site_name":"Ajuntament de Mont-roig del Camp","article_published_time":"2022-03-23T16:43:17+00:00","article_modified_time":"2022-03-24T12:11:50+00:00","og_image":[{"width":2048,"height":766,"url":"https:\/\/mont-roig.cat\/wp-content\/uploads\/solars2.jpg","type":"image\/jpeg"}],"author":"comunicacio","twitter_card":"summary_large_image","twitter_misc":{"Escrito por":"comunicacio","Tiempo de lectura":"3 minutos"},"schema":{"@context":"https:\/\/schema.org","@graph":[{"@type":"Article","@id":"https:\/\/mont-roig.cat\/es\/actualitat\/noticies\/el-ayuntamiento-de-mont-roig-del-camp-licita-la-venta-de-15-solares-municipales\/#article","isPartOf":{"@id":"https:\/\/mont-roig.cat\/es\/actualitat\/noticies\/el-ayuntamiento-de-mont-roig-del-camp-licita-la-venta-de-15-solares-municipales\/"},"author":{"name":"comunicacio","@id":"https:\/\/mont-roig.cat\/es\/#\/schema\/person\/1f73e7b5e6f9dd122e8a6f14f310ac5e"},"headline":"El Ayuntamiento de Mont-roig del Camp licita la venta de 15 solares municipales","datePublished":"2022-03-23T16:43:17+00:00","dateModified":"2022-03-24T12:11:50+00:00","mainEntityOfPage":{"@id":"https:\/\/mont-roig.cat\/es\/actualitat\/noticies\/el-ayuntamiento-de-mont-roig-del-camp-licita-la-venta-de-15-solares-municipales\/"},"wordCount":483,"image":{"@id":"https:\/\/mont-roig.cat\/es\/actualitat\/noticies\/el-ayuntamiento-de-mont-roig-del-camp-licita-la-venta-de-15-solares-municipales\/#primaryimage"},"thumbnailUrl":"https:\/\/mont-roig.cat\/wp-content\/uploads\/solars2.jpg","articleSection":["Ayuntamiento"],"inLanguage":"es"},{"@type":"WebPage","@id":"https:\/\/mont-roig.cat\/es\/actualitat\/noticies\/el-ayuntamiento-de-mont-roig-del-camp-licita-la-venta-de-15-solares-municipales\/","url":"https:\/\/mont-roig.cat\/es\/actualitat\/noticies\/el-ayuntamiento-de-mont-roig-del-camp-licita-la-venta-de-15-solares-municipales\/","name":"El Ayuntamiento de Mont-roig del Camp licita la venta de 15 solares municipales - Ajuntament de Mont-roig del Camp","isPartOf":{"@id":"https:\/\/mont-roig.cat\/es\/#website"},"primaryImageOfPage":{"@id":"https:\/\/mont-roig.cat\/es\/actualitat\/noticies\/el-ayuntamiento-de-mont-roig-del-camp-licita-la-venta-de-15-solares-municipales\/#primaryimage"},"image":{"@id":"https:\/\/mont-roig.cat\/es\/actualitat\/noticies\/el-ayuntamiento-de-mont-roig-del-camp-licita-la-venta-de-15-solares-municipales\/#primaryimage"},"thumbnailUrl":"https:\/\/mont-roig.cat\/wp-content\/uploads\/solars2.jpg","datePublished":"2022-03-23T16:43:17+00:00","dateModified":"2022-03-24T12:11:50+00:00","author":{"@id":"https:\/\/mont-roig.cat\/es\/#\/schema\/person\/1f73e7b5e6f9dd122e8a6f14f310ac5e"},"breadcrumb":{"@id":"https:\/\/mont-roig.cat\/es\/actualitat\/noticies\/el-ayuntamiento-de-mont-roig-del-camp-licita-la-venta-de-15-solares-municipales\/#breadcrumb"},"inLanguage":"es","potentialAction":[{"@type":"ReadAction","target":["https:\/\/mont-roig.cat\/es\/actualitat\/noticies\/el-ayuntamiento-de-mont-roig-del-camp-licita-la-venta-de-15-solares-municipales\/"]}]},{"@type":"ImageObject","inLanguage":"es","@id":"https:\/\/mont-roig.cat\/es\/actualitat\/noticies\/el-ayuntamiento-de-mont-roig-del-camp-licita-la-venta-de-15-solares-municipales\/#primaryimage","url":"https:\/\/mont-roig.cat\/wp-content\/uploads\/solars2.jpg","contentUrl":"https:\/\/mont-roig.cat\/wp-content\/uploads\/solars2.jpg","width":2048,"height":766},{"@type":"BreadcrumbList","@id":"https:\/\/mont-roig.cat\/es\/actualitat\/noticies\/el-ayuntamiento-de-mont-roig-del-camp-licita-la-venta-de-15-solares-municipales\/#breadcrumb","itemListElement":[{"@type":"ListItem","position":1,"name":"Inici","item":"https:\/\/mont-roig.cat\/es\/pagina-de-inicio\/"},{"@type":"ListItem","position":2,"name":"El Ayuntamiento de Mont-roig del Camp licita la venta de 15 solares municipales"}]},{"@type":"WebSite","@id":"https:\/\/mont-roig.cat\/es\/#website","url":"https:\/\/mont-roig.cat\/es\/","name":"Ajuntament de Mont-roig del Camp","description":"Tota la informaci\u00f3 sobre la instituci\u00f3, els seus \u00f2rgans de govern, actualitat, serveis i molt m\u00e9s.","potentialAction":[{"@type":"SearchAction","target":{"@type":"EntryPoint","urlTemplate":"https:\/\/mont-roig.cat\/es\/?s={search_term_string}"},"query-input":{"@type":"PropertyValueSpecification","valueRequired":true,"valueName":"search_term_string"}}],"inLanguage":"es"},{"@type":"Person","@id":"https:\/\/mont-roig.cat\/es\/#\/schema\/person\/1f73e7b5e6f9dd122e8a6f14f310ac5e","name":"comunicacio","image":{"@type":"ImageObject","inLanguage":"es","@id":"https:\/\/secure.gravatar.com\/avatar\/98944333e7a877670a64f8d10f0cb680ab2c9ebc4efc43945ef004b52b5ad28c?s=96&d=mm&r=g","url":"https:\/\/secure.gravatar.com\/avatar\/98944333e7a877670a64f8d10f0cb680ab2c9ebc4efc43945ef004b52b5ad28c?s=96&d=mm&r=g","contentUrl":"https:\/\/secure.gravatar.com\/avatar\/98944333e7a877670a64f8d10f0cb680ab2c9ebc4efc43945ef004b52b5ad28c?s=96&d=mm&r=g","caption":"comunicacio"},"url":"https:\/\/mont-roig.cat\/es\/actualitat\/noticies\/author\/comunicacio\/"}]}},"_links":{"self":[{"href":"https:\/\/mont-roig.cat\/es\/wp-json\/wp\/v2\/posts\/61453","targetHints":{"allow":["GET"]}}],"collection":[{"href":"https:\/\/mont-roig.cat\/es\/wp-json\/wp\/v2\/posts"}],"about":[{"href":"https:\/\/mont-roig.cat\/es\/wp-json\/wp\/v2\/types\/post"}],"author":[{"embeddable":true,"href":"https:\/\/mont-roig.cat\/es\/wp-json\/wp\/v2\/users\/13"}],"replies":[{"embeddable":true,"href":"https:\/\/mont-roig.cat\/es\/wp-json\/wp\/v2\/comments?post=61453"}],"version-history":[{"count":5,"href":"https:\/\/mont-roig.cat\/es\/wp-json\/wp\/v2\/posts\/61453\/revisions"}],"predecessor-version":[{"id":61461,"href":"https:\/\/mont-roig.cat\/es\/wp-json\/wp\/v2\/posts\/61453\/revisions\/61461"}],"wp:featuredmedia":[{"embeddable":true,"href":"https:\/\/mont-roig.cat\/es\/wp-json\/wp\/v2\/media\/61448"}],"wp:attachment":[{"href":"https:\/\/mont-roig.cat\/es\/wp-json\/wp\/v2\/media?parent=61453"}],"wp:term":[{"taxonomy":"category","embeddable":true,"href":"https:\/\/mont-roig.cat\/es\/wp-json\/wp\/v2\/categories?post=61453"},{"taxonomy":"post_tag","embeddable":true,"href":"https:\/\/mont-roig.cat\/es\/wp-json\/wp\/v2\/tags?post=61453"}],"curies":[{"name":"wp","href":"https:\/\/api.w.org\/{rel}","templated":true}]}}