{"id":61700,"date":"2022-04-07T13:53:17","date_gmt":"2022-04-07T11:53:17","guid":{"rendered":"https:\/\/mont-roig.cat\/actualitat\/noticies\/la-fundacio-mas-miro-i-lajuntament-de-mont-roig-del-camp-commemoren-el-centenari-del-quadre-la-masia-de-joan-miro-amb-un-ambicios-programa-fins-a-final-dany\/"},"modified":"2022-04-08T13:22:24","modified_gmt":"2022-04-08T11:22:24","slug":"la-fundacion-mas-miro-y-el-ayuntamiento-de-mont-roig-del-camp-conmemoran-el-centenario-del-cuadro-la-masia-de-joan-miro-con-un-ambicioso-programa-hasta-final-de-ano","status":"publish","type":"post","link":"https:\/\/mont-roig.cat\/es\/actualitat\/noticies\/la-fundacion-mas-miro-y-el-ayuntamiento-de-mont-roig-del-camp-conmemoran-el-centenario-del-cuadro-la-masia-de-joan-miro-con-un-ambicioso-programa-hasta-final-de-ano\/","title":{"rendered":"La Fundaci\u00f3n Mas Mir\u00f3 y el Ayuntamiento de Mont-roig del Camp conmemoran el centenario del cuadro &#8216;La Masia&#8217; de Joan Mir\u00f3 con un ambicioso programa hasta final de a\u00f1o"},"content":{"rendered":"<div id=\"attachment_61694\" style=\"width: 310px\" class=\"wp-caption alignright\"><a href=\"https:\/\/mont-roig.cat\/wp-content\/uploads\/Presentacio\u0301-actes-centenari-quadre-La-Masia-scaled.jpg\"><img loading=\"lazy\" decoding=\"async\" aria-describedby=\"caption-attachment-61694\" class=\"wp-image-61694\" src=\"https:\/\/mont-roig.cat\/wp-content\/uploads\/Presentacio\u0301-actes-centenari-quadre-La-Masia-500x375.jpg\" alt=\"\" width=\"300\" height=\"225\" srcset=\"https:\/\/mont-roig.cat\/wp-content\/uploads\/Presentacio\u0301-actes-centenari-quadre-La-Masia-500x375.jpg 500w, https:\/\/mont-roig.cat\/wp-content\/uploads\/Presentacio\u0301-actes-centenari-quadre-La-Masia-1024x768.jpg 1024w, https:\/\/mont-roig.cat\/wp-content\/uploads\/Presentacio\u0301-actes-centenari-quadre-La-Masia-768x576.jpg 768w, https:\/\/mont-roig.cat\/wp-content\/uploads\/Presentacio\u0301-actes-centenari-quadre-La-Masia-1536x1152.jpg 1536w, https:\/\/mont-roig.cat\/wp-content\/uploads\/Presentacio\u0301-actes-centenari-quadre-La-Masia-scaled.jpg 2048w, https:\/\/mont-roig.cat\/wp-content\/uploads\/Presentacio\u0301-actes-centenari-quadre-La-Masia-463x348.jpg 463w\" sizes=\"auto, (max-width: 300px) 100vw, 300px\" \/><\/a><p id=\"caption-attachment-61694\" class=\"wp-caption-text\">De izquierda a derecha, Juanjo Garcia, Mei Benach, Elena Juncosa y Fran Morancho, ante una reproducci\u00f3n de &#8216;La Masia&#8217; en el Mas Mir\u00f3<\/p><\/div>\n<ul>\n<li><strong>Con el lema &#8216;100 anys inspirant&#8217;, ambas instituciones lanzan una programaci\u00f3n que quiere subrayar la innovaci\u00f3n, la creatividad y la importancia del territorio de Mont-roig como fuente de inspiraci\u00f3n en la obra y la trayectoria vital y creativa de la artista<\/strong><\/li>\n<li><strong>Mas Mir\u00f3, Mont-roig y Miami Platja acoger\u00e1n una treintena actividades de todo tipo \u2013exposiciones, conferencias, espect\u00e1culos y actividades sensoriales, pedag\u00f3gicas y multidisciplinares- para destacar la importancia hist\u00f3rica de este cuadro que el artista empez\u00f3 en Mont-roig en 1921 y termin\u00f3 en Par\u00eds en 1922<\/strong><\/li>\n<\/ul>\n<div id=\"attachment_61696\" style=\"width: 214px\" class=\"wp-caption alignleft\"><a href=\"https:\/\/mont-roig.cat\/wp-content\/uploads\/Cartell-centenari-quadre-La-Masia-de-Miro\u0301_page-0001-scaled.jpg\"><img loading=\"lazy\" decoding=\"async\" aria-describedby=\"caption-attachment-61696\" class=\"wp-image-61696\" src=\"https:\/\/mont-roig.cat\/wp-content\/uploads\/Cartell-centenari-quadre-La-Masia-de-Miro\u0301_page-0001-353x500.jpg\" alt=\"\" width=\"204\" height=\"289\" srcset=\"https:\/\/mont-roig.cat\/wp-content\/uploads\/Cartell-centenari-quadre-La-Masia-de-Miro\u0301_page-0001-353x500.jpg 353w, https:\/\/mont-roig.cat\/wp-content\/uploads\/Cartell-centenari-quadre-La-Masia-de-Miro\u0301_page-0001-724x1024.jpg 724w, https:\/\/mont-roig.cat\/wp-content\/uploads\/Cartell-centenari-quadre-La-Masia-de-Miro\u0301_page-0001-768x1086.jpg 768w, https:\/\/mont-roig.cat\/wp-content\/uploads\/Cartell-centenari-quadre-La-Masia-de-Miro\u0301_page-0001-1086x1536.jpg 1086w, https:\/\/mont-roig.cat\/wp-content\/uploads\/Cartell-centenari-quadre-La-Masia-de-Miro\u0301_page-0001-scaled.jpg 1448w\" sizes=\"auto, (max-width: 204px) 100vw, 204px\" \/><\/a><p id=\"caption-attachment-61696\" class=\"wp-caption-text\">Cartell Centenari &#8216;La Masia&#8217;<\/p><\/div>\n<p>Empezado en Mont-roig en 1921 y terminado en Par\u00eds en 1922, el cuadro <em>La Masia<\/em> de Joan Mir\u00f3 tiene una importancia hist\u00f3rica monumental. Representa dos momentos claves en la vida del artista. En primer lugar, el cierre de su etapa figurativa y el nacimiento de su lenguaje \u00fanico y universal. En segundo lugar, representa el momento en que el v\u00ednculo entre Mir\u00f3 y el Mas Mir\u00f3 quedar\u00e1 grabado en la historia para siempre. Precisamente para destacar esta importancia, la Fundaci\u00f3n Mas Mir\u00f3 y el Ayuntamiento de Mont-roig del Camp presentaron hoy el programa de actos <em>100 anys inspirant<\/em>, que se alargar\u00e1 hasta final de a\u00f1o y que tambi\u00e9n cuenta con el apoyo econ\u00f3mico de la Sucessi\u00f3 Mir\u00f3, la Diputaci\u00f3 de Tarragona, la Secretar\u00eda de Estado de Turismo y el patrocinio de la Asociaci\u00f3n de Campings de Mont-roig del Camp.<\/p>\n<p>Este programa de actividades tiene como objetivo remarcar la importancia del contexto social, paisaj\u00edstico y sensorial del Mas Mir\u00f3, generando una oportunidad \u00fanica para conectar y entender mejor al artista y su paisaje emocional. A trav\u00e9s de una treintena de actividades pedag\u00f3gicas, participativas, multidisciplinares y virtuales se explorar\u00e1 el universo mironiano y todo lo que le rodea.<\/p>\n<p>Con <em>100 anys inspirant<\/em>, la Fundaci\u00f3n Mas Mir\u00f3 y el Ayuntamiento de Mont-roig del Camp lanzan una programaci\u00f3n que quiere subrayar la innovaci\u00f3n, la creatividad y la importancia del territorio como fuente de inspiraci\u00f3n. Mas Mir\u00f3 inspir\u00f3 a Mir\u00f3, y cientos a\u00f1os despu\u00e9s todav\u00eda sigue inspirando a artistas y creadores de diferentes disciplinas, con los que se est\u00e1 trabajando para hacer la mas\u00eda un espacio de reflexi\u00f3n para las nuevas generaciones.<\/p>\n<p>En el programa encontramos propuestas muy especiales y originales, como un concierto inspirado en la serie <em>Constel\u00b7lacions<\/em>, una obra de audio-teatro, la recreaci\u00f3n hist\u00f3rica de la mas\u00eda, una exposici\u00f3n in\u00e9dita sobre Mas Mir\u00f3 con modelos de yeso originales de Mir\u00f3, y la extracci\u00f3n de la esencia de <em>La Masia<\/em>. Adem\u00e1s de una larga lista de actividades familiares, conferencias y espect\u00e1culos de todo tipo, que tambi\u00e9n llegar\u00e1n a varios espacios del pueblo de Mont-roig y Miami Platja.<\/p>\n<p><strong>Acto institucional de inauguraci\u00f3n del centenario<\/strong><\/p>\n<p>El 21 de abril por la ma\u00f1ana tendr\u00e1 lugar el acto institucional de inauguraci\u00f3n del a\u00f1o del Centenario de <em>La Masia<\/em> con la presencia de las 3 fundaciones que llevan su nombre: la Fundaci\u00f3n Mas Mir\u00f3 de Mont-roig del Camp, la Fundaci\u00f3n Joan Mir\u00f3 de Barcelona y Fundaci\u00f3n Pilar y Joan Mir\u00f3 de Palma de Mallorca. Est\u00e1 prevista tambi\u00e9n la asistencia de varios representantes pol\u00edticos, colaboradores cercanos de estas fundaciones y representantes del mundo cultural del territorio y de otras partes del pa\u00eds.<\/p>\n<p><strong>Los actos m\u00e1s destacados del programa<\/strong><\/p>\n<p>El 25 de junio tendr\u00e1 lugar la recreaci\u00f3n historia <em>La Masia<\/em> toma vida. Durante todo un d\u00eda se podr\u00e1 revivir el Mas Mir\u00f3 de 1922 tal y como lo sinti\u00f3 Joan Mir\u00f3 gracias al trabajo de Mandrilia Associaci\u00f3 y la Mas\u00eda de Castell\u00f3. Se trata de una recreaci\u00f3n hist\u00f3rica \u00fanica por todas las edades donde se podr\u00e1 experimentar en primera persona lo que era vivir en esa \u00e9poca.<\/p>\n<p>El compositor H\u00e8ctor Parra presentar\u00e1 el 30 de julio en Mas Mir\u00f3, en preestreno mundial, el concierto-taller <em>La Masia ressona (a trav\u00e9s de 7 Constel\u00b7lacions),<\/em> un ciclo po\u00e9tico musical inspirado en la c\u00e9lebre serie mironiana. El compositor ha escogido la serie de las Constelaciones como base de este melodrama musical por su complejidad y singularidad dentro del conjunto de las obras de Mir\u00f3. Dar\u00e1n vida a esta composici\u00f3n las pianistas y dedicatarias de la partitura Llu\u00efsa Espigol\u00e9 e Imma Santacreu con el poeta Arnau Pons, autor de los textos.<\/p>\n<p>Tambi\u00e9n en Mas Mir\u00f3 se estrenar\u00e1 un nuevo espect\u00e1culo sonoro, <strong>Siliqua, un Story Walker escrito e interpretado por el actor Pol L\u00f3pez<\/strong> que nos sumerge en una trama contextualizada en Mas Mir\u00f3. Un viaje auditivo donde el espectador vivir\u00e1 de una manera diferente este paisaje tan singular y significativo por el artista Joan Mir\u00f3 y que podr\u00e1 verse a partir del 10 de julio.<\/p>\n<p>En el Centre Cultural Esgl\u00e9sia Vella de Mont-roig se podr\u00e1 ver de junio a mediados de agosto una exposici\u00f3n in\u00e9dita sobre la relaci\u00f3n entre Mir\u00f3 y Mont-roig:<strong> El alma de la forma. Mont-roig o la esencia de Mir\u00f3.<\/strong> Habr\u00e1 expuestos modelos originales en yeso de las esculturas de Mir\u00f3, im\u00e1genes de la vida y obra del artista y tambi\u00e9n objetos significativos de sus procesos creativos y de inspiraci\u00f3n. Un acercamiento a las reflexiones, valores y vida personal del artista que permitir\u00e1 conocer mejor el significado de su obra y sus m\u00e9todos de trabajo.<\/p>\n<p>Una de las propuestas m\u00e1s innovadoras ser\u00e1 la destilaci\u00f3n de la esencia de <em>La Masia,<\/em> a partir de un taller que tendr\u00e1 lugar el 27 de mayo. El sentido del olfato juega un papel de trascendental importancia en nuestras emociones, nuestros recuerdos y nuestra relaci\u00f3n con el entorno. El proyecto de destilar el cuadro <em>La Masia<\/em> de Joan Mir\u00f3 busca recrear la atm\u00f3sfera atemporal que inspir\u00f3 al artista de la mano de Viti Vinci.<\/p>\n<p>El centenario de <em>La Masia<\/em> quiere ser un evento participativo que cuente con la presencia activa del tejido cultural del municipio. Ser\u00e1 el 17 de septiembre con <strong>Paisatges i retrats<\/strong> cuando los artistas de Mont-roig del Camp, a trav\u00e9s de una propuesta esc\u00e9nica itinerante y participativa, ser\u00e1n los grandes protagonistas. Con la direcci\u00f3n esc\u00e9nica de Iban Beltran, esta acci\u00f3n esc\u00e9nica mostrar\u00e1 el alma de este entorno a trav\u00e9s de una acci\u00f3n visual y narrativa que dar\u00e1 espacio y voz a los habitantes y especialmente a los artistas de Mont-roig.<\/p>\n<p>Otro de los momentos especiales ser\u00e1 la conexi\u00f3n virtual entre la National Gallery of Art de Washington (actual propietaria del cuadro <em>La Masia<\/em>) y Mas Mir\u00f3. Joan Punyet Mir\u00f3, nieto de Joan Mir\u00f3, y Harry Cooper (Senior Curator y Head of Modern and Contemporary Art) conversar\u00e1n sobre la importancia del contexto de la mas\u00eda y Mont-roig para Mir\u00f3, uniendo en una sola pantalla el cuadro <em>La Masia<\/em> y el Mas Mir\u00f3, cuya fachada es el modelo de la c\u00e9lebre pintura. La conversaci\u00f3n se retransmitir\u00e1 por streaming a los canales de la National Gallery y de Mas Mir\u00f3, y despu\u00e9s estar\u00e1 disponible en las webs de ambas instituciones.<\/p>\n<p><strong>El programa completo<\/strong><\/p>\n<p>La programaci\u00f3n completa -que incluye espect\u00e1culos familiares, visitas teatralizadas, rutas literarias, conciertos singulares, talleres para ni\u00f1os, presentaciones de libros o incluso las jornadas gastron\u00f3micas <strong>Sabors de Mir\u00f3<\/strong>&#8211; y todos los detalles del programa de actos 100 a\u00f1os inspirando se puede consultar en la p\u00e1gina web de la Fundaci\u00f3n Mas Mir\u00f3 (<a href=\"https:\/\/masmiro.com\/\" target=\"_blank\" rel=\"noopener\">www.masmiro.com)<\/a> y del Ayuntamiento de Mont-roig del Camp <a href=\"https:\/\/mont-roig.cat\/centenari-la-masia-miro\/\" target=\"_blank\" rel=\"noopener\">(www.mont-roig.cat).<\/a><\/p>\n<p>&nbsp;<\/p>\n","protected":false},"excerpt":{"rendered":"<p>Con el lema &#8216;100 anys inspirant&#8217;, ambas instituciones lanzan una programaci\u00f3n que quiere subrayar la innovaci\u00f3n, la creatividad y la importancia del territorio de Mont-roig como fuente de inspiraci\u00f3n en la obra y la trayectoria vital y creativa de la artista Mas Mir\u00f3, Mont-roig y Miami Platja acoger\u00e1n una treintena actividades de todo tipo \u2013exposiciones, [&hellip;]<\/p>\n","protected":false},"author":13,"featured_media":61695,"comment_status":"closed","ping_status":"closed","sticky":false,"template":"","format":"standard","meta":{"inline_featured_image":false,"_monsterinsights_skip_tracking":false,"_monsterinsights_sitenote_active":false,"_monsterinsights_sitenote_note":"","_monsterinsights_sitenote_category":0,"footnotes":""},"categories":[98,101,115],"tags":[],"class_list":["post-61700","post","type-post","status-publish","format-standard","has-post-thumbnail","hentry","category-ayuntamiento","category-cultura-es","category-turismo"],"yoast_head":"<!-- This site is optimized with the Yoast SEO plugin v27.4 - https:\/\/yoast.com\/product\/yoast-seo-wordpress\/ -->\n<title>La Fundaci\u00f3n Mas Mir\u00f3 y el Ayuntamiento de Mont-roig del Camp conmemoran el centenario del cuadro &#039;La Masia&#039; de Joan Mir\u00f3 con un ambicioso programa hasta final de a\u00f1o - Ajuntament de Mont-roig del Camp<\/title>\n<meta name=\"robots\" content=\"index, follow, max-snippet:-1, max-image-preview:large, max-video-preview:-1\" \/>\n<link rel=\"canonical\" href=\"https:\/\/mont-roig.cat\/es\/actualitat\/noticies\/la-fundacion-mas-miro-y-el-ayuntamiento-de-mont-roig-del-camp-conmemoran-el-centenario-del-cuadro-la-masia-de-joan-miro-con-un-ambicioso-programa-hasta-final-de-ano\/\" \/>\n<meta property=\"og:locale\" content=\"es_ES\" \/>\n<meta property=\"og:type\" content=\"article\" \/>\n<meta property=\"og:title\" content=\"La Fundaci\u00f3n Mas Mir\u00f3 y el Ayuntamiento de Mont-roig del Camp conmemoran el centenario del cuadro &#039;La Masia&#039; de Joan Mir\u00f3 con un ambicioso programa hasta final de a\u00f1o - Ajuntament de Mont-roig del Camp\" \/>\n<meta property=\"og:description\" content=\"Con el lema &#8216;100 anys inspirant&#8217;, ambas instituciones lanzan una programaci\u00f3n que quiere subrayar la innovaci\u00f3n, la creatividad y la importancia del territorio de Mont-roig como fuente de inspiraci\u00f3n en la obra y la trayectoria vital y creativa de la artista Mas Mir\u00f3, Mont-roig y Miami Platja acoger\u00e1n una treintena actividades de todo tipo \u2013exposiciones, [&hellip;]\" \/>\n<meta property=\"og:url\" content=\"https:\/\/mont-roig.cat\/es\/actualitat\/noticies\/la-fundacion-mas-miro-y-el-ayuntamiento-de-mont-roig-del-camp-conmemoran-el-centenario-del-cuadro-la-masia-de-joan-miro-con-un-ambicioso-programa-hasta-final-de-ano\/\" \/>\n<meta property=\"og:site_name\" content=\"Ajuntament de Mont-roig del Camp\" \/>\n<meta property=\"article:published_time\" content=\"2022-04-07T11:53:17+00:00\" \/>\n<meta property=\"article:modified_time\" content=\"2022-04-08T11:22:24+00:00\" \/>\n<meta property=\"og:image\" content=\"https:\/\/mont-roig.cat\/wp-content\/uploads\/Presentacio\u0301-actes-centenari-quadre-La-Masia-1024x768.jpg\" \/>\n\t<meta property=\"og:image:width\" content=\"1024\" \/>\n\t<meta property=\"og:image:height\" content=\"768\" \/>\n\t<meta property=\"og:image:type\" content=\"image\/jpeg\" \/>\n<meta name=\"author\" content=\"comunicacio\" \/>\n<meta name=\"twitter:card\" content=\"summary_large_image\" \/>\n<meta name=\"twitter:label1\" content=\"Escrito por\" \/>\n\t<meta name=\"twitter:data1\" content=\"comunicacio\" \/>\n\t<meta name=\"twitter:label2\" content=\"Tiempo de lectura\" \/>\n\t<meta name=\"twitter:data2\" content=\"7 minutos\" \/>\n<script type=\"application\/ld+json\" class=\"yoast-schema-graph\">{\"@context\":\"https:\\\/\\\/schema.org\",\"@graph\":[{\"@type\":\"Article\",\"@id\":\"https:\\\/\\\/mont-roig.cat\\\/es\\\/actualitat\\\/noticies\\\/la-fundacion-mas-miro-y-el-ayuntamiento-de-mont-roig-del-camp-conmemoran-el-centenario-del-cuadro-la-masia-de-joan-miro-con-un-ambicioso-programa-hasta-final-de-ano\\\/#article\",\"isPartOf\":{\"@id\":\"https:\\\/\\\/mont-roig.cat\\\/es\\\/actualitat\\\/noticies\\\/la-fundacion-mas-miro-y-el-ayuntamiento-de-mont-roig-del-camp-conmemoran-el-centenario-del-cuadro-la-masia-de-joan-miro-con-un-ambicioso-programa-hasta-final-de-ano\\\/\"},\"author\":{\"name\":\"comunicacio\",\"@id\":\"https:\\\/\\\/mont-roig.cat\\\/es\\\/#\\\/schema\\\/person\\\/1f73e7b5e6f9dd122e8a6f14f310ac5e\"},\"headline\":\"La Fundaci\u00f3n Mas Mir\u00f3 y el Ayuntamiento de Mont-roig del Camp conmemoran el centenario del cuadro &#8216;La Masia&#8217; de Joan Mir\u00f3 con un ambicioso programa hasta final de a\u00f1o\",\"datePublished\":\"2022-04-07T11:53:17+00:00\",\"dateModified\":\"2022-04-08T11:22:24+00:00\",\"mainEntityOfPage\":{\"@id\":\"https:\\\/\\\/mont-roig.cat\\\/es\\\/actualitat\\\/noticies\\\/la-fundacion-mas-miro-y-el-ayuntamiento-de-mont-roig-del-camp-conmemoran-el-centenario-del-cuadro-la-masia-de-joan-miro-con-un-ambicioso-programa-hasta-final-de-ano\\\/\"},\"wordCount\":1333,\"image\":{\"@id\":\"https:\\\/\\\/mont-roig.cat\\\/es\\\/actualitat\\\/noticies\\\/la-fundacion-mas-miro-y-el-ayuntamiento-de-mont-roig-del-camp-conmemoran-el-centenario-del-cuadro-la-masia-de-joan-miro-con-un-ambicioso-programa-hasta-final-de-ano\\\/#primaryimage\"},\"thumbnailUrl\":\"https:\\\/\\\/mont-roig.cat\\\/wp-content\\\/uploads\\\/Presentacio\u0301-actes-centenari-quadre-La-Masia.jpg\",\"articleSection\":[\"Ayuntamiento\",\"Cultura\",\"Turismo\"],\"inLanguage\":\"es\"},{\"@type\":\"WebPage\",\"@id\":\"https:\\\/\\\/mont-roig.cat\\\/es\\\/actualitat\\\/noticies\\\/la-fundacion-mas-miro-y-el-ayuntamiento-de-mont-roig-del-camp-conmemoran-el-centenario-del-cuadro-la-masia-de-joan-miro-con-un-ambicioso-programa-hasta-final-de-ano\\\/\",\"url\":\"https:\\\/\\\/mont-roig.cat\\\/es\\\/actualitat\\\/noticies\\\/la-fundacion-mas-miro-y-el-ayuntamiento-de-mont-roig-del-camp-conmemoran-el-centenario-del-cuadro-la-masia-de-joan-miro-con-un-ambicioso-programa-hasta-final-de-ano\\\/\",\"name\":\"La Fundaci\u00f3n Mas Mir\u00f3 y el Ayuntamiento de Mont-roig del Camp conmemoran el centenario del cuadro 'La Masia' de Joan Mir\u00f3 con un ambicioso programa hasta final de a\u00f1o - Ajuntament de Mont-roig del Camp\",\"isPartOf\":{\"@id\":\"https:\\\/\\\/mont-roig.cat\\\/es\\\/#website\"},\"primaryImageOfPage\":{\"@id\":\"https:\\\/\\\/mont-roig.cat\\\/es\\\/actualitat\\\/noticies\\\/la-fundacion-mas-miro-y-el-ayuntamiento-de-mont-roig-del-camp-conmemoran-el-centenario-del-cuadro-la-masia-de-joan-miro-con-un-ambicioso-programa-hasta-final-de-ano\\\/#primaryimage\"},\"image\":{\"@id\":\"https:\\\/\\\/mont-roig.cat\\\/es\\\/actualitat\\\/noticies\\\/la-fundacion-mas-miro-y-el-ayuntamiento-de-mont-roig-del-camp-conmemoran-el-centenario-del-cuadro-la-masia-de-joan-miro-con-un-ambicioso-programa-hasta-final-de-ano\\\/#primaryimage\"},\"thumbnailUrl\":\"https:\\\/\\\/mont-roig.cat\\\/wp-content\\\/uploads\\\/Presentacio\u0301-actes-centenari-quadre-La-Masia.jpg\",\"datePublished\":\"2022-04-07T11:53:17+00:00\",\"dateModified\":\"2022-04-08T11:22:24+00:00\",\"author\":{\"@id\":\"https:\\\/\\\/mont-roig.cat\\\/es\\\/#\\\/schema\\\/person\\\/1f73e7b5e6f9dd122e8a6f14f310ac5e\"},\"breadcrumb\":{\"@id\":\"https:\\\/\\\/mont-roig.cat\\\/es\\\/actualitat\\\/noticies\\\/la-fundacion-mas-miro-y-el-ayuntamiento-de-mont-roig-del-camp-conmemoran-el-centenario-del-cuadro-la-masia-de-joan-miro-con-un-ambicioso-programa-hasta-final-de-ano\\\/#breadcrumb\"},\"inLanguage\":\"es\",\"potentialAction\":[{\"@type\":\"ReadAction\",\"target\":[\"https:\\\/\\\/mont-roig.cat\\\/es\\\/actualitat\\\/noticies\\\/la-fundacion-mas-miro-y-el-ayuntamiento-de-mont-roig-del-camp-conmemoran-el-centenario-del-cuadro-la-masia-de-joan-miro-con-un-ambicioso-programa-hasta-final-de-ano\\\/\"]}]},{\"@type\":\"ImageObject\",\"inLanguage\":\"es\",\"@id\":\"https:\\\/\\\/mont-roig.cat\\\/es\\\/actualitat\\\/noticies\\\/la-fundacion-mas-miro-y-el-ayuntamiento-de-mont-roig-del-camp-conmemoran-el-centenario-del-cuadro-la-masia-de-joan-miro-con-un-ambicioso-programa-hasta-final-de-ano\\\/#primaryimage\",\"url\":\"https:\\\/\\\/mont-roig.cat\\\/wp-content\\\/uploads\\\/Presentacio\u0301-actes-centenari-quadre-La-Masia.jpg\",\"contentUrl\":\"https:\\\/\\\/mont-roig.cat\\\/wp-content\\\/uploads\\\/Presentacio\u0301-actes-centenari-quadre-La-Masia.jpg\",\"width\":2048,\"height\":1536},{\"@type\":\"BreadcrumbList\",\"@id\":\"https:\\\/\\\/mont-roig.cat\\\/es\\\/actualitat\\\/noticies\\\/la-fundacion-mas-miro-y-el-ayuntamiento-de-mont-roig-del-camp-conmemoran-el-centenario-del-cuadro-la-masia-de-joan-miro-con-un-ambicioso-programa-hasta-final-de-ano\\\/#breadcrumb\",\"itemListElement\":[{\"@type\":\"ListItem\",\"position\":1,\"name\":\"Inici\",\"item\":\"https:\\\/\\\/mont-roig.cat\\\/es\\\/pagina-de-inicio\\\/\"},{\"@type\":\"ListItem\",\"position\":2,\"name\":\"La Fundaci\u00f3n Mas Mir\u00f3 y el Ayuntamiento de Mont-roig del Camp conmemoran el centenario del cuadro &#8216;La Masia&#8217; de Joan Mir\u00f3 con un ambicioso programa hasta final de a\u00f1o\"}]},{\"@type\":\"WebSite\",\"@id\":\"https:\\\/\\\/mont-roig.cat\\\/es\\\/#website\",\"url\":\"https:\\\/\\\/mont-roig.cat\\\/es\\\/\",\"name\":\"Ajuntament de Mont-roig del Camp\",\"description\":\"Tota la informaci\u00f3 sobre la instituci\u00f3, els seus \u00f2rgans de govern, actualitat, serveis i molt m\u00e9s.\",\"potentialAction\":[{\"@type\":\"SearchAction\",\"target\":{\"@type\":\"EntryPoint\",\"urlTemplate\":\"https:\\\/\\\/mont-roig.cat\\\/es\\\/?s={search_term_string}\"},\"query-input\":{\"@type\":\"PropertyValueSpecification\",\"valueRequired\":true,\"valueName\":\"search_term_string\"}}],\"inLanguage\":\"es\"},{\"@type\":\"Person\",\"@id\":\"https:\\\/\\\/mont-roig.cat\\\/es\\\/#\\\/schema\\\/person\\\/1f73e7b5e6f9dd122e8a6f14f310ac5e\",\"name\":\"comunicacio\",\"image\":{\"@type\":\"ImageObject\",\"inLanguage\":\"es\",\"@id\":\"https:\\\/\\\/secure.gravatar.com\\\/avatar\\\/98944333e7a877670a64f8d10f0cb680ab2c9ebc4efc43945ef004b52b5ad28c?s=96&d=mm&r=g\",\"url\":\"https:\\\/\\\/secure.gravatar.com\\\/avatar\\\/98944333e7a877670a64f8d10f0cb680ab2c9ebc4efc43945ef004b52b5ad28c?s=96&d=mm&r=g\",\"contentUrl\":\"https:\\\/\\\/secure.gravatar.com\\\/avatar\\\/98944333e7a877670a64f8d10f0cb680ab2c9ebc4efc43945ef004b52b5ad28c?s=96&d=mm&r=g\",\"caption\":\"comunicacio\"},\"url\":\"https:\\\/\\\/mont-roig.cat\\\/es\\\/actualitat\\\/noticies\\\/author\\\/comunicacio\\\/\"}]}<\/script>\n<!-- \/ Yoast SEO plugin. -->","yoast_head_json":{"title":"La Fundaci\u00f3n Mas Mir\u00f3 y el Ayuntamiento de Mont-roig del Camp conmemoran el centenario del cuadro 'La Masia' de Joan Mir\u00f3 con un ambicioso programa hasta final de a\u00f1o - Ajuntament de Mont-roig del Camp","robots":{"index":"index","follow":"follow","max-snippet":"max-snippet:-1","max-image-preview":"max-image-preview:large","max-video-preview":"max-video-preview:-1"},"canonical":"https:\/\/mont-roig.cat\/es\/actualitat\/noticies\/la-fundacion-mas-miro-y-el-ayuntamiento-de-mont-roig-del-camp-conmemoran-el-centenario-del-cuadro-la-masia-de-joan-miro-con-un-ambicioso-programa-hasta-final-de-ano\/","og_locale":"es_ES","og_type":"article","og_title":"La Fundaci\u00f3n Mas Mir\u00f3 y el Ayuntamiento de Mont-roig del Camp conmemoran el centenario del cuadro 'La Masia' de Joan Mir\u00f3 con un ambicioso programa hasta final de a\u00f1o - Ajuntament de Mont-roig del Camp","og_description":"Con el lema &#8216;100 anys inspirant&#8217;, ambas instituciones lanzan una programaci\u00f3n que quiere subrayar la innovaci\u00f3n, la creatividad y la importancia del territorio de Mont-roig como fuente de inspiraci\u00f3n en la obra y la trayectoria vital y creativa de la artista Mas Mir\u00f3, Mont-roig y Miami Platja acoger\u00e1n una treintena actividades de todo tipo \u2013exposiciones, [&hellip;]","og_url":"https:\/\/mont-roig.cat\/es\/actualitat\/noticies\/la-fundacion-mas-miro-y-el-ayuntamiento-de-mont-roig-del-camp-conmemoran-el-centenario-del-cuadro-la-masia-de-joan-miro-con-un-ambicioso-programa-hasta-final-de-ano\/","og_site_name":"Ajuntament de Mont-roig del Camp","article_published_time":"2022-04-07T11:53:17+00:00","article_modified_time":"2022-04-08T11:22:24+00:00","og_image":[{"width":1024,"height":768,"url":"https:\/\/mont-roig.cat\/wp-content\/uploads\/Presentacio\u0301-actes-centenari-quadre-La-Masia-1024x768.jpg","type":"image\/jpeg"}],"author":"comunicacio","twitter_card":"summary_large_image","twitter_misc":{"Escrito por":"comunicacio","Tiempo de lectura":"7 minutos"},"schema":{"@context":"https:\/\/schema.org","@graph":[{"@type":"Article","@id":"https:\/\/mont-roig.cat\/es\/actualitat\/noticies\/la-fundacion-mas-miro-y-el-ayuntamiento-de-mont-roig-del-camp-conmemoran-el-centenario-del-cuadro-la-masia-de-joan-miro-con-un-ambicioso-programa-hasta-final-de-ano\/#article","isPartOf":{"@id":"https:\/\/mont-roig.cat\/es\/actualitat\/noticies\/la-fundacion-mas-miro-y-el-ayuntamiento-de-mont-roig-del-camp-conmemoran-el-centenario-del-cuadro-la-masia-de-joan-miro-con-un-ambicioso-programa-hasta-final-de-ano\/"},"author":{"name":"comunicacio","@id":"https:\/\/mont-roig.cat\/es\/#\/schema\/person\/1f73e7b5e6f9dd122e8a6f14f310ac5e"},"headline":"La Fundaci\u00f3n Mas Mir\u00f3 y el Ayuntamiento de Mont-roig del Camp conmemoran el centenario del cuadro &#8216;La Masia&#8217; de Joan Mir\u00f3 con un ambicioso programa hasta final de a\u00f1o","datePublished":"2022-04-07T11:53:17+00:00","dateModified":"2022-04-08T11:22:24+00:00","mainEntityOfPage":{"@id":"https:\/\/mont-roig.cat\/es\/actualitat\/noticies\/la-fundacion-mas-miro-y-el-ayuntamiento-de-mont-roig-del-camp-conmemoran-el-centenario-del-cuadro-la-masia-de-joan-miro-con-un-ambicioso-programa-hasta-final-de-ano\/"},"wordCount":1333,"image":{"@id":"https:\/\/mont-roig.cat\/es\/actualitat\/noticies\/la-fundacion-mas-miro-y-el-ayuntamiento-de-mont-roig-del-camp-conmemoran-el-centenario-del-cuadro-la-masia-de-joan-miro-con-un-ambicioso-programa-hasta-final-de-ano\/#primaryimage"},"thumbnailUrl":"https:\/\/mont-roig.cat\/wp-content\/uploads\/Presentacio\u0301-actes-centenari-quadre-La-Masia.jpg","articleSection":["Ayuntamiento","Cultura","Turismo"],"inLanguage":"es"},{"@type":"WebPage","@id":"https:\/\/mont-roig.cat\/es\/actualitat\/noticies\/la-fundacion-mas-miro-y-el-ayuntamiento-de-mont-roig-del-camp-conmemoran-el-centenario-del-cuadro-la-masia-de-joan-miro-con-un-ambicioso-programa-hasta-final-de-ano\/","url":"https:\/\/mont-roig.cat\/es\/actualitat\/noticies\/la-fundacion-mas-miro-y-el-ayuntamiento-de-mont-roig-del-camp-conmemoran-el-centenario-del-cuadro-la-masia-de-joan-miro-con-un-ambicioso-programa-hasta-final-de-ano\/","name":"La Fundaci\u00f3n Mas Mir\u00f3 y el Ayuntamiento de Mont-roig del Camp conmemoran el centenario del cuadro 'La Masia' de Joan Mir\u00f3 con un ambicioso programa hasta final de a\u00f1o - Ajuntament de Mont-roig del Camp","isPartOf":{"@id":"https:\/\/mont-roig.cat\/es\/#website"},"primaryImageOfPage":{"@id":"https:\/\/mont-roig.cat\/es\/actualitat\/noticies\/la-fundacion-mas-miro-y-el-ayuntamiento-de-mont-roig-del-camp-conmemoran-el-centenario-del-cuadro-la-masia-de-joan-miro-con-un-ambicioso-programa-hasta-final-de-ano\/#primaryimage"},"image":{"@id":"https:\/\/mont-roig.cat\/es\/actualitat\/noticies\/la-fundacion-mas-miro-y-el-ayuntamiento-de-mont-roig-del-camp-conmemoran-el-centenario-del-cuadro-la-masia-de-joan-miro-con-un-ambicioso-programa-hasta-final-de-ano\/#primaryimage"},"thumbnailUrl":"https:\/\/mont-roig.cat\/wp-content\/uploads\/Presentacio\u0301-actes-centenari-quadre-La-Masia.jpg","datePublished":"2022-04-07T11:53:17+00:00","dateModified":"2022-04-08T11:22:24+00:00","author":{"@id":"https:\/\/mont-roig.cat\/es\/#\/schema\/person\/1f73e7b5e6f9dd122e8a6f14f310ac5e"},"breadcrumb":{"@id":"https:\/\/mont-roig.cat\/es\/actualitat\/noticies\/la-fundacion-mas-miro-y-el-ayuntamiento-de-mont-roig-del-camp-conmemoran-el-centenario-del-cuadro-la-masia-de-joan-miro-con-un-ambicioso-programa-hasta-final-de-ano\/#breadcrumb"},"inLanguage":"es","potentialAction":[{"@type":"ReadAction","target":["https:\/\/mont-roig.cat\/es\/actualitat\/noticies\/la-fundacion-mas-miro-y-el-ayuntamiento-de-mont-roig-del-camp-conmemoran-el-centenario-del-cuadro-la-masia-de-joan-miro-con-un-ambicioso-programa-hasta-final-de-ano\/"]}]},{"@type":"ImageObject","inLanguage":"es","@id":"https:\/\/mont-roig.cat\/es\/actualitat\/noticies\/la-fundacion-mas-miro-y-el-ayuntamiento-de-mont-roig-del-camp-conmemoran-el-centenario-del-cuadro-la-masia-de-joan-miro-con-un-ambicioso-programa-hasta-final-de-ano\/#primaryimage","url":"https:\/\/mont-roig.cat\/wp-content\/uploads\/Presentacio\u0301-actes-centenari-quadre-La-Masia.jpg","contentUrl":"https:\/\/mont-roig.cat\/wp-content\/uploads\/Presentacio\u0301-actes-centenari-quadre-La-Masia.jpg","width":2048,"height":1536},{"@type":"BreadcrumbList","@id":"https:\/\/mont-roig.cat\/es\/actualitat\/noticies\/la-fundacion-mas-miro-y-el-ayuntamiento-de-mont-roig-del-camp-conmemoran-el-centenario-del-cuadro-la-masia-de-joan-miro-con-un-ambicioso-programa-hasta-final-de-ano\/#breadcrumb","itemListElement":[{"@type":"ListItem","position":1,"name":"Inici","item":"https:\/\/mont-roig.cat\/es\/pagina-de-inicio\/"},{"@type":"ListItem","position":2,"name":"La Fundaci\u00f3n Mas Mir\u00f3 y el Ayuntamiento de Mont-roig del Camp conmemoran el centenario del cuadro &#8216;La Masia&#8217; de Joan Mir\u00f3 con un ambicioso programa hasta final de a\u00f1o"}]},{"@type":"WebSite","@id":"https:\/\/mont-roig.cat\/es\/#website","url":"https:\/\/mont-roig.cat\/es\/","name":"Ajuntament de Mont-roig del Camp","description":"Tota la informaci\u00f3 sobre la instituci\u00f3, els seus \u00f2rgans de govern, actualitat, serveis i molt m\u00e9s.","potentialAction":[{"@type":"SearchAction","target":{"@type":"EntryPoint","urlTemplate":"https:\/\/mont-roig.cat\/es\/?s={search_term_string}"},"query-input":{"@type":"PropertyValueSpecification","valueRequired":true,"valueName":"search_term_string"}}],"inLanguage":"es"},{"@type":"Person","@id":"https:\/\/mont-roig.cat\/es\/#\/schema\/person\/1f73e7b5e6f9dd122e8a6f14f310ac5e","name":"comunicacio","image":{"@type":"ImageObject","inLanguage":"es","@id":"https:\/\/secure.gravatar.com\/avatar\/98944333e7a877670a64f8d10f0cb680ab2c9ebc4efc43945ef004b52b5ad28c?s=96&d=mm&r=g","url":"https:\/\/secure.gravatar.com\/avatar\/98944333e7a877670a64f8d10f0cb680ab2c9ebc4efc43945ef004b52b5ad28c?s=96&d=mm&r=g","contentUrl":"https:\/\/secure.gravatar.com\/avatar\/98944333e7a877670a64f8d10f0cb680ab2c9ebc4efc43945ef004b52b5ad28c?s=96&d=mm&r=g","caption":"comunicacio"},"url":"https:\/\/mont-roig.cat\/es\/actualitat\/noticies\/author\/comunicacio\/"}]}},"_links":{"self":[{"href":"https:\/\/mont-roig.cat\/es\/wp-json\/wp\/v2\/posts\/61700","targetHints":{"allow":["GET"]}}],"collection":[{"href":"https:\/\/mont-roig.cat\/es\/wp-json\/wp\/v2\/posts"}],"about":[{"href":"https:\/\/mont-roig.cat\/es\/wp-json\/wp\/v2\/types\/post"}],"author":[{"embeddable":true,"href":"https:\/\/mont-roig.cat\/es\/wp-json\/wp\/v2\/users\/13"}],"replies":[{"embeddable":true,"href":"https:\/\/mont-roig.cat\/es\/wp-json\/wp\/v2\/comments?post=61700"}],"version-history":[{"count":7,"href":"https:\/\/mont-roig.cat\/es\/wp-json\/wp\/v2\/posts\/61700\/revisions"}],"predecessor-version":[{"id":61746,"href":"https:\/\/mont-roig.cat\/es\/wp-json\/wp\/v2\/posts\/61700\/revisions\/61746"}],"wp:featuredmedia":[{"embeddable":true,"href":"https:\/\/mont-roig.cat\/es\/wp-json\/wp\/v2\/media\/61695"}],"wp:attachment":[{"href":"https:\/\/mont-roig.cat\/es\/wp-json\/wp\/v2\/media?parent=61700"}],"wp:term":[{"taxonomy":"category","embeddable":true,"href":"https:\/\/mont-roig.cat\/es\/wp-json\/wp\/v2\/categories?post=61700"},{"taxonomy":"post_tag","embeddable":true,"href":"https:\/\/mont-roig.cat\/es\/wp-json\/wp\/v2\/tags?post=61700"}],"curies":[{"name":"wp","href":"https:\/\/api.w.org\/{rel}","templated":true}]}}