{"id":62663,"date":"2022-05-09T14:06:06","date_gmt":"2022-05-09T12:06:06","guid":{"rendered":"https:\/\/mont-roig.cat\/actualitat\/noticies\/preinscripcions-llars-dinfants-municipals-curs-2022-2023\/"},"modified":"2022-05-11T14:05:38","modified_gmt":"2022-05-11T12:05:38","slug":"preinscripcions-llars-dinfants-municipals-curs-2022-2023","status":"publish","type":"post","link":"https:\/\/mont-roig.cat\/es\/actualitat\/noticies\/preinscripcions-llars-dinfants-municipals-curs-2022-2023\/","title":{"rendered":"Preinscripciones guarder\u00edas municipales 2022\/2023"},"content":{"rendered":"<ul>\n<li><strong>El periodo de presentaci\u00f3n de la solicitud de preinscripci\u00f3n para las guarder\u00edas municipales Petete de Miami Platja y Mare de D\u00e9u de la Roca de Mont-roig comienza hoy y se alargar\u00e1 hasta el 20 de mayo de 2022)<\/strong><\/li>\n<\/ul>\n<p><a href=\"https:\/\/mont-roig.cat\/wp-content\/uploads\/Inscripcions-llars-dinfans-2022_web-1_page-0004.jpg\"><img loading=\"lazy\" decoding=\"async\" class=\"alignright wp-image-62657\" src=\"https:\/\/mont-roig.cat\/wp-content\/uploads\/Inscripcions-llars-dinfans-2022_web-1_page-0004-353x500.jpg\" alt=\"\" width=\"165\" height=\"234\" srcset=\"https:\/\/mont-roig.cat\/wp-content\/uploads\/Inscripcions-llars-dinfans-2022_web-1_page-0004-353x500.jpg 353w, https:\/\/mont-roig.cat\/wp-content\/uploads\/Inscripcions-llars-dinfans-2022_web-1_page-0004-722x1024.jpg 722w, https:\/\/mont-roig.cat\/wp-content\/uploads\/Inscripcions-llars-dinfans-2022_web-1_page-0004-768x1089.jpg 768w, https:\/\/mont-roig.cat\/wp-content\/uploads\/Inscripcions-llars-dinfans-2022_web-1_page-0004.jpg 875w\" sizes=\"auto, (max-width: 165px) 100vw, 165px\" \/><\/a><a href=\"https:\/\/mont-roig.cat\/wp-content\/uploads\/Inscripcions-llars-dinfans-2022_web-1_page-0003.jpg\"><img loading=\"lazy\" decoding=\"async\" class=\"wp-image-62655 alignright\" src=\"https:\/\/mont-roig.cat\/wp-content\/uploads\/Inscripcions-llars-dinfans-2022_web-1_page-0003-353x500.jpg\" alt=\"\" width=\"165\" height=\"233\" srcset=\"https:\/\/mont-roig.cat\/wp-content\/uploads\/Inscripcions-llars-dinfans-2022_web-1_page-0003-353x500.jpg 353w, https:\/\/mont-roig.cat\/wp-content\/uploads\/Inscripcions-llars-dinfans-2022_web-1_page-0003-722x1024.jpg 722w, https:\/\/mont-roig.cat\/wp-content\/uploads\/Inscripcions-llars-dinfans-2022_web-1_page-0003-768x1089.jpg 768w, https:\/\/mont-roig.cat\/wp-content\/uploads\/Inscripcions-llars-dinfans-2022_web-1_page-0003.jpg 875w\" sizes=\"auto, (max-width: 165px) 100vw, 165px\" \/><\/a><a href=\"https:\/\/mont-roig.cat\/wp-content\/uploads\/Inscripcions-llars-dinfans-2022_web-1_page-0001.jpg\"><img loading=\"lazy\" decoding=\"async\" class=\"alignright wp-image-62651\" src=\"https:\/\/mont-roig.cat\/wp-content\/uploads\/Inscripcions-llars-dinfans-2022_web-1_page-0001-353x500.jpg\" alt=\"\" width=\"165\" height=\"234\" srcset=\"https:\/\/mont-roig.cat\/wp-content\/uploads\/Inscripcions-llars-dinfans-2022_web-1_page-0001-353x500.jpg 353w, https:\/\/mont-roig.cat\/wp-content\/uploads\/Inscripcions-llars-dinfans-2022_web-1_page-0001-722x1024.jpg 722w, https:\/\/mont-roig.cat\/wp-content\/uploads\/Inscripcions-llars-dinfans-2022_web-1_page-0001-768x1089.jpg 768w, https:\/\/mont-roig.cat\/wp-content\/uploads\/Inscripcions-llars-dinfans-2022_web-1_page-0001.jpg 875w\" sizes=\"auto, (max-width: 165px) 100vw, 165px\" \/><\/a><\/p>\n<p><a href=\"https:\/\/mont-roig.cat\/wp-content\/uploads\/Inscripcions-llars-dinfans-2022_web.pdf\" target=\"_blank\" rel=\"noopener\" data-wpel-link=\"internal\">Desc\u00e1rgate el flyer informativo en este enlace.<\/a><\/p>\n<p>La preinscripci\u00f3n se realizar\u00e1 telem\u00e1ticamente a trav\u00e9s de la sede electr\u00f3nica de la Entidad P\u00fablica Empresarial de Servicios y Obras Nostreserveis mediante el siguiente enlace:<\/p>\n<ul>\n<li><a href=\"https:\/\/nostreserveis.eadministracio.cat\/info.0\" target=\"_blank\" rel=\"noopener\"><u>Seu Electr\u00f2nica Nostreserveis<\/u><\/a><\/li>\n<\/ul>\n<p>En caso de duda, las familias pueden dirigirse a las guarder\u00edas o bien a la oficina de Nostreserveis, preferentemente de forma telef\u00f3nica.<\/p>\n<ul>\n<li><b><\/b><strong><b>Guarder\u00eda Mare de D\u00e9u de la Roca de Mont-roig<\/b><\/strong>\n<ul>\n<li>Tel\u00e9fono 977 83 74 19 o al 647 539 663<\/li>\n<li>Correo electr\u00f3nico <a href=\"mailto:llar.infants@nostreserveis.cat\" target=\"_blank\" rel=\"noopener\"><u>infants@nostreserveis.cat<\/u><\/a>.<\/li>\n<\/ul>\n<\/li>\n<li><b><\/b><strong><b>Guarder\u00eda Petete de Miami Platja<\/b><\/strong>\n<ul>\n<li>Tel\u00e9fono 977 17 03 48 o al 626 76 40 72<\/li>\n<li>Correo electr\u00f3nico\u00a0 <a href=\"mailto:llar.infants.miami@nostreserveis.cat\" target=\"_blank\" rel=\"noopener\"><u>miami@nostreserveis.cat<\/u><\/a><\/li>\n<\/ul>\n<\/li>\n<li><b><\/b><strong><b>Entitat P\u00fablica Empreserial de Serveis i Obres Nostreserveis<\/b><\/strong>\n<ul>\n<li>Tel\u00e9fono 977 83 72 29<\/li>\n<\/ul>\n<\/li>\n<li><b><\/b><strong><b>Oficina Municipal de Escolaritzaci\u00f3n (OME)<\/b><\/strong>\n<ul>\n<li>Tel\u00e9fono 977 17 28 65<\/li>\n<li>Correo electr\u00f2nico <a href=\"mailto:ome@mont-roig.cat\" target=\"_blank\" rel=\"noopener\"><u>ome@mont-roig.cat<\/u><\/a><\/li>\n<\/ul>\n<\/li>\n<\/ul>\n<p><strong>DOCUMENTACI\u00d3N IDENTIFICATIVA HA PRESENTAR en el momento de hacer la preinscripci\u00f3n.<\/strong><\/p>\n<ul>\n<li>Solicitud de preinscripci\u00f3n<\/li>\n<li>Original y fotocopia del libro de familia u otros documentos relativos a la filiaci\u00f3n. Si el alumno o la alumna est\u00e1 en situaci\u00f3n de acogida, la resoluci\u00f3n de acogida del Departamento de Trabajo, Asuntos Sociales y familias.<\/li>\n<li>Original y fotocopia del DNI de la persona solicitante (padre, madre, tutor\/a o responsable de hecho) o, si la persona solicitante es extranjera, de la tarjeta de residencia donde consta el NIE o el pasaporte. Si se trata de extranjeros comunitarios, documento de identidad del pa\u00eds de origen.<\/li>\n<li>Original y fotocopia de la TSI (tarjeta sanitaria individual) del ni\u00f1o\/a.<\/li>\n<\/ul>\n<p><strong>DOCUMENTACI\u00d3N BAREMACI\u00d3N (criterios generales y criterios complementarios)<\/strong><\/p>\n<ul>\n<li>Para computar la proximidad del puesto de trabajo: copia del contrato de trabajo o certificado emitido al efecto por la empresa.<\/li>\n<li>Acreditaci\u00f3n de ser beneficiario o beneficiaria de la prestaci\u00f3n econ\u00f3mica de la renta garantizada de ciudadan\u00eda.<\/li>\n<li>Copia del certificado o de la tarjeta acreditativa de la discapacidad de la persona que alega esta condici\u00f3n, emitido por el Departamento de Trabajo, Asuntos Sociales y Familias.<\/li>\n<li>Copia del t\u00edtulo de familia numerosa vigente.<\/li>\n<\/ul>\n<p>Toda la informaci\u00f3n sobre preinscripci\u00f3n se puede encontrar en la web de la Generalitat:<\/p>\n<p><a class=\"ext-link wpel-icon-right\" href=\"https:\/\/preinscripcio.gencat.cat\/ca\/estudis\/infantil-0-3\/inici\/\" target=\"_blank\" rel=\"nofollow external noopener noreferrer\" data-wpel-link=\"external\">https:\/\/preinscripcio.gencat.cat\/ca\/estudis\/infantil-0-3\/inici\/<\/a><\/p>\n<p>&nbsp;<\/p>\n","protected":false},"excerpt":{"rendered":"<p>El periodo de presentaci\u00f3n de la solicitud de preinscripci\u00f3n para las guarder\u00edas municipales Petete de Miami Platja y Mare de D\u00e9u de la Roca de Mont-roig comienza hoy y se alargar\u00e1 hasta el 20 de mayo de 2022) Desc\u00e1rgate el flyer informativo en este enlace. La preinscripci\u00f3n se realizar\u00e1 telem\u00e1ticamente a trav\u00e9s de la sede [&hellip;]<\/p>\n","protected":false},"author":13,"featured_media":62652,"comment_status":"closed","ping_status":"closed","sticky":false,"template":"","format":"standard","meta":{"inline_featured_image":false,"_monsterinsights_skip_tracking":false,"_monsterinsights_sitenote_active":false,"_monsterinsights_sitenote_note":"","_monsterinsights_sitenote_category":0,"footnotes":""},"categories":[98,103,71],"tags":[],"class_list":["post-62663","post","type-post","status-publish","format-standard","has-post-thumbnail","hentry","category-ayuntamiento","category-educacion","category-general-es"],"yoast_head":"<!-- This site is optimized with the Yoast SEO plugin v27.4 - https:\/\/yoast.com\/product\/yoast-seo-wordpress\/ -->\n<title>Preinscripciones guarder\u00edas municipales 2022\/2023 - Ajuntament de Mont-roig del Camp<\/title>\n<meta name=\"robots\" content=\"index, follow, max-snippet:-1, max-image-preview:large, max-video-preview:-1\" \/>\n<link rel=\"canonical\" href=\"https:\/\/mont-roig.cat\/es\/actualitat\/noticies\/preinscripcions-llars-dinfants-municipals-curs-2022-2023\/\" \/>\n<meta property=\"og:locale\" content=\"es_ES\" \/>\n<meta property=\"og:type\" content=\"article\" \/>\n<meta property=\"og:title\" content=\"Preinscripciones guarder\u00edas municipales 2022\/2023 - Ajuntament de Mont-roig del Camp\" \/>\n<meta property=\"og:description\" content=\"El periodo de presentaci\u00f3n de la solicitud de preinscripci\u00f3n para las guarder\u00edas municipales Petete de Miami Platja y Mare de D\u00e9u de la Roca de Mont-roig comienza hoy y se alargar\u00e1 hasta el 20 de mayo de 2022) Desc\u00e1rgate el flyer informativo en este enlace. La preinscripci\u00f3n se realizar\u00e1 telem\u00e1ticamente a trav\u00e9s de la sede [&hellip;]\" \/>\n<meta property=\"og:url\" content=\"https:\/\/mont-roig.cat\/es\/actualitat\/noticies\/preinscripcions-llars-dinfants-municipals-curs-2022-2023\/\" \/>\n<meta property=\"og:site_name\" content=\"Ajuntament de Mont-roig del Camp\" \/>\n<meta property=\"article:published_time\" content=\"2022-05-09T12:06:06+00:00\" \/>\n<meta property=\"article:modified_time\" content=\"2022-05-11T12:05:38+00:00\" \/>\n<meta property=\"og:image\" content=\"https:\/\/mont-roig.cat\/wp-content\/uploads\/Inscripcions-llars-dinfans-2022_web-1_page-0001.jpg\" \/>\n\t<meta property=\"og:image:width\" content=\"875\" \/>\n\t<meta property=\"og:image:height\" content=\"1241\" \/>\n\t<meta property=\"og:image:type\" content=\"image\/jpeg\" \/>\n<meta name=\"author\" content=\"comunicacio\" \/>\n<meta name=\"twitter:card\" content=\"summary_large_image\" \/>\n<meta name=\"twitter:label1\" content=\"Escrito por\" \/>\n\t<meta name=\"twitter:data1\" content=\"comunicacio\" \/>\n\t<meta name=\"twitter:label2\" content=\"Tiempo de lectura\" \/>\n\t<meta name=\"twitter:data2\" content=\"3 minutos\" \/>\n<script type=\"application\/ld+json\" class=\"yoast-schema-graph\">{\"@context\":\"https:\\\/\\\/schema.org\",\"@graph\":[{\"@type\":\"Article\",\"@id\":\"https:\\\/\\\/mont-roig.cat\\\/es\\\/actualitat\\\/noticies\\\/preinscripcions-llars-dinfants-municipals-curs-2022-2023\\\/#article\",\"isPartOf\":{\"@id\":\"https:\\\/\\\/mont-roig.cat\\\/es\\\/actualitat\\\/noticies\\\/preinscripcions-llars-dinfants-municipals-curs-2022-2023\\\/\"},\"author\":{\"name\":\"comunicacio\",\"@id\":\"https:\\\/\\\/mont-roig.cat\\\/es\\\/#\\\/schema\\\/person\\\/1f73e7b5e6f9dd122e8a6f14f310ac5e\"},\"headline\":\"Preinscripciones guarder\u00edas municipales 2022\\\/2023\",\"datePublished\":\"2022-05-09T12:06:06+00:00\",\"dateModified\":\"2022-05-11T12:05:38+00:00\",\"mainEntityOfPage\":{\"@id\":\"https:\\\/\\\/mont-roig.cat\\\/es\\\/actualitat\\\/noticies\\\/preinscripcions-llars-dinfants-municipals-curs-2022-2023\\\/\"},\"wordCount\":405,\"image\":{\"@id\":\"https:\\\/\\\/mont-roig.cat\\\/es\\\/actualitat\\\/noticies\\\/preinscripcions-llars-dinfants-municipals-curs-2022-2023\\\/#primaryimage\"},\"thumbnailUrl\":\"https:\\\/\\\/mont-roig.cat\\\/wp-content\\\/uploads\\\/Inscripcions-llars-dinfans-2022_web-1_page-0001.jpg\",\"articleSection\":[\"Ayuntamiento\",\"Educaci\u00f3n\",\"General\"],\"inLanguage\":\"es\"},{\"@type\":\"WebPage\",\"@id\":\"https:\\\/\\\/mont-roig.cat\\\/es\\\/actualitat\\\/noticies\\\/preinscripcions-llars-dinfants-municipals-curs-2022-2023\\\/\",\"url\":\"https:\\\/\\\/mont-roig.cat\\\/es\\\/actualitat\\\/noticies\\\/preinscripcions-llars-dinfants-municipals-curs-2022-2023\\\/\",\"name\":\"Preinscripciones guarder\u00edas municipales 2022\\\/2023 - Ajuntament de Mont-roig del Camp\",\"isPartOf\":{\"@id\":\"https:\\\/\\\/mont-roig.cat\\\/es\\\/#website\"},\"primaryImageOfPage\":{\"@id\":\"https:\\\/\\\/mont-roig.cat\\\/es\\\/actualitat\\\/noticies\\\/preinscripcions-llars-dinfants-municipals-curs-2022-2023\\\/#primaryimage\"},\"image\":{\"@id\":\"https:\\\/\\\/mont-roig.cat\\\/es\\\/actualitat\\\/noticies\\\/preinscripcions-llars-dinfants-municipals-curs-2022-2023\\\/#primaryimage\"},\"thumbnailUrl\":\"https:\\\/\\\/mont-roig.cat\\\/wp-content\\\/uploads\\\/Inscripcions-llars-dinfans-2022_web-1_page-0001.jpg\",\"datePublished\":\"2022-05-09T12:06:06+00:00\",\"dateModified\":\"2022-05-11T12:05:38+00:00\",\"author\":{\"@id\":\"https:\\\/\\\/mont-roig.cat\\\/es\\\/#\\\/schema\\\/person\\\/1f73e7b5e6f9dd122e8a6f14f310ac5e\"},\"breadcrumb\":{\"@id\":\"https:\\\/\\\/mont-roig.cat\\\/es\\\/actualitat\\\/noticies\\\/preinscripcions-llars-dinfants-municipals-curs-2022-2023\\\/#breadcrumb\"},\"inLanguage\":\"es\",\"potentialAction\":[{\"@type\":\"ReadAction\",\"target\":[\"https:\\\/\\\/mont-roig.cat\\\/es\\\/actualitat\\\/noticies\\\/preinscripcions-llars-dinfants-municipals-curs-2022-2023\\\/\"]}]},{\"@type\":\"ImageObject\",\"inLanguage\":\"es\",\"@id\":\"https:\\\/\\\/mont-roig.cat\\\/es\\\/actualitat\\\/noticies\\\/preinscripcions-llars-dinfants-municipals-curs-2022-2023\\\/#primaryimage\",\"url\":\"https:\\\/\\\/mont-roig.cat\\\/wp-content\\\/uploads\\\/Inscripcions-llars-dinfans-2022_web-1_page-0001.jpg\",\"contentUrl\":\"https:\\\/\\\/mont-roig.cat\\\/wp-content\\\/uploads\\\/Inscripcions-llars-dinfans-2022_web-1_page-0001.jpg\",\"width\":875,\"height\":1241},{\"@type\":\"BreadcrumbList\",\"@id\":\"https:\\\/\\\/mont-roig.cat\\\/es\\\/actualitat\\\/noticies\\\/preinscripcions-llars-dinfants-municipals-curs-2022-2023\\\/#breadcrumb\",\"itemListElement\":[{\"@type\":\"ListItem\",\"position\":1,\"name\":\"Inici\",\"item\":\"https:\\\/\\\/mont-roig.cat\\\/es\\\/pagina-de-inicio\\\/\"},{\"@type\":\"ListItem\",\"position\":2,\"name\":\"Preinscripciones guarder\u00edas municipales 2022\\\/2023\"}]},{\"@type\":\"WebSite\",\"@id\":\"https:\\\/\\\/mont-roig.cat\\\/es\\\/#website\",\"url\":\"https:\\\/\\\/mont-roig.cat\\\/es\\\/\",\"name\":\"Ajuntament de Mont-roig del Camp\",\"description\":\"Tota la informaci\u00f3 sobre la instituci\u00f3, els seus \u00f2rgans de govern, actualitat, serveis i molt m\u00e9s.\",\"potentialAction\":[{\"@type\":\"SearchAction\",\"target\":{\"@type\":\"EntryPoint\",\"urlTemplate\":\"https:\\\/\\\/mont-roig.cat\\\/es\\\/?s={search_term_string}\"},\"query-input\":{\"@type\":\"PropertyValueSpecification\",\"valueRequired\":true,\"valueName\":\"search_term_string\"}}],\"inLanguage\":\"es\"},{\"@type\":\"Person\",\"@id\":\"https:\\\/\\\/mont-roig.cat\\\/es\\\/#\\\/schema\\\/person\\\/1f73e7b5e6f9dd122e8a6f14f310ac5e\",\"name\":\"comunicacio\",\"image\":{\"@type\":\"ImageObject\",\"inLanguage\":\"es\",\"@id\":\"https:\\\/\\\/secure.gravatar.com\\\/avatar\\\/98944333e7a877670a64f8d10f0cb680ab2c9ebc4efc43945ef004b52b5ad28c?s=96&d=mm&r=g\",\"url\":\"https:\\\/\\\/secure.gravatar.com\\\/avatar\\\/98944333e7a877670a64f8d10f0cb680ab2c9ebc4efc43945ef004b52b5ad28c?s=96&d=mm&r=g\",\"contentUrl\":\"https:\\\/\\\/secure.gravatar.com\\\/avatar\\\/98944333e7a877670a64f8d10f0cb680ab2c9ebc4efc43945ef004b52b5ad28c?s=96&d=mm&r=g\",\"caption\":\"comunicacio\"},\"url\":\"https:\\\/\\\/mont-roig.cat\\\/es\\\/actualitat\\\/noticies\\\/author\\\/comunicacio\\\/\"}]}<\/script>\n<!-- \/ Yoast SEO plugin. -->","yoast_head_json":{"title":"Preinscripciones guarder\u00edas municipales 2022\/2023 - Ajuntament de Mont-roig del Camp","robots":{"index":"index","follow":"follow","max-snippet":"max-snippet:-1","max-image-preview":"max-image-preview:large","max-video-preview":"max-video-preview:-1"},"canonical":"https:\/\/mont-roig.cat\/es\/actualitat\/noticies\/preinscripcions-llars-dinfants-municipals-curs-2022-2023\/","og_locale":"es_ES","og_type":"article","og_title":"Preinscripciones guarder\u00edas municipales 2022\/2023 - Ajuntament de Mont-roig del Camp","og_description":"El periodo de presentaci\u00f3n de la solicitud de preinscripci\u00f3n para las guarder\u00edas municipales Petete de Miami Platja y Mare de D\u00e9u de la Roca de Mont-roig comienza hoy y se alargar\u00e1 hasta el 20 de mayo de 2022) Desc\u00e1rgate el flyer informativo en este enlace. La preinscripci\u00f3n se realizar\u00e1 telem\u00e1ticamente a trav\u00e9s de la sede [&hellip;]","og_url":"https:\/\/mont-roig.cat\/es\/actualitat\/noticies\/preinscripcions-llars-dinfants-municipals-curs-2022-2023\/","og_site_name":"Ajuntament de Mont-roig del Camp","article_published_time":"2022-05-09T12:06:06+00:00","article_modified_time":"2022-05-11T12:05:38+00:00","og_image":[{"width":875,"height":1241,"url":"https:\/\/mont-roig.cat\/wp-content\/uploads\/Inscripcions-llars-dinfans-2022_web-1_page-0001.jpg","type":"image\/jpeg"}],"author":"comunicacio","twitter_card":"summary_large_image","twitter_misc":{"Escrito por":"comunicacio","Tiempo de lectura":"3 minutos"},"schema":{"@context":"https:\/\/schema.org","@graph":[{"@type":"Article","@id":"https:\/\/mont-roig.cat\/es\/actualitat\/noticies\/preinscripcions-llars-dinfants-municipals-curs-2022-2023\/#article","isPartOf":{"@id":"https:\/\/mont-roig.cat\/es\/actualitat\/noticies\/preinscripcions-llars-dinfants-municipals-curs-2022-2023\/"},"author":{"name":"comunicacio","@id":"https:\/\/mont-roig.cat\/es\/#\/schema\/person\/1f73e7b5e6f9dd122e8a6f14f310ac5e"},"headline":"Preinscripciones guarder\u00edas municipales 2022\/2023","datePublished":"2022-05-09T12:06:06+00:00","dateModified":"2022-05-11T12:05:38+00:00","mainEntityOfPage":{"@id":"https:\/\/mont-roig.cat\/es\/actualitat\/noticies\/preinscripcions-llars-dinfants-municipals-curs-2022-2023\/"},"wordCount":405,"image":{"@id":"https:\/\/mont-roig.cat\/es\/actualitat\/noticies\/preinscripcions-llars-dinfants-municipals-curs-2022-2023\/#primaryimage"},"thumbnailUrl":"https:\/\/mont-roig.cat\/wp-content\/uploads\/Inscripcions-llars-dinfans-2022_web-1_page-0001.jpg","articleSection":["Ayuntamiento","Educaci\u00f3n","General"],"inLanguage":"es"},{"@type":"WebPage","@id":"https:\/\/mont-roig.cat\/es\/actualitat\/noticies\/preinscripcions-llars-dinfants-municipals-curs-2022-2023\/","url":"https:\/\/mont-roig.cat\/es\/actualitat\/noticies\/preinscripcions-llars-dinfants-municipals-curs-2022-2023\/","name":"Preinscripciones guarder\u00edas municipales 2022\/2023 - Ajuntament de Mont-roig del Camp","isPartOf":{"@id":"https:\/\/mont-roig.cat\/es\/#website"},"primaryImageOfPage":{"@id":"https:\/\/mont-roig.cat\/es\/actualitat\/noticies\/preinscripcions-llars-dinfants-municipals-curs-2022-2023\/#primaryimage"},"image":{"@id":"https:\/\/mont-roig.cat\/es\/actualitat\/noticies\/preinscripcions-llars-dinfants-municipals-curs-2022-2023\/#primaryimage"},"thumbnailUrl":"https:\/\/mont-roig.cat\/wp-content\/uploads\/Inscripcions-llars-dinfans-2022_web-1_page-0001.jpg","datePublished":"2022-05-09T12:06:06+00:00","dateModified":"2022-05-11T12:05:38+00:00","author":{"@id":"https:\/\/mont-roig.cat\/es\/#\/schema\/person\/1f73e7b5e6f9dd122e8a6f14f310ac5e"},"breadcrumb":{"@id":"https:\/\/mont-roig.cat\/es\/actualitat\/noticies\/preinscripcions-llars-dinfants-municipals-curs-2022-2023\/#breadcrumb"},"inLanguage":"es","potentialAction":[{"@type":"ReadAction","target":["https:\/\/mont-roig.cat\/es\/actualitat\/noticies\/preinscripcions-llars-dinfants-municipals-curs-2022-2023\/"]}]},{"@type":"ImageObject","inLanguage":"es","@id":"https:\/\/mont-roig.cat\/es\/actualitat\/noticies\/preinscripcions-llars-dinfants-municipals-curs-2022-2023\/#primaryimage","url":"https:\/\/mont-roig.cat\/wp-content\/uploads\/Inscripcions-llars-dinfans-2022_web-1_page-0001.jpg","contentUrl":"https:\/\/mont-roig.cat\/wp-content\/uploads\/Inscripcions-llars-dinfans-2022_web-1_page-0001.jpg","width":875,"height":1241},{"@type":"BreadcrumbList","@id":"https:\/\/mont-roig.cat\/es\/actualitat\/noticies\/preinscripcions-llars-dinfants-municipals-curs-2022-2023\/#breadcrumb","itemListElement":[{"@type":"ListItem","position":1,"name":"Inici","item":"https:\/\/mont-roig.cat\/es\/pagina-de-inicio\/"},{"@type":"ListItem","position":2,"name":"Preinscripciones guarder\u00edas municipales 2022\/2023"}]},{"@type":"WebSite","@id":"https:\/\/mont-roig.cat\/es\/#website","url":"https:\/\/mont-roig.cat\/es\/","name":"Ajuntament de Mont-roig del Camp","description":"Tota la informaci\u00f3 sobre la instituci\u00f3, els seus \u00f2rgans de govern, actualitat, serveis i molt m\u00e9s.","potentialAction":[{"@type":"SearchAction","target":{"@type":"EntryPoint","urlTemplate":"https:\/\/mont-roig.cat\/es\/?s={search_term_string}"},"query-input":{"@type":"PropertyValueSpecification","valueRequired":true,"valueName":"search_term_string"}}],"inLanguage":"es"},{"@type":"Person","@id":"https:\/\/mont-roig.cat\/es\/#\/schema\/person\/1f73e7b5e6f9dd122e8a6f14f310ac5e","name":"comunicacio","image":{"@type":"ImageObject","inLanguage":"es","@id":"https:\/\/secure.gravatar.com\/avatar\/98944333e7a877670a64f8d10f0cb680ab2c9ebc4efc43945ef004b52b5ad28c?s=96&d=mm&r=g","url":"https:\/\/secure.gravatar.com\/avatar\/98944333e7a877670a64f8d10f0cb680ab2c9ebc4efc43945ef004b52b5ad28c?s=96&d=mm&r=g","contentUrl":"https:\/\/secure.gravatar.com\/avatar\/98944333e7a877670a64f8d10f0cb680ab2c9ebc4efc43945ef004b52b5ad28c?s=96&d=mm&r=g","caption":"comunicacio"},"url":"https:\/\/mont-roig.cat\/es\/actualitat\/noticies\/author\/comunicacio\/"}]}},"_links":{"self":[{"href":"https:\/\/mont-roig.cat\/es\/wp-json\/wp\/v2\/posts\/62663","targetHints":{"allow":["GET"]}}],"collection":[{"href":"https:\/\/mont-roig.cat\/es\/wp-json\/wp\/v2\/posts"}],"about":[{"href":"https:\/\/mont-roig.cat\/es\/wp-json\/wp\/v2\/types\/post"}],"author":[{"embeddable":true,"href":"https:\/\/mont-roig.cat\/es\/wp-json\/wp\/v2\/users\/13"}],"replies":[{"embeddable":true,"href":"https:\/\/mont-roig.cat\/es\/wp-json\/wp\/v2\/comments?post=62663"}],"version-history":[{"count":4,"href":"https:\/\/mont-roig.cat\/es\/wp-json\/wp\/v2\/posts\/62663\/revisions"}],"predecessor-version":[{"id":62785,"href":"https:\/\/mont-roig.cat\/es\/wp-json\/wp\/v2\/posts\/62663\/revisions\/62785"}],"wp:featuredmedia":[{"embeddable":true,"href":"https:\/\/mont-roig.cat\/es\/wp-json\/wp\/v2\/media\/62652"}],"wp:attachment":[{"href":"https:\/\/mont-roig.cat\/es\/wp-json\/wp\/v2\/media?parent=62663"}],"wp:term":[{"taxonomy":"category","embeddable":true,"href":"https:\/\/mont-roig.cat\/es\/wp-json\/wp\/v2\/categories?post=62663"},{"taxonomy":"post_tag","embeddable":true,"href":"https:\/\/mont-roig.cat\/es\/wp-json\/wp\/v2\/tags?post=62663"}],"curies":[{"name":"wp","href":"https:\/\/api.w.org\/{rel}","templated":true}]}}