{"id":62934,"date":"2022-05-16T10:32:55","date_gmt":"2022-05-16T08:32:55","guid":{"rendered":"https:\/\/mont-roig.cat\/actualitat\/noticies\/lempresa-sud-coreana-de-components-de-bateries-iljin-materials-invertira-600-milions-deuros-per-obrir-a-mont-roig-del-camp-la-seva-primera-fabrica-a-europa\/"},"modified":"2024-02-20T11:15:53","modified_gmt":"2024-02-20T10:15:53","slug":"la-empresa-surcoreana-de-componentes-de-baterias-iljin-materials-invertira-600-millones-de-euros-para-abrir-en-mont-roig-del-camp-su-primera-fabrica-en-europa","status":"publish","type":"post","link":"https:\/\/mont-roig.cat\/es\/actualitat\/noticies\/la-empresa-surcoreana-de-componentes-de-baterias-iljin-materials-invertira-600-millones-de-euros-para-abrir-en-mont-roig-del-camp-su-primera-fabrica-en-europa\/","title":{"rendered":"La empresa surcoreana de componentes de bater\u00edas ILJIN Materiales invertir\u00e1 600 millones de euros para abrir en Mont-roig del Camp su primera f\u00e1brica en Europa"},"content":{"rendered":"<div id=\"attachment_62895\" style=\"width: 313px\" class=\"wp-caption alignright\"><a href=\"https:\/\/mont-roig.cat\/wp-content\/uploads\/foto-oficial.jpg\"><img loading=\"lazy\" decoding=\"async\" aria-describedby=\"caption-attachment-62895\" class=\"wp-image-62895\" src=\"https:\/\/mont-roig.cat\/wp-content\/uploads\/foto-oficial-500x375.jpg\" alt=\"\" width=\"303\" height=\"227\" srcset=\"https:\/\/mont-roig.cat\/wp-content\/uploads\/foto-oficial-500x375.jpg 500w, https:\/\/mont-roig.cat\/wp-content\/uploads\/foto-oficial-1024x768.jpg 1024w, https:\/\/mont-roig.cat\/wp-content\/uploads\/foto-oficial-768x576.jpg 768w, https:\/\/mont-roig.cat\/wp-content\/uploads\/foto-oficial-1536x1152.jpg 1536w, https:\/\/mont-roig.cat\/wp-content\/uploads\/foto-oficial-463x348.jpg 463w, https:\/\/mont-roig.cat\/wp-content\/uploads\/foto-oficial.jpg 2016w\" sizes=\"auto, (max-width: 303px) 100vw, 303px\" \/><\/a><p id=\"caption-attachment-62895\" class=\"wp-caption-text\">De izquierda a derecha: el concejal Vicente P\u00e9rez, la concejala Yolanda P\u00e9rez, Gil Soo Jung, senior executive vice presidente de Iljin, el alcalde Fran Morancho, el CEO de Iljin Jeom-Sick Yang, el consejero Roger Torrent, el general manager de Iljin, Kyuntae Kim, la directora general de Industria Nat\u00e0lia Mas y la directora de Acci\u00f3n en Corea, Hee Yon Lee.<\/p><\/div>\n<div class=\"dePhmb\" aria-live=\"polite\">\n<div class=\"eyKpYb\" data-language=\"es\" data-original-language=\"ca\" data-result-index=\"0\">\n<ul>\n<li class=\"J0lOec\"><strong><span class=\"VIiyi\" lang=\"es\"><span class=\"JLqJ4b\" data-language-for-alternatives=\"es\" data-language-to-translate-into=\"ca\" data-phrase-index=\"0\" data-number-of-phrases=\"1\"><span class=\"Q4iAWc\">Lo ha anunciado desde Se\u00fal el conseller Roger Torrent, que ha estado acompa\u00f1ado por el alcalde Fran Morancho y una delegaci\u00f3n del gobierno de Mont-roig del Camp, despu\u00e9s de reunirse con directivos de la compa\u00f1\u00eda asi\u00e1tica, una de las \u00fanicas del mundo que se dedica a la fabricaci\u00f3n de l\u00e1minas de cobre para bater\u00edas de veh\u00edculos el\u00e9ctricos y productos electr\u00f3nicos <\/span><\/span><\/span><\/strong><\/li>\n<\/ul>\n<p>&nbsp;<\/p>\n<ul>\n<li class=\"J0lOec\"><strong><span class=\"VIiyi\" lang=\"es\"><span class=\"JLqJ4b\" data-language-for-alternatives=\"es\" data-language-to-translate-into=\"ca\" data-phrase-index=\"0\" data-number-of-phrases=\"1\"><span class=\"Q4iAWc\">El proyecto de inversi\u00f3n, de alto valor a\u00f1adido y estrat\u00e9gico por Catalunya, contempla la creaci\u00f3n de 500 nuevos puestos de trabajo con la previsi\u00f3n de abrir en 2024 en Mont-roig del Camp una planta de producci\u00f3n de 30.000 m2 en el pol\u00edgono de Els Comellarets<\/span><\/span><\/span><\/strong><\/li>\n<\/ul>\n<p>&nbsp;<\/p>\n<ul>\n<li class=\"J0lOec\"><strong><span class=\"VIiyi\" lang=\"es\"><span class=\"JLqJ4b\" data-language-for-alternatives=\"es\" data-language-to-translate-into=\"ca\" data-phrase-index=\"0\" data-number-of-phrases=\"1\"><span class=\"Q4iAWc\">El alcalde de Mont-roig del Camp ha destacado la importancia enorme de esta inversi\u00f3n en el municipio que &#8220;supone una gran oportunidad, que adem\u00e1s responde perfectamente a nuestra estrategia de diversificaci\u00f3n econ\u00f3mica y transici\u00f3n verde&#8221;<\/span><\/span><\/span><\/strong><\/li>\n<\/ul>\n<div>Una delegaci\u00f3n del Ayuntamiento de Mont-roig del Camp encabezada por el alcalde Fran Morancho, la concejala de Impulso Econ\u00f3mico Yolanda P\u00e9rez y por el concejal y vicepresidente de Nostraigua, Vicente P\u00e9rez, ha acompa\u00f1ado hoy a Corea al conseller de Empresa y Trabajo de la Generalitat, Roger Torrent i Rami\u00f3, que ha anunciado que la empresa surcoreana ILJIN Materiales, fabricante de componentes de bater\u00edas, invertir\u00e1 600 millones de euros y crear\u00e1 500 puestos de trabajo en Mont-roig del Camp apertura de su primera f\u00e1brica en Europa. Torrent lo ha dado a conocer despu\u00e9s de reunirse junto a la delegaci\u00f3n mont-rojiga en Se\u00fal con directivos de la compa\u00f1\u00eda, una de las \u00fanicas empresas mundiales dedicadas a la fabricaci\u00f3n de l\u00e1minas de cobre para bater\u00edas de veh\u00edculos el\u00e9ctricos y productos electr\u00f3nicos. En concreto, la inversi\u00f3n se ejecutar\u00e1 en el futuro pol\u00edgono industrial de Els Comellarets, que dispone de un total de 44 hect\u00e1reas y una inmejorable ubicaci\u00f3n con acceso directo a la A-7 y la AP-7.<\/div>\n<div><\/div>\n<\/div>\n<\/div>\n\n\t\t<!-- MasterSlider -->\n\t\t<div id=\"P_MS69f5c11e9305b\" class=\"master-slider-parent master-slider-gallery   ms-parent-id-0\"  >\n\n\t\t\t\n\t\t\t<!-- MasterSlider Main -->\n\t\t\t<div id=\"MS69f5c11e9305b\" class=\"master-slider ms-skin-default\" >\n\t\t\t\t \t\t\t\t \n\t\t\t<div  class=\"ms-slide\" data-delay=\"3\"    >\n\t\t\t\t\t<img decoding=\"async\" src=\"https:\/\/mont-roig.cat\/wp-content\/plugins\/masterslider\/public\/assets\/css\/blank.gif\" alt=\"L'alcalde Morancho i el prersident Torrent, amb el CEP de Iljjin\" title=\"autoritats amb el president\" data-src=\"https:\/\/mont-roig.cat\/wp-content\/uploadsArray\" \/>\n\t<a href=\"https:\/\/mont-roig.cat\/es\/autoritats-amb-el-president-2\/\" target=\"_self\"    >autoritats amb el president<\/a>\n\n\t\t\t\t\t<div class=\"ms-info\">L'alcalde Morancho i el prersident Torrent, amb el CEP de Iljjin<\/div>\n\n\n\t<img decoding=\"async\" class=\"ms-thumb\" src=\"https:\/\/mont-roig.cat\/wp-content\/uploadsArray\" alt=\"L'alcalde Morancho i el prersident Torrent, amb el CEP de Iljjin\" \/>\n\t\t\t\t<\/div>\n\t\t\t<div  class=\"ms-slide\" data-delay=\"3\"    >\n\t\t\t\t\t<img decoding=\"async\" src=\"https:\/\/mont-roig.cat\/wp-content\/plugins\/masterslider\/public\/assets\/css\/blank.gif\" alt=\"Tobada informal entre la delegaci\u00f3 de Mont-roig i de la Generalitat\" title=\"delegacio mont-roig gencat\" data-src=\"https:\/\/mont-roig.cat\/wp-content\/uploadsArray\" \/>\n\t<a href=\"https:\/\/mont-roig.cat\/es\/delegacio-mont-roig-gencat-2\/\" target=\"_self\"    >delegacio mont-roig gencat<\/a>\n\n\t\t\t\t\t<div class=\"ms-info\">Tobada informal entre la delegaci\u00f3 de Mont-roig i de la Generalitat<\/div>\n\n\n\t<img decoding=\"async\" class=\"ms-thumb\" src=\"https:\/\/mont-roig.cat\/wp-content\/uploadsArray\" alt=\"Tobada informal entre la delegaci\u00f3 de Mont-roig i de la Generalitat\" \/>\n\t\t\t\t<\/div>\n\t\t\t<div  class=\"ms-slide\" data-delay=\"3\"    >\n\t\t\t\t\t<img decoding=\"async\" src=\"https:\/\/mont-roig.cat\/wp-content\/plugins\/masterslider\/public\/assets\/css\/blank.gif\" alt=\"L'alcalde Fran Morancho antenent la premsa\" title=\"morancho declaracions\" data-src=\"https:\/\/mont-roig.cat\/wp-content\/uploadsArray\" \/>\n\t<a href=\"https:\/\/mont-roig.cat\/es\/actualitat\/noticies\/la-empresa-surcoreana-de-componentes-de-baterias-iljin-materials-invertira-600-millones-de-euros-para-abrir-en-mont-roig-del-camp-su-primera-fabrica-en-europa\/morancho-declaracions-2-2\/\" target=\"_self\"    >morancho declaracions<\/a>\n\n\t\t\t\t\t<div class=\"ms-info\">L'alcalde Fran Morancho antenent la premsa<\/div>\n\n\n\t<img decoding=\"async\" class=\"ms-thumb\" src=\"https:\/\/mont-roig.cat\/wp-content\/uploadsArray\" alt=\"L'alcalde Fran Morancho antenent la premsa\" \/>\n\t\t\t\t<\/div>\n\t\t\t<div  class=\"ms-slide\" data-delay=\"3\"    >\n\t\t\t\t\t<img decoding=\"async\" src=\"https:\/\/mont-roig.cat\/wp-content\/plugins\/masterslider\/public\/assets\/css\/blank.gif\" alt=\"L'alcalde Fran Morancho amb la regidora Yolanda P\u00e9rez i els regidor Vicente P\u00e9rez\" title=\"Morancho i regidors\" data-src=\"https:\/\/mont-roig.cat\/wp-content\/uploadsArray\" \/>\n\t<a href=\"https:\/\/mont-roig.cat\/es\/actualitat\/noticies\/la-empresa-surcoreana-de-componentes-de-baterias-iljin-materials-invertira-600-millones-de-euros-para-abrir-en-mont-roig-del-camp-su-primera-fabrica-en-europa\/morancho-i-regidors-2-2\/\" target=\"_self\"    >Morancho i regidors<\/a>\n\n\t\t\t\t\t<div class=\"ms-info\">L'alcalde Fran Morancho amb la regidora Yolanda P\u00e9rez i els regidor Vicente P\u00e9rez<\/div>\n\n\n\t<img decoding=\"async\" class=\"ms-thumb\" src=\"https:\/\/mont-roig.cat\/wp-content\/uploadsArray\" alt=\"L'alcalde Fran Morancho amb la regidora Yolanda P\u00e9rez i els regidor Vicente P\u00e9rez\" \/>\n\t\t\t\t<\/div>\n\t\t\t<div  class=\"ms-slide\" data-delay=\"3\"    >\n\t\t\t\t\t<img decoding=\"async\" src=\"https:\/\/mont-roig.cat\/wp-content\/plugins\/masterslider\/public\/assets\/css\/blank.gif\" alt=\"El regidor Vicente P\u00e9rez saludant el  cap de Injn\" title=\"recepcio vicente perez\" data-src=\"https:\/\/mont-roig.cat\/wp-content\/uploadsArray\" \/>\n\t<a href=\"https:\/\/mont-roig.cat\/es\/actualitat\/noticies\/la-empresa-surcoreana-de-componentes-de-baterias-iljin-materials-invertira-600-millones-de-euros-para-abrir-en-mont-roig-del-camp-su-primera-fabrica-en-europa\/recepcio-vicente-perez-2-2\/\" target=\"_self\"    >recepcio vicente perez<\/a>\n\n\t\t\t\t\t<div class=\"ms-info\">El regidor Vicente P\u00e9rez saludant el  cap de Injn<\/div>\n\n\n\t<img decoding=\"async\" class=\"ms-thumb\" src=\"https:\/\/mont-roig.cat\/wp-content\/uploadsArray\" alt=\"El regidor Vicente P\u00e9rez saludant el  cap de Injn\" \/>\n\t\t\t\t<\/div>\n\t\t\t<div  class=\"ms-slide\" data-delay=\"3\"    >\n\t\t\t\t\t<img decoding=\"async\" src=\"https:\/\/mont-roig.cat\/wp-content\/plugins\/masterslider\/public\/assets\/css\/blank.gif\" alt=\"L'\u00a1alcalde Morancho, entrevistat per la premsa catalana\" title=\"declaracions premsa alcalde\" data-src=\"https:\/\/mont-roig.cat\/wp-content\/uploadsArray\" \/>\n\t<a href=\"https:\/\/mont-roig.cat\/es\/declaracions-premsa-alcalde-2\/\" target=\"_self\"    >declaracions premsa alcalde<\/a>\n\n\t\t\t\t\t<div class=\"ms-info\">L'\u00a1alcalde Morancho, entrevistat per la premsa catalana<\/div>\n\n\n\t<img decoding=\"async\" class=\"ms-thumb\" src=\"https:\/\/mont-roig.cat\/wp-content\/uploadsArray\" alt=\"L'\u00a1alcalde Morancho, entrevistat per la premsa catalana\" \/>\n\t\t\t\t<\/div>\n\t\t\t<div  class=\"ms-slide\" data-delay=\"3\"    >\n\t\t\t\t\t<img decoding=\"async\" src=\"https:\/\/mont-roig.cat\/wp-content\/plugins\/masterslider\/public\/assets\/css\/blank.gif\" alt=\"Morancho ha  ofert un regal als responsables de l'empresa  coreana, una obra d'art de l'artista local Marcel Aragon\u00e8s\" title=\"regal2\" data-src=\"https:\/\/mont-roig.cat\/wp-content\/uploadsArray\" \/>\n\t<a href=\"https:\/\/mont-roig.cat\/es\/actualitat\/noticies\/la-empresa-surcoreana-de-componentes-de-baterias-iljin-materials-invertira-600-millones-de-euros-para-abrir-en-mont-roig-del-camp-su-primera-fabrica-en-europa\/regal2-2-2\/\" target=\"_self\"    >regal2<\/a>\n\n\t\t\t\t\t<div class=\"ms-info\">Morancho ha  ofert un regal als responsables de l'empresa  coreana, una obra d'art de l'artista local Marcel Aragon\u00e8s<\/div>\n\n\n\t<img decoding=\"async\" class=\"ms-thumb\" src=\"https:\/\/mont-roig.cat\/wp-content\/uploadsArray\" alt=\"Morancho ha  ofert un regal als responsables de l'empresa  coreana, una obra d'art de l'artista local Marcel Aragon\u00e8s\" \/>\n\t\t\t\t<\/div>\n\t\t\t<div  class=\"ms-slide\" data-delay=\"3\"    >\n\t\t\t\t\t<img decoding=\"async\" src=\"https:\/\/mont-roig.cat\/wp-content\/plugins\/masterslider\/public\/assets\/css\/blank.gif\" alt=\"Un o\" title=\"regals\" data-src=\"https:\/\/mont-roig.cat\/wp-content\/uploadsArray\" \/>\n\t<a href=\"https:\/\/mont-roig.cat\/es\/actualitat\/noticies\/la-empresa-surcoreana-de-componentes-de-baterias-iljin-materials-invertira-600-millones-de-euros-para-abrir-en-mont-roig-del-camp-su-primera-fabrica-en-europa\/regals-2-2\/\" target=\"_self\"    >regals<\/a>\n\n\t\t\t\t\t<div class=\"ms-info\">Un o<\/div>\n\n\n\t<img decoding=\"async\" class=\"ms-thumb\" src=\"https:\/\/mont-roig.cat\/wp-content\/uploadsArray\" alt=\"Un o\" \/>\n\t\t\t\t<\/div>\n\t\t\t<div  class=\"ms-slide\" data-delay=\"3\"    >\n\t\t\t\t\t<img decoding=\"async\" src=\"https:\/\/mont-roig.cat\/wp-content\/plugins\/masterslider\/public\/assets\/css\/blank.gif\" alt=\"Un dels obsequis que s'han intercanviat l'Ajuntament i l'empresa.\" title=\"regals3\" data-src=\"https:\/\/mont-roig.cat\/wp-content\/uploadsArray\" \/>\n\t<a href=\"https:\/\/mont-roig.cat\/es\/actualitat\/noticies\/la-empresa-surcoreana-de-componentes-de-baterias-iljin-materials-invertira-600-millones-de-euros-para-abrir-en-mont-roig-del-camp-su-primera-fabrica-en-europa\/regals3-2-2\/\" target=\"_self\"    >regals3<\/a>\n\n\t\t\t\t\t<div class=\"ms-info\">Un dels obsequis que s'han intercanviat l'Ajuntament i l'empresa.<\/div>\n\n\n\t<img decoding=\"async\" class=\"ms-thumb\" src=\"https:\/\/mont-roig.cat\/wp-content\/uploadsArray\" alt=\"Un dels obsequis que s'han intercanviat l'Ajuntament i l'empresa.\" \/>\n\t\t\t\t<\/div>\n\n\t\t\t<\/div>\n\t\t\t<!-- END MasterSlider Main -->\n\n\t\t\t \n\t\t<\/div>\n\t\t<!-- END MasterSlider -->\n\n\t\t<script>\n\t\t( window.MSReady = window.MSReady || [] ).push( function( $ ) {\n\n\t\t\t\"use strict\";\n\t\t\tvar masterslider_305b = new MasterSlider();\n\n\t\t\t\/\/ slider controls\n\t\t\tmasterslider_305b.control('arrows'     ,{ autohide:true, overVideo:true  });\n\t\t\tmasterslider_305b.control('thumblist'  ,{ autohide:false, overVideo:true, dir:'h', speed:17, inset:false, arrows:false, hover:false, customClass:'', align:'bottom',type:'thumbs', margin:2, width:140, height:80, space:2, fillMode:'fill'  });\n\t\t\tmasterslider_305b.control('slideinfo'  ,{ autohide:true, overVideo:true, dir:'h', align:'bottom',inset:true , margin:80  , size:30 });\n\t\t\t\/\/ slider setup\n\t\t\tmasterslider_305b.setup(\"MS69f5c11e9305b\", {\n\t\t\t\twidth           : 960,\n\t\t\t\theight          : 540,\n\t\t\t\tminHeight       : 0,\n\t\t\t\tspace           : 0,\n\t\t\t\tstart           : 1,\n\t\t\t\tgrabCursor      : true,\n\t\t\t\tswipe           : true,\n\t\t\t\tmouse           : true,\n\t\t\t\tkeyboard        : false,\n\t\t\t\tlayout          : \"fillwidth\",\n\t\t\t\twheel           : false,\n\t\t\t\tautoplay        : false,\n                instantStartLayers:false,\n\t\t\t\tmobileBGVideo:false,\n\t\t\t\tloop            : false,\n\t\t\t\tshuffle         : false,\n\t\t\t\tpreload         : 3,\n\t\t\t\theightLimit     : false,\n\t\t\t\tautoHeight      : false,\n\t\t\t\tsmoothHeight    : true,\n\t\t\t\tendPause        : false,\n\t\t\t\toverPause       : false,\n\t\t\t\tfillMode        : \"fill\",\n\t\t\t\tcenterControls  : true,\n\t\t\t\tstartOnAppear   : false,\n\t\t\t\tlayersMode      : \"center\",\n\t\t\t\tautofillTarget  : \"\",\n\t\t\t\thideLayers      : false,\n\t\t\t\tfullscreenMargin: 0,\n\t\t\t\tspeed           : 17,\n\t\t\t\tdir             : \"h\",\n\t\t\t\tparallaxMode    : 'swipe',\n\t\t\t\tview            : \"basic\"\n\t\t\t});\n\n\t\t\t\n\t\t\twindow.masterslider_instances = window.masterslider_instances || [];\n\t\t\twindow.masterslider_instances.push( masterslider_305b );\n\t\t});\n\t\t<\/script>\n\n\n<p>Este proyecto de inversi\u00f3n <em>greenfield<\/em> (inversiones de compa\u00f1\u00edas sin presencia previa en el pa\u00eds) se ha gestionado por los equipos en Barcelona y la oficina en Se\u00fal de ACCI\u00d3 -la agencia para la competitividad de la empresa del Departament d&#8217;Empresa i Treball-. La oficina identific\u00f3 el inter\u00e9s de la compa\u00f1\u00eda surcoreana por expandirse a Europa y ha trabajado en el \u00faltimo a\u00f1o con el Ayuntamiento de Mont-roig del Camp para que se materialice en Catalunya.<\/p>\n<p>El consejero Torrent ha destacado que &#8220;es la mayor inversi\u00f3n industrial de tipo &#8216;greenfield&#8217; que se ha hecho en Catalunya en los \u00faltimos 20 a\u00f1os&#8221;. El titular de Empresa i Treball ha subrayado que esta operaci\u00f3n \u201cresponde a la prioridad del Gobierno de reindustrializar el pa\u00eds en clave verde, con proyectos de alto valor tecnol\u00f3gico, que tengan un efecto arrastrador en nuestra econom\u00eda, que generen empleo de calidad y est\u00e9n alineados con los retos colectivos de nuestra sociedad\u201d. Asimismo, ha remarcado que &#8220;es una noticia magn\u00edfica para el futuro de la industria de la automoci\u00f3n en Catalunya&#8221; y ha agradecido a los responsables de la empresa coreana &#8220;su decisi\u00f3n de invertir en Catalunya y su confianza en el ecosistema productivo catal\u00e1n para escogerlo a la hora de implantar su producci\u00f3n en Europa\u201d.<\/p>\n<p>El alcalde de Mont-roig del Camp, Fran Morancho, celebr\u00f3 el anuncio y explic\u00f3 que &#8220;el turismo y el sector servicios suponen pr\u00e1cticamente el 90% de la econom\u00eda local, por lo que sufrimos estacionalizaci\u00f3n y un empleo de baja calidad. Adem\u00e1s, la pandemia nos ha afectado gravemente y la recuperaci\u00f3n est\u00e1 siendo dif\u00edcil, por eso esta inversi\u00f3n supone una gran oportunidad, que adem\u00e1s responde perfectamente a nuestra estrategia de diversificaci\u00f3n econ\u00f3mica y transici\u00f3n verde\u201d.<\/p>\n<p>El CEO de Iljin, Jeon-Sik Yang, por su parte, ha explicado que uno de los motivos por los que se han decidido por Catalu\u00f1a ha sido por el clima &#8220;ya que la temperatura que hay en la Mont-roig es de id\u00f3nea para la producci\u00f3n de este material, el elecfoil. Por otra parte, el apoyo y ayuda de la Generalitat y el Ayuntamiento durante toda la negociaci\u00f3n ha sido determinante por nuestra elecci\u00f3n, as\u00ed como la apuesta de las distintas administraciones por la industria del autom\u00f3vil\u201d. La situaci\u00f3n estrat\u00e9gica de Catalunya tambi\u00e9n ha sido un elemento determinante, puesto que &#8220;est\u00e1 bien comunicada con Europa y el norte de \u00c1frica, con buenas conexiones mar\u00edtimas, a\u00e9reas y ferroviarias que permitir\u00e1n abastecer a todos nuestros clientes europeos&#8221;.<\/p>\n<p>El conseller Torrent ha explicado que la previsi\u00f3n es que la planta est\u00e9 operativa a partir de 2024. Dispondr\u00e1 de una superficie de 30.000 m2 entre la f\u00e1brica, las \u00e1reas de almac\u00e9n y un edificio t\u00e9cnico. ILJIN, fundada en 1968 y con sede central en Se\u00fal, cuenta con 1.100 trabajadores a escala internacional. Desde su fundaci\u00f3n s\u00f3lo dispon\u00eda de una planta de producci\u00f3n en Iksan (Corea del Sur), pero hace pocos a\u00f1os construy\u00f3 una nueva f\u00e1brica en Malasia. Cuenta con clientes como LG Energy Solution, Samsung SDI, Volkswagen o Northvolt, entre otros.<\/p>\n<p>La empresa se dedica a la fabricaci\u00f3n del producto elecfoil, una l\u00e1mina de cobre -patentada por la multinacional- que es m\u00e1s fina que un cabello humano y que es un elemento b\u00e1sico para las bater\u00edas de litio. Este hecho convierte la inversi\u00f3n de ILJIN en estrat\u00e9gica y de alto valor a\u00f1adido para Catalu\u00f1a, puesto que es un componente clave para la composici\u00f3n del c\u00e1todo de las bater\u00edas el\u00e9ctricas utilizadas en los veh\u00edculos el\u00e9ctricos y en aplicaciones de almacenamiento de energ\u00eda. De hecho, se prev\u00e9 que esta inversi\u00f3n tenga un fuerte efecto multiplicador para los proveedores locales tal y como ha ocurrido en Malasia y en la captaci\u00f3n de nuevos proyectos de inversi\u00f3n extranjera vinculados a este \u00e1mbito.<\/p>\n<p><strong>Evoluci\u00f3n del acuerdo<\/strong><\/p>\n<p>Representantes de la empresa han visitado hasta 4 ocasiones el municipio de Mont-roig del Camp. Se trataba de visitas de diversos perfiles t\u00e9cnicos que han validado la ubicaci\u00f3n, el entorno, las caracter\u00edsticas del municipio y las comunicaciones. Finalmente y despu\u00e9s de la visita del 4 de abril, que cont\u00f3 con la presencia del CEO y directores de la empresa, se tom\u00f3 la decisi\u00f3n final de instalarse en el municipio de Mont-roig del Camp. El Ayuntamiento de Mont-roig del Camp ha estado trabajando desde el primer momento con ACCI\u00d3 de la Generalitat, la Conselleria d&#8217;Empresa y la Direcci\u00f3 General d&#8217;Ind\u00fastria para promocionar el municipio de Mont-roig del Camp. \u00c9ste ha sido un trabajo de muchos meses que finalmente ha tenido \u00e9xito.<\/p>\n<p><strong>El trabajo previo por parte del Ayuntamiento<\/strong><\/p>\n<p>Una excelente red de comunicaciones con conectividad nacional e internacional, su proximidad con el \u00e1rea metropolitana de Tarragona y una valorada calidad de vida en un entorno natural con una amplia oferta de ocio, gastronom\u00eda y cultura. \u00c9stos son algunos de los argumentos que el Ayuntamiento de Mont-roig del Camp ha defendido en los \u00faltimos a\u00f1os para conseguir captar empresas inversoras para los pol\u00edgonos industriales del municipio, especialmente para el pol\u00edgono de Els Comellarets, con una superficie de 44 hect\u00e1reas y a\u00fan por desarrollar. Con este objetivo se ha estudiado muy bien el mercado y se han realizado numerosos contactos, tambi\u00e9n internacionales, con personas expertas en los sectores log\u00edsticos y grandes inmobiliarias que buscan suelo industrial. En muchos casos estas empresas internacionales se encuentran con que los pol\u00edgonos ya est\u00e1n desarrollados y no tienen suficiente espacio virgen disponible, uno de los aspectos que, por el contrario, s\u00ed ofrece el pol\u00edgono de Els Comellarets.<\/p>\n<p><strong>Modificaci\u00f3n del POUM y aportaci\u00f3n econ\u00f3mica<\/strong><\/p>\n<p>Las relaciones establecidas con varias empresas que se interesaron por este pol\u00edgono llevaron al consistorio a iniciar el planeamiento urban\u00edstico de este espacio, al tratarse de tr\u00e1mites largos. Hay que tener en cuenta que desde el inicio de las tramitaciones hasta las adaptaciones pueden pasar unos 30 meses. Por este motivo, por un lado, el Pleno ordinario del mes de diciembre de 2021 dio luz verde a una modificaci\u00f3n puntual del Plan de Ordenaci\u00f3n Urban\u00edstica Municipal para adaptar la altura reguladora m\u00e1xima de este pol\u00edgono a los est\u00e1ndares europeos actuales del sector log\u00edstico e industrial, bastante diferentes a los previstos en el momento de la redacci\u00f3n del POUM y que limitan la implantaci\u00f3n de este sector. Por otro lado, y teniendo en cuenta que se requiere redacci\u00f3n de planeamiento, el Ayuntamiento ya ha realizado una modificaci\u00f3n de cr\u00e9dito para destinar 200.000 euros para impulsar este desarrollo este 2022.<\/p>\n<p><strong>Els Comellarets<\/strong><\/p>\n<p>La nueva empresa se instalar\u00e1 en el pol\u00edgono Els Comellarets, que el Ayuntamiento no quer\u00eda desarrollar como el t\u00edpico pol\u00edgono de naves y parcelas peque\u00f1as porque se buscaba la llegada de una empresa grande, como ILJIN, que permitiera la creaci\u00f3n de muchos puestos de trabajo. En este sentido, el Ayuntamiento no descarta ampliar este pol\u00edgono si en los pr\u00f3ximos a\u00f1os creciera la demanda por parte de \u00e9sta u otras empresas.<\/p>\n<p>Cabe recordar que Els Comellarets es el proyecto de desarrollo de suelo empresarial e industrial promovido por el Ayuntamiento de Mont-roig del Camp de 44 hect\u00e1reas en una inmejorable ubicaci\u00f3n, con acceso directo a la A-7 y AP-7 y completamente adaptable a las necesidades de los proyectos de inversi\u00f3n que deseen establecerse en ellos. Los terrenos de este sector est\u00e1n en un 70% de titularidad municipal, lo que facilita las gestiones para su adquisici\u00f3n o cesi\u00f3n.<\/p>\n<p><strong>Corea del Sur, l\u00edder en I+D en el mundo<\/strong><\/p>\n<p>Con una poblaci\u00f3n de 50 millones de personas, Corea del Sur es una de las econom\u00edas que m\u00e1s invierten en I+D e innovaci\u00f3n y una de las potencias tecnol\u00f3gicas a escala internacional. Lidera el ranking mundial de las econom\u00edas m\u00e1s innovadoras que elabora anualmente Bloomberg y destina anualmente m\u00e1s de un 4% de su PIB a la I+D+i, lo que le convierte en el segundo pa\u00eds de la OCDE que invierte m\u00e1s en este \u00e1mbito. Por este motivo, ACCI\u00d3 firm\u00f3 un acuerdo con el National Research Council of Science and Technology (NST) -la principal entidad de I+D de Corea del Sur-, con el objetivo de fomentar la cooperaci\u00f3n tecnol\u00f3gica entre ambos pa\u00edses.<\/p>\n<p>De hecho, se trata de uno de los pa\u00edses prioritarios en el marco de la estrategia de captaci\u00f3n de inversiones extranjeras de ACCI\u00d3, ya que adem\u00e1s cuenta con un grosor muy relevante de empresas en sectores en los que Catalu\u00f1a tambi\u00e9n dispone de fuerte tradici\u00f3n industrial, como la automoci\u00f3n, la qu\u00edmica, la energ\u00eda y las TIC. Algunos proyectos relevantes de inversi\u00f3n de empresas surcoreanas en Catalu\u00f1a son los de Smilegate, que recientemente ha abierto en Barcelona su primer estudio internacional de desarrollo de videojuegos, o la qu\u00edmica Miwon, que abri\u00f3 en Manresa su primera planta de producci\u00f3n fuera de Asia.<\/p>\n","protected":false},"excerpt":{"rendered":"<p>Lo ha anunciado desde Se\u00fal el conseller Roger Torrent, que ha estado acompa\u00f1ado por el alcalde Fran Morancho y una delegaci\u00f3n del gobierno de Mont-roig del Camp, despu\u00e9s de reunirse con directivos de la compa\u00f1\u00eda asi\u00e1tica, una de las \u00fanicas del mundo que se dedica a la fabricaci\u00f3n de l\u00e1minas de cobre para bater\u00edas de [&hellip;]<\/p>\n","protected":false},"author":13,"featured_media":62915,"comment_status":"closed","ping_status":"closed","sticky":false,"template":"","format":"standard","meta":{"inline_featured_image":false,"_monsterinsights_skip_tracking":false,"_monsterinsights_sitenote_active":false,"_monsterinsights_sitenote_note":"","_monsterinsights_sitenote_category":0,"footnotes":""},"categories":[156,98,169,240,203],"tags":[],"class_list":["post-62934","post","type-post","status-publish","format-standard","has-post-thumbnail","hentry","category-alcalde-es","category-ayuntamiento","category-impuls-economic-i-ocupacio-es","category-lotte-es","category-nostraigua-es"],"yoast_head":"<!-- This site is optimized with the Yoast SEO plugin v27.4 - https:\/\/yoast.com\/product\/yoast-seo-wordpress\/ -->\n<title>La empresa surcoreana de componentes de bater\u00edas ILJIN Materiales invertir\u00e1 600 millones de euros para abrir en Mont-roig del Camp su primera f\u00e1brica en Europa - Ajuntament de Mont-roig del Camp<\/title>\n<meta name=\"robots\" content=\"index, follow, max-snippet:-1, max-image-preview:large, max-video-preview:-1\" \/>\n<link rel=\"canonical\" href=\"https:\/\/mont-roig.cat\/es\/actualitat\/noticies\/la-empresa-surcoreana-de-componentes-de-baterias-iljin-materials-invertira-600-millones-de-euros-para-abrir-en-mont-roig-del-camp-su-primera-fabrica-en-europa\/\" \/>\n<meta property=\"og:locale\" content=\"es_ES\" \/>\n<meta property=\"og:type\" content=\"article\" \/>\n<meta property=\"og:title\" content=\"La empresa surcoreana de componentes de bater\u00edas ILJIN Materiales invertir\u00e1 600 millones de euros para abrir en Mont-roig del Camp su primera f\u00e1brica en Europa - Ajuntament de Mont-roig del Camp\" \/>\n<meta property=\"og:description\" content=\"Lo ha anunciado desde Se\u00fal el conseller Roger Torrent, que ha estado acompa\u00f1ado por el alcalde Fran Morancho y una delegaci\u00f3n del gobierno de Mont-roig del Camp, despu\u00e9s de reunirse con directivos de la compa\u00f1\u00eda asi\u00e1tica, una de las \u00fanicas del mundo que se dedica a la fabricaci\u00f3n de l\u00e1minas de cobre para bater\u00edas de [&hellip;]\" \/>\n<meta property=\"og:url\" content=\"https:\/\/mont-roig.cat\/es\/actualitat\/noticies\/la-empresa-surcoreana-de-componentes-de-baterias-iljin-materials-invertira-600-millones-de-euros-para-abrir-en-mont-roig-del-camp-su-primera-fabrica-en-europa\/\" \/>\n<meta property=\"og:site_name\" content=\"Ajuntament de Mont-roig del Camp\" \/>\n<meta property=\"article:published_time\" content=\"2022-05-16T08:32:55+00:00\" \/>\n<meta property=\"article:modified_time\" content=\"2024-02-20T10:15:53+00:00\" \/>\n<meta property=\"og:image\" content=\"https:\/\/mont-roig.cat\/wp-content\/uploads\/foto-oficial-1.jpg\" \/>\n\t<meta property=\"og:image:width\" content=\"2016\" \/>\n\t<meta property=\"og:image:height\" content=\"1512\" \/>\n\t<meta property=\"og:image:type\" content=\"image\/jpeg\" \/>\n<meta name=\"author\" content=\"comunicacio\" \/>\n<meta name=\"twitter:card\" content=\"summary_large_image\" \/>\n<meta name=\"twitter:label1\" content=\"Escrito por\" \/>\n\t<meta name=\"twitter:data1\" content=\"comunicacio\" \/>\n\t<meta name=\"twitter:label2\" content=\"Tiempo de lectura\" \/>\n\t<meta name=\"twitter:data2\" content=\"11 minutos\" \/>\n<script type=\"application\/ld+json\" class=\"yoast-schema-graph\">{\"@context\":\"https:\\\/\\\/schema.org\",\"@graph\":[{\"@type\":\"Article\",\"@id\":\"https:\\\/\\\/mont-roig.cat\\\/es\\\/actualitat\\\/noticies\\\/la-empresa-surcoreana-de-componentes-de-baterias-iljin-materials-invertira-600-millones-de-euros-para-abrir-en-mont-roig-del-camp-su-primera-fabrica-en-europa\\\/#article\",\"isPartOf\":{\"@id\":\"https:\\\/\\\/mont-roig.cat\\\/es\\\/actualitat\\\/noticies\\\/la-empresa-surcoreana-de-componentes-de-baterias-iljin-materials-invertira-600-millones-de-euros-para-abrir-en-mont-roig-del-camp-su-primera-fabrica-en-europa\\\/\"},\"author\":{\"name\":\"comunicacio\",\"@id\":\"https:\\\/\\\/mont-roig.cat\\\/es\\\/#\\\/schema\\\/person\\\/1f73e7b5e6f9dd122e8a6f14f310ac5e\"},\"headline\":\"La empresa surcoreana de componentes de bater\u00edas ILJIN Materiales invertir\u00e1 600 millones de euros para abrir en Mont-roig del Camp su primera f\u00e1brica en Europa\",\"datePublished\":\"2022-05-16T08:32:55+00:00\",\"dateModified\":\"2024-02-20T10:15:53+00:00\",\"mainEntityOfPage\":{\"@id\":\"https:\\\/\\\/mont-roig.cat\\\/es\\\/actualitat\\\/noticies\\\/la-empresa-surcoreana-de-componentes-de-baterias-iljin-materials-invertira-600-millones-de-euros-para-abrir-en-mont-roig-del-camp-su-primera-fabrica-en-europa\\\/\"},\"wordCount\":2002,\"image\":{\"@id\":\"https:\\\/\\\/mont-roig.cat\\\/es\\\/actualitat\\\/noticies\\\/la-empresa-surcoreana-de-componentes-de-baterias-iljin-materials-invertira-600-millones-de-euros-para-abrir-en-mont-roig-del-camp-su-primera-fabrica-en-europa\\\/#primaryimage\"},\"thumbnailUrl\":\"https:\\\/\\\/mont-roig.cat\\\/wp-content\\\/uploads\\\/foto-oficial-1.jpg\",\"articleSection\":[\"Alcalde\",\"Ayuntamiento\",\"Impuls Econ\u00f2mic i Ocupaci\u00f3\",\"Lotte\",\"Nostraigua\"],\"inLanguage\":\"es\"},{\"@type\":\"WebPage\",\"@id\":\"https:\\\/\\\/mont-roig.cat\\\/es\\\/actualitat\\\/noticies\\\/la-empresa-surcoreana-de-componentes-de-baterias-iljin-materials-invertira-600-millones-de-euros-para-abrir-en-mont-roig-del-camp-su-primera-fabrica-en-europa\\\/\",\"url\":\"https:\\\/\\\/mont-roig.cat\\\/es\\\/actualitat\\\/noticies\\\/la-empresa-surcoreana-de-componentes-de-baterias-iljin-materials-invertira-600-millones-de-euros-para-abrir-en-mont-roig-del-camp-su-primera-fabrica-en-europa\\\/\",\"name\":\"La empresa surcoreana de componentes de bater\u00edas ILJIN Materiales invertir\u00e1 600 millones de euros para abrir en Mont-roig del Camp su primera f\u00e1brica en Europa - Ajuntament de Mont-roig del Camp\",\"isPartOf\":{\"@id\":\"https:\\\/\\\/mont-roig.cat\\\/es\\\/#website\"},\"primaryImageOfPage\":{\"@id\":\"https:\\\/\\\/mont-roig.cat\\\/es\\\/actualitat\\\/noticies\\\/la-empresa-surcoreana-de-componentes-de-baterias-iljin-materials-invertira-600-millones-de-euros-para-abrir-en-mont-roig-del-camp-su-primera-fabrica-en-europa\\\/#primaryimage\"},\"image\":{\"@id\":\"https:\\\/\\\/mont-roig.cat\\\/es\\\/actualitat\\\/noticies\\\/la-empresa-surcoreana-de-componentes-de-baterias-iljin-materials-invertira-600-millones-de-euros-para-abrir-en-mont-roig-del-camp-su-primera-fabrica-en-europa\\\/#primaryimage\"},\"thumbnailUrl\":\"https:\\\/\\\/mont-roig.cat\\\/wp-content\\\/uploads\\\/foto-oficial-1.jpg\",\"datePublished\":\"2022-05-16T08:32:55+00:00\",\"dateModified\":\"2024-02-20T10:15:53+00:00\",\"author\":{\"@id\":\"https:\\\/\\\/mont-roig.cat\\\/es\\\/#\\\/schema\\\/person\\\/1f73e7b5e6f9dd122e8a6f14f310ac5e\"},\"breadcrumb\":{\"@id\":\"https:\\\/\\\/mont-roig.cat\\\/es\\\/actualitat\\\/noticies\\\/la-empresa-surcoreana-de-componentes-de-baterias-iljin-materials-invertira-600-millones-de-euros-para-abrir-en-mont-roig-del-camp-su-primera-fabrica-en-europa\\\/#breadcrumb\"},\"inLanguage\":\"es\",\"potentialAction\":[{\"@type\":\"ReadAction\",\"target\":[\"https:\\\/\\\/mont-roig.cat\\\/es\\\/actualitat\\\/noticies\\\/la-empresa-surcoreana-de-componentes-de-baterias-iljin-materials-invertira-600-millones-de-euros-para-abrir-en-mont-roig-del-camp-su-primera-fabrica-en-europa\\\/\"]}]},{\"@type\":\"ImageObject\",\"inLanguage\":\"es\",\"@id\":\"https:\\\/\\\/mont-roig.cat\\\/es\\\/actualitat\\\/noticies\\\/la-empresa-surcoreana-de-componentes-de-baterias-iljin-materials-invertira-600-millones-de-euros-para-abrir-en-mont-roig-del-camp-su-primera-fabrica-en-europa\\\/#primaryimage\",\"url\":\"https:\\\/\\\/mont-roig.cat\\\/wp-content\\\/uploads\\\/foto-oficial-1.jpg\",\"contentUrl\":\"https:\\\/\\\/mont-roig.cat\\\/wp-content\\\/uploads\\\/foto-oficial-1.jpg\",\"width\":2016,\"height\":1512},{\"@type\":\"BreadcrumbList\",\"@id\":\"https:\\\/\\\/mont-roig.cat\\\/es\\\/actualitat\\\/noticies\\\/la-empresa-surcoreana-de-componentes-de-baterias-iljin-materials-invertira-600-millones-de-euros-para-abrir-en-mont-roig-del-camp-su-primera-fabrica-en-europa\\\/#breadcrumb\",\"itemListElement\":[{\"@type\":\"ListItem\",\"position\":1,\"name\":\"Inici\",\"item\":\"https:\\\/\\\/mont-roig.cat\\\/es\\\/pagina-de-inicio\\\/\"},{\"@type\":\"ListItem\",\"position\":2,\"name\":\"La empresa surcoreana de componentes de bater\u00edas ILJIN Materiales invertir\u00e1 600 millones de euros para abrir en Mont-roig del Camp su primera f\u00e1brica en Europa\"}]},{\"@type\":\"WebSite\",\"@id\":\"https:\\\/\\\/mont-roig.cat\\\/es\\\/#website\",\"url\":\"https:\\\/\\\/mont-roig.cat\\\/es\\\/\",\"name\":\"Ajuntament de Mont-roig del Camp\",\"description\":\"Tota la informaci\u00f3 sobre la instituci\u00f3, els seus \u00f2rgans de govern, actualitat, serveis i molt m\u00e9s.\",\"potentialAction\":[{\"@type\":\"SearchAction\",\"target\":{\"@type\":\"EntryPoint\",\"urlTemplate\":\"https:\\\/\\\/mont-roig.cat\\\/es\\\/?s={search_term_string}\"},\"query-input\":{\"@type\":\"PropertyValueSpecification\",\"valueRequired\":true,\"valueName\":\"search_term_string\"}}],\"inLanguage\":\"es\"},{\"@type\":\"Person\",\"@id\":\"https:\\\/\\\/mont-roig.cat\\\/es\\\/#\\\/schema\\\/person\\\/1f73e7b5e6f9dd122e8a6f14f310ac5e\",\"name\":\"comunicacio\",\"image\":{\"@type\":\"ImageObject\",\"inLanguage\":\"es\",\"@id\":\"https:\\\/\\\/secure.gravatar.com\\\/avatar\\\/98944333e7a877670a64f8d10f0cb680ab2c9ebc4efc43945ef004b52b5ad28c?s=96&d=mm&r=g\",\"url\":\"https:\\\/\\\/secure.gravatar.com\\\/avatar\\\/98944333e7a877670a64f8d10f0cb680ab2c9ebc4efc43945ef004b52b5ad28c?s=96&d=mm&r=g\",\"contentUrl\":\"https:\\\/\\\/secure.gravatar.com\\\/avatar\\\/98944333e7a877670a64f8d10f0cb680ab2c9ebc4efc43945ef004b52b5ad28c?s=96&d=mm&r=g\",\"caption\":\"comunicacio\"},\"url\":\"https:\\\/\\\/mont-roig.cat\\\/es\\\/actualitat\\\/noticies\\\/author\\\/comunicacio\\\/\"}]}<\/script>\n<!-- \/ Yoast SEO plugin. -->","yoast_head_json":{"title":"La empresa surcoreana de componentes de bater\u00edas ILJIN Materiales invertir\u00e1 600 millones de euros para abrir en Mont-roig del Camp su primera f\u00e1brica en Europa - Ajuntament de Mont-roig del Camp","robots":{"index":"index","follow":"follow","max-snippet":"max-snippet:-1","max-image-preview":"max-image-preview:large","max-video-preview":"max-video-preview:-1"},"canonical":"https:\/\/mont-roig.cat\/es\/actualitat\/noticies\/la-empresa-surcoreana-de-componentes-de-baterias-iljin-materials-invertira-600-millones-de-euros-para-abrir-en-mont-roig-del-camp-su-primera-fabrica-en-europa\/","og_locale":"es_ES","og_type":"article","og_title":"La empresa surcoreana de componentes de bater\u00edas ILJIN Materiales invertir\u00e1 600 millones de euros para abrir en Mont-roig del Camp su primera f\u00e1brica en Europa - Ajuntament de Mont-roig del Camp","og_description":"Lo ha anunciado desde Se\u00fal el conseller Roger Torrent, que ha estado acompa\u00f1ado por el alcalde Fran Morancho y una delegaci\u00f3n del gobierno de Mont-roig del Camp, despu\u00e9s de reunirse con directivos de la compa\u00f1\u00eda asi\u00e1tica, una de las \u00fanicas del mundo que se dedica a la fabricaci\u00f3n de l\u00e1minas de cobre para bater\u00edas de [&hellip;]","og_url":"https:\/\/mont-roig.cat\/es\/actualitat\/noticies\/la-empresa-surcoreana-de-componentes-de-baterias-iljin-materials-invertira-600-millones-de-euros-para-abrir-en-mont-roig-del-camp-su-primera-fabrica-en-europa\/","og_site_name":"Ajuntament de Mont-roig del Camp","article_published_time":"2022-05-16T08:32:55+00:00","article_modified_time":"2024-02-20T10:15:53+00:00","og_image":[{"width":2016,"height":1512,"url":"https:\/\/mont-roig.cat\/wp-content\/uploads\/foto-oficial-1.jpg","type":"image\/jpeg"}],"author":"comunicacio","twitter_card":"summary_large_image","twitter_misc":{"Escrito por":"comunicacio","Tiempo de lectura":"11 minutos"},"schema":{"@context":"https:\/\/schema.org","@graph":[{"@type":"Article","@id":"https:\/\/mont-roig.cat\/es\/actualitat\/noticies\/la-empresa-surcoreana-de-componentes-de-baterias-iljin-materials-invertira-600-millones-de-euros-para-abrir-en-mont-roig-del-camp-su-primera-fabrica-en-europa\/#article","isPartOf":{"@id":"https:\/\/mont-roig.cat\/es\/actualitat\/noticies\/la-empresa-surcoreana-de-componentes-de-baterias-iljin-materials-invertira-600-millones-de-euros-para-abrir-en-mont-roig-del-camp-su-primera-fabrica-en-europa\/"},"author":{"name":"comunicacio","@id":"https:\/\/mont-roig.cat\/es\/#\/schema\/person\/1f73e7b5e6f9dd122e8a6f14f310ac5e"},"headline":"La empresa surcoreana de componentes de bater\u00edas ILJIN Materiales invertir\u00e1 600 millones de euros para abrir en Mont-roig del Camp su primera f\u00e1brica en Europa","datePublished":"2022-05-16T08:32:55+00:00","dateModified":"2024-02-20T10:15:53+00:00","mainEntityOfPage":{"@id":"https:\/\/mont-roig.cat\/es\/actualitat\/noticies\/la-empresa-surcoreana-de-componentes-de-baterias-iljin-materials-invertira-600-millones-de-euros-para-abrir-en-mont-roig-del-camp-su-primera-fabrica-en-europa\/"},"wordCount":2002,"image":{"@id":"https:\/\/mont-roig.cat\/es\/actualitat\/noticies\/la-empresa-surcoreana-de-componentes-de-baterias-iljin-materials-invertira-600-millones-de-euros-para-abrir-en-mont-roig-del-camp-su-primera-fabrica-en-europa\/#primaryimage"},"thumbnailUrl":"https:\/\/mont-roig.cat\/wp-content\/uploads\/foto-oficial-1.jpg","articleSection":["Alcalde","Ayuntamiento","Impuls Econ\u00f2mic i Ocupaci\u00f3","Lotte","Nostraigua"],"inLanguage":"es"},{"@type":"WebPage","@id":"https:\/\/mont-roig.cat\/es\/actualitat\/noticies\/la-empresa-surcoreana-de-componentes-de-baterias-iljin-materials-invertira-600-millones-de-euros-para-abrir-en-mont-roig-del-camp-su-primera-fabrica-en-europa\/","url":"https:\/\/mont-roig.cat\/es\/actualitat\/noticies\/la-empresa-surcoreana-de-componentes-de-baterias-iljin-materials-invertira-600-millones-de-euros-para-abrir-en-mont-roig-del-camp-su-primera-fabrica-en-europa\/","name":"La empresa surcoreana de componentes de bater\u00edas ILJIN Materiales invertir\u00e1 600 millones de euros para abrir en Mont-roig del Camp su primera f\u00e1brica en Europa - Ajuntament de Mont-roig del Camp","isPartOf":{"@id":"https:\/\/mont-roig.cat\/es\/#website"},"primaryImageOfPage":{"@id":"https:\/\/mont-roig.cat\/es\/actualitat\/noticies\/la-empresa-surcoreana-de-componentes-de-baterias-iljin-materials-invertira-600-millones-de-euros-para-abrir-en-mont-roig-del-camp-su-primera-fabrica-en-europa\/#primaryimage"},"image":{"@id":"https:\/\/mont-roig.cat\/es\/actualitat\/noticies\/la-empresa-surcoreana-de-componentes-de-baterias-iljin-materials-invertira-600-millones-de-euros-para-abrir-en-mont-roig-del-camp-su-primera-fabrica-en-europa\/#primaryimage"},"thumbnailUrl":"https:\/\/mont-roig.cat\/wp-content\/uploads\/foto-oficial-1.jpg","datePublished":"2022-05-16T08:32:55+00:00","dateModified":"2024-02-20T10:15:53+00:00","author":{"@id":"https:\/\/mont-roig.cat\/es\/#\/schema\/person\/1f73e7b5e6f9dd122e8a6f14f310ac5e"},"breadcrumb":{"@id":"https:\/\/mont-roig.cat\/es\/actualitat\/noticies\/la-empresa-surcoreana-de-componentes-de-baterias-iljin-materials-invertira-600-millones-de-euros-para-abrir-en-mont-roig-del-camp-su-primera-fabrica-en-europa\/#breadcrumb"},"inLanguage":"es","potentialAction":[{"@type":"ReadAction","target":["https:\/\/mont-roig.cat\/es\/actualitat\/noticies\/la-empresa-surcoreana-de-componentes-de-baterias-iljin-materials-invertira-600-millones-de-euros-para-abrir-en-mont-roig-del-camp-su-primera-fabrica-en-europa\/"]}]},{"@type":"ImageObject","inLanguage":"es","@id":"https:\/\/mont-roig.cat\/es\/actualitat\/noticies\/la-empresa-surcoreana-de-componentes-de-baterias-iljin-materials-invertira-600-millones-de-euros-para-abrir-en-mont-roig-del-camp-su-primera-fabrica-en-europa\/#primaryimage","url":"https:\/\/mont-roig.cat\/wp-content\/uploads\/foto-oficial-1.jpg","contentUrl":"https:\/\/mont-roig.cat\/wp-content\/uploads\/foto-oficial-1.jpg","width":2016,"height":1512},{"@type":"BreadcrumbList","@id":"https:\/\/mont-roig.cat\/es\/actualitat\/noticies\/la-empresa-surcoreana-de-componentes-de-baterias-iljin-materials-invertira-600-millones-de-euros-para-abrir-en-mont-roig-del-camp-su-primera-fabrica-en-europa\/#breadcrumb","itemListElement":[{"@type":"ListItem","position":1,"name":"Inici","item":"https:\/\/mont-roig.cat\/es\/pagina-de-inicio\/"},{"@type":"ListItem","position":2,"name":"La empresa surcoreana de componentes de bater\u00edas ILJIN Materiales invertir\u00e1 600 millones de euros para abrir en Mont-roig del Camp su primera f\u00e1brica en Europa"}]},{"@type":"WebSite","@id":"https:\/\/mont-roig.cat\/es\/#website","url":"https:\/\/mont-roig.cat\/es\/","name":"Ajuntament de Mont-roig del Camp","description":"Tota la informaci\u00f3 sobre la instituci\u00f3, els seus \u00f2rgans de govern, actualitat, serveis i molt m\u00e9s.","potentialAction":[{"@type":"SearchAction","target":{"@type":"EntryPoint","urlTemplate":"https:\/\/mont-roig.cat\/es\/?s={search_term_string}"},"query-input":{"@type":"PropertyValueSpecification","valueRequired":true,"valueName":"search_term_string"}}],"inLanguage":"es"},{"@type":"Person","@id":"https:\/\/mont-roig.cat\/es\/#\/schema\/person\/1f73e7b5e6f9dd122e8a6f14f310ac5e","name":"comunicacio","image":{"@type":"ImageObject","inLanguage":"es","@id":"https:\/\/secure.gravatar.com\/avatar\/98944333e7a877670a64f8d10f0cb680ab2c9ebc4efc43945ef004b52b5ad28c?s=96&d=mm&r=g","url":"https:\/\/secure.gravatar.com\/avatar\/98944333e7a877670a64f8d10f0cb680ab2c9ebc4efc43945ef004b52b5ad28c?s=96&d=mm&r=g","contentUrl":"https:\/\/secure.gravatar.com\/avatar\/98944333e7a877670a64f8d10f0cb680ab2c9ebc4efc43945ef004b52b5ad28c?s=96&d=mm&r=g","caption":"comunicacio"},"url":"https:\/\/mont-roig.cat\/es\/actualitat\/noticies\/author\/comunicacio\/"}]}},"_links":{"self":[{"href":"https:\/\/mont-roig.cat\/es\/wp-json\/wp\/v2\/posts\/62934","targetHints":{"allow":["GET"]}}],"collection":[{"href":"https:\/\/mont-roig.cat\/es\/wp-json\/wp\/v2\/posts"}],"about":[{"href":"https:\/\/mont-roig.cat\/es\/wp-json\/wp\/v2\/types\/post"}],"author":[{"embeddable":true,"href":"https:\/\/mont-roig.cat\/es\/wp-json\/wp\/v2\/users\/13"}],"replies":[{"embeddable":true,"href":"https:\/\/mont-roig.cat\/es\/wp-json\/wp\/v2\/comments?post=62934"}],"version-history":[{"count":5,"href":"https:\/\/mont-roig.cat\/es\/wp-json\/wp\/v2\/posts\/62934\/revisions"}],"predecessor-version":[{"id":62935,"href":"https:\/\/mont-roig.cat\/es\/wp-json\/wp\/v2\/posts\/62934\/revisions\/62935"}],"wp:featuredmedia":[{"embeddable":true,"href":"https:\/\/mont-roig.cat\/es\/wp-json\/wp\/v2\/media\/62915"}],"wp:attachment":[{"href":"https:\/\/mont-roig.cat\/es\/wp-json\/wp\/v2\/media?parent=62934"}],"wp:term":[{"taxonomy":"category","embeddable":true,"href":"https:\/\/mont-roig.cat\/es\/wp-json\/wp\/v2\/categories?post=62934"},{"taxonomy":"post_tag","embeddable":true,"href":"https:\/\/mont-roig.cat\/es\/wp-json\/wp\/v2\/tags?post=62934"}],"curies":[{"name":"wp","href":"https:\/\/api.w.org\/{rel}","templated":true}]}}