{"id":63103,"date":"2022-05-20T17:04:32","date_gmt":"2022-05-20T15:04:32","guid":{"rendered":"https:\/\/mont-roig.cat\/actualitat\/noticies\/els-casals-infantils-destiu-incorporen-enguany-com-a-novetat-un-casal-musical-que-tindra-lloc-la-primera-quinzena-de-juliol\/"},"modified":"2022-05-20T17:22:50","modified_gmt":"2022-05-20T15:22:50","slug":"los-casales-infantiles-de-verano-incorporan-este-ano-como-novedad-un-casal-musical-que-tendra-lugar-la-primera-quincena-de-julio","status":"publish","type":"post","link":"https:\/\/mont-roig.cat\/es\/actualitat\/noticies\/los-casales-infantiles-de-verano-incorporan-este-ano-como-novedad-un-casal-musical-que-tendra-lugar-la-primera-quincena-de-julio\/","title":{"rendered":"Los casales infantiles de verano incorporan este a\u00f1o como novedad un casal musical que tendr\u00e1 lugar la primera quincena de julio"},"content":{"rendered":"<ul>\n<li>\n<div id=\"attachment_63089\" style=\"width: 259px\" class=\"wp-caption alignright\"><a href=\"https:\/\/mont-roig.cat\/wp-content\/uploads\/Casals-destiu-2022.jpg\"><img loading=\"lazy\" decoding=\"async\" aria-describedby=\"caption-attachment-63089\" class=\"wp-image-63089\" src=\"https:\/\/mont-roig.cat\/wp-content\/uploads\/Casals-destiu-2022-354x500.jpg\" alt=\"\" width=\"249\" height=\"352\" srcset=\"https:\/\/mont-roig.cat\/wp-content\/uploads\/Casals-destiu-2022-354x500.jpg 354w, https:\/\/mont-roig.cat\/wp-content\/uploads\/Casals-destiu-2022-724x1024.jpg 724w, https:\/\/mont-roig.cat\/wp-content\/uploads\/Casals-destiu-2022-768x1086.jpg 768w, https:\/\/mont-roig.cat\/wp-content\/uploads\/Casals-destiu-2022.jpg 877w\" sizes=\"auto, (max-width: 249px) 100vw, 249px\" \/><\/a><p id=\"caption-attachment-63089\" class=\"wp-caption-text\">Cartel activitades de Verano 2022<\/p><\/div>\n<p><strong>A partir del lunes 23 de mayo comienzan las preinscripciones para el casal de deportes y ocio que se ofrece en los polideportivos municipales del 4 de julio al 26 de agosto<\/strong><\/li>\n<li><strong>Tambi\u00e9n el lunes 23 de mayo comienzan las inscripciones para el casal musical, que tendr\u00e1 lugar del 4 al 15 de julio en las instalaciones de la Escuela de M\u00fasica de Mont-roig y que est\u00e1 destinado al alumnado que haya cursado como al menos el primer a\u00f1o de instrumento<\/strong><\/li>\n<li><strong>Paralelamente se anima a toda la familia a continuar disfrutando de la pr\u00e1ctica deportiva tambi\u00e9n durante el verano con una oferta espec\u00edfica de clases dirigidas para j\u00f3venes y adultos, as\u00ed como un servicio de asesoramiento en las salas de fitness de los polideportivos<\/strong><\/li>\n<\/ul>\n<p>Este lunes 23 de mayo comienzan las preinscripciones en los casales de verano que organiza el Ayuntamiento de Mont-roig del Camp a trav\u00e9s de Nostreserveis. Se trata, por un lado, del Casal de deportes y ocio que lleva a cabo el \u00c1rea de Deportes durante los meses de julio y agosto, y por otro, un nuevo Casal musical que se realizar\u00e1 la primera quincena de julio gracias a la participaci\u00f3n de la Escuela de M\u00fasica Baptista Nogu\u00e9s.<\/p>\n<p><a href=\"https:\/\/mont-roig.cat\/wp-content\/uploads\/Llibret-casals-destiu-2022.pdf\" target=\"_blank\" rel=\"noopener\">Folleto casales de verano 2022<\/a><\/p>\n<p>El Casal Musical, que es novedad para este verano, se har\u00e1 del 4 al 15 de julio en las instalaciones que la Escola de M\u00fasica tiene en Mont-roig. Est\u00e1 dirigido a ni\u00f1os y ni\u00f1as de 6 a 13 a\u00f1os que est\u00e9n llevando a cabo estudios musicales y hayan cursado al menos el primer a\u00f1o de instrumento.<br \/>\nDurante la jornada los participantes har\u00e1n m\u00fasica en grupo, talleres musicales, juegos de ocio y piscina. Las sesiones ser\u00e1n colectivas con clases de ensayos parciales y ensayos conjuntos y se adecuar\u00e1 el programa al nivel y habilidad musical de cada uno de los participantes. Este casal se har\u00e1 de 9 a 13 h de lunes a viernes en la Escuela de M\u00fasica Bautista Nogu\u00e9s de Mont-roig, pero tambi\u00e9n habr\u00e1 posibilidad de solicitar el servicio de acogida de 8 a 9 hy de 13 a 14 h (que ser\u00e1 gratuito) y de comedor (6.5 \u20ac d\u00eda).<\/p>\n<p><strong>El casal de deportes y ocio<\/strong><br \/>\nEste nuevo casal puede compaginarse, si se quiere, con el tradicional casal de deportes y ocio que se ofrece cada verano en los polideportivos municipales. En este caso, los ni\u00f1os y ni\u00f1as nacidos entre 2016 y 2018 har\u00e1n juegos tradicionales al aire libre, piscina, talleres, juegos de naturaleza y deportes con horario de 9 a 13 h de lunes a viernes en los polideportivos de Mont-roig y Miami Playa y un precio de 25 euros por semana. Para los nacidos entre 2007 y 2015 tambi\u00e9n se realizar\u00e1n actividades adecuadas a su edad con el mismo horario en los dos polideportivos y con precios de 35 euros por semana en julio y 30 \u20ac en agosto.<br \/>\nEstos casales de verano ofrecen la posibilidad de una hora adicional de acogida a partir de las 8 de la ma\u00f1ana y un servicio de comedor a cargo de la empresa Cocina y Gesti\u00f3n que ofrecer\u00e1 el servicio si hay un m\u00ednimo de 25 plazas. El servicio de comedor se ofrecer\u00e1 en las escuelas Mare de D\u00e9u de la Roca de Mont-roig y Joan Mir\u00f3 de Miami Platja.<\/p>\n<p><strong>Deporte durante todo el verano<\/strong><br \/>\nEste a\u00f1o, y para incentivar al resto de poblaci\u00f3n, as\u00ed como a los j\u00f3venes, a continuar con la pr\u00e1ctica deportiva durante todo el verano, el libreto de la programaci\u00f3n de los casales incorpora tambi\u00e9n toda la informaci\u00f3n de las clases dirigidas que se desarrollan en los polideportivos municipales y que no paran durante julio y agosto. As\u00ed, habr\u00e1 clases de aquagym, tonificaci\u00f3n, pilates, ciclismo de pista, body combat, zumba\/urban, Hit GAC, entre otros. Tambi\u00e9n se mantiene en verano el servicio t\u00e9cnico personalidad del personal del \u00c1rea de Deportes que realizar\u00e1 un estudio y un seguimiento personalizado de cada usuario si as\u00ed lo solicita.<\/p>\n<p>Las personas que quieran acogerse a la subvenci\u00f3n que ofrece el Ayuntamiento para participar en las actividades, pueden solicitarla en:<\/p>\n<p><a href=\"https:\/\/mont-roig.eadministracio.cat\/catalog\/t\/cb4b8b59-4a5c-4a0b-bd58-f770233fbd70\" target=\"_blank\" rel=\"noopener\">https:\/\/mont-roig.eadministracio.cat\/catalog\/t\/cb4b8b59-4a5c-4a0b-bd58-f770233fbd70<\/a><\/p>\n<p>&nbsp;<\/p>\n","protected":false},"excerpt":{"rendered":"<p>A partir del lunes 23 de mayo comienzan las preinscripciones para el casal de deportes y ocio que se ofrece en los polideportivos municipales del 4 de julio al 26 de agosto Tambi\u00e9n el lunes 23 de mayo comienzan las inscripciones para el casal musical, que tendr\u00e1 lugar del 4 al 15 de julio en [&hellip;]<\/p>\n","protected":false},"author":13,"featured_media":63097,"comment_status":"closed","ping_status":"closed","sticky":false,"template":"","format":"standard","meta":{"inline_featured_image":false,"_monsterinsights_skip_tracking":false,"_monsterinsights_sitenote_active":false,"_monsterinsights_sitenote_note":"","_monsterinsights_sitenote_category":0,"footnotes":""},"categories":[98,104,204],"tags":[],"class_list":["post-63103","post","type-post","status-publish","format-standard","has-post-thumbnail","hentry","category-ayuntamiento","category-deportes","category-nostreserveis-es"],"yoast_head":"<!-- This site is optimized with the Yoast SEO plugin v27.4 - https:\/\/yoast.com\/product\/yoast-seo-wordpress\/ -->\n<title>Los casales infantiles de verano incorporan este a\u00f1o como novedad un casal musical que tendr\u00e1 lugar la primera quincena de julio - Ajuntament de Mont-roig del Camp<\/title>\n<meta name=\"robots\" content=\"index, follow, max-snippet:-1, max-image-preview:large, max-video-preview:-1\" \/>\n<link rel=\"canonical\" href=\"https:\/\/mont-roig.cat\/es\/actualitat\/noticies\/los-casales-infantiles-de-verano-incorporan-este-ano-como-novedad-un-casal-musical-que-tendra-lugar-la-primera-quincena-de-julio\/\" \/>\n<meta property=\"og:locale\" content=\"es_ES\" \/>\n<meta property=\"og:type\" content=\"article\" \/>\n<meta property=\"og:title\" content=\"Los casales infantiles de verano incorporan este a\u00f1o como novedad un casal musical que tendr\u00e1 lugar la primera quincena de julio - Ajuntament de Mont-roig del Camp\" \/>\n<meta property=\"og:description\" content=\"A partir del lunes 23 de mayo comienzan las preinscripciones para el casal de deportes y ocio que se ofrece en los polideportivos municipales del 4 de julio al 26 de agosto Tambi\u00e9n el lunes 23 de mayo comienzan las inscripciones para el casal musical, que tendr\u00e1 lugar del 4 al 15 de julio en [&hellip;]\" \/>\n<meta property=\"og:url\" content=\"https:\/\/mont-roig.cat\/es\/actualitat\/noticies\/los-casales-infantiles-de-verano-incorporan-este-ano-como-novedad-un-casal-musical-que-tendra-lugar-la-primera-quincena-de-julio\/\" \/>\n<meta property=\"og:site_name\" content=\"Ajuntament de Mont-roig del Camp\" \/>\n<meta property=\"article:published_time\" content=\"2022-05-20T15:04:32+00:00\" \/>\n<meta property=\"article:modified_time\" content=\"2022-05-20T15:22:50+00:00\" \/>\n<meta property=\"og:image\" content=\"https:\/\/mont-roig.cat\/wp-content\/uploads\/Horritzontal-per-imatge-de-la-noticia-1200-pt-x-628-pt-.jpg\" \/>\n\t<meta property=\"og:image:width\" content=\"1250\" \/>\n\t<meta property=\"og:image:height\" content=\"654\" \/>\n\t<meta property=\"og:image:type\" content=\"image\/jpeg\" \/>\n<meta name=\"author\" content=\"comunicacio\" \/>\n<meta name=\"twitter:card\" content=\"summary_large_image\" \/>\n<meta name=\"twitter:label1\" content=\"Escrito por\" \/>\n\t<meta name=\"twitter:data1\" content=\"comunicacio\" \/>\n\t<meta name=\"twitter:label2\" content=\"Tiempo de lectura\" \/>\n\t<meta name=\"twitter:data2\" content=\"4 minutos\" \/>\n<script type=\"application\/ld+json\" class=\"yoast-schema-graph\">{\"@context\":\"https:\\\/\\\/schema.org\",\"@graph\":[{\"@type\":\"Article\",\"@id\":\"https:\\\/\\\/mont-roig.cat\\\/es\\\/actualitat\\\/noticies\\\/los-casales-infantiles-de-verano-incorporan-este-ano-como-novedad-un-casal-musical-que-tendra-lugar-la-primera-quincena-de-julio\\\/#article\",\"isPartOf\":{\"@id\":\"https:\\\/\\\/mont-roig.cat\\\/es\\\/actualitat\\\/noticies\\\/los-casales-infantiles-de-verano-incorporan-este-ano-como-novedad-un-casal-musical-que-tendra-lugar-la-primera-quincena-de-julio\\\/\"},\"author\":{\"name\":\"comunicacio\",\"@id\":\"https:\\\/\\\/mont-roig.cat\\\/es\\\/#\\\/schema\\\/person\\\/1f73e7b5e6f9dd122e8a6f14f310ac5e\"},\"headline\":\"Los casales infantiles de verano incorporan este a\u00f1o como novedad un casal musical que tendr\u00e1 lugar la primera quincena de julio\",\"datePublished\":\"2022-05-20T15:04:32+00:00\",\"dateModified\":\"2022-05-20T15:22:50+00:00\",\"mainEntityOfPage\":{\"@id\":\"https:\\\/\\\/mont-roig.cat\\\/es\\\/actualitat\\\/noticies\\\/los-casales-infantiles-de-verano-incorporan-este-ano-como-novedad-un-casal-musical-que-tendra-lugar-la-primera-quincena-de-julio\\\/\"},\"wordCount\":737,\"image\":{\"@id\":\"https:\\\/\\\/mont-roig.cat\\\/es\\\/actualitat\\\/noticies\\\/los-casales-infantiles-de-verano-incorporan-este-ano-como-novedad-un-casal-musical-que-tendra-lugar-la-primera-quincena-de-julio\\\/#primaryimage\"},\"thumbnailUrl\":\"https:\\\/\\\/mont-roig.cat\\\/wp-content\\\/uploads\\\/Horritzontal-per-imatge-de-la-noticia-1200-pt-x-628-pt-.jpg\",\"articleSection\":[\"Ayuntamiento\",\"Deportes\",\"Nostreserveis\"],\"inLanguage\":\"es\"},{\"@type\":\"WebPage\",\"@id\":\"https:\\\/\\\/mont-roig.cat\\\/es\\\/actualitat\\\/noticies\\\/los-casales-infantiles-de-verano-incorporan-este-ano-como-novedad-un-casal-musical-que-tendra-lugar-la-primera-quincena-de-julio\\\/\",\"url\":\"https:\\\/\\\/mont-roig.cat\\\/es\\\/actualitat\\\/noticies\\\/los-casales-infantiles-de-verano-incorporan-este-ano-como-novedad-un-casal-musical-que-tendra-lugar-la-primera-quincena-de-julio\\\/\",\"name\":\"Los casales infantiles de verano incorporan este a\u00f1o como novedad un casal musical que tendr\u00e1 lugar la primera quincena de julio - Ajuntament de Mont-roig del Camp\",\"isPartOf\":{\"@id\":\"https:\\\/\\\/mont-roig.cat\\\/es\\\/#website\"},\"primaryImageOfPage\":{\"@id\":\"https:\\\/\\\/mont-roig.cat\\\/es\\\/actualitat\\\/noticies\\\/los-casales-infantiles-de-verano-incorporan-este-ano-como-novedad-un-casal-musical-que-tendra-lugar-la-primera-quincena-de-julio\\\/#primaryimage\"},\"image\":{\"@id\":\"https:\\\/\\\/mont-roig.cat\\\/es\\\/actualitat\\\/noticies\\\/los-casales-infantiles-de-verano-incorporan-este-ano-como-novedad-un-casal-musical-que-tendra-lugar-la-primera-quincena-de-julio\\\/#primaryimage\"},\"thumbnailUrl\":\"https:\\\/\\\/mont-roig.cat\\\/wp-content\\\/uploads\\\/Horritzontal-per-imatge-de-la-noticia-1200-pt-x-628-pt-.jpg\",\"datePublished\":\"2022-05-20T15:04:32+00:00\",\"dateModified\":\"2022-05-20T15:22:50+00:00\",\"author\":{\"@id\":\"https:\\\/\\\/mont-roig.cat\\\/es\\\/#\\\/schema\\\/person\\\/1f73e7b5e6f9dd122e8a6f14f310ac5e\"},\"breadcrumb\":{\"@id\":\"https:\\\/\\\/mont-roig.cat\\\/es\\\/actualitat\\\/noticies\\\/los-casales-infantiles-de-verano-incorporan-este-ano-como-novedad-un-casal-musical-que-tendra-lugar-la-primera-quincena-de-julio\\\/#breadcrumb\"},\"inLanguage\":\"es\",\"potentialAction\":[{\"@type\":\"ReadAction\",\"target\":[\"https:\\\/\\\/mont-roig.cat\\\/es\\\/actualitat\\\/noticies\\\/los-casales-infantiles-de-verano-incorporan-este-ano-como-novedad-un-casal-musical-que-tendra-lugar-la-primera-quincena-de-julio\\\/\"]}]},{\"@type\":\"ImageObject\",\"inLanguage\":\"es\",\"@id\":\"https:\\\/\\\/mont-roig.cat\\\/es\\\/actualitat\\\/noticies\\\/los-casales-infantiles-de-verano-incorporan-este-ano-como-novedad-un-casal-musical-que-tendra-lugar-la-primera-quincena-de-julio\\\/#primaryimage\",\"url\":\"https:\\\/\\\/mont-roig.cat\\\/wp-content\\\/uploads\\\/Horritzontal-per-imatge-de-la-noticia-1200-pt-x-628-pt-.jpg\",\"contentUrl\":\"https:\\\/\\\/mont-roig.cat\\\/wp-content\\\/uploads\\\/Horritzontal-per-imatge-de-la-noticia-1200-pt-x-628-pt-.jpg\",\"width\":1250,\"height\":654},{\"@type\":\"BreadcrumbList\",\"@id\":\"https:\\\/\\\/mont-roig.cat\\\/es\\\/actualitat\\\/noticies\\\/los-casales-infantiles-de-verano-incorporan-este-ano-como-novedad-un-casal-musical-que-tendra-lugar-la-primera-quincena-de-julio\\\/#breadcrumb\",\"itemListElement\":[{\"@type\":\"ListItem\",\"position\":1,\"name\":\"Inici\",\"item\":\"https:\\\/\\\/mont-roig.cat\\\/es\\\/pagina-de-inicio\\\/\"},{\"@type\":\"ListItem\",\"position\":2,\"name\":\"Los casales infantiles de verano incorporan este a\u00f1o como novedad un casal musical que tendr\u00e1 lugar la primera quincena de julio\"}]},{\"@type\":\"WebSite\",\"@id\":\"https:\\\/\\\/mont-roig.cat\\\/es\\\/#website\",\"url\":\"https:\\\/\\\/mont-roig.cat\\\/es\\\/\",\"name\":\"Ajuntament de Mont-roig del Camp\",\"description\":\"Tota la informaci\u00f3 sobre la instituci\u00f3, els seus \u00f2rgans de govern, actualitat, serveis i molt m\u00e9s.\",\"potentialAction\":[{\"@type\":\"SearchAction\",\"target\":{\"@type\":\"EntryPoint\",\"urlTemplate\":\"https:\\\/\\\/mont-roig.cat\\\/es\\\/?s={search_term_string}\"},\"query-input\":{\"@type\":\"PropertyValueSpecification\",\"valueRequired\":true,\"valueName\":\"search_term_string\"}}],\"inLanguage\":\"es\"},{\"@type\":\"Person\",\"@id\":\"https:\\\/\\\/mont-roig.cat\\\/es\\\/#\\\/schema\\\/person\\\/1f73e7b5e6f9dd122e8a6f14f310ac5e\",\"name\":\"comunicacio\",\"image\":{\"@type\":\"ImageObject\",\"inLanguage\":\"es\",\"@id\":\"https:\\\/\\\/secure.gravatar.com\\\/avatar\\\/98944333e7a877670a64f8d10f0cb680ab2c9ebc4efc43945ef004b52b5ad28c?s=96&d=mm&r=g\",\"url\":\"https:\\\/\\\/secure.gravatar.com\\\/avatar\\\/98944333e7a877670a64f8d10f0cb680ab2c9ebc4efc43945ef004b52b5ad28c?s=96&d=mm&r=g\",\"contentUrl\":\"https:\\\/\\\/secure.gravatar.com\\\/avatar\\\/98944333e7a877670a64f8d10f0cb680ab2c9ebc4efc43945ef004b52b5ad28c?s=96&d=mm&r=g\",\"caption\":\"comunicacio\"},\"url\":\"https:\\\/\\\/mont-roig.cat\\\/es\\\/actualitat\\\/noticies\\\/author\\\/comunicacio\\\/\"}]}<\/script>\n<!-- \/ Yoast SEO plugin. -->","yoast_head_json":{"title":"Los casales infantiles de verano incorporan este a\u00f1o como novedad un casal musical que tendr\u00e1 lugar la primera quincena de julio - Ajuntament de Mont-roig del Camp","robots":{"index":"index","follow":"follow","max-snippet":"max-snippet:-1","max-image-preview":"max-image-preview:large","max-video-preview":"max-video-preview:-1"},"canonical":"https:\/\/mont-roig.cat\/es\/actualitat\/noticies\/los-casales-infantiles-de-verano-incorporan-este-ano-como-novedad-un-casal-musical-que-tendra-lugar-la-primera-quincena-de-julio\/","og_locale":"es_ES","og_type":"article","og_title":"Los casales infantiles de verano incorporan este a\u00f1o como novedad un casal musical que tendr\u00e1 lugar la primera quincena de julio - Ajuntament de Mont-roig del Camp","og_description":"A partir del lunes 23 de mayo comienzan las preinscripciones para el casal de deportes y ocio que se ofrece en los polideportivos municipales del 4 de julio al 26 de agosto Tambi\u00e9n el lunes 23 de mayo comienzan las inscripciones para el casal musical, que tendr\u00e1 lugar del 4 al 15 de julio en [&hellip;]","og_url":"https:\/\/mont-roig.cat\/es\/actualitat\/noticies\/los-casales-infantiles-de-verano-incorporan-este-ano-como-novedad-un-casal-musical-que-tendra-lugar-la-primera-quincena-de-julio\/","og_site_name":"Ajuntament de Mont-roig del Camp","article_published_time":"2022-05-20T15:04:32+00:00","article_modified_time":"2022-05-20T15:22:50+00:00","og_image":[{"width":1250,"height":654,"url":"https:\/\/mont-roig.cat\/wp-content\/uploads\/Horritzontal-per-imatge-de-la-noticia-1200-pt-x-628-pt-.jpg","type":"image\/jpeg"}],"author":"comunicacio","twitter_card":"summary_large_image","twitter_misc":{"Escrito por":"comunicacio","Tiempo de lectura":"4 minutos"},"schema":{"@context":"https:\/\/schema.org","@graph":[{"@type":"Article","@id":"https:\/\/mont-roig.cat\/es\/actualitat\/noticies\/los-casales-infantiles-de-verano-incorporan-este-ano-como-novedad-un-casal-musical-que-tendra-lugar-la-primera-quincena-de-julio\/#article","isPartOf":{"@id":"https:\/\/mont-roig.cat\/es\/actualitat\/noticies\/los-casales-infantiles-de-verano-incorporan-este-ano-como-novedad-un-casal-musical-que-tendra-lugar-la-primera-quincena-de-julio\/"},"author":{"name":"comunicacio","@id":"https:\/\/mont-roig.cat\/es\/#\/schema\/person\/1f73e7b5e6f9dd122e8a6f14f310ac5e"},"headline":"Los casales infantiles de verano incorporan este a\u00f1o como novedad un casal musical que tendr\u00e1 lugar la primera quincena de julio","datePublished":"2022-05-20T15:04:32+00:00","dateModified":"2022-05-20T15:22:50+00:00","mainEntityOfPage":{"@id":"https:\/\/mont-roig.cat\/es\/actualitat\/noticies\/los-casales-infantiles-de-verano-incorporan-este-ano-como-novedad-un-casal-musical-que-tendra-lugar-la-primera-quincena-de-julio\/"},"wordCount":737,"image":{"@id":"https:\/\/mont-roig.cat\/es\/actualitat\/noticies\/los-casales-infantiles-de-verano-incorporan-este-ano-como-novedad-un-casal-musical-que-tendra-lugar-la-primera-quincena-de-julio\/#primaryimage"},"thumbnailUrl":"https:\/\/mont-roig.cat\/wp-content\/uploads\/Horritzontal-per-imatge-de-la-noticia-1200-pt-x-628-pt-.jpg","articleSection":["Ayuntamiento","Deportes","Nostreserveis"],"inLanguage":"es"},{"@type":"WebPage","@id":"https:\/\/mont-roig.cat\/es\/actualitat\/noticies\/los-casales-infantiles-de-verano-incorporan-este-ano-como-novedad-un-casal-musical-que-tendra-lugar-la-primera-quincena-de-julio\/","url":"https:\/\/mont-roig.cat\/es\/actualitat\/noticies\/los-casales-infantiles-de-verano-incorporan-este-ano-como-novedad-un-casal-musical-que-tendra-lugar-la-primera-quincena-de-julio\/","name":"Los casales infantiles de verano incorporan este a\u00f1o como novedad un casal musical que tendr\u00e1 lugar la primera quincena de julio - Ajuntament de Mont-roig del Camp","isPartOf":{"@id":"https:\/\/mont-roig.cat\/es\/#website"},"primaryImageOfPage":{"@id":"https:\/\/mont-roig.cat\/es\/actualitat\/noticies\/los-casales-infantiles-de-verano-incorporan-este-ano-como-novedad-un-casal-musical-que-tendra-lugar-la-primera-quincena-de-julio\/#primaryimage"},"image":{"@id":"https:\/\/mont-roig.cat\/es\/actualitat\/noticies\/los-casales-infantiles-de-verano-incorporan-este-ano-como-novedad-un-casal-musical-que-tendra-lugar-la-primera-quincena-de-julio\/#primaryimage"},"thumbnailUrl":"https:\/\/mont-roig.cat\/wp-content\/uploads\/Horritzontal-per-imatge-de-la-noticia-1200-pt-x-628-pt-.jpg","datePublished":"2022-05-20T15:04:32+00:00","dateModified":"2022-05-20T15:22:50+00:00","author":{"@id":"https:\/\/mont-roig.cat\/es\/#\/schema\/person\/1f73e7b5e6f9dd122e8a6f14f310ac5e"},"breadcrumb":{"@id":"https:\/\/mont-roig.cat\/es\/actualitat\/noticies\/los-casales-infantiles-de-verano-incorporan-este-ano-como-novedad-un-casal-musical-que-tendra-lugar-la-primera-quincena-de-julio\/#breadcrumb"},"inLanguage":"es","potentialAction":[{"@type":"ReadAction","target":["https:\/\/mont-roig.cat\/es\/actualitat\/noticies\/los-casales-infantiles-de-verano-incorporan-este-ano-como-novedad-un-casal-musical-que-tendra-lugar-la-primera-quincena-de-julio\/"]}]},{"@type":"ImageObject","inLanguage":"es","@id":"https:\/\/mont-roig.cat\/es\/actualitat\/noticies\/los-casales-infantiles-de-verano-incorporan-este-ano-como-novedad-un-casal-musical-que-tendra-lugar-la-primera-quincena-de-julio\/#primaryimage","url":"https:\/\/mont-roig.cat\/wp-content\/uploads\/Horritzontal-per-imatge-de-la-noticia-1200-pt-x-628-pt-.jpg","contentUrl":"https:\/\/mont-roig.cat\/wp-content\/uploads\/Horritzontal-per-imatge-de-la-noticia-1200-pt-x-628-pt-.jpg","width":1250,"height":654},{"@type":"BreadcrumbList","@id":"https:\/\/mont-roig.cat\/es\/actualitat\/noticies\/los-casales-infantiles-de-verano-incorporan-este-ano-como-novedad-un-casal-musical-que-tendra-lugar-la-primera-quincena-de-julio\/#breadcrumb","itemListElement":[{"@type":"ListItem","position":1,"name":"Inici","item":"https:\/\/mont-roig.cat\/es\/pagina-de-inicio\/"},{"@type":"ListItem","position":2,"name":"Los casales infantiles de verano incorporan este a\u00f1o como novedad un casal musical que tendr\u00e1 lugar la primera quincena de julio"}]},{"@type":"WebSite","@id":"https:\/\/mont-roig.cat\/es\/#website","url":"https:\/\/mont-roig.cat\/es\/","name":"Ajuntament de Mont-roig del Camp","description":"Tota la informaci\u00f3 sobre la instituci\u00f3, els seus \u00f2rgans de govern, actualitat, serveis i molt m\u00e9s.","potentialAction":[{"@type":"SearchAction","target":{"@type":"EntryPoint","urlTemplate":"https:\/\/mont-roig.cat\/es\/?s={search_term_string}"},"query-input":{"@type":"PropertyValueSpecification","valueRequired":true,"valueName":"search_term_string"}}],"inLanguage":"es"},{"@type":"Person","@id":"https:\/\/mont-roig.cat\/es\/#\/schema\/person\/1f73e7b5e6f9dd122e8a6f14f310ac5e","name":"comunicacio","image":{"@type":"ImageObject","inLanguage":"es","@id":"https:\/\/secure.gravatar.com\/avatar\/98944333e7a877670a64f8d10f0cb680ab2c9ebc4efc43945ef004b52b5ad28c?s=96&d=mm&r=g","url":"https:\/\/secure.gravatar.com\/avatar\/98944333e7a877670a64f8d10f0cb680ab2c9ebc4efc43945ef004b52b5ad28c?s=96&d=mm&r=g","contentUrl":"https:\/\/secure.gravatar.com\/avatar\/98944333e7a877670a64f8d10f0cb680ab2c9ebc4efc43945ef004b52b5ad28c?s=96&d=mm&r=g","caption":"comunicacio"},"url":"https:\/\/mont-roig.cat\/es\/actualitat\/noticies\/author\/comunicacio\/"}]}},"_links":{"self":[{"href":"https:\/\/mont-roig.cat\/es\/wp-json\/wp\/v2\/posts\/63103","targetHints":{"allow":["GET"]}}],"collection":[{"href":"https:\/\/mont-roig.cat\/es\/wp-json\/wp\/v2\/posts"}],"about":[{"href":"https:\/\/mont-roig.cat\/es\/wp-json\/wp\/v2\/types\/post"}],"author":[{"embeddable":true,"href":"https:\/\/mont-roig.cat\/es\/wp-json\/wp\/v2\/users\/13"}],"replies":[{"embeddable":true,"href":"https:\/\/mont-roig.cat\/es\/wp-json\/wp\/v2\/comments?post=63103"}],"version-history":[{"count":3,"href":"https:\/\/mont-roig.cat\/es\/wp-json\/wp\/v2\/posts\/63103\/revisions"}],"predecessor-version":[{"id":63107,"href":"https:\/\/mont-roig.cat\/es\/wp-json\/wp\/v2\/posts\/63103\/revisions\/63107"}],"wp:featuredmedia":[{"embeddable":true,"href":"https:\/\/mont-roig.cat\/es\/wp-json\/wp\/v2\/media\/63097"}],"wp:attachment":[{"href":"https:\/\/mont-roig.cat\/es\/wp-json\/wp\/v2\/media?parent=63103"}],"wp:term":[{"taxonomy":"category","embeddable":true,"href":"https:\/\/mont-roig.cat\/es\/wp-json\/wp\/v2\/categories?post=63103"},{"taxonomy":"post_tag","embeddable":true,"href":"https:\/\/mont-roig.cat\/es\/wp-json\/wp\/v2\/tags?post=63103"}],"curies":[{"name":"wp","href":"https:\/\/api.w.org\/{rel}","templated":true}]}}