{"id":63161,"date":"2022-05-25T08:18:34","date_gmt":"2022-05-25T06:18:34","guid":{"rendered":"https:\/\/mont-roig.cat\/actualitat\/noticies\/lajuntament-de-mont-roig-del-camp-treu-a-concurs-public-el-servei-de-cameres-de-seguretat-i-vigilancia-del-municipi\/"},"modified":"2022-05-25T08:24:04","modified_gmt":"2022-05-25T06:24:04","slug":"el-ayuntamiento-de-mont-roig-del-camp-saca-a-concurso-publico-el-servicio-de-camaras-de-seguridad-y-vigilancia-del-municipio","status":"publish","type":"post","link":"https:\/\/mont-roig.cat\/es\/actualitat\/noticies\/el-ayuntamiento-de-mont-roig-del-camp-saca-a-concurso-publico-el-servicio-de-camaras-de-seguridad-y-vigilancia-del-municipio\/","title":{"rendered":"El Ayuntamiento de Mont-roig del Camp saca a concurso p\u00fablico el servicio de c\u00e1maras de seguridad y vigilancia del municipio"},"content":{"rendered":"<ul>\n<li>\n<div id=\"attachment_63157\" style=\"width: 300px\" class=\"wp-caption alignright\"><a href=\"https:\/\/mont-roig.cat\/wp-content\/uploads\/camara-control-trafico.jpg\"><img loading=\"lazy\" decoding=\"async\" aria-describedby=\"caption-attachment-63157\" class=\"wp-image-63157\" src=\"https:\/\/mont-roig.cat\/wp-content\/uploads\/camara-control-trafico-500x500.jpg\" alt=\"\" width=\"290\" height=\"290\" srcset=\"https:\/\/mont-roig.cat\/wp-content\/uploads\/camara-control-trafico-500x500.jpg 500w, https:\/\/mont-roig.cat\/wp-content\/uploads\/camara-control-trafico-1024x1024.jpg 1024w, https:\/\/mont-roig.cat\/wp-content\/uploads\/camara-control-trafico-50x50.jpg 50w, https:\/\/mont-roig.cat\/wp-content\/uploads\/camara-control-trafico-768x768.jpg 768w, https:\/\/mont-roig.cat\/wp-content\/uploads\/camara-control-trafico-560x560.jpg 560w, https:\/\/mont-roig.cat\/wp-content\/uploads\/camara-control-trafico-367x367.jpg 367w, https:\/\/mont-roig.cat\/wp-content\/uploads\/camara-control-trafico-450x450.jpg 450w, https:\/\/mont-roig.cat\/wp-content\/uploads\/camara-control-trafico-85x85.jpg 85w, https:\/\/mont-roig.cat\/wp-content\/uploads\/camara-control-trafico-45x45.jpg 45w, https:\/\/mont-roig.cat\/wp-content\/uploads\/camara-control-trafico.jpg 1100w\" sizes=\"auto, (max-width: 290px) 100vw, 290px\" \/><\/a><p id=\"caption-attachment-63157\" class=\"wp-caption-text\">C\u00e1mara lectora de matr\u00edculas.<\/p><\/div>\n<p><strong>Hasta el 17 de junio las empresas del sector pueden presentar las ofertas de licitaci\u00f3n por un servicio que incorpora trece c\u00e1maras con lector de matr\u00edculas y una c\u00e1mara de vigilancia del entorno con un presupuesto de salida de cerca de 250.000 euros<\/strong><\/li>\n<\/ul>\n<p>El Ayuntamiento de Mont-roig del Camp ha abierto un concurso p\u00fablico para presentar ofertas para el nuevo servicio de vigilancia y control de matr\u00edculas en el municipio con un renting de 5 a\u00f1os y posibilidad de compra. El servicio contratado lo ofrecer\u00e1 la empresa ganadora a trav\u00e9s de 13 c\u00e1maras de vigilancia y 1 c\u00e1mara de entorno que permitir\u00e1n controlar todos los veh\u00edculos que acceden por las principales v\u00edas de entrada a los distintos n\u00facleos y urbanizaciones del municipio. El precio de la licitaci\u00f3n es de 248.000 euros sin IVA y pueden presentarse ofertas hasta el 17 de junio.<\/p>\n<p>Este proyecto de mejora de la vigilancia en el municipio pretende, al mismo tiempo, incrementar la sensaci\u00f3n de seguridad y evitar hechos inc\u00edvicos y delictivos. A pesar de no tener un grave problema en este \u00e1mbito ni ser un municipio con hechos delictivos altos, s\u00ed se cree importante avanzar en la prevenci\u00f3n y la detecci\u00f3n de conductas inc\u00edvicas. De hecho, est\u00e1 demostrado que la instalaci\u00f3n de c\u00e1maras reduce sus delitos. Por ello, este sistema de videovigilancia permitir\u00e1 reforzar la labor que lleva a cabo la Polic\u00eda Local, aprovechando al mismo tiempo, las ventajas de las nuevas tecnolog\u00edas.<\/p>\n<p><strong>Lectura de matr\u00edculas<\/strong><br \/>\nEl sistema estar\u00e1 complementado con un sistema de reconocimiento de matr\u00edculas con capacidad de an\u00e1lisis de las capturas, gesti\u00f3n de avisos y sistema de telecomunicaciones para el control de las entradas y salidas de veh\u00edculos del municipio y la detecci\u00f3n de aquellos que sean potencialmente peligrosos o de inter\u00e9s policial.<br \/>\nEl contrato que sale a concurso p\u00fablico incluye el suministro de trece puntos de seguridad de c\u00e1maras con lectores de matr\u00edculas y una c\u00e1mara de entorno, la colocaci\u00f3n de los elementos necesarios de soporte de las c\u00e1maras y del sistema de alimentaci\u00f3n el\u00e9ctrica; la planificaci\u00f3n, coordinaci\u00f3n, configuraci\u00f3n y programaci\u00f3n de equipamientos y puesta en marcha, el suministro e instalaci\u00f3n de todo el equipamiento t\u00e9cnico y toda la infraestructura necesaria para registrar los datos para su seguimiento en caso de que la Polic\u00eda Local lo precise.<\/p>\n<p><strong>Situaci\u00f3n de las c\u00e1maras<\/strong><br \/>\nLas c\u00e1maras de vigilancia se situar\u00e1n en varios puntos estrat\u00e9gicos del municipio como es el cruce entre la T323 y la T310-z en Mont-roig, el acceso a la Urbanizaci\u00f3n Club Mont-roig, el acceso al Casalot en la zona Roma; en la calle Oleastrum en el Pont del Riu Llastres, en la N340 en la Riera de Riudecanyes; en la T322 &#8211; Camino de la Ermita; en la T310 en la calle De les Terres Noves, en la salida A-7 Urbanizaci\u00f3n Via Marina, en la salida A-7 sentido Miami Platja, en el pre-sem\u00e1foro N340 entrada sur, en la T310 con la Riera de Riudecanyes, en la salida de la A-7 con la rotonda Mas Mir\u00f3 y en la rotonda de acceso a Mont-roig Badia. La c\u00e1mara de entorno estar\u00eda en el Parc Lil\u00ed, detr\u00e1s de la iglesia de Miami Platja.<\/p>\n<p>&nbsp;<\/p>\n","protected":false},"excerpt":{"rendered":"<p>Hasta el 17 de junio las empresas del sector pueden presentar las ofertas de licitaci\u00f3n por un servicio que incorpora trece c\u00e1maras con lector de matr\u00edculas y una c\u00e1mara de vigilancia del entorno con un presupuesto de salida de cerca de 250.000 euros El Ayuntamiento de Mont-roig del Camp ha abierto un concurso p\u00fablico para [&hellip;]<\/p>\n","protected":false},"author":13,"featured_media":63158,"comment_status":"closed","ping_status":"closed","sticky":false,"template":"","format":"standard","meta":{"inline_featured_image":false,"_monsterinsights_skip_tracking":false,"_monsterinsights_sitenote_active":false,"_monsterinsights_sitenote_note":"","_monsterinsights_sitenote_category":0,"footnotes":""},"categories":[98,113],"tags":[],"class_list":["post-63161","post","type-post","status-publish","format-standard","has-post-thumbnail","hentry","category-ayuntamiento","category-seguridad"],"yoast_head":"<!-- This site is optimized with the Yoast SEO plugin v27.4 - https:\/\/yoast.com\/product\/yoast-seo-wordpress\/ -->\n<title>El Ayuntamiento de Mont-roig del Camp saca a concurso p\u00fablico el servicio de c\u00e1maras de seguridad y vigilancia del municipio - Ajuntament de Mont-roig del Camp<\/title>\n<meta name=\"robots\" content=\"index, follow, max-snippet:-1, max-image-preview:large, max-video-preview:-1\" \/>\n<link rel=\"canonical\" href=\"https:\/\/mont-roig.cat\/es\/actualitat\/noticies\/el-ayuntamiento-de-mont-roig-del-camp-saca-a-concurso-publico-el-servicio-de-camaras-de-seguridad-y-vigilancia-del-municipio\/\" \/>\n<meta property=\"og:locale\" content=\"es_ES\" \/>\n<meta property=\"og:type\" content=\"article\" \/>\n<meta property=\"og:title\" content=\"El Ayuntamiento de Mont-roig del Camp saca a concurso p\u00fablico el servicio de c\u00e1maras de seguridad y vigilancia del municipio - Ajuntament de Mont-roig del Camp\" \/>\n<meta property=\"og:description\" content=\"Hasta el 17 de junio las empresas del sector pueden presentar las ofertas de licitaci\u00f3n por un servicio que incorpora trece c\u00e1maras con lector de matr\u00edculas y una c\u00e1mara de vigilancia del entorno con un presupuesto de salida de cerca de 250.000 euros El Ayuntamiento de Mont-roig del Camp ha abierto un concurso p\u00fablico para [&hellip;]\" \/>\n<meta property=\"og:url\" content=\"https:\/\/mont-roig.cat\/es\/actualitat\/noticies\/el-ayuntamiento-de-mont-roig-del-camp-saca-a-concurso-publico-el-servicio-de-camaras-de-seguridad-y-vigilancia-del-municipio\/\" \/>\n<meta property=\"og:site_name\" content=\"Ajuntament de Mont-roig del Camp\" \/>\n<meta property=\"article:published_time\" content=\"2022-05-25T06:18:34+00:00\" \/>\n<meta property=\"article:modified_time\" content=\"2022-05-25T06:24:04+00:00\" \/>\n<meta property=\"og:image\" content=\"https:\/\/mont-roig.cat\/wp-content\/uploads\/camara-control-trafico-500x500.jpg\" \/>\n<meta name=\"author\" content=\"comunicacio\" \/>\n<meta name=\"twitter:card\" content=\"summary_large_image\" \/>\n<meta name=\"twitter:label1\" content=\"Escrito por\" \/>\n\t<meta name=\"twitter:data1\" content=\"comunicacio\" \/>\n\t<meta name=\"twitter:label2\" content=\"Tiempo de lectura\" \/>\n\t<meta name=\"twitter:data2\" content=\"4 minutos\" \/>\n<script type=\"application\/ld+json\" class=\"yoast-schema-graph\">{\"@context\":\"https:\\\/\\\/schema.org\",\"@graph\":[{\"@type\":\"Article\",\"@id\":\"https:\\\/\\\/mont-roig.cat\\\/es\\\/actualitat\\\/noticies\\\/el-ayuntamiento-de-mont-roig-del-camp-saca-a-concurso-publico-el-servicio-de-camaras-de-seguridad-y-vigilancia-del-municipio\\\/#article\",\"isPartOf\":{\"@id\":\"https:\\\/\\\/mont-roig.cat\\\/es\\\/actualitat\\\/noticies\\\/el-ayuntamiento-de-mont-roig-del-camp-saca-a-concurso-publico-el-servicio-de-camaras-de-seguridad-y-vigilancia-del-municipio\\\/\"},\"author\":{\"name\":\"comunicacio\",\"@id\":\"https:\\\/\\\/mont-roig.cat\\\/es\\\/#\\\/schema\\\/person\\\/1f73e7b5e6f9dd122e8a6f14f310ac5e\"},\"headline\":\"El Ayuntamiento de Mont-roig del Camp saca a concurso p\u00fablico el servicio de c\u00e1maras de seguridad y vigilancia del municipio\",\"datePublished\":\"2022-05-25T06:18:34+00:00\",\"dateModified\":\"2022-05-25T06:24:04+00:00\",\"mainEntityOfPage\":{\"@id\":\"https:\\\/\\\/mont-roig.cat\\\/es\\\/actualitat\\\/noticies\\\/el-ayuntamiento-de-mont-roig-del-camp-saca-a-concurso-publico-el-servicio-de-camaras-de-seguridad-y-vigilancia-del-municipio\\\/\"},\"wordCount\":607,\"image\":{\"@id\":\"https:\\\/\\\/mont-roig.cat\\\/es\\\/actualitat\\\/noticies\\\/el-ayuntamiento-de-mont-roig-del-camp-saca-a-concurso-publico-el-servicio-de-camaras-de-seguridad-y-vigilancia-del-municipio\\\/#primaryimage\"},\"thumbnailUrl\":\"https:\\\/\\\/mont-roig.cat\\\/wp-content\\\/uploads\\\/camara-control-trafico.jpg\",\"articleSection\":[\"Ayuntamiento\",\"Seguridad\"],\"inLanguage\":\"es\"},{\"@type\":\"WebPage\",\"@id\":\"https:\\\/\\\/mont-roig.cat\\\/es\\\/actualitat\\\/noticies\\\/el-ayuntamiento-de-mont-roig-del-camp-saca-a-concurso-publico-el-servicio-de-camaras-de-seguridad-y-vigilancia-del-municipio\\\/\",\"url\":\"https:\\\/\\\/mont-roig.cat\\\/es\\\/actualitat\\\/noticies\\\/el-ayuntamiento-de-mont-roig-del-camp-saca-a-concurso-publico-el-servicio-de-camaras-de-seguridad-y-vigilancia-del-municipio\\\/\",\"name\":\"El Ayuntamiento de Mont-roig del Camp saca a concurso p\u00fablico el servicio de c\u00e1maras de seguridad y vigilancia del municipio - Ajuntament de Mont-roig del Camp\",\"isPartOf\":{\"@id\":\"https:\\\/\\\/mont-roig.cat\\\/es\\\/#website\"},\"primaryImageOfPage\":{\"@id\":\"https:\\\/\\\/mont-roig.cat\\\/es\\\/actualitat\\\/noticies\\\/el-ayuntamiento-de-mont-roig-del-camp-saca-a-concurso-publico-el-servicio-de-camaras-de-seguridad-y-vigilancia-del-municipio\\\/#primaryimage\"},\"image\":{\"@id\":\"https:\\\/\\\/mont-roig.cat\\\/es\\\/actualitat\\\/noticies\\\/el-ayuntamiento-de-mont-roig-del-camp-saca-a-concurso-publico-el-servicio-de-camaras-de-seguridad-y-vigilancia-del-municipio\\\/#primaryimage\"},\"thumbnailUrl\":\"https:\\\/\\\/mont-roig.cat\\\/wp-content\\\/uploads\\\/camara-control-trafico.jpg\",\"datePublished\":\"2022-05-25T06:18:34+00:00\",\"dateModified\":\"2022-05-25T06:24:04+00:00\",\"author\":{\"@id\":\"https:\\\/\\\/mont-roig.cat\\\/es\\\/#\\\/schema\\\/person\\\/1f73e7b5e6f9dd122e8a6f14f310ac5e\"},\"breadcrumb\":{\"@id\":\"https:\\\/\\\/mont-roig.cat\\\/es\\\/actualitat\\\/noticies\\\/el-ayuntamiento-de-mont-roig-del-camp-saca-a-concurso-publico-el-servicio-de-camaras-de-seguridad-y-vigilancia-del-municipio\\\/#breadcrumb\"},\"inLanguage\":\"es\",\"potentialAction\":[{\"@type\":\"ReadAction\",\"target\":[\"https:\\\/\\\/mont-roig.cat\\\/es\\\/actualitat\\\/noticies\\\/el-ayuntamiento-de-mont-roig-del-camp-saca-a-concurso-publico-el-servicio-de-camaras-de-seguridad-y-vigilancia-del-municipio\\\/\"]}]},{\"@type\":\"ImageObject\",\"inLanguage\":\"es\",\"@id\":\"https:\\\/\\\/mont-roig.cat\\\/es\\\/actualitat\\\/noticies\\\/el-ayuntamiento-de-mont-roig-del-camp-saca-a-concurso-publico-el-servicio-de-camaras-de-seguridad-y-vigilancia-del-municipio\\\/#primaryimage\",\"url\":\"https:\\\/\\\/mont-roig.cat\\\/wp-content\\\/uploads\\\/camara-control-trafico.jpg\",\"contentUrl\":\"https:\\\/\\\/mont-roig.cat\\\/wp-content\\\/uploads\\\/camara-control-trafico.jpg\",\"width\":1100,\"height\":1100},{\"@type\":\"BreadcrumbList\",\"@id\":\"https:\\\/\\\/mont-roig.cat\\\/es\\\/actualitat\\\/noticies\\\/el-ayuntamiento-de-mont-roig-del-camp-saca-a-concurso-publico-el-servicio-de-camaras-de-seguridad-y-vigilancia-del-municipio\\\/#breadcrumb\",\"itemListElement\":[{\"@type\":\"ListItem\",\"position\":1,\"name\":\"Inici\",\"item\":\"https:\\\/\\\/mont-roig.cat\\\/es\\\/pagina-de-inicio\\\/\"},{\"@type\":\"ListItem\",\"position\":2,\"name\":\"El Ayuntamiento de Mont-roig del Camp saca a concurso p\u00fablico el servicio de c\u00e1maras de seguridad y vigilancia del municipio\"}]},{\"@type\":\"WebSite\",\"@id\":\"https:\\\/\\\/mont-roig.cat\\\/es\\\/#website\",\"url\":\"https:\\\/\\\/mont-roig.cat\\\/es\\\/\",\"name\":\"Ajuntament de Mont-roig del Camp\",\"description\":\"Tota la informaci\u00f3 sobre la instituci\u00f3, els seus \u00f2rgans de govern, actualitat, serveis i molt m\u00e9s.\",\"potentialAction\":[{\"@type\":\"SearchAction\",\"target\":{\"@type\":\"EntryPoint\",\"urlTemplate\":\"https:\\\/\\\/mont-roig.cat\\\/es\\\/?s={search_term_string}\"},\"query-input\":{\"@type\":\"PropertyValueSpecification\",\"valueRequired\":true,\"valueName\":\"search_term_string\"}}],\"inLanguage\":\"es\"},{\"@type\":\"Person\",\"@id\":\"https:\\\/\\\/mont-roig.cat\\\/es\\\/#\\\/schema\\\/person\\\/1f73e7b5e6f9dd122e8a6f14f310ac5e\",\"name\":\"comunicacio\",\"image\":{\"@type\":\"ImageObject\",\"inLanguage\":\"es\",\"@id\":\"https:\\\/\\\/secure.gravatar.com\\\/avatar\\\/98944333e7a877670a64f8d10f0cb680ab2c9ebc4efc43945ef004b52b5ad28c?s=96&d=mm&r=g\",\"url\":\"https:\\\/\\\/secure.gravatar.com\\\/avatar\\\/98944333e7a877670a64f8d10f0cb680ab2c9ebc4efc43945ef004b52b5ad28c?s=96&d=mm&r=g\",\"contentUrl\":\"https:\\\/\\\/secure.gravatar.com\\\/avatar\\\/98944333e7a877670a64f8d10f0cb680ab2c9ebc4efc43945ef004b52b5ad28c?s=96&d=mm&r=g\",\"caption\":\"comunicacio\"},\"url\":\"https:\\\/\\\/mont-roig.cat\\\/es\\\/actualitat\\\/noticies\\\/author\\\/comunicacio\\\/\"}]}<\/script>\n<!-- \/ Yoast SEO plugin. -->","yoast_head_json":{"title":"El Ayuntamiento de Mont-roig del Camp saca a concurso p\u00fablico el servicio de c\u00e1maras de seguridad y vigilancia del municipio - Ajuntament de Mont-roig del Camp","robots":{"index":"index","follow":"follow","max-snippet":"max-snippet:-1","max-image-preview":"max-image-preview:large","max-video-preview":"max-video-preview:-1"},"canonical":"https:\/\/mont-roig.cat\/es\/actualitat\/noticies\/el-ayuntamiento-de-mont-roig-del-camp-saca-a-concurso-publico-el-servicio-de-camaras-de-seguridad-y-vigilancia-del-municipio\/","og_locale":"es_ES","og_type":"article","og_title":"El Ayuntamiento de Mont-roig del Camp saca a concurso p\u00fablico el servicio de c\u00e1maras de seguridad y vigilancia del municipio - Ajuntament de Mont-roig del Camp","og_description":"Hasta el 17 de junio las empresas del sector pueden presentar las ofertas de licitaci\u00f3n por un servicio que incorpora trece c\u00e1maras con lector de matr\u00edculas y una c\u00e1mara de vigilancia del entorno con un presupuesto de salida de cerca de 250.000 euros El Ayuntamiento de Mont-roig del Camp ha abierto un concurso p\u00fablico para [&hellip;]","og_url":"https:\/\/mont-roig.cat\/es\/actualitat\/noticies\/el-ayuntamiento-de-mont-roig-del-camp-saca-a-concurso-publico-el-servicio-de-camaras-de-seguridad-y-vigilancia-del-municipio\/","og_site_name":"Ajuntament de Mont-roig del Camp","article_published_time":"2022-05-25T06:18:34+00:00","article_modified_time":"2022-05-25T06:24:04+00:00","og_image":[{"url":"https:\/\/mont-roig.cat\/wp-content\/uploads\/camara-control-trafico-500x500.jpg","type":"","width":"","height":""}],"author":"comunicacio","twitter_card":"summary_large_image","twitter_misc":{"Escrito por":"comunicacio","Tiempo de lectura":"4 minutos"},"schema":{"@context":"https:\/\/schema.org","@graph":[{"@type":"Article","@id":"https:\/\/mont-roig.cat\/es\/actualitat\/noticies\/el-ayuntamiento-de-mont-roig-del-camp-saca-a-concurso-publico-el-servicio-de-camaras-de-seguridad-y-vigilancia-del-municipio\/#article","isPartOf":{"@id":"https:\/\/mont-roig.cat\/es\/actualitat\/noticies\/el-ayuntamiento-de-mont-roig-del-camp-saca-a-concurso-publico-el-servicio-de-camaras-de-seguridad-y-vigilancia-del-municipio\/"},"author":{"name":"comunicacio","@id":"https:\/\/mont-roig.cat\/es\/#\/schema\/person\/1f73e7b5e6f9dd122e8a6f14f310ac5e"},"headline":"El Ayuntamiento de Mont-roig del Camp saca a concurso p\u00fablico el servicio de c\u00e1maras de seguridad y vigilancia del municipio","datePublished":"2022-05-25T06:18:34+00:00","dateModified":"2022-05-25T06:24:04+00:00","mainEntityOfPage":{"@id":"https:\/\/mont-roig.cat\/es\/actualitat\/noticies\/el-ayuntamiento-de-mont-roig-del-camp-saca-a-concurso-publico-el-servicio-de-camaras-de-seguridad-y-vigilancia-del-municipio\/"},"wordCount":607,"image":{"@id":"https:\/\/mont-roig.cat\/es\/actualitat\/noticies\/el-ayuntamiento-de-mont-roig-del-camp-saca-a-concurso-publico-el-servicio-de-camaras-de-seguridad-y-vigilancia-del-municipio\/#primaryimage"},"thumbnailUrl":"https:\/\/mont-roig.cat\/wp-content\/uploads\/camara-control-trafico.jpg","articleSection":["Ayuntamiento","Seguridad"],"inLanguage":"es"},{"@type":"WebPage","@id":"https:\/\/mont-roig.cat\/es\/actualitat\/noticies\/el-ayuntamiento-de-mont-roig-del-camp-saca-a-concurso-publico-el-servicio-de-camaras-de-seguridad-y-vigilancia-del-municipio\/","url":"https:\/\/mont-roig.cat\/es\/actualitat\/noticies\/el-ayuntamiento-de-mont-roig-del-camp-saca-a-concurso-publico-el-servicio-de-camaras-de-seguridad-y-vigilancia-del-municipio\/","name":"El Ayuntamiento de Mont-roig del Camp saca a concurso p\u00fablico el servicio de c\u00e1maras de seguridad y vigilancia del municipio - Ajuntament de Mont-roig del Camp","isPartOf":{"@id":"https:\/\/mont-roig.cat\/es\/#website"},"primaryImageOfPage":{"@id":"https:\/\/mont-roig.cat\/es\/actualitat\/noticies\/el-ayuntamiento-de-mont-roig-del-camp-saca-a-concurso-publico-el-servicio-de-camaras-de-seguridad-y-vigilancia-del-municipio\/#primaryimage"},"image":{"@id":"https:\/\/mont-roig.cat\/es\/actualitat\/noticies\/el-ayuntamiento-de-mont-roig-del-camp-saca-a-concurso-publico-el-servicio-de-camaras-de-seguridad-y-vigilancia-del-municipio\/#primaryimage"},"thumbnailUrl":"https:\/\/mont-roig.cat\/wp-content\/uploads\/camara-control-trafico.jpg","datePublished":"2022-05-25T06:18:34+00:00","dateModified":"2022-05-25T06:24:04+00:00","author":{"@id":"https:\/\/mont-roig.cat\/es\/#\/schema\/person\/1f73e7b5e6f9dd122e8a6f14f310ac5e"},"breadcrumb":{"@id":"https:\/\/mont-roig.cat\/es\/actualitat\/noticies\/el-ayuntamiento-de-mont-roig-del-camp-saca-a-concurso-publico-el-servicio-de-camaras-de-seguridad-y-vigilancia-del-municipio\/#breadcrumb"},"inLanguage":"es","potentialAction":[{"@type":"ReadAction","target":["https:\/\/mont-roig.cat\/es\/actualitat\/noticies\/el-ayuntamiento-de-mont-roig-del-camp-saca-a-concurso-publico-el-servicio-de-camaras-de-seguridad-y-vigilancia-del-municipio\/"]}]},{"@type":"ImageObject","inLanguage":"es","@id":"https:\/\/mont-roig.cat\/es\/actualitat\/noticies\/el-ayuntamiento-de-mont-roig-del-camp-saca-a-concurso-publico-el-servicio-de-camaras-de-seguridad-y-vigilancia-del-municipio\/#primaryimage","url":"https:\/\/mont-roig.cat\/wp-content\/uploads\/camara-control-trafico.jpg","contentUrl":"https:\/\/mont-roig.cat\/wp-content\/uploads\/camara-control-trafico.jpg","width":1100,"height":1100},{"@type":"BreadcrumbList","@id":"https:\/\/mont-roig.cat\/es\/actualitat\/noticies\/el-ayuntamiento-de-mont-roig-del-camp-saca-a-concurso-publico-el-servicio-de-camaras-de-seguridad-y-vigilancia-del-municipio\/#breadcrumb","itemListElement":[{"@type":"ListItem","position":1,"name":"Inici","item":"https:\/\/mont-roig.cat\/es\/pagina-de-inicio\/"},{"@type":"ListItem","position":2,"name":"El Ayuntamiento de Mont-roig del Camp saca a concurso p\u00fablico el servicio de c\u00e1maras de seguridad y vigilancia del municipio"}]},{"@type":"WebSite","@id":"https:\/\/mont-roig.cat\/es\/#website","url":"https:\/\/mont-roig.cat\/es\/","name":"Ajuntament de Mont-roig del Camp","description":"Tota la informaci\u00f3 sobre la instituci\u00f3, els seus \u00f2rgans de govern, actualitat, serveis i molt m\u00e9s.","potentialAction":[{"@type":"SearchAction","target":{"@type":"EntryPoint","urlTemplate":"https:\/\/mont-roig.cat\/es\/?s={search_term_string}"},"query-input":{"@type":"PropertyValueSpecification","valueRequired":true,"valueName":"search_term_string"}}],"inLanguage":"es"},{"@type":"Person","@id":"https:\/\/mont-roig.cat\/es\/#\/schema\/person\/1f73e7b5e6f9dd122e8a6f14f310ac5e","name":"comunicacio","image":{"@type":"ImageObject","inLanguage":"es","@id":"https:\/\/secure.gravatar.com\/avatar\/98944333e7a877670a64f8d10f0cb680ab2c9ebc4efc43945ef004b52b5ad28c?s=96&d=mm&r=g","url":"https:\/\/secure.gravatar.com\/avatar\/98944333e7a877670a64f8d10f0cb680ab2c9ebc4efc43945ef004b52b5ad28c?s=96&d=mm&r=g","contentUrl":"https:\/\/secure.gravatar.com\/avatar\/98944333e7a877670a64f8d10f0cb680ab2c9ebc4efc43945ef004b52b5ad28c?s=96&d=mm&r=g","caption":"comunicacio"},"url":"https:\/\/mont-roig.cat\/es\/actualitat\/noticies\/author\/comunicacio\/"}]}},"_links":{"self":[{"href":"https:\/\/mont-roig.cat\/es\/wp-json\/wp\/v2\/posts\/63161","targetHints":{"allow":["GET"]}}],"collection":[{"href":"https:\/\/mont-roig.cat\/es\/wp-json\/wp\/v2\/posts"}],"about":[{"href":"https:\/\/mont-roig.cat\/es\/wp-json\/wp\/v2\/types\/post"}],"author":[{"embeddable":true,"href":"https:\/\/mont-roig.cat\/es\/wp-json\/wp\/v2\/users\/13"}],"replies":[{"embeddable":true,"href":"https:\/\/mont-roig.cat\/es\/wp-json\/wp\/v2\/comments?post=63161"}],"version-history":[{"count":2,"href":"https:\/\/mont-roig.cat\/es\/wp-json\/wp\/v2\/posts\/63161\/revisions"}],"predecessor-version":[{"id":63163,"href":"https:\/\/mont-roig.cat\/es\/wp-json\/wp\/v2\/posts\/63161\/revisions\/63163"}],"wp:featuredmedia":[{"embeddable":true,"href":"https:\/\/mont-roig.cat\/es\/wp-json\/wp\/v2\/media\/63158"}],"wp:attachment":[{"href":"https:\/\/mont-roig.cat\/es\/wp-json\/wp\/v2\/media?parent=63161"}],"wp:term":[{"taxonomy":"category","embeddable":true,"href":"https:\/\/mont-roig.cat\/es\/wp-json\/wp\/v2\/categories?post=63161"},{"taxonomy":"post_tag","embeddable":true,"href":"https:\/\/mont-roig.cat\/es\/wp-json\/wp\/v2\/tags?post=63161"}],"curies":[{"name":"wp","href":"https:\/\/api.w.org\/{rel}","templated":true}]}}