{"id":63392,"date":"2022-06-01T13:52:29","date_gmt":"2022-06-01T11:52:29","guid":{"rendered":"https:\/\/mont-roig.cat\/actualitat\/noticies\/el-proces-participatiu-de-la-campanya-dona-nom-ja-ha-escollit-les-10-dones-els-noms-de-les-quals-safegiran-als-carrers-del-municipi\/"},"modified":"2022-06-01T14:47:58","modified_gmt":"2022-06-01T12:47:58","slug":"el-proceso-participativo-de-la-campana-dona-nom-ya-ha-escogido-a-las-10-mujeres-cuyos-nombres-se-anadiran-a-las-calles-del-municipio","status":"publish","type":"post","link":"https:\/\/mont-roig.cat\/es\/actualitat\/noticies\/el-proceso-participativo-de-la-campana-dona-nom-ya-ha-escogido-a-las-10-mujeres-cuyos-nombres-se-anadiran-a-las-calles-del-municipio\/","title":{"rendered":"El proceso participativo de la campa\u00f1a Dona Nom ya ha escogido a las 10 mujeres, cuyos nombres se a\u00f1adir\u00e1n a las calles del municipio"},"content":{"rendered":"<div id=\"attachment_63385\" style=\"width: 314px\" class=\"wp-caption alignright\"><a href=\"https:\/\/mont-roig.cat\/wp-content\/uploads\/Resultats-Donanom.png\"><img loading=\"lazy\" decoding=\"async\" aria-describedby=\"caption-attachment-63385\" class=\"wp-image-63385\" src=\"https:\/\/mont-roig.cat\/wp-content\/uploads\/Resultats-Donanom-500x444.png\" alt=\"\" width=\"304\" height=\"270\" srcset=\"https:\/\/mont-roig.cat\/wp-content\/uploads\/Resultats-Donanom-500x444.png 500w, https:\/\/mont-roig.cat\/wp-content\/uploads\/Resultats-Donanom-1024x910.png 1024w, https:\/\/mont-roig.cat\/wp-content\/uploads\/Resultats-Donanom-768x682.png 768w, https:\/\/mont-roig.cat\/wp-content\/uploads\/Resultats-Donanom-1536x1364.png 1536w, https:\/\/mont-roig.cat\/wp-content\/uploads\/Resultats-Donanom.png 1592w\" sizes=\"auto, (max-width: 304px) 100vw, 304px\" \/><\/a><p id=\"caption-attachment-63385\" class=\"wp-caption-text\">Resultados votaci\u00f3n Dona Nom.<\/p><\/div>\n<ul>\n<li><strong>La elecci\u00f3n final la ha validado la Comisi\u00f3n de Seguimiento a partir de las votaciones realizadas por la ciudadan\u00eda a trav\u00e9s de una aplicaci\u00f3n m\u00f3vil o presencialmente<\/strong><\/li>\n<\/ul>\n<p>El proceso participativo de la campa\u00f1a Dona Nom, impulsada por el Ayuntamiento de Mont-roig del Camp para feminizar el nomencl\u00e1tor del municipio, ha finalizado esta semana con la validaci\u00f3n por parte de la Comisi\u00f3n de Seguimiento de los 10 nombres de mujer m\u00e1s votados.<\/p>\n<p>La \u00faltima fase del proceso ha tenido una duraci\u00f3n de un mes y ha permitido que todas las personas mayores de 16 a\u00f1os empadronadas en el municipio pudieran votar a partir de las propuestas finalistas que se hab\u00edan escogido previamente y se pueden consultar <a href=\"https:\/\/mont-roig.cat\/es\/actualitat\/noticies\/una-treintena-de-nombres-de-mujeres-pasan-a-la-fase-de-votaciones-del-proceso-participativo-mujer-nombre\/\" target=\"_blank\" rel=\"noopener\">en este enlace.<\/a>. El 80% de las votaciones se han llevado a cabo a trav\u00e9s de la App eAgora, frente al 20% que se han realizado presencialmente en las OMAC&#8217;s.<\/p>\n<p>Por \u00faltimo, los nombres seleccionados para formar parte del futuro nomencl\u00e1tor municipal han sido los siguientes:<\/p>\n<p>-Maribel Zafra Agea<br \/>\n-Ana Mu\u00f1oz Mart\u00ednez<br \/>\n-Montserrat Llorens Mart\u00ed<br \/>\n-Magda Guerrero Mercader<br \/>\n-Mercedes de los Milagros Campos S\u00e1nchez<br \/>\n-Magdalena Serra i Vernet<br \/>\n-Rosa Virgili Granell<br \/>\n-Mercedes Boquera Boquera<br \/>\n-Mar\u00eda Elena Maseras Ribera<br \/>\n-Pepa Colomer y Luque<\/p>\n<p>Pr\u00f3ximamente, a\u00fan en una fecha por definir, se har\u00e1 el acto de clausura del proceso participativo con la presentaci\u00f3n y el homenaje a las 10 mujeres seleccionadas cuyos nombres se a\u00f1adir\u00e1n durante los pr\u00f3ximos 5 a\u00f1os en las calles del municipio.<\/p>\n<p>&nbsp;<\/p>\n","protected":false},"excerpt":{"rendered":"<p>La elecci\u00f3n final la ha validado la Comisi\u00f3n de Seguimiento a partir de las votaciones realizadas por la ciudadan\u00eda a trav\u00e9s de una aplicaci\u00f3n m\u00f3vil o presencialmente El proceso participativo de la campa\u00f1a Dona Nom, impulsada por el Ayuntamiento de Mont-roig del Camp para feminizar el nomencl\u00e1tor del municipio, ha finalizado esta semana con la [&hellip;]<\/p>\n","protected":false},"author":13,"featured_media":63386,"comment_status":"closed","ping_status":"closed","sticky":false,"template":"","format":"standard","meta":{"inline_featured_image":false,"_monsterinsights_skip_tracking":false,"_monsterinsights_sitenote_active":false,"_monsterinsights_sitenote_note":"","_monsterinsights_sitenote_category":0,"footnotes":""},"categories":[98,217],"tags":[],"class_list":["post-63392","post","type-post","status-publish","format-standard","has-post-thumbnail","hentry","category-ayuntamiento","category-participacio-ciutadana-es"],"yoast_head":"<!-- This site is optimized with the Yoast SEO plugin v27.4 - https:\/\/yoast.com\/product\/yoast-seo-wordpress\/ -->\n<title>El proceso participativo de la campa\u00f1a Dona Nom ya ha escogido a las 10 mujeres, cuyos nombres se a\u00f1adir\u00e1n a las calles del municipio - Ajuntament de Mont-roig del Camp<\/title>\n<meta name=\"robots\" content=\"index, follow, max-snippet:-1, max-image-preview:large, max-video-preview:-1\" \/>\n<link rel=\"canonical\" href=\"https:\/\/mont-roig.cat\/es\/actualitat\/noticies\/el-proceso-participativo-de-la-campana-dona-nom-ya-ha-escogido-a-las-10-mujeres-cuyos-nombres-se-anadiran-a-las-calles-del-municipio\/\" \/>\n<meta property=\"og:locale\" content=\"es_ES\" \/>\n<meta property=\"og:type\" content=\"article\" \/>\n<meta property=\"og:title\" content=\"El proceso participativo de la campa\u00f1a Dona Nom ya ha escogido a las 10 mujeres, cuyos nombres se a\u00f1adir\u00e1n a las calles del municipio - Ajuntament de Mont-roig del Camp\" \/>\n<meta property=\"og:description\" content=\"La elecci\u00f3n final la ha validado la Comisi\u00f3n de Seguimiento a partir de las votaciones realizadas por la ciudadan\u00eda a trav\u00e9s de una aplicaci\u00f3n m\u00f3vil o presencialmente El proceso participativo de la campa\u00f1a Dona Nom, impulsada por el Ayuntamiento de Mont-roig del Camp para feminizar el nomencl\u00e1tor del municipio, ha finalizado esta semana con la [&hellip;]\" \/>\n<meta property=\"og:url\" content=\"https:\/\/mont-roig.cat\/es\/actualitat\/noticies\/el-proceso-participativo-de-la-campana-dona-nom-ya-ha-escogido-a-las-10-mujeres-cuyos-nombres-se-anadiran-a-las-calles-del-municipio\/\" \/>\n<meta property=\"og:site_name\" content=\"Ajuntament de Mont-roig del Camp\" \/>\n<meta property=\"article:published_time\" content=\"2022-06-01T11:52:29+00:00\" \/>\n<meta property=\"article:modified_time\" content=\"2022-06-01T12:47:58+00:00\" \/>\n<meta property=\"og:image\" content=\"https:\/\/mont-roig.cat\/wp-content\/uploads\/Resultats-Donanom.png\" \/>\n\t<meta property=\"og:image:width\" content=\"1592\" \/>\n\t<meta property=\"og:image:height\" content=\"1414\" \/>\n\t<meta property=\"og:image:type\" content=\"image\/png\" \/>\n<meta name=\"author\" content=\"comunicacio\" \/>\n<meta name=\"twitter:card\" content=\"summary_large_image\" \/>\n<meta name=\"twitter:label1\" content=\"Escrito por\" \/>\n\t<meta name=\"twitter:data1\" content=\"comunicacio\" \/>\n\t<meta name=\"twitter:label2\" content=\"Tiempo de lectura\" \/>\n\t<meta name=\"twitter:data2\" content=\"2 minutos\" \/>\n<script type=\"application\/ld+json\" class=\"yoast-schema-graph\">{\"@context\":\"https:\\\/\\\/schema.org\",\"@graph\":[{\"@type\":\"Article\",\"@id\":\"https:\\\/\\\/mont-roig.cat\\\/es\\\/actualitat\\\/noticies\\\/el-proceso-participativo-de-la-campana-dona-nom-ya-ha-escogido-a-las-10-mujeres-cuyos-nombres-se-anadiran-a-las-calles-del-municipio\\\/#article\",\"isPartOf\":{\"@id\":\"https:\\\/\\\/mont-roig.cat\\\/es\\\/actualitat\\\/noticies\\\/el-proceso-participativo-de-la-campana-dona-nom-ya-ha-escogido-a-las-10-mujeres-cuyos-nombres-se-anadiran-a-las-calles-del-municipio\\\/\"},\"author\":{\"name\":\"comunicacio\",\"@id\":\"https:\\\/\\\/mont-roig.cat\\\/es\\\/#\\\/schema\\\/person\\\/1f73e7b5e6f9dd122e8a6f14f310ac5e\"},\"headline\":\"El proceso participativo de la campa\u00f1a Dona Nom ya ha escogido a las 10 mujeres, cuyos nombres se a\u00f1adir\u00e1n a las calles del municipio\",\"datePublished\":\"2022-06-01T11:52:29+00:00\",\"dateModified\":\"2022-06-01T12:47:58+00:00\",\"mainEntityOfPage\":{\"@id\":\"https:\\\/\\\/mont-roig.cat\\\/es\\\/actualitat\\\/noticies\\\/el-proceso-participativo-de-la-campana-dona-nom-ya-ha-escogido-a-las-10-mujeres-cuyos-nombres-se-anadiran-a-las-calles-del-municipio\\\/\"},\"wordCount\":298,\"image\":{\"@id\":\"https:\\\/\\\/mont-roig.cat\\\/es\\\/actualitat\\\/noticies\\\/el-proceso-participativo-de-la-campana-dona-nom-ya-ha-escogido-a-las-10-mujeres-cuyos-nombres-se-anadiran-a-las-calles-del-municipio\\\/#primaryimage\"},\"thumbnailUrl\":\"https:\\\/\\\/mont-roig.cat\\\/wp-content\\\/uploads\\\/Resultats-Donanom.png\",\"articleSection\":[\"Ayuntamiento\",\"Participaci\u00f3 Ciutadana\"],\"inLanguage\":\"es\"},{\"@type\":\"WebPage\",\"@id\":\"https:\\\/\\\/mont-roig.cat\\\/es\\\/actualitat\\\/noticies\\\/el-proceso-participativo-de-la-campana-dona-nom-ya-ha-escogido-a-las-10-mujeres-cuyos-nombres-se-anadiran-a-las-calles-del-municipio\\\/\",\"url\":\"https:\\\/\\\/mont-roig.cat\\\/es\\\/actualitat\\\/noticies\\\/el-proceso-participativo-de-la-campana-dona-nom-ya-ha-escogido-a-las-10-mujeres-cuyos-nombres-se-anadiran-a-las-calles-del-municipio\\\/\",\"name\":\"El proceso participativo de la campa\u00f1a Dona Nom ya ha escogido a las 10 mujeres, cuyos nombres se a\u00f1adir\u00e1n a las calles del municipio - Ajuntament de Mont-roig del Camp\",\"isPartOf\":{\"@id\":\"https:\\\/\\\/mont-roig.cat\\\/es\\\/#website\"},\"primaryImageOfPage\":{\"@id\":\"https:\\\/\\\/mont-roig.cat\\\/es\\\/actualitat\\\/noticies\\\/el-proceso-participativo-de-la-campana-dona-nom-ya-ha-escogido-a-las-10-mujeres-cuyos-nombres-se-anadiran-a-las-calles-del-municipio\\\/#primaryimage\"},\"image\":{\"@id\":\"https:\\\/\\\/mont-roig.cat\\\/es\\\/actualitat\\\/noticies\\\/el-proceso-participativo-de-la-campana-dona-nom-ya-ha-escogido-a-las-10-mujeres-cuyos-nombres-se-anadiran-a-las-calles-del-municipio\\\/#primaryimage\"},\"thumbnailUrl\":\"https:\\\/\\\/mont-roig.cat\\\/wp-content\\\/uploads\\\/Resultats-Donanom.png\",\"datePublished\":\"2022-06-01T11:52:29+00:00\",\"dateModified\":\"2022-06-01T12:47:58+00:00\",\"author\":{\"@id\":\"https:\\\/\\\/mont-roig.cat\\\/es\\\/#\\\/schema\\\/person\\\/1f73e7b5e6f9dd122e8a6f14f310ac5e\"},\"breadcrumb\":{\"@id\":\"https:\\\/\\\/mont-roig.cat\\\/es\\\/actualitat\\\/noticies\\\/el-proceso-participativo-de-la-campana-dona-nom-ya-ha-escogido-a-las-10-mujeres-cuyos-nombres-se-anadiran-a-las-calles-del-municipio\\\/#breadcrumb\"},\"inLanguage\":\"es\",\"potentialAction\":[{\"@type\":\"ReadAction\",\"target\":[\"https:\\\/\\\/mont-roig.cat\\\/es\\\/actualitat\\\/noticies\\\/el-proceso-participativo-de-la-campana-dona-nom-ya-ha-escogido-a-las-10-mujeres-cuyos-nombres-se-anadiran-a-las-calles-del-municipio\\\/\"]}]},{\"@type\":\"ImageObject\",\"inLanguage\":\"es\",\"@id\":\"https:\\\/\\\/mont-roig.cat\\\/es\\\/actualitat\\\/noticies\\\/el-proceso-participativo-de-la-campana-dona-nom-ya-ha-escogido-a-las-10-mujeres-cuyos-nombres-se-anadiran-a-las-calles-del-municipio\\\/#primaryimage\",\"url\":\"https:\\\/\\\/mont-roig.cat\\\/wp-content\\\/uploads\\\/Resultats-Donanom.png\",\"contentUrl\":\"https:\\\/\\\/mont-roig.cat\\\/wp-content\\\/uploads\\\/Resultats-Donanom.png\",\"width\":1592,\"height\":1414},{\"@type\":\"BreadcrumbList\",\"@id\":\"https:\\\/\\\/mont-roig.cat\\\/es\\\/actualitat\\\/noticies\\\/el-proceso-participativo-de-la-campana-dona-nom-ya-ha-escogido-a-las-10-mujeres-cuyos-nombres-se-anadiran-a-las-calles-del-municipio\\\/#breadcrumb\",\"itemListElement\":[{\"@type\":\"ListItem\",\"position\":1,\"name\":\"Inici\",\"item\":\"https:\\\/\\\/mont-roig.cat\\\/es\\\/pagina-de-inicio\\\/\"},{\"@type\":\"ListItem\",\"position\":2,\"name\":\"El proceso participativo de la campa\u00f1a Dona Nom ya ha escogido a las 10 mujeres, cuyos nombres se a\u00f1adir\u00e1n a las calles del municipio\"}]},{\"@type\":\"WebSite\",\"@id\":\"https:\\\/\\\/mont-roig.cat\\\/es\\\/#website\",\"url\":\"https:\\\/\\\/mont-roig.cat\\\/es\\\/\",\"name\":\"Ajuntament de Mont-roig del Camp\",\"description\":\"Tota la informaci\u00f3 sobre la instituci\u00f3, els seus \u00f2rgans de govern, actualitat, serveis i molt m\u00e9s.\",\"potentialAction\":[{\"@type\":\"SearchAction\",\"target\":{\"@type\":\"EntryPoint\",\"urlTemplate\":\"https:\\\/\\\/mont-roig.cat\\\/es\\\/?s={search_term_string}\"},\"query-input\":{\"@type\":\"PropertyValueSpecification\",\"valueRequired\":true,\"valueName\":\"search_term_string\"}}],\"inLanguage\":\"es\"},{\"@type\":\"Person\",\"@id\":\"https:\\\/\\\/mont-roig.cat\\\/es\\\/#\\\/schema\\\/person\\\/1f73e7b5e6f9dd122e8a6f14f310ac5e\",\"name\":\"comunicacio\",\"image\":{\"@type\":\"ImageObject\",\"inLanguage\":\"es\",\"@id\":\"https:\\\/\\\/secure.gravatar.com\\\/avatar\\\/98944333e7a877670a64f8d10f0cb680ab2c9ebc4efc43945ef004b52b5ad28c?s=96&d=mm&r=g\",\"url\":\"https:\\\/\\\/secure.gravatar.com\\\/avatar\\\/98944333e7a877670a64f8d10f0cb680ab2c9ebc4efc43945ef004b52b5ad28c?s=96&d=mm&r=g\",\"contentUrl\":\"https:\\\/\\\/secure.gravatar.com\\\/avatar\\\/98944333e7a877670a64f8d10f0cb680ab2c9ebc4efc43945ef004b52b5ad28c?s=96&d=mm&r=g\",\"caption\":\"comunicacio\"},\"url\":\"https:\\\/\\\/mont-roig.cat\\\/es\\\/actualitat\\\/noticies\\\/author\\\/comunicacio\\\/\"}]}<\/script>\n<!-- \/ Yoast SEO plugin. -->","yoast_head_json":{"title":"El proceso participativo de la campa\u00f1a Dona Nom ya ha escogido a las 10 mujeres, cuyos nombres se a\u00f1adir\u00e1n a las calles del municipio - Ajuntament de Mont-roig del Camp","robots":{"index":"index","follow":"follow","max-snippet":"max-snippet:-1","max-image-preview":"max-image-preview:large","max-video-preview":"max-video-preview:-1"},"canonical":"https:\/\/mont-roig.cat\/es\/actualitat\/noticies\/el-proceso-participativo-de-la-campana-dona-nom-ya-ha-escogido-a-las-10-mujeres-cuyos-nombres-se-anadiran-a-las-calles-del-municipio\/","og_locale":"es_ES","og_type":"article","og_title":"El proceso participativo de la campa\u00f1a Dona Nom ya ha escogido a las 10 mujeres, cuyos nombres se a\u00f1adir\u00e1n a las calles del municipio - Ajuntament de Mont-roig del Camp","og_description":"La elecci\u00f3n final la ha validado la Comisi\u00f3n de Seguimiento a partir de las votaciones realizadas por la ciudadan\u00eda a trav\u00e9s de una aplicaci\u00f3n m\u00f3vil o presencialmente El proceso participativo de la campa\u00f1a Dona Nom, impulsada por el Ayuntamiento de Mont-roig del Camp para feminizar el nomencl\u00e1tor del municipio, ha finalizado esta semana con la [&hellip;]","og_url":"https:\/\/mont-roig.cat\/es\/actualitat\/noticies\/el-proceso-participativo-de-la-campana-dona-nom-ya-ha-escogido-a-las-10-mujeres-cuyos-nombres-se-anadiran-a-las-calles-del-municipio\/","og_site_name":"Ajuntament de Mont-roig del Camp","article_published_time":"2022-06-01T11:52:29+00:00","article_modified_time":"2022-06-01T12:47:58+00:00","og_image":[{"width":1592,"height":1414,"url":"https:\/\/mont-roig.cat\/wp-content\/uploads\/Resultats-Donanom.png","type":"image\/png"}],"author":"comunicacio","twitter_card":"summary_large_image","twitter_misc":{"Escrito por":"comunicacio","Tiempo de lectura":"2 minutos"},"schema":{"@context":"https:\/\/schema.org","@graph":[{"@type":"Article","@id":"https:\/\/mont-roig.cat\/es\/actualitat\/noticies\/el-proceso-participativo-de-la-campana-dona-nom-ya-ha-escogido-a-las-10-mujeres-cuyos-nombres-se-anadiran-a-las-calles-del-municipio\/#article","isPartOf":{"@id":"https:\/\/mont-roig.cat\/es\/actualitat\/noticies\/el-proceso-participativo-de-la-campana-dona-nom-ya-ha-escogido-a-las-10-mujeres-cuyos-nombres-se-anadiran-a-las-calles-del-municipio\/"},"author":{"name":"comunicacio","@id":"https:\/\/mont-roig.cat\/es\/#\/schema\/person\/1f73e7b5e6f9dd122e8a6f14f310ac5e"},"headline":"El proceso participativo de la campa\u00f1a Dona Nom ya ha escogido a las 10 mujeres, cuyos nombres se a\u00f1adir\u00e1n a las calles del municipio","datePublished":"2022-06-01T11:52:29+00:00","dateModified":"2022-06-01T12:47:58+00:00","mainEntityOfPage":{"@id":"https:\/\/mont-roig.cat\/es\/actualitat\/noticies\/el-proceso-participativo-de-la-campana-dona-nom-ya-ha-escogido-a-las-10-mujeres-cuyos-nombres-se-anadiran-a-las-calles-del-municipio\/"},"wordCount":298,"image":{"@id":"https:\/\/mont-roig.cat\/es\/actualitat\/noticies\/el-proceso-participativo-de-la-campana-dona-nom-ya-ha-escogido-a-las-10-mujeres-cuyos-nombres-se-anadiran-a-las-calles-del-municipio\/#primaryimage"},"thumbnailUrl":"https:\/\/mont-roig.cat\/wp-content\/uploads\/Resultats-Donanom.png","articleSection":["Ayuntamiento","Participaci\u00f3 Ciutadana"],"inLanguage":"es"},{"@type":"WebPage","@id":"https:\/\/mont-roig.cat\/es\/actualitat\/noticies\/el-proceso-participativo-de-la-campana-dona-nom-ya-ha-escogido-a-las-10-mujeres-cuyos-nombres-se-anadiran-a-las-calles-del-municipio\/","url":"https:\/\/mont-roig.cat\/es\/actualitat\/noticies\/el-proceso-participativo-de-la-campana-dona-nom-ya-ha-escogido-a-las-10-mujeres-cuyos-nombres-se-anadiran-a-las-calles-del-municipio\/","name":"El proceso participativo de la campa\u00f1a Dona Nom ya ha escogido a las 10 mujeres, cuyos nombres se a\u00f1adir\u00e1n a las calles del municipio - Ajuntament de Mont-roig del Camp","isPartOf":{"@id":"https:\/\/mont-roig.cat\/es\/#website"},"primaryImageOfPage":{"@id":"https:\/\/mont-roig.cat\/es\/actualitat\/noticies\/el-proceso-participativo-de-la-campana-dona-nom-ya-ha-escogido-a-las-10-mujeres-cuyos-nombres-se-anadiran-a-las-calles-del-municipio\/#primaryimage"},"image":{"@id":"https:\/\/mont-roig.cat\/es\/actualitat\/noticies\/el-proceso-participativo-de-la-campana-dona-nom-ya-ha-escogido-a-las-10-mujeres-cuyos-nombres-se-anadiran-a-las-calles-del-municipio\/#primaryimage"},"thumbnailUrl":"https:\/\/mont-roig.cat\/wp-content\/uploads\/Resultats-Donanom.png","datePublished":"2022-06-01T11:52:29+00:00","dateModified":"2022-06-01T12:47:58+00:00","author":{"@id":"https:\/\/mont-roig.cat\/es\/#\/schema\/person\/1f73e7b5e6f9dd122e8a6f14f310ac5e"},"breadcrumb":{"@id":"https:\/\/mont-roig.cat\/es\/actualitat\/noticies\/el-proceso-participativo-de-la-campana-dona-nom-ya-ha-escogido-a-las-10-mujeres-cuyos-nombres-se-anadiran-a-las-calles-del-municipio\/#breadcrumb"},"inLanguage":"es","potentialAction":[{"@type":"ReadAction","target":["https:\/\/mont-roig.cat\/es\/actualitat\/noticies\/el-proceso-participativo-de-la-campana-dona-nom-ya-ha-escogido-a-las-10-mujeres-cuyos-nombres-se-anadiran-a-las-calles-del-municipio\/"]}]},{"@type":"ImageObject","inLanguage":"es","@id":"https:\/\/mont-roig.cat\/es\/actualitat\/noticies\/el-proceso-participativo-de-la-campana-dona-nom-ya-ha-escogido-a-las-10-mujeres-cuyos-nombres-se-anadiran-a-las-calles-del-municipio\/#primaryimage","url":"https:\/\/mont-roig.cat\/wp-content\/uploads\/Resultats-Donanom.png","contentUrl":"https:\/\/mont-roig.cat\/wp-content\/uploads\/Resultats-Donanom.png","width":1592,"height":1414},{"@type":"BreadcrumbList","@id":"https:\/\/mont-roig.cat\/es\/actualitat\/noticies\/el-proceso-participativo-de-la-campana-dona-nom-ya-ha-escogido-a-las-10-mujeres-cuyos-nombres-se-anadiran-a-las-calles-del-municipio\/#breadcrumb","itemListElement":[{"@type":"ListItem","position":1,"name":"Inici","item":"https:\/\/mont-roig.cat\/es\/pagina-de-inicio\/"},{"@type":"ListItem","position":2,"name":"El proceso participativo de la campa\u00f1a Dona Nom ya ha escogido a las 10 mujeres, cuyos nombres se a\u00f1adir\u00e1n a las calles del municipio"}]},{"@type":"WebSite","@id":"https:\/\/mont-roig.cat\/es\/#website","url":"https:\/\/mont-roig.cat\/es\/","name":"Ajuntament de Mont-roig del Camp","description":"Tota la informaci\u00f3 sobre la instituci\u00f3, els seus \u00f2rgans de govern, actualitat, serveis i molt m\u00e9s.","potentialAction":[{"@type":"SearchAction","target":{"@type":"EntryPoint","urlTemplate":"https:\/\/mont-roig.cat\/es\/?s={search_term_string}"},"query-input":{"@type":"PropertyValueSpecification","valueRequired":true,"valueName":"search_term_string"}}],"inLanguage":"es"},{"@type":"Person","@id":"https:\/\/mont-roig.cat\/es\/#\/schema\/person\/1f73e7b5e6f9dd122e8a6f14f310ac5e","name":"comunicacio","image":{"@type":"ImageObject","inLanguage":"es","@id":"https:\/\/secure.gravatar.com\/avatar\/98944333e7a877670a64f8d10f0cb680ab2c9ebc4efc43945ef004b52b5ad28c?s=96&d=mm&r=g","url":"https:\/\/secure.gravatar.com\/avatar\/98944333e7a877670a64f8d10f0cb680ab2c9ebc4efc43945ef004b52b5ad28c?s=96&d=mm&r=g","contentUrl":"https:\/\/secure.gravatar.com\/avatar\/98944333e7a877670a64f8d10f0cb680ab2c9ebc4efc43945ef004b52b5ad28c?s=96&d=mm&r=g","caption":"comunicacio"},"url":"https:\/\/mont-roig.cat\/es\/actualitat\/noticies\/author\/comunicacio\/"}]}},"_links":{"self":[{"href":"https:\/\/mont-roig.cat\/es\/wp-json\/wp\/v2\/posts\/63392","targetHints":{"allow":["GET"]}}],"collection":[{"href":"https:\/\/mont-roig.cat\/es\/wp-json\/wp\/v2\/posts"}],"about":[{"href":"https:\/\/mont-roig.cat\/es\/wp-json\/wp\/v2\/types\/post"}],"author":[{"embeddable":true,"href":"https:\/\/mont-roig.cat\/es\/wp-json\/wp\/v2\/users\/13"}],"replies":[{"embeddable":true,"href":"https:\/\/mont-roig.cat\/es\/wp-json\/wp\/v2\/comments?post=63392"}],"version-history":[{"count":4,"href":"https:\/\/mont-roig.cat\/es\/wp-json\/wp\/v2\/posts\/63392\/revisions"}],"predecessor-version":[{"id":63398,"href":"https:\/\/mont-roig.cat\/es\/wp-json\/wp\/v2\/posts\/63392\/revisions\/63398"}],"wp:featuredmedia":[{"embeddable":true,"href":"https:\/\/mont-roig.cat\/es\/wp-json\/wp\/v2\/media\/63386"}],"wp:attachment":[{"href":"https:\/\/mont-roig.cat\/es\/wp-json\/wp\/v2\/media?parent=63392"}],"wp:term":[{"taxonomy":"category","embeddable":true,"href":"https:\/\/mont-roig.cat\/es\/wp-json\/wp\/v2\/categories?post=63392"},{"taxonomy":"post_tag","embeddable":true,"href":"https:\/\/mont-roig.cat\/es\/wp-json\/wp\/v2\/tags?post=63392"}],"curies":[{"name":"wp","href":"https:\/\/api.w.org\/{rel}","templated":true}]}}