{"id":63546,"date":"2022-06-08T16:13:36","date_gmt":"2022-06-08T14:13:36","guid":{"rendered":"https:\/\/mont-roig.cat\/?p=63546"},"modified":"2022-06-08T16:32:32","modified_gmt":"2022-06-08T14:32:32","slug":"el-ayuntamiento-pedira-a-la-generalitat-adecuar-la-oferta-educativa-a-las-necesidades-reales-del-municipio","status":"publish","type":"post","link":"https:\/\/mont-roig.cat\/es\/actualitat\/noticies\/el-ayuntamiento-pedira-a-la-generalitat-adecuar-la-oferta-educativa-a-las-necesidades-reales-del-municipio\/","title":{"rendered":"El Ayuntamiento pedir\u00e1 a la Generalitat adecuar la oferta educativa a las necesidades reales del municipio"},"content":{"rendered":"<p><strong>\u2022 El plenario ha acordado por unanimidad solicitar al Departament d&#8217;Educaci\u00f3 ampliar los m\u00f3dulos de la escuela Marcel\u00b7l\u00ed Esquius para poder tener una segunda l\u00ednea, impulsar la construcci\u00f3n definitiva de este centro, proyectar una tercera l\u00ednea al futuro el instituto Miami y aumentar plazas para Ciclos Formativos<\/strong><\/p>\n<p><strong>\u2022 Tambi\u00e9n se ha aprobado un Reglamento municipal para regularizar el Servicio de Acompa\u00f1amiento que el equipo de Agentes C\u00edvicas ofrece a las Personas Mayores<\/strong><\/p>\n<div id=\"attachment_63543\" style=\"width: 310px\" class=\"wp-caption alignright\"><a href=\"https:\/\/mont-roig.cat\/wp-content\/uploads\/Ple-ordinari-8-juny-2022-scaled.jpg\"><img loading=\"lazy\" decoding=\"async\" aria-describedby=\"caption-attachment-63543\" class=\"wp-image-63543\" src=\"https:\/\/mont-roig.cat\/wp-content\/uploads\/Ple-ordinari-8-juny-2022-500x339.jpg\" alt=\"\" width=\"300\" height=\"203\" srcset=\"https:\/\/mont-roig.cat\/wp-content\/uploads\/Ple-ordinari-8-juny-2022-500x339.jpg 500w, https:\/\/mont-roig.cat\/wp-content\/uploads\/Ple-ordinari-8-juny-2022-1024x694.jpg 1024w, https:\/\/mont-roig.cat\/wp-content\/uploads\/Ple-ordinari-8-juny-2022-768x520.jpg 768w, https:\/\/mont-roig.cat\/wp-content\/uploads\/Ple-ordinari-8-juny-2022-1536x1041.jpg 1536w, https:\/\/mont-roig.cat\/wp-content\/uploads\/Ple-ordinari-8-juny-2022-scaled.jpg 2048w\" sizes=\"auto, (max-width: 300px) 100vw, 300px\" \/><\/a><p id=\"caption-attachment-63543\" class=\"wp-caption-text\">Pleno ordinario 8 de junio de 2022<\/p><\/div>\n<p>El Pleno del Ayuntamiento de Mont-roig del Camp, celebrado este mi\u00e9rcoles al mediod\u00eda, ha aprobado por unanimidad, pedir al <em>Departament d&#8217;Educaci\u00f3 de la Generalitat<\/em>, una serie de mejoras para adecuar la oferta educativa a las necesidades reales del municipio.<\/p>\n<p>El motivo es la tendencia demogr\u00e1fica al alza, detectada desde 2015, especialmente en el n\u00facleo de Miami Platja, que ya ha requerido realizar cambios para el pr\u00f3ximo curso, as\u00ed como por el posible crecimiento de poblaci\u00f3n como consecuencia de la futura implantaci\u00f3n de nuevas inversiones en el sector industrial del municipio.<\/p>\n<p>En concreto, la oferta educativa de la escuela Marcel\u00b7l\u00ed Esquius para el pr\u00f3ximo curso ya es insuficiente (11 alumnos no se ha podido matricular), por lo que se implementar\u00e1 una nueva l\u00ednea de I3 en el Escuela Joan Mir\u00f3. En este sentido, adem\u00e1s, hay que tener en cuenta que la escuela Joan Mir\u00f3 ha cargado hist\u00f3ricamente con la matr\u00edcula viva en el n\u00facleo de Miami Platja, lo que supone incumplir el Decreto 11\/2021 que vela por la prevenci\u00f3n de la segregaci\u00f3n escolar. Por este motivo se cree conveniente solicitar la creaci\u00f3n de una nueva l\u00ednea educativa en la Escuela Marcel\u00b7l\u00ed Esquius, que permita equilibrar el reparto del alumnado como la oferta educativa, consolidando adecuadamente dos l\u00edneas por centro escolar (el pr\u00f3ximo curso Mare de D\u00e9u de la Roca tendr\u00e1 2, Marcel\u00b7l\u00ed Esquius 1 y Joan Mir\u00f3 tendr\u00e1 3).<\/p>\n<p>As\u00ed pues, para poder implantar esta segunda l\u00ednea de escolarizaci\u00f3n y relacionado con el d\u00e9ficit de m\u00f3dulos se pide, como soluci\u00f3n m\u00e1s inmediata, que se proyecte una ampliaci\u00f3n de varios m\u00f3dulos en la escuela Marcel\u00b7l\u00ed Esquius. Adem\u00e1s, en relaci\u00f3n con este centro tambi\u00e9n se pide impulsar el proyecto definitivo para construir el edificio de la escuela, de tal forma que la comunidad escolar pueda gozar de unas instalaciones dignas, cuando se cumplen ya catorce a\u00f1os de su creaci\u00f3n.<\/p>\n<p>Por otra parte, se solicita que la Generalitat proyecte ya una tercera l\u00ednea en el Institut Miami que se haga efectiva con la construcci\u00f3n del nuevo edificio. Recordamos que actualmente est\u00e1n proyectadas dos l\u00edneas. El objetivo es tambi\u00e9n adecuar la oferta de plazas de ESO con la actual proyecci\u00f3n demogr\u00e1fica y la creciente poblaci\u00f3n escolar en el n\u00facleo de Miami Platja. Adem\u00e1s, tambi\u00e9n se pide que puedan haber m\u00e1s plazas de ciclos formativos para dar respuesta a todo este alumnado.<\/p>\n<p><strong>Reglamento municipal del Servicio de Acompa\u00f1amiento de las Agentes C\u00edvicas a las Personas Mayores<\/strong><\/p>\n<p>Otro de los puntos que se ha aprobado (con el voto favorable de todos los partidos y la abstenci\u00f3n de Ciudadanos) es la creaci\u00f3n de un nuevo Reglamento municipal que tiene el objetivo de regular el servicio de acompa\u00f1amiento a las personas mayores que ofrecen el equipo de agentes de civismo.<\/p>\n<p>Se trata de un servicio en el que los y las agentes de civismo acompa\u00f1an a las personas mayores para que de forma aut\u00f3noma puedan seguir realizando algunas de sus tareas cotidianas. Este acompa\u00f1amiento est\u00e1 pensando para que estas personas puedan prolongar la autonom\u00eda en sus domicilios y evitar el aislamiento, en los casos en los que carecen del apoyo cercano de sus familiares.<\/p>\n<p><strong>El centro sociocultural de Mont-roig queda detenido temporalmente<\/strong><\/p>\n<p>A preguntas del grupo de ERC-MES sobre la construcci\u00f3n del sociocultural, el alcalde Fran Morancho ha explicado que el proyecto queda detenido temporalmente despu\u00e9s de haber quedado desierta la licitaci\u00f3n por el incremento del coste de los materiales debido al contexto actual, que se calcula en un 40%, habi\u00e9ndose incrementado el coste del edificio en 1 mill\u00f3n de euros m\u00e1s. As\u00ed, ha explicado que el Equipo de Gobierno ha decidido replantearse el proyecto y valorar reflexivamente si es prioritario en estos momentos un gasto de m\u00e1s de 3 millones de euros en un equipamiento para realizar representaciones teatrales y otros espect\u00e1culos. En este sentido, ha explicado que se destinar\u00e1 el dinero previsto en este edificio para hacer una nueva zona l\u00fadica deportiva, un nuevo parque al estilo del Lil\u00ed \u00c1lvarez de Miami Platja m\u00e1s extenso y mejorado, que se situar\u00e1 en la zona deportiva de Mont-roig.<\/p>\n<p>El alcalde ha explicado que no renuncian a hacer el sociocultural, pero que hay que repensarlo, y mientras tanto se quiere destinar este importe a un proyecto que beneficiar\u00e1 a mucha m\u00e1s poblaci\u00f3n, sobre todo familias y poblaci\u00f3n infantil y joven. ERC-MES, Junts y ARA han criticado la medida, tild\u00e1ndola de sorpresa desagradable y de incumplimiento de los compromisos con la ciudadan\u00eda de Mont-roig. Tambi\u00e9n han lamentado que quede en el caj\u00f3n un proyecto que consideran que era muy importante para dinamizar culturalmente Mont-roig.<\/p>\n<p>Estos y el resto de puntos del orden del d\u00eda se pueden ver \u00edntegramente en el <a href=\"https:\/\/youtu.be\/G8Yv3EMb7L4\" target=\"_blank\" rel=\"noopener\">canal Youtube del Ayuntamiento de Mont-roig del Camp.<\/a><\/p>\n","protected":false},"excerpt":{"rendered":"<p>\u2022 El plenario ha acordado por unanimidad solicitar al Departament d&#8217;Educaci\u00f3 ampliar los m\u00f3dulos de la escuela Marcel\u00b7l\u00ed Esquius para poder tener una segunda l\u00ednea, impulsar la construcci\u00f3n definitiva de este centro, proyectar una tercera l\u00ednea al futuro el instituto Miami y aumentar plazas para Ciclos Formativos \u2022 Tambi\u00e9n se ha aprobado un Reglamento municipal [&hellip;]<\/p>\n","protected":false},"author":4,"featured_media":63544,"comment_status":"closed","ping_status":"closed","sticky":false,"template":"","format":"standard","meta":{"inline_featured_image":false,"_monsterinsights_skip_tracking":false,"_monsterinsights_sitenote_active":false,"_monsterinsights_sitenote_note":"","_monsterinsights_sitenote_category":0,"footnotes":""},"categories":[98,103,114,116],"tags":[],"class_list":["post-63546","post","type-post","status-publish","format-standard","has-post-thumbnail","hentry","category-ayuntamiento","category-educacion","category-servicios-sociales","category-urbanismo-y-obras"],"yoast_head":"<!-- This site is optimized with the Yoast SEO plugin v27.4 - https:\/\/yoast.com\/product\/yoast-seo-wordpress\/ -->\n<title>El Ayuntamiento pedir\u00e1 a la Generalitat adecuar la oferta educativa a las necesidades reales del municipio - Ajuntament de Mont-roig del Camp<\/title>\n<meta name=\"robots\" content=\"index, follow, max-snippet:-1, max-image-preview:large, max-video-preview:-1\" \/>\n<link rel=\"canonical\" href=\"https:\/\/mont-roig.cat\/es\/actualitat\/noticies\/el-ayuntamiento-pedira-a-la-generalitat-adecuar-la-oferta-educativa-a-las-necesidades-reales-del-municipio\/\" \/>\n<meta property=\"og:locale\" content=\"es_ES\" \/>\n<meta property=\"og:type\" content=\"article\" \/>\n<meta property=\"og:title\" content=\"El Ayuntamiento pedir\u00e1 a la Generalitat adecuar la oferta educativa a las necesidades reales del municipio - Ajuntament de Mont-roig del Camp\" \/>\n<meta property=\"og:description\" content=\"\u2022 El plenario ha acordado por unanimidad solicitar al Departament d&#8217;Educaci\u00f3 ampliar los m\u00f3dulos de la escuela Marcel\u00b7l\u00ed Esquius para poder tener una segunda l\u00ednea, impulsar la construcci\u00f3n definitiva de este centro, proyectar una tercera l\u00ednea al futuro el instituto Miami y aumentar plazas para Ciclos Formativos \u2022 Tambi\u00e9n se ha aprobado un Reglamento municipal [&hellip;]\" \/>\n<meta property=\"og:url\" content=\"https:\/\/mont-roig.cat\/es\/actualitat\/noticies\/el-ayuntamiento-pedira-a-la-generalitat-adecuar-la-oferta-educativa-a-las-necesidades-reales-del-municipio\/\" \/>\n<meta property=\"og:site_name\" content=\"Ajuntament de Mont-roig del Camp\" \/>\n<meta property=\"article:published_time\" content=\"2022-06-08T14:13:36+00:00\" \/>\n<meta property=\"article:modified_time\" content=\"2022-06-08T14:32:32+00:00\" \/>\n<meta property=\"og:image\" content=\"https:\/\/mont-roig.cat\/wp-content\/uploads\/Ple-ordinari-8-juny-2022.jpg\" \/>\n\t<meta property=\"og:image:width\" content=\"2048\" \/>\n\t<meta property=\"og:image:height\" content=\"1388\" \/>\n\t<meta property=\"og:image:type\" content=\"image\/jpeg\" \/>\n<meta name=\"author\" content=\"administrador\" \/>\n<meta name=\"twitter:card\" content=\"summary_large_image\" \/>\n<meta name=\"twitter:label1\" content=\"Escrito por\" \/>\n\t<meta name=\"twitter:data1\" content=\"administrador\" \/>\n\t<meta name=\"twitter:label2\" content=\"Tiempo de lectura\" \/>\n\t<meta name=\"twitter:data2\" content=\"5 minutos\" \/>\n<script type=\"application\/ld+json\" class=\"yoast-schema-graph\">{\"@context\":\"https:\\\/\\\/schema.org\",\"@graph\":[{\"@type\":\"Article\",\"@id\":\"https:\\\/\\\/mont-roig.cat\\\/es\\\/actualitat\\\/noticies\\\/el-ayuntamiento-pedira-a-la-generalitat-adecuar-la-oferta-educativa-a-las-necesidades-reales-del-municipio\\\/#article\",\"isPartOf\":{\"@id\":\"https:\\\/\\\/mont-roig.cat\\\/es\\\/actualitat\\\/noticies\\\/el-ayuntamiento-pedira-a-la-generalitat-adecuar-la-oferta-educativa-a-las-necesidades-reales-del-municipio\\\/\"},\"author\":{\"name\":\"administrador\",\"@id\":\"https:\\\/\\\/mont-roig.cat\\\/es\\\/#\\\/schema\\\/person\\\/f2b111789f22b7d0c3bd6786c9128cba\"},\"headline\":\"El Ayuntamiento pedir\u00e1 a la Generalitat adecuar la oferta educativa a las necesidades reales del municipio\",\"datePublished\":\"2022-06-08T14:13:36+00:00\",\"dateModified\":\"2022-06-08T14:32:32+00:00\",\"mainEntityOfPage\":{\"@id\":\"https:\\\/\\\/mont-roig.cat\\\/es\\\/actualitat\\\/noticies\\\/el-ayuntamiento-pedira-a-la-generalitat-adecuar-la-oferta-educativa-a-las-necesidades-reales-del-municipio\\\/\"},\"wordCount\":950,\"image\":{\"@id\":\"https:\\\/\\\/mont-roig.cat\\\/es\\\/actualitat\\\/noticies\\\/el-ayuntamiento-pedira-a-la-generalitat-adecuar-la-oferta-educativa-a-las-necesidades-reales-del-municipio\\\/#primaryimage\"},\"thumbnailUrl\":\"https:\\\/\\\/mont-roig.cat\\\/wp-content\\\/uploads\\\/Ple-ordinari-8-juny-2022.jpg\",\"articleSection\":[\"Ayuntamiento\",\"Educaci\u00f3n\",\"Servicios sociales\",\"Urbanismo y obras\"],\"inLanguage\":\"es\"},{\"@type\":\"WebPage\",\"@id\":\"https:\\\/\\\/mont-roig.cat\\\/es\\\/actualitat\\\/noticies\\\/el-ayuntamiento-pedira-a-la-generalitat-adecuar-la-oferta-educativa-a-las-necesidades-reales-del-municipio\\\/\",\"url\":\"https:\\\/\\\/mont-roig.cat\\\/es\\\/actualitat\\\/noticies\\\/el-ayuntamiento-pedira-a-la-generalitat-adecuar-la-oferta-educativa-a-las-necesidades-reales-del-municipio\\\/\",\"name\":\"El Ayuntamiento pedir\u00e1 a la Generalitat adecuar la oferta educativa a las necesidades reales del municipio - Ajuntament de Mont-roig del Camp\",\"isPartOf\":{\"@id\":\"https:\\\/\\\/mont-roig.cat\\\/es\\\/#website\"},\"primaryImageOfPage\":{\"@id\":\"https:\\\/\\\/mont-roig.cat\\\/es\\\/actualitat\\\/noticies\\\/el-ayuntamiento-pedira-a-la-generalitat-adecuar-la-oferta-educativa-a-las-necesidades-reales-del-municipio\\\/#primaryimage\"},\"image\":{\"@id\":\"https:\\\/\\\/mont-roig.cat\\\/es\\\/actualitat\\\/noticies\\\/el-ayuntamiento-pedira-a-la-generalitat-adecuar-la-oferta-educativa-a-las-necesidades-reales-del-municipio\\\/#primaryimage\"},\"thumbnailUrl\":\"https:\\\/\\\/mont-roig.cat\\\/wp-content\\\/uploads\\\/Ple-ordinari-8-juny-2022.jpg\",\"datePublished\":\"2022-06-08T14:13:36+00:00\",\"dateModified\":\"2022-06-08T14:32:32+00:00\",\"author\":{\"@id\":\"https:\\\/\\\/mont-roig.cat\\\/es\\\/#\\\/schema\\\/person\\\/f2b111789f22b7d0c3bd6786c9128cba\"},\"breadcrumb\":{\"@id\":\"https:\\\/\\\/mont-roig.cat\\\/es\\\/actualitat\\\/noticies\\\/el-ayuntamiento-pedira-a-la-generalitat-adecuar-la-oferta-educativa-a-las-necesidades-reales-del-municipio\\\/#breadcrumb\"},\"inLanguage\":\"es\",\"potentialAction\":[{\"@type\":\"ReadAction\",\"target\":[\"https:\\\/\\\/mont-roig.cat\\\/es\\\/actualitat\\\/noticies\\\/el-ayuntamiento-pedira-a-la-generalitat-adecuar-la-oferta-educativa-a-las-necesidades-reales-del-municipio\\\/\"]}]},{\"@type\":\"ImageObject\",\"inLanguage\":\"es\",\"@id\":\"https:\\\/\\\/mont-roig.cat\\\/es\\\/actualitat\\\/noticies\\\/el-ayuntamiento-pedira-a-la-generalitat-adecuar-la-oferta-educativa-a-las-necesidades-reales-del-municipio\\\/#primaryimage\",\"url\":\"https:\\\/\\\/mont-roig.cat\\\/wp-content\\\/uploads\\\/Ple-ordinari-8-juny-2022.jpg\",\"contentUrl\":\"https:\\\/\\\/mont-roig.cat\\\/wp-content\\\/uploads\\\/Ple-ordinari-8-juny-2022.jpg\",\"width\":2048,\"height\":1388},{\"@type\":\"BreadcrumbList\",\"@id\":\"https:\\\/\\\/mont-roig.cat\\\/es\\\/actualitat\\\/noticies\\\/el-ayuntamiento-pedira-a-la-generalitat-adecuar-la-oferta-educativa-a-las-necesidades-reales-del-municipio\\\/#breadcrumb\",\"itemListElement\":[{\"@type\":\"ListItem\",\"position\":1,\"name\":\"Inici\",\"item\":\"https:\\\/\\\/mont-roig.cat\\\/es\\\/pagina-de-inicio\\\/\"},{\"@type\":\"ListItem\",\"position\":2,\"name\":\"El Ayuntamiento pedir\u00e1 a la Generalitat adecuar la oferta educativa a las necesidades reales del municipio\"}]},{\"@type\":\"WebSite\",\"@id\":\"https:\\\/\\\/mont-roig.cat\\\/es\\\/#website\",\"url\":\"https:\\\/\\\/mont-roig.cat\\\/es\\\/\",\"name\":\"Ajuntament de Mont-roig del Camp\",\"description\":\"Tota la informaci\u00f3 sobre la instituci\u00f3, els seus \u00f2rgans de govern, actualitat, serveis i molt m\u00e9s.\",\"potentialAction\":[{\"@type\":\"SearchAction\",\"target\":{\"@type\":\"EntryPoint\",\"urlTemplate\":\"https:\\\/\\\/mont-roig.cat\\\/es\\\/?s={search_term_string}\"},\"query-input\":{\"@type\":\"PropertyValueSpecification\",\"valueRequired\":true,\"valueName\":\"search_term_string\"}}],\"inLanguage\":\"es\"},{\"@type\":\"Person\",\"@id\":\"https:\\\/\\\/mont-roig.cat\\\/es\\\/#\\\/schema\\\/person\\\/f2b111789f22b7d0c3bd6786c9128cba\",\"name\":\"administrador\",\"image\":{\"@type\":\"ImageObject\",\"inLanguage\":\"es\",\"@id\":\"https:\\\/\\\/secure.gravatar.com\\\/avatar\\\/9137aac6891e2595c9d3036fd83bcb653b4db3c946db4c7d9b9be193c3c944bb?s=96&d=mm&r=g\",\"url\":\"https:\\\/\\\/secure.gravatar.com\\\/avatar\\\/9137aac6891e2595c9d3036fd83bcb653b4db3c946db4c7d9b9be193c3c944bb?s=96&d=mm&r=g\",\"contentUrl\":\"https:\\\/\\\/secure.gravatar.com\\\/avatar\\\/9137aac6891e2595c9d3036fd83bcb653b4db3c946db4c7d9b9be193c3c944bb?s=96&d=mm&r=g\",\"caption\":\"administrador\"},\"url\":\"https:\\\/\\\/mont-roig.cat\\\/es\\\/actualitat\\\/noticies\\\/author\\\/administrador\\\/\"}]}<\/script>\n<!-- \/ Yoast SEO plugin. -->","yoast_head_json":{"title":"El Ayuntamiento pedir\u00e1 a la Generalitat adecuar la oferta educativa a las necesidades reales del municipio - Ajuntament de Mont-roig del Camp","robots":{"index":"index","follow":"follow","max-snippet":"max-snippet:-1","max-image-preview":"max-image-preview:large","max-video-preview":"max-video-preview:-1"},"canonical":"https:\/\/mont-roig.cat\/es\/actualitat\/noticies\/el-ayuntamiento-pedira-a-la-generalitat-adecuar-la-oferta-educativa-a-las-necesidades-reales-del-municipio\/","og_locale":"es_ES","og_type":"article","og_title":"El Ayuntamiento pedir\u00e1 a la Generalitat adecuar la oferta educativa a las necesidades reales del municipio - Ajuntament de Mont-roig del Camp","og_description":"\u2022 El plenario ha acordado por unanimidad solicitar al Departament d&#8217;Educaci\u00f3 ampliar los m\u00f3dulos de la escuela Marcel\u00b7l\u00ed Esquius para poder tener una segunda l\u00ednea, impulsar la construcci\u00f3n definitiva de este centro, proyectar una tercera l\u00ednea al futuro el instituto Miami y aumentar plazas para Ciclos Formativos \u2022 Tambi\u00e9n se ha aprobado un Reglamento municipal [&hellip;]","og_url":"https:\/\/mont-roig.cat\/es\/actualitat\/noticies\/el-ayuntamiento-pedira-a-la-generalitat-adecuar-la-oferta-educativa-a-las-necesidades-reales-del-municipio\/","og_site_name":"Ajuntament de Mont-roig del Camp","article_published_time":"2022-06-08T14:13:36+00:00","article_modified_time":"2022-06-08T14:32:32+00:00","og_image":[{"width":2048,"height":1388,"url":"https:\/\/mont-roig.cat\/wp-content\/uploads\/Ple-ordinari-8-juny-2022.jpg","type":"image\/jpeg"}],"author":"administrador","twitter_card":"summary_large_image","twitter_misc":{"Escrito por":"administrador","Tiempo de lectura":"5 minutos"},"schema":{"@context":"https:\/\/schema.org","@graph":[{"@type":"Article","@id":"https:\/\/mont-roig.cat\/es\/actualitat\/noticies\/el-ayuntamiento-pedira-a-la-generalitat-adecuar-la-oferta-educativa-a-las-necesidades-reales-del-municipio\/#article","isPartOf":{"@id":"https:\/\/mont-roig.cat\/es\/actualitat\/noticies\/el-ayuntamiento-pedira-a-la-generalitat-adecuar-la-oferta-educativa-a-las-necesidades-reales-del-municipio\/"},"author":{"name":"administrador","@id":"https:\/\/mont-roig.cat\/es\/#\/schema\/person\/f2b111789f22b7d0c3bd6786c9128cba"},"headline":"El Ayuntamiento pedir\u00e1 a la Generalitat adecuar la oferta educativa a las necesidades reales del municipio","datePublished":"2022-06-08T14:13:36+00:00","dateModified":"2022-06-08T14:32:32+00:00","mainEntityOfPage":{"@id":"https:\/\/mont-roig.cat\/es\/actualitat\/noticies\/el-ayuntamiento-pedira-a-la-generalitat-adecuar-la-oferta-educativa-a-las-necesidades-reales-del-municipio\/"},"wordCount":950,"image":{"@id":"https:\/\/mont-roig.cat\/es\/actualitat\/noticies\/el-ayuntamiento-pedira-a-la-generalitat-adecuar-la-oferta-educativa-a-las-necesidades-reales-del-municipio\/#primaryimage"},"thumbnailUrl":"https:\/\/mont-roig.cat\/wp-content\/uploads\/Ple-ordinari-8-juny-2022.jpg","articleSection":["Ayuntamiento","Educaci\u00f3n","Servicios sociales","Urbanismo y obras"],"inLanguage":"es"},{"@type":"WebPage","@id":"https:\/\/mont-roig.cat\/es\/actualitat\/noticies\/el-ayuntamiento-pedira-a-la-generalitat-adecuar-la-oferta-educativa-a-las-necesidades-reales-del-municipio\/","url":"https:\/\/mont-roig.cat\/es\/actualitat\/noticies\/el-ayuntamiento-pedira-a-la-generalitat-adecuar-la-oferta-educativa-a-las-necesidades-reales-del-municipio\/","name":"El Ayuntamiento pedir\u00e1 a la Generalitat adecuar la oferta educativa a las necesidades reales del municipio - Ajuntament de Mont-roig del Camp","isPartOf":{"@id":"https:\/\/mont-roig.cat\/es\/#website"},"primaryImageOfPage":{"@id":"https:\/\/mont-roig.cat\/es\/actualitat\/noticies\/el-ayuntamiento-pedira-a-la-generalitat-adecuar-la-oferta-educativa-a-las-necesidades-reales-del-municipio\/#primaryimage"},"image":{"@id":"https:\/\/mont-roig.cat\/es\/actualitat\/noticies\/el-ayuntamiento-pedira-a-la-generalitat-adecuar-la-oferta-educativa-a-las-necesidades-reales-del-municipio\/#primaryimage"},"thumbnailUrl":"https:\/\/mont-roig.cat\/wp-content\/uploads\/Ple-ordinari-8-juny-2022.jpg","datePublished":"2022-06-08T14:13:36+00:00","dateModified":"2022-06-08T14:32:32+00:00","author":{"@id":"https:\/\/mont-roig.cat\/es\/#\/schema\/person\/f2b111789f22b7d0c3bd6786c9128cba"},"breadcrumb":{"@id":"https:\/\/mont-roig.cat\/es\/actualitat\/noticies\/el-ayuntamiento-pedira-a-la-generalitat-adecuar-la-oferta-educativa-a-las-necesidades-reales-del-municipio\/#breadcrumb"},"inLanguage":"es","potentialAction":[{"@type":"ReadAction","target":["https:\/\/mont-roig.cat\/es\/actualitat\/noticies\/el-ayuntamiento-pedira-a-la-generalitat-adecuar-la-oferta-educativa-a-las-necesidades-reales-del-municipio\/"]}]},{"@type":"ImageObject","inLanguage":"es","@id":"https:\/\/mont-roig.cat\/es\/actualitat\/noticies\/el-ayuntamiento-pedira-a-la-generalitat-adecuar-la-oferta-educativa-a-las-necesidades-reales-del-municipio\/#primaryimage","url":"https:\/\/mont-roig.cat\/wp-content\/uploads\/Ple-ordinari-8-juny-2022.jpg","contentUrl":"https:\/\/mont-roig.cat\/wp-content\/uploads\/Ple-ordinari-8-juny-2022.jpg","width":2048,"height":1388},{"@type":"BreadcrumbList","@id":"https:\/\/mont-roig.cat\/es\/actualitat\/noticies\/el-ayuntamiento-pedira-a-la-generalitat-adecuar-la-oferta-educativa-a-las-necesidades-reales-del-municipio\/#breadcrumb","itemListElement":[{"@type":"ListItem","position":1,"name":"Inici","item":"https:\/\/mont-roig.cat\/es\/pagina-de-inicio\/"},{"@type":"ListItem","position":2,"name":"El Ayuntamiento pedir\u00e1 a la Generalitat adecuar la oferta educativa a las necesidades reales del municipio"}]},{"@type":"WebSite","@id":"https:\/\/mont-roig.cat\/es\/#website","url":"https:\/\/mont-roig.cat\/es\/","name":"Ajuntament de Mont-roig del Camp","description":"Tota la informaci\u00f3 sobre la instituci\u00f3, els seus \u00f2rgans de govern, actualitat, serveis i molt m\u00e9s.","potentialAction":[{"@type":"SearchAction","target":{"@type":"EntryPoint","urlTemplate":"https:\/\/mont-roig.cat\/es\/?s={search_term_string}"},"query-input":{"@type":"PropertyValueSpecification","valueRequired":true,"valueName":"search_term_string"}}],"inLanguage":"es"},{"@type":"Person","@id":"https:\/\/mont-roig.cat\/es\/#\/schema\/person\/f2b111789f22b7d0c3bd6786c9128cba","name":"administrador","image":{"@type":"ImageObject","inLanguage":"es","@id":"https:\/\/secure.gravatar.com\/avatar\/9137aac6891e2595c9d3036fd83bcb653b4db3c946db4c7d9b9be193c3c944bb?s=96&d=mm&r=g","url":"https:\/\/secure.gravatar.com\/avatar\/9137aac6891e2595c9d3036fd83bcb653b4db3c946db4c7d9b9be193c3c944bb?s=96&d=mm&r=g","contentUrl":"https:\/\/secure.gravatar.com\/avatar\/9137aac6891e2595c9d3036fd83bcb653b4db3c946db4c7d9b9be193c3c944bb?s=96&d=mm&r=g","caption":"administrador"},"url":"https:\/\/mont-roig.cat\/es\/actualitat\/noticies\/author\/administrador\/"}]}},"_links":{"self":[{"href":"https:\/\/mont-roig.cat\/es\/wp-json\/wp\/v2\/posts\/63546","targetHints":{"allow":["GET"]}}],"collection":[{"href":"https:\/\/mont-roig.cat\/es\/wp-json\/wp\/v2\/posts"}],"about":[{"href":"https:\/\/mont-roig.cat\/es\/wp-json\/wp\/v2\/types\/post"}],"author":[{"embeddable":true,"href":"https:\/\/mont-roig.cat\/es\/wp-json\/wp\/v2\/users\/4"}],"replies":[{"embeddable":true,"href":"https:\/\/mont-roig.cat\/es\/wp-json\/wp\/v2\/comments?post=63546"}],"version-history":[{"count":2,"href":"https:\/\/mont-roig.cat\/es\/wp-json\/wp\/v2\/posts\/63546\/revisions"}],"predecessor-version":[{"id":63551,"href":"https:\/\/mont-roig.cat\/es\/wp-json\/wp\/v2\/posts\/63546\/revisions\/63551"}],"wp:featuredmedia":[{"embeddable":true,"href":"https:\/\/mont-roig.cat\/es\/wp-json\/wp\/v2\/media\/63544"}],"wp:attachment":[{"href":"https:\/\/mont-roig.cat\/es\/wp-json\/wp\/v2\/media?parent=63546"}],"wp:term":[{"taxonomy":"category","embeddable":true,"href":"https:\/\/mont-roig.cat\/es\/wp-json\/wp\/v2\/categories?post=63546"},{"taxonomy":"post_tag","embeddable":true,"href":"https:\/\/mont-roig.cat\/es\/wp-json\/wp\/v2\/tags?post=63546"}],"curies":[{"name":"wp","href":"https:\/\/api.w.org\/{rel}","templated":true}]}}