{"id":63782,"date":"2022-06-21T12:45:19","date_gmt":"2022-06-21T10:45:19","guid":{"rendered":"https:\/\/mont-roig.cat\/actualitat\/noticies\/mas-miro-prendra-vida-amb-una-recreacio-historica-ambientada-lany-1922\/"},"modified":"2022-06-21T13:35:24","modified_gmt":"2022-06-21T11:35:24","slug":"mas-miro-prendra-vida-amb-una-recreacio-historica-ambientada-lany-1922","status":"publish","type":"post","link":"https:\/\/mont-roig.cat\/es\/actualitat\/noticies\/mas-miro-prendra-vida-amb-una-recreacio-historica-ambientada-lany-1922\/","title":{"rendered":"Mas Mir\u00f3 tomar\u00e1 vida con una recreaci\u00f3n hist\u00f3rica ambientada en 1922"},"content":{"rendered":"<div id=\"attachment_63776\" style=\"width: 307px\" class=\"wp-caption alignright\"><a href=\"https:\/\/mont-roig.cat\/wp-content\/uploads\/Masia_Pren_Vida-scaled.jpg\"><img loading=\"lazy\" decoding=\"async\" aria-describedby=\"caption-attachment-63776\" class=\"wp-image-63776\" src=\"https:\/\/mont-roig.cat\/wp-content\/uploads\/Masia_Pren_Vida-500x375.jpg\" alt=\"\" width=\"297\" height=\"223\" srcset=\"https:\/\/mont-roig.cat\/wp-content\/uploads\/Masia_Pren_Vida-500x375.jpg 500w, https:\/\/mont-roig.cat\/wp-content\/uploads\/Masia_Pren_Vida-1024x768.jpg 1024w, https:\/\/mont-roig.cat\/wp-content\/uploads\/Masia_Pren_Vida-768x576.jpg 768w, https:\/\/mont-roig.cat\/wp-content\/uploads\/Masia_Pren_Vida-1536x1152.jpg 1536w, https:\/\/mont-roig.cat\/wp-content\/uploads\/Masia_Pren_Vida-scaled.jpg 2048w, https:\/\/mont-roig.cat\/wp-content\/uploads\/Masia_Pren_Vida-463x348.jpg 463w\" sizes=\"auto, (max-width: 297px) 100vw, 297px\" \/><\/a><p id=\"caption-attachment-63776\" class=\"wp-caption-text\">Imagen promocional de &#8216;La Masia toma vida&#8217;.<\/p><\/div>\n<ul>\n<li><strong>L<\/strong><strong>a Fundaci\u00f3n organiza el pr\u00f3ximo s\u00e1bado, 25 de junio, un viaje en el tiempo para descubrir c\u00f3mo era la vida rural del Mont-roig de 1922, el a\u00f1o en que Joan Mir\u00f3 acab\u00f3 de pintar la c\u00e9lebre pintura &#8220;La Mas\u00eda&#8221;<\/strong><\/li>\n<li><strong>Enmarcada en los actos del Centenario de &#8220;La Mas\u00eda&#8221;, la actividad &#8220;La Masia toma vida&#8221; es una oportunidad \u00fanica para vivir el Mas Mir\u00f3 de una forma excepcional para todas las edades<\/strong><\/li>\n<\/ul>\n<p>Treinta figurantes, objetos y herramientas de la \u00e9poca, escenas teatralizadas, m\u00fasica y animales de los que se encontraban en las mas\u00edas de principios del siglo XX. \u00c9ste es el ambiente que se podr\u00e1 vivir en Mas Mir\u00f3 el pr\u00f3ximo s\u00e1bado 25 de junio con La Masia toma vida, una recreaci\u00f3n hist\u00f3rica programada en el marco del Centenario de <em>La Masia<\/em>, una programaci\u00f3n impulsada por la Fundaci\u00f3 Mas Mir\u00f3 y el Ayuntamiento de Mont-roig del Camp.<\/p>\n<p><strong>Participantes de &#8216;La Masia toma vida&#8217;.<\/strong><\/p>\n<p>Se trata de la primera vez que la Fundaci\u00f3n Mas Mir\u00f3 lleva a cabo un acto de estas caracter\u00edsticas, una recreaci\u00f3n hist\u00f3rica que simbolizar\u00e1 la bienvenida de la mas\u00eda a Joan Mir\u00f3, que sol\u00eda llegar cada a\u00f1o por estas fechas para pasar todo el verano en la su mas\u00eda de Mont-roig. Durante todo un d\u00eda se podr\u00e1 revivir el Mas Mir\u00f3 de 1922 tal y como lo o\u00eda Joan Mir\u00f3. Ser\u00e1 una recreaci\u00f3n hist\u00f3rica \u00fanica por todas las edades donde los visitantes podr\u00e1n experimentar en primera persona c\u00f3mo era vivir en aquella \u00e9poca.<\/p>\n<p>Creando una atm\u00f3sfera hist\u00f3rica para entender qu\u00e9 vivi\u00f3 Mir\u00f3 en el momento de pintar el cuadro <em>La Mas\u00eda<\/em>, diferentes personajes acompa\u00f1ar\u00e1n a los participantes en este viaje al pasado, pudiendo contemplar c\u00f3mo el Mas Mir\u00f3 era un lugar vivo con una comunidad din\u00e1mica y trabajadora que formaba un paisaje vibrante de sensaciones, perspectivas y voces. <em>La Mas\u00eda toma vida<\/em>\u00a0nos permitir\u00e1 entender todo lo que rodeaba al artista en aquella \u00e9poca.<\/p>\n<p>Recreando la magia y el contexto humano del pasado, la Fundaci\u00f3 Mas Mir\u00f3 quiere hacer sentir la complejidad de un proceso creativo rico y excepcional como Joan Mir\u00f3. De hecho, esta actividad plasma la filosof\u00eda de la Fundaci\u00f3n, el hecho de que una obra de arte no comienza ni acaba con el objeto sino con todo lo que le rodea antes y despu\u00e9s. Existe una constelaci\u00f3n enorme de elementos que influyen de forma directa e indirecta en los procesos art\u00edsticos y <em>La Mas\u00eda toma vida<\/em>\u00a0quiere transmitir esta sensaci\u00f3n. El p\u00fablico podr\u00e1 sentir c\u00f3mo la luz, los sonidos, las personas, los hechos hist\u00f3ricos y los olores tambi\u00e9n fueron parte de la paleta de Mir\u00f3.<\/p>\n<p>Una colaboraci\u00f3n con el tejido asociativo del territorio<\/p>\n<p>La actividad est\u00e1 organizada por Mandrilia Associaci\u00f3, asociaci\u00f3n de Reus comprometida con la cultura con una larga trayectoria. Fueron responsables de la performance multitudinaria <em>Reus 1937. Mirant el cel, foradant la terra<\/em> \u00a0una recreaci\u00f3n hist\u00f3rica sobre la guerra civil que ocup\u00f3 toda la plaza Mercadal de la capital del Baix Camp durante un fin de semana entero. Tambi\u00e9n se contar\u00e1 con la colaboraci\u00f3n de la Associaci\u00f3 la Masia de Castell\u00f3, responsable de uno de los grandes referentes de recreaciones hist\u00f3ricas en el territorio durante las fiestas de Navidad<em> El pessebre dels Estels<\/em>, as\u00ed como del Bravium teatre.<\/p>\n<p><strong>Las entradas ya se encuentran a la venta<\/strong><\/p>\n<p>Las entradas a Mas Mir\u00f3 para poder disfrutar de la experiencia est\u00e1n ya a la venta en la web de la Fundaci\u00f3n <a href=\"http:\/\/www.masmiro.com\" target=\"_blank\" rel=\"noopener\">www.masmiro.com<\/a>. Los precios van de los 16\u20ac la entrada general, a los 12.5\u20ac de la entrada a precio reducido. La actividad ser\u00e1 gratuita para menores de 8 a\u00f1os. El horario de la actividad ser\u00e1 de 10h a 14h y de 17.30h a 20h.<\/p>\n","protected":false},"excerpt":{"rendered":"<p>La Fundaci\u00f3n organiza el pr\u00f3ximo s\u00e1bado, 25 de junio, un viaje en el tiempo para descubrir c\u00f3mo era la vida rural del Mont-roig de 1922, el a\u00f1o en que Joan Mir\u00f3 acab\u00f3 de pintar la c\u00e9lebre pintura &#8220;La Mas\u00eda&#8221; Enmarcada en los actos del Centenario de &#8220;La Mas\u00eda&#8221;, la actividad &#8220;La Masia toma vida&#8221; es [&hellip;]<\/p>\n","protected":false},"author":13,"featured_media":63777,"comment_status":"closed","ping_status":"closed","sticky":false,"template":"","format":"standard","meta":{"inline_featured_image":false,"_monsterinsights_skip_tracking":false,"_monsterinsights_sitenote_active":false,"_monsterinsights_sitenote_note":"","_monsterinsights_sitenote_category":0,"footnotes":""},"categories":[98,101],"tags":[],"class_list":["post-63782","post","type-post","status-publish","format-standard","has-post-thumbnail","hentry","category-ayuntamiento","category-cultura-es"],"yoast_head":"<!-- This site is optimized with the Yoast SEO plugin v27.4 - https:\/\/yoast.com\/product\/yoast-seo-wordpress\/ -->\n<title>Mas Mir\u00f3 tomar\u00e1 vida con una recreaci\u00f3n hist\u00f3rica ambientada en 1922 - Ajuntament de Mont-roig del Camp<\/title>\n<meta name=\"robots\" content=\"index, follow, max-snippet:-1, max-image-preview:large, max-video-preview:-1\" \/>\n<link rel=\"canonical\" href=\"https:\/\/mont-roig.cat\/es\/actualitat\/noticies\/mas-miro-prendra-vida-amb-una-recreacio-historica-ambientada-lany-1922\/\" \/>\n<meta property=\"og:locale\" content=\"es_ES\" \/>\n<meta property=\"og:type\" content=\"article\" \/>\n<meta property=\"og:title\" content=\"Mas Mir\u00f3 tomar\u00e1 vida con una recreaci\u00f3n hist\u00f3rica ambientada en 1922 - Ajuntament de Mont-roig del Camp\" \/>\n<meta property=\"og:description\" content=\"La Fundaci\u00f3n organiza el pr\u00f3ximo s\u00e1bado, 25 de junio, un viaje en el tiempo para descubrir c\u00f3mo era la vida rural del Mont-roig de 1922, el a\u00f1o en que Joan Mir\u00f3 acab\u00f3 de pintar la c\u00e9lebre pintura &#8220;La Mas\u00eda&#8221; Enmarcada en los actos del Centenario de &#8220;La Mas\u00eda&#8221;, la actividad &#8220;La Masia toma vida&#8221; es [&hellip;]\" \/>\n<meta property=\"og:url\" content=\"https:\/\/mont-roig.cat\/es\/actualitat\/noticies\/mas-miro-prendra-vida-amb-una-recreacio-historica-ambientada-lany-1922\/\" \/>\n<meta property=\"og:site_name\" content=\"Ajuntament de Mont-roig del Camp\" \/>\n<meta property=\"article:published_time\" content=\"2022-06-21T10:45:19+00:00\" \/>\n<meta property=\"article:modified_time\" content=\"2022-06-21T11:35:24+00:00\" \/>\n<meta property=\"og:image\" content=\"https:\/\/mont-roig.cat\/wp-content\/uploads\/Masia_Pren_Vida.jpg\" \/>\n\t<meta property=\"og:image:width\" content=\"2048\" \/>\n\t<meta property=\"og:image:height\" content=\"1536\" \/>\n\t<meta property=\"og:image:type\" content=\"image\/jpeg\" \/>\n<meta name=\"author\" content=\"comunicacio\" \/>\n<meta name=\"twitter:card\" content=\"summary_large_image\" \/>\n<meta name=\"twitter:label1\" content=\"Escrito por\" \/>\n\t<meta name=\"twitter:data1\" content=\"comunicacio\" \/>\n\t<meta name=\"twitter:label2\" content=\"Tiempo de lectura\" \/>\n\t<meta name=\"twitter:data2\" content=\"4 minutos\" \/>\n<script type=\"application\/ld+json\" class=\"yoast-schema-graph\">{\"@context\":\"https:\\\/\\\/schema.org\",\"@graph\":[{\"@type\":\"Article\",\"@id\":\"https:\\\/\\\/mont-roig.cat\\\/es\\\/actualitat\\\/noticies\\\/mas-miro-prendra-vida-amb-una-recreacio-historica-ambientada-lany-1922\\\/#article\",\"isPartOf\":{\"@id\":\"https:\\\/\\\/mont-roig.cat\\\/es\\\/actualitat\\\/noticies\\\/mas-miro-prendra-vida-amb-una-recreacio-historica-ambientada-lany-1922\\\/\"},\"author\":{\"name\":\"comunicacio\",\"@id\":\"https:\\\/\\\/mont-roig.cat\\\/es\\\/#\\\/schema\\\/person\\\/1f73e7b5e6f9dd122e8a6f14f310ac5e\"},\"headline\":\"Mas Mir\u00f3 tomar\u00e1 vida con una recreaci\u00f3n hist\u00f3rica ambientada en 1922\",\"datePublished\":\"2022-06-21T10:45:19+00:00\",\"dateModified\":\"2022-06-21T11:35:24+00:00\",\"mainEntityOfPage\":{\"@id\":\"https:\\\/\\\/mont-roig.cat\\\/es\\\/actualitat\\\/noticies\\\/mas-miro-prendra-vida-amb-una-recreacio-historica-ambientada-lany-1922\\\/\"},\"wordCount\":687,\"image\":{\"@id\":\"https:\\\/\\\/mont-roig.cat\\\/es\\\/actualitat\\\/noticies\\\/mas-miro-prendra-vida-amb-una-recreacio-historica-ambientada-lany-1922\\\/#primaryimage\"},\"thumbnailUrl\":\"https:\\\/\\\/mont-roig.cat\\\/wp-content\\\/uploads\\\/Masia_Pren_Vida.jpg\",\"articleSection\":[\"Ayuntamiento\",\"Cultura\"],\"inLanguage\":\"es\"},{\"@type\":\"WebPage\",\"@id\":\"https:\\\/\\\/mont-roig.cat\\\/es\\\/actualitat\\\/noticies\\\/mas-miro-prendra-vida-amb-una-recreacio-historica-ambientada-lany-1922\\\/\",\"url\":\"https:\\\/\\\/mont-roig.cat\\\/es\\\/actualitat\\\/noticies\\\/mas-miro-prendra-vida-amb-una-recreacio-historica-ambientada-lany-1922\\\/\",\"name\":\"Mas Mir\u00f3 tomar\u00e1 vida con una recreaci\u00f3n hist\u00f3rica ambientada en 1922 - Ajuntament de Mont-roig del Camp\",\"isPartOf\":{\"@id\":\"https:\\\/\\\/mont-roig.cat\\\/es\\\/#website\"},\"primaryImageOfPage\":{\"@id\":\"https:\\\/\\\/mont-roig.cat\\\/es\\\/actualitat\\\/noticies\\\/mas-miro-prendra-vida-amb-una-recreacio-historica-ambientada-lany-1922\\\/#primaryimage\"},\"image\":{\"@id\":\"https:\\\/\\\/mont-roig.cat\\\/es\\\/actualitat\\\/noticies\\\/mas-miro-prendra-vida-amb-una-recreacio-historica-ambientada-lany-1922\\\/#primaryimage\"},\"thumbnailUrl\":\"https:\\\/\\\/mont-roig.cat\\\/wp-content\\\/uploads\\\/Masia_Pren_Vida.jpg\",\"datePublished\":\"2022-06-21T10:45:19+00:00\",\"dateModified\":\"2022-06-21T11:35:24+00:00\",\"author\":{\"@id\":\"https:\\\/\\\/mont-roig.cat\\\/es\\\/#\\\/schema\\\/person\\\/1f73e7b5e6f9dd122e8a6f14f310ac5e\"},\"breadcrumb\":{\"@id\":\"https:\\\/\\\/mont-roig.cat\\\/es\\\/actualitat\\\/noticies\\\/mas-miro-prendra-vida-amb-una-recreacio-historica-ambientada-lany-1922\\\/#breadcrumb\"},\"inLanguage\":\"es\",\"potentialAction\":[{\"@type\":\"ReadAction\",\"target\":[\"https:\\\/\\\/mont-roig.cat\\\/es\\\/actualitat\\\/noticies\\\/mas-miro-prendra-vida-amb-una-recreacio-historica-ambientada-lany-1922\\\/\"]}]},{\"@type\":\"ImageObject\",\"inLanguage\":\"es\",\"@id\":\"https:\\\/\\\/mont-roig.cat\\\/es\\\/actualitat\\\/noticies\\\/mas-miro-prendra-vida-amb-una-recreacio-historica-ambientada-lany-1922\\\/#primaryimage\",\"url\":\"https:\\\/\\\/mont-roig.cat\\\/wp-content\\\/uploads\\\/Masia_Pren_Vida.jpg\",\"contentUrl\":\"https:\\\/\\\/mont-roig.cat\\\/wp-content\\\/uploads\\\/Masia_Pren_Vida.jpg\",\"width\":2048,\"height\":1536},{\"@type\":\"BreadcrumbList\",\"@id\":\"https:\\\/\\\/mont-roig.cat\\\/es\\\/actualitat\\\/noticies\\\/mas-miro-prendra-vida-amb-una-recreacio-historica-ambientada-lany-1922\\\/#breadcrumb\",\"itemListElement\":[{\"@type\":\"ListItem\",\"position\":1,\"name\":\"Inici\",\"item\":\"https:\\\/\\\/mont-roig.cat\\\/es\\\/pagina-de-inicio\\\/\"},{\"@type\":\"ListItem\",\"position\":2,\"name\":\"Mas Mir\u00f3 tomar\u00e1 vida con una recreaci\u00f3n hist\u00f3rica ambientada en 1922\"}]},{\"@type\":\"WebSite\",\"@id\":\"https:\\\/\\\/mont-roig.cat\\\/es\\\/#website\",\"url\":\"https:\\\/\\\/mont-roig.cat\\\/es\\\/\",\"name\":\"Ajuntament de Mont-roig del Camp\",\"description\":\"Tota la informaci\u00f3 sobre la instituci\u00f3, els seus \u00f2rgans de govern, actualitat, serveis i molt m\u00e9s.\",\"potentialAction\":[{\"@type\":\"SearchAction\",\"target\":{\"@type\":\"EntryPoint\",\"urlTemplate\":\"https:\\\/\\\/mont-roig.cat\\\/es\\\/?s={search_term_string}\"},\"query-input\":{\"@type\":\"PropertyValueSpecification\",\"valueRequired\":true,\"valueName\":\"search_term_string\"}}],\"inLanguage\":\"es\"},{\"@type\":\"Person\",\"@id\":\"https:\\\/\\\/mont-roig.cat\\\/es\\\/#\\\/schema\\\/person\\\/1f73e7b5e6f9dd122e8a6f14f310ac5e\",\"name\":\"comunicacio\",\"image\":{\"@type\":\"ImageObject\",\"inLanguage\":\"es\",\"@id\":\"https:\\\/\\\/secure.gravatar.com\\\/avatar\\\/98944333e7a877670a64f8d10f0cb680ab2c9ebc4efc43945ef004b52b5ad28c?s=96&d=mm&r=g\",\"url\":\"https:\\\/\\\/secure.gravatar.com\\\/avatar\\\/98944333e7a877670a64f8d10f0cb680ab2c9ebc4efc43945ef004b52b5ad28c?s=96&d=mm&r=g\",\"contentUrl\":\"https:\\\/\\\/secure.gravatar.com\\\/avatar\\\/98944333e7a877670a64f8d10f0cb680ab2c9ebc4efc43945ef004b52b5ad28c?s=96&d=mm&r=g\",\"caption\":\"comunicacio\"},\"url\":\"https:\\\/\\\/mont-roig.cat\\\/es\\\/actualitat\\\/noticies\\\/author\\\/comunicacio\\\/\"}]}<\/script>\n<!-- \/ Yoast SEO plugin. -->","yoast_head_json":{"title":"Mas Mir\u00f3 tomar\u00e1 vida con una recreaci\u00f3n hist\u00f3rica ambientada en 1922 - Ajuntament de Mont-roig del Camp","robots":{"index":"index","follow":"follow","max-snippet":"max-snippet:-1","max-image-preview":"max-image-preview:large","max-video-preview":"max-video-preview:-1"},"canonical":"https:\/\/mont-roig.cat\/es\/actualitat\/noticies\/mas-miro-prendra-vida-amb-una-recreacio-historica-ambientada-lany-1922\/","og_locale":"es_ES","og_type":"article","og_title":"Mas Mir\u00f3 tomar\u00e1 vida con una recreaci\u00f3n hist\u00f3rica ambientada en 1922 - Ajuntament de Mont-roig del Camp","og_description":"La Fundaci\u00f3n organiza el pr\u00f3ximo s\u00e1bado, 25 de junio, un viaje en el tiempo para descubrir c\u00f3mo era la vida rural del Mont-roig de 1922, el a\u00f1o en que Joan Mir\u00f3 acab\u00f3 de pintar la c\u00e9lebre pintura &#8220;La Mas\u00eda&#8221; Enmarcada en los actos del Centenario de &#8220;La Mas\u00eda&#8221;, la actividad &#8220;La Masia toma vida&#8221; es [&hellip;]","og_url":"https:\/\/mont-roig.cat\/es\/actualitat\/noticies\/mas-miro-prendra-vida-amb-una-recreacio-historica-ambientada-lany-1922\/","og_site_name":"Ajuntament de Mont-roig del Camp","article_published_time":"2022-06-21T10:45:19+00:00","article_modified_time":"2022-06-21T11:35:24+00:00","og_image":[{"width":2048,"height":1536,"url":"https:\/\/mont-roig.cat\/wp-content\/uploads\/Masia_Pren_Vida.jpg","type":"image\/jpeg"}],"author":"comunicacio","twitter_card":"summary_large_image","twitter_misc":{"Escrito por":"comunicacio","Tiempo de lectura":"4 minutos"},"schema":{"@context":"https:\/\/schema.org","@graph":[{"@type":"Article","@id":"https:\/\/mont-roig.cat\/es\/actualitat\/noticies\/mas-miro-prendra-vida-amb-una-recreacio-historica-ambientada-lany-1922\/#article","isPartOf":{"@id":"https:\/\/mont-roig.cat\/es\/actualitat\/noticies\/mas-miro-prendra-vida-amb-una-recreacio-historica-ambientada-lany-1922\/"},"author":{"name":"comunicacio","@id":"https:\/\/mont-roig.cat\/es\/#\/schema\/person\/1f73e7b5e6f9dd122e8a6f14f310ac5e"},"headline":"Mas Mir\u00f3 tomar\u00e1 vida con una recreaci\u00f3n hist\u00f3rica ambientada en 1922","datePublished":"2022-06-21T10:45:19+00:00","dateModified":"2022-06-21T11:35:24+00:00","mainEntityOfPage":{"@id":"https:\/\/mont-roig.cat\/es\/actualitat\/noticies\/mas-miro-prendra-vida-amb-una-recreacio-historica-ambientada-lany-1922\/"},"wordCount":687,"image":{"@id":"https:\/\/mont-roig.cat\/es\/actualitat\/noticies\/mas-miro-prendra-vida-amb-una-recreacio-historica-ambientada-lany-1922\/#primaryimage"},"thumbnailUrl":"https:\/\/mont-roig.cat\/wp-content\/uploads\/Masia_Pren_Vida.jpg","articleSection":["Ayuntamiento","Cultura"],"inLanguage":"es"},{"@type":"WebPage","@id":"https:\/\/mont-roig.cat\/es\/actualitat\/noticies\/mas-miro-prendra-vida-amb-una-recreacio-historica-ambientada-lany-1922\/","url":"https:\/\/mont-roig.cat\/es\/actualitat\/noticies\/mas-miro-prendra-vida-amb-una-recreacio-historica-ambientada-lany-1922\/","name":"Mas Mir\u00f3 tomar\u00e1 vida con una recreaci\u00f3n hist\u00f3rica ambientada en 1922 - Ajuntament de Mont-roig del Camp","isPartOf":{"@id":"https:\/\/mont-roig.cat\/es\/#website"},"primaryImageOfPage":{"@id":"https:\/\/mont-roig.cat\/es\/actualitat\/noticies\/mas-miro-prendra-vida-amb-una-recreacio-historica-ambientada-lany-1922\/#primaryimage"},"image":{"@id":"https:\/\/mont-roig.cat\/es\/actualitat\/noticies\/mas-miro-prendra-vida-amb-una-recreacio-historica-ambientada-lany-1922\/#primaryimage"},"thumbnailUrl":"https:\/\/mont-roig.cat\/wp-content\/uploads\/Masia_Pren_Vida.jpg","datePublished":"2022-06-21T10:45:19+00:00","dateModified":"2022-06-21T11:35:24+00:00","author":{"@id":"https:\/\/mont-roig.cat\/es\/#\/schema\/person\/1f73e7b5e6f9dd122e8a6f14f310ac5e"},"breadcrumb":{"@id":"https:\/\/mont-roig.cat\/es\/actualitat\/noticies\/mas-miro-prendra-vida-amb-una-recreacio-historica-ambientada-lany-1922\/#breadcrumb"},"inLanguage":"es","potentialAction":[{"@type":"ReadAction","target":["https:\/\/mont-roig.cat\/es\/actualitat\/noticies\/mas-miro-prendra-vida-amb-una-recreacio-historica-ambientada-lany-1922\/"]}]},{"@type":"ImageObject","inLanguage":"es","@id":"https:\/\/mont-roig.cat\/es\/actualitat\/noticies\/mas-miro-prendra-vida-amb-una-recreacio-historica-ambientada-lany-1922\/#primaryimage","url":"https:\/\/mont-roig.cat\/wp-content\/uploads\/Masia_Pren_Vida.jpg","contentUrl":"https:\/\/mont-roig.cat\/wp-content\/uploads\/Masia_Pren_Vida.jpg","width":2048,"height":1536},{"@type":"BreadcrumbList","@id":"https:\/\/mont-roig.cat\/es\/actualitat\/noticies\/mas-miro-prendra-vida-amb-una-recreacio-historica-ambientada-lany-1922\/#breadcrumb","itemListElement":[{"@type":"ListItem","position":1,"name":"Inici","item":"https:\/\/mont-roig.cat\/es\/pagina-de-inicio\/"},{"@type":"ListItem","position":2,"name":"Mas Mir\u00f3 tomar\u00e1 vida con una recreaci\u00f3n hist\u00f3rica ambientada en 1922"}]},{"@type":"WebSite","@id":"https:\/\/mont-roig.cat\/es\/#website","url":"https:\/\/mont-roig.cat\/es\/","name":"Ajuntament de Mont-roig del Camp","description":"Tota la informaci\u00f3 sobre la instituci\u00f3, els seus \u00f2rgans de govern, actualitat, serveis i molt m\u00e9s.","potentialAction":[{"@type":"SearchAction","target":{"@type":"EntryPoint","urlTemplate":"https:\/\/mont-roig.cat\/es\/?s={search_term_string}"},"query-input":{"@type":"PropertyValueSpecification","valueRequired":true,"valueName":"search_term_string"}}],"inLanguage":"es"},{"@type":"Person","@id":"https:\/\/mont-roig.cat\/es\/#\/schema\/person\/1f73e7b5e6f9dd122e8a6f14f310ac5e","name":"comunicacio","image":{"@type":"ImageObject","inLanguage":"es","@id":"https:\/\/secure.gravatar.com\/avatar\/98944333e7a877670a64f8d10f0cb680ab2c9ebc4efc43945ef004b52b5ad28c?s=96&d=mm&r=g","url":"https:\/\/secure.gravatar.com\/avatar\/98944333e7a877670a64f8d10f0cb680ab2c9ebc4efc43945ef004b52b5ad28c?s=96&d=mm&r=g","contentUrl":"https:\/\/secure.gravatar.com\/avatar\/98944333e7a877670a64f8d10f0cb680ab2c9ebc4efc43945ef004b52b5ad28c?s=96&d=mm&r=g","caption":"comunicacio"},"url":"https:\/\/mont-roig.cat\/es\/actualitat\/noticies\/author\/comunicacio\/"}]}},"_links":{"self":[{"href":"https:\/\/mont-roig.cat\/es\/wp-json\/wp\/v2\/posts\/63782","targetHints":{"allow":["GET"]}}],"collection":[{"href":"https:\/\/mont-roig.cat\/es\/wp-json\/wp\/v2\/posts"}],"about":[{"href":"https:\/\/mont-roig.cat\/es\/wp-json\/wp\/v2\/types\/post"}],"author":[{"embeddable":true,"href":"https:\/\/mont-roig.cat\/es\/wp-json\/wp\/v2\/users\/13"}],"replies":[{"embeddable":true,"href":"https:\/\/mont-roig.cat\/es\/wp-json\/wp\/v2\/comments?post=63782"}],"version-history":[{"count":2,"href":"https:\/\/mont-roig.cat\/es\/wp-json\/wp\/v2\/posts\/63782\/revisions"}],"predecessor-version":[{"id":63783,"href":"https:\/\/mont-roig.cat\/es\/wp-json\/wp\/v2\/posts\/63782\/revisions\/63783"}],"wp:featuredmedia":[{"embeddable":true,"href":"https:\/\/mont-roig.cat\/es\/wp-json\/wp\/v2\/media\/63777"}],"wp:attachment":[{"href":"https:\/\/mont-roig.cat\/es\/wp-json\/wp\/v2\/media?parent=63782"}],"wp:term":[{"taxonomy":"category","embeddable":true,"href":"https:\/\/mont-roig.cat\/es\/wp-json\/wp\/v2\/categories?post=63782"},{"taxonomy":"post_tag","embeddable":true,"href":"https:\/\/mont-roig.cat\/es\/wp-json\/wp\/v2\/tags?post=63782"}],"curies":[{"name":"wp","href":"https:\/\/api.w.org\/{rel}","templated":true}]}}