{"id":64529,"date":"2022-08-04T10:52:01","date_gmt":"2022-08-04T08:52:01","guid":{"rendered":"https:\/\/mont-roig.cat\/actualitat\/noticies\/ja-es-poden-demanar-les-tarifes-reduides-de-les-llars-dinfants-municipals-pel-curs-vinent-pels-nivells-de-0-a-2-anys\/"},"modified":"2022-08-04T11:48:01","modified_gmt":"2022-08-04T09:48:01","slug":"ya-se-pueden-pedir-las-tarifas-reducidas-de-las-guarderias-municipales-para-el-proximo-curso-para-los-niveles-de-0-a-2-anos","status":"publish","type":"post","link":"https:\/\/mont-roig.cat\/es\/actualitat\/noticies\/ya-se-pueden-pedir-las-tarifas-reducidas-de-las-guarderias-municipales-para-el-proximo-curso-para-los-niveles-de-0-a-2-anos\/","title":{"rendered":"Ya se pueden pedir las tarifas reducidas de las guarder\u00edas municipales para el pr\u00f3ximo curso para los niveles de 0 a 2 a\u00f1os"},"content":{"rendered":"<ul>\n<li><strong>La solicitud debe realizarse a trav\u00e9s de la Sede electr\u00f3nica del Ayuntamiento de Mont-roig del Camp<\/strong><\/li>\n<\/ul>\n<p><a href=\"https:\/\/mont-roig.cat\/wp-content\/uploads\/llars-infants.jpg\"><img loading=\"lazy\" decoding=\"async\" class=\"alignright wp-image-64516\" src=\"https:\/\/mont-roig.cat\/wp-content\/uploads\/llars-infants-500x375.jpg\" alt=\"\" width=\"300\" height=\"225\" srcset=\"https:\/\/mont-roig.cat\/wp-content\/uploads\/llars-infants-500x375.jpg 500w, https:\/\/mont-roig.cat\/wp-content\/uploads\/llars-infants-1024x768.jpg 1024w, https:\/\/mont-roig.cat\/wp-content\/uploads\/llars-infants-768x576.jpg 768w, https:\/\/mont-roig.cat\/wp-content\/uploads\/llars-infants-1536x1152.jpg 1536w, https:\/\/mont-roig.cat\/wp-content\/uploads\/llars-infants-463x348.jpg 463w, https:\/\/mont-roig.cat\/wp-content\/uploads\/llars-infants.jpg 1600w\" sizes=\"auto, (max-width: 300px) 100vw, 300px\" \/><\/a>El Ayuntamiento de Mont-roig del Camp informa que ya se pueden solicitar a trav\u00e9s de la Sede electr\u00f3nica las tarifas reducidas de las guarder\u00edas municipales (Petete de Miami Platja y Mare de D\u00e9u de la Roca de Mont-roig) por el curso 2022-2023 por los niveles de 0-1 y de 1-2 a\u00f1os. La solicitud debe realizarse en la direcci\u00f3n<a href=\"https:\/\/mont-roig.eadministracio.cat\" target=\"_blank\" rel=\"noopener\"> https:\/\/mont-roig.eadministracio.cat<\/a><a href=\"https:\/\/mont-roig.eadministracio.cat,\" target=\"_blank\" rel=\"noopener\">,<\/a> en el apartado de cat\u00e1logo de tr\u00e1mites: Liquidaci\u00f3n y Gesti\u00f3n Tributaria. Instancia titulada \u201cTarifa reducida Guarder\u00eda 2022\/2023 (Niveles I0 y I1)\u201d.<\/p>\n<p>En caso de que el tr\u00e1mite no se pueda realizar de forma telem\u00e1tica, cuando el ciudadano\/a no disponga de los medios necesarios para realizar la tramitaci\u00f3n, podr\u00e1 realizarla de forma presencial en las OMAC. Antes habr\u00e1 que pedir cita previa en la web municipal<a href=\"https:\/\/citaprevia.mont-roig.cat\/mont-roig\/\" target=\"_blank\" rel=\"noopener\"> https:\/\/citaprevia.mont-roig.cat\/mont-roig\/<\/a>o bien en el tel\u00e9fono 977 17 28 65.<\/p>\n<p>Para acogerse a la reducci\u00f3n de la tarifa se pide estar empadronado en el municipio de Mont-roig del Camp. El empadronamiento debe afectar, no s\u00f3lo al ni\u00f1o matriculado en la guarder\u00eda municipal, sino tambi\u00e9n a quien tenga y ejerza su patria potestad. Las familias del municipio que pueden beneficiarse de las tarifas reducidas son las que acrediten familia numerosa o familia monoparental, o que el alumno matriculado tiene un grado de discapacidad del 33% o superior.<\/p>\n<p><strong>Gratuidad del nivel l2<\/strong><br \/>\nHay que recordar que la Generalitat aprob\u00f3 hace unas semanas la gratuidad de la escolarizaci\u00f3n para las familias de la l\u00ednea l2 en las guarder\u00edas p\u00fablicas del pa\u00eds para el pr\u00f3ximo curso escolar. Esta medida tiene como objetivo favorecer tanto a los ni\u00f1os como a la sociedad. Los beneficios para los ni\u00f1os son de car\u00e1cter pedag\u00f3gico\u00a0(desarrollo de la personalidad, las capacidades, las habilidades sociales y las actitudes positivas hacia el aprendizaje) y tambi\u00e9n de car\u00e1cter social (conciliaci\u00f3n y compensaci\u00f3n de las desigualdades de origen mediante un acceso con condiciones de igualdad).<\/p>\n","protected":false},"excerpt":{"rendered":"<p>La solicitud debe realizarse a trav\u00e9s de la Sede electr\u00f3nica del Ayuntamiento de Mont-roig del Camp El Ayuntamiento de Mont-roig del Camp informa que ya se pueden solicitar a trav\u00e9s de la Sede electr\u00f3nica las tarifas reducidas de las guarder\u00edas municipales (Petete de Miami Platja y Mare de D\u00e9u de la Roca de Mont-roig) por [&hellip;]<\/p>\n","protected":false},"author":13,"featured_media":64517,"comment_status":"closed","ping_status":"closed","sticky":false,"template":"","format":"standard","meta":{"inline_featured_image":false,"_monsterinsights_skip_tracking":false,"_monsterinsights_sitenote_active":false,"_monsterinsights_sitenote_note":"","_monsterinsights_sitenote_category":0,"footnotes":""},"categories":[98,103],"tags":[],"class_list":["post-64529","post","type-post","status-publish","format-standard","has-post-thumbnail","hentry","category-ayuntamiento","category-educacion"],"yoast_head":"<!-- This site is optimized with the Yoast SEO plugin v27.4 - https:\/\/yoast.com\/product\/yoast-seo-wordpress\/ -->\n<title>Ya se pueden pedir las tarifas reducidas de las guarder\u00edas municipales para el pr\u00f3ximo curso para los niveles de 0 a 2 a\u00f1os - Ajuntament de Mont-roig del Camp<\/title>\n<meta name=\"robots\" content=\"index, follow, max-snippet:-1, max-image-preview:large, max-video-preview:-1\" \/>\n<link rel=\"canonical\" href=\"https:\/\/mont-roig.cat\/es\/actualitat\/noticies\/ya-se-pueden-pedir-las-tarifas-reducidas-de-las-guarderias-municipales-para-el-proximo-curso-para-los-niveles-de-0-a-2-anos\/\" \/>\n<meta property=\"og:locale\" content=\"es_ES\" \/>\n<meta property=\"og:type\" content=\"article\" \/>\n<meta property=\"og:title\" content=\"Ya se pueden pedir las tarifas reducidas de las guarder\u00edas municipales para el pr\u00f3ximo curso para los niveles de 0 a 2 a\u00f1os - Ajuntament de Mont-roig del Camp\" \/>\n<meta property=\"og:description\" content=\"La solicitud debe realizarse a trav\u00e9s de la Sede electr\u00f3nica del Ayuntamiento de Mont-roig del Camp El Ayuntamiento de Mont-roig del Camp informa que ya se pueden solicitar a trav\u00e9s de la Sede electr\u00f3nica las tarifas reducidas de las guarder\u00edas municipales (Petete de Miami Platja y Mare de D\u00e9u de la Roca de Mont-roig) por [&hellip;]\" \/>\n<meta property=\"og:url\" content=\"https:\/\/mont-roig.cat\/es\/actualitat\/noticies\/ya-se-pueden-pedir-las-tarifas-reducidas-de-las-guarderias-municipales-para-el-proximo-curso-para-los-niveles-de-0-a-2-anos\/\" \/>\n<meta property=\"og:site_name\" content=\"Ajuntament de Mont-roig del Camp\" \/>\n<meta property=\"article:published_time\" content=\"2022-08-04T08:52:01+00:00\" \/>\n<meta property=\"article:modified_time\" content=\"2022-08-04T09:48:01+00:00\" \/>\n<meta property=\"og:image\" content=\"https:\/\/mont-roig.cat\/wp-content\/uploads\/llars-infants.jpg\" \/>\n\t<meta property=\"og:image:width\" content=\"1600\" \/>\n\t<meta property=\"og:image:height\" content=\"1200\" \/>\n\t<meta property=\"og:image:type\" content=\"image\/jpeg\" \/>\n<meta name=\"author\" content=\"comunicacio\" \/>\n<meta name=\"twitter:card\" content=\"summary_large_image\" \/>\n<meta name=\"twitter:label1\" content=\"Escrito por\" \/>\n\t<meta name=\"twitter:data1\" content=\"comunicacio\" \/>\n\t<meta name=\"twitter:label2\" content=\"Tiempo de lectura\" \/>\n\t<meta name=\"twitter:data2\" content=\"2 minutos\" \/>\n<script type=\"application\/ld+json\" class=\"yoast-schema-graph\">{\"@context\":\"https:\\\/\\\/schema.org\",\"@graph\":[{\"@type\":\"Article\",\"@id\":\"https:\\\/\\\/mont-roig.cat\\\/es\\\/actualitat\\\/noticies\\\/ya-se-pueden-pedir-las-tarifas-reducidas-de-las-guarderias-municipales-para-el-proximo-curso-para-los-niveles-de-0-a-2-anos\\\/#article\",\"isPartOf\":{\"@id\":\"https:\\\/\\\/mont-roig.cat\\\/es\\\/actualitat\\\/noticies\\\/ya-se-pueden-pedir-las-tarifas-reducidas-de-las-guarderias-municipales-para-el-proximo-curso-para-los-niveles-de-0-a-2-anos\\\/\"},\"author\":{\"name\":\"comunicacio\",\"@id\":\"https:\\\/\\\/mont-roig.cat\\\/es\\\/#\\\/schema\\\/person\\\/1f73e7b5e6f9dd122e8a6f14f310ac5e\"},\"headline\":\"Ya se pueden pedir las tarifas reducidas de las guarder\u00edas municipales para el pr\u00f3ximo curso para los niveles de 0 a 2 a\u00f1os\",\"datePublished\":\"2022-08-04T08:52:01+00:00\",\"dateModified\":\"2022-08-04T09:48:01+00:00\",\"mainEntityOfPage\":{\"@id\":\"https:\\\/\\\/mont-roig.cat\\\/es\\\/actualitat\\\/noticies\\\/ya-se-pueden-pedir-las-tarifas-reducidas-de-las-guarderias-municipales-para-el-proximo-curso-para-los-niveles-de-0-a-2-anos\\\/\"},\"wordCount\":384,\"image\":{\"@id\":\"https:\\\/\\\/mont-roig.cat\\\/es\\\/actualitat\\\/noticies\\\/ya-se-pueden-pedir-las-tarifas-reducidas-de-las-guarderias-municipales-para-el-proximo-curso-para-los-niveles-de-0-a-2-anos\\\/#primaryimage\"},\"thumbnailUrl\":\"https:\\\/\\\/mont-roig.cat\\\/wp-content\\\/uploads\\\/llars-infants.jpg\",\"articleSection\":[\"Ayuntamiento\",\"Educaci\u00f3n\"],\"inLanguage\":\"es\"},{\"@type\":\"WebPage\",\"@id\":\"https:\\\/\\\/mont-roig.cat\\\/es\\\/actualitat\\\/noticies\\\/ya-se-pueden-pedir-las-tarifas-reducidas-de-las-guarderias-municipales-para-el-proximo-curso-para-los-niveles-de-0-a-2-anos\\\/\",\"url\":\"https:\\\/\\\/mont-roig.cat\\\/es\\\/actualitat\\\/noticies\\\/ya-se-pueden-pedir-las-tarifas-reducidas-de-las-guarderias-municipales-para-el-proximo-curso-para-los-niveles-de-0-a-2-anos\\\/\",\"name\":\"Ya se pueden pedir las tarifas reducidas de las guarder\u00edas municipales para el pr\u00f3ximo curso para los niveles de 0 a 2 a\u00f1os - Ajuntament de Mont-roig del Camp\",\"isPartOf\":{\"@id\":\"https:\\\/\\\/mont-roig.cat\\\/es\\\/#website\"},\"primaryImageOfPage\":{\"@id\":\"https:\\\/\\\/mont-roig.cat\\\/es\\\/actualitat\\\/noticies\\\/ya-se-pueden-pedir-las-tarifas-reducidas-de-las-guarderias-municipales-para-el-proximo-curso-para-los-niveles-de-0-a-2-anos\\\/#primaryimage\"},\"image\":{\"@id\":\"https:\\\/\\\/mont-roig.cat\\\/es\\\/actualitat\\\/noticies\\\/ya-se-pueden-pedir-las-tarifas-reducidas-de-las-guarderias-municipales-para-el-proximo-curso-para-los-niveles-de-0-a-2-anos\\\/#primaryimage\"},\"thumbnailUrl\":\"https:\\\/\\\/mont-roig.cat\\\/wp-content\\\/uploads\\\/llars-infants.jpg\",\"datePublished\":\"2022-08-04T08:52:01+00:00\",\"dateModified\":\"2022-08-04T09:48:01+00:00\",\"author\":{\"@id\":\"https:\\\/\\\/mont-roig.cat\\\/es\\\/#\\\/schema\\\/person\\\/1f73e7b5e6f9dd122e8a6f14f310ac5e\"},\"breadcrumb\":{\"@id\":\"https:\\\/\\\/mont-roig.cat\\\/es\\\/actualitat\\\/noticies\\\/ya-se-pueden-pedir-las-tarifas-reducidas-de-las-guarderias-municipales-para-el-proximo-curso-para-los-niveles-de-0-a-2-anos\\\/#breadcrumb\"},\"inLanguage\":\"es\",\"potentialAction\":[{\"@type\":\"ReadAction\",\"target\":[\"https:\\\/\\\/mont-roig.cat\\\/es\\\/actualitat\\\/noticies\\\/ya-se-pueden-pedir-las-tarifas-reducidas-de-las-guarderias-municipales-para-el-proximo-curso-para-los-niveles-de-0-a-2-anos\\\/\"]}]},{\"@type\":\"ImageObject\",\"inLanguage\":\"es\",\"@id\":\"https:\\\/\\\/mont-roig.cat\\\/es\\\/actualitat\\\/noticies\\\/ya-se-pueden-pedir-las-tarifas-reducidas-de-las-guarderias-municipales-para-el-proximo-curso-para-los-niveles-de-0-a-2-anos\\\/#primaryimage\",\"url\":\"https:\\\/\\\/mont-roig.cat\\\/wp-content\\\/uploads\\\/llars-infants.jpg\",\"contentUrl\":\"https:\\\/\\\/mont-roig.cat\\\/wp-content\\\/uploads\\\/llars-infants.jpg\",\"width\":1600,\"height\":1200},{\"@type\":\"BreadcrumbList\",\"@id\":\"https:\\\/\\\/mont-roig.cat\\\/es\\\/actualitat\\\/noticies\\\/ya-se-pueden-pedir-las-tarifas-reducidas-de-las-guarderias-municipales-para-el-proximo-curso-para-los-niveles-de-0-a-2-anos\\\/#breadcrumb\",\"itemListElement\":[{\"@type\":\"ListItem\",\"position\":1,\"name\":\"Inici\",\"item\":\"https:\\\/\\\/mont-roig.cat\\\/es\\\/pagina-de-inicio\\\/\"},{\"@type\":\"ListItem\",\"position\":2,\"name\":\"Ya se pueden pedir las tarifas reducidas de las guarder\u00edas municipales para el pr\u00f3ximo curso para los niveles de 0 a 2 a\u00f1os\"}]},{\"@type\":\"WebSite\",\"@id\":\"https:\\\/\\\/mont-roig.cat\\\/es\\\/#website\",\"url\":\"https:\\\/\\\/mont-roig.cat\\\/es\\\/\",\"name\":\"Ajuntament de Mont-roig del Camp\",\"description\":\"Tota la informaci\u00f3 sobre la instituci\u00f3, els seus \u00f2rgans de govern, actualitat, serveis i molt m\u00e9s.\",\"potentialAction\":[{\"@type\":\"SearchAction\",\"target\":{\"@type\":\"EntryPoint\",\"urlTemplate\":\"https:\\\/\\\/mont-roig.cat\\\/es\\\/?s={search_term_string}\"},\"query-input\":{\"@type\":\"PropertyValueSpecification\",\"valueRequired\":true,\"valueName\":\"search_term_string\"}}],\"inLanguage\":\"es\"},{\"@type\":\"Person\",\"@id\":\"https:\\\/\\\/mont-roig.cat\\\/es\\\/#\\\/schema\\\/person\\\/1f73e7b5e6f9dd122e8a6f14f310ac5e\",\"name\":\"comunicacio\",\"image\":{\"@type\":\"ImageObject\",\"inLanguage\":\"es\",\"@id\":\"https:\\\/\\\/secure.gravatar.com\\\/avatar\\\/98944333e7a877670a64f8d10f0cb680ab2c9ebc4efc43945ef004b52b5ad28c?s=96&d=mm&r=g\",\"url\":\"https:\\\/\\\/secure.gravatar.com\\\/avatar\\\/98944333e7a877670a64f8d10f0cb680ab2c9ebc4efc43945ef004b52b5ad28c?s=96&d=mm&r=g\",\"contentUrl\":\"https:\\\/\\\/secure.gravatar.com\\\/avatar\\\/98944333e7a877670a64f8d10f0cb680ab2c9ebc4efc43945ef004b52b5ad28c?s=96&d=mm&r=g\",\"caption\":\"comunicacio\"},\"url\":\"https:\\\/\\\/mont-roig.cat\\\/es\\\/actualitat\\\/noticies\\\/author\\\/comunicacio\\\/\"}]}<\/script>\n<!-- \/ Yoast SEO plugin. -->","yoast_head_json":{"title":"Ya se pueden pedir las tarifas reducidas de las guarder\u00edas municipales para el pr\u00f3ximo curso para los niveles de 0 a 2 a\u00f1os - Ajuntament de Mont-roig del Camp","robots":{"index":"index","follow":"follow","max-snippet":"max-snippet:-1","max-image-preview":"max-image-preview:large","max-video-preview":"max-video-preview:-1"},"canonical":"https:\/\/mont-roig.cat\/es\/actualitat\/noticies\/ya-se-pueden-pedir-las-tarifas-reducidas-de-las-guarderias-municipales-para-el-proximo-curso-para-los-niveles-de-0-a-2-anos\/","og_locale":"es_ES","og_type":"article","og_title":"Ya se pueden pedir las tarifas reducidas de las guarder\u00edas municipales para el pr\u00f3ximo curso para los niveles de 0 a 2 a\u00f1os - Ajuntament de Mont-roig del Camp","og_description":"La solicitud debe realizarse a trav\u00e9s de la Sede electr\u00f3nica del Ayuntamiento de Mont-roig del Camp El Ayuntamiento de Mont-roig del Camp informa que ya se pueden solicitar a trav\u00e9s de la Sede electr\u00f3nica las tarifas reducidas de las guarder\u00edas municipales (Petete de Miami Platja y Mare de D\u00e9u de la Roca de Mont-roig) por [&hellip;]","og_url":"https:\/\/mont-roig.cat\/es\/actualitat\/noticies\/ya-se-pueden-pedir-las-tarifas-reducidas-de-las-guarderias-municipales-para-el-proximo-curso-para-los-niveles-de-0-a-2-anos\/","og_site_name":"Ajuntament de Mont-roig del Camp","article_published_time":"2022-08-04T08:52:01+00:00","article_modified_time":"2022-08-04T09:48:01+00:00","og_image":[{"width":1600,"height":1200,"url":"https:\/\/mont-roig.cat\/wp-content\/uploads\/llars-infants.jpg","type":"image\/jpeg"}],"author":"comunicacio","twitter_card":"summary_large_image","twitter_misc":{"Escrito por":"comunicacio","Tiempo de lectura":"2 minutos"},"schema":{"@context":"https:\/\/schema.org","@graph":[{"@type":"Article","@id":"https:\/\/mont-roig.cat\/es\/actualitat\/noticies\/ya-se-pueden-pedir-las-tarifas-reducidas-de-las-guarderias-municipales-para-el-proximo-curso-para-los-niveles-de-0-a-2-anos\/#article","isPartOf":{"@id":"https:\/\/mont-roig.cat\/es\/actualitat\/noticies\/ya-se-pueden-pedir-las-tarifas-reducidas-de-las-guarderias-municipales-para-el-proximo-curso-para-los-niveles-de-0-a-2-anos\/"},"author":{"name":"comunicacio","@id":"https:\/\/mont-roig.cat\/es\/#\/schema\/person\/1f73e7b5e6f9dd122e8a6f14f310ac5e"},"headline":"Ya se pueden pedir las tarifas reducidas de las guarder\u00edas municipales para el pr\u00f3ximo curso para los niveles de 0 a 2 a\u00f1os","datePublished":"2022-08-04T08:52:01+00:00","dateModified":"2022-08-04T09:48:01+00:00","mainEntityOfPage":{"@id":"https:\/\/mont-roig.cat\/es\/actualitat\/noticies\/ya-se-pueden-pedir-las-tarifas-reducidas-de-las-guarderias-municipales-para-el-proximo-curso-para-los-niveles-de-0-a-2-anos\/"},"wordCount":384,"image":{"@id":"https:\/\/mont-roig.cat\/es\/actualitat\/noticies\/ya-se-pueden-pedir-las-tarifas-reducidas-de-las-guarderias-municipales-para-el-proximo-curso-para-los-niveles-de-0-a-2-anos\/#primaryimage"},"thumbnailUrl":"https:\/\/mont-roig.cat\/wp-content\/uploads\/llars-infants.jpg","articleSection":["Ayuntamiento","Educaci\u00f3n"],"inLanguage":"es"},{"@type":"WebPage","@id":"https:\/\/mont-roig.cat\/es\/actualitat\/noticies\/ya-se-pueden-pedir-las-tarifas-reducidas-de-las-guarderias-municipales-para-el-proximo-curso-para-los-niveles-de-0-a-2-anos\/","url":"https:\/\/mont-roig.cat\/es\/actualitat\/noticies\/ya-se-pueden-pedir-las-tarifas-reducidas-de-las-guarderias-municipales-para-el-proximo-curso-para-los-niveles-de-0-a-2-anos\/","name":"Ya se pueden pedir las tarifas reducidas de las guarder\u00edas municipales para el pr\u00f3ximo curso para los niveles de 0 a 2 a\u00f1os - Ajuntament de Mont-roig del Camp","isPartOf":{"@id":"https:\/\/mont-roig.cat\/es\/#website"},"primaryImageOfPage":{"@id":"https:\/\/mont-roig.cat\/es\/actualitat\/noticies\/ya-se-pueden-pedir-las-tarifas-reducidas-de-las-guarderias-municipales-para-el-proximo-curso-para-los-niveles-de-0-a-2-anos\/#primaryimage"},"image":{"@id":"https:\/\/mont-roig.cat\/es\/actualitat\/noticies\/ya-se-pueden-pedir-las-tarifas-reducidas-de-las-guarderias-municipales-para-el-proximo-curso-para-los-niveles-de-0-a-2-anos\/#primaryimage"},"thumbnailUrl":"https:\/\/mont-roig.cat\/wp-content\/uploads\/llars-infants.jpg","datePublished":"2022-08-04T08:52:01+00:00","dateModified":"2022-08-04T09:48:01+00:00","author":{"@id":"https:\/\/mont-roig.cat\/es\/#\/schema\/person\/1f73e7b5e6f9dd122e8a6f14f310ac5e"},"breadcrumb":{"@id":"https:\/\/mont-roig.cat\/es\/actualitat\/noticies\/ya-se-pueden-pedir-las-tarifas-reducidas-de-las-guarderias-municipales-para-el-proximo-curso-para-los-niveles-de-0-a-2-anos\/#breadcrumb"},"inLanguage":"es","potentialAction":[{"@type":"ReadAction","target":["https:\/\/mont-roig.cat\/es\/actualitat\/noticies\/ya-se-pueden-pedir-las-tarifas-reducidas-de-las-guarderias-municipales-para-el-proximo-curso-para-los-niveles-de-0-a-2-anos\/"]}]},{"@type":"ImageObject","inLanguage":"es","@id":"https:\/\/mont-roig.cat\/es\/actualitat\/noticies\/ya-se-pueden-pedir-las-tarifas-reducidas-de-las-guarderias-municipales-para-el-proximo-curso-para-los-niveles-de-0-a-2-anos\/#primaryimage","url":"https:\/\/mont-roig.cat\/wp-content\/uploads\/llars-infants.jpg","contentUrl":"https:\/\/mont-roig.cat\/wp-content\/uploads\/llars-infants.jpg","width":1600,"height":1200},{"@type":"BreadcrumbList","@id":"https:\/\/mont-roig.cat\/es\/actualitat\/noticies\/ya-se-pueden-pedir-las-tarifas-reducidas-de-las-guarderias-municipales-para-el-proximo-curso-para-los-niveles-de-0-a-2-anos\/#breadcrumb","itemListElement":[{"@type":"ListItem","position":1,"name":"Inici","item":"https:\/\/mont-roig.cat\/es\/pagina-de-inicio\/"},{"@type":"ListItem","position":2,"name":"Ya se pueden pedir las tarifas reducidas de las guarder\u00edas municipales para el pr\u00f3ximo curso para los niveles de 0 a 2 a\u00f1os"}]},{"@type":"WebSite","@id":"https:\/\/mont-roig.cat\/es\/#website","url":"https:\/\/mont-roig.cat\/es\/","name":"Ajuntament de Mont-roig del Camp","description":"Tota la informaci\u00f3 sobre la instituci\u00f3, els seus \u00f2rgans de govern, actualitat, serveis i molt m\u00e9s.","potentialAction":[{"@type":"SearchAction","target":{"@type":"EntryPoint","urlTemplate":"https:\/\/mont-roig.cat\/es\/?s={search_term_string}"},"query-input":{"@type":"PropertyValueSpecification","valueRequired":true,"valueName":"search_term_string"}}],"inLanguage":"es"},{"@type":"Person","@id":"https:\/\/mont-roig.cat\/es\/#\/schema\/person\/1f73e7b5e6f9dd122e8a6f14f310ac5e","name":"comunicacio","image":{"@type":"ImageObject","inLanguage":"es","@id":"https:\/\/secure.gravatar.com\/avatar\/98944333e7a877670a64f8d10f0cb680ab2c9ebc4efc43945ef004b52b5ad28c?s=96&d=mm&r=g","url":"https:\/\/secure.gravatar.com\/avatar\/98944333e7a877670a64f8d10f0cb680ab2c9ebc4efc43945ef004b52b5ad28c?s=96&d=mm&r=g","contentUrl":"https:\/\/secure.gravatar.com\/avatar\/98944333e7a877670a64f8d10f0cb680ab2c9ebc4efc43945ef004b52b5ad28c?s=96&d=mm&r=g","caption":"comunicacio"},"url":"https:\/\/mont-roig.cat\/es\/actualitat\/noticies\/author\/comunicacio\/"}]}},"_links":{"self":[{"href":"https:\/\/mont-roig.cat\/es\/wp-json\/wp\/v2\/posts\/64529","targetHints":{"allow":["GET"]}}],"collection":[{"href":"https:\/\/mont-roig.cat\/es\/wp-json\/wp\/v2\/posts"}],"about":[{"href":"https:\/\/mont-roig.cat\/es\/wp-json\/wp\/v2\/types\/post"}],"author":[{"embeddable":true,"href":"https:\/\/mont-roig.cat\/es\/wp-json\/wp\/v2\/users\/13"}],"replies":[{"embeddable":true,"href":"https:\/\/mont-roig.cat\/es\/wp-json\/wp\/v2\/comments?post=64529"}],"version-history":[{"count":4,"href":"https:\/\/mont-roig.cat\/es\/wp-json\/wp\/v2\/posts\/64529\/revisions"}],"predecessor-version":[{"id":64537,"href":"https:\/\/mont-roig.cat\/es\/wp-json\/wp\/v2\/posts\/64529\/revisions\/64537"}],"wp:featuredmedia":[{"embeddable":true,"href":"https:\/\/mont-roig.cat\/es\/wp-json\/wp\/v2\/media\/64517"}],"wp:attachment":[{"href":"https:\/\/mont-roig.cat\/es\/wp-json\/wp\/v2\/media?parent=64529"}],"wp:term":[{"taxonomy":"category","embeddable":true,"href":"https:\/\/mont-roig.cat\/es\/wp-json\/wp\/v2\/categories?post=64529"},{"taxonomy":"post_tag","embeddable":true,"href":"https:\/\/mont-roig.cat\/es\/wp-json\/wp\/v2\/tags?post=64529"}],"curies":[{"name":"wp","href":"https:\/\/api.w.org\/{rel}","templated":true}]}}