{"id":64545,"date":"2022-08-04T12:00:31","date_gmt":"2022-08-04T10:00:31","guid":{"rendered":"https:\/\/mont-roig.cat\/actualitat\/noticies\/campanya-conjunta-de-la-policia-local-de-mont-roig-del-camp-i-els-mossos-desquadra-per-evitar-robatoris-al-camp\/"},"modified":"2022-08-04T12:36:41","modified_gmt":"2022-08-04T10:36:41","slug":"campana-conjunta-de-la-policia-local-de-mont-roig-del-camp-y-los-mossos-desquadra-para-evitar-robos-en-el-campo","status":"publish","type":"post","link":"https:\/\/mont-roig.cat\/es\/actualitat\/noticies\/campana-conjunta-de-la-policia-local-de-mont-roig-del-camp-y-los-mossos-desquadra-para-evitar-robos-en-el-campo\/","title":{"rendered":"Campa\u00f1a conjunta de la Polic\u00eda Local de Mont-roig del Camp y los Mossos d&#8217;Esquadra para evitar robos en el campo"},"content":{"rendered":"<ul>\n<li>\n<div id=\"attachment_64540\" style=\"width: 410px\" class=\"wp-caption alignright\"><a href=\"https:\/\/mont-roig.cat\/wp-content\/uploads\/8880784c-513b-4325-bff4-e6a145422f69.jpg\"><img loading=\"lazy\" decoding=\"async\" aria-describedby=\"caption-attachment-64540\" class=\"wp-image-64540\" src=\"https:\/\/mont-roig.cat\/wp-content\/uploads\/8880784c-513b-4325-bff4-e6a145422f69-500x250.jpg\" alt=\"\" width=\"400\" height=\"200\" srcset=\"https:\/\/mont-roig.cat\/wp-content\/uploads\/8880784c-513b-4325-bff4-e6a145422f69-500x250.jpg 500w, https:\/\/mont-roig.cat\/wp-content\/uploads\/8880784c-513b-4325-bff4-e6a145422f69-768x384.jpg 768w, https:\/\/mont-roig.cat\/wp-content\/uploads\/8880784c-513b-4325-bff4-e6a145422f69.jpg 1024w\" sizes=\"auto, (max-width: 400px) 100vw, 400px\" \/><\/a><p id=\"caption-attachment-64540\" class=\"wp-caption-text\">Imagen de la campa\u00f1a de prevenci\u00f3n<\/p><\/div>\n<p><strong>La Polic\u00eda Local ubicar\u00e1 las fincas con geolocalizaci\u00f3n, a fin de reducir el tiempo de respuesta y que \u00e9sta sea m\u00e1s efectiva, en caso de producirse cualquier hecho delictivo<\/strong><\/li>\n<\/ul>\n<p>La Polic\u00eda Local de Mont-roig del Camp y los Mossos d&#8217;Esquadra han puesto en marcha una campa\u00f1a conjunta de prevenci\u00f3n de hechos delictivos en el mundo rural. Con este objetivo se intensificar\u00e1n los controles, de forma conjunta entre ambos cuerpos policiales, as\u00ed como de forma individualizada.<\/p>\n<p>La campa\u00f1a engloba controles espec\u00edficos para evitar el robo de algarrobas, uno de los productos que m\u00e1s inter\u00e9s ha despertado por el incremento de precios que ha tenido, as\u00ed como otros cultivos y productos del campo como las aceitunas o los frutos secos. Tambi\u00e9n incluye la vigilancia de suministros o maquinaria agr\u00edcola de las fincas.<\/p>\n<p><strong>El primer resultado positivo<\/strong><\/p>\n<p>La campa\u00f1a ha dado ya su primer fruto, ya que esta misma semana la Polic\u00eda Local ha decomisado 38 sacos de algarrobas.<\/p>\n<p>Como novedad, tambi\u00e9n, cabe destacar que la Polic\u00eda Local ubicar\u00e1 las fincas con geolocalizaci\u00f3n, a fin de reducir el tiempo de respuesta y que \u00e9sta sea m\u00e1s efectiva, en caso de producirse cualquier hecho delictivo.<\/p>\n<p>En este \u00a0sentido, la Polic\u00eda Local de Mont-roig del Camp tambi\u00e9n utilizar\u00e1 el dron en las tareas de vigilancia sobre el entorno rural para mejorar la efectividad de su trabajo. Por su parte, los campesinos del municipio tambi\u00e9n est\u00e1n estudiando de qu\u00e9 manera se pueden coordinar con la Polic\u00eda local para apoyar la campa\u00f1a.<\/p>\n<p><strong>Consejos pr\u00e1cticos<\/strong><\/p>\n<p>Esta acci\u00f3n conjunta de la Polic\u00eda Local de Mont-roig del Camp y el cuerpo de los Mossos d&#8217;Esquadra tambi\u00e9n informa que en caso de localizar a cualquier persona cometiendo un hecho delictivo, no debe intervenirse; es necesario llamar a la polic\u00eda, dar los datos del pol\u00edgono y la parcela, y en la medida de lo posible enviar la ubicaci\u00f3n.<\/p>\n<p>Tambi\u00e9n se pide recordar todos los datos posibles de los autores\/as de los hechos delictivos para facilitar su descripci\u00f3n. Al mismo tiempo, es importante presentar denuncia siempre, puesto que si no se denuncia, la polic\u00eda no puede establecer un mapa de los hechos delictivos ni dirigir su vigilancia por zonas. Cabe recordar que seg\u00fan la clase de hechos, \u00e9stos se podr\u00e1n denunciar sin necesidad de desplazamiento a la comisar\u00eda.<\/p>\n<p><strong>Tel\u00e9fonos de contacto<\/strong><\/p>\n<p>El tel\u00e9fono para ponerse en contacto con el cuerpo de los Mossos d&#8217;Esquadra es el 112 y los tel\u00e9fonos de la Polic\u00eda Local de Mont-roig del Camp es el 977 838 873 y el 647 733 188 con un servicio las 24 horas al d\u00eda y los 365 d\u00edas al a\u00f1o.<\/p>\n<p>Descargar tr\u00edptico informativo sobre la campa\u00f1a <a href=\"https:\/\/mont-roig.cat\/wp-content\/uploads\/mm_CAMPANYA_SEGURETAT_w-1.pdf\" target=\"_blank\" rel=\"noopener\">en este enlace<\/a><\/p>\n","protected":false},"excerpt":{"rendered":"<p>La Polic\u00eda Local ubicar\u00e1 las fincas con geolocalizaci\u00f3n, a fin de reducir el tiempo de respuesta y que \u00e9sta sea m\u00e1s efectiva, en caso de producirse cualquier hecho delictivo La Polic\u00eda Local de Mont-roig del Camp y los Mossos d&#8217;Esquadra han puesto en marcha una campa\u00f1a conjunta de prevenci\u00f3n de hechos delictivos en el mundo [&hellip;]<\/p>\n","protected":false},"author":13,"featured_media":64541,"comment_status":"closed","ping_status":"closed","sticky":false,"template":"","format":"standard","meta":{"inline_featured_image":false,"_monsterinsights_skip_tracking":false,"_monsterinsights_sitenote_active":false,"_monsterinsights_sitenote_note":"","_monsterinsights_sitenote_category":0,"footnotes":""},"categories":[98,71,113],"tags":[],"class_list":["post-64545","post","type-post","status-publish","format-standard","has-post-thumbnail","hentry","category-ayuntamiento","category-general-es","category-seguridad"],"yoast_head":"<!-- This site is optimized with the Yoast SEO plugin v27.4 - https:\/\/yoast.com\/product\/yoast-seo-wordpress\/ -->\n<title>Campa\u00f1a conjunta de la Polic\u00eda Local de Mont-roig del Camp y los Mossos d&#039;Esquadra para evitar robos en el campo - Ajuntament de Mont-roig del Camp<\/title>\n<meta name=\"robots\" content=\"index, follow, max-snippet:-1, max-image-preview:large, max-video-preview:-1\" \/>\n<link rel=\"canonical\" href=\"https:\/\/mont-roig.cat\/es\/actualitat\/noticies\/campana-conjunta-de-la-policia-local-de-mont-roig-del-camp-y-los-mossos-desquadra-para-evitar-robos-en-el-campo\/\" \/>\n<meta property=\"og:locale\" content=\"es_ES\" \/>\n<meta property=\"og:type\" content=\"article\" \/>\n<meta property=\"og:title\" content=\"Campa\u00f1a conjunta de la Polic\u00eda Local de Mont-roig del Camp y los Mossos d&#039;Esquadra para evitar robos en el campo - Ajuntament de Mont-roig del Camp\" \/>\n<meta property=\"og:description\" content=\"La Polic\u00eda Local ubicar\u00e1 las fincas con geolocalizaci\u00f3n, a fin de reducir el tiempo de respuesta y que \u00e9sta sea m\u00e1s efectiva, en caso de producirse cualquier hecho delictivo La Polic\u00eda Local de Mont-roig del Camp y los Mossos d&#8217;Esquadra han puesto en marcha una campa\u00f1a conjunta de prevenci\u00f3n de hechos delictivos en el mundo [&hellip;]\" \/>\n<meta property=\"og:url\" content=\"https:\/\/mont-roig.cat\/es\/actualitat\/noticies\/campana-conjunta-de-la-policia-local-de-mont-roig-del-camp-y-los-mossos-desquadra-para-evitar-robos-en-el-campo\/\" \/>\n<meta property=\"og:site_name\" content=\"Ajuntament de Mont-roig del Camp\" \/>\n<meta property=\"article:published_time\" content=\"2022-08-04T10:00:31+00:00\" \/>\n<meta property=\"article:modified_time\" content=\"2022-08-04T10:36:41+00:00\" \/>\n<meta property=\"og:image\" content=\"https:\/\/mont-roig.cat\/wp-content\/uploads\/8880784c-513b-4325-bff4-e6a145422f69.jpg\" \/>\n\t<meta property=\"og:image:width\" content=\"1024\" \/>\n\t<meta property=\"og:image:height\" content=\"512\" \/>\n\t<meta property=\"og:image:type\" content=\"image\/jpeg\" \/>\n<meta name=\"author\" content=\"comunicacio\" \/>\n<meta name=\"twitter:card\" content=\"summary_large_image\" \/>\n<meta name=\"twitter:label1\" content=\"Escrito por\" \/>\n\t<meta name=\"twitter:data1\" content=\"comunicacio\" \/>\n\t<meta name=\"twitter:label2\" content=\"Tiempo de lectura\" \/>\n\t<meta name=\"twitter:data2\" content=\"3 minutos\" \/>\n<script type=\"application\/ld+json\" class=\"yoast-schema-graph\">{\"@context\":\"https:\\\/\\\/schema.org\",\"@graph\":[{\"@type\":\"Article\",\"@id\":\"https:\\\/\\\/mont-roig.cat\\\/es\\\/actualitat\\\/noticies\\\/campana-conjunta-de-la-policia-local-de-mont-roig-del-camp-y-los-mossos-desquadra-para-evitar-robos-en-el-campo\\\/#article\",\"isPartOf\":{\"@id\":\"https:\\\/\\\/mont-roig.cat\\\/es\\\/actualitat\\\/noticies\\\/campana-conjunta-de-la-policia-local-de-mont-roig-del-camp-y-los-mossos-desquadra-para-evitar-robos-en-el-campo\\\/\"},\"author\":{\"name\":\"comunicacio\",\"@id\":\"https:\\\/\\\/mont-roig.cat\\\/es\\\/#\\\/schema\\\/person\\\/1f73e7b5e6f9dd122e8a6f14f310ac5e\"},\"headline\":\"Campa\u00f1a conjunta de la Polic\u00eda Local de Mont-roig del Camp y los Mossos d&#8217;Esquadra para evitar robos en el campo\",\"datePublished\":\"2022-08-04T10:00:31+00:00\",\"dateModified\":\"2022-08-04T10:36:41+00:00\",\"mainEntityOfPage\":{\"@id\":\"https:\\\/\\\/mont-roig.cat\\\/es\\\/actualitat\\\/noticies\\\/campana-conjunta-de-la-policia-local-de-mont-roig-del-camp-y-los-mossos-desquadra-para-evitar-robos-en-el-campo\\\/\"},\"wordCount\":513,\"image\":{\"@id\":\"https:\\\/\\\/mont-roig.cat\\\/es\\\/actualitat\\\/noticies\\\/campana-conjunta-de-la-policia-local-de-mont-roig-del-camp-y-los-mossos-desquadra-para-evitar-robos-en-el-campo\\\/#primaryimage\"},\"thumbnailUrl\":\"https:\\\/\\\/mont-roig.cat\\\/wp-content\\\/uploads\\\/8880784c-513b-4325-bff4-e6a145422f69.jpg\",\"articleSection\":[\"Ayuntamiento\",\"General\",\"Seguridad\"],\"inLanguage\":\"es\"},{\"@type\":\"WebPage\",\"@id\":\"https:\\\/\\\/mont-roig.cat\\\/es\\\/actualitat\\\/noticies\\\/campana-conjunta-de-la-policia-local-de-mont-roig-del-camp-y-los-mossos-desquadra-para-evitar-robos-en-el-campo\\\/\",\"url\":\"https:\\\/\\\/mont-roig.cat\\\/es\\\/actualitat\\\/noticies\\\/campana-conjunta-de-la-policia-local-de-mont-roig-del-camp-y-los-mossos-desquadra-para-evitar-robos-en-el-campo\\\/\",\"name\":\"Campa\u00f1a conjunta de la Polic\u00eda Local de Mont-roig del Camp y los Mossos d'Esquadra para evitar robos en el campo - Ajuntament de Mont-roig del Camp\",\"isPartOf\":{\"@id\":\"https:\\\/\\\/mont-roig.cat\\\/es\\\/#website\"},\"primaryImageOfPage\":{\"@id\":\"https:\\\/\\\/mont-roig.cat\\\/es\\\/actualitat\\\/noticies\\\/campana-conjunta-de-la-policia-local-de-mont-roig-del-camp-y-los-mossos-desquadra-para-evitar-robos-en-el-campo\\\/#primaryimage\"},\"image\":{\"@id\":\"https:\\\/\\\/mont-roig.cat\\\/es\\\/actualitat\\\/noticies\\\/campana-conjunta-de-la-policia-local-de-mont-roig-del-camp-y-los-mossos-desquadra-para-evitar-robos-en-el-campo\\\/#primaryimage\"},\"thumbnailUrl\":\"https:\\\/\\\/mont-roig.cat\\\/wp-content\\\/uploads\\\/8880784c-513b-4325-bff4-e6a145422f69.jpg\",\"datePublished\":\"2022-08-04T10:00:31+00:00\",\"dateModified\":\"2022-08-04T10:36:41+00:00\",\"author\":{\"@id\":\"https:\\\/\\\/mont-roig.cat\\\/es\\\/#\\\/schema\\\/person\\\/1f73e7b5e6f9dd122e8a6f14f310ac5e\"},\"breadcrumb\":{\"@id\":\"https:\\\/\\\/mont-roig.cat\\\/es\\\/actualitat\\\/noticies\\\/campana-conjunta-de-la-policia-local-de-mont-roig-del-camp-y-los-mossos-desquadra-para-evitar-robos-en-el-campo\\\/#breadcrumb\"},\"inLanguage\":\"es\",\"potentialAction\":[{\"@type\":\"ReadAction\",\"target\":[\"https:\\\/\\\/mont-roig.cat\\\/es\\\/actualitat\\\/noticies\\\/campana-conjunta-de-la-policia-local-de-mont-roig-del-camp-y-los-mossos-desquadra-para-evitar-robos-en-el-campo\\\/\"]}]},{\"@type\":\"ImageObject\",\"inLanguage\":\"es\",\"@id\":\"https:\\\/\\\/mont-roig.cat\\\/es\\\/actualitat\\\/noticies\\\/campana-conjunta-de-la-policia-local-de-mont-roig-del-camp-y-los-mossos-desquadra-para-evitar-robos-en-el-campo\\\/#primaryimage\",\"url\":\"https:\\\/\\\/mont-roig.cat\\\/wp-content\\\/uploads\\\/8880784c-513b-4325-bff4-e6a145422f69.jpg\",\"contentUrl\":\"https:\\\/\\\/mont-roig.cat\\\/wp-content\\\/uploads\\\/8880784c-513b-4325-bff4-e6a145422f69.jpg\",\"width\":1024,\"height\":512},{\"@type\":\"BreadcrumbList\",\"@id\":\"https:\\\/\\\/mont-roig.cat\\\/es\\\/actualitat\\\/noticies\\\/campana-conjunta-de-la-policia-local-de-mont-roig-del-camp-y-los-mossos-desquadra-para-evitar-robos-en-el-campo\\\/#breadcrumb\",\"itemListElement\":[{\"@type\":\"ListItem\",\"position\":1,\"name\":\"Inici\",\"item\":\"https:\\\/\\\/mont-roig.cat\\\/es\\\/pagina-de-inicio\\\/\"},{\"@type\":\"ListItem\",\"position\":2,\"name\":\"Campa\u00f1a conjunta de la Polic\u00eda Local de Mont-roig del Camp y los Mossos d&#8217;Esquadra para evitar robos en el campo\"}]},{\"@type\":\"WebSite\",\"@id\":\"https:\\\/\\\/mont-roig.cat\\\/es\\\/#website\",\"url\":\"https:\\\/\\\/mont-roig.cat\\\/es\\\/\",\"name\":\"Ajuntament de Mont-roig del Camp\",\"description\":\"Tota la informaci\u00f3 sobre la instituci\u00f3, els seus \u00f2rgans de govern, actualitat, serveis i molt m\u00e9s.\",\"potentialAction\":[{\"@type\":\"SearchAction\",\"target\":{\"@type\":\"EntryPoint\",\"urlTemplate\":\"https:\\\/\\\/mont-roig.cat\\\/es\\\/?s={search_term_string}\"},\"query-input\":{\"@type\":\"PropertyValueSpecification\",\"valueRequired\":true,\"valueName\":\"search_term_string\"}}],\"inLanguage\":\"es\"},{\"@type\":\"Person\",\"@id\":\"https:\\\/\\\/mont-roig.cat\\\/es\\\/#\\\/schema\\\/person\\\/1f73e7b5e6f9dd122e8a6f14f310ac5e\",\"name\":\"comunicacio\",\"image\":{\"@type\":\"ImageObject\",\"inLanguage\":\"es\",\"@id\":\"https:\\\/\\\/secure.gravatar.com\\\/avatar\\\/98944333e7a877670a64f8d10f0cb680ab2c9ebc4efc43945ef004b52b5ad28c?s=96&d=mm&r=g\",\"url\":\"https:\\\/\\\/secure.gravatar.com\\\/avatar\\\/98944333e7a877670a64f8d10f0cb680ab2c9ebc4efc43945ef004b52b5ad28c?s=96&d=mm&r=g\",\"contentUrl\":\"https:\\\/\\\/secure.gravatar.com\\\/avatar\\\/98944333e7a877670a64f8d10f0cb680ab2c9ebc4efc43945ef004b52b5ad28c?s=96&d=mm&r=g\",\"caption\":\"comunicacio\"},\"url\":\"https:\\\/\\\/mont-roig.cat\\\/es\\\/actualitat\\\/noticies\\\/author\\\/comunicacio\\\/\"}]}<\/script>\n<!-- \/ Yoast SEO plugin. -->","yoast_head_json":{"title":"Campa\u00f1a conjunta de la Polic\u00eda Local de Mont-roig del Camp y los Mossos d'Esquadra para evitar robos en el campo - Ajuntament de Mont-roig del Camp","robots":{"index":"index","follow":"follow","max-snippet":"max-snippet:-1","max-image-preview":"max-image-preview:large","max-video-preview":"max-video-preview:-1"},"canonical":"https:\/\/mont-roig.cat\/es\/actualitat\/noticies\/campana-conjunta-de-la-policia-local-de-mont-roig-del-camp-y-los-mossos-desquadra-para-evitar-robos-en-el-campo\/","og_locale":"es_ES","og_type":"article","og_title":"Campa\u00f1a conjunta de la Polic\u00eda Local de Mont-roig del Camp y los Mossos d'Esquadra para evitar robos en el campo - Ajuntament de Mont-roig del Camp","og_description":"La Polic\u00eda Local ubicar\u00e1 las fincas con geolocalizaci\u00f3n, a fin de reducir el tiempo de respuesta y que \u00e9sta sea m\u00e1s efectiva, en caso de producirse cualquier hecho delictivo La Polic\u00eda Local de Mont-roig del Camp y los Mossos d&#8217;Esquadra han puesto en marcha una campa\u00f1a conjunta de prevenci\u00f3n de hechos delictivos en el mundo [&hellip;]","og_url":"https:\/\/mont-roig.cat\/es\/actualitat\/noticies\/campana-conjunta-de-la-policia-local-de-mont-roig-del-camp-y-los-mossos-desquadra-para-evitar-robos-en-el-campo\/","og_site_name":"Ajuntament de Mont-roig del Camp","article_published_time":"2022-08-04T10:00:31+00:00","article_modified_time":"2022-08-04T10:36:41+00:00","og_image":[{"width":1024,"height":512,"url":"https:\/\/mont-roig.cat\/wp-content\/uploads\/8880784c-513b-4325-bff4-e6a145422f69.jpg","type":"image\/jpeg"}],"author":"comunicacio","twitter_card":"summary_large_image","twitter_misc":{"Escrito por":"comunicacio","Tiempo de lectura":"3 minutos"},"schema":{"@context":"https:\/\/schema.org","@graph":[{"@type":"Article","@id":"https:\/\/mont-roig.cat\/es\/actualitat\/noticies\/campana-conjunta-de-la-policia-local-de-mont-roig-del-camp-y-los-mossos-desquadra-para-evitar-robos-en-el-campo\/#article","isPartOf":{"@id":"https:\/\/mont-roig.cat\/es\/actualitat\/noticies\/campana-conjunta-de-la-policia-local-de-mont-roig-del-camp-y-los-mossos-desquadra-para-evitar-robos-en-el-campo\/"},"author":{"name":"comunicacio","@id":"https:\/\/mont-roig.cat\/es\/#\/schema\/person\/1f73e7b5e6f9dd122e8a6f14f310ac5e"},"headline":"Campa\u00f1a conjunta de la Polic\u00eda Local de Mont-roig del Camp y los Mossos d&#8217;Esquadra para evitar robos en el campo","datePublished":"2022-08-04T10:00:31+00:00","dateModified":"2022-08-04T10:36:41+00:00","mainEntityOfPage":{"@id":"https:\/\/mont-roig.cat\/es\/actualitat\/noticies\/campana-conjunta-de-la-policia-local-de-mont-roig-del-camp-y-los-mossos-desquadra-para-evitar-robos-en-el-campo\/"},"wordCount":513,"image":{"@id":"https:\/\/mont-roig.cat\/es\/actualitat\/noticies\/campana-conjunta-de-la-policia-local-de-mont-roig-del-camp-y-los-mossos-desquadra-para-evitar-robos-en-el-campo\/#primaryimage"},"thumbnailUrl":"https:\/\/mont-roig.cat\/wp-content\/uploads\/8880784c-513b-4325-bff4-e6a145422f69.jpg","articleSection":["Ayuntamiento","General","Seguridad"],"inLanguage":"es"},{"@type":"WebPage","@id":"https:\/\/mont-roig.cat\/es\/actualitat\/noticies\/campana-conjunta-de-la-policia-local-de-mont-roig-del-camp-y-los-mossos-desquadra-para-evitar-robos-en-el-campo\/","url":"https:\/\/mont-roig.cat\/es\/actualitat\/noticies\/campana-conjunta-de-la-policia-local-de-mont-roig-del-camp-y-los-mossos-desquadra-para-evitar-robos-en-el-campo\/","name":"Campa\u00f1a conjunta de la Polic\u00eda Local de Mont-roig del Camp y los Mossos d'Esquadra para evitar robos en el campo - Ajuntament de Mont-roig del Camp","isPartOf":{"@id":"https:\/\/mont-roig.cat\/es\/#website"},"primaryImageOfPage":{"@id":"https:\/\/mont-roig.cat\/es\/actualitat\/noticies\/campana-conjunta-de-la-policia-local-de-mont-roig-del-camp-y-los-mossos-desquadra-para-evitar-robos-en-el-campo\/#primaryimage"},"image":{"@id":"https:\/\/mont-roig.cat\/es\/actualitat\/noticies\/campana-conjunta-de-la-policia-local-de-mont-roig-del-camp-y-los-mossos-desquadra-para-evitar-robos-en-el-campo\/#primaryimage"},"thumbnailUrl":"https:\/\/mont-roig.cat\/wp-content\/uploads\/8880784c-513b-4325-bff4-e6a145422f69.jpg","datePublished":"2022-08-04T10:00:31+00:00","dateModified":"2022-08-04T10:36:41+00:00","author":{"@id":"https:\/\/mont-roig.cat\/es\/#\/schema\/person\/1f73e7b5e6f9dd122e8a6f14f310ac5e"},"breadcrumb":{"@id":"https:\/\/mont-roig.cat\/es\/actualitat\/noticies\/campana-conjunta-de-la-policia-local-de-mont-roig-del-camp-y-los-mossos-desquadra-para-evitar-robos-en-el-campo\/#breadcrumb"},"inLanguage":"es","potentialAction":[{"@type":"ReadAction","target":["https:\/\/mont-roig.cat\/es\/actualitat\/noticies\/campana-conjunta-de-la-policia-local-de-mont-roig-del-camp-y-los-mossos-desquadra-para-evitar-robos-en-el-campo\/"]}]},{"@type":"ImageObject","inLanguage":"es","@id":"https:\/\/mont-roig.cat\/es\/actualitat\/noticies\/campana-conjunta-de-la-policia-local-de-mont-roig-del-camp-y-los-mossos-desquadra-para-evitar-robos-en-el-campo\/#primaryimage","url":"https:\/\/mont-roig.cat\/wp-content\/uploads\/8880784c-513b-4325-bff4-e6a145422f69.jpg","contentUrl":"https:\/\/mont-roig.cat\/wp-content\/uploads\/8880784c-513b-4325-bff4-e6a145422f69.jpg","width":1024,"height":512},{"@type":"BreadcrumbList","@id":"https:\/\/mont-roig.cat\/es\/actualitat\/noticies\/campana-conjunta-de-la-policia-local-de-mont-roig-del-camp-y-los-mossos-desquadra-para-evitar-robos-en-el-campo\/#breadcrumb","itemListElement":[{"@type":"ListItem","position":1,"name":"Inici","item":"https:\/\/mont-roig.cat\/es\/pagina-de-inicio\/"},{"@type":"ListItem","position":2,"name":"Campa\u00f1a conjunta de la Polic\u00eda Local de Mont-roig del Camp y los Mossos d&#8217;Esquadra para evitar robos en el campo"}]},{"@type":"WebSite","@id":"https:\/\/mont-roig.cat\/es\/#website","url":"https:\/\/mont-roig.cat\/es\/","name":"Ajuntament de Mont-roig del Camp","description":"Tota la informaci\u00f3 sobre la instituci\u00f3, els seus \u00f2rgans de govern, actualitat, serveis i molt m\u00e9s.","potentialAction":[{"@type":"SearchAction","target":{"@type":"EntryPoint","urlTemplate":"https:\/\/mont-roig.cat\/es\/?s={search_term_string}"},"query-input":{"@type":"PropertyValueSpecification","valueRequired":true,"valueName":"search_term_string"}}],"inLanguage":"es"},{"@type":"Person","@id":"https:\/\/mont-roig.cat\/es\/#\/schema\/person\/1f73e7b5e6f9dd122e8a6f14f310ac5e","name":"comunicacio","image":{"@type":"ImageObject","inLanguage":"es","@id":"https:\/\/secure.gravatar.com\/avatar\/98944333e7a877670a64f8d10f0cb680ab2c9ebc4efc43945ef004b52b5ad28c?s=96&d=mm&r=g","url":"https:\/\/secure.gravatar.com\/avatar\/98944333e7a877670a64f8d10f0cb680ab2c9ebc4efc43945ef004b52b5ad28c?s=96&d=mm&r=g","contentUrl":"https:\/\/secure.gravatar.com\/avatar\/98944333e7a877670a64f8d10f0cb680ab2c9ebc4efc43945ef004b52b5ad28c?s=96&d=mm&r=g","caption":"comunicacio"},"url":"https:\/\/mont-roig.cat\/es\/actualitat\/noticies\/author\/comunicacio\/"}]}},"_links":{"self":[{"href":"https:\/\/mont-roig.cat\/es\/wp-json\/wp\/v2\/posts\/64545","targetHints":{"allow":["GET"]}}],"collection":[{"href":"https:\/\/mont-roig.cat\/es\/wp-json\/wp\/v2\/posts"}],"about":[{"href":"https:\/\/mont-roig.cat\/es\/wp-json\/wp\/v2\/types\/post"}],"author":[{"embeddable":true,"href":"https:\/\/mont-roig.cat\/es\/wp-json\/wp\/v2\/users\/13"}],"replies":[{"embeddable":true,"href":"https:\/\/mont-roig.cat\/es\/wp-json\/wp\/v2\/comments?post=64545"}],"version-history":[{"count":6,"href":"https:\/\/mont-roig.cat\/es\/wp-json\/wp\/v2\/posts\/64545\/revisions"}],"predecessor-version":[{"id":64560,"href":"https:\/\/mont-roig.cat\/es\/wp-json\/wp\/v2\/posts\/64545\/revisions\/64560"}],"wp:featuredmedia":[{"embeddable":true,"href":"https:\/\/mont-roig.cat\/es\/wp-json\/wp\/v2\/media\/64541"}],"wp:attachment":[{"href":"https:\/\/mont-roig.cat\/es\/wp-json\/wp\/v2\/media?parent=64545"}],"wp:term":[{"taxonomy":"category","embeddable":true,"href":"https:\/\/mont-roig.cat\/es\/wp-json\/wp\/v2\/categories?post=64545"},{"taxonomy":"post_tag","embeddable":true,"href":"https:\/\/mont-roig.cat\/es\/wp-json\/wp\/v2\/tags?post=64545"}],"curies":[{"name":"wp","href":"https:\/\/api.w.org\/{rel}","templated":true}]}}