{"id":64587,"date":"2022-08-05T09:56:44","date_gmt":"2022-08-05T07:56:44","guid":{"rendered":"https:\/\/mont-roig.cat\/actualitat\/noticies\/el-departament-de-joventut-de-lajuntament-de-mont-roig-del-camp-estrena-nova-imatge\/"},"modified":"2022-08-05T10:04:13","modified_gmt":"2022-08-05T08:04:13","slug":"el-departament-de-joventut-de-lajuntament-de-mont-roig-del-camp-estrena-nova-imatge","status":"publish","type":"post","link":"https:\/\/mont-roig.cat\/es\/actualitat\/noticies\/el-departament-de-joventut-de-lajuntament-de-mont-roig-del-camp-estrena-nova-imatge\/","title":{"rendered":"El departamento de Juventud del Ajuntament de Mont-roig del Camp estrena nueva imagen"},"content":{"rendered":"<div id=\"attachment_64577\" style=\"width: 309px\" class=\"wp-caption alignright\"><a href=\"https:\/\/mont-roig.cat\/wp-content\/uploads\/WhatsApp-Image-2022-08-05-at-09.47.08.jpeg\"><img loading=\"lazy\" decoding=\"async\" aria-describedby=\"caption-attachment-64577\" class=\"wp-image-64577\" src=\"https:\/\/mont-roig.cat\/wp-content\/uploads\/WhatsApp-Image-2022-08-05-at-09.47.08-500x211.jpeg\" alt=\"\" width=\"299\" height=\"126\" srcset=\"https:\/\/mont-roig.cat\/wp-content\/uploads\/WhatsApp-Image-2022-08-05-at-09.47.08-500x211.jpeg 500w, https:\/\/mont-roig.cat\/wp-content\/uploads\/WhatsApp-Image-2022-08-05-at-09.47.08.jpeg 567w\" sizes=\"auto, (max-width: 299px) 100vw, 299px\" \/><\/a><p id=\"caption-attachment-64577\" class=\"wp-caption-text\">Nuevo logotip del departamento de Juventud.<\/p><\/div>\n<ul>\n<li><strong>Se dejan de utilizar los logotipos K1 y K2 espec\u00edficos para cada n\u00facleo y se apuesta por la marca J\u00f3venes Mont-roig Miami, dando mayor relevancia al colectivo<\/strong><\/li>\n<\/ul>\n<p>El departamento de Juventud del Ayuntamiento de Mont-roig del Camp cambia sus logos azul y rojo, por la marca Joves Mont-roig Miami, una nueva imagen con m\u00e1s color, m\u00e1s moderna y m\u00e1s din\u00e1mica. Verde, turquesa, lila y negro ser\u00e1 la nueva policrom\u00eda que identificar\u00e1 las acciones y actividades que pone en marcha el Departamento.<\/p>\n<p>Con este cambio se busca renovar la imagen para que \u00e9sta sea m\u00e1s fresca, innovadora e inclusiva para todos los j\u00f3venes del municipio, de forma que queden representados los servicios que se ofrecen tanto en Mont-roig como en Miami Platja. As\u00ed, se dejar\u00e1n de utilizar los sellos K1 y K2, emblemas identitarios hasta ahora, por esta nueva marca que da mayor relevancia al colectivo de j\u00f3venes.<\/p>\n<p>Las redes sociales no quedan exentas de esta innovaci\u00f3n, por lo que los perfiles de Facebook, Instagram y Tiktok @casaljovek1ik2 pasar\u00e1n a llamarse @jovesmontroigmiami.<br \/>\nEn el marco de estos cambios, el departamento de Juventud ha renovado tambi\u00e9n la secci\u00f3n de Juventud de la web corporativa del Ayuntamiento de Mont-roig del Camp con informaci\u00f3n referente a todas las actividades, servicios y proyectos que desde el Departamento se est\u00e1n ofreciendo . Entre ellos, destacan los programas maduros como el <a href=\"https:\/\/mont-roig.cat\/es\/ayuntamiento\/areas\/juventud\/k-dat\/\" target=\"_blank\" rel=\"noopener\">Kda&#8217;t<\/a> y el <a href=\"https:\/\/mont-roig.cat\/es\/ayuntamiento\/areas\/juventud\/tokl2\/\" target=\"_blank\" rel=\"noopener\">Tok&#8217;l2<\/a> que hace a\u00f1os que forman parte de la oferta de la casa o proyectos todav\u00eda solteros pero no menos desarrollados como es el de <a href=\"https:\/\/mont-roig.cat\/es\/ayuntamiento\/areas\/juventud\/saludjoven\/\" target=\"_blank\" rel=\"noopener\">Salud Joven.<\/a><\/p>\n","protected":false},"excerpt":{"rendered":"<p>Se dejan de utilizar los logotipos K1 y K2 espec\u00edficos para cada n\u00facleo y se apuesta por la marca J\u00f3venes Mont-roig Miami, dando mayor relevancia al colectivo El departamento de Juventud del Ayuntamiento de Mont-roig del Camp cambia sus logos azul y rojo, por la marca Joves Mont-roig Miami, una nueva imagen con m\u00e1s color, [&hellip;]<\/p>\n","protected":false},"author":13,"featured_media":64578,"comment_status":"closed","ping_status":"closed","sticky":false,"template":"","format":"standard","meta":{"inline_featured_image":false,"_monsterinsights_skip_tracking":false,"_monsterinsights_sitenote_active":false,"_monsterinsights_sitenote_note":"","_monsterinsights_sitenote_category":0,"footnotes":""},"categories":[98,106],"tags":[],"class_list":["post-64587","post","type-post","status-publish","format-standard","has-post-thumbnail","hentry","category-ayuntamiento","category-juventud"],"yoast_head":"<!-- This site is optimized with the Yoast SEO plugin v27.4 - https:\/\/yoast.com\/product\/yoast-seo-wordpress\/ -->\n<title>El departamento de Juventud del Ajuntament de Mont-roig del Camp estrena nueva imagen - Ajuntament de Mont-roig del Camp<\/title>\n<meta name=\"robots\" content=\"index, follow, max-snippet:-1, max-image-preview:large, max-video-preview:-1\" \/>\n<link rel=\"canonical\" href=\"https:\/\/mont-roig.cat\/es\/actualitat\/noticies\/el-departament-de-joventut-de-lajuntament-de-mont-roig-del-camp-estrena-nova-imatge\/\" \/>\n<meta property=\"og:locale\" content=\"es_ES\" \/>\n<meta property=\"og:type\" content=\"article\" \/>\n<meta property=\"og:title\" content=\"El departamento de Juventud del Ajuntament de Mont-roig del Camp estrena nueva imagen - Ajuntament de Mont-roig del Camp\" \/>\n<meta property=\"og:description\" content=\"Se dejan de utilizar los logotipos K1 y K2 espec\u00edficos para cada n\u00facleo y se apuesta por la marca J\u00f3venes Mont-roig Miami, dando mayor relevancia al colectivo El departamento de Juventud del Ayuntamiento de Mont-roig del Camp cambia sus logos azul y rojo, por la marca Joves Mont-roig Miami, una nueva imagen con m\u00e1s color, [&hellip;]\" \/>\n<meta property=\"og:url\" content=\"https:\/\/mont-roig.cat\/es\/actualitat\/noticies\/el-departament-de-joventut-de-lajuntament-de-mont-roig-del-camp-estrena-nova-imatge\/\" \/>\n<meta property=\"og:site_name\" content=\"Ajuntament de Mont-roig del Camp\" \/>\n<meta property=\"article:published_time\" content=\"2022-08-05T07:56:44+00:00\" \/>\n<meta property=\"article:modified_time\" content=\"2022-08-05T08:04:13+00:00\" \/>\n<meta property=\"og:image\" content=\"https:\/\/mont-roig.cat\/wp-content\/uploads\/WhatsApp-Image-2022-08-05-at-09.47.08.jpeg\" \/>\n\t<meta property=\"og:image:width\" content=\"567\" \/>\n\t<meta property=\"og:image:height\" content=\"239\" \/>\n\t<meta property=\"og:image:type\" content=\"image\/jpeg\" \/>\n<meta name=\"author\" content=\"comunicacio\" \/>\n<meta name=\"twitter:card\" content=\"summary_large_image\" \/>\n<meta name=\"twitter:label1\" content=\"Escrito por\" \/>\n\t<meta name=\"twitter:data1\" content=\"comunicacio\" \/>\n\t<meta name=\"twitter:label2\" content=\"Tiempo de lectura\" \/>\n\t<meta name=\"twitter:data2\" content=\"2 minutos\" \/>\n<script type=\"application\/ld+json\" class=\"yoast-schema-graph\">{\"@context\":\"https:\\\/\\\/schema.org\",\"@graph\":[{\"@type\":\"Article\",\"@id\":\"https:\\\/\\\/mont-roig.cat\\\/es\\\/actualitat\\\/noticies\\\/el-departament-de-joventut-de-lajuntament-de-mont-roig-del-camp-estrena-nova-imatge\\\/#article\",\"isPartOf\":{\"@id\":\"https:\\\/\\\/mont-roig.cat\\\/es\\\/actualitat\\\/noticies\\\/el-departament-de-joventut-de-lajuntament-de-mont-roig-del-camp-estrena-nova-imatge\\\/\"},\"author\":{\"name\":\"comunicacio\",\"@id\":\"https:\\\/\\\/mont-roig.cat\\\/es\\\/#\\\/schema\\\/person\\\/1f73e7b5e6f9dd122e8a6f14f310ac5e\"},\"headline\":\"El departamento de Juventud del Ajuntament de Mont-roig del Camp estrena nueva imagen\",\"datePublished\":\"2022-08-05T07:56:44+00:00\",\"dateModified\":\"2022-08-05T08:04:13+00:00\",\"mainEntityOfPage\":{\"@id\":\"https:\\\/\\\/mont-roig.cat\\\/es\\\/actualitat\\\/noticies\\\/el-departament-de-joventut-de-lajuntament-de-mont-roig-del-camp-estrena-nova-imatge\\\/\"},\"wordCount\":300,\"image\":{\"@id\":\"https:\\\/\\\/mont-roig.cat\\\/es\\\/actualitat\\\/noticies\\\/el-departament-de-joventut-de-lajuntament-de-mont-roig-del-camp-estrena-nova-imatge\\\/#primaryimage\"},\"thumbnailUrl\":\"https:\\\/\\\/mont-roig.cat\\\/wp-content\\\/uploads\\\/WhatsApp-Image-2022-08-05-at-09.47.08.jpeg\",\"articleSection\":[\"Ayuntamiento\",\"Juventud\"],\"inLanguage\":\"es\"},{\"@type\":\"WebPage\",\"@id\":\"https:\\\/\\\/mont-roig.cat\\\/es\\\/actualitat\\\/noticies\\\/el-departament-de-joventut-de-lajuntament-de-mont-roig-del-camp-estrena-nova-imatge\\\/\",\"url\":\"https:\\\/\\\/mont-roig.cat\\\/es\\\/actualitat\\\/noticies\\\/el-departament-de-joventut-de-lajuntament-de-mont-roig-del-camp-estrena-nova-imatge\\\/\",\"name\":\"El departamento de Juventud del Ajuntament de Mont-roig del Camp estrena nueva imagen - Ajuntament de Mont-roig del Camp\",\"isPartOf\":{\"@id\":\"https:\\\/\\\/mont-roig.cat\\\/es\\\/#website\"},\"primaryImageOfPage\":{\"@id\":\"https:\\\/\\\/mont-roig.cat\\\/es\\\/actualitat\\\/noticies\\\/el-departament-de-joventut-de-lajuntament-de-mont-roig-del-camp-estrena-nova-imatge\\\/#primaryimage\"},\"image\":{\"@id\":\"https:\\\/\\\/mont-roig.cat\\\/es\\\/actualitat\\\/noticies\\\/el-departament-de-joventut-de-lajuntament-de-mont-roig-del-camp-estrena-nova-imatge\\\/#primaryimage\"},\"thumbnailUrl\":\"https:\\\/\\\/mont-roig.cat\\\/wp-content\\\/uploads\\\/WhatsApp-Image-2022-08-05-at-09.47.08.jpeg\",\"datePublished\":\"2022-08-05T07:56:44+00:00\",\"dateModified\":\"2022-08-05T08:04:13+00:00\",\"author\":{\"@id\":\"https:\\\/\\\/mont-roig.cat\\\/es\\\/#\\\/schema\\\/person\\\/1f73e7b5e6f9dd122e8a6f14f310ac5e\"},\"breadcrumb\":{\"@id\":\"https:\\\/\\\/mont-roig.cat\\\/es\\\/actualitat\\\/noticies\\\/el-departament-de-joventut-de-lajuntament-de-mont-roig-del-camp-estrena-nova-imatge\\\/#breadcrumb\"},\"inLanguage\":\"es\",\"potentialAction\":[{\"@type\":\"ReadAction\",\"target\":[\"https:\\\/\\\/mont-roig.cat\\\/es\\\/actualitat\\\/noticies\\\/el-departament-de-joventut-de-lajuntament-de-mont-roig-del-camp-estrena-nova-imatge\\\/\"]}]},{\"@type\":\"ImageObject\",\"inLanguage\":\"es\",\"@id\":\"https:\\\/\\\/mont-roig.cat\\\/es\\\/actualitat\\\/noticies\\\/el-departament-de-joventut-de-lajuntament-de-mont-roig-del-camp-estrena-nova-imatge\\\/#primaryimage\",\"url\":\"https:\\\/\\\/mont-roig.cat\\\/wp-content\\\/uploads\\\/WhatsApp-Image-2022-08-05-at-09.47.08.jpeg\",\"contentUrl\":\"https:\\\/\\\/mont-roig.cat\\\/wp-content\\\/uploads\\\/WhatsApp-Image-2022-08-05-at-09.47.08.jpeg\",\"width\":567,\"height\":239},{\"@type\":\"BreadcrumbList\",\"@id\":\"https:\\\/\\\/mont-roig.cat\\\/es\\\/actualitat\\\/noticies\\\/el-departament-de-joventut-de-lajuntament-de-mont-roig-del-camp-estrena-nova-imatge\\\/#breadcrumb\",\"itemListElement\":[{\"@type\":\"ListItem\",\"position\":1,\"name\":\"Inici\",\"item\":\"https:\\\/\\\/mont-roig.cat\\\/es\\\/pagina-de-inicio\\\/\"},{\"@type\":\"ListItem\",\"position\":2,\"name\":\"El departamento de Juventud del Ajuntament de Mont-roig del Camp estrena nueva imagen\"}]},{\"@type\":\"WebSite\",\"@id\":\"https:\\\/\\\/mont-roig.cat\\\/es\\\/#website\",\"url\":\"https:\\\/\\\/mont-roig.cat\\\/es\\\/\",\"name\":\"Ajuntament de Mont-roig del Camp\",\"description\":\"Tota la informaci\u00f3 sobre la instituci\u00f3, els seus \u00f2rgans de govern, actualitat, serveis i molt m\u00e9s.\",\"potentialAction\":[{\"@type\":\"SearchAction\",\"target\":{\"@type\":\"EntryPoint\",\"urlTemplate\":\"https:\\\/\\\/mont-roig.cat\\\/es\\\/?s={search_term_string}\"},\"query-input\":{\"@type\":\"PropertyValueSpecification\",\"valueRequired\":true,\"valueName\":\"search_term_string\"}}],\"inLanguage\":\"es\"},{\"@type\":\"Person\",\"@id\":\"https:\\\/\\\/mont-roig.cat\\\/es\\\/#\\\/schema\\\/person\\\/1f73e7b5e6f9dd122e8a6f14f310ac5e\",\"name\":\"comunicacio\",\"image\":{\"@type\":\"ImageObject\",\"inLanguage\":\"es\",\"@id\":\"https:\\\/\\\/secure.gravatar.com\\\/avatar\\\/98944333e7a877670a64f8d10f0cb680ab2c9ebc4efc43945ef004b52b5ad28c?s=96&d=mm&r=g\",\"url\":\"https:\\\/\\\/secure.gravatar.com\\\/avatar\\\/98944333e7a877670a64f8d10f0cb680ab2c9ebc4efc43945ef004b52b5ad28c?s=96&d=mm&r=g\",\"contentUrl\":\"https:\\\/\\\/secure.gravatar.com\\\/avatar\\\/98944333e7a877670a64f8d10f0cb680ab2c9ebc4efc43945ef004b52b5ad28c?s=96&d=mm&r=g\",\"caption\":\"comunicacio\"},\"url\":\"https:\\\/\\\/mont-roig.cat\\\/es\\\/actualitat\\\/noticies\\\/author\\\/comunicacio\\\/\"}]}<\/script>\n<!-- \/ Yoast SEO plugin. -->","yoast_head_json":{"title":"El departamento de Juventud del Ajuntament de Mont-roig del Camp estrena nueva imagen - Ajuntament de Mont-roig del Camp","robots":{"index":"index","follow":"follow","max-snippet":"max-snippet:-1","max-image-preview":"max-image-preview:large","max-video-preview":"max-video-preview:-1"},"canonical":"https:\/\/mont-roig.cat\/es\/actualitat\/noticies\/el-departament-de-joventut-de-lajuntament-de-mont-roig-del-camp-estrena-nova-imatge\/","og_locale":"es_ES","og_type":"article","og_title":"El departamento de Juventud del Ajuntament de Mont-roig del Camp estrena nueva imagen - Ajuntament de Mont-roig del Camp","og_description":"Se dejan de utilizar los logotipos K1 y K2 espec\u00edficos para cada n\u00facleo y se apuesta por la marca J\u00f3venes Mont-roig Miami, dando mayor relevancia al colectivo El departamento de Juventud del Ayuntamiento de Mont-roig del Camp cambia sus logos azul y rojo, por la marca Joves Mont-roig Miami, una nueva imagen con m\u00e1s color, [&hellip;]","og_url":"https:\/\/mont-roig.cat\/es\/actualitat\/noticies\/el-departament-de-joventut-de-lajuntament-de-mont-roig-del-camp-estrena-nova-imatge\/","og_site_name":"Ajuntament de Mont-roig del Camp","article_published_time":"2022-08-05T07:56:44+00:00","article_modified_time":"2022-08-05T08:04:13+00:00","og_image":[{"width":567,"height":239,"url":"https:\/\/mont-roig.cat\/wp-content\/uploads\/WhatsApp-Image-2022-08-05-at-09.47.08.jpeg","type":"image\/jpeg"}],"author":"comunicacio","twitter_card":"summary_large_image","twitter_misc":{"Escrito por":"comunicacio","Tiempo de lectura":"2 minutos"},"schema":{"@context":"https:\/\/schema.org","@graph":[{"@type":"Article","@id":"https:\/\/mont-roig.cat\/es\/actualitat\/noticies\/el-departament-de-joventut-de-lajuntament-de-mont-roig-del-camp-estrena-nova-imatge\/#article","isPartOf":{"@id":"https:\/\/mont-roig.cat\/es\/actualitat\/noticies\/el-departament-de-joventut-de-lajuntament-de-mont-roig-del-camp-estrena-nova-imatge\/"},"author":{"name":"comunicacio","@id":"https:\/\/mont-roig.cat\/es\/#\/schema\/person\/1f73e7b5e6f9dd122e8a6f14f310ac5e"},"headline":"El departamento de Juventud del Ajuntament de Mont-roig del Camp estrena nueva imagen","datePublished":"2022-08-05T07:56:44+00:00","dateModified":"2022-08-05T08:04:13+00:00","mainEntityOfPage":{"@id":"https:\/\/mont-roig.cat\/es\/actualitat\/noticies\/el-departament-de-joventut-de-lajuntament-de-mont-roig-del-camp-estrena-nova-imatge\/"},"wordCount":300,"image":{"@id":"https:\/\/mont-roig.cat\/es\/actualitat\/noticies\/el-departament-de-joventut-de-lajuntament-de-mont-roig-del-camp-estrena-nova-imatge\/#primaryimage"},"thumbnailUrl":"https:\/\/mont-roig.cat\/wp-content\/uploads\/WhatsApp-Image-2022-08-05-at-09.47.08.jpeg","articleSection":["Ayuntamiento","Juventud"],"inLanguage":"es"},{"@type":"WebPage","@id":"https:\/\/mont-roig.cat\/es\/actualitat\/noticies\/el-departament-de-joventut-de-lajuntament-de-mont-roig-del-camp-estrena-nova-imatge\/","url":"https:\/\/mont-roig.cat\/es\/actualitat\/noticies\/el-departament-de-joventut-de-lajuntament-de-mont-roig-del-camp-estrena-nova-imatge\/","name":"El departamento de Juventud del Ajuntament de Mont-roig del Camp estrena nueva imagen - Ajuntament de Mont-roig del Camp","isPartOf":{"@id":"https:\/\/mont-roig.cat\/es\/#website"},"primaryImageOfPage":{"@id":"https:\/\/mont-roig.cat\/es\/actualitat\/noticies\/el-departament-de-joventut-de-lajuntament-de-mont-roig-del-camp-estrena-nova-imatge\/#primaryimage"},"image":{"@id":"https:\/\/mont-roig.cat\/es\/actualitat\/noticies\/el-departament-de-joventut-de-lajuntament-de-mont-roig-del-camp-estrena-nova-imatge\/#primaryimage"},"thumbnailUrl":"https:\/\/mont-roig.cat\/wp-content\/uploads\/WhatsApp-Image-2022-08-05-at-09.47.08.jpeg","datePublished":"2022-08-05T07:56:44+00:00","dateModified":"2022-08-05T08:04:13+00:00","author":{"@id":"https:\/\/mont-roig.cat\/es\/#\/schema\/person\/1f73e7b5e6f9dd122e8a6f14f310ac5e"},"breadcrumb":{"@id":"https:\/\/mont-roig.cat\/es\/actualitat\/noticies\/el-departament-de-joventut-de-lajuntament-de-mont-roig-del-camp-estrena-nova-imatge\/#breadcrumb"},"inLanguage":"es","potentialAction":[{"@type":"ReadAction","target":["https:\/\/mont-roig.cat\/es\/actualitat\/noticies\/el-departament-de-joventut-de-lajuntament-de-mont-roig-del-camp-estrena-nova-imatge\/"]}]},{"@type":"ImageObject","inLanguage":"es","@id":"https:\/\/mont-roig.cat\/es\/actualitat\/noticies\/el-departament-de-joventut-de-lajuntament-de-mont-roig-del-camp-estrena-nova-imatge\/#primaryimage","url":"https:\/\/mont-roig.cat\/wp-content\/uploads\/WhatsApp-Image-2022-08-05-at-09.47.08.jpeg","contentUrl":"https:\/\/mont-roig.cat\/wp-content\/uploads\/WhatsApp-Image-2022-08-05-at-09.47.08.jpeg","width":567,"height":239},{"@type":"BreadcrumbList","@id":"https:\/\/mont-roig.cat\/es\/actualitat\/noticies\/el-departament-de-joventut-de-lajuntament-de-mont-roig-del-camp-estrena-nova-imatge\/#breadcrumb","itemListElement":[{"@type":"ListItem","position":1,"name":"Inici","item":"https:\/\/mont-roig.cat\/es\/pagina-de-inicio\/"},{"@type":"ListItem","position":2,"name":"El departamento de Juventud del Ajuntament de Mont-roig del Camp estrena nueva imagen"}]},{"@type":"WebSite","@id":"https:\/\/mont-roig.cat\/es\/#website","url":"https:\/\/mont-roig.cat\/es\/","name":"Ajuntament de Mont-roig del Camp","description":"Tota la informaci\u00f3 sobre la instituci\u00f3, els seus \u00f2rgans de govern, actualitat, serveis i molt m\u00e9s.","potentialAction":[{"@type":"SearchAction","target":{"@type":"EntryPoint","urlTemplate":"https:\/\/mont-roig.cat\/es\/?s={search_term_string}"},"query-input":{"@type":"PropertyValueSpecification","valueRequired":true,"valueName":"search_term_string"}}],"inLanguage":"es"},{"@type":"Person","@id":"https:\/\/mont-roig.cat\/es\/#\/schema\/person\/1f73e7b5e6f9dd122e8a6f14f310ac5e","name":"comunicacio","image":{"@type":"ImageObject","inLanguage":"es","@id":"https:\/\/secure.gravatar.com\/avatar\/98944333e7a877670a64f8d10f0cb680ab2c9ebc4efc43945ef004b52b5ad28c?s=96&d=mm&r=g","url":"https:\/\/secure.gravatar.com\/avatar\/98944333e7a877670a64f8d10f0cb680ab2c9ebc4efc43945ef004b52b5ad28c?s=96&d=mm&r=g","contentUrl":"https:\/\/secure.gravatar.com\/avatar\/98944333e7a877670a64f8d10f0cb680ab2c9ebc4efc43945ef004b52b5ad28c?s=96&d=mm&r=g","caption":"comunicacio"},"url":"https:\/\/mont-roig.cat\/es\/actualitat\/noticies\/author\/comunicacio\/"}]}},"_links":{"self":[{"href":"https:\/\/mont-roig.cat\/es\/wp-json\/wp\/v2\/posts\/64587","targetHints":{"allow":["GET"]}}],"collection":[{"href":"https:\/\/mont-roig.cat\/es\/wp-json\/wp\/v2\/posts"}],"about":[{"href":"https:\/\/mont-roig.cat\/es\/wp-json\/wp\/v2\/types\/post"}],"author":[{"embeddable":true,"href":"https:\/\/mont-roig.cat\/es\/wp-json\/wp\/v2\/users\/13"}],"replies":[{"embeddable":true,"href":"https:\/\/mont-roig.cat\/es\/wp-json\/wp\/v2\/comments?post=64587"}],"version-history":[{"count":3,"href":"https:\/\/mont-roig.cat\/es\/wp-json\/wp\/v2\/posts\/64587\/revisions"}],"predecessor-version":[{"id":64591,"href":"https:\/\/mont-roig.cat\/es\/wp-json\/wp\/v2\/posts\/64587\/revisions\/64591"}],"wp:featuredmedia":[{"embeddable":true,"href":"https:\/\/mont-roig.cat\/es\/wp-json\/wp\/v2\/media\/64578"}],"wp:attachment":[{"href":"https:\/\/mont-roig.cat\/es\/wp-json\/wp\/v2\/media?parent=64587"}],"wp:term":[{"taxonomy":"category","embeddable":true,"href":"https:\/\/mont-roig.cat\/es\/wp-json\/wp\/v2\/categories?post=64587"},{"taxonomy":"post_tag","embeddable":true,"href":"https:\/\/mont-roig.cat\/es\/wp-json\/wp\/v2\/tags?post=64587"}],"curies":[{"name":"wp","href":"https:\/\/api.w.org\/{rel}","templated":true}]}}