{"id":65072,"date":"2022-08-31T15:36:31","date_gmt":"2022-08-31T13:36:31","guid":{"rendered":"https:\/\/mont-roig.cat\/?p=65072"},"modified":"2022-09-01T08:16:06","modified_gmt":"2022-09-01T06:16:06","slug":"el-conseller-torrent-cree-que-el-proyecto-de-iljin-materials-en-mont-roig-del-camp-transformara-economicamente-el-territorio","status":"publish","type":"post","link":"https:\/\/mont-roig.cat\/es\/actualitat\/noticies\/el-conseller-torrent-cree-que-el-proyecto-de-iljin-materials-en-mont-roig-del-camp-transformara-economicamente-el-territorio\/","title":{"rendered":"El conseller Torrent cree que el proyecto de ILJIN Materials en Mont-roig del Camp transformar\u00e1 econ\u00f3micamente el territorio"},"content":{"rendered":"<ul>\n<li style=\"text-align: justify;\"><strong>El alcalde Fran\u00a0Morancho, que se ha reunido esta ma\u00f1ana con el consejero de Empresa y Trabajo, considera que\u00a0ILJIN\u00a0es una primera oportunidad que abre nuevas posibilidades de atraer m\u00e1s inversiones industriales<\/strong><\/li>\n<li style=\"text-align: justify;\"><strong>La empresa surcoreana de componentes de bater\u00edas invertir\u00e1 600 MEUR para abrir en Catalu\u00f1a la primera f\u00e1brica de Europa<\/strong><\/li>\n<\/ul>\n<div id=\"attachment_65035\" style=\"width: 310px\" class=\"wp-caption alignright\"><a href=\"https:\/\/mont-roig.cat\/wp-content\/uploads\/IMG_1819-scaled.jpg\"><img loading=\"lazy\" decoding=\"async\" aria-describedby=\"caption-attachment-65035\" class=\"wp-image-65035\" src=\"https:\/\/mont-roig.cat\/wp-content\/uploads\/IMG_1819-500x375.jpg\" alt=\"\" width=\"300\" height=\"225\" srcset=\"https:\/\/mont-roig.cat\/wp-content\/uploads\/IMG_1819-500x375.jpg 500w, https:\/\/mont-roig.cat\/wp-content\/uploads\/IMG_1819-1024x768.jpg 1024w, https:\/\/mont-roig.cat\/wp-content\/uploads\/IMG_1819-768x576.jpg 768w, https:\/\/mont-roig.cat\/wp-content\/uploads\/IMG_1819-1536x1152.jpg 1536w, https:\/\/mont-roig.cat\/wp-content\/uploads\/IMG_1819-scaled.jpg 2048w, https:\/\/mont-roig.cat\/wp-content\/uploads\/IMG_1819-463x348.jpg 463w\" sizes=\"auto, (max-width: 300px) 100vw, 300px\" \/><\/a><p id=\"caption-attachment-65035\" class=\"wp-caption-text\">El Alcalde Fran Morancho y el conseller Roger Torrent en los terrenos donde se ubicar\u00e1 ILJIN Materials<\/p><\/div>\n<p style=\"text-align: justify;\">El conseller de <em>Empresa i Treball<\/em>, Roger Torrent Rami\u00f3, acompa\u00f1ado del alcalde de Mont-roig del Camp, Fran Morancho L\u00f3pez, ha visitado esta ma\u00f1ana los terrenos donde se construir\u00e1 la planta de ILJIN Materials en el municipio.<\/p>\n<p style=\"text-align: justify;\">El conseller Torrent ha destacado que \u201cel proyecto de ILJIN Materials en Mont-roig del Camp ser\u00e1 motor y transformar\u00e1 econ\u00f3micamente el territorio\u201d y ha explicado que \u201cse tiene que aprovechar un proyecto como este para demostrar que Catalu\u00f1a puede acoger otras inversiones de estas caracter\u00edsticas\u201d<\/p>\n<p style=\"text-align: justify;\">Torrent tambi\u00e9n ha puesto en valor la inversi\u00f3n de ILJIN Materials puesto que \u201ces fundamental para hacer frente a los retos del pa\u00eds que tienen que ver con la sostenibilidad, la digitalizaci\u00f3n y al poner a las personas en el centro de todas las decisiones estrat\u00e9gicas\u201d.<\/p>\n<p style=\"text-align: justify;\">Durante su intervenci\u00f3n, el responsable de <em>Empresa i Treball<\/em> ha recordado que el objetivo del Gobierno \u201ces reindustrializar Catalu\u00f1a y que la industria recupere peso con un reequilibrio territorial\u201d y ha avanzado que pr\u00f3ximamente se presentar\u00e1 el Pacto Nacional para la Industria.<\/p>\n<p style=\"text-align: justify;\">Por su parte, el alcalde del municipio del Baix Camp ha asegurado que \u201cMont-roig del Camp tiene posibilidades de atraer nuevas inversiones relacionadas con las bater\u00edas y el veh\u00edculo el\u00e9ctrico. De hecho, la llegada de Iljin es una primera oportunidad y esperamos que lleguen otras. Somos un buen destino para que se instale una industria complementaria, tenemos suelo disponible y estamos muy bien situados, centrados entre el \u00e1rea metropolitana de Tarragona y las <em>Terres de l&#8217;Ebre<\/em>\u201d.<\/p>\n<p style=\"text-align: justify;\">Previamente, el conseller Torrent ha mantenido una reuni\u00f3n de trabajo con el alcalde de Mont-roig del Camp en el Mas Mir\u00f3. En el encuentro tambi\u00e9n ha participado la directora general de Industria y consejera delegada de ACCI\u00d3N, Nat\u00e0lia Mas y Tiza, la regidora de Impulso econ\u00f3mico de Mont-roig del Camp, Yolanda P\u00e9rez, la directora de Servicios Territoriales de Empresa y Trabajo en Tarragona, Sof\u00eda Moya y la diputada mont-rogenca Irene Aragon\u00e8s.<\/p>\n<p style=\"text-align: justify;\">La empresa surcoreana ILJIN Materials, fabricante de componentes de bater\u00edas, anunci\u00f3 el pasado mes de mayo que invertir\u00e1 600 millones de euros y crear\u00e1 500 puestos de trabajo en Catalu\u00f1a con la previsi\u00f3n de abrir a principios del 2025. La planta de Mont-roig del Camp es la primera f\u00e1brica que la empresa surcoreana abre en Europa. Esta es la mayor inversi\u00f3n industrial de tipo \u2018greenfield\u2019 (de una empresa sin establecimiento previo) que se ha hecho en Catalu\u00f1a los \u00faltimos 20 a\u00f1os en un proyecto que ha sido gestionado por ACCI\u00d3N en colaboraci\u00f3n con el Ayuntamiento del municipio del Baix Camp.<\/p>\n<p style=\"text-align: justify;\">La empresa se dedica a la fabricaci\u00f3n del producto elecfoil, una l\u00e1mina de cobre -patentada por la multinacional- que es m\u00e1s fina que un cabello humano y que es un elemento b\u00e1sico para la composici\u00f3n del c\u00e1todo de las bater\u00edas. Este hecho convierte esta inversi\u00f3n en estrat\u00e9gica y de alto valor a\u00f1adido para Catalu\u00f1a, puesto que es un componente clave por la composici\u00f3n del litio de las bater\u00edas el\u00e9ctricas utilizadas en los veh\u00edculos el\u00e9ctricos y en aplicaciones de almacenamiento de energ\u00eda. De hecho, se prev\u00e9 que esta inversi\u00f3n tenga un fuerte efecto multiplicador para los proveedores locales, tal como ha pasado con la f\u00e1brica que ILJIN Materials abri\u00f3 en Malasia; as\u00ed como para la captaci\u00f3n de nuevos proyectos de inversi\u00f3n extranjera vinculados a este \u00e1mbito.<\/p>\n<p style=\"text-align: justify;\"><strong>Visita oficial con recepci\u00f3n de los regidores\/as de la corporaci\u00f3n<br \/>\n<\/strong><br \/>\nAntes de la reuni\u00f3n, los regidores y regidoras de la corporaci\u00f3n han recibido al conseller Torrent en el Ayuntamiento de Mont-roig donde el conseller de Empresa y Trabajo ha firmado el libro de honor. La delegada del Gobierno de la Generalitat en Tarragona, Teresa Pallar\u00e8s tambi\u00e9n ha estado presente en el saludo.<\/p>\n<p style=\"text-align: justify;\">En el libro de honor el conseller Torrent ha dejado patente que \u201cestamos sentando las bases del que ser\u00e1 Mont-roig y Catalu\u00f1a en el futuro. El paisaje que legaremos a nuestros hijos e hijas y en este contexto que est\u00e1 lleno de complejidades tambi\u00e9n se detectan muchas oportunidades\u201d.<\/p>\n\n\t\t<style type=\"text\/css\">\n\t\t\t#gallery-1 {\n\t\t\t\tmargin: auto;\n\t\t\t}\n\t\t\t#gallery-1 .gallery-item {\n\t\t\t\tfloat: left;\n\t\t\t\tmargin-top: 10px;\n\t\t\t\ttext-align: center;\n\t\t\t\twidth: 20%;\n\t\t\t}\n\t\t\t#gallery-1 img {\n\t\t\t\tborder: 2px solid #cfcfcf;\n\t\t\t}\n\t\t\t#gallery-1 .gallery-caption {\n\t\t\t\tmargin-left: 0;\n\t\t\t}\n\t\t\t\/* see gallery_shortcode() in wp-includes\/media.php *\/\n\t\t<\/style>\n\t\t<div id='gallery-1' class='gallery galleryid-65072 gallery-columns-5 gallery-size-thumbnail'><dl class='gallery-item'>\n\t\t\t<dt class='gallery-icon landscape'>\n\t\t\t\t<a href='https:\/\/mont-roig.cat\/es\/visita-conseller-torrent-terrenys-iljin-2-2\/'><img loading=\"lazy\" decoding=\"async\" width=\"50\" height=\"50\" src=\"https:\/\/mont-roig.cat\/wp-content\/uploads\/Visita-conseller-Torrent-terrenys-ILJIN-2-50x50.jpg\" class=\"attachment-thumbnail size-thumbnail\" alt=\"\" aria-describedby=\"gallery-1-65040\" srcset=\"https:\/\/mont-roig.cat\/wp-content\/uploads\/Visita-conseller-Torrent-terrenys-ILJIN-2-50x50.jpg 50w, https:\/\/mont-roig.cat\/wp-content\/uploads\/Visita-conseller-Torrent-terrenys-ILJIN-2-560x560.jpg 560w, https:\/\/mont-roig.cat\/wp-content\/uploads\/Visita-conseller-Torrent-terrenys-ILJIN-2-367x367.jpg 367w, https:\/\/mont-roig.cat\/wp-content\/uploads\/Visita-conseller-Torrent-terrenys-ILJIN-2-450x450.jpg 450w, https:\/\/mont-roig.cat\/wp-content\/uploads\/Visita-conseller-Torrent-terrenys-ILJIN-2-85x85.jpg 85w, https:\/\/mont-roig.cat\/wp-content\/uploads\/Visita-conseller-Torrent-terrenys-ILJIN-2-45x45.jpg 45w\" sizes=\"auto, (max-width: 50px) 100vw, 50px\" \/><\/a>\n\t\t\t<\/dt>\n\t\t\t\t<dd class='wp-caption-text gallery-caption' id='gallery-1-65040'>\n\t\t\t\tL&#8217;alcalde Fran Morancho \n\t\t\t\t<\/dd><\/dl><dl class='gallery-item'>\n\t\t\t<dt class='gallery-icon landscape'>\n\t\t\t\t<a href='https:\/\/mont-roig.cat\/es\/visita-conseller-torrent-terrenys-iljin-3-2\/'><img loading=\"lazy\" decoding=\"async\" width=\"50\" height=\"50\" src=\"https:\/\/mont-roig.cat\/wp-content\/uploads\/Visita-conseller-Torrent-terrenys-ILJIN-3-50x50.jpg\" class=\"attachment-thumbnail size-thumbnail\" alt=\"\" aria-describedby=\"gallery-1-65042\" srcset=\"https:\/\/mont-roig.cat\/wp-content\/uploads\/Visita-conseller-Torrent-terrenys-ILJIN-3-50x50.jpg 50w, https:\/\/mont-roig.cat\/wp-content\/uploads\/Visita-conseller-Torrent-terrenys-ILJIN-3-560x560.jpg 560w, https:\/\/mont-roig.cat\/wp-content\/uploads\/Visita-conseller-Torrent-terrenys-ILJIN-3-367x367.jpg 367w, https:\/\/mont-roig.cat\/wp-content\/uploads\/Visita-conseller-Torrent-terrenys-ILJIN-3-450x450.jpg 450w, https:\/\/mont-roig.cat\/wp-content\/uploads\/Visita-conseller-Torrent-terrenys-ILJIN-3-85x85.jpg 85w, https:\/\/mont-roig.cat\/wp-content\/uploads\/Visita-conseller-Torrent-terrenys-ILJIN-3-45x45.jpg 45w\" sizes=\"auto, (max-width: 50px) 100vw, 50px\" \/><\/a>\n\t\t\t<\/dt>\n\t\t\t\t<dd class='wp-caption-text gallery-caption' id='gallery-1-65042'>\n\t\t\t\tLa delegada del Govern de la Generalitat a Tarragona, Teresa Pallar\u00e8s\n\t\t\t\t<\/dd><\/dl><dl class='gallery-item'>\n\t\t\t<dt class='gallery-icon landscape'>\n\t\t\t\t<a href='https:\/\/mont-roig.cat\/es\/visita-conseller-torrent-terrenys-iljin-4-2\/'><img loading=\"lazy\" decoding=\"async\" width=\"50\" height=\"50\" src=\"https:\/\/mont-roig.cat\/wp-content\/uploads\/Visita-conseller-Torrent-terrenys-ILJIN-4-50x50.jpg\" class=\"attachment-thumbnail size-thumbnail\" alt=\"\" srcset=\"https:\/\/mont-roig.cat\/wp-content\/uploads\/Visita-conseller-Torrent-terrenys-ILJIN-4-50x50.jpg 50w, https:\/\/mont-roig.cat\/wp-content\/uploads\/Visita-conseller-Torrent-terrenys-ILJIN-4-560x560.jpg 560w, https:\/\/mont-roig.cat\/wp-content\/uploads\/Visita-conseller-Torrent-terrenys-ILJIN-4-367x367.jpg 367w, https:\/\/mont-roig.cat\/wp-content\/uploads\/Visita-conseller-Torrent-terrenys-ILJIN-4-450x450.jpg 450w, https:\/\/mont-roig.cat\/wp-content\/uploads\/Visita-conseller-Torrent-terrenys-ILJIN-4-85x85.jpg 85w, https:\/\/mont-roig.cat\/wp-content\/uploads\/Visita-conseller-Torrent-terrenys-ILJIN-4-45x45.jpg 45w\" sizes=\"auto, (max-width: 50px) 100vw, 50px\" \/><\/a>\n\t\t\t<\/dt><\/dl><dl class='gallery-item'>\n\t\t\t<dt class='gallery-icon landscape'>\n\t\t\t\t<a href='https:\/\/mont-roig.cat\/es\/visita-conseller-torrent-terrenys-iljin-5-2\/'><img loading=\"lazy\" decoding=\"async\" width=\"50\" height=\"50\" src=\"https:\/\/mont-roig.cat\/wp-content\/uploads\/Visita-conseller-Torrent-terrenys-ILJIN-5-50x50.jpg\" class=\"attachment-thumbnail size-thumbnail\" alt=\"\" srcset=\"https:\/\/mont-roig.cat\/wp-content\/uploads\/Visita-conseller-Torrent-terrenys-ILJIN-5-50x50.jpg 50w, https:\/\/mont-roig.cat\/wp-content\/uploads\/Visita-conseller-Torrent-terrenys-ILJIN-5-560x560.jpg 560w, https:\/\/mont-roig.cat\/wp-content\/uploads\/Visita-conseller-Torrent-terrenys-ILJIN-5-367x367.jpg 367w, https:\/\/mont-roig.cat\/wp-content\/uploads\/Visita-conseller-Torrent-terrenys-ILJIN-5-450x450.jpg 450w, https:\/\/mont-roig.cat\/wp-content\/uploads\/Visita-conseller-Torrent-terrenys-ILJIN-5-85x85.jpg 85w, https:\/\/mont-roig.cat\/wp-content\/uploads\/Visita-conseller-Torrent-terrenys-ILJIN-5-45x45.jpg 45w\" sizes=\"auto, (max-width: 50px) 100vw, 50px\" \/><\/a>\n\t\t\t<\/dt><\/dl><dl class='gallery-item'>\n\t\t\t<dt class='gallery-icon landscape'>\n\t\t\t\t<a href='https:\/\/mont-roig.cat\/es\/visita-conseller-torrent-terrenys-iljin-7-2\/'><img loading=\"lazy\" decoding=\"async\" width=\"50\" height=\"50\" src=\"https:\/\/mont-roig.cat\/wp-content\/uploads\/Visita-conseller-Torrent-terrenys-ILJIN-7-50x50.jpg\" class=\"attachment-thumbnail size-thumbnail\" alt=\"\" srcset=\"https:\/\/mont-roig.cat\/wp-content\/uploads\/Visita-conseller-Torrent-terrenys-ILJIN-7-50x50.jpg 50w, https:\/\/mont-roig.cat\/wp-content\/uploads\/Visita-conseller-Torrent-terrenys-ILJIN-7-560x560.jpg 560w, https:\/\/mont-roig.cat\/wp-content\/uploads\/Visita-conseller-Torrent-terrenys-ILJIN-7-367x367.jpg 367w, https:\/\/mont-roig.cat\/wp-content\/uploads\/Visita-conseller-Torrent-terrenys-ILJIN-7-450x450.jpg 450w, https:\/\/mont-roig.cat\/wp-content\/uploads\/Visita-conseller-Torrent-terrenys-ILJIN-7-85x85.jpg 85w, https:\/\/mont-roig.cat\/wp-content\/uploads\/Visita-conseller-Torrent-terrenys-ILJIN-7-45x45.jpg 45w\" sizes=\"auto, (max-width: 50px) 100vw, 50px\" \/><\/a>\n\t\t\t<\/dt><\/dl><br style=\"clear: both\" \/><dl class='gallery-item'>\n\t\t\t<dt class='gallery-icon landscape'>\n\t\t\t\t<a href='https:\/\/mont-roig.cat\/es\/visita-conseller-torrent-terrenys-iljin-8-2\/'><img loading=\"lazy\" decoding=\"async\" width=\"50\" height=\"50\" src=\"https:\/\/mont-roig.cat\/wp-content\/uploads\/Visita-conseller-Torrent-terrenys-ILJIN-8-50x50.jpg\" class=\"attachment-thumbnail size-thumbnail\" alt=\"\" srcset=\"https:\/\/mont-roig.cat\/wp-content\/uploads\/Visita-conseller-Torrent-terrenys-ILJIN-8-50x50.jpg 50w, https:\/\/mont-roig.cat\/wp-content\/uploads\/Visita-conseller-Torrent-terrenys-ILJIN-8-560x560.jpg 560w, https:\/\/mont-roig.cat\/wp-content\/uploads\/Visita-conseller-Torrent-terrenys-ILJIN-8-367x367.jpg 367w, https:\/\/mont-roig.cat\/wp-content\/uploads\/Visita-conseller-Torrent-terrenys-ILJIN-8-450x450.jpg 450w, https:\/\/mont-roig.cat\/wp-content\/uploads\/Visita-conseller-Torrent-terrenys-ILJIN-8-85x85.jpg 85w, https:\/\/mont-roig.cat\/wp-content\/uploads\/Visita-conseller-Torrent-terrenys-ILJIN-8-45x45.jpg 45w\" sizes=\"auto, (max-width: 50px) 100vw, 50px\" \/><\/a>\n\t\t\t<\/dt><\/dl><dl class='gallery-item'>\n\t\t\t<dt class='gallery-icon landscape'>\n\t\t\t\t<a href='https:\/\/mont-roig.cat\/es\/visita-conseller-torrent-terrenys-iljin-12\/'><img loading=\"lazy\" decoding=\"async\" width=\"50\" height=\"50\" src=\"https:\/\/mont-roig.cat\/wp-content\/uploads\/Visita-conseller-Torrent-terrenys-ILJIN-50x50.jpg\" class=\"attachment-thumbnail size-thumbnail\" alt=\"\" srcset=\"https:\/\/mont-roig.cat\/wp-content\/uploads\/Visita-conseller-Torrent-terrenys-ILJIN-50x50.jpg 50w, https:\/\/mont-roig.cat\/wp-content\/uploads\/Visita-conseller-Torrent-terrenys-ILJIN-560x560.jpg 560w, https:\/\/mont-roig.cat\/wp-content\/uploads\/Visita-conseller-Torrent-terrenys-ILJIN-367x367.jpg 367w, https:\/\/mont-roig.cat\/wp-content\/uploads\/Visita-conseller-Torrent-terrenys-ILJIN-450x450.jpg 450w, https:\/\/mont-roig.cat\/wp-content\/uploads\/Visita-conseller-Torrent-terrenys-ILJIN-85x85.jpg 85w, https:\/\/mont-roig.cat\/wp-content\/uploads\/Visita-conseller-Torrent-terrenys-ILJIN-45x45.jpg 45w\" sizes=\"auto, (max-width: 50px) 100vw, 50px\" \/><\/a>\n\t\t\t<\/dt><\/dl><dl class='gallery-item'>\n\t\t\t<dt class='gallery-icon landscape'>\n\t\t\t\t<a href='https:\/\/mont-roig.cat\/es\/visita-conseller-torrent-terrenys-iljin-9-2\/'><img loading=\"lazy\" decoding=\"async\" width=\"50\" height=\"50\" src=\"https:\/\/mont-roig.cat\/wp-content\/uploads\/Visita-conseller-Torrent-terrenys-ILJIN-9-50x50.jpg\" class=\"attachment-thumbnail size-thumbnail\" alt=\"\" srcset=\"https:\/\/mont-roig.cat\/wp-content\/uploads\/Visita-conseller-Torrent-terrenys-ILJIN-9-50x50.jpg 50w, https:\/\/mont-roig.cat\/wp-content\/uploads\/Visita-conseller-Torrent-terrenys-ILJIN-9-560x560.jpg 560w, https:\/\/mont-roig.cat\/wp-content\/uploads\/Visita-conseller-Torrent-terrenys-ILJIN-9-367x367.jpg 367w, https:\/\/mont-roig.cat\/wp-content\/uploads\/Visita-conseller-Torrent-terrenys-ILJIN-9-450x450.jpg 450w, https:\/\/mont-roig.cat\/wp-content\/uploads\/Visita-conseller-Torrent-terrenys-ILJIN-9-85x85.jpg 85w, https:\/\/mont-roig.cat\/wp-content\/uploads\/Visita-conseller-Torrent-terrenys-ILJIN-9-45x45.jpg 45w\" sizes=\"auto, (max-width: 50px) 100vw, 50px\" \/><\/a>\n\t\t\t<\/dt><\/dl><dl class='gallery-item'>\n\t\t\t<dt class='gallery-icon landscape'>\n\t\t\t\t<a href='https:\/\/mont-roig.cat\/es\/visita-conseller-torrent-terrenys-iljin-10-2\/'><img loading=\"lazy\" decoding=\"async\" width=\"50\" height=\"50\" src=\"https:\/\/mont-roig.cat\/wp-content\/uploads\/Visita-conseller-Torrent-terrenys-ILJIN-10-50x50.jpg\" class=\"attachment-thumbnail size-thumbnail\" alt=\"\" srcset=\"https:\/\/mont-roig.cat\/wp-content\/uploads\/Visita-conseller-Torrent-terrenys-ILJIN-10-50x50.jpg 50w, https:\/\/mont-roig.cat\/wp-content\/uploads\/Visita-conseller-Torrent-terrenys-ILJIN-10-560x560.jpg 560w, https:\/\/mont-roig.cat\/wp-content\/uploads\/Visita-conseller-Torrent-terrenys-ILJIN-10-367x367.jpg 367w, https:\/\/mont-roig.cat\/wp-content\/uploads\/Visita-conseller-Torrent-terrenys-ILJIN-10-450x450.jpg 450w, https:\/\/mont-roig.cat\/wp-content\/uploads\/Visita-conseller-Torrent-terrenys-ILJIN-10-85x85.jpg 85w, https:\/\/mont-roig.cat\/wp-content\/uploads\/Visita-conseller-Torrent-terrenys-ILJIN-10-45x45.jpg 45w\" sizes=\"auto, (max-width: 50px) 100vw, 50px\" \/><\/a>\n\t\t\t<\/dt><\/dl>\n\t\t\t<br style='clear: both' \/>\n\t\t<\/div>\n\n<p>&nbsp;<\/p>\n","protected":false},"excerpt":{"rendered":"<p>El alcalde Fran\u00a0Morancho, que se ha reunido esta ma\u00f1ana con el consejero de Empresa y Trabajo, considera que\u00a0ILJIN\u00a0es una primera oportunidad que abre nuevas posibilidades de atraer m\u00e1s inversiones industriales La empresa surcoreana de componentes de bater\u00edas invertir\u00e1 600 MEUR para abrir en Catalu\u00f1a la primera f\u00e1brica de Europa El conseller de Empresa i Treball, [&hellip;]<\/p>\n","protected":false},"author":13,"featured_media":65036,"comment_status":"closed","ping_status":"closed","sticky":false,"template":"","format":"standard","meta":{"inline_featured_image":false,"_monsterinsights_skip_tracking":false,"_monsterinsights_sitenote_active":false,"_monsterinsights_sitenote_note":"","_monsterinsights_sitenote_category":0,"footnotes":""},"categories":[71],"tags":[],"class_list":["post-65072","post","type-post","status-publish","format-standard","has-post-thumbnail","hentry","category-general-es"],"yoast_head":"<!-- This site is optimized with the Yoast SEO plugin v27.4 - https:\/\/yoast.com\/product\/yoast-seo-wordpress\/ -->\n<title>El conseller Torrent cree que el proyecto de ILJIN Materials en Mont-roig del Camp transformar\u00e1 econ\u00f3micamente el territorio - Ajuntament de Mont-roig del Camp<\/title>\n<meta name=\"robots\" content=\"index, follow, max-snippet:-1, max-image-preview:large, max-video-preview:-1\" \/>\n<link rel=\"canonical\" href=\"https:\/\/mont-roig.cat\/es\/actualitat\/noticies\/el-conseller-torrent-cree-que-el-proyecto-de-iljin-materials-en-mont-roig-del-camp-transformara-economicamente-el-territorio\/\" \/>\n<meta property=\"og:locale\" content=\"es_ES\" \/>\n<meta property=\"og:type\" content=\"article\" \/>\n<meta property=\"og:title\" content=\"El conseller Torrent cree que el proyecto de ILJIN Materials en Mont-roig del Camp transformar\u00e1 econ\u00f3micamente el territorio - Ajuntament de Mont-roig del Camp\" \/>\n<meta property=\"og:description\" content=\"El alcalde Fran\u00a0Morancho, que se ha reunido esta ma\u00f1ana con el consejero de Empresa y Trabajo, considera que\u00a0ILJIN\u00a0es una primera oportunidad que abre nuevas posibilidades de atraer m\u00e1s inversiones industriales La empresa surcoreana de componentes de bater\u00edas invertir\u00e1 600 MEUR para abrir en Catalu\u00f1a la primera f\u00e1brica de Europa El conseller de Empresa i Treball, [&hellip;]\" \/>\n<meta property=\"og:url\" content=\"https:\/\/mont-roig.cat\/es\/actualitat\/noticies\/el-conseller-torrent-cree-que-el-proyecto-de-iljin-materials-en-mont-roig-del-camp-transformara-economicamente-el-territorio\/\" \/>\n<meta property=\"og:site_name\" content=\"Ajuntament de Mont-roig del Camp\" \/>\n<meta property=\"article:published_time\" content=\"2022-08-31T13:36:31+00:00\" \/>\n<meta property=\"article:modified_time\" content=\"2022-09-01T06:16:06+00:00\" \/>\n<meta property=\"og:image\" content=\"https:\/\/mont-roig.cat\/wp-content\/uploads\/IMG_1819.jpg\" \/>\n\t<meta property=\"og:image:width\" content=\"2048\" \/>\n\t<meta property=\"og:image:height\" content=\"1536\" \/>\n\t<meta property=\"og:image:type\" content=\"image\/jpeg\" \/>\n<meta name=\"author\" content=\"comunicacio\" \/>\n<meta name=\"twitter:card\" content=\"summary_large_image\" \/>\n<meta name=\"twitter:label1\" content=\"Escrito por\" \/>\n\t<meta name=\"twitter:data1\" content=\"comunicacio\" \/>\n\t<meta name=\"twitter:label2\" content=\"Tiempo de lectura\" \/>\n\t<meta name=\"twitter:data2\" content=\"5 minutos\" \/>\n<script type=\"application\/ld+json\" class=\"yoast-schema-graph\">{\"@context\":\"https:\\\/\\\/schema.org\",\"@graph\":[{\"@type\":\"Article\",\"@id\":\"https:\\\/\\\/mont-roig.cat\\\/es\\\/actualitat\\\/noticies\\\/el-conseller-torrent-cree-que-el-proyecto-de-iljin-materials-en-mont-roig-del-camp-transformara-economicamente-el-territorio\\\/#article\",\"isPartOf\":{\"@id\":\"https:\\\/\\\/mont-roig.cat\\\/es\\\/actualitat\\\/noticies\\\/el-conseller-torrent-cree-que-el-proyecto-de-iljin-materials-en-mont-roig-del-camp-transformara-economicamente-el-territorio\\\/\"},\"author\":{\"name\":\"comunicacio\",\"@id\":\"https:\\\/\\\/mont-roig.cat\\\/es\\\/#\\\/schema\\\/person\\\/1f73e7b5e6f9dd122e8a6f14f310ac5e\"},\"headline\":\"El conseller Torrent cree que el proyecto de ILJIN Materials en Mont-roig del Camp transformar\u00e1 econ\u00f3micamente el territorio\",\"datePublished\":\"2022-08-31T13:36:31+00:00\",\"dateModified\":\"2022-09-01T06:16:06+00:00\",\"mainEntityOfPage\":{\"@id\":\"https:\\\/\\\/mont-roig.cat\\\/es\\\/actualitat\\\/noticies\\\/el-conseller-torrent-cree-que-el-proyecto-de-iljin-materials-en-mont-roig-del-camp-transformara-economicamente-el-territorio\\\/\"},\"wordCount\":814,\"image\":{\"@id\":\"https:\\\/\\\/mont-roig.cat\\\/es\\\/actualitat\\\/noticies\\\/el-conseller-torrent-cree-que-el-proyecto-de-iljin-materials-en-mont-roig-del-camp-transformara-economicamente-el-territorio\\\/#primaryimage\"},\"thumbnailUrl\":\"https:\\\/\\\/mont-roig.cat\\\/wp-content\\\/uploads\\\/IMG_1819.jpg\",\"articleSection\":[\"General\"],\"inLanguage\":\"es\"},{\"@type\":\"WebPage\",\"@id\":\"https:\\\/\\\/mont-roig.cat\\\/es\\\/actualitat\\\/noticies\\\/el-conseller-torrent-cree-que-el-proyecto-de-iljin-materials-en-mont-roig-del-camp-transformara-economicamente-el-territorio\\\/\",\"url\":\"https:\\\/\\\/mont-roig.cat\\\/es\\\/actualitat\\\/noticies\\\/el-conseller-torrent-cree-que-el-proyecto-de-iljin-materials-en-mont-roig-del-camp-transformara-economicamente-el-territorio\\\/\",\"name\":\"El conseller Torrent cree que el proyecto de ILJIN Materials en Mont-roig del Camp transformar\u00e1 econ\u00f3micamente el territorio - Ajuntament de Mont-roig del Camp\",\"isPartOf\":{\"@id\":\"https:\\\/\\\/mont-roig.cat\\\/es\\\/#website\"},\"primaryImageOfPage\":{\"@id\":\"https:\\\/\\\/mont-roig.cat\\\/es\\\/actualitat\\\/noticies\\\/el-conseller-torrent-cree-que-el-proyecto-de-iljin-materials-en-mont-roig-del-camp-transformara-economicamente-el-territorio\\\/#primaryimage\"},\"image\":{\"@id\":\"https:\\\/\\\/mont-roig.cat\\\/es\\\/actualitat\\\/noticies\\\/el-conseller-torrent-cree-que-el-proyecto-de-iljin-materials-en-mont-roig-del-camp-transformara-economicamente-el-territorio\\\/#primaryimage\"},\"thumbnailUrl\":\"https:\\\/\\\/mont-roig.cat\\\/wp-content\\\/uploads\\\/IMG_1819.jpg\",\"datePublished\":\"2022-08-31T13:36:31+00:00\",\"dateModified\":\"2022-09-01T06:16:06+00:00\",\"author\":{\"@id\":\"https:\\\/\\\/mont-roig.cat\\\/es\\\/#\\\/schema\\\/person\\\/1f73e7b5e6f9dd122e8a6f14f310ac5e\"},\"breadcrumb\":{\"@id\":\"https:\\\/\\\/mont-roig.cat\\\/es\\\/actualitat\\\/noticies\\\/el-conseller-torrent-cree-que-el-proyecto-de-iljin-materials-en-mont-roig-del-camp-transformara-economicamente-el-territorio\\\/#breadcrumb\"},\"inLanguage\":\"es\",\"potentialAction\":[{\"@type\":\"ReadAction\",\"target\":[\"https:\\\/\\\/mont-roig.cat\\\/es\\\/actualitat\\\/noticies\\\/el-conseller-torrent-cree-que-el-proyecto-de-iljin-materials-en-mont-roig-del-camp-transformara-economicamente-el-territorio\\\/\"]}]},{\"@type\":\"ImageObject\",\"inLanguage\":\"es\",\"@id\":\"https:\\\/\\\/mont-roig.cat\\\/es\\\/actualitat\\\/noticies\\\/el-conseller-torrent-cree-que-el-proyecto-de-iljin-materials-en-mont-roig-del-camp-transformara-economicamente-el-territorio\\\/#primaryimage\",\"url\":\"https:\\\/\\\/mont-roig.cat\\\/wp-content\\\/uploads\\\/IMG_1819.jpg\",\"contentUrl\":\"https:\\\/\\\/mont-roig.cat\\\/wp-content\\\/uploads\\\/IMG_1819.jpg\",\"width\":2048,\"height\":1536},{\"@type\":\"BreadcrumbList\",\"@id\":\"https:\\\/\\\/mont-roig.cat\\\/es\\\/actualitat\\\/noticies\\\/el-conseller-torrent-cree-que-el-proyecto-de-iljin-materials-en-mont-roig-del-camp-transformara-economicamente-el-territorio\\\/#breadcrumb\",\"itemListElement\":[{\"@type\":\"ListItem\",\"position\":1,\"name\":\"Inici\",\"item\":\"https:\\\/\\\/mont-roig.cat\\\/es\\\/pagina-de-inicio\\\/\"},{\"@type\":\"ListItem\",\"position\":2,\"name\":\"El conseller Torrent cree que el proyecto de ILJIN Materials en Mont-roig del Camp transformar\u00e1 econ\u00f3micamente el territorio\"}]},{\"@type\":\"WebSite\",\"@id\":\"https:\\\/\\\/mont-roig.cat\\\/es\\\/#website\",\"url\":\"https:\\\/\\\/mont-roig.cat\\\/es\\\/\",\"name\":\"Ajuntament de Mont-roig del Camp\",\"description\":\"Tota la informaci\u00f3 sobre la instituci\u00f3, els seus \u00f2rgans de govern, actualitat, serveis i molt m\u00e9s.\",\"potentialAction\":[{\"@type\":\"SearchAction\",\"target\":{\"@type\":\"EntryPoint\",\"urlTemplate\":\"https:\\\/\\\/mont-roig.cat\\\/es\\\/?s={search_term_string}\"},\"query-input\":{\"@type\":\"PropertyValueSpecification\",\"valueRequired\":true,\"valueName\":\"search_term_string\"}}],\"inLanguage\":\"es\"},{\"@type\":\"Person\",\"@id\":\"https:\\\/\\\/mont-roig.cat\\\/es\\\/#\\\/schema\\\/person\\\/1f73e7b5e6f9dd122e8a6f14f310ac5e\",\"name\":\"comunicacio\",\"image\":{\"@type\":\"ImageObject\",\"inLanguage\":\"es\",\"@id\":\"https:\\\/\\\/secure.gravatar.com\\\/avatar\\\/98944333e7a877670a64f8d10f0cb680ab2c9ebc4efc43945ef004b52b5ad28c?s=96&d=mm&r=g\",\"url\":\"https:\\\/\\\/secure.gravatar.com\\\/avatar\\\/98944333e7a877670a64f8d10f0cb680ab2c9ebc4efc43945ef004b52b5ad28c?s=96&d=mm&r=g\",\"contentUrl\":\"https:\\\/\\\/secure.gravatar.com\\\/avatar\\\/98944333e7a877670a64f8d10f0cb680ab2c9ebc4efc43945ef004b52b5ad28c?s=96&d=mm&r=g\",\"caption\":\"comunicacio\"},\"url\":\"https:\\\/\\\/mont-roig.cat\\\/es\\\/actualitat\\\/noticies\\\/author\\\/comunicacio\\\/\"}]}<\/script>\n<!-- \/ Yoast SEO plugin. -->","yoast_head_json":{"title":"El conseller Torrent cree que el proyecto de ILJIN Materials en Mont-roig del Camp transformar\u00e1 econ\u00f3micamente el territorio - Ajuntament de Mont-roig del Camp","robots":{"index":"index","follow":"follow","max-snippet":"max-snippet:-1","max-image-preview":"max-image-preview:large","max-video-preview":"max-video-preview:-1"},"canonical":"https:\/\/mont-roig.cat\/es\/actualitat\/noticies\/el-conseller-torrent-cree-que-el-proyecto-de-iljin-materials-en-mont-roig-del-camp-transformara-economicamente-el-territorio\/","og_locale":"es_ES","og_type":"article","og_title":"El conseller Torrent cree que el proyecto de ILJIN Materials en Mont-roig del Camp transformar\u00e1 econ\u00f3micamente el territorio - Ajuntament de Mont-roig del Camp","og_description":"El alcalde Fran\u00a0Morancho, que se ha reunido esta ma\u00f1ana con el consejero de Empresa y Trabajo, considera que\u00a0ILJIN\u00a0es una primera oportunidad que abre nuevas posibilidades de atraer m\u00e1s inversiones industriales La empresa surcoreana de componentes de bater\u00edas invertir\u00e1 600 MEUR para abrir en Catalu\u00f1a la primera f\u00e1brica de Europa El conseller de Empresa i Treball, [&hellip;]","og_url":"https:\/\/mont-roig.cat\/es\/actualitat\/noticies\/el-conseller-torrent-cree-que-el-proyecto-de-iljin-materials-en-mont-roig-del-camp-transformara-economicamente-el-territorio\/","og_site_name":"Ajuntament de Mont-roig del Camp","article_published_time":"2022-08-31T13:36:31+00:00","article_modified_time":"2022-09-01T06:16:06+00:00","og_image":[{"width":2048,"height":1536,"url":"https:\/\/mont-roig.cat\/wp-content\/uploads\/IMG_1819.jpg","type":"image\/jpeg"}],"author":"comunicacio","twitter_card":"summary_large_image","twitter_misc":{"Escrito por":"comunicacio","Tiempo de lectura":"5 minutos"},"schema":{"@context":"https:\/\/schema.org","@graph":[{"@type":"Article","@id":"https:\/\/mont-roig.cat\/es\/actualitat\/noticies\/el-conseller-torrent-cree-que-el-proyecto-de-iljin-materials-en-mont-roig-del-camp-transformara-economicamente-el-territorio\/#article","isPartOf":{"@id":"https:\/\/mont-roig.cat\/es\/actualitat\/noticies\/el-conseller-torrent-cree-que-el-proyecto-de-iljin-materials-en-mont-roig-del-camp-transformara-economicamente-el-territorio\/"},"author":{"name":"comunicacio","@id":"https:\/\/mont-roig.cat\/es\/#\/schema\/person\/1f73e7b5e6f9dd122e8a6f14f310ac5e"},"headline":"El conseller Torrent cree que el proyecto de ILJIN Materials en Mont-roig del Camp transformar\u00e1 econ\u00f3micamente el territorio","datePublished":"2022-08-31T13:36:31+00:00","dateModified":"2022-09-01T06:16:06+00:00","mainEntityOfPage":{"@id":"https:\/\/mont-roig.cat\/es\/actualitat\/noticies\/el-conseller-torrent-cree-que-el-proyecto-de-iljin-materials-en-mont-roig-del-camp-transformara-economicamente-el-territorio\/"},"wordCount":814,"image":{"@id":"https:\/\/mont-roig.cat\/es\/actualitat\/noticies\/el-conseller-torrent-cree-que-el-proyecto-de-iljin-materials-en-mont-roig-del-camp-transformara-economicamente-el-territorio\/#primaryimage"},"thumbnailUrl":"https:\/\/mont-roig.cat\/wp-content\/uploads\/IMG_1819.jpg","articleSection":["General"],"inLanguage":"es"},{"@type":"WebPage","@id":"https:\/\/mont-roig.cat\/es\/actualitat\/noticies\/el-conseller-torrent-cree-que-el-proyecto-de-iljin-materials-en-mont-roig-del-camp-transformara-economicamente-el-territorio\/","url":"https:\/\/mont-roig.cat\/es\/actualitat\/noticies\/el-conseller-torrent-cree-que-el-proyecto-de-iljin-materials-en-mont-roig-del-camp-transformara-economicamente-el-territorio\/","name":"El conseller Torrent cree que el proyecto de ILJIN Materials en Mont-roig del Camp transformar\u00e1 econ\u00f3micamente el territorio - Ajuntament de Mont-roig del Camp","isPartOf":{"@id":"https:\/\/mont-roig.cat\/es\/#website"},"primaryImageOfPage":{"@id":"https:\/\/mont-roig.cat\/es\/actualitat\/noticies\/el-conseller-torrent-cree-que-el-proyecto-de-iljin-materials-en-mont-roig-del-camp-transformara-economicamente-el-territorio\/#primaryimage"},"image":{"@id":"https:\/\/mont-roig.cat\/es\/actualitat\/noticies\/el-conseller-torrent-cree-que-el-proyecto-de-iljin-materials-en-mont-roig-del-camp-transformara-economicamente-el-territorio\/#primaryimage"},"thumbnailUrl":"https:\/\/mont-roig.cat\/wp-content\/uploads\/IMG_1819.jpg","datePublished":"2022-08-31T13:36:31+00:00","dateModified":"2022-09-01T06:16:06+00:00","author":{"@id":"https:\/\/mont-roig.cat\/es\/#\/schema\/person\/1f73e7b5e6f9dd122e8a6f14f310ac5e"},"breadcrumb":{"@id":"https:\/\/mont-roig.cat\/es\/actualitat\/noticies\/el-conseller-torrent-cree-que-el-proyecto-de-iljin-materials-en-mont-roig-del-camp-transformara-economicamente-el-territorio\/#breadcrumb"},"inLanguage":"es","potentialAction":[{"@type":"ReadAction","target":["https:\/\/mont-roig.cat\/es\/actualitat\/noticies\/el-conseller-torrent-cree-que-el-proyecto-de-iljin-materials-en-mont-roig-del-camp-transformara-economicamente-el-territorio\/"]}]},{"@type":"ImageObject","inLanguage":"es","@id":"https:\/\/mont-roig.cat\/es\/actualitat\/noticies\/el-conseller-torrent-cree-que-el-proyecto-de-iljin-materials-en-mont-roig-del-camp-transformara-economicamente-el-territorio\/#primaryimage","url":"https:\/\/mont-roig.cat\/wp-content\/uploads\/IMG_1819.jpg","contentUrl":"https:\/\/mont-roig.cat\/wp-content\/uploads\/IMG_1819.jpg","width":2048,"height":1536},{"@type":"BreadcrumbList","@id":"https:\/\/mont-roig.cat\/es\/actualitat\/noticies\/el-conseller-torrent-cree-que-el-proyecto-de-iljin-materials-en-mont-roig-del-camp-transformara-economicamente-el-territorio\/#breadcrumb","itemListElement":[{"@type":"ListItem","position":1,"name":"Inici","item":"https:\/\/mont-roig.cat\/es\/pagina-de-inicio\/"},{"@type":"ListItem","position":2,"name":"El conseller Torrent cree que el proyecto de ILJIN Materials en Mont-roig del Camp transformar\u00e1 econ\u00f3micamente el territorio"}]},{"@type":"WebSite","@id":"https:\/\/mont-roig.cat\/es\/#website","url":"https:\/\/mont-roig.cat\/es\/","name":"Ajuntament de Mont-roig del Camp","description":"Tota la informaci\u00f3 sobre la instituci\u00f3, els seus \u00f2rgans de govern, actualitat, serveis i molt m\u00e9s.","potentialAction":[{"@type":"SearchAction","target":{"@type":"EntryPoint","urlTemplate":"https:\/\/mont-roig.cat\/es\/?s={search_term_string}"},"query-input":{"@type":"PropertyValueSpecification","valueRequired":true,"valueName":"search_term_string"}}],"inLanguage":"es"},{"@type":"Person","@id":"https:\/\/mont-roig.cat\/es\/#\/schema\/person\/1f73e7b5e6f9dd122e8a6f14f310ac5e","name":"comunicacio","image":{"@type":"ImageObject","inLanguage":"es","@id":"https:\/\/secure.gravatar.com\/avatar\/98944333e7a877670a64f8d10f0cb680ab2c9ebc4efc43945ef004b52b5ad28c?s=96&d=mm&r=g","url":"https:\/\/secure.gravatar.com\/avatar\/98944333e7a877670a64f8d10f0cb680ab2c9ebc4efc43945ef004b52b5ad28c?s=96&d=mm&r=g","contentUrl":"https:\/\/secure.gravatar.com\/avatar\/98944333e7a877670a64f8d10f0cb680ab2c9ebc4efc43945ef004b52b5ad28c?s=96&d=mm&r=g","caption":"comunicacio"},"url":"https:\/\/mont-roig.cat\/es\/actualitat\/noticies\/author\/comunicacio\/"}]}},"_links":{"self":[{"href":"https:\/\/mont-roig.cat\/es\/wp-json\/wp\/v2\/posts\/65072","targetHints":{"allow":["GET"]}}],"collection":[{"href":"https:\/\/mont-roig.cat\/es\/wp-json\/wp\/v2\/posts"}],"about":[{"href":"https:\/\/mont-roig.cat\/es\/wp-json\/wp\/v2\/types\/post"}],"author":[{"embeddable":true,"href":"https:\/\/mont-roig.cat\/es\/wp-json\/wp\/v2\/users\/13"}],"replies":[{"embeddable":true,"href":"https:\/\/mont-roig.cat\/es\/wp-json\/wp\/v2\/comments?post=65072"}],"version-history":[{"count":6,"href":"https:\/\/mont-roig.cat\/es\/wp-json\/wp\/v2\/posts\/65072\/revisions"}],"predecessor-version":[{"id":65080,"href":"https:\/\/mont-roig.cat\/es\/wp-json\/wp\/v2\/posts\/65072\/revisions\/65080"}],"wp:featuredmedia":[{"embeddable":true,"href":"https:\/\/mont-roig.cat\/es\/wp-json\/wp\/v2\/media\/65036"}],"wp:attachment":[{"href":"https:\/\/mont-roig.cat\/es\/wp-json\/wp\/v2\/media?parent=65072"}],"wp:term":[{"taxonomy":"category","embeddable":true,"href":"https:\/\/mont-roig.cat\/es\/wp-json\/wp\/v2\/categories?post=65072"},{"taxonomy":"post_tag","embeddable":true,"href":"https:\/\/mont-roig.cat\/es\/wp-json\/wp\/v2\/tags?post=65072"}],"curies":[{"name":"wp","href":"https:\/\/api.w.org\/{rel}","templated":true}]}}