{"id":65330,"date":"2022-09-12T14:49:27","date_gmt":"2022-09-12T12:49:27","guid":{"rendered":"https:\/\/mont-roig.cat\/?p=65330"},"modified":"2024-02-20T11:18:13","modified_gmt":"2024-02-20T10:18:13","slug":"el-jefe-de-la-oposicion-en-el-parlament-y-primer-secretario-del-psc-salvador-illa-visita-el-municipio-para-mostrar-su-apoyo-al-proyecto-de-iljin","status":"publish","type":"post","link":"https:\/\/mont-roig.cat\/es\/actualitat\/noticies\/el-jefe-de-la-oposicion-en-el-parlament-y-primer-secretario-del-psc-salvador-illa-visita-el-municipio-para-mostrar-su-apoyo-al-proyecto-de-iljin\/","title":{"rendered":"El jefe de la oposici\u00f3n en el Parlament y primer secretario del PSC Salvador Illa visita el municipio para mostrar su apoyo al proyecto de Iljin"},"content":{"rendered":"<ul>\n<li><strong>El pol\u00edtico catal\u00e1n fue recibido por el alcalde de Mont-roig del Camp, Fran Morancho, y una representaci\u00f3n de los concejales y concejalas del Ayuntamiento<\/strong><\/li>\n<\/ul>\n<p>El jefe de la oposici\u00f3n en el Parlament de Catalunya y primer secretario del PSC Salvador Illa, fue recibido este s\u00e1bado por la tarde por el alcalde de Mont-roig del Camp Fran Morancho y varios concejales y concejalas de la Corporaci\u00f3n en una visita oficial en el municipio. En esta visita, el l\u00edder de los socialistas catalanes quiso conocer el emplazamiento de la futura inversi\u00f3n del grupo surcoreano Iljin en la zona de los Comellarets. Illa mostr\u00f3 su apoyo a esta gran inversi\u00f3n que debe suponer una gran revitalizaci\u00f3n de la econom\u00eda en el sur de Catalunya en los pr\u00f3ximos a\u00f1os con la creaci\u00f3n de cientos de puestos de trabajo.<\/p>\n<p>Illa, quiso dejar constancia por escrito en el libro de honor del Ayuntamiento de Mont-roig del Camp \u201cel esfuerzo y el trabajo continuado del Ayuntamiento de Mont-roig del Camp para mejorar el entorno y la calidad de vida en el municipio\u201d. El l\u00edder del PSC tambi\u00e9n afirm\u00f3 que &#8220;Catalunya necesita reforzar la base industrial&#8221; y puso como ejemplo la colaboraci\u00f3n entre el Ayuntamiento, la Generalitat y el Gobierno de Espa\u00f1a para sacar adelante el proyecto.<\/p>\n\n\t\t<style type=\"text\/css\">\n\t\t\t#gallery-1 {\n\t\t\t\tmargin: auto;\n\t\t\t}\n\t\t\t#gallery-1 .gallery-item {\n\t\t\t\tfloat: left;\n\t\t\t\tmargin-top: 10px;\n\t\t\t\ttext-align: center;\n\t\t\t\twidth: 33%;\n\t\t\t}\n\t\t\t#gallery-1 img {\n\t\t\t\tborder: 2px solid #cfcfcf;\n\t\t\t}\n\t\t\t#gallery-1 .gallery-caption {\n\t\t\t\tmargin-left: 0;\n\t\t\t}\n\t\t\t\/* see gallery_shortcode() in wp-includes\/media.php *\/\n\t\t<\/style>\n\t\t<div id='gallery-1' class='gallery galleryid-65330 gallery-columns-3 gallery-size-thumbnail'><dl class='gallery-item'>\n\t\t\t<dt class='gallery-icon landscape'>\n\t\t\t\t<a href='https:\/\/mont-roig.cat\/wp-content\/uploads\/Salvador-Illa-visita-institucional-Mont-roig-del-Camp.jpeg'><img loading=\"lazy\" decoding=\"async\" width=\"50\" height=\"50\" src=\"https:\/\/mont-roig.cat\/wp-content\/uploads\/Salvador-Illa-visita-institucional-Mont-roig-del-Camp-50x50.jpeg\" class=\"attachment-thumbnail size-thumbnail\" alt=\"\" srcset=\"https:\/\/mont-roig.cat\/wp-content\/uploads\/Salvador-Illa-visita-institucional-Mont-roig-del-Camp-50x50.jpeg 50w, https:\/\/mont-roig.cat\/wp-content\/uploads\/Salvador-Illa-visita-institucional-Mont-roig-del-Camp-560x560.jpeg 560w, https:\/\/mont-roig.cat\/wp-content\/uploads\/Salvador-Illa-visita-institucional-Mont-roig-del-Camp-367x367.jpeg 367w, https:\/\/mont-roig.cat\/wp-content\/uploads\/Salvador-Illa-visita-institucional-Mont-roig-del-Camp-450x450.jpeg 450w, https:\/\/mont-roig.cat\/wp-content\/uploads\/Salvador-Illa-visita-institucional-Mont-roig-del-Camp-85x85.jpeg 85w, https:\/\/mont-roig.cat\/wp-content\/uploads\/Salvador-Illa-visita-institucional-Mont-roig-del-Camp-45x45.jpeg 45w\" sizes=\"auto, (max-width: 50px) 100vw, 50px\" \/><\/a>\n\t\t\t<\/dt><\/dl><dl class='gallery-item'>\n\t\t\t<dt class='gallery-icon landscape'>\n\t\t\t\t<a href='https:\/\/mont-roig.cat\/wp-content\/uploads\/Salvador-Illa-visita-institucional-Mont-roig-del-Camp-2.jpeg'><img loading=\"lazy\" decoding=\"async\" width=\"50\" height=\"50\" src=\"https:\/\/mont-roig.cat\/wp-content\/uploads\/Salvador-Illa-visita-institucional-Mont-roig-del-Camp-2-50x50.jpeg\" class=\"attachment-thumbnail size-thumbnail\" alt=\"\" srcset=\"https:\/\/mont-roig.cat\/wp-content\/uploads\/Salvador-Illa-visita-institucional-Mont-roig-del-Camp-2-50x50.jpeg 50w, https:\/\/mont-roig.cat\/wp-content\/uploads\/Salvador-Illa-visita-institucional-Mont-roig-del-Camp-2-560x560.jpeg 560w, https:\/\/mont-roig.cat\/wp-content\/uploads\/Salvador-Illa-visita-institucional-Mont-roig-del-Camp-2-367x367.jpeg 367w, https:\/\/mont-roig.cat\/wp-content\/uploads\/Salvador-Illa-visita-institucional-Mont-roig-del-Camp-2-450x450.jpeg 450w, https:\/\/mont-roig.cat\/wp-content\/uploads\/Salvador-Illa-visita-institucional-Mont-roig-del-Camp-2-85x85.jpeg 85w, https:\/\/mont-roig.cat\/wp-content\/uploads\/Salvador-Illa-visita-institucional-Mont-roig-del-Camp-2-45x45.jpeg 45w\" sizes=\"auto, (max-width: 50px) 100vw, 50px\" \/><\/a>\n\t\t\t<\/dt><\/dl><dl class='gallery-item'>\n\t\t\t<dt class='gallery-icon landscape'>\n\t\t\t\t<a href='https:\/\/mont-roig.cat\/wp-content\/uploads\/Salvador-Illa-visita-institucional-Mont-roig-del-Camp-4.jpeg'><img loading=\"lazy\" decoding=\"async\" width=\"50\" height=\"50\" src=\"https:\/\/mont-roig.cat\/wp-content\/uploads\/Salvador-Illa-visita-institucional-Mont-roig-del-Camp-4-50x50.jpeg\" class=\"attachment-thumbnail size-thumbnail\" alt=\"\" srcset=\"https:\/\/mont-roig.cat\/wp-content\/uploads\/Salvador-Illa-visita-institucional-Mont-roig-del-Camp-4-50x50.jpeg 50w, https:\/\/mont-roig.cat\/wp-content\/uploads\/Salvador-Illa-visita-institucional-Mont-roig-del-Camp-4-560x560.jpeg 560w, https:\/\/mont-roig.cat\/wp-content\/uploads\/Salvador-Illa-visita-institucional-Mont-roig-del-Camp-4-367x367.jpeg 367w, https:\/\/mont-roig.cat\/wp-content\/uploads\/Salvador-Illa-visita-institucional-Mont-roig-del-Camp-4-450x450.jpeg 450w, https:\/\/mont-roig.cat\/wp-content\/uploads\/Salvador-Illa-visita-institucional-Mont-roig-del-Camp-4-85x85.jpeg 85w, https:\/\/mont-roig.cat\/wp-content\/uploads\/Salvador-Illa-visita-institucional-Mont-roig-del-Camp-4-45x45.jpeg 45w\" sizes=\"auto, (max-width: 50px) 100vw, 50px\" \/><\/a>\n\t\t\t<\/dt><\/dl><br style=\"clear: both\" \/><dl class='gallery-item'>\n\t\t\t<dt class='gallery-icon landscape'>\n\t\t\t\t<a href='https:\/\/mont-roig.cat\/wp-content\/uploads\/Salvador-Illa-visita-institucional-Mont-roig-del-Camp-3.jpeg'><img loading=\"lazy\" decoding=\"async\" width=\"50\" height=\"50\" src=\"https:\/\/mont-roig.cat\/wp-content\/uploads\/Salvador-Illa-visita-institucional-Mont-roig-del-Camp-3-50x50.jpeg\" class=\"attachment-thumbnail size-thumbnail\" alt=\"\" srcset=\"https:\/\/mont-roig.cat\/wp-content\/uploads\/Salvador-Illa-visita-institucional-Mont-roig-del-Camp-3-50x50.jpeg 50w, https:\/\/mont-roig.cat\/wp-content\/uploads\/Salvador-Illa-visita-institucional-Mont-roig-del-Camp-3-560x560.jpeg 560w, https:\/\/mont-roig.cat\/wp-content\/uploads\/Salvador-Illa-visita-institucional-Mont-roig-del-Camp-3-367x367.jpeg 367w, https:\/\/mont-roig.cat\/wp-content\/uploads\/Salvador-Illa-visita-institucional-Mont-roig-del-Camp-3-450x450.jpeg 450w, https:\/\/mont-roig.cat\/wp-content\/uploads\/Salvador-Illa-visita-institucional-Mont-roig-del-Camp-3-85x85.jpeg 85w, https:\/\/mont-roig.cat\/wp-content\/uploads\/Salvador-Illa-visita-institucional-Mont-roig-del-Camp-3-45x45.jpeg 45w\" sizes=\"auto, (max-width: 50px) 100vw, 50px\" \/><\/a>\n\t\t\t<\/dt><\/dl><dl class='gallery-item'>\n\t\t\t<dt class='gallery-icon landscape'>\n\t\t\t\t<a href='https:\/\/mont-roig.cat\/wp-content\/uploads\/Salvador-Illa-visita-institucional-Mont-roig-del-Camp-5.jpeg'><img loading=\"lazy\" decoding=\"async\" width=\"50\" height=\"50\" src=\"https:\/\/mont-roig.cat\/wp-content\/uploads\/Salvador-Illa-visita-institucional-Mont-roig-del-Camp-5-50x50.jpeg\" class=\"attachment-thumbnail size-thumbnail\" alt=\"\" srcset=\"https:\/\/mont-roig.cat\/wp-content\/uploads\/Salvador-Illa-visita-institucional-Mont-roig-del-Camp-5-50x50.jpeg 50w, https:\/\/mont-roig.cat\/wp-content\/uploads\/Salvador-Illa-visita-institucional-Mont-roig-del-Camp-5-560x560.jpeg 560w, https:\/\/mont-roig.cat\/wp-content\/uploads\/Salvador-Illa-visita-institucional-Mont-roig-del-Camp-5-367x367.jpeg 367w, https:\/\/mont-roig.cat\/wp-content\/uploads\/Salvador-Illa-visita-institucional-Mont-roig-del-Camp-5-450x450.jpeg 450w, https:\/\/mont-roig.cat\/wp-content\/uploads\/Salvador-Illa-visita-institucional-Mont-roig-del-Camp-5-85x85.jpeg 85w, https:\/\/mont-roig.cat\/wp-content\/uploads\/Salvador-Illa-visita-institucional-Mont-roig-del-Camp-5-45x45.jpeg 45w\" sizes=\"auto, (max-width: 50px) 100vw, 50px\" \/><\/a>\n\t\t\t<\/dt><\/dl><dl class='gallery-item'>\n\t\t\t<dt class='gallery-icon landscape'>\n\t\t\t\t<a href='https:\/\/mont-roig.cat\/wp-content\/uploads\/Salvador-Illa-visita-institucional-Mont-roig-del-Camp-6-1.jpeg'><img loading=\"lazy\" decoding=\"async\" width=\"50\" height=\"50\" src=\"https:\/\/mont-roig.cat\/wp-content\/uploads\/Salvador-Illa-visita-institucional-Mont-roig-del-Camp-6-1-50x50.jpeg\" class=\"attachment-thumbnail size-thumbnail\" alt=\"\" srcset=\"https:\/\/mont-roig.cat\/wp-content\/uploads\/Salvador-Illa-visita-institucional-Mont-roig-del-Camp-6-1-50x50.jpeg 50w, https:\/\/mont-roig.cat\/wp-content\/uploads\/Salvador-Illa-visita-institucional-Mont-roig-del-Camp-6-1-560x560.jpeg 560w, https:\/\/mont-roig.cat\/wp-content\/uploads\/Salvador-Illa-visita-institucional-Mont-roig-del-Camp-6-1-367x367.jpeg 367w, https:\/\/mont-roig.cat\/wp-content\/uploads\/Salvador-Illa-visita-institucional-Mont-roig-del-Camp-6-1-450x450.jpeg 450w, https:\/\/mont-roig.cat\/wp-content\/uploads\/Salvador-Illa-visita-institucional-Mont-roig-del-Camp-6-1-85x85.jpeg 85w, https:\/\/mont-roig.cat\/wp-content\/uploads\/Salvador-Illa-visita-institucional-Mont-roig-del-Camp-6-1-45x45.jpeg 45w\" sizes=\"auto, (max-width: 50px) 100vw, 50px\" \/><\/a>\n\t\t\t<\/dt><\/dl><br style=\"clear: both\" \/>\n\t\t<\/div>\n\n","protected":false},"excerpt":{"rendered":"<p>El pol\u00edtico catal\u00e1n fue recibido por el alcalde de Mont-roig del Camp, Fran Morancho, y una representaci\u00f3n de los concejales y concejalas del Ayuntamiento El jefe de la oposici\u00f3n en el Parlament de Catalunya y primer secretario del PSC Salvador Illa, fue recibido este s\u00e1bado por la tarde por el alcalde de Mont-roig del Camp [&hellip;]<\/p>\n","protected":false},"author":4,"featured_media":65319,"comment_status":"closed","ping_status":"closed","sticky":false,"template":"","format":"standard","meta":{"inline_featured_image":false,"_monsterinsights_skip_tracking":false,"_monsterinsights_sitenote_active":false,"_monsterinsights_sitenote_note":"","_monsterinsights_sitenote_category":0,"footnotes":""},"categories":[98,169,240],"tags":[],"class_list":["post-65330","post","type-post","status-publish","format-standard","has-post-thumbnail","hentry","category-ayuntamiento","category-impuls-economic-i-ocupacio-es","category-lotte-es"],"yoast_head":"<!-- This site is optimized with the Yoast SEO plugin v27.4 - https:\/\/yoast.com\/product\/yoast-seo-wordpress\/ -->\n<title>El jefe de la oposici\u00f3n en el Parlament y primer secretario del PSC Salvador Illa visita el municipio para mostrar su apoyo al proyecto de Iljin - Ajuntament de Mont-roig del Camp<\/title>\n<meta name=\"robots\" content=\"index, follow, max-snippet:-1, max-image-preview:large, max-video-preview:-1\" \/>\n<link rel=\"canonical\" href=\"https:\/\/mont-roig.cat\/es\/actualitat\/noticies\/el-jefe-de-la-oposicion-en-el-parlament-y-primer-secretario-del-psc-salvador-illa-visita-el-municipio-para-mostrar-su-apoyo-al-proyecto-de-iljin\/\" \/>\n<meta property=\"og:locale\" content=\"es_ES\" \/>\n<meta property=\"og:type\" content=\"article\" \/>\n<meta property=\"og:title\" content=\"El jefe de la oposici\u00f3n en el Parlament y primer secretario del PSC Salvador Illa visita el municipio para mostrar su apoyo al proyecto de Iljin - Ajuntament de Mont-roig del Camp\" \/>\n<meta property=\"og:description\" content=\"El pol\u00edtico catal\u00e1n fue recibido por el alcalde de Mont-roig del Camp, Fran Morancho, y una representaci\u00f3n de los concejales y concejalas del Ayuntamiento El jefe de la oposici\u00f3n en el Parlament de Catalunya y primer secretario del PSC Salvador Illa, fue recibido este s\u00e1bado por la tarde por el alcalde de Mont-roig del Camp [&hellip;]\" \/>\n<meta property=\"og:url\" content=\"https:\/\/mont-roig.cat\/es\/actualitat\/noticies\/el-jefe-de-la-oposicion-en-el-parlament-y-primer-secretario-del-psc-salvador-illa-visita-el-municipio-para-mostrar-su-apoyo-al-proyecto-de-iljin\/\" \/>\n<meta property=\"og:site_name\" content=\"Ajuntament de Mont-roig del Camp\" \/>\n<meta property=\"article:published_time\" content=\"2022-09-12T12:49:27+00:00\" \/>\n<meta property=\"article:modified_time\" content=\"2024-02-20T10:18:13+00:00\" \/>\n<meta property=\"og:image\" content=\"https:\/\/mont-roig.cat\/wp-content\/uploads\/Salvador-Illa-visita-institucional-Mont-roig-del-Camp.jpeg\" \/>\n\t<meta property=\"og:image:width\" content=\"2048\" \/>\n\t<meta property=\"og:image:height\" content=\"1365\" \/>\n\t<meta property=\"og:image:type\" content=\"image\/jpeg\" \/>\n<meta name=\"author\" content=\"administrador\" \/>\n<meta name=\"twitter:card\" content=\"summary_large_image\" \/>\n<meta name=\"twitter:label1\" content=\"Escrito por\" \/>\n\t<meta name=\"twitter:data1\" content=\"administrador\" \/>\n\t<meta name=\"twitter:label2\" content=\"Tiempo de lectura\" \/>\n\t<meta name=\"twitter:data2\" content=\"2 minutos\" \/>\n<script type=\"application\/ld+json\" class=\"yoast-schema-graph\">{\"@context\":\"https:\\\/\\\/schema.org\",\"@graph\":[{\"@type\":\"Article\",\"@id\":\"https:\\\/\\\/mont-roig.cat\\\/es\\\/actualitat\\\/noticies\\\/el-jefe-de-la-oposicion-en-el-parlament-y-primer-secretario-del-psc-salvador-illa-visita-el-municipio-para-mostrar-su-apoyo-al-proyecto-de-iljin\\\/#article\",\"isPartOf\":{\"@id\":\"https:\\\/\\\/mont-roig.cat\\\/es\\\/actualitat\\\/noticies\\\/el-jefe-de-la-oposicion-en-el-parlament-y-primer-secretario-del-psc-salvador-illa-visita-el-municipio-para-mostrar-su-apoyo-al-proyecto-de-iljin\\\/\"},\"author\":{\"name\":\"administrador\",\"@id\":\"https:\\\/\\\/mont-roig.cat\\\/es\\\/#\\\/schema\\\/person\\\/f2b111789f22b7d0c3bd6786c9128cba\"},\"headline\":\"El jefe de la oposici\u00f3n en el Parlament y primer secretario del PSC Salvador Illa visita el municipio para mostrar su apoyo al proyecto de Iljin\",\"datePublished\":\"2022-09-12T12:49:27+00:00\",\"dateModified\":\"2024-02-20T10:18:13+00:00\",\"mainEntityOfPage\":{\"@id\":\"https:\\\/\\\/mont-roig.cat\\\/es\\\/actualitat\\\/noticies\\\/el-jefe-de-la-oposicion-en-el-parlament-y-primer-secretario-del-psc-salvador-illa-visita-el-municipio-para-mostrar-su-apoyo-al-proyecto-de-iljin\\\/\"},\"wordCount\":258,\"image\":{\"@id\":\"https:\\\/\\\/mont-roig.cat\\\/es\\\/actualitat\\\/noticies\\\/el-jefe-de-la-oposicion-en-el-parlament-y-primer-secretario-del-psc-salvador-illa-visita-el-municipio-para-mostrar-su-apoyo-al-proyecto-de-iljin\\\/#primaryimage\"},\"thumbnailUrl\":\"https:\\\/\\\/mont-roig.cat\\\/wp-content\\\/uploads\\\/Salvador-Illa-visita-institucional-Mont-roig-del-Camp.jpeg\",\"articleSection\":[\"Ayuntamiento\",\"Impuls Econ\u00f2mic i Ocupaci\u00f3\",\"Lotte\"],\"inLanguage\":\"es\"},{\"@type\":\"WebPage\",\"@id\":\"https:\\\/\\\/mont-roig.cat\\\/es\\\/actualitat\\\/noticies\\\/el-jefe-de-la-oposicion-en-el-parlament-y-primer-secretario-del-psc-salvador-illa-visita-el-municipio-para-mostrar-su-apoyo-al-proyecto-de-iljin\\\/\",\"url\":\"https:\\\/\\\/mont-roig.cat\\\/es\\\/actualitat\\\/noticies\\\/el-jefe-de-la-oposicion-en-el-parlament-y-primer-secretario-del-psc-salvador-illa-visita-el-municipio-para-mostrar-su-apoyo-al-proyecto-de-iljin\\\/\",\"name\":\"El jefe de la oposici\u00f3n en el Parlament y primer secretario del PSC Salvador Illa visita el municipio para mostrar su apoyo al proyecto de Iljin - Ajuntament de Mont-roig del Camp\",\"isPartOf\":{\"@id\":\"https:\\\/\\\/mont-roig.cat\\\/es\\\/#website\"},\"primaryImageOfPage\":{\"@id\":\"https:\\\/\\\/mont-roig.cat\\\/es\\\/actualitat\\\/noticies\\\/el-jefe-de-la-oposicion-en-el-parlament-y-primer-secretario-del-psc-salvador-illa-visita-el-municipio-para-mostrar-su-apoyo-al-proyecto-de-iljin\\\/#primaryimage\"},\"image\":{\"@id\":\"https:\\\/\\\/mont-roig.cat\\\/es\\\/actualitat\\\/noticies\\\/el-jefe-de-la-oposicion-en-el-parlament-y-primer-secretario-del-psc-salvador-illa-visita-el-municipio-para-mostrar-su-apoyo-al-proyecto-de-iljin\\\/#primaryimage\"},\"thumbnailUrl\":\"https:\\\/\\\/mont-roig.cat\\\/wp-content\\\/uploads\\\/Salvador-Illa-visita-institucional-Mont-roig-del-Camp.jpeg\",\"datePublished\":\"2022-09-12T12:49:27+00:00\",\"dateModified\":\"2024-02-20T10:18:13+00:00\",\"author\":{\"@id\":\"https:\\\/\\\/mont-roig.cat\\\/es\\\/#\\\/schema\\\/person\\\/f2b111789f22b7d0c3bd6786c9128cba\"},\"breadcrumb\":{\"@id\":\"https:\\\/\\\/mont-roig.cat\\\/es\\\/actualitat\\\/noticies\\\/el-jefe-de-la-oposicion-en-el-parlament-y-primer-secretario-del-psc-salvador-illa-visita-el-municipio-para-mostrar-su-apoyo-al-proyecto-de-iljin\\\/#breadcrumb\"},\"inLanguage\":\"es\",\"potentialAction\":[{\"@type\":\"ReadAction\",\"target\":[\"https:\\\/\\\/mont-roig.cat\\\/es\\\/actualitat\\\/noticies\\\/el-jefe-de-la-oposicion-en-el-parlament-y-primer-secretario-del-psc-salvador-illa-visita-el-municipio-para-mostrar-su-apoyo-al-proyecto-de-iljin\\\/\"]}]},{\"@type\":\"ImageObject\",\"inLanguage\":\"es\",\"@id\":\"https:\\\/\\\/mont-roig.cat\\\/es\\\/actualitat\\\/noticies\\\/el-jefe-de-la-oposicion-en-el-parlament-y-primer-secretario-del-psc-salvador-illa-visita-el-municipio-para-mostrar-su-apoyo-al-proyecto-de-iljin\\\/#primaryimage\",\"url\":\"https:\\\/\\\/mont-roig.cat\\\/wp-content\\\/uploads\\\/Salvador-Illa-visita-institucional-Mont-roig-del-Camp.jpeg\",\"contentUrl\":\"https:\\\/\\\/mont-roig.cat\\\/wp-content\\\/uploads\\\/Salvador-Illa-visita-institucional-Mont-roig-del-Camp.jpeg\",\"width\":2048,\"height\":1365},{\"@type\":\"BreadcrumbList\",\"@id\":\"https:\\\/\\\/mont-roig.cat\\\/es\\\/actualitat\\\/noticies\\\/el-jefe-de-la-oposicion-en-el-parlament-y-primer-secretario-del-psc-salvador-illa-visita-el-municipio-para-mostrar-su-apoyo-al-proyecto-de-iljin\\\/#breadcrumb\",\"itemListElement\":[{\"@type\":\"ListItem\",\"position\":1,\"name\":\"Inici\",\"item\":\"https:\\\/\\\/mont-roig.cat\\\/es\\\/pagina-de-inicio\\\/\"},{\"@type\":\"ListItem\",\"position\":2,\"name\":\"El jefe de la oposici\u00f3n en el Parlament y primer secretario del PSC Salvador Illa visita el municipio para mostrar su apoyo al proyecto de Iljin\"}]},{\"@type\":\"WebSite\",\"@id\":\"https:\\\/\\\/mont-roig.cat\\\/es\\\/#website\",\"url\":\"https:\\\/\\\/mont-roig.cat\\\/es\\\/\",\"name\":\"Ajuntament de Mont-roig del Camp\",\"description\":\"Tota la informaci\u00f3 sobre la instituci\u00f3, els seus \u00f2rgans de govern, actualitat, serveis i molt m\u00e9s.\",\"potentialAction\":[{\"@type\":\"SearchAction\",\"target\":{\"@type\":\"EntryPoint\",\"urlTemplate\":\"https:\\\/\\\/mont-roig.cat\\\/es\\\/?s={search_term_string}\"},\"query-input\":{\"@type\":\"PropertyValueSpecification\",\"valueRequired\":true,\"valueName\":\"search_term_string\"}}],\"inLanguage\":\"es\"},{\"@type\":\"Person\",\"@id\":\"https:\\\/\\\/mont-roig.cat\\\/es\\\/#\\\/schema\\\/person\\\/f2b111789f22b7d0c3bd6786c9128cba\",\"name\":\"administrador\",\"image\":{\"@type\":\"ImageObject\",\"inLanguage\":\"es\",\"@id\":\"https:\\\/\\\/secure.gravatar.com\\\/avatar\\\/9137aac6891e2595c9d3036fd83bcb653b4db3c946db4c7d9b9be193c3c944bb?s=96&d=mm&r=g\",\"url\":\"https:\\\/\\\/secure.gravatar.com\\\/avatar\\\/9137aac6891e2595c9d3036fd83bcb653b4db3c946db4c7d9b9be193c3c944bb?s=96&d=mm&r=g\",\"contentUrl\":\"https:\\\/\\\/secure.gravatar.com\\\/avatar\\\/9137aac6891e2595c9d3036fd83bcb653b4db3c946db4c7d9b9be193c3c944bb?s=96&d=mm&r=g\",\"caption\":\"administrador\"},\"url\":\"https:\\\/\\\/mont-roig.cat\\\/es\\\/actualitat\\\/noticies\\\/author\\\/administrador\\\/\"}]}<\/script>\n<!-- \/ Yoast SEO plugin. -->","yoast_head_json":{"title":"El jefe de la oposici\u00f3n en el Parlament y primer secretario del PSC Salvador Illa visita el municipio para mostrar su apoyo al proyecto de Iljin - Ajuntament de Mont-roig del Camp","robots":{"index":"index","follow":"follow","max-snippet":"max-snippet:-1","max-image-preview":"max-image-preview:large","max-video-preview":"max-video-preview:-1"},"canonical":"https:\/\/mont-roig.cat\/es\/actualitat\/noticies\/el-jefe-de-la-oposicion-en-el-parlament-y-primer-secretario-del-psc-salvador-illa-visita-el-municipio-para-mostrar-su-apoyo-al-proyecto-de-iljin\/","og_locale":"es_ES","og_type":"article","og_title":"El jefe de la oposici\u00f3n en el Parlament y primer secretario del PSC Salvador Illa visita el municipio para mostrar su apoyo al proyecto de Iljin - Ajuntament de Mont-roig del Camp","og_description":"El pol\u00edtico catal\u00e1n fue recibido por el alcalde de Mont-roig del Camp, Fran Morancho, y una representaci\u00f3n de los concejales y concejalas del Ayuntamiento El jefe de la oposici\u00f3n en el Parlament de Catalunya y primer secretario del PSC Salvador Illa, fue recibido este s\u00e1bado por la tarde por el alcalde de Mont-roig del Camp [&hellip;]","og_url":"https:\/\/mont-roig.cat\/es\/actualitat\/noticies\/el-jefe-de-la-oposicion-en-el-parlament-y-primer-secretario-del-psc-salvador-illa-visita-el-municipio-para-mostrar-su-apoyo-al-proyecto-de-iljin\/","og_site_name":"Ajuntament de Mont-roig del Camp","article_published_time":"2022-09-12T12:49:27+00:00","article_modified_time":"2024-02-20T10:18:13+00:00","og_image":[{"width":2048,"height":1365,"url":"https:\/\/mont-roig.cat\/wp-content\/uploads\/Salvador-Illa-visita-institucional-Mont-roig-del-Camp.jpeg","type":"image\/jpeg"}],"author":"administrador","twitter_card":"summary_large_image","twitter_misc":{"Escrito por":"administrador","Tiempo de lectura":"2 minutos"},"schema":{"@context":"https:\/\/schema.org","@graph":[{"@type":"Article","@id":"https:\/\/mont-roig.cat\/es\/actualitat\/noticies\/el-jefe-de-la-oposicion-en-el-parlament-y-primer-secretario-del-psc-salvador-illa-visita-el-municipio-para-mostrar-su-apoyo-al-proyecto-de-iljin\/#article","isPartOf":{"@id":"https:\/\/mont-roig.cat\/es\/actualitat\/noticies\/el-jefe-de-la-oposicion-en-el-parlament-y-primer-secretario-del-psc-salvador-illa-visita-el-municipio-para-mostrar-su-apoyo-al-proyecto-de-iljin\/"},"author":{"name":"administrador","@id":"https:\/\/mont-roig.cat\/es\/#\/schema\/person\/f2b111789f22b7d0c3bd6786c9128cba"},"headline":"El jefe de la oposici\u00f3n en el Parlament y primer secretario del PSC Salvador Illa visita el municipio para mostrar su apoyo al proyecto de Iljin","datePublished":"2022-09-12T12:49:27+00:00","dateModified":"2024-02-20T10:18:13+00:00","mainEntityOfPage":{"@id":"https:\/\/mont-roig.cat\/es\/actualitat\/noticies\/el-jefe-de-la-oposicion-en-el-parlament-y-primer-secretario-del-psc-salvador-illa-visita-el-municipio-para-mostrar-su-apoyo-al-proyecto-de-iljin\/"},"wordCount":258,"image":{"@id":"https:\/\/mont-roig.cat\/es\/actualitat\/noticies\/el-jefe-de-la-oposicion-en-el-parlament-y-primer-secretario-del-psc-salvador-illa-visita-el-municipio-para-mostrar-su-apoyo-al-proyecto-de-iljin\/#primaryimage"},"thumbnailUrl":"https:\/\/mont-roig.cat\/wp-content\/uploads\/Salvador-Illa-visita-institucional-Mont-roig-del-Camp.jpeg","articleSection":["Ayuntamiento","Impuls Econ\u00f2mic i Ocupaci\u00f3","Lotte"],"inLanguage":"es"},{"@type":"WebPage","@id":"https:\/\/mont-roig.cat\/es\/actualitat\/noticies\/el-jefe-de-la-oposicion-en-el-parlament-y-primer-secretario-del-psc-salvador-illa-visita-el-municipio-para-mostrar-su-apoyo-al-proyecto-de-iljin\/","url":"https:\/\/mont-roig.cat\/es\/actualitat\/noticies\/el-jefe-de-la-oposicion-en-el-parlament-y-primer-secretario-del-psc-salvador-illa-visita-el-municipio-para-mostrar-su-apoyo-al-proyecto-de-iljin\/","name":"El jefe de la oposici\u00f3n en el Parlament y primer secretario del PSC Salvador Illa visita el municipio para mostrar su apoyo al proyecto de Iljin - Ajuntament de Mont-roig del Camp","isPartOf":{"@id":"https:\/\/mont-roig.cat\/es\/#website"},"primaryImageOfPage":{"@id":"https:\/\/mont-roig.cat\/es\/actualitat\/noticies\/el-jefe-de-la-oposicion-en-el-parlament-y-primer-secretario-del-psc-salvador-illa-visita-el-municipio-para-mostrar-su-apoyo-al-proyecto-de-iljin\/#primaryimage"},"image":{"@id":"https:\/\/mont-roig.cat\/es\/actualitat\/noticies\/el-jefe-de-la-oposicion-en-el-parlament-y-primer-secretario-del-psc-salvador-illa-visita-el-municipio-para-mostrar-su-apoyo-al-proyecto-de-iljin\/#primaryimage"},"thumbnailUrl":"https:\/\/mont-roig.cat\/wp-content\/uploads\/Salvador-Illa-visita-institucional-Mont-roig-del-Camp.jpeg","datePublished":"2022-09-12T12:49:27+00:00","dateModified":"2024-02-20T10:18:13+00:00","author":{"@id":"https:\/\/mont-roig.cat\/es\/#\/schema\/person\/f2b111789f22b7d0c3bd6786c9128cba"},"breadcrumb":{"@id":"https:\/\/mont-roig.cat\/es\/actualitat\/noticies\/el-jefe-de-la-oposicion-en-el-parlament-y-primer-secretario-del-psc-salvador-illa-visita-el-municipio-para-mostrar-su-apoyo-al-proyecto-de-iljin\/#breadcrumb"},"inLanguage":"es","potentialAction":[{"@type":"ReadAction","target":["https:\/\/mont-roig.cat\/es\/actualitat\/noticies\/el-jefe-de-la-oposicion-en-el-parlament-y-primer-secretario-del-psc-salvador-illa-visita-el-municipio-para-mostrar-su-apoyo-al-proyecto-de-iljin\/"]}]},{"@type":"ImageObject","inLanguage":"es","@id":"https:\/\/mont-roig.cat\/es\/actualitat\/noticies\/el-jefe-de-la-oposicion-en-el-parlament-y-primer-secretario-del-psc-salvador-illa-visita-el-municipio-para-mostrar-su-apoyo-al-proyecto-de-iljin\/#primaryimage","url":"https:\/\/mont-roig.cat\/wp-content\/uploads\/Salvador-Illa-visita-institucional-Mont-roig-del-Camp.jpeg","contentUrl":"https:\/\/mont-roig.cat\/wp-content\/uploads\/Salvador-Illa-visita-institucional-Mont-roig-del-Camp.jpeg","width":2048,"height":1365},{"@type":"BreadcrumbList","@id":"https:\/\/mont-roig.cat\/es\/actualitat\/noticies\/el-jefe-de-la-oposicion-en-el-parlament-y-primer-secretario-del-psc-salvador-illa-visita-el-municipio-para-mostrar-su-apoyo-al-proyecto-de-iljin\/#breadcrumb","itemListElement":[{"@type":"ListItem","position":1,"name":"Inici","item":"https:\/\/mont-roig.cat\/es\/pagina-de-inicio\/"},{"@type":"ListItem","position":2,"name":"El jefe de la oposici\u00f3n en el Parlament y primer secretario del PSC Salvador Illa visita el municipio para mostrar su apoyo al proyecto de Iljin"}]},{"@type":"WebSite","@id":"https:\/\/mont-roig.cat\/es\/#website","url":"https:\/\/mont-roig.cat\/es\/","name":"Ajuntament de Mont-roig del Camp","description":"Tota la informaci\u00f3 sobre la instituci\u00f3, els seus \u00f2rgans de govern, actualitat, serveis i molt m\u00e9s.","potentialAction":[{"@type":"SearchAction","target":{"@type":"EntryPoint","urlTemplate":"https:\/\/mont-roig.cat\/es\/?s={search_term_string}"},"query-input":{"@type":"PropertyValueSpecification","valueRequired":true,"valueName":"search_term_string"}}],"inLanguage":"es"},{"@type":"Person","@id":"https:\/\/mont-roig.cat\/es\/#\/schema\/person\/f2b111789f22b7d0c3bd6786c9128cba","name":"administrador","image":{"@type":"ImageObject","inLanguage":"es","@id":"https:\/\/secure.gravatar.com\/avatar\/9137aac6891e2595c9d3036fd83bcb653b4db3c946db4c7d9b9be193c3c944bb?s=96&d=mm&r=g","url":"https:\/\/secure.gravatar.com\/avatar\/9137aac6891e2595c9d3036fd83bcb653b4db3c946db4c7d9b9be193c3c944bb?s=96&d=mm&r=g","contentUrl":"https:\/\/secure.gravatar.com\/avatar\/9137aac6891e2595c9d3036fd83bcb653b4db3c946db4c7d9b9be193c3c944bb?s=96&d=mm&r=g","caption":"administrador"},"url":"https:\/\/mont-roig.cat\/es\/actualitat\/noticies\/author\/administrador\/"}]}},"_links":{"self":[{"href":"https:\/\/mont-roig.cat\/es\/wp-json\/wp\/v2\/posts\/65330","targetHints":{"allow":["GET"]}}],"collection":[{"href":"https:\/\/mont-roig.cat\/es\/wp-json\/wp\/v2\/posts"}],"about":[{"href":"https:\/\/mont-roig.cat\/es\/wp-json\/wp\/v2\/types\/post"}],"author":[{"embeddable":true,"href":"https:\/\/mont-roig.cat\/es\/wp-json\/wp\/v2\/users\/4"}],"replies":[{"embeddable":true,"href":"https:\/\/mont-roig.cat\/es\/wp-json\/wp\/v2\/comments?post=65330"}],"version-history":[{"count":3,"href":"https:\/\/mont-roig.cat\/es\/wp-json\/wp\/v2\/posts\/65330\/revisions"}],"predecessor-version":[{"id":65340,"href":"https:\/\/mont-roig.cat\/es\/wp-json\/wp\/v2\/posts\/65330\/revisions\/65340"}],"wp:featuredmedia":[{"embeddable":true,"href":"https:\/\/mont-roig.cat\/es\/wp-json\/wp\/v2\/media\/65319"}],"wp:attachment":[{"href":"https:\/\/mont-roig.cat\/es\/wp-json\/wp\/v2\/media?parent=65330"}],"wp:term":[{"taxonomy":"category","embeddable":true,"href":"https:\/\/mont-roig.cat\/es\/wp-json\/wp\/v2\/categories?post=65330"},{"taxonomy":"post_tag","embeddable":true,"href":"https:\/\/mont-roig.cat\/es\/wp-json\/wp\/v2\/tags?post=65330"}],"curies":[{"name":"wp","href":"https:\/\/api.w.org\/{rel}","templated":true}]}}