{"id":65743,"date":"2022-09-30T13:56:08","date_gmt":"2022-09-30T11:56:08","guid":{"rendered":"https:\/\/mont-roig.cat\/actualitat\/noticies\/la-casa-de-la-yoya-ja-es-el-nou-espai-cultural-del-nucli-de-mont-roig\/"},"modified":"2022-09-30T14:11:30","modified_gmt":"2022-09-30T12:11:30","slug":"la-casa-de-la-yoya-ya-es-el-nuevo-espacio-cultural-del-nucleo-de-mont-roig","status":"publish","type":"post","link":"https:\/\/mont-roig.cat\/es\/actualitat\/noticies\/la-casa-de-la-yoya-ya-es-el-nuevo-espacio-cultural-del-nucleo-de-mont-roig\/","title":{"rendered":"La Casa de la Yoya ya es el nuevo espacio cultural del n\u00facleo de Mont-roig"},"content":{"rendered":"<div id=\"attachment_65733\" style=\"width: 314px\" class=\"wp-caption alignright\"><a href=\"https:\/\/mont-roig.cat\/wp-content\/uploads\/Inauguracio-casa-Yoya-scaled.jpg\" target=\"_blank\" rel=\"noopener\"><img loading=\"lazy\" decoding=\"async\" aria-describedby=\"caption-attachment-65733\" class=\"wp-image-65733\" src=\"https:\/\/mont-roig.cat\/wp-content\/uploads\/Inauguracio-casa-Yoya-500x375.jpg\" alt=\"\" width=\"304\" height=\"228\" srcset=\"https:\/\/mont-roig.cat\/wp-content\/uploads\/Inauguracio-casa-Yoya-500x375.jpg 500w, https:\/\/mont-roig.cat\/wp-content\/uploads\/Inauguracio-casa-Yoya-1024x768.jpg 1024w, https:\/\/mont-roig.cat\/wp-content\/uploads\/Inauguracio-casa-Yoya-768x576.jpg 768w, https:\/\/mont-roig.cat\/wp-content\/uploads\/Inauguracio-casa-Yoya-1536x1152.jpg 1536w, https:\/\/mont-roig.cat\/wp-content\/uploads\/Inauguracio-casa-Yoya-scaled.jpg 2048w, https:\/\/mont-roig.cat\/wp-content\/uploads\/Inauguracio-casa-Yoya-463x348.jpg 463w\" sizes=\"auto, (max-width: 304px) 100vw, 304px\" \/><\/a><p id=\"caption-attachment-65733\" class=\"wp-caption-text\">Acto inaugural de la Casa de la Yoya<\/p><\/div>\n<ul>\n<li><strong>El equipamiento, que se ha inaugurado esta semana, es la nueva sede del Centre d&#8217;Estudis Mont-rogencs<\/strong><\/li>\n<\/ul>\n<p>Uno de los proyectos m\u00e1s singulares de la historia reciente del municipio es ya una realidad. Se trata de la Casa de Yoya, un nuevo enclave cultural en el casco antiguo de Mont-roig que se ha inaugurado esta semana, coincidiendo con la Festa Major de Sant Miquel.<\/p>\n<p>Recordemos que en 2016 el Ayuntamiento fue depositario del legado de Maria Rosa Viladerb\u00f3 Marco, una mujer polifac\u00e9tica y con inquietudes art\u00edsticas y culturales, implicada en el \u00e1mbito asociativo del puebli. Maria Rosa Viladerb\u00f3 dej\u00f3 en testamento al consistorio la casa donde ella hab\u00eda vivido en el casco antiguo de Mont-roig con el objectivo que el edificio se convirtiera en un espacio cultural para una entidad local, el Centre d&#8217;Estudis Mont-rogencs.<\/p>\n<p><strong>Emotivo acto de inauguraci\u00f3n<\/strong><br \/>\nVarios vecinos y vecinas y miembros de la entidad se reunieron frente a la casa de la calle Mare de D\u00e9u de la Roca, este mi\u00e9rcoles, para asistir al acto de inauguraci\u00f3n, que fue tambi\u00e9n de recuerdo hacia Yoya . En primer lugar la concejala de Cultura, Mei Benach y seguidamente personas vinculadas a su entorno como Judit Robert y Pili Sabat\u00e9 le dedicaron unas palabras. Tambi\u00e9n\u00a0 Assumpci\u00f3 Pellicer en representaci\u00f3n del Centre d&#8217;Estudis Mont-rogencs. Finalmente el alcalde Fran Morancho, que estren\u00f3 un chaleco que le hab\u00eda hecho la propia Yoya, explic\u00f3 el origen del proyecto y c\u00f3mo se hab\u00eda gestionado.<\/p>\n<p><strong>La transformaci\u00f3n de la casa<\/strong><br \/>\nEl proyecto de transformaci\u00f3n de una casa entre paredes medianeras en un edificio funcional para una entidad y que cumpla con la normativa urban\u00edstica de edificio p\u00fablicos ha sido complejo. El proyecto de obra lo ha redactado la arquitecta N\u00faria Gass\u00f3 Aragon\u00e8s. El edificio consta de 3 pisos y planta baja cada uno con una funcionalidad distinta (sala para exposiciones, espacio de trabajo, etc). Tambi\u00e9n se ha adecuado la accesibilidad a todas las plantas del edificio con la incorporaci\u00f3n de una plataforma elevadora en el antiguo patio de luces. Una reforma completada con elementos de decoraci\u00f3n, ya existentes en la casa. De hecho, Yoya no s\u00f3lo dej\u00f3 la casa sino tambi\u00e9n m\u00e1s de 200.000 euros para que \u00e9sta pudiera ser reformada y para fomentar la cultura en este espacio.<\/p>\n<p><strong>\u00bfQui\u00e9n fue Yoya?<\/strong><br \/>\nA Yoya, la vinculaci\u00f3n con Mont-roig, de quien se consideraba una enamorada, le ven\u00eda de peque\u00f1a cuando veraneaba con sus padres y hermanos en la casa de la calle Mare de la Roca, donde a\u00f1os m\u00e1s tarde acabar\u00eda instalando a vivir con su marido Josep. Maria Rosa Viladerb\u00f3 era modista y dise\u00f1adora de ropa, destacaba por ser una persona muy creativa con un gran bagaje cultural y con inquietudes art\u00edsticas que la llevaron a trabajar de forma artesanal tejidos como la lana, con sus telares, y a experimentar con productos como los tintes naturales.<\/p>\n<p><a href=\"https:\/\/www.flickr.com\/photos\/ajmont-roig\/albums\/72177720302507023\" target=\"_blank\" rel=\"noopener\">En este enlace<\/a> se puede descargar una galer\u00eda de im\u00e1genes de la inauguraci\u00f3 y de la Casa de la Yoya.<\/p>\n","protected":false},"excerpt":{"rendered":"<p>El equipamiento, que se ha inaugurado esta semana, es la nueva sede del Centre d&#8217;Estudis Mont-rogencs Uno de los proyectos m\u00e1s singulares de la historia reciente del municipio es ya una realidad. Se trata de la Casa de Yoya, un nuevo enclave cultural en el casco antiguo de Mont-roig que se ha inaugurado esta semana, [&hellip;]<\/p>\n","protected":false},"author":13,"featured_media":65734,"comment_status":"closed","ping_status":"closed","sticky":false,"template":"","format":"standard","meta":{"inline_featured_image":false,"_monsterinsights_skip_tracking":false,"_monsterinsights_sitenote_active":false,"_monsterinsights_sitenote_note":"","_monsterinsights_sitenote_category":0,"footnotes":""},"categories":[98,101],"tags":[],"class_list":["post-65743","post","type-post","status-publish","format-standard","has-post-thumbnail","hentry","category-ayuntamiento","category-cultura-es"],"yoast_head":"<!-- This site is optimized with the Yoast SEO plugin v27.4 - https:\/\/yoast.com\/product\/yoast-seo-wordpress\/ -->\n<title>La Casa de la Yoya ya es el nuevo espacio cultural del n\u00facleo de Mont-roig - Ajuntament de Mont-roig del Camp<\/title>\n<meta name=\"robots\" content=\"index, follow, max-snippet:-1, max-image-preview:large, max-video-preview:-1\" \/>\n<link rel=\"canonical\" href=\"https:\/\/mont-roig.cat\/es\/actualitat\/noticies\/la-casa-de-la-yoya-ya-es-el-nuevo-espacio-cultural-del-nucleo-de-mont-roig\/\" \/>\n<meta property=\"og:locale\" content=\"es_ES\" \/>\n<meta property=\"og:type\" content=\"article\" \/>\n<meta property=\"og:title\" content=\"La Casa de la Yoya ya es el nuevo espacio cultural del n\u00facleo de Mont-roig - Ajuntament de Mont-roig del Camp\" \/>\n<meta property=\"og:description\" content=\"El equipamiento, que se ha inaugurado esta semana, es la nueva sede del Centre d&#8217;Estudis Mont-rogencs Uno de los proyectos m\u00e1s singulares de la historia reciente del municipio es ya una realidad. Se trata de la Casa de Yoya, un nuevo enclave cultural en el casco antiguo de Mont-roig que se ha inaugurado esta semana, [&hellip;]\" \/>\n<meta property=\"og:url\" content=\"https:\/\/mont-roig.cat\/es\/actualitat\/noticies\/la-casa-de-la-yoya-ya-es-el-nuevo-espacio-cultural-del-nucleo-de-mont-roig\/\" \/>\n<meta property=\"og:site_name\" content=\"Ajuntament de Mont-roig del Camp\" \/>\n<meta property=\"article:published_time\" content=\"2022-09-30T11:56:08+00:00\" \/>\n<meta property=\"article:modified_time\" content=\"2022-09-30T12:11:30+00:00\" \/>\n<meta property=\"og:image\" content=\"https:\/\/mont-roig.cat\/wp-content\/uploads\/Inauguracio-casa-Yoya.jpg\" \/>\n\t<meta property=\"og:image:width\" content=\"2048\" \/>\n\t<meta property=\"og:image:height\" content=\"1536\" \/>\n\t<meta property=\"og:image:type\" content=\"image\/jpeg\" \/>\n<meta name=\"author\" content=\"comunicacio\" \/>\n<meta name=\"twitter:card\" content=\"summary_large_image\" \/>\n<meta name=\"twitter:label1\" content=\"Escrito por\" \/>\n\t<meta name=\"twitter:data1\" content=\"comunicacio\" \/>\n\t<meta name=\"twitter:label2\" content=\"Tiempo de lectura\" \/>\n\t<meta name=\"twitter:data2\" content=\"3 minutos\" \/>\n<script type=\"application\/ld+json\" class=\"yoast-schema-graph\">{\"@context\":\"https:\\\/\\\/schema.org\",\"@graph\":[{\"@type\":\"Article\",\"@id\":\"https:\\\/\\\/mont-roig.cat\\\/es\\\/actualitat\\\/noticies\\\/la-casa-de-la-yoya-ya-es-el-nuevo-espacio-cultural-del-nucleo-de-mont-roig\\\/#article\",\"isPartOf\":{\"@id\":\"https:\\\/\\\/mont-roig.cat\\\/es\\\/actualitat\\\/noticies\\\/la-casa-de-la-yoya-ya-es-el-nuevo-espacio-cultural-del-nucleo-de-mont-roig\\\/\"},\"author\":{\"name\":\"comunicacio\",\"@id\":\"https:\\\/\\\/mont-roig.cat\\\/es\\\/#\\\/schema\\\/person\\\/1f73e7b5e6f9dd122e8a6f14f310ac5e\"},\"headline\":\"La Casa de la Yoya ya es el nuevo espacio cultural del n\u00facleo de Mont-roig\",\"datePublished\":\"2022-09-30T11:56:08+00:00\",\"dateModified\":\"2022-09-30T12:11:30+00:00\",\"mainEntityOfPage\":{\"@id\":\"https:\\\/\\\/mont-roig.cat\\\/es\\\/actualitat\\\/noticies\\\/la-casa-de-la-yoya-ya-es-el-nuevo-espacio-cultural-del-nucleo-de-mont-roig\\\/\"},\"wordCount\":554,\"image\":{\"@id\":\"https:\\\/\\\/mont-roig.cat\\\/es\\\/actualitat\\\/noticies\\\/la-casa-de-la-yoya-ya-es-el-nuevo-espacio-cultural-del-nucleo-de-mont-roig\\\/#primaryimage\"},\"thumbnailUrl\":\"https:\\\/\\\/mont-roig.cat\\\/wp-content\\\/uploads\\\/Inauguracio-casa-Yoya.jpg\",\"articleSection\":[\"Ayuntamiento\",\"Cultura\"],\"inLanguage\":\"es\"},{\"@type\":\"WebPage\",\"@id\":\"https:\\\/\\\/mont-roig.cat\\\/es\\\/actualitat\\\/noticies\\\/la-casa-de-la-yoya-ya-es-el-nuevo-espacio-cultural-del-nucleo-de-mont-roig\\\/\",\"url\":\"https:\\\/\\\/mont-roig.cat\\\/es\\\/actualitat\\\/noticies\\\/la-casa-de-la-yoya-ya-es-el-nuevo-espacio-cultural-del-nucleo-de-mont-roig\\\/\",\"name\":\"La Casa de la Yoya ya es el nuevo espacio cultural del n\u00facleo de Mont-roig - Ajuntament de Mont-roig del Camp\",\"isPartOf\":{\"@id\":\"https:\\\/\\\/mont-roig.cat\\\/es\\\/#website\"},\"primaryImageOfPage\":{\"@id\":\"https:\\\/\\\/mont-roig.cat\\\/es\\\/actualitat\\\/noticies\\\/la-casa-de-la-yoya-ya-es-el-nuevo-espacio-cultural-del-nucleo-de-mont-roig\\\/#primaryimage\"},\"image\":{\"@id\":\"https:\\\/\\\/mont-roig.cat\\\/es\\\/actualitat\\\/noticies\\\/la-casa-de-la-yoya-ya-es-el-nuevo-espacio-cultural-del-nucleo-de-mont-roig\\\/#primaryimage\"},\"thumbnailUrl\":\"https:\\\/\\\/mont-roig.cat\\\/wp-content\\\/uploads\\\/Inauguracio-casa-Yoya.jpg\",\"datePublished\":\"2022-09-30T11:56:08+00:00\",\"dateModified\":\"2022-09-30T12:11:30+00:00\",\"author\":{\"@id\":\"https:\\\/\\\/mont-roig.cat\\\/es\\\/#\\\/schema\\\/person\\\/1f73e7b5e6f9dd122e8a6f14f310ac5e\"},\"breadcrumb\":{\"@id\":\"https:\\\/\\\/mont-roig.cat\\\/es\\\/actualitat\\\/noticies\\\/la-casa-de-la-yoya-ya-es-el-nuevo-espacio-cultural-del-nucleo-de-mont-roig\\\/#breadcrumb\"},\"inLanguage\":\"es\",\"potentialAction\":[{\"@type\":\"ReadAction\",\"target\":[\"https:\\\/\\\/mont-roig.cat\\\/es\\\/actualitat\\\/noticies\\\/la-casa-de-la-yoya-ya-es-el-nuevo-espacio-cultural-del-nucleo-de-mont-roig\\\/\"]}]},{\"@type\":\"ImageObject\",\"inLanguage\":\"es\",\"@id\":\"https:\\\/\\\/mont-roig.cat\\\/es\\\/actualitat\\\/noticies\\\/la-casa-de-la-yoya-ya-es-el-nuevo-espacio-cultural-del-nucleo-de-mont-roig\\\/#primaryimage\",\"url\":\"https:\\\/\\\/mont-roig.cat\\\/wp-content\\\/uploads\\\/Inauguracio-casa-Yoya.jpg\",\"contentUrl\":\"https:\\\/\\\/mont-roig.cat\\\/wp-content\\\/uploads\\\/Inauguracio-casa-Yoya.jpg\",\"width\":2048,\"height\":1536},{\"@type\":\"BreadcrumbList\",\"@id\":\"https:\\\/\\\/mont-roig.cat\\\/es\\\/actualitat\\\/noticies\\\/la-casa-de-la-yoya-ya-es-el-nuevo-espacio-cultural-del-nucleo-de-mont-roig\\\/#breadcrumb\",\"itemListElement\":[{\"@type\":\"ListItem\",\"position\":1,\"name\":\"Inici\",\"item\":\"https:\\\/\\\/mont-roig.cat\\\/es\\\/pagina-de-inicio\\\/\"},{\"@type\":\"ListItem\",\"position\":2,\"name\":\"La Casa de la Yoya ya es el nuevo espacio cultural del n\u00facleo de Mont-roig\"}]},{\"@type\":\"WebSite\",\"@id\":\"https:\\\/\\\/mont-roig.cat\\\/es\\\/#website\",\"url\":\"https:\\\/\\\/mont-roig.cat\\\/es\\\/\",\"name\":\"Ajuntament de Mont-roig del Camp\",\"description\":\"Tota la informaci\u00f3 sobre la instituci\u00f3, els seus \u00f2rgans de govern, actualitat, serveis i molt m\u00e9s.\",\"potentialAction\":[{\"@type\":\"SearchAction\",\"target\":{\"@type\":\"EntryPoint\",\"urlTemplate\":\"https:\\\/\\\/mont-roig.cat\\\/es\\\/?s={search_term_string}\"},\"query-input\":{\"@type\":\"PropertyValueSpecification\",\"valueRequired\":true,\"valueName\":\"search_term_string\"}}],\"inLanguage\":\"es\"},{\"@type\":\"Person\",\"@id\":\"https:\\\/\\\/mont-roig.cat\\\/es\\\/#\\\/schema\\\/person\\\/1f73e7b5e6f9dd122e8a6f14f310ac5e\",\"name\":\"comunicacio\",\"image\":{\"@type\":\"ImageObject\",\"inLanguage\":\"es\",\"@id\":\"https:\\\/\\\/secure.gravatar.com\\\/avatar\\\/98944333e7a877670a64f8d10f0cb680ab2c9ebc4efc43945ef004b52b5ad28c?s=96&d=mm&r=g\",\"url\":\"https:\\\/\\\/secure.gravatar.com\\\/avatar\\\/98944333e7a877670a64f8d10f0cb680ab2c9ebc4efc43945ef004b52b5ad28c?s=96&d=mm&r=g\",\"contentUrl\":\"https:\\\/\\\/secure.gravatar.com\\\/avatar\\\/98944333e7a877670a64f8d10f0cb680ab2c9ebc4efc43945ef004b52b5ad28c?s=96&d=mm&r=g\",\"caption\":\"comunicacio\"},\"url\":\"https:\\\/\\\/mont-roig.cat\\\/es\\\/actualitat\\\/noticies\\\/author\\\/comunicacio\\\/\"}]}<\/script>\n<!-- \/ Yoast SEO plugin. -->","yoast_head_json":{"title":"La Casa de la Yoya ya es el nuevo espacio cultural del n\u00facleo de Mont-roig - Ajuntament de Mont-roig del Camp","robots":{"index":"index","follow":"follow","max-snippet":"max-snippet:-1","max-image-preview":"max-image-preview:large","max-video-preview":"max-video-preview:-1"},"canonical":"https:\/\/mont-roig.cat\/es\/actualitat\/noticies\/la-casa-de-la-yoya-ya-es-el-nuevo-espacio-cultural-del-nucleo-de-mont-roig\/","og_locale":"es_ES","og_type":"article","og_title":"La Casa de la Yoya ya es el nuevo espacio cultural del n\u00facleo de Mont-roig - Ajuntament de Mont-roig del Camp","og_description":"El equipamiento, que se ha inaugurado esta semana, es la nueva sede del Centre d&#8217;Estudis Mont-rogencs Uno de los proyectos m\u00e1s singulares de la historia reciente del municipio es ya una realidad. Se trata de la Casa de Yoya, un nuevo enclave cultural en el casco antiguo de Mont-roig que se ha inaugurado esta semana, [&hellip;]","og_url":"https:\/\/mont-roig.cat\/es\/actualitat\/noticies\/la-casa-de-la-yoya-ya-es-el-nuevo-espacio-cultural-del-nucleo-de-mont-roig\/","og_site_name":"Ajuntament de Mont-roig del Camp","article_published_time":"2022-09-30T11:56:08+00:00","article_modified_time":"2022-09-30T12:11:30+00:00","og_image":[{"width":2048,"height":1536,"url":"https:\/\/mont-roig.cat\/wp-content\/uploads\/Inauguracio-casa-Yoya.jpg","type":"image\/jpeg"}],"author":"comunicacio","twitter_card":"summary_large_image","twitter_misc":{"Escrito por":"comunicacio","Tiempo de lectura":"3 minutos"},"schema":{"@context":"https:\/\/schema.org","@graph":[{"@type":"Article","@id":"https:\/\/mont-roig.cat\/es\/actualitat\/noticies\/la-casa-de-la-yoya-ya-es-el-nuevo-espacio-cultural-del-nucleo-de-mont-roig\/#article","isPartOf":{"@id":"https:\/\/mont-roig.cat\/es\/actualitat\/noticies\/la-casa-de-la-yoya-ya-es-el-nuevo-espacio-cultural-del-nucleo-de-mont-roig\/"},"author":{"name":"comunicacio","@id":"https:\/\/mont-roig.cat\/es\/#\/schema\/person\/1f73e7b5e6f9dd122e8a6f14f310ac5e"},"headline":"La Casa de la Yoya ya es el nuevo espacio cultural del n\u00facleo de Mont-roig","datePublished":"2022-09-30T11:56:08+00:00","dateModified":"2022-09-30T12:11:30+00:00","mainEntityOfPage":{"@id":"https:\/\/mont-roig.cat\/es\/actualitat\/noticies\/la-casa-de-la-yoya-ya-es-el-nuevo-espacio-cultural-del-nucleo-de-mont-roig\/"},"wordCount":554,"image":{"@id":"https:\/\/mont-roig.cat\/es\/actualitat\/noticies\/la-casa-de-la-yoya-ya-es-el-nuevo-espacio-cultural-del-nucleo-de-mont-roig\/#primaryimage"},"thumbnailUrl":"https:\/\/mont-roig.cat\/wp-content\/uploads\/Inauguracio-casa-Yoya.jpg","articleSection":["Ayuntamiento","Cultura"],"inLanguage":"es"},{"@type":"WebPage","@id":"https:\/\/mont-roig.cat\/es\/actualitat\/noticies\/la-casa-de-la-yoya-ya-es-el-nuevo-espacio-cultural-del-nucleo-de-mont-roig\/","url":"https:\/\/mont-roig.cat\/es\/actualitat\/noticies\/la-casa-de-la-yoya-ya-es-el-nuevo-espacio-cultural-del-nucleo-de-mont-roig\/","name":"La Casa de la Yoya ya es el nuevo espacio cultural del n\u00facleo de Mont-roig - Ajuntament de Mont-roig del Camp","isPartOf":{"@id":"https:\/\/mont-roig.cat\/es\/#website"},"primaryImageOfPage":{"@id":"https:\/\/mont-roig.cat\/es\/actualitat\/noticies\/la-casa-de-la-yoya-ya-es-el-nuevo-espacio-cultural-del-nucleo-de-mont-roig\/#primaryimage"},"image":{"@id":"https:\/\/mont-roig.cat\/es\/actualitat\/noticies\/la-casa-de-la-yoya-ya-es-el-nuevo-espacio-cultural-del-nucleo-de-mont-roig\/#primaryimage"},"thumbnailUrl":"https:\/\/mont-roig.cat\/wp-content\/uploads\/Inauguracio-casa-Yoya.jpg","datePublished":"2022-09-30T11:56:08+00:00","dateModified":"2022-09-30T12:11:30+00:00","author":{"@id":"https:\/\/mont-roig.cat\/es\/#\/schema\/person\/1f73e7b5e6f9dd122e8a6f14f310ac5e"},"breadcrumb":{"@id":"https:\/\/mont-roig.cat\/es\/actualitat\/noticies\/la-casa-de-la-yoya-ya-es-el-nuevo-espacio-cultural-del-nucleo-de-mont-roig\/#breadcrumb"},"inLanguage":"es","potentialAction":[{"@type":"ReadAction","target":["https:\/\/mont-roig.cat\/es\/actualitat\/noticies\/la-casa-de-la-yoya-ya-es-el-nuevo-espacio-cultural-del-nucleo-de-mont-roig\/"]}]},{"@type":"ImageObject","inLanguage":"es","@id":"https:\/\/mont-roig.cat\/es\/actualitat\/noticies\/la-casa-de-la-yoya-ya-es-el-nuevo-espacio-cultural-del-nucleo-de-mont-roig\/#primaryimage","url":"https:\/\/mont-roig.cat\/wp-content\/uploads\/Inauguracio-casa-Yoya.jpg","contentUrl":"https:\/\/mont-roig.cat\/wp-content\/uploads\/Inauguracio-casa-Yoya.jpg","width":2048,"height":1536},{"@type":"BreadcrumbList","@id":"https:\/\/mont-roig.cat\/es\/actualitat\/noticies\/la-casa-de-la-yoya-ya-es-el-nuevo-espacio-cultural-del-nucleo-de-mont-roig\/#breadcrumb","itemListElement":[{"@type":"ListItem","position":1,"name":"Inici","item":"https:\/\/mont-roig.cat\/es\/pagina-de-inicio\/"},{"@type":"ListItem","position":2,"name":"La Casa de la Yoya ya es el nuevo espacio cultural del n\u00facleo de Mont-roig"}]},{"@type":"WebSite","@id":"https:\/\/mont-roig.cat\/es\/#website","url":"https:\/\/mont-roig.cat\/es\/","name":"Ajuntament de Mont-roig del Camp","description":"Tota la informaci\u00f3 sobre la instituci\u00f3, els seus \u00f2rgans de govern, actualitat, serveis i molt m\u00e9s.","potentialAction":[{"@type":"SearchAction","target":{"@type":"EntryPoint","urlTemplate":"https:\/\/mont-roig.cat\/es\/?s={search_term_string}"},"query-input":{"@type":"PropertyValueSpecification","valueRequired":true,"valueName":"search_term_string"}}],"inLanguage":"es"},{"@type":"Person","@id":"https:\/\/mont-roig.cat\/es\/#\/schema\/person\/1f73e7b5e6f9dd122e8a6f14f310ac5e","name":"comunicacio","image":{"@type":"ImageObject","inLanguage":"es","@id":"https:\/\/secure.gravatar.com\/avatar\/98944333e7a877670a64f8d10f0cb680ab2c9ebc4efc43945ef004b52b5ad28c?s=96&d=mm&r=g","url":"https:\/\/secure.gravatar.com\/avatar\/98944333e7a877670a64f8d10f0cb680ab2c9ebc4efc43945ef004b52b5ad28c?s=96&d=mm&r=g","contentUrl":"https:\/\/secure.gravatar.com\/avatar\/98944333e7a877670a64f8d10f0cb680ab2c9ebc4efc43945ef004b52b5ad28c?s=96&d=mm&r=g","caption":"comunicacio"},"url":"https:\/\/mont-roig.cat\/es\/actualitat\/noticies\/author\/comunicacio\/"}]}},"_links":{"self":[{"href":"https:\/\/mont-roig.cat\/es\/wp-json\/wp\/v2\/posts\/65743","targetHints":{"allow":["GET"]}}],"collection":[{"href":"https:\/\/mont-roig.cat\/es\/wp-json\/wp\/v2\/posts"}],"about":[{"href":"https:\/\/mont-roig.cat\/es\/wp-json\/wp\/v2\/types\/post"}],"author":[{"embeddable":true,"href":"https:\/\/mont-roig.cat\/es\/wp-json\/wp\/v2\/users\/13"}],"replies":[{"embeddable":true,"href":"https:\/\/mont-roig.cat\/es\/wp-json\/wp\/v2\/comments?post=65743"}],"version-history":[{"count":3,"href":"https:\/\/mont-roig.cat\/es\/wp-json\/wp\/v2\/posts\/65743\/revisions"}],"predecessor-version":[{"id":65749,"href":"https:\/\/mont-roig.cat\/es\/wp-json\/wp\/v2\/posts\/65743\/revisions\/65749"}],"wp:featuredmedia":[{"embeddable":true,"href":"https:\/\/mont-roig.cat\/es\/wp-json\/wp\/v2\/media\/65734"}],"wp:attachment":[{"href":"https:\/\/mont-roig.cat\/es\/wp-json\/wp\/v2\/media?parent=65743"}],"wp:term":[{"taxonomy":"category","embeddable":true,"href":"https:\/\/mont-roig.cat\/es\/wp-json\/wp\/v2\/categories?post=65743"},{"taxonomy":"post_tag","embeddable":true,"href":"https:\/\/mont-roig.cat\/es\/wp-json\/wp\/v2\/tags?post=65743"}],"curies":[{"name":"wp","href":"https:\/\/api.w.org\/{rel}","templated":true}]}}