{"id":65825,"date":"2022-10-04T13:07:43","date_gmt":"2022-10-04T11:07:43","guid":{"rendered":"https:\/\/mont-roig.cat\/actualitat\/noticies\/arriba-una-nova-edicio-de-les-jornades-gastronomiques-de-la-cuina-de-larros-de-tardor-del-7-al-23-doctubre\/"},"modified":"2022-10-04T13:20:45","modified_gmt":"2022-10-04T11:20:45","slug":"llega-una-nueva-edicion-de-las-jornadas-gastronomicas-de-la-cocina-del-arroz-de-otono-que-tendran-lugar-del-7-al-23-de-octubre","status":"publish","type":"post","link":"https:\/\/mont-roig.cat\/es\/actualitat\/noticies\/llega-una-nueva-edicion-de-las-jornadas-gastronomicas-de-la-cocina-del-arroz-de-otono-que-tendran-lugar-del-7-al-23-de-octubre\/","title":{"rendered":"Llega una nueva edici\u00f3n de las Jornadas Gastron\u00f3micas de la Cocina del arroz de oto\u00f1o que tendr\u00e1n lugar del 7 al 23 de octubre"},"content":{"rendered":"<p>&nbsp;<\/p>\n<div id=\"attachment_65817\" style=\"width: 260px\" class=\"wp-caption alignright\"><img loading=\"lazy\" decoding=\"async\" aria-describedby=\"caption-attachment-65817\" class=\"wp-image-65817\" src=\"https:\/\/mont-roig.cat\/wp-content\/uploads\/CARTELL-ARROS-362x500.jpg\" alt=\"\" width=\"250\" height=\"345\" srcset=\"https:\/\/mont-roig.cat\/wp-content\/uploads\/CARTELL-ARROS-362x500.jpg 362w, https:\/\/mont-roig.cat\/wp-content\/uploads\/CARTELL-ARROS-742x1024.jpg 742w, https:\/\/mont-roig.cat\/wp-content\/uploads\/CARTELL-ARROS-768x1060.jpg 768w, https:\/\/mont-roig.cat\/wp-content\/uploads\/CARTELL-ARROS-1112x1536.jpg 1112w, https:\/\/mont-roig.cat\/wp-content\/uploads\/CARTELL-ARROS.jpg 1413w\" sizes=\"auto, (max-width: 250px) 100vw, 250px\" \/><p id=\"caption-attachment-65817\" class=\"wp-caption-text\">Cartel jornadas arroz 2022<\/p><\/div>\n<ul>\n<li><strong>Trece establecimientos participaron en esta sexta edici\u00f3n de la propuesta culinaria que combina el arroz con los productos agroalimentarios t\u00edpicos de esta \u00e9poca.<\/strong><\/li>\n<li><strong>Este viernes 7 de octubre, de 19 a 22h, se podr\u00e1 realizar una degustaci\u00f3n y maridaje del plato principal por tan s\u00f3lo 4 euros a siete de los restaurantes participantes.<\/strong><\/li>\n<\/ul>\n<p>La sexta edici\u00f3n Jornadas Gastron\u00f3micas de la Cocina del arroz de oto\u00f1o de Mont-roig y Miami Platja, que organiza Mont-roig Miami Turisme, arrancan este viernes d\u00eda 7 de octubre con nuevas propuestas de platos y men\u00fas con el arroz y los productos agroalimentarios de temporada como principales protagonistas.<\/p>\n<p>Como punto de partida, este viernes 7 de octubre desde las 19 a las 22h, siete restaurantes participantes en las jornadas ofrecer\u00e1n la posibilidad de hacer una degustaci\u00f3n y maridaje de su plato participante, en su establecimiento, por s\u00f3lo 4 \u20ac. Se trata de los establecimientos Eclipse (arroz meloso de rape con almejas), Ginger Caf\u00e9 (risotto de calabaza y setas con queso trufado), La Riviera (arroz prohibido del emperador a la llauna con pato, frutos rojos y setas de temporada), la Tasca d&#8217;en Joan (arroz meloso de rape, n\u00edscalos y cepas), Plats &amp; Co (arroz de oto\u00f1o con cepas), Sab&#8217;s Gourmet (d\u00fao de risotto de calabaza y kabanos y de gambas y calabac\u00edn) y Casablanca Cristal (arroz a la lata de pica\u00f1a de Angus, picadura de \u00f1oras y setas)<\/p>\n<p><strong>Productos de temporada<\/strong><\/p>\n<p>El boniato, las casta\u00f1as, las alcachofas, las cepas, los n\u00edscalos, el pato o el pulpo son algunos de los ingredientes que acompa\u00f1ar\u00e1n a las diferentes propuestas de arroces que presentan los 13 establecimientos participantes en las Jornadas, poniendo de relieve tambi\u00e9n la producci\u00f3n agroalimentaria local. De la decimotercera de restaurantes participantes 8 de ellos en formato men\u00fa y 4 como plato \u00fanico y 1 establecimiento combinando el plato y el men\u00fa. Los precios oscilan de los 9 euros a los 27,5 euros, seg\u00fan se trate del formato plato o men\u00fa completo.<\/p>\n<p>Las Jornadas Gastron\u00f3micas de la Cocina del Arroz de Oto\u00f1o se podr\u00e1n disfrutar hasta el 23 de octubre en los siguientes establecimientos de Miami Playa y de Mont-roig: Balmar, Cal Xato, Can Salvador, Casablanca Cristal, Eclipse, Ginger Caf\u00e9, La Borda d&#8217;en Manel, La Cuina de l&#8217;Ermita, La Mar Salada, La Riviera, La Tasca d&#8217;en Joan, Plats&amp;Co, Sab&#8217;s Gourmet.<\/p>\n<p>Adem\u00e1s, Mont-roig Miami Turisme pone en marcha un concurso en Instagram a trav\u00e9s del cual las personas participantes podr\u00e1n ganar comidas para 2 personas en diferentes restaurantes participantes. Se podr\u00e1n consultar las bases de participaci\u00f3n en la web <a href=\"http:\/\/www.mont-roigmiami.cat\" target=\"_blank\" rel=\"noopener\">www.mont-roigmiami.cat<\/a><\/p>\n<p>Toda la informaci\u00f3n y el folleto con los restaurantes, men\u00fas, platos y precios <a href=\"https:\/\/mont-roig.cat\/wp-content\/uploads\/DESPLEGABLEARROS_BAIXA.pdf\" target=\"_blank\" rel=\"noopener\">en este enlace.<\/a><\/p>\n","protected":false},"excerpt":{"rendered":"<p>&nbsp; Trece establecimientos participaron en esta sexta edici\u00f3n de la propuesta culinaria que combina el arroz con los productos agroalimentarios t\u00edpicos de esta \u00e9poca. Este viernes 7 de octubre, de 19 a 22h, se podr\u00e1 realizar una degustaci\u00f3n y maridaje del plato principal por tan s\u00f3lo 4 euros a siete de los restaurantes participantes. La [&hellip;]<\/p>\n","protected":false},"author":13,"featured_media":65817,"comment_status":"closed","ping_status":"closed","sticky":false,"template":"","format":"standard","meta":{"inline_featured_image":false,"_monsterinsights_skip_tracking":false,"_monsterinsights_sitenote_active":false,"_monsterinsights_sitenote_note":"","_monsterinsights_sitenote_category":0,"footnotes":""},"categories":[98,115],"tags":[],"class_list":["post-65825","post","type-post","status-publish","format-standard","has-post-thumbnail","hentry","category-ayuntamiento","category-turismo"],"yoast_head":"<!-- This site is optimized with the Yoast SEO plugin v27.4 - https:\/\/yoast.com\/product\/yoast-seo-wordpress\/ -->\n<title>Llega una nueva edici\u00f3n de las Jornadas Gastron\u00f3micas de la Cocina del arroz de oto\u00f1o que tendr\u00e1n lugar del 7 al 23 de octubre - Ajuntament de Mont-roig del Camp<\/title>\n<meta name=\"robots\" content=\"index, follow, max-snippet:-1, max-image-preview:large, max-video-preview:-1\" \/>\n<link rel=\"canonical\" href=\"https:\/\/mont-roig.cat\/es\/actualitat\/noticies\/llega-una-nueva-edicion-de-las-jornadas-gastronomicas-de-la-cocina-del-arroz-de-otono-que-tendran-lugar-del-7-al-23-de-octubre\/\" \/>\n<meta property=\"og:locale\" content=\"es_ES\" \/>\n<meta property=\"og:type\" content=\"article\" \/>\n<meta property=\"og:title\" content=\"Llega una nueva edici\u00f3n de las Jornadas Gastron\u00f3micas de la Cocina del arroz de oto\u00f1o que tendr\u00e1n lugar del 7 al 23 de octubre - Ajuntament de Mont-roig del Camp\" \/>\n<meta property=\"og:description\" content=\"&nbsp; Trece establecimientos participaron en esta sexta edici\u00f3n de la propuesta culinaria que combina el arroz con los productos agroalimentarios t\u00edpicos de esta \u00e9poca. Este viernes 7 de octubre, de 19 a 22h, se podr\u00e1 realizar una degustaci\u00f3n y maridaje del plato principal por tan s\u00f3lo 4 euros a siete de los restaurantes participantes. La [&hellip;]\" \/>\n<meta property=\"og:url\" content=\"https:\/\/mont-roig.cat\/es\/actualitat\/noticies\/llega-una-nueva-edicion-de-las-jornadas-gastronomicas-de-la-cocina-del-arroz-de-otono-que-tendran-lugar-del-7-al-23-de-octubre\/\" \/>\n<meta property=\"og:site_name\" content=\"Ajuntament de Mont-roig del Camp\" \/>\n<meta property=\"article:published_time\" content=\"2022-10-04T11:07:43+00:00\" \/>\n<meta property=\"article:modified_time\" content=\"2022-10-04T11:20:45+00:00\" \/>\n<meta property=\"og:image\" content=\"https:\/\/mont-roig.cat\/wp-content\/uploads\/CARTELL-ARROS.jpg\" \/>\n\t<meta property=\"og:image:width\" content=\"1413\" \/>\n\t<meta property=\"og:image:height\" content=\"1951\" \/>\n\t<meta property=\"og:image:type\" content=\"image\/jpeg\" \/>\n<meta name=\"author\" content=\"comunicacio\" \/>\n<meta name=\"twitter:card\" content=\"summary_large_image\" \/>\n<meta name=\"twitter:label1\" content=\"Escrito por\" \/>\n\t<meta name=\"twitter:data1\" content=\"comunicacio\" \/>\n\t<meta name=\"twitter:label2\" content=\"Tiempo de lectura\" \/>\n\t<meta name=\"twitter:data2\" content=\"3 minutos\" \/>\n<script type=\"application\/ld+json\" class=\"yoast-schema-graph\">{\"@context\":\"https:\\\/\\\/schema.org\",\"@graph\":[{\"@type\":\"Article\",\"@id\":\"https:\\\/\\\/mont-roig.cat\\\/es\\\/actualitat\\\/noticies\\\/llega-una-nueva-edicion-de-las-jornadas-gastronomicas-de-la-cocina-del-arroz-de-otono-que-tendran-lugar-del-7-al-23-de-octubre\\\/#article\",\"isPartOf\":{\"@id\":\"https:\\\/\\\/mont-roig.cat\\\/es\\\/actualitat\\\/noticies\\\/llega-una-nueva-edicion-de-las-jornadas-gastronomicas-de-la-cocina-del-arroz-de-otono-que-tendran-lugar-del-7-al-23-de-octubre\\\/\"},\"author\":{\"name\":\"comunicacio\",\"@id\":\"https:\\\/\\\/mont-roig.cat\\\/es\\\/#\\\/schema\\\/person\\\/1f73e7b5e6f9dd122e8a6f14f310ac5e\"},\"headline\":\"Llega una nueva edici\u00f3n de las Jornadas Gastron\u00f3micas de la Cocina del arroz de oto\u00f1o que tendr\u00e1n lugar del 7 al 23 de octubre\",\"datePublished\":\"2022-10-04T11:07:43+00:00\",\"dateModified\":\"2022-10-04T11:20:45+00:00\",\"mainEntityOfPage\":{\"@id\":\"https:\\\/\\\/mont-roig.cat\\\/es\\\/actualitat\\\/noticies\\\/llega-una-nueva-edicion-de-las-jornadas-gastronomicas-de-la-cocina-del-arroz-de-otono-que-tendran-lugar-del-7-al-23-de-octubre\\\/\"},\"wordCount\":496,\"image\":{\"@id\":\"https:\\\/\\\/mont-roig.cat\\\/es\\\/actualitat\\\/noticies\\\/llega-una-nueva-edicion-de-las-jornadas-gastronomicas-de-la-cocina-del-arroz-de-otono-que-tendran-lugar-del-7-al-23-de-octubre\\\/#primaryimage\"},\"thumbnailUrl\":\"https:\\\/\\\/mont-roig.cat\\\/wp-content\\\/uploads\\\/CARTELL-ARROS.jpg\",\"articleSection\":[\"Ayuntamiento\",\"Turismo\"],\"inLanguage\":\"es\"},{\"@type\":\"WebPage\",\"@id\":\"https:\\\/\\\/mont-roig.cat\\\/es\\\/actualitat\\\/noticies\\\/llega-una-nueva-edicion-de-las-jornadas-gastronomicas-de-la-cocina-del-arroz-de-otono-que-tendran-lugar-del-7-al-23-de-octubre\\\/\",\"url\":\"https:\\\/\\\/mont-roig.cat\\\/es\\\/actualitat\\\/noticies\\\/llega-una-nueva-edicion-de-las-jornadas-gastronomicas-de-la-cocina-del-arroz-de-otono-que-tendran-lugar-del-7-al-23-de-octubre\\\/\",\"name\":\"Llega una nueva edici\u00f3n de las Jornadas Gastron\u00f3micas de la Cocina del arroz de oto\u00f1o que tendr\u00e1n lugar del 7 al 23 de octubre - Ajuntament de Mont-roig del Camp\",\"isPartOf\":{\"@id\":\"https:\\\/\\\/mont-roig.cat\\\/es\\\/#website\"},\"primaryImageOfPage\":{\"@id\":\"https:\\\/\\\/mont-roig.cat\\\/es\\\/actualitat\\\/noticies\\\/llega-una-nueva-edicion-de-las-jornadas-gastronomicas-de-la-cocina-del-arroz-de-otono-que-tendran-lugar-del-7-al-23-de-octubre\\\/#primaryimage\"},\"image\":{\"@id\":\"https:\\\/\\\/mont-roig.cat\\\/es\\\/actualitat\\\/noticies\\\/llega-una-nueva-edicion-de-las-jornadas-gastronomicas-de-la-cocina-del-arroz-de-otono-que-tendran-lugar-del-7-al-23-de-octubre\\\/#primaryimage\"},\"thumbnailUrl\":\"https:\\\/\\\/mont-roig.cat\\\/wp-content\\\/uploads\\\/CARTELL-ARROS.jpg\",\"datePublished\":\"2022-10-04T11:07:43+00:00\",\"dateModified\":\"2022-10-04T11:20:45+00:00\",\"author\":{\"@id\":\"https:\\\/\\\/mont-roig.cat\\\/es\\\/#\\\/schema\\\/person\\\/1f73e7b5e6f9dd122e8a6f14f310ac5e\"},\"breadcrumb\":{\"@id\":\"https:\\\/\\\/mont-roig.cat\\\/es\\\/actualitat\\\/noticies\\\/llega-una-nueva-edicion-de-las-jornadas-gastronomicas-de-la-cocina-del-arroz-de-otono-que-tendran-lugar-del-7-al-23-de-octubre\\\/#breadcrumb\"},\"inLanguage\":\"es\",\"potentialAction\":[{\"@type\":\"ReadAction\",\"target\":[\"https:\\\/\\\/mont-roig.cat\\\/es\\\/actualitat\\\/noticies\\\/llega-una-nueva-edicion-de-las-jornadas-gastronomicas-de-la-cocina-del-arroz-de-otono-que-tendran-lugar-del-7-al-23-de-octubre\\\/\"]}]},{\"@type\":\"ImageObject\",\"inLanguage\":\"es\",\"@id\":\"https:\\\/\\\/mont-roig.cat\\\/es\\\/actualitat\\\/noticies\\\/llega-una-nueva-edicion-de-las-jornadas-gastronomicas-de-la-cocina-del-arroz-de-otono-que-tendran-lugar-del-7-al-23-de-octubre\\\/#primaryimage\",\"url\":\"https:\\\/\\\/mont-roig.cat\\\/wp-content\\\/uploads\\\/CARTELL-ARROS.jpg\",\"contentUrl\":\"https:\\\/\\\/mont-roig.cat\\\/wp-content\\\/uploads\\\/CARTELL-ARROS.jpg\",\"width\":1413,\"height\":1951},{\"@type\":\"BreadcrumbList\",\"@id\":\"https:\\\/\\\/mont-roig.cat\\\/es\\\/actualitat\\\/noticies\\\/llega-una-nueva-edicion-de-las-jornadas-gastronomicas-de-la-cocina-del-arroz-de-otono-que-tendran-lugar-del-7-al-23-de-octubre\\\/#breadcrumb\",\"itemListElement\":[{\"@type\":\"ListItem\",\"position\":1,\"name\":\"Inici\",\"item\":\"https:\\\/\\\/mont-roig.cat\\\/es\\\/pagina-de-inicio\\\/\"},{\"@type\":\"ListItem\",\"position\":2,\"name\":\"Llega una nueva edici\u00f3n de las Jornadas Gastron\u00f3micas de la Cocina del arroz de oto\u00f1o que tendr\u00e1n lugar del 7 al 23 de octubre\"}]},{\"@type\":\"WebSite\",\"@id\":\"https:\\\/\\\/mont-roig.cat\\\/es\\\/#website\",\"url\":\"https:\\\/\\\/mont-roig.cat\\\/es\\\/\",\"name\":\"Ajuntament de Mont-roig del Camp\",\"description\":\"Tota la informaci\u00f3 sobre la instituci\u00f3, els seus \u00f2rgans de govern, actualitat, serveis i molt m\u00e9s.\",\"potentialAction\":[{\"@type\":\"SearchAction\",\"target\":{\"@type\":\"EntryPoint\",\"urlTemplate\":\"https:\\\/\\\/mont-roig.cat\\\/es\\\/?s={search_term_string}\"},\"query-input\":{\"@type\":\"PropertyValueSpecification\",\"valueRequired\":true,\"valueName\":\"search_term_string\"}}],\"inLanguage\":\"es\"},{\"@type\":\"Person\",\"@id\":\"https:\\\/\\\/mont-roig.cat\\\/es\\\/#\\\/schema\\\/person\\\/1f73e7b5e6f9dd122e8a6f14f310ac5e\",\"name\":\"comunicacio\",\"image\":{\"@type\":\"ImageObject\",\"inLanguage\":\"es\",\"@id\":\"https:\\\/\\\/secure.gravatar.com\\\/avatar\\\/98944333e7a877670a64f8d10f0cb680ab2c9ebc4efc43945ef004b52b5ad28c?s=96&d=mm&r=g\",\"url\":\"https:\\\/\\\/secure.gravatar.com\\\/avatar\\\/98944333e7a877670a64f8d10f0cb680ab2c9ebc4efc43945ef004b52b5ad28c?s=96&d=mm&r=g\",\"contentUrl\":\"https:\\\/\\\/secure.gravatar.com\\\/avatar\\\/98944333e7a877670a64f8d10f0cb680ab2c9ebc4efc43945ef004b52b5ad28c?s=96&d=mm&r=g\",\"caption\":\"comunicacio\"},\"url\":\"https:\\\/\\\/mont-roig.cat\\\/es\\\/actualitat\\\/noticies\\\/author\\\/comunicacio\\\/\"}]}<\/script>\n<!-- \/ Yoast SEO plugin. -->","yoast_head_json":{"title":"Llega una nueva edici\u00f3n de las Jornadas Gastron\u00f3micas de la Cocina del arroz de oto\u00f1o que tendr\u00e1n lugar del 7 al 23 de octubre - Ajuntament de Mont-roig del Camp","robots":{"index":"index","follow":"follow","max-snippet":"max-snippet:-1","max-image-preview":"max-image-preview:large","max-video-preview":"max-video-preview:-1"},"canonical":"https:\/\/mont-roig.cat\/es\/actualitat\/noticies\/llega-una-nueva-edicion-de-las-jornadas-gastronomicas-de-la-cocina-del-arroz-de-otono-que-tendran-lugar-del-7-al-23-de-octubre\/","og_locale":"es_ES","og_type":"article","og_title":"Llega una nueva edici\u00f3n de las Jornadas Gastron\u00f3micas de la Cocina del arroz de oto\u00f1o que tendr\u00e1n lugar del 7 al 23 de octubre - Ajuntament de Mont-roig del Camp","og_description":"&nbsp; Trece establecimientos participaron en esta sexta edici\u00f3n de la propuesta culinaria que combina el arroz con los productos agroalimentarios t\u00edpicos de esta \u00e9poca. Este viernes 7 de octubre, de 19 a 22h, se podr\u00e1 realizar una degustaci\u00f3n y maridaje del plato principal por tan s\u00f3lo 4 euros a siete de los restaurantes participantes. La [&hellip;]","og_url":"https:\/\/mont-roig.cat\/es\/actualitat\/noticies\/llega-una-nueva-edicion-de-las-jornadas-gastronomicas-de-la-cocina-del-arroz-de-otono-que-tendran-lugar-del-7-al-23-de-octubre\/","og_site_name":"Ajuntament de Mont-roig del Camp","article_published_time":"2022-10-04T11:07:43+00:00","article_modified_time":"2022-10-04T11:20:45+00:00","og_image":[{"width":1413,"height":1951,"url":"https:\/\/mont-roig.cat\/wp-content\/uploads\/CARTELL-ARROS.jpg","type":"image\/jpeg"}],"author":"comunicacio","twitter_card":"summary_large_image","twitter_misc":{"Escrito por":"comunicacio","Tiempo de lectura":"3 minutos"},"schema":{"@context":"https:\/\/schema.org","@graph":[{"@type":"Article","@id":"https:\/\/mont-roig.cat\/es\/actualitat\/noticies\/llega-una-nueva-edicion-de-las-jornadas-gastronomicas-de-la-cocina-del-arroz-de-otono-que-tendran-lugar-del-7-al-23-de-octubre\/#article","isPartOf":{"@id":"https:\/\/mont-roig.cat\/es\/actualitat\/noticies\/llega-una-nueva-edicion-de-las-jornadas-gastronomicas-de-la-cocina-del-arroz-de-otono-que-tendran-lugar-del-7-al-23-de-octubre\/"},"author":{"name":"comunicacio","@id":"https:\/\/mont-roig.cat\/es\/#\/schema\/person\/1f73e7b5e6f9dd122e8a6f14f310ac5e"},"headline":"Llega una nueva edici\u00f3n de las Jornadas Gastron\u00f3micas de la Cocina del arroz de oto\u00f1o que tendr\u00e1n lugar del 7 al 23 de octubre","datePublished":"2022-10-04T11:07:43+00:00","dateModified":"2022-10-04T11:20:45+00:00","mainEntityOfPage":{"@id":"https:\/\/mont-roig.cat\/es\/actualitat\/noticies\/llega-una-nueva-edicion-de-las-jornadas-gastronomicas-de-la-cocina-del-arroz-de-otono-que-tendran-lugar-del-7-al-23-de-octubre\/"},"wordCount":496,"image":{"@id":"https:\/\/mont-roig.cat\/es\/actualitat\/noticies\/llega-una-nueva-edicion-de-las-jornadas-gastronomicas-de-la-cocina-del-arroz-de-otono-que-tendran-lugar-del-7-al-23-de-octubre\/#primaryimage"},"thumbnailUrl":"https:\/\/mont-roig.cat\/wp-content\/uploads\/CARTELL-ARROS.jpg","articleSection":["Ayuntamiento","Turismo"],"inLanguage":"es"},{"@type":"WebPage","@id":"https:\/\/mont-roig.cat\/es\/actualitat\/noticies\/llega-una-nueva-edicion-de-las-jornadas-gastronomicas-de-la-cocina-del-arroz-de-otono-que-tendran-lugar-del-7-al-23-de-octubre\/","url":"https:\/\/mont-roig.cat\/es\/actualitat\/noticies\/llega-una-nueva-edicion-de-las-jornadas-gastronomicas-de-la-cocina-del-arroz-de-otono-que-tendran-lugar-del-7-al-23-de-octubre\/","name":"Llega una nueva edici\u00f3n de las Jornadas Gastron\u00f3micas de la Cocina del arroz de oto\u00f1o que tendr\u00e1n lugar del 7 al 23 de octubre - Ajuntament de Mont-roig del Camp","isPartOf":{"@id":"https:\/\/mont-roig.cat\/es\/#website"},"primaryImageOfPage":{"@id":"https:\/\/mont-roig.cat\/es\/actualitat\/noticies\/llega-una-nueva-edicion-de-las-jornadas-gastronomicas-de-la-cocina-del-arroz-de-otono-que-tendran-lugar-del-7-al-23-de-octubre\/#primaryimage"},"image":{"@id":"https:\/\/mont-roig.cat\/es\/actualitat\/noticies\/llega-una-nueva-edicion-de-las-jornadas-gastronomicas-de-la-cocina-del-arroz-de-otono-que-tendran-lugar-del-7-al-23-de-octubre\/#primaryimage"},"thumbnailUrl":"https:\/\/mont-roig.cat\/wp-content\/uploads\/CARTELL-ARROS.jpg","datePublished":"2022-10-04T11:07:43+00:00","dateModified":"2022-10-04T11:20:45+00:00","author":{"@id":"https:\/\/mont-roig.cat\/es\/#\/schema\/person\/1f73e7b5e6f9dd122e8a6f14f310ac5e"},"breadcrumb":{"@id":"https:\/\/mont-roig.cat\/es\/actualitat\/noticies\/llega-una-nueva-edicion-de-las-jornadas-gastronomicas-de-la-cocina-del-arroz-de-otono-que-tendran-lugar-del-7-al-23-de-octubre\/#breadcrumb"},"inLanguage":"es","potentialAction":[{"@type":"ReadAction","target":["https:\/\/mont-roig.cat\/es\/actualitat\/noticies\/llega-una-nueva-edicion-de-las-jornadas-gastronomicas-de-la-cocina-del-arroz-de-otono-que-tendran-lugar-del-7-al-23-de-octubre\/"]}]},{"@type":"ImageObject","inLanguage":"es","@id":"https:\/\/mont-roig.cat\/es\/actualitat\/noticies\/llega-una-nueva-edicion-de-las-jornadas-gastronomicas-de-la-cocina-del-arroz-de-otono-que-tendran-lugar-del-7-al-23-de-octubre\/#primaryimage","url":"https:\/\/mont-roig.cat\/wp-content\/uploads\/CARTELL-ARROS.jpg","contentUrl":"https:\/\/mont-roig.cat\/wp-content\/uploads\/CARTELL-ARROS.jpg","width":1413,"height":1951},{"@type":"BreadcrumbList","@id":"https:\/\/mont-roig.cat\/es\/actualitat\/noticies\/llega-una-nueva-edicion-de-las-jornadas-gastronomicas-de-la-cocina-del-arroz-de-otono-que-tendran-lugar-del-7-al-23-de-octubre\/#breadcrumb","itemListElement":[{"@type":"ListItem","position":1,"name":"Inici","item":"https:\/\/mont-roig.cat\/es\/pagina-de-inicio\/"},{"@type":"ListItem","position":2,"name":"Llega una nueva edici\u00f3n de las Jornadas Gastron\u00f3micas de la Cocina del arroz de oto\u00f1o que tendr\u00e1n lugar del 7 al 23 de octubre"}]},{"@type":"WebSite","@id":"https:\/\/mont-roig.cat\/es\/#website","url":"https:\/\/mont-roig.cat\/es\/","name":"Ajuntament de Mont-roig del Camp","description":"Tota la informaci\u00f3 sobre la instituci\u00f3, els seus \u00f2rgans de govern, actualitat, serveis i molt m\u00e9s.","potentialAction":[{"@type":"SearchAction","target":{"@type":"EntryPoint","urlTemplate":"https:\/\/mont-roig.cat\/es\/?s={search_term_string}"},"query-input":{"@type":"PropertyValueSpecification","valueRequired":true,"valueName":"search_term_string"}}],"inLanguage":"es"},{"@type":"Person","@id":"https:\/\/mont-roig.cat\/es\/#\/schema\/person\/1f73e7b5e6f9dd122e8a6f14f310ac5e","name":"comunicacio","image":{"@type":"ImageObject","inLanguage":"es","@id":"https:\/\/secure.gravatar.com\/avatar\/98944333e7a877670a64f8d10f0cb680ab2c9ebc4efc43945ef004b52b5ad28c?s=96&d=mm&r=g","url":"https:\/\/secure.gravatar.com\/avatar\/98944333e7a877670a64f8d10f0cb680ab2c9ebc4efc43945ef004b52b5ad28c?s=96&d=mm&r=g","contentUrl":"https:\/\/secure.gravatar.com\/avatar\/98944333e7a877670a64f8d10f0cb680ab2c9ebc4efc43945ef004b52b5ad28c?s=96&d=mm&r=g","caption":"comunicacio"},"url":"https:\/\/mont-roig.cat\/es\/actualitat\/noticies\/author\/comunicacio\/"}]}},"_links":{"self":[{"href":"https:\/\/mont-roig.cat\/es\/wp-json\/wp\/v2\/posts\/65825","targetHints":{"allow":["GET"]}}],"collection":[{"href":"https:\/\/mont-roig.cat\/es\/wp-json\/wp\/v2\/posts"}],"about":[{"href":"https:\/\/mont-roig.cat\/es\/wp-json\/wp\/v2\/types\/post"}],"author":[{"embeddable":true,"href":"https:\/\/mont-roig.cat\/es\/wp-json\/wp\/v2\/users\/13"}],"replies":[{"embeddable":true,"href":"https:\/\/mont-roig.cat\/es\/wp-json\/wp\/v2\/comments?post=65825"}],"version-history":[{"count":2,"href":"https:\/\/mont-roig.cat\/es\/wp-json\/wp\/v2\/posts\/65825\/revisions"}],"predecessor-version":[{"id":65827,"href":"https:\/\/mont-roig.cat\/es\/wp-json\/wp\/v2\/posts\/65825\/revisions\/65827"}],"wp:featuredmedia":[{"embeddable":true,"href":"https:\/\/mont-roig.cat\/es\/wp-json\/wp\/v2\/media\/65817"}],"wp:attachment":[{"href":"https:\/\/mont-roig.cat\/es\/wp-json\/wp\/v2\/media?parent=65825"}],"wp:term":[{"taxonomy":"category","embeddable":true,"href":"https:\/\/mont-roig.cat\/es\/wp-json\/wp\/v2\/categories?post=65825"},{"taxonomy":"post_tag","embeddable":true,"href":"https:\/\/mont-roig.cat\/es\/wp-json\/wp\/v2\/tags?post=65825"}],"curies":[{"name":"wp","href":"https:\/\/api.w.org\/{rel}","templated":true}]}}