{"id":66029,"date":"2022-10-14T14:55:52","date_gmt":"2022-10-14T12:55:52","guid":{"rendered":"https:\/\/mont-roig.cat\/?p=66029"},"modified":"2022-10-14T14:55:52","modified_gmt":"2022-10-14T12:55:52","slug":"el-ayuntamiento-adjudica-el-servicio-de-camaras-de-seguridad-y-vigilancia-del-municipio","status":"publish","type":"post","link":"https:\/\/mont-roig.cat\/es\/actualitat\/noticies\/el-ayuntamiento-adjudica-el-servicio-de-camaras-de-seguridad-y-vigilancia-del-municipio\/","title":{"rendered":"El Ayuntamiento adjudica el servicio de c\u00e1maras de seguridad y vigilancia del municipio"},"content":{"rendered":"<ul>\n<li><strong>Esta semana se han revisado los 14 puntos donde se instalar\u00e1n las c\u00e1maras, que permitir\u00e1n registrar todas las entradas y salidas de veh\u00edculos del municipio y reforzar la labor de la Polic\u00eda Local aumentando su eficacia en la resoluci\u00f3n de hechos delictivos<\/strong><\/li>\n<\/ul>\n<div id=\"attachment_66025\" style=\"width: 310px\" class=\"wp-caption alignright\"><a href=\"https:\/\/mont-roig.cat\/wp-content\/uploads\/Revisio-dels-punts-on-sinstallaran-les-cameres-de-seguretat.jpeg\"><img loading=\"lazy\" decoding=\"async\" aria-describedby=\"caption-attachment-66025\" class=\"wp-image-66025\" src=\"https:\/\/mont-roig.cat\/wp-content\/uploads\/Revisio-dels-punts-on-sinstallaran-les-cameres-de-seguretat-500x375.jpeg\" alt=\"\" width=\"300\" height=\"225\" srcset=\"https:\/\/mont-roig.cat\/wp-content\/uploads\/Revisio-dels-punts-on-sinstallaran-les-cameres-de-seguretat-500x375.jpeg 500w, https:\/\/mont-roig.cat\/wp-content\/uploads\/Revisio-dels-punts-on-sinstallaran-les-cameres-de-seguretat-1024x768.jpeg 1024w, https:\/\/mont-roig.cat\/wp-content\/uploads\/Revisio-dels-punts-on-sinstallaran-les-cameres-de-seguretat-768x576.jpeg 768w, https:\/\/mont-roig.cat\/wp-content\/uploads\/Revisio-dels-punts-on-sinstallaran-les-cameres-de-seguretat-1536x1152.jpeg 1536w, https:\/\/mont-roig.cat\/wp-content\/uploads\/Revisio-dels-punts-on-sinstallaran-les-cameres-de-seguretat-463x348.jpeg 463w, https:\/\/mont-roig.cat\/wp-content\/uploads\/Revisio-dels-punts-on-sinstallaran-les-cameres-de-seguretat.jpeg 2048w\" sizes=\"auto, (max-width: 300px) 100vw, 300px\" \/><\/a><p id=\"caption-attachment-66025\" class=\"wp-caption-text\">El Ayuntamiento y la empresa adjudicataria ya han iniciado las tareas previas a la instalaci\u00f3n de las c\u00e1maras<\/p><\/div>\n<p>El concejal de Seguridad, Vicente P\u00e9rez, junto a miembros de la Polic\u00eda Local, Nostreserveis y representantes de la empresa adjudicataria, han revisado, esta semana, los diversos puntos del municipio donde se instalar\u00e1n las c\u00e1maras de seguridad. Precisamente, este mismo mes de octubre, el Ayuntamiento ha adjudicado el suministro, instalaci\u00f3n, legalizaci\u00f3n y mantenimiento de un nuevo sistema de seguridad de c\u00e1maras a Security Systems SL por importe de 126.231 \u20ac (sin IVA).<\/p>\n<p>El nuevo sistema, que est\u00e1 previsto que entre en funcionamiento antes de finales de a\u00f1o, est\u00e1 formado por 13 c\u00e1maras lectoras de placas de matr\u00edcula y una c\u00e1mara de ambiente, ubicadas en puntos estrat\u00e9gicos. Una vez entren en funcionamiento quedar\u00e1n registrados en las bases de datos todos los veh\u00edculos que entren y salgan del municipio desde cualquier punto de acceso a la localidad.<\/p>\n<p>Este sistema de videovigilancia permitir\u00e1 incrementar la eficacia de la Polic\u00eda Local en la resoluci\u00f3n de hechos delictivos, aprovechando al mismo tiempo las ventajas de las nuevas tecnolog\u00edas. La informaci\u00f3n que se extraer\u00e1 del sistema facilitar\u00e1 la labor de los cuerpos y fuerzas de seguridad en la resoluci\u00f3n de robos, hurtos u otros delitos. Asimismo, se espera incrementar la sensaci\u00f3n de seguridad y reducir los hechos inc\u00edvicos y delictivos. De hecho, est\u00e1 demostrado que la instalaci\u00f3n de c\u00e1maras reduce los delitos (en otras localidades hasta un 70% de los robos).<\/p>\n<p><strong>Otras funciones<\/strong><br \/>\nPor otra parte, con la implantaci\u00f3n de las c\u00e1maras se obtendr\u00e1n datos que podr\u00e1n utilizarse en \u00e1mbitos como el turismo o la contaminaci\u00f3n de los veh\u00edculos, entre otros. As\u00ed, en base a la identificaci\u00f3n de las matr\u00edculas de los veh\u00edculos y mediante c\u00e1lculos algor\u00edtmicos que ofrece el software del sistema se podr\u00e1n extraer datos relativos a las nacionalidades, duraci\u00f3n de las pernoctaciones o estancias en el municipio. \u00c9stas tambi\u00e9n podr\u00e1n ser utilizadas para realizar an\u00e1lisis m\u00e1s completos en cuanto al perfil de los visitantes del municipio y sus preferencias.<\/p>\n","protected":false},"excerpt":{"rendered":"<p>Esta semana se han revisado los 14 puntos donde se instalar\u00e1n las c\u00e1maras, que permitir\u00e1n registrar todas las entradas y salidas de veh\u00edculos del municipio y reforzar la labor de la Polic\u00eda Local aumentando su eficacia en la resoluci\u00f3n de hechos delictivos El concejal de Seguridad, Vicente P\u00e9rez, junto a miembros de la Polic\u00eda Local, [&hellip;]<\/p>\n","protected":false},"author":13,"featured_media":66026,"comment_status":"closed","ping_status":"closed","sticky":false,"template":"","format":"standard","meta":{"inline_featured_image":false,"_monsterinsights_skip_tracking":false,"_monsterinsights_sitenote_active":false,"_monsterinsights_sitenote_note":"","_monsterinsights_sitenote_category":0,"footnotes":""},"categories":[113],"tags":[],"class_list":["post-66029","post","type-post","status-publish","format-standard","has-post-thumbnail","hentry","category-seguridad"],"yoast_head":"<!-- This site is optimized with the Yoast SEO plugin v27.4 - https:\/\/yoast.com\/product\/yoast-seo-wordpress\/ -->\n<title>El Ayuntamiento adjudica el servicio de c\u00e1maras de seguridad y vigilancia del municipio - Ajuntament de Mont-roig del Camp<\/title>\n<meta name=\"robots\" content=\"index, follow, max-snippet:-1, max-image-preview:large, max-video-preview:-1\" \/>\n<link rel=\"canonical\" href=\"https:\/\/mont-roig.cat\/es\/actualitat\/noticies\/el-ayuntamiento-adjudica-el-servicio-de-camaras-de-seguridad-y-vigilancia-del-municipio\/\" \/>\n<meta property=\"og:locale\" content=\"es_ES\" \/>\n<meta property=\"og:type\" content=\"article\" \/>\n<meta property=\"og:title\" content=\"El Ayuntamiento adjudica el servicio de c\u00e1maras de seguridad y vigilancia del municipio - Ajuntament de Mont-roig del Camp\" \/>\n<meta property=\"og:description\" content=\"Esta semana se han revisado los 14 puntos donde se instalar\u00e1n las c\u00e1maras, que permitir\u00e1n registrar todas las entradas y salidas de veh\u00edculos del municipio y reforzar la labor de la Polic\u00eda Local aumentando su eficacia en la resoluci\u00f3n de hechos delictivos El concejal de Seguridad, Vicente P\u00e9rez, junto a miembros de la Polic\u00eda Local, [&hellip;]\" \/>\n<meta property=\"og:url\" content=\"https:\/\/mont-roig.cat\/es\/actualitat\/noticies\/el-ayuntamiento-adjudica-el-servicio-de-camaras-de-seguridad-y-vigilancia-del-municipio\/\" \/>\n<meta property=\"og:site_name\" content=\"Ajuntament de Mont-roig del Camp\" \/>\n<meta property=\"article:published_time\" content=\"2022-10-14T12:55:52+00:00\" \/>\n<meta property=\"og:image\" content=\"https:\/\/mont-roig.cat\/wp-content\/uploads\/Revisio-dels-punts-on-sinstallaran-les-cameres-de-seguretat.jpeg\" \/>\n\t<meta property=\"og:image:width\" content=\"2048\" \/>\n\t<meta property=\"og:image:height\" content=\"1536\" \/>\n\t<meta property=\"og:image:type\" content=\"image\/jpeg\" \/>\n<meta name=\"author\" content=\"comunicacio\" \/>\n<meta name=\"twitter:card\" content=\"summary_large_image\" \/>\n<meta name=\"twitter:label1\" content=\"Escrito por\" \/>\n\t<meta name=\"twitter:data1\" content=\"comunicacio\" \/>\n\t<meta name=\"twitter:label2\" content=\"Tiempo de lectura\" \/>\n\t<meta name=\"twitter:data2\" content=\"3 minutos\" \/>\n<script type=\"application\/ld+json\" class=\"yoast-schema-graph\">{\"@context\":\"https:\\\/\\\/schema.org\",\"@graph\":[{\"@type\":\"Article\",\"@id\":\"https:\\\/\\\/mont-roig.cat\\\/es\\\/actualitat\\\/noticies\\\/el-ayuntamiento-adjudica-el-servicio-de-camaras-de-seguridad-y-vigilancia-del-municipio\\\/#article\",\"isPartOf\":{\"@id\":\"https:\\\/\\\/mont-roig.cat\\\/es\\\/actualitat\\\/noticies\\\/el-ayuntamiento-adjudica-el-servicio-de-camaras-de-seguridad-y-vigilancia-del-municipio\\\/\"},\"author\":{\"name\":\"comunicacio\",\"@id\":\"https:\\\/\\\/mont-roig.cat\\\/es\\\/#\\\/schema\\\/person\\\/1f73e7b5e6f9dd122e8a6f14f310ac5e\"},\"headline\":\"El Ayuntamiento adjudica el servicio de c\u00e1maras de seguridad y vigilancia del municipio\",\"datePublished\":\"2022-10-14T12:55:52+00:00\",\"mainEntityOfPage\":{\"@id\":\"https:\\\/\\\/mont-roig.cat\\\/es\\\/actualitat\\\/noticies\\\/el-ayuntamiento-adjudica-el-servicio-de-camaras-de-seguridad-y-vigilancia-del-municipio\\\/\"},\"wordCount\":439,\"image\":{\"@id\":\"https:\\\/\\\/mont-roig.cat\\\/es\\\/actualitat\\\/noticies\\\/el-ayuntamiento-adjudica-el-servicio-de-camaras-de-seguridad-y-vigilancia-del-municipio\\\/#primaryimage\"},\"thumbnailUrl\":\"https:\\\/\\\/mont-roig.cat\\\/wp-content\\\/uploads\\\/Revisio-dels-punts-on-sinstallaran-les-cameres-de-seguretat.jpeg\",\"articleSection\":[\"Seguridad\"],\"inLanguage\":\"es\"},{\"@type\":\"WebPage\",\"@id\":\"https:\\\/\\\/mont-roig.cat\\\/es\\\/actualitat\\\/noticies\\\/el-ayuntamiento-adjudica-el-servicio-de-camaras-de-seguridad-y-vigilancia-del-municipio\\\/\",\"url\":\"https:\\\/\\\/mont-roig.cat\\\/es\\\/actualitat\\\/noticies\\\/el-ayuntamiento-adjudica-el-servicio-de-camaras-de-seguridad-y-vigilancia-del-municipio\\\/\",\"name\":\"El Ayuntamiento adjudica el servicio de c\u00e1maras de seguridad y vigilancia del municipio - Ajuntament de Mont-roig del Camp\",\"isPartOf\":{\"@id\":\"https:\\\/\\\/mont-roig.cat\\\/es\\\/#website\"},\"primaryImageOfPage\":{\"@id\":\"https:\\\/\\\/mont-roig.cat\\\/es\\\/actualitat\\\/noticies\\\/el-ayuntamiento-adjudica-el-servicio-de-camaras-de-seguridad-y-vigilancia-del-municipio\\\/#primaryimage\"},\"image\":{\"@id\":\"https:\\\/\\\/mont-roig.cat\\\/es\\\/actualitat\\\/noticies\\\/el-ayuntamiento-adjudica-el-servicio-de-camaras-de-seguridad-y-vigilancia-del-municipio\\\/#primaryimage\"},\"thumbnailUrl\":\"https:\\\/\\\/mont-roig.cat\\\/wp-content\\\/uploads\\\/Revisio-dels-punts-on-sinstallaran-les-cameres-de-seguretat.jpeg\",\"datePublished\":\"2022-10-14T12:55:52+00:00\",\"author\":{\"@id\":\"https:\\\/\\\/mont-roig.cat\\\/es\\\/#\\\/schema\\\/person\\\/1f73e7b5e6f9dd122e8a6f14f310ac5e\"},\"breadcrumb\":{\"@id\":\"https:\\\/\\\/mont-roig.cat\\\/es\\\/actualitat\\\/noticies\\\/el-ayuntamiento-adjudica-el-servicio-de-camaras-de-seguridad-y-vigilancia-del-municipio\\\/#breadcrumb\"},\"inLanguage\":\"es\",\"potentialAction\":[{\"@type\":\"ReadAction\",\"target\":[\"https:\\\/\\\/mont-roig.cat\\\/es\\\/actualitat\\\/noticies\\\/el-ayuntamiento-adjudica-el-servicio-de-camaras-de-seguridad-y-vigilancia-del-municipio\\\/\"]}]},{\"@type\":\"ImageObject\",\"inLanguage\":\"es\",\"@id\":\"https:\\\/\\\/mont-roig.cat\\\/es\\\/actualitat\\\/noticies\\\/el-ayuntamiento-adjudica-el-servicio-de-camaras-de-seguridad-y-vigilancia-del-municipio\\\/#primaryimage\",\"url\":\"https:\\\/\\\/mont-roig.cat\\\/wp-content\\\/uploads\\\/Revisio-dels-punts-on-sinstallaran-les-cameres-de-seguretat.jpeg\",\"contentUrl\":\"https:\\\/\\\/mont-roig.cat\\\/wp-content\\\/uploads\\\/Revisio-dels-punts-on-sinstallaran-les-cameres-de-seguretat.jpeg\",\"width\":2048,\"height\":1536},{\"@type\":\"BreadcrumbList\",\"@id\":\"https:\\\/\\\/mont-roig.cat\\\/es\\\/actualitat\\\/noticies\\\/el-ayuntamiento-adjudica-el-servicio-de-camaras-de-seguridad-y-vigilancia-del-municipio\\\/#breadcrumb\",\"itemListElement\":[{\"@type\":\"ListItem\",\"position\":1,\"name\":\"Inici\",\"item\":\"https:\\\/\\\/mont-roig.cat\\\/es\\\/pagina-de-inicio\\\/\"},{\"@type\":\"ListItem\",\"position\":2,\"name\":\"El Ayuntamiento adjudica el servicio de c\u00e1maras de seguridad y vigilancia del municipio\"}]},{\"@type\":\"WebSite\",\"@id\":\"https:\\\/\\\/mont-roig.cat\\\/es\\\/#website\",\"url\":\"https:\\\/\\\/mont-roig.cat\\\/es\\\/\",\"name\":\"Ajuntament de Mont-roig del Camp\",\"description\":\"Tota la informaci\u00f3 sobre la instituci\u00f3, els seus \u00f2rgans de govern, actualitat, serveis i molt m\u00e9s.\",\"potentialAction\":[{\"@type\":\"SearchAction\",\"target\":{\"@type\":\"EntryPoint\",\"urlTemplate\":\"https:\\\/\\\/mont-roig.cat\\\/es\\\/?s={search_term_string}\"},\"query-input\":{\"@type\":\"PropertyValueSpecification\",\"valueRequired\":true,\"valueName\":\"search_term_string\"}}],\"inLanguage\":\"es\"},{\"@type\":\"Person\",\"@id\":\"https:\\\/\\\/mont-roig.cat\\\/es\\\/#\\\/schema\\\/person\\\/1f73e7b5e6f9dd122e8a6f14f310ac5e\",\"name\":\"comunicacio\",\"image\":{\"@type\":\"ImageObject\",\"inLanguage\":\"es\",\"@id\":\"https:\\\/\\\/secure.gravatar.com\\\/avatar\\\/98944333e7a877670a64f8d10f0cb680ab2c9ebc4efc43945ef004b52b5ad28c?s=96&d=mm&r=g\",\"url\":\"https:\\\/\\\/secure.gravatar.com\\\/avatar\\\/98944333e7a877670a64f8d10f0cb680ab2c9ebc4efc43945ef004b52b5ad28c?s=96&d=mm&r=g\",\"contentUrl\":\"https:\\\/\\\/secure.gravatar.com\\\/avatar\\\/98944333e7a877670a64f8d10f0cb680ab2c9ebc4efc43945ef004b52b5ad28c?s=96&d=mm&r=g\",\"caption\":\"comunicacio\"},\"url\":\"https:\\\/\\\/mont-roig.cat\\\/es\\\/actualitat\\\/noticies\\\/author\\\/comunicacio\\\/\"}]}<\/script>\n<!-- \/ Yoast SEO plugin. -->","yoast_head_json":{"title":"El Ayuntamiento adjudica el servicio de c\u00e1maras de seguridad y vigilancia del municipio - Ajuntament de Mont-roig del Camp","robots":{"index":"index","follow":"follow","max-snippet":"max-snippet:-1","max-image-preview":"max-image-preview:large","max-video-preview":"max-video-preview:-1"},"canonical":"https:\/\/mont-roig.cat\/es\/actualitat\/noticies\/el-ayuntamiento-adjudica-el-servicio-de-camaras-de-seguridad-y-vigilancia-del-municipio\/","og_locale":"es_ES","og_type":"article","og_title":"El Ayuntamiento adjudica el servicio de c\u00e1maras de seguridad y vigilancia del municipio - Ajuntament de Mont-roig del Camp","og_description":"Esta semana se han revisado los 14 puntos donde se instalar\u00e1n las c\u00e1maras, que permitir\u00e1n registrar todas las entradas y salidas de veh\u00edculos del municipio y reforzar la labor de la Polic\u00eda Local aumentando su eficacia en la resoluci\u00f3n de hechos delictivos El concejal de Seguridad, Vicente P\u00e9rez, junto a miembros de la Polic\u00eda Local, [&hellip;]","og_url":"https:\/\/mont-roig.cat\/es\/actualitat\/noticies\/el-ayuntamiento-adjudica-el-servicio-de-camaras-de-seguridad-y-vigilancia-del-municipio\/","og_site_name":"Ajuntament de Mont-roig del Camp","article_published_time":"2022-10-14T12:55:52+00:00","og_image":[{"width":2048,"height":1536,"url":"https:\/\/mont-roig.cat\/wp-content\/uploads\/Revisio-dels-punts-on-sinstallaran-les-cameres-de-seguretat.jpeg","type":"image\/jpeg"}],"author":"comunicacio","twitter_card":"summary_large_image","twitter_misc":{"Escrito por":"comunicacio","Tiempo de lectura":"3 minutos"},"schema":{"@context":"https:\/\/schema.org","@graph":[{"@type":"Article","@id":"https:\/\/mont-roig.cat\/es\/actualitat\/noticies\/el-ayuntamiento-adjudica-el-servicio-de-camaras-de-seguridad-y-vigilancia-del-municipio\/#article","isPartOf":{"@id":"https:\/\/mont-roig.cat\/es\/actualitat\/noticies\/el-ayuntamiento-adjudica-el-servicio-de-camaras-de-seguridad-y-vigilancia-del-municipio\/"},"author":{"name":"comunicacio","@id":"https:\/\/mont-roig.cat\/es\/#\/schema\/person\/1f73e7b5e6f9dd122e8a6f14f310ac5e"},"headline":"El Ayuntamiento adjudica el servicio de c\u00e1maras de seguridad y vigilancia del municipio","datePublished":"2022-10-14T12:55:52+00:00","mainEntityOfPage":{"@id":"https:\/\/mont-roig.cat\/es\/actualitat\/noticies\/el-ayuntamiento-adjudica-el-servicio-de-camaras-de-seguridad-y-vigilancia-del-municipio\/"},"wordCount":439,"image":{"@id":"https:\/\/mont-roig.cat\/es\/actualitat\/noticies\/el-ayuntamiento-adjudica-el-servicio-de-camaras-de-seguridad-y-vigilancia-del-municipio\/#primaryimage"},"thumbnailUrl":"https:\/\/mont-roig.cat\/wp-content\/uploads\/Revisio-dels-punts-on-sinstallaran-les-cameres-de-seguretat.jpeg","articleSection":["Seguridad"],"inLanguage":"es"},{"@type":"WebPage","@id":"https:\/\/mont-roig.cat\/es\/actualitat\/noticies\/el-ayuntamiento-adjudica-el-servicio-de-camaras-de-seguridad-y-vigilancia-del-municipio\/","url":"https:\/\/mont-roig.cat\/es\/actualitat\/noticies\/el-ayuntamiento-adjudica-el-servicio-de-camaras-de-seguridad-y-vigilancia-del-municipio\/","name":"El Ayuntamiento adjudica el servicio de c\u00e1maras de seguridad y vigilancia del municipio - Ajuntament de Mont-roig del Camp","isPartOf":{"@id":"https:\/\/mont-roig.cat\/es\/#website"},"primaryImageOfPage":{"@id":"https:\/\/mont-roig.cat\/es\/actualitat\/noticies\/el-ayuntamiento-adjudica-el-servicio-de-camaras-de-seguridad-y-vigilancia-del-municipio\/#primaryimage"},"image":{"@id":"https:\/\/mont-roig.cat\/es\/actualitat\/noticies\/el-ayuntamiento-adjudica-el-servicio-de-camaras-de-seguridad-y-vigilancia-del-municipio\/#primaryimage"},"thumbnailUrl":"https:\/\/mont-roig.cat\/wp-content\/uploads\/Revisio-dels-punts-on-sinstallaran-les-cameres-de-seguretat.jpeg","datePublished":"2022-10-14T12:55:52+00:00","author":{"@id":"https:\/\/mont-roig.cat\/es\/#\/schema\/person\/1f73e7b5e6f9dd122e8a6f14f310ac5e"},"breadcrumb":{"@id":"https:\/\/mont-roig.cat\/es\/actualitat\/noticies\/el-ayuntamiento-adjudica-el-servicio-de-camaras-de-seguridad-y-vigilancia-del-municipio\/#breadcrumb"},"inLanguage":"es","potentialAction":[{"@type":"ReadAction","target":["https:\/\/mont-roig.cat\/es\/actualitat\/noticies\/el-ayuntamiento-adjudica-el-servicio-de-camaras-de-seguridad-y-vigilancia-del-municipio\/"]}]},{"@type":"ImageObject","inLanguage":"es","@id":"https:\/\/mont-roig.cat\/es\/actualitat\/noticies\/el-ayuntamiento-adjudica-el-servicio-de-camaras-de-seguridad-y-vigilancia-del-municipio\/#primaryimage","url":"https:\/\/mont-roig.cat\/wp-content\/uploads\/Revisio-dels-punts-on-sinstallaran-les-cameres-de-seguretat.jpeg","contentUrl":"https:\/\/mont-roig.cat\/wp-content\/uploads\/Revisio-dels-punts-on-sinstallaran-les-cameres-de-seguretat.jpeg","width":2048,"height":1536},{"@type":"BreadcrumbList","@id":"https:\/\/mont-roig.cat\/es\/actualitat\/noticies\/el-ayuntamiento-adjudica-el-servicio-de-camaras-de-seguridad-y-vigilancia-del-municipio\/#breadcrumb","itemListElement":[{"@type":"ListItem","position":1,"name":"Inici","item":"https:\/\/mont-roig.cat\/es\/pagina-de-inicio\/"},{"@type":"ListItem","position":2,"name":"El Ayuntamiento adjudica el servicio de c\u00e1maras de seguridad y vigilancia del municipio"}]},{"@type":"WebSite","@id":"https:\/\/mont-roig.cat\/es\/#website","url":"https:\/\/mont-roig.cat\/es\/","name":"Ajuntament de Mont-roig del Camp","description":"Tota la informaci\u00f3 sobre la instituci\u00f3, els seus \u00f2rgans de govern, actualitat, serveis i molt m\u00e9s.","potentialAction":[{"@type":"SearchAction","target":{"@type":"EntryPoint","urlTemplate":"https:\/\/mont-roig.cat\/es\/?s={search_term_string}"},"query-input":{"@type":"PropertyValueSpecification","valueRequired":true,"valueName":"search_term_string"}}],"inLanguage":"es"},{"@type":"Person","@id":"https:\/\/mont-roig.cat\/es\/#\/schema\/person\/1f73e7b5e6f9dd122e8a6f14f310ac5e","name":"comunicacio","image":{"@type":"ImageObject","inLanguage":"es","@id":"https:\/\/secure.gravatar.com\/avatar\/98944333e7a877670a64f8d10f0cb680ab2c9ebc4efc43945ef004b52b5ad28c?s=96&d=mm&r=g","url":"https:\/\/secure.gravatar.com\/avatar\/98944333e7a877670a64f8d10f0cb680ab2c9ebc4efc43945ef004b52b5ad28c?s=96&d=mm&r=g","contentUrl":"https:\/\/secure.gravatar.com\/avatar\/98944333e7a877670a64f8d10f0cb680ab2c9ebc4efc43945ef004b52b5ad28c?s=96&d=mm&r=g","caption":"comunicacio"},"url":"https:\/\/mont-roig.cat\/es\/actualitat\/noticies\/author\/comunicacio\/"}]}},"_links":{"self":[{"href":"https:\/\/mont-roig.cat\/es\/wp-json\/wp\/v2\/posts\/66029","targetHints":{"allow":["GET"]}}],"collection":[{"href":"https:\/\/mont-roig.cat\/es\/wp-json\/wp\/v2\/posts"}],"about":[{"href":"https:\/\/mont-roig.cat\/es\/wp-json\/wp\/v2\/types\/post"}],"author":[{"embeddable":true,"href":"https:\/\/mont-roig.cat\/es\/wp-json\/wp\/v2\/users\/13"}],"replies":[{"embeddable":true,"href":"https:\/\/mont-roig.cat\/es\/wp-json\/wp\/v2\/comments?post=66029"}],"version-history":[{"count":2,"href":"https:\/\/mont-roig.cat\/es\/wp-json\/wp\/v2\/posts\/66029\/revisions"}],"predecessor-version":[{"id":66031,"href":"https:\/\/mont-roig.cat\/es\/wp-json\/wp\/v2\/posts\/66029\/revisions\/66031"}],"wp:featuredmedia":[{"embeddable":true,"href":"https:\/\/mont-roig.cat\/es\/wp-json\/wp\/v2\/media\/66026"}],"wp:attachment":[{"href":"https:\/\/mont-roig.cat\/es\/wp-json\/wp\/v2\/media?parent=66029"}],"wp:term":[{"taxonomy":"category","embeddable":true,"href":"https:\/\/mont-roig.cat\/es\/wp-json\/wp\/v2\/categories?post=66029"},{"taxonomy":"post_tag","embeddable":true,"href":"https:\/\/mont-roig.cat\/es\/wp-json\/wp\/v2\/tags?post=66029"}],"curies":[{"name":"wp","href":"https:\/\/api.w.org\/{rel}","templated":true}]}}