{"id":66152,"date":"2022-10-20T13:42:48","date_gmt":"2022-10-20T11:42:48","guid":{"rendered":"https:\/\/mont-roig.cat\/actualitat\/noticies\/el-servei-dacompanyament-a-la-gent-gran-qualificat-dexcellent-pels-usuaris-i-les-usuaries\/"},"modified":"2022-10-20T13:57:23","modified_gmt":"2022-10-20T11:57:23","slug":"el-servei-dacompanyament-a-la-gent-gran-qualificat-dexcellent-pels-usuaris-i-les-usuaries","status":"publish","type":"post","link":"https:\/\/mont-roig.cat\/es\/actualitat\/noticies\/el-servei-dacompanyament-a-la-gent-gran-qualificat-dexcellent-pels-usuaris-i-les-usuaries\/","title":{"rendered":"El servicio de acompa\u00f1amiento a las personas mayores, calificado de excelente por sus usuarios y usuarias"},"content":{"rendered":"<div id=\"attachment_66145\" style=\"width: 306px\" class=\"wp-caption alignright\"><a href=\"https:\/\/mont-roig.cat\/wp-content\/uploads\/image0.jpeg\" target=\"_blank\" rel=\"noopener\"><img loading=\"lazy\" decoding=\"async\" aria-describedby=\"caption-attachment-66145\" class=\"wp-image-66145\" src=\"https:\/\/mont-roig.cat\/wp-content\/uploads\/image0-375x500.jpeg\" alt=\"\" width=\"296\" height=\"395\" srcset=\"https:\/\/mont-roig.cat\/wp-content\/uploads\/image0-375x500.jpeg 375w, https:\/\/mont-roig.cat\/wp-content\/uploads\/image0.jpeg 768w\" sizes=\"auto, (max-width: 296px) 100vw, 296px\" \/><\/a><p id=\"caption-attachment-66145\" class=\"wp-caption-text\">Imagen de archivo de una de las personas usuarias del servicio.<\/p><\/div>\n<ul>\n<li><strong>El equipo de agentes de civismo lleva a cabo la iniciativa a trav\u00e9s de la cual las personas mayores pueden seguir realizando algunas de sus tareas cotidianas<\/strong><\/li>\n<\/ul>\n<p>El Ayuntamiento de Mont-roig del Camp inici\u00f3 a principios del pasado mes de junio el servicio de acompa\u00f1amiento a la gente mayor, un servicio que se mantiene en activo y que ha tenido muy buena acogida seg\u00fan han explicado los propios usuarios y usuarias. Se trata de un servicio a trav\u00e9s del cual el equipo de agentes de civismo acompa\u00f1a a las personas mayores de 80 a\u00f1os para que de forma aut\u00f3noma puedan seguir realizando algunas de sus tareas cotidianas.<\/p>\n<p>Este acompa\u00f1amiento est\u00e1 pensado para que la gente mayor pueda prolongar la autonom\u00eda en sus domicilios y evitar el aislamiento, en los casos en los que carezcan del apoyo cercano de sus familiares.<\/p>\n<p><strong>Muy buenas valoraciones<\/strong><\/p>\n<p>Este servicio, que se ofrece en horario de ma\u00f1ana y es totalmente gratuito, est\u00e1 teniendo mucho \u00e9xito, adem\u00e1s de un gran impacto en la vida de las personas que lo utilizan. De hecho, muchas de ellas no pueden o no se atreven a salir solas a la calle o carecen de familiares cerca para poder hacerlo de forma peri\u00f3dica. Por esa raz\u00f3n el servicio es de gran significado para todos ellos y ellas.<\/p>\n<p>Por eso algunos de los usuarios y usuarias han querido manifestar su satisfacci\u00f3n con frases como estas:<\/p>\n<ul>\n<li>\u201cPara m\u00ed este servicio es como beber agua todos los d\u00edas, no podr\u00eda estar sin \u00e9l\u201d. (Carmen M.)<\/li>\n<li>&#8220;S\u00f3lo siento alegr\u00eda cuando llegan los agentes a casa para ir a buscarnos y poder salir&#8221;. (Juan L.<\/li>\n<li>\u00a0&#8220;Lo mejor de la semana son las salidas y su compa\u00f1\u00eda, para m\u00ed sois parte de mi familia&#8221;. (Soledad R.)<\/li>\n<li>&#8220;Cada vez que ven\u00eds\u00a0 vosotros, me alegrais el d\u00eda&#8221;. (Silvia T.)<\/li>\n<li>&#8220;M\u00e1s que acompa\u00f1antes sol\u00edcitos, para m\u00ed son buenas amigas y amigos con los que me encuentro siempre muy a gusto.&#8221; (Norbert M.)<\/li>\n<\/ul>\n<p><strong>El Reglamento del servicio<\/strong><br \/>\nEl Reglamento aprobado por el Ayuntamiento establece que pueden pedir este servicio las personas que tengan m\u00e1s de 80 a\u00f1os que necesitan apoyo para ir a realizar la compra, al m\u00e9dico, a pasear, a la farmacia o a alg\u00fan equipamiento municipal. La atenci\u00f3n se realiza a pie, desde la puerta del domicilio hasta el punto de destino, y puede incluir la ida y la vuelta. En ning\u00fan caso, las y los agentes de civismo podr\u00e1n entrar en los domicilios, gestionar dinero, acceder a la consulta m\u00e9dica, ni atender desplazamientos en veh\u00edculos.<br \/>\nDe forma general, no pueden acceder al servicio las personas que convivan en el mismo domicilio con una persona, familiar o no, menor de 70 a\u00f1os; tampoco las personas que tienen contratado el servicio de un\/a cuidador\/a o las personas con afectaciones cognitivas de cualquier clase y grado.<\/p>\n<p>&nbsp;<\/p>\n<p>&nbsp;<\/p>\n<p>&nbsp;<\/p>\n","protected":false},"excerpt":{"rendered":"<p>El equipo de agentes de civismo lleva a cabo la iniciativa a trav\u00e9s de la cual las personas mayores pueden seguir realizando algunas de sus tareas cotidianas El Ayuntamiento de Mont-roig del Camp inici\u00f3 a principios del pasado mes de junio el servicio de acompa\u00f1amiento a la gente mayor, un servicio que se mantiene en [&hellip;]<\/p>\n","protected":false},"author":13,"featured_media":66146,"comment_status":"closed","ping_status":"closed","sticky":false,"template":"","format":"standard","meta":{"inline_featured_image":false,"_monsterinsights_skip_tracking":false,"_monsterinsights_sitenote_active":false,"_monsterinsights_sitenote_note":"","_monsterinsights_sitenote_category":0,"footnotes":""},"categories":[98,114],"tags":[],"class_list":["post-66152","post","type-post","status-publish","format-standard","has-post-thumbnail","hentry","category-ayuntamiento","category-servicios-sociales"],"yoast_head":"<!-- This site is optimized with the Yoast SEO plugin v27.4 - https:\/\/yoast.com\/product\/yoast-seo-wordpress\/ -->\n<title>El servicio de acompa\u00f1amiento a las personas mayores, calificado de excelente por sus usuarios y usuarias - Ajuntament de Mont-roig del Camp<\/title>\n<meta name=\"robots\" content=\"index, follow, max-snippet:-1, max-image-preview:large, max-video-preview:-1\" \/>\n<link rel=\"canonical\" href=\"https:\/\/mont-roig.cat\/es\/actualitat\/noticies\/el-servei-dacompanyament-a-la-gent-gran-qualificat-dexcellent-pels-usuaris-i-les-usuaries\/\" \/>\n<meta property=\"og:locale\" content=\"es_ES\" \/>\n<meta property=\"og:type\" content=\"article\" \/>\n<meta property=\"og:title\" content=\"El servicio de acompa\u00f1amiento a las personas mayores, calificado de excelente por sus usuarios y usuarias - Ajuntament de Mont-roig del Camp\" \/>\n<meta property=\"og:description\" content=\"El equipo de agentes de civismo lleva a cabo la iniciativa a trav\u00e9s de la cual las personas mayores pueden seguir realizando algunas de sus tareas cotidianas El Ayuntamiento de Mont-roig del Camp inici\u00f3 a principios del pasado mes de junio el servicio de acompa\u00f1amiento a la gente mayor, un servicio que se mantiene en [&hellip;]\" \/>\n<meta property=\"og:url\" content=\"https:\/\/mont-roig.cat\/es\/actualitat\/noticies\/el-servei-dacompanyament-a-la-gent-gran-qualificat-dexcellent-pels-usuaris-i-les-usuaries\/\" \/>\n<meta property=\"og:site_name\" content=\"Ajuntament de Mont-roig del Camp\" \/>\n<meta property=\"article:published_time\" content=\"2022-10-20T11:42:48+00:00\" \/>\n<meta property=\"article:modified_time\" content=\"2022-10-20T11:57:23+00:00\" \/>\n<meta property=\"og:image\" content=\"https:\/\/mont-roig.cat\/wp-content\/uploads\/image0.jpeg\" \/>\n\t<meta property=\"og:image:width\" content=\"768\" \/>\n\t<meta property=\"og:image:height\" content=\"1024\" \/>\n\t<meta property=\"og:image:type\" content=\"image\/jpeg\" \/>\n<meta name=\"author\" content=\"comunicacio\" \/>\n<meta name=\"twitter:card\" content=\"summary_large_image\" \/>\n<meta name=\"twitter:label1\" content=\"Escrito por\" \/>\n\t<meta name=\"twitter:data1\" content=\"comunicacio\" \/>\n\t<meta name=\"twitter:label2\" content=\"Tiempo de lectura\" \/>\n\t<meta name=\"twitter:data2\" content=\"3 minutos\" \/>\n<script type=\"application\/ld+json\" class=\"yoast-schema-graph\">{\"@context\":\"https:\\\/\\\/schema.org\",\"@graph\":[{\"@type\":\"Article\",\"@id\":\"https:\\\/\\\/mont-roig.cat\\\/es\\\/actualitat\\\/noticies\\\/el-servei-dacompanyament-a-la-gent-gran-qualificat-dexcellent-pels-usuaris-i-les-usuaries\\\/#article\",\"isPartOf\":{\"@id\":\"https:\\\/\\\/mont-roig.cat\\\/es\\\/actualitat\\\/noticies\\\/el-servei-dacompanyament-a-la-gent-gran-qualificat-dexcellent-pels-usuaris-i-les-usuaries\\\/\"},\"author\":{\"name\":\"comunicacio\",\"@id\":\"https:\\\/\\\/mont-roig.cat\\\/es\\\/#\\\/schema\\\/person\\\/1f73e7b5e6f9dd122e8a6f14f310ac5e\"},\"headline\":\"El servicio de acompa\u00f1amiento a las personas mayores, calificado de excelente por sus usuarios y usuarias\",\"datePublished\":\"2022-10-20T11:42:48+00:00\",\"dateModified\":\"2022-10-20T11:57:23+00:00\",\"mainEntityOfPage\":{\"@id\":\"https:\\\/\\\/mont-roig.cat\\\/es\\\/actualitat\\\/noticies\\\/el-servei-dacompanyament-a-la-gent-gran-qualificat-dexcellent-pels-usuaris-i-les-usuaries\\\/\"},\"wordCount\":536,\"image\":{\"@id\":\"https:\\\/\\\/mont-roig.cat\\\/es\\\/actualitat\\\/noticies\\\/el-servei-dacompanyament-a-la-gent-gran-qualificat-dexcellent-pels-usuaris-i-les-usuaries\\\/#primaryimage\"},\"thumbnailUrl\":\"https:\\\/\\\/mont-roig.cat\\\/wp-content\\\/uploads\\\/image0.jpeg\",\"articleSection\":[\"Ayuntamiento\",\"Servicios sociales\"],\"inLanguage\":\"es\"},{\"@type\":\"WebPage\",\"@id\":\"https:\\\/\\\/mont-roig.cat\\\/es\\\/actualitat\\\/noticies\\\/el-servei-dacompanyament-a-la-gent-gran-qualificat-dexcellent-pels-usuaris-i-les-usuaries\\\/\",\"url\":\"https:\\\/\\\/mont-roig.cat\\\/es\\\/actualitat\\\/noticies\\\/el-servei-dacompanyament-a-la-gent-gran-qualificat-dexcellent-pels-usuaris-i-les-usuaries\\\/\",\"name\":\"El servicio de acompa\u00f1amiento a las personas mayores, calificado de excelente por sus usuarios y usuarias - Ajuntament de Mont-roig del Camp\",\"isPartOf\":{\"@id\":\"https:\\\/\\\/mont-roig.cat\\\/es\\\/#website\"},\"primaryImageOfPage\":{\"@id\":\"https:\\\/\\\/mont-roig.cat\\\/es\\\/actualitat\\\/noticies\\\/el-servei-dacompanyament-a-la-gent-gran-qualificat-dexcellent-pels-usuaris-i-les-usuaries\\\/#primaryimage\"},\"image\":{\"@id\":\"https:\\\/\\\/mont-roig.cat\\\/es\\\/actualitat\\\/noticies\\\/el-servei-dacompanyament-a-la-gent-gran-qualificat-dexcellent-pels-usuaris-i-les-usuaries\\\/#primaryimage\"},\"thumbnailUrl\":\"https:\\\/\\\/mont-roig.cat\\\/wp-content\\\/uploads\\\/image0.jpeg\",\"datePublished\":\"2022-10-20T11:42:48+00:00\",\"dateModified\":\"2022-10-20T11:57:23+00:00\",\"author\":{\"@id\":\"https:\\\/\\\/mont-roig.cat\\\/es\\\/#\\\/schema\\\/person\\\/1f73e7b5e6f9dd122e8a6f14f310ac5e\"},\"breadcrumb\":{\"@id\":\"https:\\\/\\\/mont-roig.cat\\\/es\\\/actualitat\\\/noticies\\\/el-servei-dacompanyament-a-la-gent-gran-qualificat-dexcellent-pels-usuaris-i-les-usuaries\\\/#breadcrumb\"},\"inLanguage\":\"es\",\"potentialAction\":[{\"@type\":\"ReadAction\",\"target\":[\"https:\\\/\\\/mont-roig.cat\\\/es\\\/actualitat\\\/noticies\\\/el-servei-dacompanyament-a-la-gent-gran-qualificat-dexcellent-pels-usuaris-i-les-usuaries\\\/\"]}]},{\"@type\":\"ImageObject\",\"inLanguage\":\"es\",\"@id\":\"https:\\\/\\\/mont-roig.cat\\\/es\\\/actualitat\\\/noticies\\\/el-servei-dacompanyament-a-la-gent-gran-qualificat-dexcellent-pels-usuaris-i-les-usuaries\\\/#primaryimage\",\"url\":\"https:\\\/\\\/mont-roig.cat\\\/wp-content\\\/uploads\\\/image0.jpeg\",\"contentUrl\":\"https:\\\/\\\/mont-roig.cat\\\/wp-content\\\/uploads\\\/image0.jpeg\",\"width\":768,\"height\":1024},{\"@type\":\"BreadcrumbList\",\"@id\":\"https:\\\/\\\/mont-roig.cat\\\/es\\\/actualitat\\\/noticies\\\/el-servei-dacompanyament-a-la-gent-gran-qualificat-dexcellent-pels-usuaris-i-les-usuaries\\\/#breadcrumb\",\"itemListElement\":[{\"@type\":\"ListItem\",\"position\":1,\"name\":\"Inici\",\"item\":\"https:\\\/\\\/mont-roig.cat\\\/es\\\/pagina-de-inicio\\\/\"},{\"@type\":\"ListItem\",\"position\":2,\"name\":\"El servicio de acompa\u00f1amiento a las personas mayores, calificado de excelente por sus usuarios y usuarias\"}]},{\"@type\":\"WebSite\",\"@id\":\"https:\\\/\\\/mont-roig.cat\\\/es\\\/#website\",\"url\":\"https:\\\/\\\/mont-roig.cat\\\/es\\\/\",\"name\":\"Ajuntament de Mont-roig del Camp\",\"description\":\"Tota la informaci\u00f3 sobre la instituci\u00f3, els seus \u00f2rgans de govern, actualitat, serveis i molt m\u00e9s.\",\"potentialAction\":[{\"@type\":\"SearchAction\",\"target\":{\"@type\":\"EntryPoint\",\"urlTemplate\":\"https:\\\/\\\/mont-roig.cat\\\/es\\\/?s={search_term_string}\"},\"query-input\":{\"@type\":\"PropertyValueSpecification\",\"valueRequired\":true,\"valueName\":\"search_term_string\"}}],\"inLanguage\":\"es\"},{\"@type\":\"Person\",\"@id\":\"https:\\\/\\\/mont-roig.cat\\\/es\\\/#\\\/schema\\\/person\\\/1f73e7b5e6f9dd122e8a6f14f310ac5e\",\"name\":\"comunicacio\",\"image\":{\"@type\":\"ImageObject\",\"inLanguage\":\"es\",\"@id\":\"https:\\\/\\\/secure.gravatar.com\\\/avatar\\\/98944333e7a877670a64f8d10f0cb680ab2c9ebc4efc43945ef004b52b5ad28c?s=96&d=mm&r=g\",\"url\":\"https:\\\/\\\/secure.gravatar.com\\\/avatar\\\/98944333e7a877670a64f8d10f0cb680ab2c9ebc4efc43945ef004b52b5ad28c?s=96&d=mm&r=g\",\"contentUrl\":\"https:\\\/\\\/secure.gravatar.com\\\/avatar\\\/98944333e7a877670a64f8d10f0cb680ab2c9ebc4efc43945ef004b52b5ad28c?s=96&d=mm&r=g\",\"caption\":\"comunicacio\"},\"url\":\"https:\\\/\\\/mont-roig.cat\\\/es\\\/actualitat\\\/noticies\\\/author\\\/comunicacio\\\/\"}]}<\/script>\n<!-- \/ Yoast SEO plugin. -->","yoast_head_json":{"title":"El servicio de acompa\u00f1amiento a las personas mayores, calificado de excelente por sus usuarios y usuarias - Ajuntament de Mont-roig del Camp","robots":{"index":"index","follow":"follow","max-snippet":"max-snippet:-1","max-image-preview":"max-image-preview:large","max-video-preview":"max-video-preview:-1"},"canonical":"https:\/\/mont-roig.cat\/es\/actualitat\/noticies\/el-servei-dacompanyament-a-la-gent-gran-qualificat-dexcellent-pels-usuaris-i-les-usuaries\/","og_locale":"es_ES","og_type":"article","og_title":"El servicio de acompa\u00f1amiento a las personas mayores, calificado de excelente por sus usuarios y usuarias - Ajuntament de Mont-roig del Camp","og_description":"El equipo de agentes de civismo lleva a cabo la iniciativa a trav\u00e9s de la cual las personas mayores pueden seguir realizando algunas de sus tareas cotidianas El Ayuntamiento de Mont-roig del Camp inici\u00f3 a principios del pasado mes de junio el servicio de acompa\u00f1amiento a la gente mayor, un servicio que se mantiene en [&hellip;]","og_url":"https:\/\/mont-roig.cat\/es\/actualitat\/noticies\/el-servei-dacompanyament-a-la-gent-gran-qualificat-dexcellent-pels-usuaris-i-les-usuaries\/","og_site_name":"Ajuntament de Mont-roig del Camp","article_published_time":"2022-10-20T11:42:48+00:00","article_modified_time":"2022-10-20T11:57:23+00:00","og_image":[{"width":768,"height":1024,"url":"https:\/\/mont-roig.cat\/wp-content\/uploads\/image0.jpeg","type":"image\/jpeg"}],"author":"comunicacio","twitter_card":"summary_large_image","twitter_misc":{"Escrito por":"comunicacio","Tiempo de lectura":"3 minutos"},"schema":{"@context":"https:\/\/schema.org","@graph":[{"@type":"Article","@id":"https:\/\/mont-roig.cat\/es\/actualitat\/noticies\/el-servei-dacompanyament-a-la-gent-gran-qualificat-dexcellent-pels-usuaris-i-les-usuaries\/#article","isPartOf":{"@id":"https:\/\/mont-roig.cat\/es\/actualitat\/noticies\/el-servei-dacompanyament-a-la-gent-gran-qualificat-dexcellent-pels-usuaris-i-les-usuaries\/"},"author":{"name":"comunicacio","@id":"https:\/\/mont-roig.cat\/es\/#\/schema\/person\/1f73e7b5e6f9dd122e8a6f14f310ac5e"},"headline":"El servicio de acompa\u00f1amiento a las personas mayores, calificado de excelente por sus usuarios y usuarias","datePublished":"2022-10-20T11:42:48+00:00","dateModified":"2022-10-20T11:57:23+00:00","mainEntityOfPage":{"@id":"https:\/\/mont-roig.cat\/es\/actualitat\/noticies\/el-servei-dacompanyament-a-la-gent-gran-qualificat-dexcellent-pels-usuaris-i-les-usuaries\/"},"wordCount":536,"image":{"@id":"https:\/\/mont-roig.cat\/es\/actualitat\/noticies\/el-servei-dacompanyament-a-la-gent-gran-qualificat-dexcellent-pels-usuaris-i-les-usuaries\/#primaryimage"},"thumbnailUrl":"https:\/\/mont-roig.cat\/wp-content\/uploads\/image0.jpeg","articleSection":["Ayuntamiento","Servicios sociales"],"inLanguage":"es"},{"@type":"WebPage","@id":"https:\/\/mont-roig.cat\/es\/actualitat\/noticies\/el-servei-dacompanyament-a-la-gent-gran-qualificat-dexcellent-pels-usuaris-i-les-usuaries\/","url":"https:\/\/mont-roig.cat\/es\/actualitat\/noticies\/el-servei-dacompanyament-a-la-gent-gran-qualificat-dexcellent-pels-usuaris-i-les-usuaries\/","name":"El servicio de acompa\u00f1amiento a las personas mayores, calificado de excelente por sus usuarios y usuarias - Ajuntament de Mont-roig del Camp","isPartOf":{"@id":"https:\/\/mont-roig.cat\/es\/#website"},"primaryImageOfPage":{"@id":"https:\/\/mont-roig.cat\/es\/actualitat\/noticies\/el-servei-dacompanyament-a-la-gent-gran-qualificat-dexcellent-pels-usuaris-i-les-usuaries\/#primaryimage"},"image":{"@id":"https:\/\/mont-roig.cat\/es\/actualitat\/noticies\/el-servei-dacompanyament-a-la-gent-gran-qualificat-dexcellent-pels-usuaris-i-les-usuaries\/#primaryimage"},"thumbnailUrl":"https:\/\/mont-roig.cat\/wp-content\/uploads\/image0.jpeg","datePublished":"2022-10-20T11:42:48+00:00","dateModified":"2022-10-20T11:57:23+00:00","author":{"@id":"https:\/\/mont-roig.cat\/es\/#\/schema\/person\/1f73e7b5e6f9dd122e8a6f14f310ac5e"},"breadcrumb":{"@id":"https:\/\/mont-roig.cat\/es\/actualitat\/noticies\/el-servei-dacompanyament-a-la-gent-gran-qualificat-dexcellent-pels-usuaris-i-les-usuaries\/#breadcrumb"},"inLanguage":"es","potentialAction":[{"@type":"ReadAction","target":["https:\/\/mont-roig.cat\/es\/actualitat\/noticies\/el-servei-dacompanyament-a-la-gent-gran-qualificat-dexcellent-pels-usuaris-i-les-usuaries\/"]}]},{"@type":"ImageObject","inLanguage":"es","@id":"https:\/\/mont-roig.cat\/es\/actualitat\/noticies\/el-servei-dacompanyament-a-la-gent-gran-qualificat-dexcellent-pels-usuaris-i-les-usuaries\/#primaryimage","url":"https:\/\/mont-roig.cat\/wp-content\/uploads\/image0.jpeg","contentUrl":"https:\/\/mont-roig.cat\/wp-content\/uploads\/image0.jpeg","width":768,"height":1024},{"@type":"BreadcrumbList","@id":"https:\/\/mont-roig.cat\/es\/actualitat\/noticies\/el-servei-dacompanyament-a-la-gent-gran-qualificat-dexcellent-pels-usuaris-i-les-usuaries\/#breadcrumb","itemListElement":[{"@type":"ListItem","position":1,"name":"Inici","item":"https:\/\/mont-roig.cat\/es\/pagina-de-inicio\/"},{"@type":"ListItem","position":2,"name":"El servicio de acompa\u00f1amiento a las personas mayores, calificado de excelente por sus usuarios y usuarias"}]},{"@type":"WebSite","@id":"https:\/\/mont-roig.cat\/es\/#website","url":"https:\/\/mont-roig.cat\/es\/","name":"Ajuntament de Mont-roig del Camp","description":"Tota la informaci\u00f3 sobre la instituci\u00f3, els seus \u00f2rgans de govern, actualitat, serveis i molt m\u00e9s.","potentialAction":[{"@type":"SearchAction","target":{"@type":"EntryPoint","urlTemplate":"https:\/\/mont-roig.cat\/es\/?s={search_term_string}"},"query-input":{"@type":"PropertyValueSpecification","valueRequired":true,"valueName":"search_term_string"}}],"inLanguage":"es"},{"@type":"Person","@id":"https:\/\/mont-roig.cat\/es\/#\/schema\/person\/1f73e7b5e6f9dd122e8a6f14f310ac5e","name":"comunicacio","image":{"@type":"ImageObject","inLanguage":"es","@id":"https:\/\/secure.gravatar.com\/avatar\/98944333e7a877670a64f8d10f0cb680ab2c9ebc4efc43945ef004b52b5ad28c?s=96&d=mm&r=g","url":"https:\/\/secure.gravatar.com\/avatar\/98944333e7a877670a64f8d10f0cb680ab2c9ebc4efc43945ef004b52b5ad28c?s=96&d=mm&r=g","contentUrl":"https:\/\/secure.gravatar.com\/avatar\/98944333e7a877670a64f8d10f0cb680ab2c9ebc4efc43945ef004b52b5ad28c?s=96&d=mm&r=g","caption":"comunicacio"},"url":"https:\/\/mont-roig.cat\/es\/actualitat\/noticies\/author\/comunicacio\/"}]}},"_links":{"self":[{"href":"https:\/\/mont-roig.cat\/es\/wp-json\/wp\/v2\/posts\/66152","targetHints":{"allow":["GET"]}}],"collection":[{"href":"https:\/\/mont-roig.cat\/es\/wp-json\/wp\/v2\/posts"}],"about":[{"href":"https:\/\/mont-roig.cat\/es\/wp-json\/wp\/v2\/types\/post"}],"author":[{"embeddable":true,"href":"https:\/\/mont-roig.cat\/es\/wp-json\/wp\/v2\/users\/13"}],"replies":[{"embeddable":true,"href":"https:\/\/mont-roig.cat\/es\/wp-json\/wp\/v2\/comments?post=66152"}],"version-history":[{"count":2,"href":"https:\/\/mont-roig.cat\/es\/wp-json\/wp\/v2\/posts\/66152\/revisions"}],"predecessor-version":[{"id":66155,"href":"https:\/\/mont-roig.cat\/es\/wp-json\/wp\/v2\/posts\/66152\/revisions\/66155"}],"wp:featuredmedia":[{"embeddable":true,"href":"https:\/\/mont-roig.cat\/es\/wp-json\/wp\/v2\/media\/66146"}],"wp:attachment":[{"href":"https:\/\/mont-roig.cat\/es\/wp-json\/wp\/v2\/media?parent=66152"}],"wp:term":[{"taxonomy":"category","embeddable":true,"href":"https:\/\/mont-roig.cat\/es\/wp-json\/wp\/v2\/categories?post=66152"},{"taxonomy":"post_tag","embeddable":true,"href":"https:\/\/mont-roig.cat\/es\/wp-json\/wp\/v2\/tags?post=66152"}],"curies":[{"name":"wp","href":"https:\/\/api.w.org\/{rel}","templated":true}]}}