{"id":66280,"date":"2022-10-26T14:46:00","date_gmt":"2022-10-26T12:46:00","guid":{"rendered":"https:\/\/mont-roig.cat\/?p=66280"},"modified":"2022-10-26T15:54:23","modified_gmt":"2022-10-26T13:54:23","slug":"los-cementerios-de-mont-roig-y-de-miami-platja-incorporan-un-espacio-destinado-al-duelo-perinatal-y-gestacional-el-rincon-de-las-estrellas","status":"publish","type":"post","link":"https:\/\/mont-roig.cat\/es\/actualitat\/noticies\/los-cementerios-de-mont-roig-y-de-miami-platja-incorporan-un-espacio-destinado-al-duelo-perinatal-y-gestacional-el-rincon-de-las-estrellas\/","title":{"rendered":"Los cementerios de Mont-roig y de Miami Platja incorporan un espacio destinado al duelo perinatal y gestacional: El Rinc\u00f3n de las estrellas"},"content":{"rendered":"<ul>\n<li>\n<div id=\"attachment_66286\" style=\"width: 310px\" class=\"wp-caption alignright\"><a href=\"https:\/\/mont-roig.cat\/wp-content\/uploads\/DFBB1725.jpg\"><img loading=\"lazy\" decoding=\"async\" aria-describedby=\"caption-attachment-66286\" class=\"wp-image-66286 \" src=\"https:\/\/mont-roig.cat\/wp-content\/uploads\/DFBB1725-500x375.jpg\" alt=\"\" width=\"300\" height=\"225\" srcset=\"https:\/\/mont-roig.cat\/wp-content\/uploads\/DFBB1725-500x375.jpg 500w, https:\/\/mont-roig.cat\/wp-content\/uploads\/DFBB1725-768x576.jpg 768w, https:\/\/mont-roig.cat\/wp-content\/uploads\/DFBB1725-463x348.jpg 463w, https:\/\/mont-roig.cat\/wp-content\/uploads\/DFBB1725.jpg 1024w\" sizes=\"auto, (max-width: 300px) 100vw, 300px\" \/><\/a><p id=\"caption-attachment-66286\" class=\"wp-caption-text\">El Rinc\u00f3n de las Estrellas de Mont-roig<\/p><\/div>\n<p><strong>La finalidad es disponer de un lugar de recuerdo y apoyo para las familias que han perdido a un beb\u00e9 durante la gestaci\u00f3n o poco despu\u00e9s del nacimiento, acompa\u00f1arlas en el dolor de la experiencia vivida y hacer visible una realidad presente en la sociedad<\/strong><\/li>\n<\/ul>\n<p>Coincidiendo con la proximidad de Tots Sants, los cementerios municipales de Mont-roig y de Miami Platja estrenan &#8216;El Rinc\u00f3n de las estrellas&#8217;, un nuevo espacio destinado al duelo gestacional y perinatal. El objetivo es ofrecer un lugar id\u00f3neo para las personas que han vivido, de una u otra forma, la muerte de un beb\u00e9 durante la gestaci\u00f3n o poco despu\u00e9s de haber nacido, uno de los fen\u00f3menos de estr\u00e9s emocional m\u00e1s intensos en los que se puede enfrentar una persona.<\/p>\n<p>El duelo gestacional, perinatal o neonatal hace referencia a las p\u00e9rdidas que ocurren durante el embarazo, el parto o pocos d\u00edas despu\u00e9s del nacimiento, sin importar los d\u00edas de vida o las semanas de gestaci\u00f3n. Es uno de los lutos que menos se han hablado, un duelo casi invisibilidad por la sociedad y que sigue siendo un gran tab\u00fa. Adem\u00e1s, a menudo se tiende a minimizar estas p\u00e9rdidas, pero para las familias supone la p\u00e9rdida de un hijo, de un futuro, de unos planes, de un proyecto de vida y de unas expectativas a largo plazo, entre otras cosas.<\/p>\n<p>Por eso, &#8216;El Rinc\u00f3n de las estrellas&#8217; quiere ser un espacio de recuerdo y apoyo para las familias, para acompa\u00f1arlas en el dolor de la experiencia vivida y hacer visible una realidad presente en la sociedad. Se trata de espacios \u00edntimos y respetuosos donde las familias pueden encontrarse para hablar, compartir experiencias y emociones o recordar a los beb\u00e9s.<\/p>\n<p>Para crear estos espacios, se ha contado con la participaci\u00f3n ciudadana y con la entidad local de duelo Deixa&#8217;t Abra\u00e7ar, que ha ayudado a dise\u00f1ar un espacio acogedor para el acompa\u00f1amiento de esta p\u00e9rdida. En este espacio se ha instalado un banco para sentarse tranquilamente con soledad o en compa\u00f1\u00eda, se ha plantado un olivo que simboliza la vida, donde las ra\u00edces crecen en la tierra y se abren hacia el cielo y donde las familias pueden colgar su estrella con dedicatoria individualizada o el recuerdo que m\u00e1s deseen en homenaje de quien ya no est\u00e1. El suelo se ha cubierto de piedra blanca que simboliza la pureza de estos beb\u00e9s. El espacio cuenta tambi\u00e9n con tres estrellas y la dedicatoria: En los latidos que han enmudecido y ahora perviven en las estrellas.<\/p>\n<p><strong>Mejoras en los cementerios<\/strong><\/p>\n<p>Por otra parte, en los \u00faltimos meses se han realizado diversas mejoras en los dos cementerios municipales. En Miami Platja se ha instalado un nuevo m\u00f3dulo de nichos. La ampliaci\u00f3n consiste en la construcci\u00f3n de un bloque de 33 nichos de tipolog\u00eda similar a la existente que quiere dar respuesta a las necesidades actuales de capacidad de la instalaci\u00f3n y al haber destinado algunos elementos ya existentes a beneficencia. En el cementerio de Mont-roig se ha instalado una nueva fuente para llenar los jarrones con las flores y se ha mejorado la eficiencia de las luces interiores con el cambio a LED. Adem\u00e1s, se est\u00e1n ejecutando labores de mantenimiento como el repintado de zonas da\u00f1adas, la plantaci\u00f3n de flores y diversas mejoras en la jardiner\u00eda.<\/p>\n<p>Finalmente, como cada a\u00f1o, en las fechas pr\u00f3ximas a Todos los Santos el acceso en veh\u00edculo al cementerio de Mont-roig se har\u00e1 por la calle Murada y la salida por el barranco dels Set Ponts, para evitar el colapso de los accesos con los veh\u00edculos. Los d\u00edas 29, 30, 31 de octubre y el d\u00eda 1 de noviembre, desde las 11 h hasta la 13 h, habr\u00e1 un trabajador\/a municipal en cada cementerio para ayudar a subir\u00a0 los nichos de las plantas superiores, acercar las escaleras, limpiar las instalaciones e informar a los usuarios.<\/p>\n<p>El horario es el mismo que el resto del a\u00f1o: de 9 de la ma\u00f1ana a las siete de la tarde.<\/p>\n<p>&nbsp;<\/p>\n\n\t\t<style type=\"text\/css\">\n\t\t\t#gallery-1 {\n\t\t\t\tmargin: auto;\n\t\t\t}\n\t\t\t#gallery-1 .gallery-item {\n\t\t\t\tfloat: left;\n\t\t\t\tmargin-top: 10px;\n\t\t\t\ttext-align: center;\n\t\t\t\twidth: 33%;\n\t\t\t}\n\t\t\t#gallery-1 img {\n\t\t\t\tborder: 2px solid #cfcfcf;\n\t\t\t}\n\t\t\t#gallery-1 .gallery-caption {\n\t\t\t\tmargin-left: 0;\n\t\t\t}\n\t\t\t\/* see gallery_shortcode() in wp-includes\/media.php *\/\n\t\t<\/style>\n\t\t<div id='gallery-1' class='gallery galleryid-66280 gallery-columns-3 gallery-size-thumbnail'><dl class='gallery-item'>\n\t\t\t<dt class='gallery-icon portrait'>\n\t\t\t\t<a href='https:\/\/mont-roig.cat\/es\/raco-dels-estels-2\/'><img loading=\"lazy\" decoding=\"async\" width=\"50\" height=\"50\" src=\"https:\/\/mont-roig.cat\/wp-content\/uploads\/Raco-dels-Estels-50x50.jpg\" class=\"attachment-thumbnail size-thumbnail\" alt=\"\" srcset=\"https:\/\/mont-roig.cat\/wp-content\/uploads\/Raco-dels-Estels-50x50.jpg 50w, https:\/\/mont-roig.cat\/wp-content\/uploads\/Raco-dels-Estels-560x560.jpg 560w, https:\/\/mont-roig.cat\/wp-content\/uploads\/Raco-dels-Estels-367x367.jpg 367w, https:\/\/mont-roig.cat\/wp-content\/uploads\/Raco-dels-Estels-450x450.jpg 450w, https:\/\/mont-roig.cat\/wp-content\/uploads\/Raco-dels-Estels-85x85.jpg 85w, https:\/\/mont-roig.cat\/wp-content\/uploads\/Raco-dels-Estels-45x45.jpg 45w\" sizes=\"auto, (max-width: 50px) 100vw, 50px\" \/><\/a>\n\t\t\t<\/dt><\/dl><dl class='gallery-item'>\n\t\t\t<dt class='gallery-icon landscape'>\n\t\t\t\t<a href='https:\/\/mont-roig.cat\/es\/raco-dels-estels-3-2\/'><img loading=\"lazy\" decoding=\"async\" width=\"50\" height=\"50\" src=\"https:\/\/mont-roig.cat\/wp-content\/uploads\/Raco-dels-Estels-3-50x50.jpg\" class=\"attachment-thumbnail size-thumbnail\" alt=\"\" srcset=\"https:\/\/mont-roig.cat\/wp-content\/uploads\/Raco-dels-Estels-3-50x50.jpg 50w, https:\/\/mont-roig.cat\/wp-content\/uploads\/Raco-dels-Estels-3-560x560.jpg 560w, https:\/\/mont-roig.cat\/wp-content\/uploads\/Raco-dels-Estels-3-367x367.jpg 367w, https:\/\/mont-roig.cat\/wp-content\/uploads\/Raco-dels-Estels-3-450x450.jpg 450w, https:\/\/mont-roig.cat\/wp-content\/uploads\/Raco-dels-Estels-3-85x85.jpg 85w, https:\/\/mont-roig.cat\/wp-content\/uploads\/Raco-dels-Estels-3-45x45.jpg 45w\" sizes=\"auto, (max-width: 50px) 100vw, 50px\" \/><\/a>\n\t\t\t<\/dt><\/dl><dl class='gallery-item'>\n\t\t\t<dt class='gallery-icon landscape'>\n\t\t\t\t<a href='https:\/\/mont-roig.cat\/es\/raco-dels-estels-miami-platja-2\/'><img loading=\"lazy\" decoding=\"async\" width=\"50\" height=\"50\" src=\"https:\/\/mont-roig.cat\/wp-content\/uploads\/Raco-dels-Estels-Miami-Platja-50x50.jpg\" class=\"attachment-thumbnail size-thumbnail\" alt=\"\" srcset=\"https:\/\/mont-roig.cat\/wp-content\/uploads\/Raco-dels-Estels-Miami-Platja-50x50.jpg 50w, https:\/\/mont-roig.cat\/wp-content\/uploads\/Raco-dels-Estels-Miami-Platja-560x560.jpg 560w, https:\/\/mont-roig.cat\/wp-content\/uploads\/Raco-dels-Estels-Miami-Platja-367x367.jpg 367w, https:\/\/mont-roig.cat\/wp-content\/uploads\/Raco-dels-Estels-Miami-Platja-450x450.jpg 450w, https:\/\/mont-roig.cat\/wp-content\/uploads\/Raco-dels-Estels-Miami-Platja-85x85.jpg 85w, https:\/\/mont-roig.cat\/wp-content\/uploads\/Raco-dels-Estels-Miami-Platja-45x45.jpg 45w\" sizes=\"auto, (max-width: 50px) 100vw, 50px\" \/><\/a>\n\t\t\t<\/dt><\/dl><br style=\"clear: both\" \/><dl class='gallery-item'>\n\t\t\t<dt class='gallery-icon portrait'>\n\t\t\t\t<a href='https:\/\/mont-roig.cat\/es\/raco-dels-estels-2-2\/'><img loading=\"lazy\" decoding=\"async\" width=\"50\" height=\"50\" src=\"https:\/\/mont-roig.cat\/wp-content\/uploads\/Raco-dels-Estels-2-50x50.jpg\" class=\"attachment-thumbnail size-thumbnail\" alt=\"\" srcset=\"https:\/\/mont-roig.cat\/wp-content\/uploads\/Raco-dels-Estels-2-50x50.jpg 50w, https:\/\/mont-roig.cat\/wp-content\/uploads\/Raco-dels-Estels-2-560x560.jpg 560w, https:\/\/mont-roig.cat\/wp-content\/uploads\/Raco-dels-Estels-2-367x367.jpg 367w, https:\/\/mont-roig.cat\/wp-content\/uploads\/Raco-dels-Estels-2-450x450.jpg 450w, https:\/\/mont-roig.cat\/wp-content\/uploads\/Raco-dels-Estels-2-85x85.jpg 85w, https:\/\/mont-roig.cat\/wp-content\/uploads\/Raco-dels-Estels-2-45x45.jpg 45w\" sizes=\"auto, (max-width: 50px) 100vw, 50px\" \/><\/a>\n\t\t\t<\/dt><\/dl><dl class='gallery-item'>\n\t\t\t<dt class='gallery-icon portrait'>\n\t\t\t\t<a href='https:\/\/mont-roig.cat\/es\/hpqx2410-2\/'><img loading=\"lazy\" decoding=\"async\" width=\"50\" height=\"50\" src=\"https:\/\/mont-roig.cat\/wp-content\/uploads\/HPQX2410-50x50.jpg\" class=\"attachment-thumbnail size-thumbnail\" alt=\"\" srcset=\"https:\/\/mont-roig.cat\/wp-content\/uploads\/HPQX2410-50x50.jpg 50w, https:\/\/mont-roig.cat\/wp-content\/uploads\/HPQX2410-560x560.jpg 560w, https:\/\/mont-roig.cat\/wp-content\/uploads\/HPQX2410-367x367.jpg 367w, https:\/\/mont-roig.cat\/wp-content\/uploads\/HPQX2410-450x450.jpg 450w, https:\/\/mont-roig.cat\/wp-content\/uploads\/HPQX2410-85x85.jpg 85w, https:\/\/mont-roig.cat\/wp-content\/uploads\/HPQX2410-45x45.jpg 45w\" sizes=\"auto, (max-width: 50px) 100vw, 50px\" \/><\/a>\n\t\t\t<\/dt><\/dl><dl class='gallery-item'>\n\t\t\t<dt class='gallery-icon landscape'>\n\t\t\t\t<a href='https:\/\/mont-roig.cat\/es\/qlwj2561-2\/'><img loading=\"lazy\" decoding=\"async\" width=\"50\" height=\"50\" src=\"https:\/\/mont-roig.cat\/wp-content\/uploads\/QLWJ2561-50x50.jpg\" class=\"attachment-thumbnail size-thumbnail\" alt=\"\" srcset=\"https:\/\/mont-roig.cat\/wp-content\/uploads\/QLWJ2561-50x50.jpg 50w, https:\/\/mont-roig.cat\/wp-content\/uploads\/QLWJ2561-560x560.jpg 560w, https:\/\/mont-roig.cat\/wp-content\/uploads\/QLWJ2561-367x367.jpg 367w, https:\/\/mont-roig.cat\/wp-content\/uploads\/QLWJ2561-450x450.jpg 450w, https:\/\/mont-roig.cat\/wp-content\/uploads\/QLWJ2561-85x85.jpg 85w, https:\/\/mont-roig.cat\/wp-content\/uploads\/QLWJ2561-45x45.jpg 45w\" sizes=\"auto, (max-width: 50px) 100vw, 50px\" \/><\/a>\n\t\t\t<\/dt><\/dl><br style=\"clear: both\" \/><dl class='gallery-item'>\n\t\t\t<dt class='gallery-icon landscape'>\n\t\t\t\t<a href='https:\/\/mont-roig.cat\/es\/mdch9876-2\/'><img loading=\"lazy\" decoding=\"async\" width=\"50\" height=\"50\" src=\"https:\/\/mont-roig.cat\/wp-content\/uploads\/MDCH9876-50x50.jpg\" class=\"attachment-thumbnail size-thumbnail\" alt=\"\" srcset=\"https:\/\/mont-roig.cat\/wp-content\/uploads\/MDCH9876-50x50.jpg 50w, https:\/\/mont-roig.cat\/wp-content\/uploads\/MDCH9876-560x560.jpg 560w, https:\/\/mont-roig.cat\/wp-content\/uploads\/MDCH9876-367x367.jpg 367w, https:\/\/mont-roig.cat\/wp-content\/uploads\/MDCH9876-450x450.jpg 450w, https:\/\/mont-roig.cat\/wp-content\/uploads\/MDCH9876-85x85.jpg 85w, https:\/\/mont-roig.cat\/wp-content\/uploads\/MDCH9876-45x45.jpg 45w\" sizes=\"auto, (max-width: 50px) 100vw, 50px\" \/><\/a>\n\t\t\t<\/dt><\/dl><dl class='gallery-item'>\n\t\t\t<dt class='gallery-icon landscape'>\n\t\t\t\t<a href='https:\/\/mont-roig.cat\/es\/dmek9639-2\/'><img loading=\"lazy\" decoding=\"async\" width=\"50\" height=\"50\" src=\"https:\/\/mont-roig.cat\/wp-content\/uploads\/DMEK9639-50x50.jpg\" class=\"attachment-thumbnail size-thumbnail\" alt=\"\" srcset=\"https:\/\/mont-roig.cat\/wp-content\/uploads\/DMEK9639-50x50.jpg 50w, https:\/\/mont-roig.cat\/wp-content\/uploads\/DMEK9639-560x560.jpg 560w, https:\/\/mont-roig.cat\/wp-content\/uploads\/DMEK9639-367x367.jpg 367w, https:\/\/mont-roig.cat\/wp-content\/uploads\/DMEK9639-450x450.jpg 450w, https:\/\/mont-roig.cat\/wp-content\/uploads\/DMEK9639-85x85.jpg 85w, https:\/\/mont-roig.cat\/wp-content\/uploads\/DMEK9639-45x45.jpg 45w\" sizes=\"auto, (max-width: 50px) 100vw, 50px\" \/><\/a>\n\t\t\t<\/dt><\/dl>\n\t\t\t<br style='clear: both' \/>\n\t\t<\/div>\n\n<p>&nbsp;<\/p>\n<p><em>\u00a0<\/em><\/p>\n<p>&nbsp;<\/p>\n","protected":false},"excerpt":{"rendered":"<p>La finalidad es disponer de un lugar de recuerdo y apoyo para las familias que han perdido a un beb\u00e9 durante la gestaci\u00f3n o poco despu\u00e9s del nacimiento, acompa\u00f1arlas en el dolor de la experiencia vivida y hacer visible una realidad presente en la sociedad Coincidiendo con la proximidad de Tots Sants, los cementerios municipales [&hellip;]<\/p>\n","protected":false},"author":13,"featured_media":66286,"comment_status":"closed","ping_status":"closed","sticky":false,"template":"","format":"standard","meta":{"inline_featured_image":false,"_monsterinsights_skip_tracking":false,"_monsterinsights_sitenote_active":false,"_monsterinsights_sitenote_note":"","_monsterinsights_sitenote_category":0,"footnotes":""},"categories":[98,116],"tags":[],"class_list":["post-66280","post","type-post","status-publish","format-standard","has-post-thumbnail","hentry","category-ayuntamiento","category-urbanismo-y-obras"],"yoast_head":"<!-- This site is optimized with the Yoast SEO plugin v27.4 - https:\/\/yoast.com\/product\/yoast-seo-wordpress\/ -->\n<title>Los cementerios de Mont-roig y de Miami Platja incorporan un espacio destinado al duelo perinatal y gestacional: El Rinc\u00f3n de las estrellas - Ajuntament de Mont-roig del Camp<\/title>\n<meta name=\"robots\" content=\"index, follow, max-snippet:-1, max-image-preview:large, max-video-preview:-1\" \/>\n<link rel=\"canonical\" href=\"https:\/\/mont-roig.cat\/es\/actualitat\/noticies\/los-cementerios-de-mont-roig-y-de-miami-platja-incorporan-un-espacio-destinado-al-duelo-perinatal-y-gestacional-el-rincon-de-las-estrellas\/\" \/>\n<meta property=\"og:locale\" content=\"es_ES\" \/>\n<meta property=\"og:type\" content=\"article\" \/>\n<meta property=\"og:title\" content=\"Los cementerios de Mont-roig y de Miami Platja incorporan un espacio destinado al duelo perinatal y gestacional: El Rinc\u00f3n de las estrellas - Ajuntament de Mont-roig del Camp\" \/>\n<meta property=\"og:description\" content=\"La finalidad es disponer de un lugar de recuerdo y apoyo para las familias que han perdido a un beb\u00e9 durante la gestaci\u00f3n o poco despu\u00e9s del nacimiento, acompa\u00f1arlas en el dolor de la experiencia vivida y hacer visible una realidad presente en la sociedad Coincidiendo con la proximidad de Tots Sants, los cementerios municipales [&hellip;]\" \/>\n<meta property=\"og:url\" content=\"https:\/\/mont-roig.cat\/es\/actualitat\/noticies\/los-cementerios-de-mont-roig-y-de-miami-platja-incorporan-un-espacio-destinado-al-duelo-perinatal-y-gestacional-el-rincon-de-las-estrellas\/\" \/>\n<meta property=\"og:site_name\" content=\"Ajuntament de Mont-roig del Camp\" \/>\n<meta property=\"article:published_time\" content=\"2022-10-26T12:46:00+00:00\" \/>\n<meta property=\"article:modified_time\" content=\"2022-10-26T13:54:23+00:00\" \/>\n<meta property=\"og:image\" content=\"https:\/\/mont-roig.cat\/wp-content\/uploads\/DFBB1725.jpg\" \/>\n\t<meta property=\"og:image:width\" content=\"1024\" \/>\n\t<meta property=\"og:image:height\" content=\"768\" \/>\n\t<meta property=\"og:image:type\" content=\"image\/jpeg\" \/>\n<meta name=\"author\" content=\"comunicacio\" \/>\n<meta name=\"twitter:card\" content=\"summary_large_image\" \/>\n<meta name=\"twitter:label1\" content=\"Escrito por\" \/>\n\t<meta name=\"twitter:data1\" content=\"comunicacio\" \/>\n\t<meta name=\"twitter:label2\" content=\"Tiempo de lectura\" \/>\n\t<meta name=\"twitter:data2\" content=\"4 minutos\" \/>\n<script type=\"application\/ld+json\" class=\"yoast-schema-graph\">{\"@context\":\"https:\\\/\\\/schema.org\",\"@graph\":[{\"@type\":\"Article\",\"@id\":\"https:\\\/\\\/mont-roig.cat\\\/es\\\/actualitat\\\/noticies\\\/los-cementerios-de-mont-roig-y-de-miami-platja-incorporan-un-espacio-destinado-al-duelo-perinatal-y-gestacional-el-rincon-de-las-estrellas\\\/#article\",\"isPartOf\":{\"@id\":\"https:\\\/\\\/mont-roig.cat\\\/es\\\/actualitat\\\/noticies\\\/los-cementerios-de-mont-roig-y-de-miami-platja-incorporan-un-espacio-destinado-al-duelo-perinatal-y-gestacional-el-rincon-de-las-estrellas\\\/\"},\"author\":{\"name\":\"comunicacio\",\"@id\":\"https:\\\/\\\/mont-roig.cat\\\/es\\\/#\\\/schema\\\/person\\\/1f73e7b5e6f9dd122e8a6f14f310ac5e\"},\"headline\":\"Los cementerios de Mont-roig y de Miami Platja incorporan un espacio destinado al duelo perinatal y gestacional: El Rinc\u00f3n de las estrellas\",\"datePublished\":\"2022-10-26T12:46:00+00:00\",\"dateModified\":\"2022-10-26T13:54:23+00:00\",\"mainEntityOfPage\":{\"@id\":\"https:\\\/\\\/mont-roig.cat\\\/es\\\/actualitat\\\/noticies\\\/los-cementerios-de-mont-roig-y-de-miami-platja-incorporan-un-espacio-destinado-al-duelo-perinatal-y-gestacional-el-rincon-de-las-estrellas\\\/\"},\"wordCount\":745,\"image\":{\"@id\":\"https:\\\/\\\/mont-roig.cat\\\/es\\\/actualitat\\\/noticies\\\/los-cementerios-de-mont-roig-y-de-miami-platja-incorporan-un-espacio-destinado-al-duelo-perinatal-y-gestacional-el-rincon-de-las-estrellas\\\/#primaryimage\"},\"thumbnailUrl\":\"https:\\\/\\\/mont-roig.cat\\\/wp-content\\\/uploads\\\/DFBB1725.jpg\",\"articleSection\":[\"Ayuntamiento\",\"Urbanismo y obras\"],\"inLanguage\":\"es\"},{\"@type\":\"WebPage\",\"@id\":\"https:\\\/\\\/mont-roig.cat\\\/es\\\/actualitat\\\/noticies\\\/los-cementerios-de-mont-roig-y-de-miami-platja-incorporan-un-espacio-destinado-al-duelo-perinatal-y-gestacional-el-rincon-de-las-estrellas\\\/\",\"url\":\"https:\\\/\\\/mont-roig.cat\\\/es\\\/actualitat\\\/noticies\\\/los-cementerios-de-mont-roig-y-de-miami-platja-incorporan-un-espacio-destinado-al-duelo-perinatal-y-gestacional-el-rincon-de-las-estrellas\\\/\",\"name\":\"Los cementerios de Mont-roig y de Miami Platja incorporan un espacio destinado al duelo perinatal y gestacional: El Rinc\u00f3n de las estrellas - Ajuntament de Mont-roig del Camp\",\"isPartOf\":{\"@id\":\"https:\\\/\\\/mont-roig.cat\\\/es\\\/#website\"},\"primaryImageOfPage\":{\"@id\":\"https:\\\/\\\/mont-roig.cat\\\/es\\\/actualitat\\\/noticies\\\/los-cementerios-de-mont-roig-y-de-miami-platja-incorporan-un-espacio-destinado-al-duelo-perinatal-y-gestacional-el-rincon-de-las-estrellas\\\/#primaryimage\"},\"image\":{\"@id\":\"https:\\\/\\\/mont-roig.cat\\\/es\\\/actualitat\\\/noticies\\\/los-cementerios-de-mont-roig-y-de-miami-platja-incorporan-un-espacio-destinado-al-duelo-perinatal-y-gestacional-el-rincon-de-las-estrellas\\\/#primaryimage\"},\"thumbnailUrl\":\"https:\\\/\\\/mont-roig.cat\\\/wp-content\\\/uploads\\\/DFBB1725.jpg\",\"datePublished\":\"2022-10-26T12:46:00+00:00\",\"dateModified\":\"2022-10-26T13:54:23+00:00\",\"author\":{\"@id\":\"https:\\\/\\\/mont-roig.cat\\\/es\\\/#\\\/schema\\\/person\\\/1f73e7b5e6f9dd122e8a6f14f310ac5e\"},\"breadcrumb\":{\"@id\":\"https:\\\/\\\/mont-roig.cat\\\/es\\\/actualitat\\\/noticies\\\/los-cementerios-de-mont-roig-y-de-miami-platja-incorporan-un-espacio-destinado-al-duelo-perinatal-y-gestacional-el-rincon-de-las-estrellas\\\/#breadcrumb\"},\"inLanguage\":\"es\",\"potentialAction\":[{\"@type\":\"ReadAction\",\"target\":[\"https:\\\/\\\/mont-roig.cat\\\/es\\\/actualitat\\\/noticies\\\/los-cementerios-de-mont-roig-y-de-miami-platja-incorporan-un-espacio-destinado-al-duelo-perinatal-y-gestacional-el-rincon-de-las-estrellas\\\/\"]}]},{\"@type\":\"ImageObject\",\"inLanguage\":\"es\",\"@id\":\"https:\\\/\\\/mont-roig.cat\\\/es\\\/actualitat\\\/noticies\\\/los-cementerios-de-mont-roig-y-de-miami-platja-incorporan-un-espacio-destinado-al-duelo-perinatal-y-gestacional-el-rincon-de-las-estrellas\\\/#primaryimage\",\"url\":\"https:\\\/\\\/mont-roig.cat\\\/wp-content\\\/uploads\\\/DFBB1725.jpg\",\"contentUrl\":\"https:\\\/\\\/mont-roig.cat\\\/wp-content\\\/uploads\\\/DFBB1725.jpg\",\"width\":1024,\"height\":768,\"caption\":\"El Rinc\u00f3n de las Estrellas de Mont-roig\"},{\"@type\":\"BreadcrumbList\",\"@id\":\"https:\\\/\\\/mont-roig.cat\\\/es\\\/actualitat\\\/noticies\\\/los-cementerios-de-mont-roig-y-de-miami-platja-incorporan-un-espacio-destinado-al-duelo-perinatal-y-gestacional-el-rincon-de-las-estrellas\\\/#breadcrumb\",\"itemListElement\":[{\"@type\":\"ListItem\",\"position\":1,\"name\":\"Inici\",\"item\":\"https:\\\/\\\/mont-roig.cat\\\/es\\\/pagina-de-inicio\\\/\"},{\"@type\":\"ListItem\",\"position\":2,\"name\":\"Los cementerios de Mont-roig y de Miami Platja incorporan un espacio destinado al duelo perinatal y gestacional: El Rinc\u00f3n de las estrellas\"}]},{\"@type\":\"WebSite\",\"@id\":\"https:\\\/\\\/mont-roig.cat\\\/es\\\/#website\",\"url\":\"https:\\\/\\\/mont-roig.cat\\\/es\\\/\",\"name\":\"Ajuntament de Mont-roig del Camp\",\"description\":\"Tota la informaci\u00f3 sobre la instituci\u00f3, els seus \u00f2rgans de govern, actualitat, serveis i molt m\u00e9s.\",\"potentialAction\":[{\"@type\":\"SearchAction\",\"target\":{\"@type\":\"EntryPoint\",\"urlTemplate\":\"https:\\\/\\\/mont-roig.cat\\\/es\\\/?s={search_term_string}\"},\"query-input\":{\"@type\":\"PropertyValueSpecification\",\"valueRequired\":true,\"valueName\":\"search_term_string\"}}],\"inLanguage\":\"es\"},{\"@type\":\"Person\",\"@id\":\"https:\\\/\\\/mont-roig.cat\\\/es\\\/#\\\/schema\\\/person\\\/1f73e7b5e6f9dd122e8a6f14f310ac5e\",\"name\":\"comunicacio\",\"image\":{\"@type\":\"ImageObject\",\"inLanguage\":\"es\",\"@id\":\"https:\\\/\\\/secure.gravatar.com\\\/avatar\\\/98944333e7a877670a64f8d10f0cb680ab2c9ebc4efc43945ef004b52b5ad28c?s=96&d=mm&r=g\",\"url\":\"https:\\\/\\\/secure.gravatar.com\\\/avatar\\\/98944333e7a877670a64f8d10f0cb680ab2c9ebc4efc43945ef004b52b5ad28c?s=96&d=mm&r=g\",\"contentUrl\":\"https:\\\/\\\/secure.gravatar.com\\\/avatar\\\/98944333e7a877670a64f8d10f0cb680ab2c9ebc4efc43945ef004b52b5ad28c?s=96&d=mm&r=g\",\"caption\":\"comunicacio\"},\"url\":\"https:\\\/\\\/mont-roig.cat\\\/es\\\/actualitat\\\/noticies\\\/author\\\/comunicacio\\\/\"}]}<\/script>\n<!-- \/ Yoast SEO plugin. -->","yoast_head_json":{"title":"Los cementerios de Mont-roig y de Miami Platja incorporan un espacio destinado al duelo perinatal y gestacional: El Rinc\u00f3n de las estrellas - Ajuntament de Mont-roig del Camp","robots":{"index":"index","follow":"follow","max-snippet":"max-snippet:-1","max-image-preview":"max-image-preview:large","max-video-preview":"max-video-preview:-1"},"canonical":"https:\/\/mont-roig.cat\/es\/actualitat\/noticies\/los-cementerios-de-mont-roig-y-de-miami-platja-incorporan-un-espacio-destinado-al-duelo-perinatal-y-gestacional-el-rincon-de-las-estrellas\/","og_locale":"es_ES","og_type":"article","og_title":"Los cementerios de Mont-roig y de Miami Platja incorporan un espacio destinado al duelo perinatal y gestacional: El Rinc\u00f3n de las estrellas - Ajuntament de Mont-roig del Camp","og_description":"La finalidad es disponer de un lugar de recuerdo y apoyo para las familias que han perdido a un beb\u00e9 durante la gestaci\u00f3n o poco despu\u00e9s del nacimiento, acompa\u00f1arlas en el dolor de la experiencia vivida y hacer visible una realidad presente en la sociedad Coincidiendo con la proximidad de Tots Sants, los cementerios municipales [&hellip;]","og_url":"https:\/\/mont-roig.cat\/es\/actualitat\/noticies\/los-cementerios-de-mont-roig-y-de-miami-platja-incorporan-un-espacio-destinado-al-duelo-perinatal-y-gestacional-el-rincon-de-las-estrellas\/","og_site_name":"Ajuntament de Mont-roig del Camp","article_published_time":"2022-10-26T12:46:00+00:00","article_modified_time":"2022-10-26T13:54:23+00:00","og_image":[{"width":1024,"height":768,"url":"https:\/\/mont-roig.cat\/wp-content\/uploads\/DFBB1725.jpg","type":"image\/jpeg"}],"author":"comunicacio","twitter_card":"summary_large_image","twitter_misc":{"Escrito por":"comunicacio","Tiempo de lectura":"4 minutos"},"schema":{"@context":"https:\/\/schema.org","@graph":[{"@type":"Article","@id":"https:\/\/mont-roig.cat\/es\/actualitat\/noticies\/los-cementerios-de-mont-roig-y-de-miami-platja-incorporan-un-espacio-destinado-al-duelo-perinatal-y-gestacional-el-rincon-de-las-estrellas\/#article","isPartOf":{"@id":"https:\/\/mont-roig.cat\/es\/actualitat\/noticies\/los-cementerios-de-mont-roig-y-de-miami-platja-incorporan-un-espacio-destinado-al-duelo-perinatal-y-gestacional-el-rincon-de-las-estrellas\/"},"author":{"name":"comunicacio","@id":"https:\/\/mont-roig.cat\/es\/#\/schema\/person\/1f73e7b5e6f9dd122e8a6f14f310ac5e"},"headline":"Los cementerios de Mont-roig y de Miami Platja incorporan un espacio destinado al duelo perinatal y gestacional: El Rinc\u00f3n de las estrellas","datePublished":"2022-10-26T12:46:00+00:00","dateModified":"2022-10-26T13:54:23+00:00","mainEntityOfPage":{"@id":"https:\/\/mont-roig.cat\/es\/actualitat\/noticies\/los-cementerios-de-mont-roig-y-de-miami-platja-incorporan-un-espacio-destinado-al-duelo-perinatal-y-gestacional-el-rincon-de-las-estrellas\/"},"wordCount":745,"image":{"@id":"https:\/\/mont-roig.cat\/es\/actualitat\/noticies\/los-cementerios-de-mont-roig-y-de-miami-platja-incorporan-un-espacio-destinado-al-duelo-perinatal-y-gestacional-el-rincon-de-las-estrellas\/#primaryimage"},"thumbnailUrl":"https:\/\/mont-roig.cat\/wp-content\/uploads\/DFBB1725.jpg","articleSection":["Ayuntamiento","Urbanismo y obras"],"inLanguage":"es"},{"@type":"WebPage","@id":"https:\/\/mont-roig.cat\/es\/actualitat\/noticies\/los-cementerios-de-mont-roig-y-de-miami-platja-incorporan-un-espacio-destinado-al-duelo-perinatal-y-gestacional-el-rincon-de-las-estrellas\/","url":"https:\/\/mont-roig.cat\/es\/actualitat\/noticies\/los-cementerios-de-mont-roig-y-de-miami-platja-incorporan-un-espacio-destinado-al-duelo-perinatal-y-gestacional-el-rincon-de-las-estrellas\/","name":"Los cementerios de Mont-roig y de Miami Platja incorporan un espacio destinado al duelo perinatal y gestacional: El Rinc\u00f3n de las estrellas - Ajuntament de Mont-roig del Camp","isPartOf":{"@id":"https:\/\/mont-roig.cat\/es\/#website"},"primaryImageOfPage":{"@id":"https:\/\/mont-roig.cat\/es\/actualitat\/noticies\/los-cementerios-de-mont-roig-y-de-miami-platja-incorporan-un-espacio-destinado-al-duelo-perinatal-y-gestacional-el-rincon-de-las-estrellas\/#primaryimage"},"image":{"@id":"https:\/\/mont-roig.cat\/es\/actualitat\/noticies\/los-cementerios-de-mont-roig-y-de-miami-platja-incorporan-un-espacio-destinado-al-duelo-perinatal-y-gestacional-el-rincon-de-las-estrellas\/#primaryimage"},"thumbnailUrl":"https:\/\/mont-roig.cat\/wp-content\/uploads\/DFBB1725.jpg","datePublished":"2022-10-26T12:46:00+00:00","dateModified":"2022-10-26T13:54:23+00:00","author":{"@id":"https:\/\/mont-roig.cat\/es\/#\/schema\/person\/1f73e7b5e6f9dd122e8a6f14f310ac5e"},"breadcrumb":{"@id":"https:\/\/mont-roig.cat\/es\/actualitat\/noticies\/los-cementerios-de-mont-roig-y-de-miami-platja-incorporan-un-espacio-destinado-al-duelo-perinatal-y-gestacional-el-rincon-de-las-estrellas\/#breadcrumb"},"inLanguage":"es","potentialAction":[{"@type":"ReadAction","target":["https:\/\/mont-roig.cat\/es\/actualitat\/noticies\/los-cementerios-de-mont-roig-y-de-miami-platja-incorporan-un-espacio-destinado-al-duelo-perinatal-y-gestacional-el-rincon-de-las-estrellas\/"]}]},{"@type":"ImageObject","inLanguage":"es","@id":"https:\/\/mont-roig.cat\/es\/actualitat\/noticies\/los-cementerios-de-mont-roig-y-de-miami-platja-incorporan-un-espacio-destinado-al-duelo-perinatal-y-gestacional-el-rincon-de-las-estrellas\/#primaryimage","url":"https:\/\/mont-roig.cat\/wp-content\/uploads\/DFBB1725.jpg","contentUrl":"https:\/\/mont-roig.cat\/wp-content\/uploads\/DFBB1725.jpg","width":1024,"height":768,"caption":"El Rinc\u00f3n de las Estrellas de Mont-roig"},{"@type":"BreadcrumbList","@id":"https:\/\/mont-roig.cat\/es\/actualitat\/noticies\/los-cementerios-de-mont-roig-y-de-miami-platja-incorporan-un-espacio-destinado-al-duelo-perinatal-y-gestacional-el-rincon-de-las-estrellas\/#breadcrumb","itemListElement":[{"@type":"ListItem","position":1,"name":"Inici","item":"https:\/\/mont-roig.cat\/es\/pagina-de-inicio\/"},{"@type":"ListItem","position":2,"name":"Los cementerios de Mont-roig y de Miami Platja incorporan un espacio destinado al duelo perinatal y gestacional: El Rinc\u00f3n de las estrellas"}]},{"@type":"WebSite","@id":"https:\/\/mont-roig.cat\/es\/#website","url":"https:\/\/mont-roig.cat\/es\/","name":"Ajuntament de Mont-roig del Camp","description":"Tota la informaci\u00f3 sobre la instituci\u00f3, els seus \u00f2rgans de govern, actualitat, serveis i molt m\u00e9s.","potentialAction":[{"@type":"SearchAction","target":{"@type":"EntryPoint","urlTemplate":"https:\/\/mont-roig.cat\/es\/?s={search_term_string}"},"query-input":{"@type":"PropertyValueSpecification","valueRequired":true,"valueName":"search_term_string"}}],"inLanguage":"es"},{"@type":"Person","@id":"https:\/\/mont-roig.cat\/es\/#\/schema\/person\/1f73e7b5e6f9dd122e8a6f14f310ac5e","name":"comunicacio","image":{"@type":"ImageObject","inLanguage":"es","@id":"https:\/\/secure.gravatar.com\/avatar\/98944333e7a877670a64f8d10f0cb680ab2c9ebc4efc43945ef004b52b5ad28c?s=96&d=mm&r=g","url":"https:\/\/secure.gravatar.com\/avatar\/98944333e7a877670a64f8d10f0cb680ab2c9ebc4efc43945ef004b52b5ad28c?s=96&d=mm&r=g","contentUrl":"https:\/\/secure.gravatar.com\/avatar\/98944333e7a877670a64f8d10f0cb680ab2c9ebc4efc43945ef004b52b5ad28c?s=96&d=mm&r=g","caption":"comunicacio"},"url":"https:\/\/mont-roig.cat\/es\/actualitat\/noticies\/author\/comunicacio\/"}]}},"_links":{"self":[{"href":"https:\/\/mont-roig.cat\/es\/wp-json\/wp\/v2\/posts\/66280","targetHints":{"allow":["GET"]}}],"collection":[{"href":"https:\/\/mont-roig.cat\/es\/wp-json\/wp\/v2\/posts"}],"about":[{"href":"https:\/\/mont-roig.cat\/es\/wp-json\/wp\/v2\/types\/post"}],"author":[{"embeddable":true,"href":"https:\/\/mont-roig.cat\/es\/wp-json\/wp\/v2\/users\/13"}],"replies":[{"embeddable":true,"href":"https:\/\/mont-roig.cat\/es\/wp-json\/wp\/v2\/comments?post=66280"}],"version-history":[{"count":4,"href":"https:\/\/mont-roig.cat\/es\/wp-json\/wp\/v2\/posts\/66280\/revisions"}],"predecessor-version":[{"id":66312,"href":"https:\/\/mont-roig.cat\/es\/wp-json\/wp\/v2\/posts\/66280\/revisions\/66312"}],"wp:featuredmedia":[{"embeddable":true,"href":"https:\/\/mont-roig.cat\/es\/wp-json\/wp\/v2\/media\/66286"}],"wp:attachment":[{"href":"https:\/\/mont-roig.cat\/es\/wp-json\/wp\/v2\/media?parent=66280"}],"wp:term":[{"taxonomy":"category","embeddable":true,"href":"https:\/\/mont-roig.cat\/es\/wp-json\/wp\/v2\/categories?post=66280"},{"taxonomy":"post_tag","embeddable":true,"href":"https:\/\/mont-roig.cat\/es\/wp-json\/wp\/v2\/tags?post=66280"}],"curies":[{"name":"wp","href":"https:\/\/api.w.org\/{rel}","templated":true}]}}