{"id":66320,"date":"2022-10-27T13:06:55","date_gmt":"2022-10-27T11:06:55","guid":{"rendered":"https:\/\/mont-roig.cat\/actualitat\/noticies\/lajuntament-inicia-el-tractament-anual-per-lluitar-contra-la-plaga-de-la-processionaria-del-pi-en-zones-de-titularitat-municipal\/"},"modified":"2022-10-27T13:13:47","modified_gmt":"2022-10-27T11:13:47","slug":"el-ayuntamiento-inicia-el-tratamiento-anual-para-luchar-contra-la-plaga-de-la-procesionaria-del-pino-en-zonas-de-titularidad-municipal","status":"publish","type":"post","link":"https:\/\/mont-roig.cat\/es\/actualitat\/noticies\/el-ayuntamiento-inicia-el-tratamiento-anual-para-luchar-contra-la-plaga-de-la-procesionaria-del-pino-en-zonas-de-titularidad-municipal\/","title":{"rendered":"El Ayuntamiento inicia el tratamiento anual para luchar contra la plaga de la procesionaria del pino en zonas de titularidad municipal"},"content":{"rendered":"<ul>\n<li>\n<div id=\"attachment_66316\" style=\"width: 312px\" class=\"wp-caption alignright\"><a href=\"https:\/\/mont-roig.cat\/wp-content\/uploads\/IMG-20221025-WA0006-1.jpg\"><img loading=\"lazy\" decoding=\"async\" aria-describedby=\"caption-attachment-66316\" class=\"wp-image-66316\" src=\"https:\/\/mont-roig.cat\/wp-content\/uploads\/IMG-20221025-WA0006-1-500x281.jpg\" alt=\"\" width=\"302\" height=\"170\" srcset=\"https:\/\/mont-roig.cat\/wp-content\/uploads\/IMG-20221025-WA0006-1-500x281.jpg 500w, https:\/\/mont-roig.cat\/wp-content\/uploads\/IMG-20221025-WA0006-1-1024x576.jpg 1024w, https:\/\/mont-roig.cat\/wp-content\/uploads\/IMG-20221025-WA0006-1-768x432.jpg 768w, https:\/\/mont-roig.cat\/wp-content\/uploads\/IMG-20221025-WA0006-1-1536x864.jpg 1536w, https:\/\/mont-roig.cat\/wp-content\/uploads\/IMG-20221025-WA0006-1.jpg 2048w\" sizes=\"auto, (max-width: 302px) 100vw, 302px\" \/><\/a><p id=\"caption-attachment-66316\" class=\"wp-caption-text\">Un operari, fent el tractament d&#8217;endoter\u00e0pia.<\/p><\/div>\n<p><strong>En una primera fase se inyecta un tratamiento de endoterapia a los pinos m\u00e1s sensibles a la plaga y, posteriormente, se realizar\u00e1 una fumigaci\u00f3n<\/strong><\/li>\n<li><strong>El consistorio recuerda a las personas propietarias de parcelas privadas la obligaci\u00f3n de mantenerlas en condiciones de limpieza y salubridad y que ahora es el momento de realizar el tratamiento en los pinos como precauci\u00f3n<\/strong><\/li>\n<\/ul>\n<p>El Ayuntamiento de Mont-roig del Camp ya ha iniciado un primer tratamiento de choque para luchar contra la plaga de la procesionaria del pino en zonas de titularidad p\u00fablica municipal porque es plenamente consciente de la problem\u00e1tica que cada a\u00f1o genera esta enfermedad propia de esta tipolog\u00eda de \u00e1rboles entre las personas con alergia, ni\u00f1os, ni\u00f1as y mascotas que pasean por los espacios p\u00fablicos.<\/p>\n<p>Una empresa especializada contratada por el Ayuntamiento est\u00e1 realizando el tratamiento de endoterapia en un total de 500 pinos en las zonas p\u00fablicas m\u00e1s sensibles a esta plaga. Este tratamiento, que tiene un coste econ\u00f3mico m\u00e1s elevado que otros tratamientos preventivos, consiste en inyectar en el \u00e1rbol un producto fitosanitario en la savia que hace que las orugas mueran antes de formar el nido.<\/p>\n<p>En el resto de zonas con pinos y que sean de titularidad municipal se realizar\u00e1 una primera actuaci\u00f3n de fumigaci\u00f3n de los \u00e1rboles para evitar la proliferaci\u00f3n de la plaga.<\/p>\n<p><strong>Obligatoriedad de limpiar las parcelas privadas<\/strong><\/p>\n<p>Dado que hay zonas que no son p\u00fablicas y que tambi\u00e9n presentan afectaci\u00f3n de la procesionaria, es preciso recordar a los propietarios y propietarias de estas parcelas la obligatoriedad de tenerlas en condiciones de limpieza y salubridad, y que precisamente a principio de el oto\u00f1o, antes de la llegada del fr\u00edo, es el momento de realizar este tipo de tratamiento en los pinos. El objetivo es evitar la formaci\u00f3n de bolsas que generan la salida de la procesionaria a finales de enero.<\/p>\n<p>&nbsp;<\/p>\n<p>&nbsp;<\/p>\n<p>&nbsp;<\/p>\n","protected":false},"excerpt":{"rendered":"<p>En una primera fase se inyecta un tratamiento de endoterapia a los pinos m\u00e1s sensibles a la plaga y, posteriormente, se realizar\u00e1 una fumigaci\u00f3n El consistorio recuerda a las personas propietarias de parcelas privadas la obligaci\u00f3n de mantenerlas en condiciones de limpieza y salubridad y que ahora es el momento de realizar el tratamiento en [&hellip;]<\/p>\n","protected":false},"author":13,"featured_media":66317,"comment_status":"closed","ping_status":"closed","sticky":false,"template":"","format":"standard","meta":{"inline_featured_image":false,"_monsterinsights_skip_tracking":false,"_monsterinsights_sitenote_active":false,"_monsterinsights_sitenote_note":"","_monsterinsights_sitenote_category":0,"footnotes":""},"categories":[98,222,112],"tags":[],"class_list":["post-66320","post","type-post","status-publish","format-standard","has-post-thumbnail","hentry","category-ayuntamiento","category-entorn-natural-es","category-sanidad-y-salud-publica"],"yoast_head":"<!-- This site is optimized with the Yoast SEO plugin v27.4 - https:\/\/yoast.com\/product\/yoast-seo-wordpress\/ -->\n<title>El Ayuntamiento inicia el tratamiento anual para luchar contra la plaga de la procesionaria del pino en zonas de titularidad municipal - Ajuntament de Mont-roig del Camp<\/title>\n<meta name=\"robots\" content=\"index, follow, max-snippet:-1, max-image-preview:large, max-video-preview:-1\" \/>\n<link rel=\"canonical\" href=\"https:\/\/mont-roig.cat\/es\/actualitat\/noticies\/el-ayuntamiento-inicia-el-tratamiento-anual-para-luchar-contra-la-plaga-de-la-procesionaria-del-pino-en-zonas-de-titularidad-municipal\/\" \/>\n<meta property=\"og:locale\" content=\"es_ES\" \/>\n<meta property=\"og:type\" content=\"article\" \/>\n<meta property=\"og:title\" content=\"El Ayuntamiento inicia el tratamiento anual para luchar contra la plaga de la procesionaria del pino en zonas de titularidad municipal - Ajuntament de Mont-roig del Camp\" \/>\n<meta property=\"og:description\" content=\"En una primera fase se inyecta un tratamiento de endoterapia a los pinos m\u00e1s sensibles a la plaga y, posteriormente, se realizar\u00e1 una fumigaci\u00f3n El consistorio recuerda a las personas propietarias de parcelas privadas la obligaci\u00f3n de mantenerlas en condiciones de limpieza y salubridad y que ahora es el momento de realizar el tratamiento en [&hellip;]\" \/>\n<meta property=\"og:url\" content=\"https:\/\/mont-roig.cat\/es\/actualitat\/noticies\/el-ayuntamiento-inicia-el-tratamiento-anual-para-luchar-contra-la-plaga-de-la-procesionaria-del-pino-en-zonas-de-titularidad-municipal\/\" \/>\n<meta property=\"og:site_name\" content=\"Ajuntament de Mont-roig del Camp\" \/>\n<meta property=\"article:published_time\" content=\"2022-10-27T11:06:55+00:00\" \/>\n<meta property=\"article:modified_time\" content=\"2022-10-27T11:13:47+00:00\" \/>\n<meta property=\"og:image\" content=\"https:\/\/mont-roig.cat\/wp-content\/uploads\/IMG-20221025-WA0006-1.jpg\" \/>\n\t<meta property=\"og:image:width\" content=\"2048\" \/>\n\t<meta property=\"og:image:height\" content=\"1152\" \/>\n\t<meta property=\"og:image:type\" content=\"image\/jpeg\" \/>\n<meta name=\"author\" content=\"comunicacio\" \/>\n<meta name=\"twitter:card\" content=\"summary_large_image\" \/>\n<meta name=\"twitter:label1\" content=\"Escrito por\" \/>\n\t<meta name=\"twitter:data1\" content=\"comunicacio\" \/>\n\t<meta name=\"twitter:label2\" content=\"Tiempo de lectura\" \/>\n\t<meta name=\"twitter:data2\" content=\"2 minutos\" \/>\n<script type=\"application\/ld+json\" class=\"yoast-schema-graph\">{\"@context\":\"https:\\\/\\\/schema.org\",\"@graph\":[{\"@type\":\"Article\",\"@id\":\"https:\\\/\\\/mont-roig.cat\\\/es\\\/actualitat\\\/noticies\\\/el-ayuntamiento-inicia-el-tratamiento-anual-para-luchar-contra-la-plaga-de-la-procesionaria-del-pino-en-zonas-de-titularidad-municipal\\\/#article\",\"isPartOf\":{\"@id\":\"https:\\\/\\\/mont-roig.cat\\\/es\\\/actualitat\\\/noticies\\\/el-ayuntamiento-inicia-el-tratamiento-anual-para-luchar-contra-la-plaga-de-la-procesionaria-del-pino-en-zonas-de-titularidad-municipal\\\/\"},\"author\":{\"name\":\"comunicacio\",\"@id\":\"https:\\\/\\\/mont-roig.cat\\\/es\\\/#\\\/schema\\\/person\\\/1f73e7b5e6f9dd122e8a6f14f310ac5e\"},\"headline\":\"El Ayuntamiento inicia el tratamiento anual para luchar contra la plaga de la procesionaria del pino en zonas de titularidad municipal\",\"datePublished\":\"2022-10-27T11:06:55+00:00\",\"dateModified\":\"2022-10-27T11:13:47+00:00\",\"mainEntityOfPage\":{\"@id\":\"https:\\\/\\\/mont-roig.cat\\\/es\\\/actualitat\\\/noticies\\\/el-ayuntamiento-inicia-el-tratamiento-anual-para-luchar-contra-la-plaga-de-la-procesionaria-del-pino-en-zonas-de-titularidad-municipal\\\/\"},\"wordCount\":366,\"image\":{\"@id\":\"https:\\\/\\\/mont-roig.cat\\\/es\\\/actualitat\\\/noticies\\\/el-ayuntamiento-inicia-el-tratamiento-anual-para-luchar-contra-la-plaga-de-la-procesionaria-del-pino-en-zonas-de-titularidad-municipal\\\/#primaryimage\"},\"thumbnailUrl\":\"https:\\\/\\\/mont-roig.cat\\\/wp-content\\\/uploads\\\/IMG-20221025-WA0006-1.jpg\",\"articleSection\":[\"Ayuntamiento\",\"Entorn natural\",\"Sanidad y Salud p\u00fablica\"],\"inLanguage\":\"es\"},{\"@type\":\"WebPage\",\"@id\":\"https:\\\/\\\/mont-roig.cat\\\/es\\\/actualitat\\\/noticies\\\/el-ayuntamiento-inicia-el-tratamiento-anual-para-luchar-contra-la-plaga-de-la-procesionaria-del-pino-en-zonas-de-titularidad-municipal\\\/\",\"url\":\"https:\\\/\\\/mont-roig.cat\\\/es\\\/actualitat\\\/noticies\\\/el-ayuntamiento-inicia-el-tratamiento-anual-para-luchar-contra-la-plaga-de-la-procesionaria-del-pino-en-zonas-de-titularidad-municipal\\\/\",\"name\":\"El Ayuntamiento inicia el tratamiento anual para luchar contra la plaga de la procesionaria del pino en zonas de titularidad municipal - Ajuntament de Mont-roig del Camp\",\"isPartOf\":{\"@id\":\"https:\\\/\\\/mont-roig.cat\\\/es\\\/#website\"},\"primaryImageOfPage\":{\"@id\":\"https:\\\/\\\/mont-roig.cat\\\/es\\\/actualitat\\\/noticies\\\/el-ayuntamiento-inicia-el-tratamiento-anual-para-luchar-contra-la-plaga-de-la-procesionaria-del-pino-en-zonas-de-titularidad-municipal\\\/#primaryimage\"},\"image\":{\"@id\":\"https:\\\/\\\/mont-roig.cat\\\/es\\\/actualitat\\\/noticies\\\/el-ayuntamiento-inicia-el-tratamiento-anual-para-luchar-contra-la-plaga-de-la-procesionaria-del-pino-en-zonas-de-titularidad-municipal\\\/#primaryimage\"},\"thumbnailUrl\":\"https:\\\/\\\/mont-roig.cat\\\/wp-content\\\/uploads\\\/IMG-20221025-WA0006-1.jpg\",\"datePublished\":\"2022-10-27T11:06:55+00:00\",\"dateModified\":\"2022-10-27T11:13:47+00:00\",\"author\":{\"@id\":\"https:\\\/\\\/mont-roig.cat\\\/es\\\/#\\\/schema\\\/person\\\/1f73e7b5e6f9dd122e8a6f14f310ac5e\"},\"breadcrumb\":{\"@id\":\"https:\\\/\\\/mont-roig.cat\\\/es\\\/actualitat\\\/noticies\\\/el-ayuntamiento-inicia-el-tratamiento-anual-para-luchar-contra-la-plaga-de-la-procesionaria-del-pino-en-zonas-de-titularidad-municipal\\\/#breadcrumb\"},\"inLanguage\":\"es\",\"potentialAction\":[{\"@type\":\"ReadAction\",\"target\":[\"https:\\\/\\\/mont-roig.cat\\\/es\\\/actualitat\\\/noticies\\\/el-ayuntamiento-inicia-el-tratamiento-anual-para-luchar-contra-la-plaga-de-la-procesionaria-del-pino-en-zonas-de-titularidad-municipal\\\/\"]}]},{\"@type\":\"ImageObject\",\"inLanguage\":\"es\",\"@id\":\"https:\\\/\\\/mont-roig.cat\\\/es\\\/actualitat\\\/noticies\\\/el-ayuntamiento-inicia-el-tratamiento-anual-para-luchar-contra-la-plaga-de-la-procesionaria-del-pino-en-zonas-de-titularidad-municipal\\\/#primaryimage\",\"url\":\"https:\\\/\\\/mont-roig.cat\\\/wp-content\\\/uploads\\\/IMG-20221025-WA0006-1.jpg\",\"contentUrl\":\"https:\\\/\\\/mont-roig.cat\\\/wp-content\\\/uploads\\\/IMG-20221025-WA0006-1.jpg\",\"width\":2048,\"height\":1152},{\"@type\":\"BreadcrumbList\",\"@id\":\"https:\\\/\\\/mont-roig.cat\\\/es\\\/actualitat\\\/noticies\\\/el-ayuntamiento-inicia-el-tratamiento-anual-para-luchar-contra-la-plaga-de-la-procesionaria-del-pino-en-zonas-de-titularidad-municipal\\\/#breadcrumb\",\"itemListElement\":[{\"@type\":\"ListItem\",\"position\":1,\"name\":\"Inici\",\"item\":\"https:\\\/\\\/mont-roig.cat\\\/es\\\/pagina-de-inicio\\\/\"},{\"@type\":\"ListItem\",\"position\":2,\"name\":\"El Ayuntamiento inicia el tratamiento anual para luchar contra la plaga de la procesionaria del pino en zonas de titularidad municipal\"}]},{\"@type\":\"WebSite\",\"@id\":\"https:\\\/\\\/mont-roig.cat\\\/es\\\/#website\",\"url\":\"https:\\\/\\\/mont-roig.cat\\\/es\\\/\",\"name\":\"Ajuntament de Mont-roig del Camp\",\"description\":\"Tota la informaci\u00f3 sobre la instituci\u00f3, els seus \u00f2rgans de govern, actualitat, serveis i molt m\u00e9s.\",\"potentialAction\":[{\"@type\":\"SearchAction\",\"target\":{\"@type\":\"EntryPoint\",\"urlTemplate\":\"https:\\\/\\\/mont-roig.cat\\\/es\\\/?s={search_term_string}\"},\"query-input\":{\"@type\":\"PropertyValueSpecification\",\"valueRequired\":true,\"valueName\":\"search_term_string\"}}],\"inLanguage\":\"es\"},{\"@type\":\"Person\",\"@id\":\"https:\\\/\\\/mont-roig.cat\\\/es\\\/#\\\/schema\\\/person\\\/1f73e7b5e6f9dd122e8a6f14f310ac5e\",\"name\":\"comunicacio\",\"image\":{\"@type\":\"ImageObject\",\"inLanguage\":\"es\",\"@id\":\"https:\\\/\\\/secure.gravatar.com\\\/avatar\\\/98944333e7a877670a64f8d10f0cb680ab2c9ebc4efc43945ef004b52b5ad28c?s=96&d=mm&r=g\",\"url\":\"https:\\\/\\\/secure.gravatar.com\\\/avatar\\\/98944333e7a877670a64f8d10f0cb680ab2c9ebc4efc43945ef004b52b5ad28c?s=96&d=mm&r=g\",\"contentUrl\":\"https:\\\/\\\/secure.gravatar.com\\\/avatar\\\/98944333e7a877670a64f8d10f0cb680ab2c9ebc4efc43945ef004b52b5ad28c?s=96&d=mm&r=g\",\"caption\":\"comunicacio\"},\"url\":\"https:\\\/\\\/mont-roig.cat\\\/es\\\/actualitat\\\/noticies\\\/author\\\/comunicacio\\\/\"}]}<\/script>\n<!-- \/ Yoast SEO plugin. -->","yoast_head_json":{"title":"El Ayuntamiento inicia el tratamiento anual para luchar contra la plaga de la procesionaria del pino en zonas de titularidad municipal - Ajuntament de Mont-roig del Camp","robots":{"index":"index","follow":"follow","max-snippet":"max-snippet:-1","max-image-preview":"max-image-preview:large","max-video-preview":"max-video-preview:-1"},"canonical":"https:\/\/mont-roig.cat\/es\/actualitat\/noticies\/el-ayuntamiento-inicia-el-tratamiento-anual-para-luchar-contra-la-plaga-de-la-procesionaria-del-pino-en-zonas-de-titularidad-municipal\/","og_locale":"es_ES","og_type":"article","og_title":"El Ayuntamiento inicia el tratamiento anual para luchar contra la plaga de la procesionaria del pino en zonas de titularidad municipal - Ajuntament de Mont-roig del Camp","og_description":"En una primera fase se inyecta un tratamiento de endoterapia a los pinos m\u00e1s sensibles a la plaga y, posteriormente, se realizar\u00e1 una fumigaci\u00f3n El consistorio recuerda a las personas propietarias de parcelas privadas la obligaci\u00f3n de mantenerlas en condiciones de limpieza y salubridad y que ahora es el momento de realizar el tratamiento en [&hellip;]","og_url":"https:\/\/mont-roig.cat\/es\/actualitat\/noticies\/el-ayuntamiento-inicia-el-tratamiento-anual-para-luchar-contra-la-plaga-de-la-procesionaria-del-pino-en-zonas-de-titularidad-municipal\/","og_site_name":"Ajuntament de Mont-roig del Camp","article_published_time":"2022-10-27T11:06:55+00:00","article_modified_time":"2022-10-27T11:13:47+00:00","og_image":[{"width":2048,"height":1152,"url":"https:\/\/mont-roig.cat\/wp-content\/uploads\/IMG-20221025-WA0006-1.jpg","type":"image\/jpeg"}],"author":"comunicacio","twitter_card":"summary_large_image","twitter_misc":{"Escrito por":"comunicacio","Tiempo de lectura":"2 minutos"},"schema":{"@context":"https:\/\/schema.org","@graph":[{"@type":"Article","@id":"https:\/\/mont-roig.cat\/es\/actualitat\/noticies\/el-ayuntamiento-inicia-el-tratamiento-anual-para-luchar-contra-la-plaga-de-la-procesionaria-del-pino-en-zonas-de-titularidad-municipal\/#article","isPartOf":{"@id":"https:\/\/mont-roig.cat\/es\/actualitat\/noticies\/el-ayuntamiento-inicia-el-tratamiento-anual-para-luchar-contra-la-plaga-de-la-procesionaria-del-pino-en-zonas-de-titularidad-municipal\/"},"author":{"name":"comunicacio","@id":"https:\/\/mont-roig.cat\/es\/#\/schema\/person\/1f73e7b5e6f9dd122e8a6f14f310ac5e"},"headline":"El Ayuntamiento inicia el tratamiento anual para luchar contra la plaga de la procesionaria del pino en zonas de titularidad municipal","datePublished":"2022-10-27T11:06:55+00:00","dateModified":"2022-10-27T11:13:47+00:00","mainEntityOfPage":{"@id":"https:\/\/mont-roig.cat\/es\/actualitat\/noticies\/el-ayuntamiento-inicia-el-tratamiento-anual-para-luchar-contra-la-plaga-de-la-procesionaria-del-pino-en-zonas-de-titularidad-municipal\/"},"wordCount":366,"image":{"@id":"https:\/\/mont-roig.cat\/es\/actualitat\/noticies\/el-ayuntamiento-inicia-el-tratamiento-anual-para-luchar-contra-la-plaga-de-la-procesionaria-del-pino-en-zonas-de-titularidad-municipal\/#primaryimage"},"thumbnailUrl":"https:\/\/mont-roig.cat\/wp-content\/uploads\/IMG-20221025-WA0006-1.jpg","articleSection":["Ayuntamiento","Entorn natural","Sanidad y Salud p\u00fablica"],"inLanguage":"es"},{"@type":"WebPage","@id":"https:\/\/mont-roig.cat\/es\/actualitat\/noticies\/el-ayuntamiento-inicia-el-tratamiento-anual-para-luchar-contra-la-plaga-de-la-procesionaria-del-pino-en-zonas-de-titularidad-municipal\/","url":"https:\/\/mont-roig.cat\/es\/actualitat\/noticies\/el-ayuntamiento-inicia-el-tratamiento-anual-para-luchar-contra-la-plaga-de-la-procesionaria-del-pino-en-zonas-de-titularidad-municipal\/","name":"El Ayuntamiento inicia el tratamiento anual para luchar contra la plaga de la procesionaria del pino en zonas de titularidad municipal - Ajuntament de Mont-roig del Camp","isPartOf":{"@id":"https:\/\/mont-roig.cat\/es\/#website"},"primaryImageOfPage":{"@id":"https:\/\/mont-roig.cat\/es\/actualitat\/noticies\/el-ayuntamiento-inicia-el-tratamiento-anual-para-luchar-contra-la-plaga-de-la-procesionaria-del-pino-en-zonas-de-titularidad-municipal\/#primaryimage"},"image":{"@id":"https:\/\/mont-roig.cat\/es\/actualitat\/noticies\/el-ayuntamiento-inicia-el-tratamiento-anual-para-luchar-contra-la-plaga-de-la-procesionaria-del-pino-en-zonas-de-titularidad-municipal\/#primaryimage"},"thumbnailUrl":"https:\/\/mont-roig.cat\/wp-content\/uploads\/IMG-20221025-WA0006-1.jpg","datePublished":"2022-10-27T11:06:55+00:00","dateModified":"2022-10-27T11:13:47+00:00","author":{"@id":"https:\/\/mont-roig.cat\/es\/#\/schema\/person\/1f73e7b5e6f9dd122e8a6f14f310ac5e"},"breadcrumb":{"@id":"https:\/\/mont-roig.cat\/es\/actualitat\/noticies\/el-ayuntamiento-inicia-el-tratamiento-anual-para-luchar-contra-la-plaga-de-la-procesionaria-del-pino-en-zonas-de-titularidad-municipal\/#breadcrumb"},"inLanguage":"es","potentialAction":[{"@type":"ReadAction","target":["https:\/\/mont-roig.cat\/es\/actualitat\/noticies\/el-ayuntamiento-inicia-el-tratamiento-anual-para-luchar-contra-la-plaga-de-la-procesionaria-del-pino-en-zonas-de-titularidad-municipal\/"]}]},{"@type":"ImageObject","inLanguage":"es","@id":"https:\/\/mont-roig.cat\/es\/actualitat\/noticies\/el-ayuntamiento-inicia-el-tratamiento-anual-para-luchar-contra-la-plaga-de-la-procesionaria-del-pino-en-zonas-de-titularidad-municipal\/#primaryimage","url":"https:\/\/mont-roig.cat\/wp-content\/uploads\/IMG-20221025-WA0006-1.jpg","contentUrl":"https:\/\/mont-roig.cat\/wp-content\/uploads\/IMG-20221025-WA0006-1.jpg","width":2048,"height":1152},{"@type":"BreadcrumbList","@id":"https:\/\/mont-roig.cat\/es\/actualitat\/noticies\/el-ayuntamiento-inicia-el-tratamiento-anual-para-luchar-contra-la-plaga-de-la-procesionaria-del-pino-en-zonas-de-titularidad-municipal\/#breadcrumb","itemListElement":[{"@type":"ListItem","position":1,"name":"Inici","item":"https:\/\/mont-roig.cat\/es\/pagina-de-inicio\/"},{"@type":"ListItem","position":2,"name":"El Ayuntamiento inicia el tratamiento anual para luchar contra la plaga de la procesionaria del pino en zonas de titularidad municipal"}]},{"@type":"WebSite","@id":"https:\/\/mont-roig.cat\/es\/#website","url":"https:\/\/mont-roig.cat\/es\/","name":"Ajuntament de Mont-roig del Camp","description":"Tota la informaci\u00f3 sobre la instituci\u00f3, els seus \u00f2rgans de govern, actualitat, serveis i molt m\u00e9s.","potentialAction":[{"@type":"SearchAction","target":{"@type":"EntryPoint","urlTemplate":"https:\/\/mont-roig.cat\/es\/?s={search_term_string}"},"query-input":{"@type":"PropertyValueSpecification","valueRequired":true,"valueName":"search_term_string"}}],"inLanguage":"es"},{"@type":"Person","@id":"https:\/\/mont-roig.cat\/es\/#\/schema\/person\/1f73e7b5e6f9dd122e8a6f14f310ac5e","name":"comunicacio","image":{"@type":"ImageObject","inLanguage":"es","@id":"https:\/\/secure.gravatar.com\/avatar\/98944333e7a877670a64f8d10f0cb680ab2c9ebc4efc43945ef004b52b5ad28c?s=96&d=mm&r=g","url":"https:\/\/secure.gravatar.com\/avatar\/98944333e7a877670a64f8d10f0cb680ab2c9ebc4efc43945ef004b52b5ad28c?s=96&d=mm&r=g","contentUrl":"https:\/\/secure.gravatar.com\/avatar\/98944333e7a877670a64f8d10f0cb680ab2c9ebc4efc43945ef004b52b5ad28c?s=96&d=mm&r=g","caption":"comunicacio"},"url":"https:\/\/mont-roig.cat\/es\/actualitat\/noticies\/author\/comunicacio\/"}]}},"_links":{"self":[{"href":"https:\/\/mont-roig.cat\/es\/wp-json\/wp\/v2\/posts\/66320","targetHints":{"allow":["GET"]}}],"collection":[{"href":"https:\/\/mont-roig.cat\/es\/wp-json\/wp\/v2\/posts"}],"about":[{"href":"https:\/\/mont-roig.cat\/es\/wp-json\/wp\/v2\/types\/post"}],"author":[{"embeddable":true,"href":"https:\/\/mont-roig.cat\/es\/wp-json\/wp\/v2\/users\/13"}],"replies":[{"embeddable":true,"href":"https:\/\/mont-roig.cat\/es\/wp-json\/wp\/v2\/comments?post=66320"}],"version-history":[{"count":2,"href":"https:\/\/mont-roig.cat\/es\/wp-json\/wp\/v2\/posts\/66320\/revisions"}],"predecessor-version":[{"id":66322,"href":"https:\/\/mont-roig.cat\/es\/wp-json\/wp\/v2\/posts\/66320\/revisions\/66322"}],"wp:featuredmedia":[{"embeddable":true,"href":"https:\/\/mont-roig.cat\/es\/wp-json\/wp\/v2\/media\/66317"}],"wp:attachment":[{"href":"https:\/\/mont-roig.cat\/es\/wp-json\/wp\/v2\/media?parent=66320"}],"wp:term":[{"taxonomy":"category","embeddable":true,"href":"https:\/\/mont-roig.cat\/es\/wp-json\/wp\/v2\/categories?post=66320"},{"taxonomy":"post_tag","embeddable":true,"href":"https:\/\/mont-roig.cat\/es\/wp-json\/wp\/v2\/tags?post=66320"}],"curies":[{"name":"wp","href":"https:\/\/api.w.org\/{rel}","templated":true}]}}