{"id":66797,"date":"2022-11-23T18:11:29","date_gmt":"2022-11-23T17:11:29","guid":{"rendered":"https:\/\/mont-roig.cat\/actualitat\/noticies\/lencesa-de-larbre-i-les-llums-nadalenques-donara-el-tret-de-sortida-als-actes-de-nadal-els-dies-2-i-3-de-desembre\/"},"modified":"2022-11-23T18:20:24","modified_gmt":"2022-11-23T17:20:24","slug":"el-encendido-del-arbol-y-las-luces-navidenas-dara-el-pistoletazo-de-salida-a-los-actos-de-navidad-los-dias-2-y-3-de-diciembre","status":"publish","type":"post","link":"https:\/\/mont-roig.cat\/es\/actualitat\/noticies\/el-encendido-del-arbol-y-las-luces-navidenas-dara-el-pistoletazo-de-salida-a-los-actos-de-navidad-los-dias-2-y-3-de-diciembre\/","title":{"rendered":"El encendido del \u00e1rbol y las luces navide\u00f1as dar\u00e1 el pistoletazo de salida a los actos de Navidad los d\u00edas 2 y 3 de diciembre"},"content":{"rendered":"<ul>\n<li><strong><strong><a href=\"https:\/\/mont-roig.cat\/wp-content\/uploads\/Inaugurem-el-Nadal-a-Mont-roig_2_12_2022.png\"><img loading=\"lazy\" decoding=\"async\" class=\"alignright wp-image-66781\" src=\"https:\/\/mont-roig.cat\/wp-content\/uploads\/Inaugurem-el-Nadal-a-Mont-roig_2_12_2022-356x500.png\" alt=\"\" width=\"252\" height=\"354\" srcset=\"https:\/\/mont-roig.cat\/wp-content\/uploads\/Inaugurem-el-Nadal-a-Mont-roig_2_12_2022-356x500.png 356w, https:\/\/mont-roig.cat\/wp-content\/uploads\/Inaugurem-el-Nadal-a-Mont-roig_2_12_2022-729x1024.png 729w, https:\/\/mont-roig.cat\/wp-content\/uploads\/Inaugurem-el-Nadal-a-Mont-roig_2_12_2022-768x1079.png 768w, https:\/\/mont-roig.cat\/wp-content\/uploads\/Inaugurem-el-Nadal-a-Mont-roig_2_12_2022-1093x1536.png 1093w, https:\/\/mont-roig.cat\/wp-content\/uploads\/Inaugurem-el-Nadal-a-Mont-roig_2_12_2022-1457x2048.png 1457w, https:\/\/mont-roig.cat\/wp-content\/uploads\/Inaugurem-el-Nadal-a-Mont-roig_2_12_2022.png 1790w\" sizes=\"auto, (max-width: 252px) 100vw, 252px\" \/><\/a><a href=\"https:\/\/mont-roig.cat\/wp-content\/uploads\/Inaugurem-el-Nadal-a-Miami-Platja_3_12_2022.png\"><img loading=\"lazy\" decoding=\"async\" class=\"alignright wp-image-66779\" src=\"https:\/\/mont-roig.cat\/wp-content\/uploads\/Inaugurem-el-Nadal-a-Miami-Platja_3_12_2022-356x500.png\" alt=\"\" width=\"252\" height=\"354\" srcset=\"https:\/\/mont-roig.cat\/wp-content\/uploads\/Inaugurem-el-Nadal-a-Miami-Platja_3_12_2022-356x500.png 356w, https:\/\/mont-roig.cat\/wp-content\/uploads\/Inaugurem-el-Nadal-a-Miami-Platja_3_12_2022-729x1024.png 729w, https:\/\/mont-roig.cat\/wp-content\/uploads\/Inaugurem-el-Nadal-a-Miami-Platja_3_12_2022-768x1079.png 768w, https:\/\/mont-roig.cat\/wp-content\/uploads\/Inaugurem-el-Nadal-a-Miami-Platja_3_12_2022-1093x1536.png 1093w, https:\/\/mont-roig.cat\/wp-content\/uploads\/Inaugurem-el-Nadal-a-Miami-Platja_3_12_2022-1457x2048.png 1457w, https:\/\/mont-roig.cat\/wp-content\/uploads\/Inaugurem-el-Nadal-a-Miami-Platja_3_12_2022.png 1790w\" sizes=\"auto, (max-width: 252px) 100vw, 252px\" \/><\/a><\/strong><\/strong><strong>En Mont-roig el encendido tendr\u00e1 lugar el viernes por la tarde en la Plaza Miramar y el encendido en Miami Platja se har\u00e1 el s\u00e1bado en la Plaza Tarragona. En ambos actos se han programado diversas actuaciones y se ofrecer\u00e1 chocolate caliente para todos<\/strong><\/li>\n<\/ul>\n<p>&nbsp;<\/p>\n<p>El encendido de los \u00e1rboles de Navidad y la iluminaci\u00f3n navide\u00f1a dar\u00e1 el pistoletazo de salida a los actos de navide\u00f1os en el municipio. En concreto, los encendidos tendr\u00e1n lugar el viernes 2 de diciembre en Mont-roig y al d\u00eda siguiente, el s\u00e1bado 3 en Miami Platja. Desde el Ayuntamiento, como siempre, se han preparado una serie de actividades durante esta jornada que representa el inicio de la actividad navide\u00f1a que se vivir\u00e1 en las pr\u00f3ximas semanas con intensidad.<\/p>\n<p>En Mont-roig, el punto de encuentro ser\u00e1 la Plaza Miramar a partir de las siete de la tarde, hora prevista para el encendido del \u00e1rbol y la iluminaci\u00f3n de Navidad. El acto contar\u00e1 con una actuaci\u00f3n de los ni\u00f1os de la Escola de M\u00fasica Baptista Nogu\u00e9s y la actuaci\u00f3n musical de Duet Yas. Al finalizar el acto habr\u00e1 chocolate caliente para todos.<\/p>\n<p>Los actos del primer fin de semana de las fiestas de Navidad continuar\u00e1n el domingo 4 de 10 a 14 h en la Plaza Miramar con un encuentro navide\u00f1o de artistas que permitir\u00e1 a todos los interesados \u200b\u200bconseguir un regalo \u00fanico y original en Navidad. Este mercado est\u00e1 organizado por el Mercat d&#8217;artistes.<\/p>\n<p>En Miami Platja, de nuevo el \u00e1rbol estar\u00e1 situado en la Plaza Tarragona, donde se encender\u00e1 a las siete de la tarde, al igual que lo har\u00e1n las luces de Navidad. El acto contar\u00e1 con la exhibici\u00f3n del Club de R\u00edtmica de Miami Platja y la actuaci\u00f3n del cantante Rodrigo Blanco. Al finalizar habr\u00e1 chocolate caliente para todos. Los m\u00e1s peque\u00f1os se podr\u00e1n tomar una foto en el <em>Jard\u00ed dels tions<\/em> que estar\u00e1 situado junto a la Oficina de Turismo. En Miami Platja, el s\u00e1bado 3 y el domingo 4 de diciembre se celebrar\u00e1 en la plaza Tarragona el Mercado de Navidad donde diversas paradas de artesanos y comercios locales ofrecer\u00e1n todo tipo de productos navide\u00f1os. Tambi\u00e9n habr\u00e1 un hinchable para los m\u00e1s peque\u00f1os y diversas actuaciones.<\/p>\n<p>Este encendido de los dos \u00e1rboles de Navidad y la iluminaci\u00f3n navide\u00f1a dar\u00e1n el pistoletazo de salida a una programaci\u00f3n festival que se dar\u00e1 a conocer completamente en los pr\u00f3ximos d\u00edas a trav\u00e9s de las redes sociales y la web del Ayuntamiento de Mont-roig del Camp y con el folleto que se distribuir\u00e1 por todo el municipio.<\/p>\n","protected":false},"excerpt":{"rendered":"<p>En Mont-roig el encendido tendr\u00e1 lugar el viernes por la tarde en la Plaza Miramar y el encendido en Miami Platja se har\u00e1 el s\u00e1bado en la Plaza Tarragona. En ambos actos se han programado diversas actuaciones y se ofrecer\u00e1 chocolate caliente para todos &nbsp; El encendido de los \u00e1rboles de Navidad y la iluminaci\u00f3n [&hellip;]<\/p>\n","protected":false},"author":13,"featured_media":66778,"comment_status":"closed","ping_status":"closed","sticky":false,"template":"","format":"standard","meta":{"inline_featured_image":false,"_monsterinsights_skip_tracking":false,"_monsterinsights_sitenote_active":false,"_monsterinsights_sitenote_note":"","_monsterinsights_sitenote_category":0,"footnotes":""},"categories":[98,105],"tags":[],"class_list":["post-66797","post","type-post","status-publish","format-standard","has-post-thumbnail","hentry","category-ayuntamiento","category-fiestas"],"yoast_head":"<!-- This site is optimized with the Yoast SEO plugin v27.4 - https:\/\/yoast.com\/product\/yoast-seo-wordpress\/ -->\n<title>El encendido del \u00e1rbol y las luces navide\u00f1as dar\u00e1 el pistoletazo de salida a los actos de Navidad los d\u00edas 2 y 3 de diciembre - Ajuntament de Mont-roig del Camp<\/title>\n<meta name=\"robots\" content=\"index, follow, max-snippet:-1, max-image-preview:large, max-video-preview:-1\" \/>\n<link rel=\"canonical\" href=\"https:\/\/mont-roig.cat\/es\/actualitat\/noticies\/el-encendido-del-arbol-y-las-luces-navidenas-dara-el-pistoletazo-de-salida-a-los-actos-de-navidad-los-dias-2-y-3-de-diciembre\/\" \/>\n<meta property=\"og:locale\" content=\"es_ES\" \/>\n<meta property=\"og:type\" content=\"article\" \/>\n<meta property=\"og:title\" content=\"El encendido del \u00e1rbol y las luces navide\u00f1as dar\u00e1 el pistoletazo de salida a los actos de Navidad los d\u00edas 2 y 3 de diciembre - Ajuntament de Mont-roig del Camp\" \/>\n<meta property=\"og:description\" content=\"En Mont-roig el encendido tendr\u00e1 lugar el viernes por la tarde en la Plaza Miramar y el encendido en Miami Platja se har\u00e1 el s\u00e1bado en la Plaza Tarragona. En ambos actos se han programado diversas actuaciones y se ofrecer\u00e1 chocolate caliente para todos &nbsp; El encendido de los \u00e1rboles de Navidad y la iluminaci\u00f3n [&hellip;]\" \/>\n<meta property=\"og:url\" content=\"https:\/\/mont-roig.cat\/es\/actualitat\/noticies\/el-encendido-del-arbol-y-las-luces-navidenas-dara-el-pistoletazo-de-salida-a-los-actos-de-navidad-los-dias-2-y-3-de-diciembre\/\" \/>\n<meta property=\"og:site_name\" content=\"Ajuntament de Mont-roig del Camp\" \/>\n<meta property=\"article:published_time\" content=\"2022-11-23T17:11:29+00:00\" \/>\n<meta property=\"article:modified_time\" content=\"2022-11-23T17:20:24+00:00\" \/>\n<meta property=\"og:image\" content=\"https:\/\/mont-roig.cat\/wp-content\/uploads\/Enceses-arbres-Mont-roig-i-Miami-Platja.jpeg\" \/>\n\t<meta property=\"og:image:width\" content=\"1600\" \/>\n\t<meta property=\"og:image:height\" content=\"840\" \/>\n\t<meta property=\"og:image:type\" content=\"image\/jpeg\" \/>\n<meta name=\"author\" content=\"comunicacio\" \/>\n<meta name=\"twitter:card\" content=\"summary_large_image\" \/>\n<meta name=\"twitter:label1\" content=\"Escrito por\" \/>\n\t<meta name=\"twitter:data1\" content=\"comunicacio\" \/>\n\t<meta name=\"twitter:label2\" content=\"Tiempo de lectura\" \/>\n\t<meta name=\"twitter:data2\" content=\"3 minutos\" \/>\n<script type=\"application\/ld+json\" class=\"yoast-schema-graph\">{\"@context\":\"https:\\\/\\\/schema.org\",\"@graph\":[{\"@type\":\"Article\",\"@id\":\"https:\\\/\\\/mont-roig.cat\\\/es\\\/actualitat\\\/noticies\\\/el-encendido-del-arbol-y-las-luces-navidenas-dara-el-pistoletazo-de-salida-a-los-actos-de-navidad-los-dias-2-y-3-de-diciembre\\\/#article\",\"isPartOf\":{\"@id\":\"https:\\\/\\\/mont-roig.cat\\\/es\\\/actualitat\\\/noticies\\\/el-encendido-del-arbol-y-las-luces-navidenas-dara-el-pistoletazo-de-salida-a-los-actos-de-navidad-los-dias-2-y-3-de-diciembre\\\/\"},\"author\":{\"name\":\"comunicacio\",\"@id\":\"https:\\\/\\\/mont-roig.cat\\\/es\\\/#\\\/schema\\\/person\\\/1f73e7b5e6f9dd122e8a6f14f310ac5e\"},\"headline\":\"El encendido del \u00e1rbol y las luces navide\u00f1as dar\u00e1 el pistoletazo de salida a los actos de Navidad los d\u00edas 2 y 3 de diciembre\",\"datePublished\":\"2022-11-23T17:11:29+00:00\",\"dateModified\":\"2022-11-23T17:20:24+00:00\",\"mainEntityOfPage\":{\"@id\":\"https:\\\/\\\/mont-roig.cat\\\/es\\\/actualitat\\\/noticies\\\/el-encendido-del-arbol-y-las-luces-navidenas-dara-el-pistoletazo-de-salida-a-los-actos-de-navidad-los-dias-2-y-3-de-diciembre\\\/\"},\"wordCount\":480,\"image\":{\"@id\":\"https:\\\/\\\/mont-roig.cat\\\/es\\\/actualitat\\\/noticies\\\/el-encendido-del-arbol-y-las-luces-navidenas-dara-el-pistoletazo-de-salida-a-los-actos-de-navidad-los-dias-2-y-3-de-diciembre\\\/#primaryimage\"},\"thumbnailUrl\":\"https:\\\/\\\/mont-roig.cat\\\/wp-content\\\/uploads\\\/Enceses-arbres-Mont-roig-i-Miami-Platja.jpeg\",\"articleSection\":[\"Ayuntamiento\",\"Festes\"],\"inLanguage\":\"es\"},{\"@type\":\"WebPage\",\"@id\":\"https:\\\/\\\/mont-roig.cat\\\/es\\\/actualitat\\\/noticies\\\/el-encendido-del-arbol-y-las-luces-navidenas-dara-el-pistoletazo-de-salida-a-los-actos-de-navidad-los-dias-2-y-3-de-diciembre\\\/\",\"url\":\"https:\\\/\\\/mont-roig.cat\\\/es\\\/actualitat\\\/noticies\\\/el-encendido-del-arbol-y-las-luces-navidenas-dara-el-pistoletazo-de-salida-a-los-actos-de-navidad-los-dias-2-y-3-de-diciembre\\\/\",\"name\":\"El encendido del \u00e1rbol y las luces navide\u00f1as dar\u00e1 el pistoletazo de salida a los actos de Navidad los d\u00edas 2 y 3 de diciembre - Ajuntament de Mont-roig del Camp\",\"isPartOf\":{\"@id\":\"https:\\\/\\\/mont-roig.cat\\\/es\\\/#website\"},\"primaryImageOfPage\":{\"@id\":\"https:\\\/\\\/mont-roig.cat\\\/es\\\/actualitat\\\/noticies\\\/el-encendido-del-arbol-y-las-luces-navidenas-dara-el-pistoletazo-de-salida-a-los-actos-de-navidad-los-dias-2-y-3-de-diciembre\\\/#primaryimage\"},\"image\":{\"@id\":\"https:\\\/\\\/mont-roig.cat\\\/es\\\/actualitat\\\/noticies\\\/el-encendido-del-arbol-y-las-luces-navidenas-dara-el-pistoletazo-de-salida-a-los-actos-de-navidad-los-dias-2-y-3-de-diciembre\\\/#primaryimage\"},\"thumbnailUrl\":\"https:\\\/\\\/mont-roig.cat\\\/wp-content\\\/uploads\\\/Enceses-arbres-Mont-roig-i-Miami-Platja.jpeg\",\"datePublished\":\"2022-11-23T17:11:29+00:00\",\"dateModified\":\"2022-11-23T17:20:24+00:00\",\"author\":{\"@id\":\"https:\\\/\\\/mont-roig.cat\\\/es\\\/#\\\/schema\\\/person\\\/1f73e7b5e6f9dd122e8a6f14f310ac5e\"},\"breadcrumb\":{\"@id\":\"https:\\\/\\\/mont-roig.cat\\\/es\\\/actualitat\\\/noticies\\\/el-encendido-del-arbol-y-las-luces-navidenas-dara-el-pistoletazo-de-salida-a-los-actos-de-navidad-los-dias-2-y-3-de-diciembre\\\/#breadcrumb\"},\"inLanguage\":\"es\",\"potentialAction\":[{\"@type\":\"ReadAction\",\"target\":[\"https:\\\/\\\/mont-roig.cat\\\/es\\\/actualitat\\\/noticies\\\/el-encendido-del-arbol-y-las-luces-navidenas-dara-el-pistoletazo-de-salida-a-los-actos-de-navidad-los-dias-2-y-3-de-diciembre\\\/\"]}]},{\"@type\":\"ImageObject\",\"inLanguage\":\"es\",\"@id\":\"https:\\\/\\\/mont-roig.cat\\\/es\\\/actualitat\\\/noticies\\\/el-encendido-del-arbol-y-las-luces-navidenas-dara-el-pistoletazo-de-salida-a-los-actos-de-navidad-los-dias-2-y-3-de-diciembre\\\/#primaryimage\",\"url\":\"https:\\\/\\\/mont-roig.cat\\\/wp-content\\\/uploads\\\/Enceses-arbres-Mont-roig-i-Miami-Platja.jpeg\",\"contentUrl\":\"https:\\\/\\\/mont-roig.cat\\\/wp-content\\\/uploads\\\/Enceses-arbres-Mont-roig-i-Miami-Platja.jpeg\",\"width\":1600,\"height\":840},{\"@type\":\"BreadcrumbList\",\"@id\":\"https:\\\/\\\/mont-roig.cat\\\/es\\\/actualitat\\\/noticies\\\/el-encendido-del-arbol-y-las-luces-navidenas-dara-el-pistoletazo-de-salida-a-los-actos-de-navidad-los-dias-2-y-3-de-diciembre\\\/#breadcrumb\",\"itemListElement\":[{\"@type\":\"ListItem\",\"position\":1,\"name\":\"Inici\",\"item\":\"https:\\\/\\\/mont-roig.cat\\\/es\\\/pagina-de-inicio\\\/\"},{\"@type\":\"ListItem\",\"position\":2,\"name\":\"El encendido del \u00e1rbol y las luces navide\u00f1as dar\u00e1 el pistoletazo de salida a los actos de Navidad los d\u00edas 2 y 3 de diciembre\"}]},{\"@type\":\"WebSite\",\"@id\":\"https:\\\/\\\/mont-roig.cat\\\/es\\\/#website\",\"url\":\"https:\\\/\\\/mont-roig.cat\\\/es\\\/\",\"name\":\"Ajuntament de Mont-roig del Camp\",\"description\":\"Tota la informaci\u00f3 sobre la instituci\u00f3, els seus \u00f2rgans de govern, actualitat, serveis i molt m\u00e9s.\",\"potentialAction\":[{\"@type\":\"SearchAction\",\"target\":{\"@type\":\"EntryPoint\",\"urlTemplate\":\"https:\\\/\\\/mont-roig.cat\\\/es\\\/?s={search_term_string}\"},\"query-input\":{\"@type\":\"PropertyValueSpecification\",\"valueRequired\":true,\"valueName\":\"search_term_string\"}}],\"inLanguage\":\"es\"},{\"@type\":\"Person\",\"@id\":\"https:\\\/\\\/mont-roig.cat\\\/es\\\/#\\\/schema\\\/person\\\/1f73e7b5e6f9dd122e8a6f14f310ac5e\",\"name\":\"comunicacio\",\"image\":{\"@type\":\"ImageObject\",\"inLanguage\":\"es\",\"@id\":\"https:\\\/\\\/secure.gravatar.com\\\/avatar\\\/98944333e7a877670a64f8d10f0cb680ab2c9ebc4efc43945ef004b52b5ad28c?s=96&d=mm&r=g\",\"url\":\"https:\\\/\\\/secure.gravatar.com\\\/avatar\\\/98944333e7a877670a64f8d10f0cb680ab2c9ebc4efc43945ef004b52b5ad28c?s=96&d=mm&r=g\",\"contentUrl\":\"https:\\\/\\\/secure.gravatar.com\\\/avatar\\\/98944333e7a877670a64f8d10f0cb680ab2c9ebc4efc43945ef004b52b5ad28c?s=96&d=mm&r=g\",\"caption\":\"comunicacio\"},\"url\":\"https:\\\/\\\/mont-roig.cat\\\/es\\\/actualitat\\\/noticies\\\/author\\\/comunicacio\\\/\"}]}<\/script>\n<!-- \/ Yoast SEO plugin. -->","yoast_head_json":{"title":"El encendido del \u00e1rbol y las luces navide\u00f1as dar\u00e1 el pistoletazo de salida a los actos de Navidad los d\u00edas 2 y 3 de diciembre - Ajuntament de Mont-roig del Camp","robots":{"index":"index","follow":"follow","max-snippet":"max-snippet:-1","max-image-preview":"max-image-preview:large","max-video-preview":"max-video-preview:-1"},"canonical":"https:\/\/mont-roig.cat\/es\/actualitat\/noticies\/el-encendido-del-arbol-y-las-luces-navidenas-dara-el-pistoletazo-de-salida-a-los-actos-de-navidad-los-dias-2-y-3-de-diciembre\/","og_locale":"es_ES","og_type":"article","og_title":"El encendido del \u00e1rbol y las luces navide\u00f1as dar\u00e1 el pistoletazo de salida a los actos de Navidad los d\u00edas 2 y 3 de diciembre - Ajuntament de Mont-roig del Camp","og_description":"En Mont-roig el encendido tendr\u00e1 lugar el viernes por la tarde en la Plaza Miramar y el encendido en Miami Platja se har\u00e1 el s\u00e1bado en la Plaza Tarragona. En ambos actos se han programado diversas actuaciones y se ofrecer\u00e1 chocolate caliente para todos &nbsp; El encendido de los \u00e1rboles de Navidad y la iluminaci\u00f3n [&hellip;]","og_url":"https:\/\/mont-roig.cat\/es\/actualitat\/noticies\/el-encendido-del-arbol-y-las-luces-navidenas-dara-el-pistoletazo-de-salida-a-los-actos-de-navidad-los-dias-2-y-3-de-diciembre\/","og_site_name":"Ajuntament de Mont-roig del Camp","article_published_time":"2022-11-23T17:11:29+00:00","article_modified_time":"2022-11-23T17:20:24+00:00","og_image":[{"width":1600,"height":840,"url":"https:\/\/mont-roig.cat\/wp-content\/uploads\/Enceses-arbres-Mont-roig-i-Miami-Platja.jpeg","type":"image\/jpeg"}],"author":"comunicacio","twitter_card":"summary_large_image","twitter_misc":{"Escrito por":"comunicacio","Tiempo de lectura":"3 minutos"},"schema":{"@context":"https:\/\/schema.org","@graph":[{"@type":"Article","@id":"https:\/\/mont-roig.cat\/es\/actualitat\/noticies\/el-encendido-del-arbol-y-las-luces-navidenas-dara-el-pistoletazo-de-salida-a-los-actos-de-navidad-los-dias-2-y-3-de-diciembre\/#article","isPartOf":{"@id":"https:\/\/mont-roig.cat\/es\/actualitat\/noticies\/el-encendido-del-arbol-y-las-luces-navidenas-dara-el-pistoletazo-de-salida-a-los-actos-de-navidad-los-dias-2-y-3-de-diciembre\/"},"author":{"name":"comunicacio","@id":"https:\/\/mont-roig.cat\/es\/#\/schema\/person\/1f73e7b5e6f9dd122e8a6f14f310ac5e"},"headline":"El encendido del \u00e1rbol y las luces navide\u00f1as dar\u00e1 el pistoletazo de salida a los actos de Navidad los d\u00edas 2 y 3 de diciembre","datePublished":"2022-11-23T17:11:29+00:00","dateModified":"2022-11-23T17:20:24+00:00","mainEntityOfPage":{"@id":"https:\/\/mont-roig.cat\/es\/actualitat\/noticies\/el-encendido-del-arbol-y-las-luces-navidenas-dara-el-pistoletazo-de-salida-a-los-actos-de-navidad-los-dias-2-y-3-de-diciembre\/"},"wordCount":480,"image":{"@id":"https:\/\/mont-roig.cat\/es\/actualitat\/noticies\/el-encendido-del-arbol-y-las-luces-navidenas-dara-el-pistoletazo-de-salida-a-los-actos-de-navidad-los-dias-2-y-3-de-diciembre\/#primaryimage"},"thumbnailUrl":"https:\/\/mont-roig.cat\/wp-content\/uploads\/Enceses-arbres-Mont-roig-i-Miami-Platja.jpeg","articleSection":["Ayuntamiento","Festes"],"inLanguage":"es"},{"@type":"WebPage","@id":"https:\/\/mont-roig.cat\/es\/actualitat\/noticies\/el-encendido-del-arbol-y-las-luces-navidenas-dara-el-pistoletazo-de-salida-a-los-actos-de-navidad-los-dias-2-y-3-de-diciembre\/","url":"https:\/\/mont-roig.cat\/es\/actualitat\/noticies\/el-encendido-del-arbol-y-las-luces-navidenas-dara-el-pistoletazo-de-salida-a-los-actos-de-navidad-los-dias-2-y-3-de-diciembre\/","name":"El encendido del \u00e1rbol y las luces navide\u00f1as dar\u00e1 el pistoletazo de salida a los actos de Navidad los d\u00edas 2 y 3 de diciembre - Ajuntament de Mont-roig del Camp","isPartOf":{"@id":"https:\/\/mont-roig.cat\/es\/#website"},"primaryImageOfPage":{"@id":"https:\/\/mont-roig.cat\/es\/actualitat\/noticies\/el-encendido-del-arbol-y-las-luces-navidenas-dara-el-pistoletazo-de-salida-a-los-actos-de-navidad-los-dias-2-y-3-de-diciembre\/#primaryimage"},"image":{"@id":"https:\/\/mont-roig.cat\/es\/actualitat\/noticies\/el-encendido-del-arbol-y-las-luces-navidenas-dara-el-pistoletazo-de-salida-a-los-actos-de-navidad-los-dias-2-y-3-de-diciembre\/#primaryimage"},"thumbnailUrl":"https:\/\/mont-roig.cat\/wp-content\/uploads\/Enceses-arbres-Mont-roig-i-Miami-Platja.jpeg","datePublished":"2022-11-23T17:11:29+00:00","dateModified":"2022-11-23T17:20:24+00:00","author":{"@id":"https:\/\/mont-roig.cat\/es\/#\/schema\/person\/1f73e7b5e6f9dd122e8a6f14f310ac5e"},"breadcrumb":{"@id":"https:\/\/mont-roig.cat\/es\/actualitat\/noticies\/el-encendido-del-arbol-y-las-luces-navidenas-dara-el-pistoletazo-de-salida-a-los-actos-de-navidad-los-dias-2-y-3-de-diciembre\/#breadcrumb"},"inLanguage":"es","potentialAction":[{"@type":"ReadAction","target":["https:\/\/mont-roig.cat\/es\/actualitat\/noticies\/el-encendido-del-arbol-y-las-luces-navidenas-dara-el-pistoletazo-de-salida-a-los-actos-de-navidad-los-dias-2-y-3-de-diciembre\/"]}]},{"@type":"ImageObject","inLanguage":"es","@id":"https:\/\/mont-roig.cat\/es\/actualitat\/noticies\/el-encendido-del-arbol-y-las-luces-navidenas-dara-el-pistoletazo-de-salida-a-los-actos-de-navidad-los-dias-2-y-3-de-diciembre\/#primaryimage","url":"https:\/\/mont-roig.cat\/wp-content\/uploads\/Enceses-arbres-Mont-roig-i-Miami-Platja.jpeg","contentUrl":"https:\/\/mont-roig.cat\/wp-content\/uploads\/Enceses-arbres-Mont-roig-i-Miami-Platja.jpeg","width":1600,"height":840},{"@type":"BreadcrumbList","@id":"https:\/\/mont-roig.cat\/es\/actualitat\/noticies\/el-encendido-del-arbol-y-las-luces-navidenas-dara-el-pistoletazo-de-salida-a-los-actos-de-navidad-los-dias-2-y-3-de-diciembre\/#breadcrumb","itemListElement":[{"@type":"ListItem","position":1,"name":"Inici","item":"https:\/\/mont-roig.cat\/es\/pagina-de-inicio\/"},{"@type":"ListItem","position":2,"name":"El encendido del \u00e1rbol y las luces navide\u00f1as dar\u00e1 el pistoletazo de salida a los actos de Navidad los d\u00edas 2 y 3 de diciembre"}]},{"@type":"WebSite","@id":"https:\/\/mont-roig.cat\/es\/#website","url":"https:\/\/mont-roig.cat\/es\/","name":"Ajuntament de Mont-roig del Camp","description":"Tota la informaci\u00f3 sobre la instituci\u00f3, els seus \u00f2rgans de govern, actualitat, serveis i molt m\u00e9s.","potentialAction":[{"@type":"SearchAction","target":{"@type":"EntryPoint","urlTemplate":"https:\/\/mont-roig.cat\/es\/?s={search_term_string}"},"query-input":{"@type":"PropertyValueSpecification","valueRequired":true,"valueName":"search_term_string"}}],"inLanguage":"es"},{"@type":"Person","@id":"https:\/\/mont-roig.cat\/es\/#\/schema\/person\/1f73e7b5e6f9dd122e8a6f14f310ac5e","name":"comunicacio","image":{"@type":"ImageObject","inLanguage":"es","@id":"https:\/\/secure.gravatar.com\/avatar\/98944333e7a877670a64f8d10f0cb680ab2c9ebc4efc43945ef004b52b5ad28c?s=96&d=mm&r=g","url":"https:\/\/secure.gravatar.com\/avatar\/98944333e7a877670a64f8d10f0cb680ab2c9ebc4efc43945ef004b52b5ad28c?s=96&d=mm&r=g","contentUrl":"https:\/\/secure.gravatar.com\/avatar\/98944333e7a877670a64f8d10f0cb680ab2c9ebc4efc43945ef004b52b5ad28c?s=96&d=mm&r=g","caption":"comunicacio"},"url":"https:\/\/mont-roig.cat\/es\/actualitat\/noticies\/author\/comunicacio\/"}]}},"_links":{"self":[{"href":"https:\/\/mont-roig.cat\/es\/wp-json\/wp\/v2\/posts\/66797","targetHints":{"allow":["GET"]}}],"collection":[{"href":"https:\/\/mont-roig.cat\/es\/wp-json\/wp\/v2\/posts"}],"about":[{"href":"https:\/\/mont-roig.cat\/es\/wp-json\/wp\/v2\/types\/post"}],"author":[{"embeddable":true,"href":"https:\/\/mont-roig.cat\/es\/wp-json\/wp\/v2\/users\/13"}],"replies":[{"embeddable":true,"href":"https:\/\/mont-roig.cat\/es\/wp-json\/wp\/v2\/comments?post=66797"}],"version-history":[{"count":2,"href":"https:\/\/mont-roig.cat\/es\/wp-json\/wp\/v2\/posts\/66797\/revisions"}],"predecessor-version":[{"id":66799,"href":"https:\/\/mont-roig.cat\/es\/wp-json\/wp\/v2\/posts\/66797\/revisions\/66799"}],"wp:featuredmedia":[{"embeddable":true,"href":"https:\/\/mont-roig.cat\/es\/wp-json\/wp\/v2\/media\/66778"}],"wp:attachment":[{"href":"https:\/\/mont-roig.cat\/es\/wp-json\/wp\/v2\/media?parent=66797"}],"wp:term":[{"taxonomy":"category","embeddable":true,"href":"https:\/\/mont-roig.cat\/es\/wp-json\/wp\/v2\/categories?post=66797"},{"taxonomy":"post_tag","embeddable":true,"href":"https:\/\/mont-roig.cat\/es\/wp-json\/wp\/v2\/tags?post=66797"}],"curies":[{"name":"wp","href":"https:\/\/api.w.org\/{rel}","templated":true}]}}