{"id":66877,"date":"2022-11-25T14:42:20","date_gmt":"2022-11-25T13:42:20","guid":{"rendered":"https:\/\/mont-roig.cat\/actualitat\/noticies\/el-municipi-commemora-el-25n-visibilitzant-la-violencia-masclista-contra-les-menors\/"},"modified":"2022-11-25T14:47:23","modified_gmt":"2022-11-25T13:47:23","slug":"el-municipi-commemora-el-25n-visibilitzant-la-violencia-masclista-contra-les-menors","status":"publish","type":"post","link":"https:\/\/mont-roig.cat\/es\/actualitat\/noticies\/el-municipi-commemora-el-25n-visibilitzant-la-violencia-masclista-contra-les-menors\/","title":{"rendered":"El municipio conmemora el 25N visibilizando la violencia machista contra las menores"},"content":{"rendered":"<div id=\"attachment_66865\" style=\"width: 317px\" class=\"wp-caption alignright\"><a href=\"https:\/\/mont-roig.cat\/wp-content\/uploads\/8abf63a5-2cea-4149-86fc-8f6876485324.jpg\"><img loading=\"lazy\" decoding=\"async\" aria-describedby=\"caption-attachment-66865\" class=\"wp-image-66865\" src=\"https:\/\/mont-roig.cat\/wp-content\/uploads\/8abf63a5-2cea-4149-86fc-8f6876485324-500x375.jpg\" alt=\"\" width=\"307\" height=\"230\" srcset=\"https:\/\/mont-roig.cat\/wp-content\/uploads\/8abf63a5-2cea-4149-86fc-8f6876485324-500x375.jpg 500w, https:\/\/mont-roig.cat\/wp-content\/uploads\/8abf63a5-2cea-4149-86fc-8f6876485324-768x576.jpg 768w, https:\/\/mont-roig.cat\/wp-content\/uploads\/8abf63a5-2cea-4149-86fc-8f6876485324-463x348.jpg 463w, https:\/\/mont-roig.cat\/wp-content\/uploads\/8abf63a5-2cea-4149-86fc-8f6876485324.jpg 1024w\" sizes=\"auto, (max-width: 307px) 100vw, 307px\" \/><\/a><p id=\"caption-attachment-66865\" class=\"wp-caption-text\">Lectura del manifiesto en el INS Antoni Ballester.<\/p><\/div>\n<ul>\n<li><strong>El manifiesto del D\u00eda Internacional por la Eliminaci\u00f3n de la Violencia hacia las mujeres se ha le\u00eddo en los institutos de Mont-roig y Miami Platja donde las alumnas han hecho su propia declaraci\u00f3n<\/strong><\/li>\n<\/ul>\n<p>La conmemoraci\u00f3n del 25 de Noviembre D\u00eda Internacional por la Eliminaci\u00f3n de la Violencia hacia las mujeres se ha llevado a cabo en los institutos del municipio para denunciar el incremento de la violencia machista en las franjas de menores. De hecho, seg\u00fan datos del Instituto Nacional de Estad\u00edstica (INE), el n\u00famero de adolescentes v\u00edctimas de violencia machista se ha duplicado en un a\u00f1o en Catalunya. En 2021, 77 chicas menores de 18 a\u00f1os ten\u00edan \u00f3rdenes de protecci\u00f3n por violencia de g\u00e9nero en el \u00e1mbito de la pareja, seg\u00fan datos del INE. El a\u00f1o anterior, marcado por la pandemia, eran 41.<\/p>\n<p>Lo preocupante es que cuando se analizan cifras de violencia de g\u00e9nero entre la adolescencia, se ve que un porcentaje relevante ya lo ha sufrido, pero, en cambio, un 20% de los adolescentes no creen que exista, seg\u00fan datos del Bar\u00f3metro Juventud y G\u00e9nero de la Fundaci\u00f3 FAD.<\/p>\n<p><strong>Implicaci\u00f3n de las alumnas<\/strong><br \/>\nCentrado en este hecho, la lectura del manifiesto institucional del 25N ha tenido lugar este viernes en el Institut Antoni Ballester y en el Institut Miami con la participaci\u00f3n del alumnado de los centros. En el acto en Mont-roig, la directora del instituto, Alexandra Estop\u00e0, ha le\u00eddo el manifiesto institucional. Seguidamente las alumnas han querido leer su propia declaraci\u00f3n. En Miami Platja el manifiesto lo han le\u00eddo conjuntamente la directora Montse Llaberia y dos alumnas del centro. Las estudiantes han aprovechado para poner pancartas reivindicativas que han realizado espec\u00edficamente para la jornada. Con nexo com\u00fan entre ambos centros se pod\u00eda leer el mensaje: \u201c\u00bfCansado de escucharlo? Nosotros de vivirlo\u201d.<\/p>\n<p><strong>Unanimidad en el mensaje institucional<\/strong><br \/>\nEl Ayuntamiento de Mont-roig del Camp tambi\u00e9n se ha sumado a la lectura del manifiesto institucional, al que se han adherido todos los grupos con representaci\u00f3n municipal. De ah\u00ed que varios concejales y concejalas del consistorio tambi\u00e9n hayan asistido a las lecturas.<\/p>\n<p><strong>Exposici\u00f3n conjunta en el Centro Polivalente<\/strong><br \/>\nPor \u00faltimo, entre las acciones para conmemorar el 25N, cabe destacar la exposici\u00f3n en contra de las violencias machistas que han preparado desde los dos institutos del municipio. En concreto, el alumnado de 3\u00ba y 4\u00ba de ESO del Institut Antoni Ballester han dise\u00f1ado carteles y el alumnado de 2\u00ba y 4\u00ba de ESO del Institut Miami han pintado cuadros que ilustran la violencia que sufren las mujeres. La exposici\u00f3n conjunta se puede visitar en el vest\u00edbulo del Centro Polivalente de Miami Platja hasta el pr\u00f3ximo 11 de diciembre ya partir del d\u00eda 13 de diciembre en el Espai Jove K1 de Mont-roig.<\/p>\n\n\t\t<!-- MasterSlider -->\n\t\t<div id=\"P_MS69f50c021de4b\" class=\"master-slider-parent master-slider-gallery   ms-parent-id-0\"  >\n\n\t\t\t\n\t\t\t<!-- MasterSlider Main -->\n\t\t\t<div id=\"MS69f50c021de4b\" class=\"master-slider ms-skin-default\" >\n\t\t\t\t \t\t\t\t \n\t\t\t<div  class=\"ms-slide\" data-delay=\"3\"    >\n\t\t\t\t\t<img decoding=\"async\" src=\"https:\/\/mont-roig.cat\/wp-content\/plugins\/masterslider\/public\/assets\/css\/blank.gif\" alt=\"f993c9ff-10ea-4ca5-9b9e-7628ee92406d\" title=\"f993c9ff-10ea-4ca5-9b9e-7628ee92406d\" data-src=\"https:\/\/mont-roig.cat\/wp-content\/uploadsArray\" \/>\n\t<a href=\"https:\/\/mont-roig.cat\/es\/actualitat\/noticies\/el-municipi-commemora-el-25n-visibilitzant-la-violencia-masclista-contra-les-menors\/f993c9ff-10ea-4ca5-9b9e-7628ee92406d-2\/\" target=\"_self\"    >f993c9ff-10ea-4ca5-9b9e-7628ee92406d<\/a>\n\n\t\t\t\t\t<div class=\"ms-info\">f993c9ff-10ea-4ca5-9b9e-7628ee92406d<\/div>\n\n\n\t<img decoding=\"async\" class=\"ms-thumb\" src=\"https:\/\/mont-roig.cat\/wp-content\/uploadsArray\" alt=\"f993c9ff-10ea-4ca5-9b9e-7628ee92406d\" \/>\n\t\t\t\t<\/div>\n\t\t\t<div  class=\"ms-slide\" data-delay=\"3\"    >\n\t\t\t\t\t<img decoding=\"async\" src=\"https:\/\/mont-roig.cat\/wp-content\/plugins\/masterslider\/public\/assets\/css\/blank.gif\" alt=\"61814863-da9e-4225-9671-6bf5bbc6dc3c\" title=\"61814863-da9e-4225-9671-6bf5bbc6dc3c\" data-src=\"https:\/\/mont-roig.cat\/wp-content\/uploadsArray\" \/>\n\t<a href=\"https:\/\/mont-roig.cat\/es\/actualitat\/noticies\/el-municipi-commemora-el-25n-visibilitzant-la-violencia-masclista-contra-les-menors\/61814863-da9e-4225-9671-6bf5bbc6dc3c-2\/\" target=\"_self\"    >61814863-da9e-4225-9671-6bf5bbc6dc3c<\/a>\n\n\t\t\t\t\t<div class=\"ms-info\">61814863-da9e-4225-9671-6bf5bbc6dc3c<\/div>\n\n\n\t<img decoding=\"async\" class=\"ms-thumb\" src=\"https:\/\/mont-roig.cat\/wp-content\/uploadsArray\" alt=\"61814863-da9e-4225-9671-6bf5bbc6dc3c\" \/>\n\t\t\t\t<\/div>\n\t\t\t<div  class=\"ms-slide\" data-delay=\"3\"    >\n\t\t\t\t\t<img decoding=\"async\" src=\"https:\/\/mont-roig.cat\/wp-content\/plugins\/masterslider\/public\/assets\/css\/blank.gif\" alt=\"5621b0b1-1ce9-4e57-a16a-0c6aabca46f8\" title=\"5621b0b1-1ce9-4e57-a16a-0c6aabca46f8\" data-src=\"https:\/\/mont-roig.cat\/wp-content\/uploadsArray\" \/>\n\t<a href=\"https:\/\/mont-roig.cat\/es\/actualitat\/noticies\/el-municipi-commemora-el-25n-visibilitzant-la-violencia-masclista-contra-les-menors\/5621b0b1-1ce9-4e57-a16a-0c6aabca46f8-2\/\" target=\"_self\"    >5621b0b1-1ce9-4e57-a16a-0c6aabca46f8<\/a>\n\n\t\t\t\t\t<div class=\"ms-info\">5621b0b1-1ce9-4e57-a16a-0c6aabca46f8<\/div>\n\n\n\t<img decoding=\"async\" class=\"ms-thumb\" src=\"https:\/\/mont-roig.cat\/wp-content\/uploadsArray\" alt=\"5621b0b1-1ce9-4e57-a16a-0c6aabca46f8\" \/>\n\t\t\t\t<\/div>\n\t\t\t<div  class=\"ms-slide\" data-delay=\"3\"    >\n\t\t\t\t\t<img decoding=\"async\" src=\"https:\/\/mont-roig.cat\/wp-content\/plugins\/masterslider\/public\/assets\/css\/blank.gif\" alt=\"2833632b-ddf3-4bd0-945d-af4edabe57b8\" title=\"2833632b-ddf3-4bd0-945d-af4edabe57b8\" data-src=\"https:\/\/mont-roig.cat\/wp-content\/uploadsArray\" \/>\n\t<a href=\"https:\/\/mont-roig.cat\/es\/actualitat\/noticies\/el-municipi-commemora-el-25n-visibilitzant-la-violencia-masclista-contra-les-menors\/2833632b-ddf3-4bd0-945d-af4edabe57b8-2\/\" target=\"_self\"    >2833632b-ddf3-4bd0-945d-af4edabe57b8<\/a>\n\n\t\t\t\t\t<div class=\"ms-info\">2833632b-ddf3-4bd0-945d-af4edabe57b8<\/div>\n\n\n\t<img decoding=\"async\" class=\"ms-thumb\" src=\"https:\/\/mont-roig.cat\/wp-content\/uploadsArray\" alt=\"2833632b-ddf3-4bd0-945d-af4edabe57b8\" \/>\n\t\t\t\t<\/div>\n\t\t\t<div  class=\"ms-slide\" data-delay=\"3\"    >\n\t\t\t\t\t<img decoding=\"async\" src=\"https:\/\/mont-roig.cat\/wp-content\/plugins\/masterslider\/public\/assets\/css\/blank.gif\" alt=\"68bdaa0f-4931-4466-8a1e-7eacccd62bc5\" title=\"68bdaa0f-4931-4466-8a1e-7eacccd62bc5\" data-src=\"https:\/\/mont-roig.cat\/wp-content\/uploadsArray\" \/>\n\t<a href=\"https:\/\/mont-roig.cat\/es\/actualitat\/noticies\/el-municipi-commemora-el-25n-visibilitzant-la-violencia-masclista-contra-les-menors\/68bdaa0f-4931-4466-8a1e-7eacccd62bc5-2\/\" target=\"_self\"    >68bdaa0f-4931-4466-8a1e-7eacccd62bc5<\/a>\n\n\t\t\t\t\t<div class=\"ms-info\">68bdaa0f-4931-4466-8a1e-7eacccd62bc5<\/div>\n\n\n\t<img decoding=\"async\" class=\"ms-thumb\" src=\"https:\/\/mont-roig.cat\/wp-content\/uploadsArray\" alt=\"68bdaa0f-4931-4466-8a1e-7eacccd62bc5\" \/>\n\t\t\t\t<\/div>\n\t\t\t<div  class=\"ms-slide\" data-delay=\"3\"    >\n\t\t\t\t\t<img decoding=\"async\" src=\"https:\/\/mont-roig.cat\/wp-content\/plugins\/masterslider\/public\/assets\/css\/blank.gif\" alt=\"16246871-9246-4722-b0e4-a6fe5661076a\" title=\"16246871-9246-4722-b0e4-a6fe5661076a\" data-src=\"https:\/\/mont-roig.cat\/wp-content\/uploadsArray\" \/>\n\t<a href=\"https:\/\/mont-roig.cat\/es\/actualitat\/noticies\/el-municipi-commemora-el-25n-visibilitzant-la-violencia-masclista-contra-les-menors\/16246871-9246-4722-b0e4-a6fe5661076a-2\/\" target=\"_self\"    >16246871-9246-4722-b0e4-a6fe5661076a<\/a>\n\n\t\t\t\t\t<div class=\"ms-info\">16246871-9246-4722-b0e4-a6fe5661076a<\/div>\n\n\n\t<img decoding=\"async\" class=\"ms-thumb\" src=\"https:\/\/mont-roig.cat\/wp-content\/uploadsArray\" alt=\"16246871-9246-4722-b0e4-a6fe5661076a\" \/>\n\t\t\t\t<\/div>\n\t\t\t<div  class=\"ms-slide\" data-delay=\"3\"    >\n\t\t\t\t\t<img decoding=\"async\" src=\"https:\/\/mont-roig.cat\/wp-content\/plugins\/masterslider\/public\/assets\/css\/blank.gif\" alt=\"1eb58c7f-b6cf-473e-87a5-9f2e106f34cf\" title=\"1eb58c7f-b6cf-473e-87a5-9f2e106f34cf\" data-src=\"https:\/\/mont-roig.cat\/wp-content\/uploadsArray\" \/>\n\t<a href=\"https:\/\/mont-roig.cat\/es\/actualitat\/noticies\/el-municipi-commemora-el-25n-visibilitzant-la-violencia-masclista-contra-les-menors\/1eb58c7f-b6cf-473e-87a5-9f2e106f34cf-2\/\" target=\"_self\"    >1eb58c7f-b6cf-473e-87a5-9f2e106f34cf<\/a>\n\n\t\t\t\t\t<div class=\"ms-info\">1eb58c7f-b6cf-473e-87a5-9f2e106f34cf<\/div>\n\n\n\t<img decoding=\"async\" class=\"ms-thumb\" src=\"https:\/\/mont-roig.cat\/wp-content\/uploadsArray\" alt=\"1eb58c7f-b6cf-473e-87a5-9f2e106f34cf\" \/>\n\t\t\t\t<\/div>\n\t\t\t<div  class=\"ms-slide\" data-delay=\"3\"    >\n\t\t\t\t\t<img decoding=\"async\" src=\"https:\/\/mont-roig.cat\/wp-content\/plugins\/masterslider\/public\/assets\/css\/blank.gif\" alt=\"ceb417fd-b2ea-4138-b3bc-e5cb27613d37\" title=\"ceb417fd-b2ea-4138-b3bc-e5cb27613d37\" data-src=\"https:\/\/mont-roig.cat\/wp-content\/uploadsArray\" \/>\n\t<a href=\"https:\/\/mont-roig.cat\/es\/actualitat\/noticies\/el-municipi-commemora-el-25n-visibilitzant-la-violencia-masclista-contra-les-menors\/ceb417fd-b2ea-4138-b3bc-e5cb27613d37-2\/\" target=\"_self\"    >ceb417fd-b2ea-4138-b3bc-e5cb27613d37<\/a>\n\n\t\t\t\t\t<div class=\"ms-info\">ceb417fd-b2ea-4138-b3bc-e5cb27613d37<\/div>\n\n\n\t<img decoding=\"async\" class=\"ms-thumb\" src=\"https:\/\/mont-roig.cat\/wp-content\/uploadsArray\" alt=\"ceb417fd-b2ea-4138-b3bc-e5cb27613d37\" \/>\n\t\t\t\t<\/div>\n\t\t\t<div  class=\"ms-slide\" data-delay=\"3\"    >\n\t\t\t\t\t<img decoding=\"async\" src=\"https:\/\/mont-roig.cat\/wp-content\/plugins\/masterslider\/public\/assets\/css\/blank.gif\" alt=\"048ed26d-bc25-46d4-8bcd-0606dedce331\" title=\"048ed26d-bc25-46d4-8bcd-0606dedce331\" data-src=\"https:\/\/mont-roig.cat\/wp-content\/uploadsArray\" \/>\n\t<a href=\"https:\/\/mont-roig.cat\/es\/actualitat\/noticies\/el-municipi-commemora-el-25n-visibilitzant-la-violencia-masclista-contra-les-menors\/048ed26d-bc25-46d4-8bcd-0606dedce331-2\/\" target=\"_self\"    >048ed26d-bc25-46d4-8bcd-0606dedce331<\/a>\n\n\t\t\t\t\t<div class=\"ms-info\">048ed26d-bc25-46d4-8bcd-0606dedce331<\/div>\n\n\n\t<img decoding=\"async\" class=\"ms-thumb\" src=\"https:\/\/mont-roig.cat\/wp-content\/uploadsArray\" alt=\"048ed26d-bc25-46d4-8bcd-0606dedce331\" \/>\n\t\t\t\t<\/div>\n\t\t\t<div  class=\"ms-slide\" data-delay=\"3\"    >\n\t\t\t\t\t<img decoding=\"async\" src=\"https:\/\/mont-roig.cat\/wp-content\/plugins\/masterslider\/public\/assets\/css\/blank.gif\" alt=\"8e5753f5-43e4-4416-8634-d7c1e9dc7b35\" title=\"8e5753f5-43e4-4416-8634-d7c1e9dc7b35\" data-src=\"https:\/\/mont-roig.cat\/wp-content\/uploadsArray\" \/>\n\t<a href=\"https:\/\/mont-roig.cat\/es\/actualitat\/noticies\/el-municipi-commemora-el-25n-visibilitzant-la-violencia-masclista-contra-les-menors\/8e5753f5-43e4-4416-8634-d7c1e9dc7b35-2\/\" target=\"_self\"    >8e5753f5-43e4-4416-8634-d7c1e9dc7b35<\/a>\n\n\t\t\t\t\t<div class=\"ms-info\">8e5753f5-43e4-4416-8634-d7c1e9dc7b35<\/div>\n\n\n\t<img decoding=\"async\" class=\"ms-thumb\" src=\"https:\/\/mont-roig.cat\/wp-content\/uploadsArray\" alt=\"8e5753f5-43e4-4416-8634-d7c1e9dc7b35\" \/>\n\t\t\t\t<\/div>\n\t\t\t<div  class=\"ms-slide\" data-delay=\"3\"    >\n\t\t\t\t\t<img decoding=\"async\" src=\"https:\/\/mont-roig.cat\/wp-content\/plugins\/masterslider\/public\/assets\/css\/blank.gif\" alt=\"dd2b7130-c753-4ae7-89e8-ef53caaa525d\" title=\"dd2b7130-c753-4ae7-89e8-ef53caaa525d\" data-src=\"https:\/\/mont-roig.cat\/wp-content\/uploadsArray\" \/>\n\t<a href=\"https:\/\/mont-roig.cat\/es\/actualitat\/noticies\/el-municipi-commemora-el-25n-visibilitzant-la-violencia-masclista-contra-les-menors\/dd2b7130-c753-4ae7-89e8-ef53caaa525d-2\/\" target=\"_self\"    >dd2b7130-c753-4ae7-89e8-ef53caaa525d<\/a>\n\n\t\t\t\t\t<div class=\"ms-info\">dd2b7130-c753-4ae7-89e8-ef53caaa525d<\/div>\n\n\n\t<img decoding=\"async\" class=\"ms-thumb\" src=\"https:\/\/mont-roig.cat\/wp-content\/uploadsArray\" alt=\"dd2b7130-c753-4ae7-89e8-ef53caaa525d\" \/>\n\t\t\t\t<\/div>\n\t\t\t<div  class=\"ms-slide\" data-delay=\"3\"    >\n\t\t\t\t\t<img decoding=\"async\" src=\"https:\/\/mont-roig.cat\/wp-content\/plugins\/masterslider\/public\/assets\/css\/blank.gif\" alt=\"474a60be-0ed2-4d36-a1dc-63e728a5d2fe\" title=\"474a60be-0ed2-4d36-a1dc-63e728a5d2fe\" data-src=\"https:\/\/mont-roig.cat\/wp-content\/uploadsArray\" \/>\n\t<a href=\"https:\/\/mont-roig.cat\/es\/actualitat\/noticies\/el-municipi-commemora-el-25n-visibilitzant-la-violencia-masclista-contra-les-menors\/474a60be-0ed2-4d36-a1dc-63e728a5d2fe-2\/\" target=\"_self\"    >474a60be-0ed2-4d36-a1dc-63e728a5d2fe<\/a>\n\n\t\t\t\t\t<div class=\"ms-info\">474a60be-0ed2-4d36-a1dc-63e728a5d2fe<\/div>\n\n\n\t<img decoding=\"async\" class=\"ms-thumb\" src=\"https:\/\/mont-roig.cat\/wp-content\/uploadsArray\" alt=\"474a60be-0ed2-4d36-a1dc-63e728a5d2fe\" \/>\n\t\t\t\t<\/div>\n\t\t\t<div  class=\"ms-slide\" data-delay=\"3\"    >\n\t\t\t\t\t<img decoding=\"async\" src=\"https:\/\/mont-roig.cat\/wp-content\/plugins\/masterslider\/public\/assets\/css\/blank.gif\" alt=\"4c6fc490-8f3f-4f46-a486-05adf42e594d\" title=\"4c6fc490-8f3f-4f46-a486-05adf42e594d\" data-src=\"https:\/\/mont-roig.cat\/wp-content\/uploadsArray\" \/>\n\t<a href=\"https:\/\/mont-roig.cat\/es\/actualitat\/noticies\/el-municipi-commemora-el-25n-visibilitzant-la-violencia-masclista-contra-les-menors\/4c6fc490-8f3f-4f46-a486-05adf42e594d-2\/\" target=\"_self\"    >4c6fc490-8f3f-4f46-a486-05adf42e594d<\/a>\n\n\t\t\t\t\t<div class=\"ms-info\">4c6fc490-8f3f-4f46-a486-05adf42e594d<\/div>\n\n\n\t<img decoding=\"async\" class=\"ms-thumb\" src=\"https:\/\/mont-roig.cat\/wp-content\/uploadsArray\" alt=\"4c6fc490-8f3f-4f46-a486-05adf42e594d\" \/>\n\t\t\t\t<\/div>\n\t\t\t<div  class=\"ms-slide\" data-delay=\"3\"    >\n\t\t\t\t\t<img decoding=\"async\" src=\"https:\/\/mont-roig.cat\/wp-content\/plugins\/masterslider\/public\/assets\/css\/blank.gif\" alt=\"8c879b59-ab70-4f07-b81f-f70a554071d9\" title=\"8c879b59-ab70-4f07-b81f-f70a554071d9\" data-src=\"https:\/\/mont-roig.cat\/wp-content\/uploadsArray\" \/>\n\t<a href=\"https:\/\/mont-roig.cat\/es\/actualitat\/noticies\/el-municipi-commemora-el-25n-visibilitzant-la-violencia-masclista-contra-les-menors\/8c879b59-ab70-4f07-b81f-f70a554071d9-2\/\" target=\"_self\"    >8c879b59-ab70-4f07-b81f-f70a554071d9<\/a>\n\n\t\t\t\t\t<div class=\"ms-info\">8c879b59-ab70-4f07-b81f-f70a554071d9<\/div>\n\n\n\t<img decoding=\"async\" class=\"ms-thumb\" src=\"https:\/\/mont-roig.cat\/wp-content\/uploadsArray\" alt=\"8c879b59-ab70-4f07-b81f-f70a554071d9\" \/>\n\t\t\t\t<\/div>\n\n\t\t\t<\/div>\n\t\t\t<!-- END MasterSlider Main -->\n\n\t\t\t \n\t\t<\/div>\n\t\t<!-- END MasterSlider -->\n\n\t\t<script>\n\t\t( window.MSReady = window.MSReady || [] ).push( function( $ ) {\n\n\t\t\t\"use strict\";\n\t\t\tvar masterslider_de4b = new MasterSlider();\n\n\t\t\t\/\/ slider controls\n\t\t\tmasterslider_de4b.control('arrows'     ,{ autohide:true, overVideo:true  });\n\t\t\tmasterslider_de4b.control('thumblist'  ,{ autohide:false, overVideo:true, dir:'h', speed:17, inset:false, arrows:false, hover:false, customClass:'', align:'bottom',type:'thumbs', margin:2, width:140, height:80, space:2, fillMode:'fill'  });\n\t\t\tmasterslider_de4b.control('slideinfo'  ,{ autohide:true, overVideo:true, dir:'h', align:'bottom',inset:true , margin:80  , size:30 });\n\t\t\t\/\/ slider setup\n\t\t\tmasterslider_de4b.setup(\"MS69f50c021de4b\", {\n\t\t\t\twidth           : 960,\n\t\t\t\theight          : 540,\n\t\t\t\tminHeight       : 0,\n\t\t\t\tspace           : 0,\n\t\t\t\tstart           : 1,\n\t\t\t\tgrabCursor      : true,\n\t\t\t\tswipe           : true,\n\t\t\t\tmouse           : true,\n\t\t\t\tkeyboard        : false,\n\t\t\t\tlayout          : \"fillwidth\",\n\t\t\t\twheel           : false,\n\t\t\t\tautoplay        : false,\n                instantStartLayers:false,\n\t\t\t\tmobileBGVideo:false,\n\t\t\t\tloop            : false,\n\t\t\t\tshuffle         : false,\n\t\t\t\tpreload         : 3,\n\t\t\t\theightLimit     : false,\n\t\t\t\tautoHeight      : false,\n\t\t\t\tsmoothHeight    : true,\n\t\t\t\tendPause        : false,\n\t\t\t\toverPause       : false,\n\t\t\t\tfillMode        : \"fill\",\n\t\t\t\tcenterControls  : true,\n\t\t\t\tstartOnAppear   : false,\n\t\t\t\tlayersMode      : \"center\",\n\t\t\t\tautofillTarget  : \"\",\n\t\t\t\thideLayers      : false,\n\t\t\t\tfullscreenMargin: 0,\n\t\t\t\tspeed           : 17,\n\t\t\t\tdir             : \"h\",\n\t\t\t\tparallaxMode    : 'swipe',\n\t\t\t\tview            : \"basic\"\n\t\t\t});\n\n\t\t\t\n\t\t\twindow.masterslider_instances = window.masterslider_instances || [];\n\t\t\twindow.masterslider_instances.push( masterslider_de4b );\n\t\t});\n\t\t<\/script>\n\n\n<p>&nbsp;<\/p>\n","protected":false},"excerpt":{"rendered":"<p>El manifiesto del D\u00eda Internacional por la Eliminaci\u00f3n de la Violencia hacia las mujeres se ha le\u00eddo en los institutos de Mont-roig y Miami Platja donde las alumnas han hecho su propia declaraci\u00f3n La conmemoraci\u00f3n del 25 de Noviembre D\u00eda Internacional por la Eliminaci\u00f3n de la Violencia hacia las mujeres se ha llevado a cabo [&hellip;]<\/p>\n","protected":false},"author":13,"featured_media":66866,"comment_status":"closed","ping_status":"closed","sticky":false,"template":"","format":"standard","meta":{"inline_featured_image":false,"_monsterinsights_skip_tracking":false,"_monsterinsights_sitenote_active":false,"_monsterinsights_sitenote_note":"","_monsterinsights_sitenote_category":0,"footnotes":""},"categories":[98,174],"tags":[],"class_list":["post-66877","post","type-post","status-publish","format-standard","has-post-thumbnail","hentry","category-ayuntamiento","category-politiques-digualtat-i-de-les-dones-es"],"yoast_head":"<!-- This site is optimized with the Yoast SEO plugin v27.4 - https:\/\/yoast.com\/product\/yoast-seo-wordpress\/ -->\n<title>El municipio conmemora el 25N visibilizando la violencia machista contra las menores - Ajuntament de Mont-roig del Camp<\/title>\n<meta name=\"robots\" content=\"index, follow, max-snippet:-1, max-image-preview:large, max-video-preview:-1\" \/>\n<link rel=\"canonical\" href=\"https:\/\/mont-roig.cat\/es\/actualitat\/noticies\/el-municipi-commemora-el-25n-visibilitzant-la-violencia-masclista-contra-les-menors\/\" \/>\n<meta property=\"og:locale\" content=\"es_ES\" \/>\n<meta property=\"og:type\" content=\"article\" \/>\n<meta property=\"og:title\" content=\"El municipio conmemora el 25N visibilizando la violencia machista contra las menores - Ajuntament de Mont-roig del Camp\" \/>\n<meta property=\"og:description\" content=\"El manifiesto del D\u00eda Internacional por la Eliminaci\u00f3n de la Violencia hacia las mujeres se ha le\u00eddo en los institutos de Mont-roig y Miami Platja donde las alumnas han hecho su propia declaraci\u00f3n La conmemoraci\u00f3n del 25 de Noviembre D\u00eda Internacional por la Eliminaci\u00f3n de la Violencia hacia las mujeres se ha llevado a cabo [&hellip;]\" \/>\n<meta property=\"og:url\" content=\"https:\/\/mont-roig.cat\/es\/actualitat\/noticies\/el-municipi-commemora-el-25n-visibilitzant-la-violencia-masclista-contra-les-menors\/\" \/>\n<meta property=\"og:site_name\" content=\"Ajuntament de Mont-roig del Camp\" \/>\n<meta property=\"article:published_time\" content=\"2022-11-25T13:42:20+00:00\" \/>\n<meta property=\"article:modified_time\" content=\"2022-11-25T13:47:23+00:00\" \/>\n<meta property=\"og:image\" content=\"https:\/\/mont-roig.cat\/wp-content\/uploads\/61814863-da9e-4225-9671-6bf5bbc6dc3c-500x375.jpg\" \/>\n<meta name=\"author\" content=\"comunicacio\" \/>\n<meta name=\"twitter:card\" content=\"summary_large_image\" \/>\n<meta name=\"twitter:label1\" content=\"Escrito por\" \/>\n\t<meta name=\"twitter:data1\" content=\"comunicacio\" \/>\n\t<meta name=\"twitter:label2\" content=\"Tiempo de lectura\" \/>\n\t<meta name=\"twitter:data2\" content=\"3 minutos\" \/>\n<script type=\"application\/ld+json\" class=\"yoast-schema-graph\">{\"@context\":\"https:\\\/\\\/schema.org\",\"@graph\":[{\"@type\":\"Article\",\"@id\":\"https:\\\/\\\/mont-roig.cat\\\/es\\\/actualitat\\\/noticies\\\/el-municipi-commemora-el-25n-visibilitzant-la-violencia-masclista-contra-les-menors\\\/#article\",\"isPartOf\":{\"@id\":\"https:\\\/\\\/mont-roig.cat\\\/es\\\/actualitat\\\/noticies\\\/el-municipi-commemora-el-25n-visibilitzant-la-violencia-masclista-contra-les-menors\\\/\"},\"author\":{\"name\":\"comunicacio\",\"@id\":\"https:\\\/\\\/mont-roig.cat\\\/es\\\/#\\\/schema\\\/person\\\/1f73e7b5e6f9dd122e8a6f14f310ac5e\"},\"headline\":\"El municipio conmemora el 25N visibilizando la violencia machista contra las menores\",\"datePublished\":\"2022-11-25T13:42:20+00:00\",\"dateModified\":\"2022-11-25T13:47:23+00:00\",\"mainEntityOfPage\":{\"@id\":\"https:\\\/\\\/mont-roig.cat\\\/es\\\/actualitat\\\/noticies\\\/el-municipi-commemora-el-25n-visibilitzant-la-violencia-masclista-contra-les-menors\\\/\"},\"wordCount\":515,\"image\":{\"@id\":\"https:\\\/\\\/mont-roig.cat\\\/es\\\/actualitat\\\/noticies\\\/el-municipi-commemora-el-25n-visibilitzant-la-violencia-masclista-contra-les-menors\\\/#primaryimage\"},\"thumbnailUrl\":\"https:\\\/\\\/mont-roig.cat\\\/wp-content\\\/uploads\\\/8abf63a5-2cea-4149-86fc-8f6876485324.jpg\",\"articleSection\":[\"Ayuntamiento\",\"Pol\u00edtiques d&#8217;Igualtat i de les Dones\"],\"inLanguage\":\"es\"},{\"@type\":\"WebPage\",\"@id\":\"https:\\\/\\\/mont-roig.cat\\\/es\\\/actualitat\\\/noticies\\\/el-municipi-commemora-el-25n-visibilitzant-la-violencia-masclista-contra-les-menors\\\/\",\"url\":\"https:\\\/\\\/mont-roig.cat\\\/es\\\/actualitat\\\/noticies\\\/el-municipi-commemora-el-25n-visibilitzant-la-violencia-masclista-contra-les-menors\\\/\",\"name\":\"El municipio conmemora el 25N visibilizando la violencia machista contra las menores - Ajuntament de Mont-roig del Camp\",\"isPartOf\":{\"@id\":\"https:\\\/\\\/mont-roig.cat\\\/es\\\/#website\"},\"primaryImageOfPage\":{\"@id\":\"https:\\\/\\\/mont-roig.cat\\\/es\\\/actualitat\\\/noticies\\\/el-municipi-commemora-el-25n-visibilitzant-la-violencia-masclista-contra-les-menors\\\/#primaryimage\"},\"image\":{\"@id\":\"https:\\\/\\\/mont-roig.cat\\\/es\\\/actualitat\\\/noticies\\\/el-municipi-commemora-el-25n-visibilitzant-la-violencia-masclista-contra-les-menors\\\/#primaryimage\"},\"thumbnailUrl\":\"https:\\\/\\\/mont-roig.cat\\\/wp-content\\\/uploads\\\/8abf63a5-2cea-4149-86fc-8f6876485324.jpg\",\"datePublished\":\"2022-11-25T13:42:20+00:00\",\"dateModified\":\"2022-11-25T13:47:23+00:00\",\"author\":{\"@id\":\"https:\\\/\\\/mont-roig.cat\\\/es\\\/#\\\/schema\\\/person\\\/1f73e7b5e6f9dd122e8a6f14f310ac5e\"},\"breadcrumb\":{\"@id\":\"https:\\\/\\\/mont-roig.cat\\\/es\\\/actualitat\\\/noticies\\\/el-municipi-commemora-el-25n-visibilitzant-la-violencia-masclista-contra-les-menors\\\/#breadcrumb\"},\"inLanguage\":\"es\",\"potentialAction\":[{\"@type\":\"ReadAction\",\"target\":[\"https:\\\/\\\/mont-roig.cat\\\/es\\\/actualitat\\\/noticies\\\/el-municipi-commemora-el-25n-visibilitzant-la-violencia-masclista-contra-les-menors\\\/\"]}]},{\"@type\":\"ImageObject\",\"inLanguage\":\"es\",\"@id\":\"https:\\\/\\\/mont-roig.cat\\\/es\\\/actualitat\\\/noticies\\\/el-municipi-commemora-el-25n-visibilitzant-la-violencia-masclista-contra-les-menors\\\/#primaryimage\",\"url\":\"https:\\\/\\\/mont-roig.cat\\\/wp-content\\\/uploads\\\/8abf63a5-2cea-4149-86fc-8f6876485324.jpg\",\"contentUrl\":\"https:\\\/\\\/mont-roig.cat\\\/wp-content\\\/uploads\\\/8abf63a5-2cea-4149-86fc-8f6876485324.jpg\",\"width\":1024,\"height\":768},{\"@type\":\"BreadcrumbList\",\"@id\":\"https:\\\/\\\/mont-roig.cat\\\/es\\\/actualitat\\\/noticies\\\/el-municipi-commemora-el-25n-visibilitzant-la-violencia-masclista-contra-les-menors\\\/#breadcrumb\",\"itemListElement\":[{\"@type\":\"ListItem\",\"position\":1,\"name\":\"Inici\",\"item\":\"https:\\\/\\\/mont-roig.cat\\\/es\\\/pagina-de-inicio\\\/\"},{\"@type\":\"ListItem\",\"position\":2,\"name\":\"El municipio conmemora el 25N visibilizando la violencia machista contra las menores\"}]},{\"@type\":\"WebSite\",\"@id\":\"https:\\\/\\\/mont-roig.cat\\\/es\\\/#website\",\"url\":\"https:\\\/\\\/mont-roig.cat\\\/es\\\/\",\"name\":\"Ajuntament de Mont-roig del Camp\",\"description\":\"Tota la informaci\u00f3 sobre la instituci\u00f3, els seus \u00f2rgans de govern, actualitat, serveis i molt m\u00e9s.\",\"potentialAction\":[{\"@type\":\"SearchAction\",\"target\":{\"@type\":\"EntryPoint\",\"urlTemplate\":\"https:\\\/\\\/mont-roig.cat\\\/es\\\/?s={search_term_string}\"},\"query-input\":{\"@type\":\"PropertyValueSpecification\",\"valueRequired\":true,\"valueName\":\"search_term_string\"}}],\"inLanguage\":\"es\"},{\"@type\":\"Person\",\"@id\":\"https:\\\/\\\/mont-roig.cat\\\/es\\\/#\\\/schema\\\/person\\\/1f73e7b5e6f9dd122e8a6f14f310ac5e\",\"name\":\"comunicacio\",\"image\":{\"@type\":\"ImageObject\",\"inLanguage\":\"es\",\"@id\":\"https:\\\/\\\/secure.gravatar.com\\\/avatar\\\/98944333e7a877670a64f8d10f0cb680ab2c9ebc4efc43945ef004b52b5ad28c?s=96&d=mm&r=g\",\"url\":\"https:\\\/\\\/secure.gravatar.com\\\/avatar\\\/98944333e7a877670a64f8d10f0cb680ab2c9ebc4efc43945ef004b52b5ad28c?s=96&d=mm&r=g\",\"contentUrl\":\"https:\\\/\\\/secure.gravatar.com\\\/avatar\\\/98944333e7a877670a64f8d10f0cb680ab2c9ebc4efc43945ef004b52b5ad28c?s=96&d=mm&r=g\",\"caption\":\"comunicacio\"},\"url\":\"https:\\\/\\\/mont-roig.cat\\\/es\\\/actualitat\\\/noticies\\\/author\\\/comunicacio\\\/\"}]}<\/script>\n<!-- \/ Yoast SEO plugin. -->","yoast_head_json":{"title":"El municipio conmemora el 25N visibilizando la violencia machista contra las menores - Ajuntament de Mont-roig del Camp","robots":{"index":"index","follow":"follow","max-snippet":"max-snippet:-1","max-image-preview":"max-image-preview:large","max-video-preview":"max-video-preview:-1"},"canonical":"https:\/\/mont-roig.cat\/es\/actualitat\/noticies\/el-municipi-commemora-el-25n-visibilitzant-la-violencia-masclista-contra-les-menors\/","og_locale":"es_ES","og_type":"article","og_title":"El municipio conmemora el 25N visibilizando la violencia machista contra las menores - Ajuntament de Mont-roig del Camp","og_description":"El manifiesto del D\u00eda Internacional por la Eliminaci\u00f3n de la Violencia hacia las mujeres se ha le\u00eddo en los institutos de Mont-roig y Miami Platja donde las alumnas han hecho su propia declaraci\u00f3n La conmemoraci\u00f3n del 25 de Noviembre D\u00eda Internacional por la Eliminaci\u00f3n de la Violencia hacia las mujeres se ha llevado a cabo [&hellip;]","og_url":"https:\/\/mont-roig.cat\/es\/actualitat\/noticies\/el-municipi-commemora-el-25n-visibilitzant-la-violencia-masclista-contra-les-menors\/","og_site_name":"Ajuntament de Mont-roig del Camp","article_published_time":"2022-11-25T13:42:20+00:00","article_modified_time":"2022-11-25T13:47:23+00:00","og_image":[{"url":"https:\/\/mont-roig.cat\/wp-content\/uploads\/61814863-da9e-4225-9671-6bf5bbc6dc3c-500x375.jpg","type":"","width":"","height":""}],"author":"comunicacio","twitter_card":"summary_large_image","twitter_misc":{"Escrito por":"comunicacio","Tiempo de lectura":"3 minutos"},"schema":{"@context":"https:\/\/schema.org","@graph":[{"@type":"Article","@id":"https:\/\/mont-roig.cat\/es\/actualitat\/noticies\/el-municipi-commemora-el-25n-visibilitzant-la-violencia-masclista-contra-les-menors\/#article","isPartOf":{"@id":"https:\/\/mont-roig.cat\/es\/actualitat\/noticies\/el-municipi-commemora-el-25n-visibilitzant-la-violencia-masclista-contra-les-menors\/"},"author":{"name":"comunicacio","@id":"https:\/\/mont-roig.cat\/es\/#\/schema\/person\/1f73e7b5e6f9dd122e8a6f14f310ac5e"},"headline":"El municipio conmemora el 25N visibilizando la violencia machista contra las menores","datePublished":"2022-11-25T13:42:20+00:00","dateModified":"2022-11-25T13:47:23+00:00","mainEntityOfPage":{"@id":"https:\/\/mont-roig.cat\/es\/actualitat\/noticies\/el-municipi-commemora-el-25n-visibilitzant-la-violencia-masclista-contra-les-menors\/"},"wordCount":515,"image":{"@id":"https:\/\/mont-roig.cat\/es\/actualitat\/noticies\/el-municipi-commemora-el-25n-visibilitzant-la-violencia-masclista-contra-les-menors\/#primaryimage"},"thumbnailUrl":"https:\/\/mont-roig.cat\/wp-content\/uploads\/8abf63a5-2cea-4149-86fc-8f6876485324.jpg","articleSection":["Ayuntamiento","Pol\u00edtiques d&#8217;Igualtat i de les Dones"],"inLanguage":"es"},{"@type":"WebPage","@id":"https:\/\/mont-roig.cat\/es\/actualitat\/noticies\/el-municipi-commemora-el-25n-visibilitzant-la-violencia-masclista-contra-les-menors\/","url":"https:\/\/mont-roig.cat\/es\/actualitat\/noticies\/el-municipi-commemora-el-25n-visibilitzant-la-violencia-masclista-contra-les-menors\/","name":"El municipio conmemora el 25N visibilizando la violencia machista contra las menores - Ajuntament de Mont-roig del Camp","isPartOf":{"@id":"https:\/\/mont-roig.cat\/es\/#website"},"primaryImageOfPage":{"@id":"https:\/\/mont-roig.cat\/es\/actualitat\/noticies\/el-municipi-commemora-el-25n-visibilitzant-la-violencia-masclista-contra-les-menors\/#primaryimage"},"image":{"@id":"https:\/\/mont-roig.cat\/es\/actualitat\/noticies\/el-municipi-commemora-el-25n-visibilitzant-la-violencia-masclista-contra-les-menors\/#primaryimage"},"thumbnailUrl":"https:\/\/mont-roig.cat\/wp-content\/uploads\/8abf63a5-2cea-4149-86fc-8f6876485324.jpg","datePublished":"2022-11-25T13:42:20+00:00","dateModified":"2022-11-25T13:47:23+00:00","author":{"@id":"https:\/\/mont-roig.cat\/es\/#\/schema\/person\/1f73e7b5e6f9dd122e8a6f14f310ac5e"},"breadcrumb":{"@id":"https:\/\/mont-roig.cat\/es\/actualitat\/noticies\/el-municipi-commemora-el-25n-visibilitzant-la-violencia-masclista-contra-les-menors\/#breadcrumb"},"inLanguage":"es","potentialAction":[{"@type":"ReadAction","target":["https:\/\/mont-roig.cat\/es\/actualitat\/noticies\/el-municipi-commemora-el-25n-visibilitzant-la-violencia-masclista-contra-les-menors\/"]}]},{"@type":"ImageObject","inLanguage":"es","@id":"https:\/\/mont-roig.cat\/es\/actualitat\/noticies\/el-municipi-commemora-el-25n-visibilitzant-la-violencia-masclista-contra-les-menors\/#primaryimage","url":"https:\/\/mont-roig.cat\/wp-content\/uploads\/8abf63a5-2cea-4149-86fc-8f6876485324.jpg","contentUrl":"https:\/\/mont-roig.cat\/wp-content\/uploads\/8abf63a5-2cea-4149-86fc-8f6876485324.jpg","width":1024,"height":768},{"@type":"BreadcrumbList","@id":"https:\/\/mont-roig.cat\/es\/actualitat\/noticies\/el-municipi-commemora-el-25n-visibilitzant-la-violencia-masclista-contra-les-menors\/#breadcrumb","itemListElement":[{"@type":"ListItem","position":1,"name":"Inici","item":"https:\/\/mont-roig.cat\/es\/pagina-de-inicio\/"},{"@type":"ListItem","position":2,"name":"El municipio conmemora el 25N visibilizando la violencia machista contra las menores"}]},{"@type":"WebSite","@id":"https:\/\/mont-roig.cat\/es\/#website","url":"https:\/\/mont-roig.cat\/es\/","name":"Ajuntament de Mont-roig del Camp","description":"Tota la informaci\u00f3 sobre la instituci\u00f3, els seus \u00f2rgans de govern, actualitat, serveis i molt m\u00e9s.","potentialAction":[{"@type":"SearchAction","target":{"@type":"EntryPoint","urlTemplate":"https:\/\/mont-roig.cat\/es\/?s={search_term_string}"},"query-input":{"@type":"PropertyValueSpecification","valueRequired":true,"valueName":"search_term_string"}}],"inLanguage":"es"},{"@type":"Person","@id":"https:\/\/mont-roig.cat\/es\/#\/schema\/person\/1f73e7b5e6f9dd122e8a6f14f310ac5e","name":"comunicacio","image":{"@type":"ImageObject","inLanguage":"es","@id":"https:\/\/secure.gravatar.com\/avatar\/98944333e7a877670a64f8d10f0cb680ab2c9ebc4efc43945ef004b52b5ad28c?s=96&d=mm&r=g","url":"https:\/\/secure.gravatar.com\/avatar\/98944333e7a877670a64f8d10f0cb680ab2c9ebc4efc43945ef004b52b5ad28c?s=96&d=mm&r=g","contentUrl":"https:\/\/secure.gravatar.com\/avatar\/98944333e7a877670a64f8d10f0cb680ab2c9ebc4efc43945ef004b52b5ad28c?s=96&d=mm&r=g","caption":"comunicacio"},"url":"https:\/\/mont-roig.cat\/es\/actualitat\/noticies\/author\/comunicacio\/"}]}},"_links":{"self":[{"href":"https:\/\/mont-roig.cat\/es\/wp-json\/wp\/v2\/posts\/66877","targetHints":{"allow":["GET"]}}],"collection":[{"href":"https:\/\/mont-roig.cat\/es\/wp-json\/wp\/v2\/posts"}],"about":[{"href":"https:\/\/mont-roig.cat\/es\/wp-json\/wp\/v2\/types\/post"}],"author":[{"embeddable":true,"href":"https:\/\/mont-roig.cat\/es\/wp-json\/wp\/v2\/users\/13"}],"replies":[{"embeddable":true,"href":"https:\/\/mont-roig.cat\/es\/wp-json\/wp\/v2\/comments?post=66877"}],"version-history":[{"count":2,"href":"https:\/\/mont-roig.cat\/es\/wp-json\/wp\/v2\/posts\/66877\/revisions"}],"predecessor-version":[{"id":66879,"href":"https:\/\/mont-roig.cat\/es\/wp-json\/wp\/v2\/posts\/66877\/revisions\/66879"}],"wp:featuredmedia":[{"embeddable":true,"href":"https:\/\/mont-roig.cat\/es\/wp-json\/wp\/v2\/media\/66866"}],"wp:attachment":[{"href":"https:\/\/mont-roig.cat\/es\/wp-json\/wp\/v2\/media?parent=66877"}],"wp:term":[{"taxonomy":"category","embeddable":true,"href":"https:\/\/mont-roig.cat\/es\/wp-json\/wp\/v2\/categories?post=66877"},{"taxonomy":"post_tag","embeddable":true,"href":"https:\/\/mont-roig.cat\/es\/wp-json\/wp\/v2\/tags?post=66877"}],"curies":[{"name":"wp","href":"https:\/\/api.w.org\/{rel}","templated":true}]}}