{"id":66997,"date":"2022-12-02T17:00:33","date_gmt":"2022-12-02T16:00:33","guid":{"rendered":"https:\/\/mont-roig.cat\/actualitat\/noticies\/lajuntament-posa-en-marxa-una-enquesta-ciutadana-sobre-el-nucli-antic-de-mont-roig\/"},"modified":"2022-12-02T17:07:38","modified_gmt":"2022-12-02T16:07:38","slug":"el-ayuntamiento-pone-en-marcha-una-encuesta-ciudadana-sobre-el-casco-antiguo-de-mont-roig","status":"publish","type":"post","link":"https:\/\/mont-roig.cat\/es\/actualitat\/noticies\/el-ayuntamiento-pone-en-marcha-una-encuesta-ciudadana-sobre-el-casco-antiguo-de-mont-roig\/","title":{"rendered":"El Ayuntamiento pone en marcha una encuesta ciudadana sobre el casco antiguo de Mont-roig"},"content":{"rendered":"<ul>\n<li><strong><a href=\"https:\/\/mont-roig.cat\/wp-content\/uploads\/enquesta_META_.png\" target=\"_blank\" rel=\"noopener\"><img loading=\"lazy\" decoding=\"async\" class=\"alignright wp-image-66991\" src=\"https:\/\/mont-roig.cat\/wp-content\/uploads\/enquesta_META_-500x262.png\" alt=\"\" width=\"302\" height=\"158\" srcset=\"https:\/\/mont-roig.cat\/wp-content\/uploads\/enquesta_META_-500x262.png 500w, https:\/\/mont-roig.cat\/wp-content\/uploads\/enquesta_META_-1024x536.png 1024w, https:\/\/mont-roig.cat\/wp-content\/uploads\/enquesta_META_-768x402.png 768w, https:\/\/mont-roig.cat\/wp-content\/uploads\/enquesta_META_-1536x804.png 1536w, https:\/\/mont-roig.cat\/wp-content\/uploads\/enquesta_META_.png 2048w\" sizes=\"auto, (max-width: 302px) 100vw, 302px\" \/><\/a>Las aportaciones de los vecinos y vecinas se pueden realizar presencialmente en la biblioteca Joan Mir\u00f3 y en el Casal del jubilado o a trav\u00e9s de internet<\/strong><\/li>\n<\/ul>\n<p><strong><br \/>\n<\/strong>El Ayuntamiento de Mont-roig del Camp se encuentra en estos momentos definiendo el futuro plan de transformaci\u00f3n urbana y revitalizaci\u00f3n del casco hist\u00f3rico de Mont-roig a trav\u00e9s de la EINA, el Estudio Integral del Casco Antiguo.<\/p>\n<p>Por este motivo y para fomentar la participaci\u00f3n ciudadana en el dise\u00f1o de esta transformaci\u00f3n, se ha preparado una encuesta para conocer la opini\u00f3n de la ciudadan\u00eda sobre la situaci\u00f3n actual de diversos aspectos como pueden ser el comercio, el espacio p\u00fablico o el acceso a la vivienda, entre otros.<\/p>\n<p>Todo el mundo que quiera hacer aportaciones podr\u00e1 hacerlo hasta el 22 de diciembre de forma presencial rellenando los boletos que encontrar\u00e1 en el Casal d&#8217;Avis o en la Biblioteca Joan Mir\u00f3 de Mont-roig y tambi\u00e9n de forma telem\u00e1tica.<br \/>\nLa encuesta online se puede contestar a trav\u00e9s del siguiente enlace:<strong><br \/>\n<\/strong><\/p>\n<ul>\n<li><a href=\"https:\/\/nwzr48fv392.typeform.com\/to\/KMzNoHeC\" target=\"_blank\" rel=\"noopener\"><u>https:\/\/nwzr48fv392.typeform.com\/to\/KMzNoHeC<\/u><\/a><\/li>\n<\/ul>\n<p>&nbsp;<\/p>\n<p>&nbsp;<\/p>\n","protected":false},"excerpt":{"rendered":"<p>Las aportaciones de los vecinos y vecinas se pueden realizar presencialmente en la biblioteca Joan Mir\u00f3 y en el Casal del jubilado o a trav\u00e9s de internet El Ayuntamiento de Mont-roig del Camp se encuentra en estos momentos definiendo el futuro plan de transformaci\u00f3n urbana y revitalizaci\u00f3n del casco hist\u00f3rico de Mont-roig a trav\u00e9s de [&hellip;]<\/p>\n","protected":false},"author":13,"featured_media":66994,"comment_status":"closed","ping_status":"closed","sticky":false,"template":"","format":"standard","meta":{"inline_featured_image":false,"_monsterinsights_skip_tracking":false,"_monsterinsights_sitenote_active":false,"_monsterinsights_sitenote_note":"","_monsterinsights_sitenote_category":0,"footnotes":""},"categories":[98,217,116],"tags":[],"class_list":["post-66997","post","type-post","status-publish","format-standard","has-post-thumbnail","hentry","category-ayuntamiento","category-participacio-ciutadana-es","category-urbanismo-y-obras"],"yoast_head":"<!-- This site is optimized with the Yoast SEO plugin v27.4 - https:\/\/yoast.com\/product\/yoast-seo-wordpress\/ -->\n<title>El Ayuntamiento pone en marcha una encuesta ciudadana sobre el casco antiguo de Mont-roig - Ajuntament de Mont-roig del Camp<\/title>\n<meta name=\"robots\" content=\"index, follow, max-snippet:-1, max-image-preview:large, max-video-preview:-1\" \/>\n<link rel=\"canonical\" href=\"https:\/\/mont-roig.cat\/es\/actualitat\/noticies\/el-ayuntamiento-pone-en-marcha-una-encuesta-ciudadana-sobre-el-casco-antiguo-de-mont-roig\/\" \/>\n<meta property=\"og:locale\" content=\"es_ES\" \/>\n<meta property=\"og:type\" content=\"article\" \/>\n<meta property=\"og:title\" content=\"El Ayuntamiento pone en marcha una encuesta ciudadana sobre el casco antiguo de Mont-roig - Ajuntament de Mont-roig del Camp\" \/>\n<meta property=\"og:description\" content=\"Las aportaciones de los vecinos y vecinas se pueden realizar presencialmente en la biblioteca Joan Mir\u00f3 y en el Casal del jubilado o a trav\u00e9s de internet El Ayuntamiento de Mont-roig del Camp se encuentra en estos momentos definiendo el futuro plan de transformaci\u00f3n urbana y revitalizaci\u00f3n del casco hist\u00f3rico de Mont-roig a trav\u00e9s de [&hellip;]\" \/>\n<meta property=\"og:url\" content=\"https:\/\/mont-roig.cat\/es\/actualitat\/noticies\/el-ayuntamiento-pone-en-marcha-una-encuesta-ciudadana-sobre-el-casco-antiguo-de-mont-roig\/\" \/>\n<meta property=\"og:site_name\" content=\"Ajuntament de Mont-roig del Camp\" \/>\n<meta property=\"article:published_time\" content=\"2022-12-02T16:00:33+00:00\" \/>\n<meta property=\"article:modified_time\" content=\"2022-12-02T16:07:38+00:00\" \/>\n<meta property=\"og:image\" content=\"https:\/\/mont-roig.cat\/wp-content\/uploads\/mm_enquesta_baixa_ok_.png\" \/>\n\t<meta property=\"og:image:width\" content=\"1754\" \/>\n\t<meta property=\"og:image:height\" content=\"2481\" \/>\n\t<meta property=\"og:image:type\" content=\"image\/png\" \/>\n<meta name=\"author\" content=\"comunicacio\" \/>\n<meta name=\"twitter:card\" content=\"summary_large_image\" \/>\n<meta name=\"twitter:label1\" content=\"Escrito por\" \/>\n\t<meta name=\"twitter:data1\" content=\"comunicacio\" \/>\n\t<meta name=\"twitter:label2\" content=\"Tiempo de lectura\" \/>\n\t<meta name=\"twitter:data2\" content=\"2 minutos\" \/>\n<script type=\"application\/ld+json\" class=\"yoast-schema-graph\">{\"@context\":\"https:\\\/\\\/schema.org\",\"@graph\":[{\"@type\":\"Article\",\"@id\":\"https:\\\/\\\/mont-roig.cat\\\/es\\\/actualitat\\\/noticies\\\/el-ayuntamiento-pone-en-marcha-una-encuesta-ciudadana-sobre-el-casco-antiguo-de-mont-roig\\\/#article\",\"isPartOf\":{\"@id\":\"https:\\\/\\\/mont-roig.cat\\\/es\\\/actualitat\\\/noticies\\\/el-ayuntamiento-pone-en-marcha-una-encuesta-ciudadana-sobre-el-casco-antiguo-de-mont-roig\\\/\"},\"author\":{\"name\":\"comunicacio\",\"@id\":\"https:\\\/\\\/mont-roig.cat\\\/es\\\/#\\\/schema\\\/person\\\/1f73e7b5e6f9dd122e8a6f14f310ac5e\"},\"headline\":\"El Ayuntamiento pone en marcha una encuesta ciudadana sobre el casco antiguo de Mont-roig\",\"datePublished\":\"2022-12-02T16:00:33+00:00\",\"dateModified\":\"2022-12-02T16:07:38+00:00\",\"mainEntityOfPage\":{\"@id\":\"https:\\\/\\\/mont-roig.cat\\\/es\\\/actualitat\\\/noticies\\\/el-ayuntamiento-pone-en-marcha-una-encuesta-ciudadana-sobre-el-casco-antiguo-de-mont-roig\\\/\"},\"wordCount\":200,\"image\":{\"@id\":\"https:\\\/\\\/mont-roig.cat\\\/es\\\/actualitat\\\/noticies\\\/el-ayuntamiento-pone-en-marcha-una-encuesta-ciudadana-sobre-el-casco-antiguo-de-mont-roig\\\/#primaryimage\"},\"thumbnailUrl\":\"https:\\\/\\\/mont-roig.cat\\\/wp-content\\\/uploads\\\/mm_enquesta_baixa_ok_.png\",\"articleSection\":[\"Ayuntamiento\",\"Participaci\u00f3 Ciutadana\",\"Urbanismo y obras\"],\"inLanguage\":\"es\"},{\"@type\":\"WebPage\",\"@id\":\"https:\\\/\\\/mont-roig.cat\\\/es\\\/actualitat\\\/noticies\\\/el-ayuntamiento-pone-en-marcha-una-encuesta-ciudadana-sobre-el-casco-antiguo-de-mont-roig\\\/\",\"url\":\"https:\\\/\\\/mont-roig.cat\\\/es\\\/actualitat\\\/noticies\\\/el-ayuntamiento-pone-en-marcha-una-encuesta-ciudadana-sobre-el-casco-antiguo-de-mont-roig\\\/\",\"name\":\"El Ayuntamiento pone en marcha una encuesta ciudadana sobre el casco antiguo de Mont-roig - Ajuntament de Mont-roig del Camp\",\"isPartOf\":{\"@id\":\"https:\\\/\\\/mont-roig.cat\\\/es\\\/#website\"},\"primaryImageOfPage\":{\"@id\":\"https:\\\/\\\/mont-roig.cat\\\/es\\\/actualitat\\\/noticies\\\/el-ayuntamiento-pone-en-marcha-una-encuesta-ciudadana-sobre-el-casco-antiguo-de-mont-roig\\\/#primaryimage\"},\"image\":{\"@id\":\"https:\\\/\\\/mont-roig.cat\\\/es\\\/actualitat\\\/noticies\\\/el-ayuntamiento-pone-en-marcha-una-encuesta-ciudadana-sobre-el-casco-antiguo-de-mont-roig\\\/#primaryimage\"},\"thumbnailUrl\":\"https:\\\/\\\/mont-roig.cat\\\/wp-content\\\/uploads\\\/mm_enquesta_baixa_ok_.png\",\"datePublished\":\"2022-12-02T16:00:33+00:00\",\"dateModified\":\"2022-12-02T16:07:38+00:00\",\"author\":{\"@id\":\"https:\\\/\\\/mont-roig.cat\\\/es\\\/#\\\/schema\\\/person\\\/1f73e7b5e6f9dd122e8a6f14f310ac5e\"},\"breadcrumb\":{\"@id\":\"https:\\\/\\\/mont-roig.cat\\\/es\\\/actualitat\\\/noticies\\\/el-ayuntamiento-pone-en-marcha-una-encuesta-ciudadana-sobre-el-casco-antiguo-de-mont-roig\\\/#breadcrumb\"},\"inLanguage\":\"es\",\"potentialAction\":[{\"@type\":\"ReadAction\",\"target\":[\"https:\\\/\\\/mont-roig.cat\\\/es\\\/actualitat\\\/noticies\\\/el-ayuntamiento-pone-en-marcha-una-encuesta-ciudadana-sobre-el-casco-antiguo-de-mont-roig\\\/\"]}]},{\"@type\":\"ImageObject\",\"inLanguage\":\"es\",\"@id\":\"https:\\\/\\\/mont-roig.cat\\\/es\\\/actualitat\\\/noticies\\\/el-ayuntamiento-pone-en-marcha-una-encuesta-ciudadana-sobre-el-casco-antiguo-de-mont-roig\\\/#primaryimage\",\"url\":\"https:\\\/\\\/mont-roig.cat\\\/wp-content\\\/uploads\\\/mm_enquesta_baixa_ok_.png\",\"contentUrl\":\"https:\\\/\\\/mont-roig.cat\\\/wp-content\\\/uploads\\\/mm_enquesta_baixa_ok_.png\",\"width\":1754,\"height\":2481},{\"@type\":\"BreadcrumbList\",\"@id\":\"https:\\\/\\\/mont-roig.cat\\\/es\\\/actualitat\\\/noticies\\\/el-ayuntamiento-pone-en-marcha-una-encuesta-ciudadana-sobre-el-casco-antiguo-de-mont-roig\\\/#breadcrumb\",\"itemListElement\":[{\"@type\":\"ListItem\",\"position\":1,\"name\":\"Inici\",\"item\":\"https:\\\/\\\/mont-roig.cat\\\/es\\\/pagina-de-inicio\\\/\"},{\"@type\":\"ListItem\",\"position\":2,\"name\":\"El Ayuntamiento pone en marcha una encuesta ciudadana sobre el casco antiguo de Mont-roig\"}]},{\"@type\":\"WebSite\",\"@id\":\"https:\\\/\\\/mont-roig.cat\\\/es\\\/#website\",\"url\":\"https:\\\/\\\/mont-roig.cat\\\/es\\\/\",\"name\":\"Ajuntament de Mont-roig del Camp\",\"description\":\"Tota la informaci\u00f3 sobre la instituci\u00f3, els seus \u00f2rgans de govern, actualitat, serveis i molt m\u00e9s.\",\"potentialAction\":[{\"@type\":\"SearchAction\",\"target\":{\"@type\":\"EntryPoint\",\"urlTemplate\":\"https:\\\/\\\/mont-roig.cat\\\/es\\\/?s={search_term_string}\"},\"query-input\":{\"@type\":\"PropertyValueSpecification\",\"valueRequired\":true,\"valueName\":\"search_term_string\"}}],\"inLanguage\":\"es\"},{\"@type\":\"Person\",\"@id\":\"https:\\\/\\\/mont-roig.cat\\\/es\\\/#\\\/schema\\\/person\\\/1f73e7b5e6f9dd122e8a6f14f310ac5e\",\"name\":\"comunicacio\",\"image\":{\"@type\":\"ImageObject\",\"inLanguage\":\"es\",\"@id\":\"https:\\\/\\\/secure.gravatar.com\\\/avatar\\\/98944333e7a877670a64f8d10f0cb680ab2c9ebc4efc43945ef004b52b5ad28c?s=96&d=mm&r=g\",\"url\":\"https:\\\/\\\/secure.gravatar.com\\\/avatar\\\/98944333e7a877670a64f8d10f0cb680ab2c9ebc4efc43945ef004b52b5ad28c?s=96&d=mm&r=g\",\"contentUrl\":\"https:\\\/\\\/secure.gravatar.com\\\/avatar\\\/98944333e7a877670a64f8d10f0cb680ab2c9ebc4efc43945ef004b52b5ad28c?s=96&d=mm&r=g\",\"caption\":\"comunicacio\"},\"url\":\"https:\\\/\\\/mont-roig.cat\\\/es\\\/actualitat\\\/noticies\\\/author\\\/comunicacio\\\/\"}]}<\/script>\n<!-- \/ Yoast SEO plugin. -->","yoast_head_json":{"title":"El Ayuntamiento pone en marcha una encuesta ciudadana sobre el casco antiguo de Mont-roig - Ajuntament de Mont-roig del Camp","robots":{"index":"index","follow":"follow","max-snippet":"max-snippet:-1","max-image-preview":"max-image-preview:large","max-video-preview":"max-video-preview:-1"},"canonical":"https:\/\/mont-roig.cat\/es\/actualitat\/noticies\/el-ayuntamiento-pone-en-marcha-una-encuesta-ciudadana-sobre-el-casco-antiguo-de-mont-roig\/","og_locale":"es_ES","og_type":"article","og_title":"El Ayuntamiento pone en marcha una encuesta ciudadana sobre el casco antiguo de Mont-roig - Ajuntament de Mont-roig del Camp","og_description":"Las aportaciones de los vecinos y vecinas se pueden realizar presencialmente en la biblioteca Joan Mir\u00f3 y en el Casal del jubilado o a trav\u00e9s de internet El Ayuntamiento de Mont-roig del Camp se encuentra en estos momentos definiendo el futuro plan de transformaci\u00f3n urbana y revitalizaci\u00f3n del casco hist\u00f3rico de Mont-roig a trav\u00e9s de [&hellip;]","og_url":"https:\/\/mont-roig.cat\/es\/actualitat\/noticies\/el-ayuntamiento-pone-en-marcha-una-encuesta-ciudadana-sobre-el-casco-antiguo-de-mont-roig\/","og_site_name":"Ajuntament de Mont-roig del Camp","article_published_time":"2022-12-02T16:00:33+00:00","article_modified_time":"2022-12-02T16:07:38+00:00","og_image":[{"width":1754,"height":2481,"url":"https:\/\/mont-roig.cat\/wp-content\/uploads\/mm_enquesta_baixa_ok_.png","type":"image\/png"}],"author":"comunicacio","twitter_card":"summary_large_image","twitter_misc":{"Escrito por":"comunicacio","Tiempo de lectura":"2 minutos"},"schema":{"@context":"https:\/\/schema.org","@graph":[{"@type":"Article","@id":"https:\/\/mont-roig.cat\/es\/actualitat\/noticies\/el-ayuntamiento-pone-en-marcha-una-encuesta-ciudadana-sobre-el-casco-antiguo-de-mont-roig\/#article","isPartOf":{"@id":"https:\/\/mont-roig.cat\/es\/actualitat\/noticies\/el-ayuntamiento-pone-en-marcha-una-encuesta-ciudadana-sobre-el-casco-antiguo-de-mont-roig\/"},"author":{"name":"comunicacio","@id":"https:\/\/mont-roig.cat\/es\/#\/schema\/person\/1f73e7b5e6f9dd122e8a6f14f310ac5e"},"headline":"El Ayuntamiento pone en marcha una encuesta ciudadana sobre el casco antiguo de Mont-roig","datePublished":"2022-12-02T16:00:33+00:00","dateModified":"2022-12-02T16:07:38+00:00","mainEntityOfPage":{"@id":"https:\/\/mont-roig.cat\/es\/actualitat\/noticies\/el-ayuntamiento-pone-en-marcha-una-encuesta-ciudadana-sobre-el-casco-antiguo-de-mont-roig\/"},"wordCount":200,"image":{"@id":"https:\/\/mont-roig.cat\/es\/actualitat\/noticies\/el-ayuntamiento-pone-en-marcha-una-encuesta-ciudadana-sobre-el-casco-antiguo-de-mont-roig\/#primaryimage"},"thumbnailUrl":"https:\/\/mont-roig.cat\/wp-content\/uploads\/mm_enquesta_baixa_ok_.png","articleSection":["Ayuntamiento","Participaci\u00f3 Ciutadana","Urbanismo y obras"],"inLanguage":"es"},{"@type":"WebPage","@id":"https:\/\/mont-roig.cat\/es\/actualitat\/noticies\/el-ayuntamiento-pone-en-marcha-una-encuesta-ciudadana-sobre-el-casco-antiguo-de-mont-roig\/","url":"https:\/\/mont-roig.cat\/es\/actualitat\/noticies\/el-ayuntamiento-pone-en-marcha-una-encuesta-ciudadana-sobre-el-casco-antiguo-de-mont-roig\/","name":"El Ayuntamiento pone en marcha una encuesta ciudadana sobre el casco antiguo de Mont-roig - Ajuntament de Mont-roig del Camp","isPartOf":{"@id":"https:\/\/mont-roig.cat\/es\/#website"},"primaryImageOfPage":{"@id":"https:\/\/mont-roig.cat\/es\/actualitat\/noticies\/el-ayuntamiento-pone-en-marcha-una-encuesta-ciudadana-sobre-el-casco-antiguo-de-mont-roig\/#primaryimage"},"image":{"@id":"https:\/\/mont-roig.cat\/es\/actualitat\/noticies\/el-ayuntamiento-pone-en-marcha-una-encuesta-ciudadana-sobre-el-casco-antiguo-de-mont-roig\/#primaryimage"},"thumbnailUrl":"https:\/\/mont-roig.cat\/wp-content\/uploads\/mm_enquesta_baixa_ok_.png","datePublished":"2022-12-02T16:00:33+00:00","dateModified":"2022-12-02T16:07:38+00:00","author":{"@id":"https:\/\/mont-roig.cat\/es\/#\/schema\/person\/1f73e7b5e6f9dd122e8a6f14f310ac5e"},"breadcrumb":{"@id":"https:\/\/mont-roig.cat\/es\/actualitat\/noticies\/el-ayuntamiento-pone-en-marcha-una-encuesta-ciudadana-sobre-el-casco-antiguo-de-mont-roig\/#breadcrumb"},"inLanguage":"es","potentialAction":[{"@type":"ReadAction","target":["https:\/\/mont-roig.cat\/es\/actualitat\/noticies\/el-ayuntamiento-pone-en-marcha-una-encuesta-ciudadana-sobre-el-casco-antiguo-de-mont-roig\/"]}]},{"@type":"ImageObject","inLanguage":"es","@id":"https:\/\/mont-roig.cat\/es\/actualitat\/noticies\/el-ayuntamiento-pone-en-marcha-una-encuesta-ciudadana-sobre-el-casco-antiguo-de-mont-roig\/#primaryimage","url":"https:\/\/mont-roig.cat\/wp-content\/uploads\/mm_enquesta_baixa_ok_.png","contentUrl":"https:\/\/mont-roig.cat\/wp-content\/uploads\/mm_enquesta_baixa_ok_.png","width":1754,"height":2481},{"@type":"BreadcrumbList","@id":"https:\/\/mont-roig.cat\/es\/actualitat\/noticies\/el-ayuntamiento-pone-en-marcha-una-encuesta-ciudadana-sobre-el-casco-antiguo-de-mont-roig\/#breadcrumb","itemListElement":[{"@type":"ListItem","position":1,"name":"Inici","item":"https:\/\/mont-roig.cat\/es\/pagina-de-inicio\/"},{"@type":"ListItem","position":2,"name":"El Ayuntamiento pone en marcha una encuesta ciudadana sobre el casco antiguo de Mont-roig"}]},{"@type":"WebSite","@id":"https:\/\/mont-roig.cat\/es\/#website","url":"https:\/\/mont-roig.cat\/es\/","name":"Ajuntament de Mont-roig del Camp","description":"Tota la informaci\u00f3 sobre la instituci\u00f3, els seus \u00f2rgans de govern, actualitat, serveis i molt m\u00e9s.","potentialAction":[{"@type":"SearchAction","target":{"@type":"EntryPoint","urlTemplate":"https:\/\/mont-roig.cat\/es\/?s={search_term_string}"},"query-input":{"@type":"PropertyValueSpecification","valueRequired":true,"valueName":"search_term_string"}}],"inLanguage":"es"},{"@type":"Person","@id":"https:\/\/mont-roig.cat\/es\/#\/schema\/person\/1f73e7b5e6f9dd122e8a6f14f310ac5e","name":"comunicacio","image":{"@type":"ImageObject","inLanguage":"es","@id":"https:\/\/secure.gravatar.com\/avatar\/98944333e7a877670a64f8d10f0cb680ab2c9ebc4efc43945ef004b52b5ad28c?s=96&d=mm&r=g","url":"https:\/\/secure.gravatar.com\/avatar\/98944333e7a877670a64f8d10f0cb680ab2c9ebc4efc43945ef004b52b5ad28c?s=96&d=mm&r=g","contentUrl":"https:\/\/secure.gravatar.com\/avatar\/98944333e7a877670a64f8d10f0cb680ab2c9ebc4efc43945ef004b52b5ad28c?s=96&d=mm&r=g","caption":"comunicacio"},"url":"https:\/\/mont-roig.cat\/es\/actualitat\/noticies\/author\/comunicacio\/"}]}},"_links":{"self":[{"href":"https:\/\/mont-roig.cat\/es\/wp-json\/wp\/v2\/posts\/66997","targetHints":{"allow":["GET"]}}],"collection":[{"href":"https:\/\/mont-roig.cat\/es\/wp-json\/wp\/v2\/posts"}],"about":[{"href":"https:\/\/mont-roig.cat\/es\/wp-json\/wp\/v2\/types\/post"}],"author":[{"embeddable":true,"href":"https:\/\/mont-roig.cat\/es\/wp-json\/wp\/v2\/users\/13"}],"replies":[{"embeddable":true,"href":"https:\/\/mont-roig.cat\/es\/wp-json\/wp\/v2\/comments?post=66997"}],"version-history":[{"count":2,"href":"https:\/\/mont-roig.cat\/es\/wp-json\/wp\/v2\/posts\/66997\/revisions"}],"predecessor-version":[{"id":66999,"href":"https:\/\/mont-roig.cat\/es\/wp-json\/wp\/v2\/posts\/66997\/revisions\/66999"}],"wp:featuredmedia":[{"embeddable":true,"href":"https:\/\/mont-roig.cat\/es\/wp-json\/wp\/v2\/media\/66994"}],"wp:attachment":[{"href":"https:\/\/mont-roig.cat\/es\/wp-json\/wp\/v2\/media?parent=66997"}],"wp:term":[{"taxonomy":"category","embeddable":true,"href":"https:\/\/mont-roig.cat\/es\/wp-json\/wp\/v2\/categories?post=66997"},{"taxonomy":"post_tag","embeddable":true,"href":"https:\/\/mont-roig.cat\/es\/wp-json\/wp\/v2\/tags?post=66997"}],"curies":[{"name":"wp","href":"https:\/\/api.w.org\/{rel}","templated":true}]}}