{"id":67006,"date":"2022-12-05T14:31:21","date_gmt":"2022-12-05T13:31:21","guid":{"rendered":"https:\/\/mont-roig.cat\/actualitat\/noticies\/ambient-festiu-i-familiar-en-les-enceses-dels-arbres-de-nadal-de-mont-roig-i-de-miami-platja\/"},"modified":"2022-12-05T15:01:51","modified_gmt":"2022-12-05T14:01:51","slug":"ambiente-festivo-y-familiar-en-el-alumbrado-de-los-arboles-de-navidad-de-mont-roig-y-de-miami-platja","status":"publish","type":"post","link":"https:\/\/mont-roig.cat\/es\/actualitat\/noticies\/ambiente-festivo-y-familiar-en-el-alumbrado-de-los-arboles-de-navidad-de-mont-roig-y-de-miami-platja\/","title":{"rendered":"Ambiente festivo y familiar en el alumbrado de los \u00e1rboles de Navidad de Mont-roig y de Miami Platja"},"content":{"rendered":"<div id=\"attachment_67002\" style=\"width: 313px\" class=\"wp-caption alignright\"><a href=\"https:\/\/mont-roig.cat\/wp-content\/uploads\/encesa.jpg\" target=\"_blank\" rel=\"noopener\"><img loading=\"lazy\" decoding=\"async\" aria-describedby=\"caption-attachment-67002\" class=\"wp-image-67002\" src=\"https:\/\/mont-roig.cat\/wp-content\/uploads\/encesa-500x375.jpg\" alt=\"\" width=\"303\" height=\"227\" srcset=\"https:\/\/mont-roig.cat\/wp-content\/uploads\/encesa-500x375.jpg 500w, https:\/\/mont-roig.cat\/wp-content\/uploads\/encesa-768x576.jpg 768w, https:\/\/mont-roig.cat\/wp-content\/uploads\/encesa-463x348.jpg 463w, https:\/\/mont-roig.cat\/wp-content\/uploads\/encesa.jpg 800w\" sizes=\"auto, (max-width: 303px) 100vw, 303px\" \/><\/a><p id=\"caption-attachment-67002\" class=\"wp-caption-text\">Acto de alumbrado del \u00e1rbol de Navidad en Mont-roig.<\/p><\/div>\n<ul>\n<li><strong>Cientos de vecinos y vecinas se citaron en el acto oficial de inauguraci\u00f3n de las Fiestas de Navidad que tambi\u00e9n sirvi\u00f3 para encender la iluminaci\u00f3n de las calles y plazas<\/strong><\/li>\n<\/ul>\n<p>Cientos de vecinos y vecinas de Mont-roig y Miami Platja se reunieron este fin de semana, viernes y s\u00e1bado, para participar en los tradicionales alumbrados del \u00e1rbol de Navidad y de la iluminaci\u00f3n navide\u00f1a de las calles y plazas que da el salvo salida a estas fiestas.<\/p>\n<p>La tarde del viernes, Mont-roig, la plaza Miramar se llen\u00f3 de gente de todas las edades para dar la bienvenida a la Navidad. El acto de encendido del \u00e1rbol cont\u00f3 con la participaci\u00f3n de los ni\u00f1os y ni\u00f1as de la Escuela de M\u00fasica Municipal de Mont-roig del Camp, que interpretaron un arepertorio de villancicos, y la actuaci\u00f3n del Duet Yas. Durante los parlamentos, el alcalde Fran Morancho y la concejala de Fiestas, Francis Ortiz invitaron a todos a disfrutar de estas fiestas y a participar en las m\u00e1s de 50 actividades programadas.<\/p>\n<p>Por su parte, Miami Platja dio la bienvenida a la Navidad el s\u00e1bado con el encendido del \u00e1rbol de la plaza de Tarragona. Este espacio se llen\u00f3 de vecinos y vecinas para disfrutar en directo del momento y disfrutar de las actuaciones del Club R\u00edtmica Miami Platja y el cantante Rodrigo Blanco. El alcalde Fran Morancho y la concejala de Impulso Econ\u00f3mico Yolanda P\u00e9rez, invitaron a todos a disfrutar de estos d\u00edas tan especiales. La propuesta estuvo acompa\u00f1ada del Mercado de Navidad, con tenderetes con todo tipo de productos navide\u00f1os y de artesan\u00eda, que se prolong\u00f3 hasta el domingo por la noche.<\/p>\n<p><a href=\"https:\/\/www.flickr.com\/photos\/ajmont-roig\/albums\/72177720304231868\" target=\"_blank\" rel=\"noopener\">Enllace en flickr con una galer\u00eda de las mejores fotos del alumbrado.<\/a><\/p>\n<p>&nbsp;<\/p>\n","protected":false},"excerpt":{"rendered":"<p>Cientos de vecinos y vecinas se citaron en el acto oficial de inauguraci\u00f3n de las Fiestas de Navidad que tambi\u00e9n sirvi\u00f3 para encender la iluminaci\u00f3n de las calles y plazas Cientos de vecinos y vecinas de Mont-roig y Miami Platja se reunieron este fin de semana, viernes y s\u00e1bado, para participar en los tradicionales alumbrados [&hellip;]<\/p>\n","protected":false},"author":13,"featured_media":67003,"comment_status":"closed","ping_status":"closed","sticky":false,"template":"","format":"standard","meta":{"inline_featured_image":false,"_monsterinsights_skip_tracking":false,"_monsterinsights_sitenote_active":false,"_monsterinsights_sitenote_note":"","_monsterinsights_sitenote_category":0,"footnotes":""},"categories":[98,105,169],"tags":[],"class_list":["post-67006","post","type-post","status-publish","format-standard","has-post-thumbnail","hentry","category-ayuntamiento","category-fiestas","category-impuls-economic-i-ocupacio-es"],"yoast_head":"<!-- This site is optimized with the Yoast SEO plugin v27.4 - https:\/\/yoast.com\/product\/yoast-seo-wordpress\/ -->\n<title>Ambiente festivo y familiar en el alumbrado de los \u00e1rboles de Navidad de Mont-roig y de Miami Platja - Ajuntament de Mont-roig del Camp<\/title>\n<meta name=\"robots\" content=\"index, follow, max-snippet:-1, max-image-preview:large, max-video-preview:-1\" \/>\n<link rel=\"canonical\" href=\"https:\/\/mont-roig.cat\/es\/actualitat\/noticies\/ambiente-festivo-y-familiar-en-el-alumbrado-de-los-arboles-de-navidad-de-mont-roig-y-de-miami-platja\/\" \/>\n<meta property=\"og:locale\" content=\"es_ES\" \/>\n<meta property=\"og:type\" content=\"article\" \/>\n<meta property=\"og:title\" content=\"Ambiente festivo y familiar en el alumbrado de los \u00e1rboles de Navidad de Mont-roig y de Miami Platja - Ajuntament de Mont-roig del Camp\" \/>\n<meta property=\"og:description\" content=\"Cientos de vecinos y vecinas se citaron en el acto oficial de inauguraci\u00f3n de las Fiestas de Navidad que tambi\u00e9n sirvi\u00f3 para encender la iluminaci\u00f3n de las calles y plazas Cientos de vecinos y vecinas de Mont-roig y Miami Platja se reunieron este fin de semana, viernes y s\u00e1bado, para participar en los tradicionales alumbrados [&hellip;]\" \/>\n<meta property=\"og:url\" content=\"https:\/\/mont-roig.cat\/es\/actualitat\/noticies\/ambiente-festivo-y-familiar-en-el-alumbrado-de-los-arboles-de-navidad-de-mont-roig-y-de-miami-platja\/\" \/>\n<meta property=\"og:site_name\" content=\"Ajuntament de Mont-roig del Camp\" \/>\n<meta property=\"article:published_time\" content=\"2022-12-05T13:31:21+00:00\" \/>\n<meta property=\"article:modified_time\" content=\"2022-12-05T14:01:51+00:00\" \/>\n<meta property=\"og:image\" content=\"https:\/\/mont-roig.cat\/wp-content\/uploads\/encesa.jpg\" \/>\n\t<meta property=\"og:image:width\" content=\"800\" \/>\n\t<meta property=\"og:image:height\" content=\"600\" \/>\n\t<meta property=\"og:image:type\" content=\"image\/jpeg\" \/>\n<meta name=\"author\" content=\"comunicacio\" \/>\n<meta name=\"twitter:card\" content=\"summary_large_image\" \/>\n<meta name=\"twitter:label1\" content=\"Escrito por\" \/>\n\t<meta name=\"twitter:data1\" content=\"comunicacio\" \/>\n\t<meta name=\"twitter:label2\" content=\"Tiempo de lectura\" \/>\n\t<meta name=\"twitter:data2\" content=\"2 minutos\" \/>\n<script type=\"application\/ld+json\" class=\"yoast-schema-graph\">{\"@context\":\"https:\\\/\\\/schema.org\",\"@graph\":[{\"@type\":\"Article\",\"@id\":\"https:\\\/\\\/mont-roig.cat\\\/es\\\/actualitat\\\/noticies\\\/ambiente-festivo-y-familiar-en-el-alumbrado-de-los-arboles-de-navidad-de-mont-roig-y-de-miami-platja\\\/#article\",\"isPartOf\":{\"@id\":\"https:\\\/\\\/mont-roig.cat\\\/es\\\/actualitat\\\/noticies\\\/ambiente-festivo-y-familiar-en-el-alumbrado-de-los-arboles-de-navidad-de-mont-roig-y-de-miami-platja\\\/\"},\"author\":{\"name\":\"comunicacio\",\"@id\":\"https:\\\/\\\/mont-roig.cat\\\/es\\\/#\\\/schema\\\/person\\\/1f73e7b5e6f9dd122e8a6f14f310ac5e\"},\"headline\":\"Ambiente festivo y familiar en el alumbrado de los \u00e1rboles de Navidad de Mont-roig y de Miami Platja\",\"datePublished\":\"2022-12-05T13:31:21+00:00\",\"dateModified\":\"2022-12-05T14:01:51+00:00\",\"mainEntityOfPage\":{\"@id\":\"https:\\\/\\\/mont-roig.cat\\\/es\\\/actualitat\\\/noticies\\\/ambiente-festivo-y-familiar-en-el-alumbrado-de-los-arboles-de-navidad-de-mont-roig-y-de-miami-platja\\\/\"},\"wordCount\":338,\"image\":{\"@id\":\"https:\\\/\\\/mont-roig.cat\\\/es\\\/actualitat\\\/noticies\\\/ambiente-festivo-y-familiar-en-el-alumbrado-de-los-arboles-de-navidad-de-mont-roig-y-de-miami-platja\\\/#primaryimage\"},\"thumbnailUrl\":\"https:\\\/\\\/mont-roig.cat\\\/wp-content\\\/uploads\\\/encesa.jpg\",\"articleSection\":[\"Ayuntamiento\",\"Festes\",\"Impuls Econ\u00f2mic i Ocupaci\u00f3\"],\"inLanguage\":\"es\"},{\"@type\":\"WebPage\",\"@id\":\"https:\\\/\\\/mont-roig.cat\\\/es\\\/actualitat\\\/noticies\\\/ambiente-festivo-y-familiar-en-el-alumbrado-de-los-arboles-de-navidad-de-mont-roig-y-de-miami-platja\\\/\",\"url\":\"https:\\\/\\\/mont-roig.cat\\\/es\\\/actualitat\\\/noticies\\\/ambiente-festivo-y-familiar-en-el-alumbrado-de-los-arboles-de-navidad-de-mont-roig-y-de-miami-platja\\\/\",\"name\":\"Ambiente festivo y familiar en el alumbrado de los \u00e1rboles de Navidad de Mont-roig y de Miami Platja - Ajuntament de Mont-roig del Camp\",\"isPartOf\":{\"@id\":\"https:\\\/\\\/mont-roig.cat\\\/es\\\/#website\"},\"primaryImageOfPage\":{\"@id\":\"https:\\\/\\\/mont-roig.cat\\\/es\\\/actualitat\\\/noticies\\\/ambiente-festivo-y-familiar-en-el-alumbrado-de-los-arboles-de-navidad-de-mont-roig-y-de-miami-platja\\\/#primaryimage\"},\"image\":{\"@id\":\"https:\\\/\\\/mont-roig.cat\\\/es\\\/actualitat\\\/noticies\\\/ambiente-festivo-y-familiar-en-el-alumbrado-de-los-arboles-de-navidad-de-mont-roig-y-de-miami-platja\\\/#primaryimage\"},\"thumbnailUrl\":\"https:\\\/\\\/mont-roig.cat\\\/wp-content\\\/uploads\\\/encesa.jpg\",\"datePublished\":\"2022-12-05T13:31:21+00:00\",\"dateModified\":\"2022-12-05T14:01:51+00:00\",\"author\":{\"@id\":\"https:\\\/\\\/mont-roig.cat\\\/es\\\/#\\\/schema\\\/person\\\/1f73e7b5e6f9dd122e8a6f14f310ac5e\"},\"breadcrumb\":{\"@id\":\"https:\\\/\\\/mont-roig.cat\\\/es\\\/actualitat\\\/noticies\\\/ambiente-festivo-y-familiar-en-el-alumbrado-de-los-arboles-de-navidad-de-mont-roig-y-de-miami-platja\\\/#breadcrumb\"},\"inLanguage\":\"es\",\"potentialAction\":[{\"@type\":\"ReadAction\",\"target\":[\"https:\\\/\\\/mont-roig.cat\\\/es\\\/actualitat\\\/noticies\\\/ambiente-festivo-y-familiar-en-el-alumbrado-de-los-arboles-de-navidad-de-mont-roig-y-de-miami-platja\\\/\"]}]},{\"@type\":\"ImageObject\",\"inLanguage\":\"es\",\"@id\":\"https:\\\/\\\/mont-roig.cat\\\/es\\\/actualitat\\\/noticies\\\/ambiente-festivo-y-familiar-en-el-alumbrado-de-los-arboles-de-navidad-de-mont-roig-y-de-miami-platja\\\/#primaryimage\",\"url\":\"https:\\\/\\\/mont-roig.cat\\\/wp-content\\\/uploads\\\/encesa.jpg\",\"contentUrl\":\"https:\\\/\\\/mont-roig.cat\\\/wp-content\\\/uploads\\\/encesa.jpg\",\"width\":800,\"height\":600},{\"@type\":\"BreadcrumbList\",\"@id\":\"https:\\\/\\\/mont-roig.cat\\\/es\\\/actualitat\\\/noticies\\\/ambiente-festivo-y-familiar-en-el-alumbrado-de-los-arboles-de-navidad-de-mont-roig-y-de-miami-platja\\\/#breadcrumb\",\"itemListElement\":[{\"@type\":\"ListItem\",\"position\":1,\"name\":\"Inici\",\"item\":\"https:\\\/\\\/mont-roig.cat\\\/es\\\/pagina-de-inicio\\\/\"},{\"@type\":\"ListItem\",\"position\":2,\"name\":\"Ambiente festivo y familiar en el alumbrado de los \u00e1rboles de Navidad de Mont-roig y de Miami Platja\"}]},{\"@type\":\"WebSite\",\"@id\":\"https:\\\/\\\/mont-roig.cat\\\/es\\\/#website\",\"url\":\"https:\\\/\\\/mont-roig.cat\\\/es\\\/\",\"name\":\"Ajuntament de Mont-roig del Camp\",\"description\":\"Tota la informaci\u00f3 sobre la instituci\u00f3, els seus \u00f2rgans de govern, actualitat, serveis i molt m\u00e9s.\",\"potentialAction\":[{\"@type\":\"SearchAction\",\"target\":{\"@type\":\"EntryPoint\",\"urlTemplate\":\"https:\\\/\\\/mont-roig.cat\\\/es\\\/?s={search_term_string}\"},\"query-input\":{\"@type\":\"PropertyValueSpecification\",\"valueRequired\":true,\"valueName\":\"search_term_string\"}}],\"inLanguage\":\"es\"},{\"@type\":\"Person\",\"@id\":\"https:\\\/\\\/mont-roig.cat\\\/es\\\/#\\\/schema\\\/person\\\/1f73e7b5e6f9dd122e8a6f14f310ac5e\",\"name\":\"comunicacio\",\"image\":{\"@type\":\"ImageObject\",\"inLanguage\":\"es\",\"@id\":\"https:\\\/\\\/secure.gravatar.com\\\/avatar\\\/98944333e7a877670a64f8d10f0cb680ab2c9ebc4efc43945ef004b52b5ad28c?s=96&d=mm&r=g\",\"url\":\"https:\\\/\\\/secure.gravatar.com\\\/avatar\\\/98944333e7a877670a64f8d10f0cb680ab2c9ebc4efc43945ef004b52b5ad28c?s=96&d=mm&r=g\",\"contentUrl\":\"https:\\\/\\\/secure.gravatar.com\\\/avatar\\\/98944333e7a877670a64f8d10f0cb680ab2c9ebc4efc43945ef004b52b5ad28c?s=96&d=mm&r=g\",\"caption\":\"comunicacio\"},\"url\":\"https:\\\/\\\/mont-roig.cat\\\/es\\\/actualitat\\\/noticies\\\/author\\\/comunicacio\\\/\"}]}<\/script>\n<!-- \/ Yoast SEO plugin. -->","yoast_head_json":{"title":"Ambiente festivo y familiar en el alumbrado de los \u00e1rboles de Navidad de Mont-roig y de Miami Platja - Ajuntament de Mont-roig del Camp","robots":{"index":"index","follow":"follow","max-snippet":"max-snippet:-1","max-image-preview":"max-image-preview:large","max-video-preview":"max-video-preview:-1"},"canonical":"https:\/\/mont-roig.cat\/es\/actualitat\/noticies\/ambiente-festivo-y-familiar-en-el-alumbrado-de-los-arboles-de-navidad-de-mont-roig-y-de-miami-platja\/","og_locale":"es_ES","og_type":"article","og_title":"Ambiente festivo y familiar en el alumbrado de los \u00e1rboles de Navidad de Mont-roig y de Miami Platja - Ajuntament de Mont-roig del Camp","og_description":"Cientos de vecinos y vecinas se citaron en el acto oficial de inauguraci\u00f3n de las Fiestas de Navidad que tambi\u00e9n sirvi\u00f3 para encender la iluminaci\u00f3n de las calles y plazas Cientos de vecinos y vecinas de Mont-roig y Miami Platja se reunieron este fin de semana, viernes y s\u00e1bado, para participar en los tradicionales alumbrados [&hellip;]","og_url":"https:\/\/mont-roig.cat\/es\/actualitat\/noticies\/ambiente-festivo-y-familiar-en-el-alumbrado-de-los-arboles-de-navidad-de-mont-roig-y-de-miami-platja\/","og_site_name":"Ajuntament de Mont-roig del Camp","article_published_time":"2022-12-05T13:31:21+00:00","article_modified_time":"2022-12-05T14:01:51+00:00","og_image":[{"width":800,"height":600,"url":"https:\/\/mont-roig.cat\/wp-content\/uploads\/encesa.jpg","type":"image\/jpeg"}],"author":"comunicacio","twitter_card":"summary_large_image","twitter_misc":{"Escrito por":"comunicacio","Tiempo de lectura":"2 minutos"},"schema":{"@context":"https:\/\/schema.org","@graph":[{"@type":"Article","@id":"https:\/\/mont-roig.cat\/es\/actualitat\/noticies\/ambiente-festivo-y-familiar-en-el-alumbrado-de-los-arboles-de-navidad-de-mont-roig-y-de-miami-platja\/#article","isPartOf":{"@id":"https:\/\/mont-roig.cat\/es\/actualitat\/noticies\/ambiente-festivo-y-familiar-en-el-alumbrado-de-los-arboles-de-navidad-de-mont-roig-y-de-miami-platja\/"},"author":{"name":"comunicacio","@id":"https:\/\/mont-roig.cat\/es\/#\/schema\/person\/1f73e7b5e6f9dd122e8a6f14f310ac5e"},"headline":"Ambiente festivo y familiar en el alumbrado de los \u00e1rboles de Navidad de Mont-roig y de Miami Platja","datePublished":"2022-12-05T13:31:21+00:00","dateModified":"2022-12-05T14:01:51+00:00","mainEntityOfPage":{"@id":"https:\/\/mont-roig.cat\/es\/actualitat\/noticies\/ambiente-festivo-y-familiar-en-el-alumbrado-de-los-arboles-de-navidad-de-mont-roig-y-de-miami-platja\/"},"wordCount":338,"image":{"@id":"https:\/\/mont-roig.cat\/es\/actualitat\/noticies\/ambiente-festivo-y-familiar-en-el-alumbrado-de-los-arboles-de-navidad-de-mont-roig-y-de-miami-platja\/#primaryimage"},"thumbnailUrl":"https:\/\/mont-roig.cat\/wp-content\/uploads\/encesa.jpg","articleSection":["Ayuntamiento","Festes","Impuls Econ\u00f2mic i Ocupaci\u00f3"],"inLanguage":"es"},{"@type":"WebPage","@id":"https:\/\/mont-roig.cat\/es\/actualitat\/noticies\/ambiente-festivo-y-familiar-en-el-alumbrado-de-los-arboles-de-navidad-de-mont-roig-y-de-miami-platja\/","url":"https:\/\/mont-roig.cat\/es\/actualitat\/noticies\/ambiente-festivo-y-familiar-en-el-alumbrado-de-los-arboles-de-navidad-de-mont-roig-y-de-miami-platja\/","name":"Ambiente festivo y familiar en el alumbrado de los \u00e1rboles de Navidad de Mont-roig y de Miami Platja - Ajuntament de Mont-roig del Camp","isPartOf":{"@id":"https:\/\/mont-roig.cat\/es\/#website"},"primaryImageOfPage":{"@id":"https:\/\/mont-roig.cat\/es\/actualitat\/noticies\/ambiente-festivo-y-familiar-en-el-alumbrado-de-los-arboles-de-navidad-de-mont-roig-y-de-miami-platja\/#primaryimage"},"image":{"@id":"https:\/\/mont-roig.cat\/es\/actualitat\/noticies\/ambiente-festivo-y-familiar-en-el-alumbrado-de-los-arboles-de-navidad-de-mont-roig-y-de-miami-platja\/#primaryimage"},"thumbnailUrl":"https:\/\/mont-roig.cat\/wp-content\/uploads\/encesa.jpg","datePublished":"2022-12-05T13:31:21+00:00","dateModified":"2022-12-05T14:01:51+00:00","author":{"@id":"https:\/\/mont-roig.cat\/es\/#\/schema\/person\/1f73e7b5e6f9dd122e8a6f14f310ac5e"},"breadcrumb":{"@id":"https:\/\/mont-roig.cat\/es\/actualitat\/noticies\/ambiente-festivo-y-familiar-en-el-alumbrado-de-los-arboles-de-navidad-de-mont-roig-y-de-miami-platja\/#breadcrumb"},"inLanguage":"es","potentialAction":[{"@type":"ReadAction","target":["https:\/\/mont-roig.cat\/es\/actualitat\/noticies\/ambiente-festivo-y-familiar-en-el-alumbrado-de-los-arboles-de-navidad-de-mont-roig-y-de-miami-platja\/"]}]},{"@type":"ImageObject","inLanguage":"es","@id":"https:\/\/mont-roig.cat\/es\/actualitat\/noticies\/ambiente-festivo-y-familiar-en-el-alumbrado-de-los-arboles-de-navidad-de-mont-roig-y-de-miami-platja\/#primaryimage","url":"https:\/\/mont-roig.cat\/wp-content\/uploads\/encesa.jpg","contentUrl":"https:\/\/mont-roig.cat\/wp-content\/uploads\/encesa.jpg","width":800,"height":600},{"@type":"BreadcrumbList","@id":"https:\/\/mont-roig.cat\/es\/actualitat\/noticies\/ambiente-festivo-y-familiar-en-el-alumbrado-de-los-arboles-de-navidad-de-mont-roig-y-de-miami-platja\/#breadcrumb","itemListElement":[{"@type":"ListItem","position":1,"name":"Inici","item":"https:\/\/mont-roig.cat\/es\/pagina-de-inicio\/"},{"@type":"ListItem","position":2,"name":"Ambiente festivo y familiar en el alumbrado de los \u00e1rboles de Navidad de Mont-roig y de Miami Platja"}]},{"@type":"WebSite","@id":"https:\/\/mont-roig.cat\/es\/#website","url":"https:\/\/mont-roig.cat\/es\/","name":"Ajuntament de Mont-roig del Camp","description":"Tota la informaci\u00f3 sobre la instituci\u00f3, els seus \u00f2rgans de govern, actualitat, serveis i molt m\u00e9s.","potentialAction":[{"@type":"SearchAction","target":{"@type":"EntryPoint","urlTemplate":"https:\/\/mont-roig.cat\/es\/?s={search_term_string}"},"query-input":{"@type":"PropertyValueSpecification","valueRequired":true,"valueName":"search_term_string"}}],"inLanguage":"es"},{"@type":"Person","@id":"https:\/\/mont-roig.cat\/es\/#\/schema\/person\/1f73e7b5e6f9dd122e8a6f14f310ac5e","name":"comunicacio","image":{"@type":"ImageObject","inLanguage":"es","@id":"https:\/\/secure.gravatar.com\/avatar\/98944333e7a877670a64f8d10f0cb680ab2c9ebc4efc43945ef004b52b5ad28c?s=96&d=mm&r=g","url":"https:\/\/secure.gravatar.com\/avatar\/98944333e7a877670a64f8d10f0cb680ab2c9ebc4efc43945ef004b52b5ad28c?s=96&d=mm&r=g","contentUrl":"https:\/\/secure.gravatar.com\/avatar\/98944333e7a877670a64f8d10f0cb680ab2c9ebc4efc43945ef004b52b5ad28c?s=96&d=mm&r=g","caption":"comunicacio"},"url":"https:\/\/mont-roig.cat\/es\/actualitat\/noticies\/author\/comunicacio\/"}]}},"_links":{"self":[{"href":"https:\/\/mont-roig.cat\/es\/wp-json\/wp\/v2\/posts\/67006","targetHints":{"allow":["GET"]}}],"collection":[{"href":"https:\/\/mont-roig.cat\/es\/wp-json\/wp\/v2\/posts"}],"about":[{"href":"https:\/\/mont-roig.cat\/es\/wp-json\/wp\/v2\/types\/post"}],"author":[{"embeddable":true,"href":"https:\/\/mont-roig.cat\/es\/wp-json\/wp\/v2\/users\/13"}],"replies":[{"embeddable":true,"href":"https:\/\/mont-roig.cat\/es\/wp-json\/wp\/v2\/comments?post=67006"}],"version-history":[{"count":3,"href":"https:\/\/mont-roig.cat\/es\/wp-json\/wp\/v2\/posts\/67006\/revisions"}],"predecessor-version":[{"id":67009,"href":"https:\/\/mont-roig.cat\/es\/wp-json\/wp\/v2\/posts\/67006\/revisions\/67009"}],"wp:featuredmedia":[{"embeddable":true,"href":"https:\/\/mont-roig.cat\/es\/wp-json\/wp\/v2\/media\/67003"}],"wp:attachment":[{"href":"https:\/\/mont-roig.cat\/es\/wp-json\/wp\/v2\/media?parent=67006"}],"wp:term":[{"taxonomy":"category","embeddable":true,"href":"https:\/\/mont-roig.cat\/es\/wp-json\/wp\/v2\/categories?post=67006"},{"taxonomy":"post_tag","embeddable":true,"href":"https:\/\/mont-roig.cat\/es\/wp-json\/wp\/v2\/tags?post=67006"}],"curies":[{"name":"wp","href":"https:\/\/api.w.org\/{rel}","templated":true}]}}