{"id":67080,"date":"2022-12-12T14:55:55","date_gmt":"2022-12-12T13:55:55","guid":{"rendered":"https:\/\/mont-roig.cat\/actualitat\/noticies\/lajuntament-de-mont-roig-del-camp-posa-en-marxa-els-primers-pressupostos-participatius\/"},"modified":"2022-12-12T15:13:51","modified_gmt":"2022-12-12T14:13:51","slug":"el-ayuntamiento-de-mont-roig-del-camp-pone-en-marcha-los-primeros-presupuestos-participativos","status":"publish","type":"post","link":"https:\/\/mont-roig.cat\/es\/actualitat\/noticies\/el-ayuntamiento-de-mont-roig-del-camp-pone-en-marcha-los-primeros-presupuestos-participativos\/","title":{"rendered":"El Ayuntamiento de Mont-roig del Camp pone en marcha los primeros presupuestos participativos"},"content":{"rendered":"<div id=\"attachment_67070\" style=\"width: 262px\" class=\"wp-caption alignright\"><a href=\"https:\/\/mont-roig.cat\/wp-content\/uploads\/mm_pressupostos_cartellA3-2.png\" target=\"_blank\" rel=\"noopener\"><img loading=\"lazy\" decoding=\"async\" aria-describedby=\"caption-attachment-67070\" class=\"wp-image-67070\" src=\"https:\/\/mont-roig.cat\/wp-content\/uploads\/mm_pressupostos_cartellA3-2-353x500.png\" alt=\"\" width=\"252\" height=\"357\" srcset=\"https:\/\/mont-roig.cat\/wp-content\/uploads\/mm_pressupostos_cartellA3-2-353x500.png 353w, https:\/\/mont-roig.cat\/wp-content\/uploads\/mm_pressupostos_cartellA3-2-724x1024.png 724w, https:\/\/mont-roig.cat\/wp-content\/uploads\/mm_pressupostos_cartellA3-2-768x1086.png 768w, https:\/\/mont-roig.cat\/wp-content\/uploads\/mm_pressupostos_cartellA3-2.png 842w\" sizes=\"auto, (max-width: 252px) 100vw, 252px\" \/><\/a><p id=\"caption-attachment-67070\" class=\"wp-caption-text\">Presupuestos participativos 2023<\/p><\/div>\n<ul>\n<li><strong>La ciudadan\u00eda podr\u00e1 hacer propuestas y decidir en qu\u00e9 proyectos de inversi\u00f3n se invertir\u00e1n 300.000 \u20ac del presupuesto municipal de 2023<\/strong><\/li>\n<\/ul>\n<p>El Ayuntamiento de Mont-roig del Camp pone en marcha la primera edici\u00f3n de presupuestos participativos, para conseguir la implicaci\u00f3n directa de la ciudadan\u00eda en la elaboraci\u00f3n de una parte de los presupuestos municipales. El objetivo de esta iniciativa es crear un espacio de participaci\u00f3n donde los vecinos y vecinas definan sus prioridades por el municipio con una clara apuesta por la cogovernanza en la gesti\u00f3n de los recursos p\u00fablicos. En concreto, podr\u00e1n realizar propuestas y decidir en qu\u00e9 proyectos de inversi\u00f3n quieren que se destinen 300.000 euros del presupuesto municipal de 2023.<\/p>\n<p><strong><a href=\"https:\/\/mont-roig.cat\/wp-content\/uploads\/ES_REGLAMENTO-DE-PRESUPUESTOS-PARTICIPATIVOS.pdf\" target=\"_blank\" rel=\"noopener\">Reglamento presupuestos participativos (descarga el pdf).<\/a><\/strong><\/p>\n<p><a href=\"https:\/\/mont-roig.cat\/wp-content\/uploads\/GUIA-PRACTICA-PRESSUPOSTOS-PARTICIPATIUS-1.pdf\" target=\"_blank\" rel=\"noopener\">Gu\u00eda pr\u00e1ctica presupuestos participativos (descarga el pdf).<\/a><\/p>\n<p><strong>Las fases del proceso<br \/>\n<\/strong>La recogida de ideas y propuestas se iniciar\u00e1 el pr\u00f3ximo 9 de enero y finalizar\u00e1 el 30 de enero de 2023. En esta fase inicial, cualquier persona a t\u00edtulo individual o entidad del municipio, podr\u00e1 realizar propuestas de proyectos de inversi\u00f3n. Se trata de todo lo que el Ayuntamiento puede construir o adquirir con una duraci\u00f3n prevista superior a un a\u00f1o.<\/p>\n<p>Adem\u00e1s de hacer referencia a inversiones, los proyectos propuestos deben cumplir una serie de criterios para que sean v\u00e1lidos: deben ser legales; de competencia municipal; concretos y evaluables econ\u00f3micamente; viables t\u00e9cnicamente y, por \u00faltimo, deben tener un inter\u00e9s general.<\/p>\n<p>Las ideas se pueden enviar al Ayuntamiento de forma presencial a trav\u00e9s de las OMAC y de las Bibliotecas Joan Mir\u00f3 de Mont-roig y Miramar de Miami Playa y de forma telem\u00e1tica a trav\u00e9s de la app gratuita eAgora.<br \/>\nUna vez finalice la fase de recogida de ideas, durante el mes de febrero, una comisi\u00f3n de coordinaci\u00f3n t\u00e9cnica, formada por los servicios t\u00e9cnicos del Ayuntamiento, valorar\u00e1 y filtrar\u00e1 las propuestas que posteriormente pasar\u00e1n a la votaci\u00f3n popular.<\/p>\n<p>En la fase de votaci\u00f3n, que tendr\u00e1 lugar del 6 al 17 de marzo, los vecinos y vecinas mayores de 16 a\u00f1os que est\u00e9n empadronados en el municipio, podr\u00e1n escoger aquellos proyectos que quieran que se ejecuten. Se podr\u00e1 votar presencialmente a trav\u00e9s de las OMAC y telem\u00e1ticamente a trav\u00e9s de eAgora. Una vez realizado el escrutinio de las votaciones, el 22 de marzo se presentar\u00e1n los resultados donde se dar\u00e1n a conocer los proyectos ganadores que se ejecutar\u00e1n con la partida de 300.000 \u20ac prevista en el presupuesto municipal.<\/p>\n<p><strong>Comisi\u00f3n de seguimiento<\/strong><br \/>\nEn el marco del proceso participativo se crear\u00e1 una comisi\u00f3n de seguimiento de los presupuestos participativos que se encargar\u00e1 de velar por el correcto funcionamiento del proceso y realizar la evaluaci\u00f3n del mismo. En su caso, se podr\u00e1n introducir mejoras en futuras ediciones. La inscripci\u00f3n en este \u00f3rgano de participaci\u00f3n est\u00e1 abierta a toda la ciudadan\u00eda empadronada en el municipio. Si alguien est\u00e1 interesado en formar parte, puede inscribirse enviando un correo con sus datos a <a href=\"mailto:participacio.ciutadana@mont-roig.cat\" target=\"_blank\" rel=\"noopener\">participacio.ciutadana@mont-roig.cat<\/a> antes del 20 de enero de 2023.<br \/>\n<strong><br \/>\n<\/strong><\/p>\n<p>&nbsp;<\/p>\n<p>&nbsp;<\/p>\n","protected":false},"excerpt":{"rendered":"<p>La ciudadan\u00eda podr\u00e1 hacer propuestas y decidir en qu\u00e9 proyectos de inversi\u00f3n se invertir\u00e1n 300.000 \u20ac del presupuesto municipal de 2023 El Ayuntamiento de Mont-roig del Camp pone en marcha la primera edici\u00f3n de presupuestos participativos, para conseguir la implicaci\u00f3n directa de la ciudadan\u00eda en la elaboraci\u00f3n de una parte de los presupuestos municipales. El [&hellip;]<\/p>\n","protected":false},"author":13,"featured_media":67073,"comment_status":"closed","ping_status":"closed","sticky":false,"template":"","format":"standard","meta":{"inline_featured_image":false,"_monsterinsights_skip_tracking":false,"_monsterinsights_sitenote_active":false,"_monsterinsights_sitenote_note":"","_monsterinsights_sitenote_category":0,"footnotes":""},"categories":[98,217],"tags":[],"class_list":["post-67080","post","type-post","status-publish","format-standard","has-post-thumbnail","hentry","category-ayuntamiento","category-participacio-ciutadana-es"],"yoast_head":"<!-- This site is optimized with the Yoast SEO plugin v27.4 - https:\/\/yoast.com\/product\/yoast-seo-wordpress\/ -->\n<title>El Ayuntamiento de Mont-roig del Camp pone en marcha los primeros presupuestos participativos - Ajuntament de Mont-roig del Camp<\/title>\n<meta name=\"robots\" content=\"index, follow, max-snippet:-1, max-image-preview:large, max-video-preview:-1\" \/>\n<link rel=\"canonical\" href=\"https:\/\/mont-roig.cat\/es\/actualitat\/noticies\/el-ayuntamiento-de-mont-roig-del-camp-pone-en-marcha-los-primeros-presupuestos-participativos\/\" \/>\n<meta property=\"og:locale\" content=\"es_ES\" \/>\n<meta property=\"og:type\" content=\"article\" \/>\n<meta property=\"og:title\" content=\"El Ayuntamiento de Mont-roig del Camp pone en marcha los primeros presupuestos participativos - Ajuntament de Mont-roig del Camp\" \/>\n<meta property=\"og:description\" content=\"La ciudadan\u00eda podr\u00e1 hacer propuestas y decidir en qu\u00e9 proyectos de inversi\u00f3n se invertir\u00e1n 300.000 \u20ac del presupuesto municipal de 2023 El Ayuntamiento de Mont-roig del Camp pone en marcha la primera edici\u00f3n de presupuestos participativos, para conseguir la implicaci\u00f3n directa de la ciudadan\u00eda en la elaboraci\u00f3n de una parte de los presupuestos municipales. El [&hellip;]\" \/>\n<meta property=\"og:url\" content=\"https:\/\/mont-roig.cat\/es\/actualitat\/noticies\/el-ayuntamiento-de-mont-roig-del-camp-pone-en-marcha-los-primeros-presupuestos-participativos\/\" \/>\n<meta property=\"og:site_name\" content=\"Ajuntament de Mont-roig del Camp\" \/>\n<meta property=\"article:published_time\" content=\"2022-12-12T13:55:55+00:00\" \/>\n<meta property=\"article:modified_time\" content=\"2022-12-12T14:13:51+00:00\" \/>\n<meta property=\"og:image\" content=\"https:\/\/mont-roig.cat\/wp-content\/uploads\/MM_meta_pressupostos_-2-1024x536.png\" \/>\n\t<meta property=\"og:image:width\" content=\"1024\" \/>\n\t<meta property=\"og:image:height\" content=\"536\" \/>\n\t<meta property=\"og:image:type\" content=\"image\/png\" \/>\n<meta name=\"author\" content=\"comunicacio\" \/>\n<meta name=\"twitter:card\" content=\"summary_large_image\" \/>\n<meta name=\"twitter:label1\" content=\"Escrito por\" \/>\n\t<meta name=\"twitter:data1\" content=\"comunicacio\" \/>\n\t<meta name=\"twitter:label2\" content=\"Tiempo de lectura\" \/>\n\t<meta name=\"twitter:data2\" content=\"3 minutos\" \/>\n<script type=\"application\/ld+json\" class=\"yoast-schema-graph\">{\"@context\":\"https:\\\/\\\/schema.org\",\"@graph\":[{\"@type\":\"Article\",\"@id\":\"https:\\\/\\\/mont-roig.cat\\\/es\\\/actualitat\\\/noticies\\\/el-ayuntamiento-de-mont-roig-del-camp-pone-en-marcha-los-primeros-presupuestos-participativos\\\/#article\",\"isPartOf\":{\"@id\":\"https:\\\/\\\/mont-roig.cat\\\/es\\\/actualitat\\\/noticies\\\/el-ayuntamiento-de-mont-roig-del-camp-pone-en-marcha-los-primeros-presupuestos-participativos\\\/\"},\"author\":{\"name\":\"comunicacio\",\"@id\":\"https:\\\/\\\/mont-roig.cat\\\/es\\\/#\\\/schema\\\/person\\\/1f73e7b5e6f9dd122e8a6f14f310ac5e\"},\"headline\":\"El Ayuntamiento de Mont-roig del Camp pone en marcha los primeros presupuestos participativos\",\"datePublished\":\"2022-12-12T13:55:55+00:00\",\"dateModified\":\"2022-12-12T14:13:51+00:00\",\"mainEntityOfPage\":{\"@id\":\"https:\\\/\\\/mont-roig.cat\\\/es\\\/actualitat\\\/noticies\\\/el-ayuntamiento-de-mont-roig-del-camp-pone-en-marcha-los-primeros-presupuestos-participativos\\\/\"},\"wordCount\":545,\"image\":{\"@id\":\"https:\\\/\\\/mont-roig.cat\\\/es\\\/actualitat\\\/noticies\\\/el-ayuntamiento-de-mont-roig-del-camp-pone-en-marcha-los-primeros-presupuestos-participativos\\\/#primaryimage\"},\"thumbnailUrl\":\"https:\\\/\\\/mont-roig.cat\\\/wp-content\\\/uploads\\\/MM_meta_pressupostos_-2.png\",\"articleSection\":[\"Ayuntamiento\",\"Participaci\u00f3 Ciutadana\"],\"inLanguage\":\"es\"},{\"@type\":\"WebPage\",\"@id\":\"https:\\\/\\\/mont-roig.cat\\\/es\\\/actualitat\\\/noticies\\\/el-ayuntamiento-de-mont-roig-del-camp-pone-en-marcha-los-primeros-presupuestos-participativos\\\/\",\"url\":\"https:\\\/\\\/mont-roig.cat\\\/es\\\/actualitat\\\/noticies\\\/el-ayuntamiento-de-mont-roig-del-camp-pone-en-marcha-los-primeros-presupuestos-participativos\\\/\",\"name\":\"El Ayuntamiento de Mont-roig del Camp pone en marcha los primeros presupuestos participativos - Ajuntament de Mont-roig del Camp\",\"isPartOf\":{\"@id\":\"https:\\\/\\\/mont-roig.cat\\\/es\\\/#website\"},\"primaryImageOfPage\":{\"@id\":\"https:\\\/\\\/mont-roig.cat\\\/es\\\/actualitat\\\/noticies\\\/el-ayuntamiento-de-mont-roig-del-camp-pone-en-marcha-los-primeros-presupuestos-participativos\\\/#primaryimage\"},\"image\":{\"@id\":\"https:\\\/\\\/mont-roig.cat\\\/es\\\/actualitat\\\/noticies\\\/el-ayuntamiento-de-mont-roig-del-camp-pone-en-marcha-los-primeros-presupuestos-participativos\\\/#primaryimage\"},\"thumbnailUrl\":\"https:\\\/\\\/mont-roig.cat\\\/wp-content\\\/uploads\\\/MM_meta_pressupostos_-2.png\",\"datePublished\":\"2022-12-12T13:55:55+00:00\",\"dateModified\":\"2022-12-12T14:13:51+00:00\",\"author\":{\"@id\":\"https:\\\/\\\/mont-roig.cat\\\/es\\\/#\\\/schema\\\/person\\\/1f73e7b5e6f9dd122e8a6f14f310ac5e\"},\"breadcrumb\":{\"@id\":\"https:\\\/\\\/mont-roig.cat\\\/es\\\/actualitat\\\/noticies\\\/el-ayuntamiento-de-mont-roig-del-camp-pone-en-marcha-los-primeros-presupuestos-participativos\\\/#breadcrumb\"},\"inLanguage\":\"es\",\"potentialAction\":[{\"@type\":\"ReadAction\",\"target\":[\"https:\\\/\\\/mont-roig.cat\\\/es\\\/actualitat\\\/noticies\\\/el-ayuntamiento-de-mont-roig-del-camp-pone-en-marcha-los-primeros-presupuestos-participativos\\\/\"]}]},{\"@type\":\"ImageObject\",\"inLanguage\":\"es\",\"@id\":\"https:\\\/\\\/mont-roig.cat\\\/es\\\/actualitat\\\/noticies\\\/el-ayuntamiento-de-mont-roig-del-camp-pone-en-marcha-los-primeros-presupuestos-participativos\\\/#primaryimage\",\"url\":\"https:\\\/\\\/mont-roig.cat\\\/wp-content\\\/uploads\\\/MM_meta_pressupostos_-2.png\",\"contentUrl\":\"https:\\\/\\\/mont-roig.cat\\\/wp-content\\\/uploads\\\/MM_meta_pressupostos_-2.png\",\"width\":5000,\"height\":2617},{\"@type\":\"BreadcrumbList\",\"@id\":\"https:\\\/\\\/mont-roig.cat\\\/es\\\/actualitat\\\/noticies\\\/el-ayuntamiento-de-mont-roig-del-camp-pone-en-marcha-los-primeros-presupuestos-participativos\\\/#breadcrumb\",\"itemListElement\":[{\"@type\":\"ListItem\",\"position\":1,\"name\":\"Inici\",\"item\":\"https:\\\/\\\/mont-roig.cat\\\/es\\\/pagina-de-inicio\\\/\"},{\"@type\":\"ListItem\",\"position\":2,\"name\":\"El Ayuntamiento de Mont-roig del Camp pone en marcha los primeros presupuestos participativos\"}]},{\"@type\":\"WebSite\",\"@id\":\"https:\\\/\\\/mont-roig.cat\\\/es\\\/#website\",\"url\":\"https:\\\/\\\/mont-roig.cat\\\/es\\\/\",\"name\":\"Ajuntament de Mont-roig del Camp\",\"description\":\"Tota la informaci\u00f3 sobre la instituci\u00f3, els seus \u00f2rgans de govern, actualitat, serveis i molt m\u00e9s.\",\"potentialAction\":[{\"@type\":\"SearchAction\",\"target\":{\"@type\":\"EntryPoint\",\"urlTemplate\":\"https:\\\/\\\/mont-roig.cat\\\/es\\\/?s={search_term_string}\"},\"query-input\":{\"@type\":\"PropertyValueSpecification\",\"valueRequired\":true,\"valueName\":\"search_term_string\"}}],\"inLanguage\":\"es\"},{\"@type\":\"Person\",\"@id\":\"https:\\\/\\\/mont-roig.cat\\\/es\\\/#\\\/schema\\\/person\\\/1f73e7b5e6f9dd122e8a6f14f310ac5e\",\"name\":\"comunicacio\",\"image\":{\"@type\":\"ImageObject\",\"inLanguage\":\"es\",\"@id\":\"https:\\\/\\\/secure.gravatar.com\\\/avatar\\\/98944333e7a877670a64f8d10f0cb680ab2c9ebc4efc43945ef004b52b5ad28c?s=96&d=mm&r=g\",\"url\":\"https:\\\/\\\/secure.gravatar.com\\\/avatar\\\/98944333e7a877670a64f8d10f0cb680ab2c9ebc4efc43945ef004b52b5ad28c?s=96&d=mm&r=g\",\"contentUrl\":\"https:\\\/\\\/secure.gravatar.com\\\/avatar\\\/98944333e7a877670a64f8d10f0cb680ab2c9ebc4efc43945ef004b52b5ad28c?s=96&d=mm&r=g\",\"caption\":\"comunicacio\"},\"url\":\"https:\\\/\\\/mont-roig.cat\\\/es\\\/actualitat\\\/noticies\\\/author\\\/comunicacio\\\/\"}]}<\/script>\n<!-- \/ Yoast SEO plugin. -->","yoast_head_json":{"title":"El Ayuntamiento de Mont-roig del Camp pone en marcha los primeros presupuestos participativos - Ajuntament de Mont-roig del Camp","robots":{"index":"index","follow":"follow","max-snippet":"max-snippet:-1","max-image-preview":"max-image-preview:large","max-video-preview":"max-video-preview:-1"},"canonical":"https:\/\/mont-roig.cat\/es\/actualitat\/noticies\/el-ayuntamiento-de-mont-roig-del-camp-pone-en-marcha-los-primeros-presupuestos-participativos\/","og_locale":"es_ES","og_type":"article","og_title":"El Ayuntamiento de Mont-roig del Camp pone en marcha los primeros presupuestos participativos - Ajuntament de Mont-roig del Camp","og_description":"La ciudadan\u00eda podr\u00e1 hacer propuestas y decidir en qu\u00e9 proyectos de inversi\u00f3n se invertir\u00e1n 300.000 \u20ac del presupuesto municipal de 2023 El Ayuntamiento de Mont-roig del Camp pone en marcha la primera edici\u00f3n de presupuestos participativos, para conseguir la implicaci\u00f3n directa de la ciudadan\u00eda en la elaboraci\u00f3n de una parte de los presupuestos municipales. El [&hellip;]","og_url":"https:\/\/mont-roig.cat\/es\/actualitat\/noticies\/el-ayuntamiento-de-mont-roig-del-camp-pone-en-marcha-los-primeros-presupuestos-participativos\/","og_site_name":"Ajuntament de Mont-roig del Camp","article_published_time":"2022-12-12T13:55:55+00:00","article_modified_time":"2022-12-12T14:13:51+00:00","og_image":[{"width":1024,"height":536,"url":"https:\/\/mont-roig.cat\/wp-content\/uploads\/MM_meta_pressupostos_-2-1024x536.png","type":"image\/png"}],"author":"comunicacio","twitter_card":"summary_large_image","twitter_misc":{"Escrito por":"comunicacio","Tiempo de lectura":"3 minutos"},"schema":{"@context":"https:\/\/schema.org","@graph":[{"@type":"Article","@id":"https:\/\/mont-roig.cat\/es\/actualitat\/noticies\/el-ayuntamiento-de-mont-roig-del-camp-pone-en-marcha-los-primeros-presupuestos-participativos\/#article","isPartOf":{"@id":"https:\/\/mont-roig.cat\/es\/actualitat\/noticies\/el-ayuntamiento-de-mont-roig-del-camp-pone-en-marcha-los-primeros-presupuestos-participativos\/"},"author":{"name":"comunicacio","@id":"https:\/\/mont-roig.cat\/es\/#\/schema\/person\/1f73e7b5e6f9dd122e8a6f14f310ac5e"},"headline":"El Ayuntamiento de Mont-roig del Camp pone en marcha los primeros presupuestos participativos","datePublished":"2022-12-12T13:55:55+00:00","dateModified":"2022-12-12T14:13:51+00:00","mainEntityOfPage":{"@id":"https:\/\/mont-roig.cat\/es\/actualitat\/noticies\/el-ayuntamiento-de-mont-roig-del-camp-pone-en-marcha-los-primeros-presupuestos-participativos\/"},"wordCount":545,"image":{"@id":"https:\/\/mont-roig.cat\/es\/actualitat\/noticies\/el-ayuntamiento-de-mont-roig-del-camp-pone-en-marcha-los-primeros-presupuestos-participativos\/#primaryimage"},"thumbnailUrl":"https:\/\/mont-roig.cat\/wp-content\/uploads\/MM_meta_pressupostos_-2.png","articleSection":["Ayuntamiento","Participaci\u00f3 Ciutadana"],"inLanguage":"es"},{"@type":"WebPage","@id":"https:\/\/mont-roig.cat\/es\/actualitat\/noticies\/el-ayuntamiento-de-mont-roig-del-camp-pone-en-marcha-los-primeros-presupuestos-participativos\/","url":"https:\/\/mont-roig.cat\/es\/actualitat\/noticies\/el-ayuntamiento-de-mont-roig-del-camp-pone-en-marcha-los-primeros-presupuestos-participativos\/","name":"El Ayuntamiento de Mont-roig del Camp pone en marcha los primeros presupuestos participativos - Ajuntament de Mont-roig del Camp","isPartOf":{"@id":"https:\/\/mont-roig.cat\/es\/#website"},"primaryImageOfPage":{"@id":"https:\/\/mont-roig.cat\/es\/actualitat\/noticies\/el-ayuntamiento-de-mont-roig-del-camp-pone-en-marcha-los-primeros-presupuestos-participativos\/#primaryimage"},"image":{"@id":"https:\/\/mont-roig.cat\/es\/actualitat\/noticies\/el-ayuntamiento-de-mont-roig-del-camp-pone-en-marcha-los-primeros-presupuestos-participativos\/#primaryimage"},"thumbnailUrl":"https:\/\/mont-roig.cat\/wp-content\/uploads\/MM_meta_pressupostos_-2.png","datePublished":"2022-12-12T13:55:55+00:00","dateModified":"2022-12-12T14:13:51+00:00","author":{"@id":"https:\/\/mont-roig.cat\/es\/#\/schema\/person\/1f73e7b5e6f9dd122e8a6f14f310ac5e"},"breadcrumb":{"@id":"https:\/\/mont-roig.cat\/es\/actualitat\/noticies\/el-ayuntamiento-de-mont-roig-del-camp-pone-en-marcha-los-primeros-presupuestos-participativos\/#breadcrumb"},"inLanguage":"es","potentialAction":[{"@type":"ReadAction","target":["https:\/\/mont-roig.cat\/es\/actualitat\/noticies\/el-ayuntamiento-de-mont-roig-del-camp-pone-en-marcha-los-primeros-presupuestos-participativos\/"]}]},{"@type":"ImageObject","inLanguage":"es","@id":"https:\/\/mont-roig.cat\/es\/actualitat\/noticies\/el-ayuntamiento-de-mont-roig-del-camp-pone-en-marcha-los-primeros-presupuestos-participativos\/#primaryimage","url":"https:\/\/mont-roig.cat\/wp-content\/uploads\/MM_meta_pressupostos_-2.png","contentUrl":"https:\/\/mont-roig.cat\/wp-content\/uploads\/MM_meta_pressupostos_-2.png","width":5000,"height":2617},{"@type":"BreadcrumbList","@id":"https:\/\/mont-roig.cat\/es\/actualitat\/noticies\/el-ayuntamiento-de-mont-roig-del-camp-pone-en-marcha-los-primeros-presupuestos-participativos\/#breadcrumb","itemListElement":[{"@type":"ListItem","position":1,"name":"Inici","item":"https:\/\/mont-roig.cat\/es\/pagina-de-inicio\/"},{"@type":"ListItem","position":2,"name":"El Ayuntamiento de Mont-roig del Camp pone en marcha los primeros presupuestos participativos"}]},{"@type":"WebSite","@id":"https:\/\/mont-roig.cat\/es\/#website","url":"https:\/\/mont-roig.cat\/es\/","name":"Ajuntament de Mont-roig del Camp","description":"Tota la informaci\u00f3 sobre la instituci\u00f3, els seus \u00f2rgans de govern, actualitat, serveis i molt m\u00e9s.","potentialAction":[{"@type":"SearchAction","target":{"@type":"EntryPoint","urlTemplate":"https:\/\/mont-roig.cat\/es\/?s={search_term_string}"},"query-input":{"@type":"PropertyValueSpecification","valueRequired":true,"valueName":"search_term_string"}}],"inLanguage":"es"},{"@type":"Person","@id":"https:\/\/mont-roig.cat\/es\/#\/schema\/person\/1f73e7b5e6f9dd122e8a6f14f310ac5e","name":"comunicacio","image":{"@type":"ImageObject","inLanguage":"es","@id":"https:\/\/secure.gravatar.com\/avatar\/98944333e7a877670a64f8d10f0cb680ab2c9ebc4efc43945ef004b52b5ad28c?s=96&d=mm&r=g","url":"https:\/\/secure.gravatar.com\/avatar\/98944333e7a877670a64f8d10f0cb680ab2c9ebc4efc43945ef004b52b5ad28c?s=96&d=mm&r=g","contentUrl":"https:\/\/secure.gravatar.com\/avatar\/98944333e7a877670a64f8d10f0cb680ab2c9ebc4efc43945ef004b52b5ad28c?s=96&d=mm&r=g","caption":"comunicacio"},"url":"https:\/\/mont-roig.cat\/es\/actualitat\/noticies\/author\/comunicacio\/"}]}},"_links":{"self":[{"href":"https:\/\/mont-roig.cat\/es\/wp-json\/wp\/v2\/posts\/67080","targetHints":{"allow":["GET"]}}],"collection":[{"href":"https:\/\/mont-roig.cat\/es\/wp-json\/wp\/v2\/posts"}],"about":[{"href":"https:\/\/mont-roig.cat\/es\/wp-json\/wp\/v2\/types\/post"}],"author":[{"embeddable":true,"href":"https:\/\/mont-roig.cat\/es\/wp-json\/wp\/v2\/users\/13"}],"replies":[{"embeddable":true,"href":"https:\/\/mont-roig.cat\/es\/wp-json\/wp\/v2\/comments?post=67080"}],"version-history":[{"count":2,"href":"https:\/\/mont-roig.cat\/es\/wp-json\/wp\/v2\/posts\/67080\/revisions"}],"predecessor-version":[{"id":67087,"href":"https:\/\/mont-roig.cat\/es\/wp-json\/wp\/v2\/posts\/67080\/revisions\/67087"}],"wp:featuredmedia":[{"embeddable":true,"href":"https:\/\/mont-roig.cat\/es\/wp-json\/wp\/v2\/media\/67073"}],"wp:attachment":[{"href":"https:\/\/mont-roig.cat\/es\/wp-json\/wp\/v2\/media?parent=67080"}],"wp:term":[{"taxonomy":"category","embeddable":true,"href":"https:\/\/mont-roig.cat\/es\/wp-json\/wp\/v2\/categories?post=67080"},{"taxonomy":"post_tag","embeddable":true,"href":"https:\/\/mont-roig.cat\/es\/wp-json\/wp\/v2\/tags?post=67080"}],"curies":[{"name":"wp","href":"https:\/\/api.w.org\/{rel}","templated":true}]}}