{"id":67098,"date":"2022-12-12T18:26:17","date_gmt":"2022-12-12T17:26:17","guid":{"rendered":"https:\/\/mont-roig.cat\/actualitat\/noticies\/lajuntament-organitza-de-nou-el-concurs-de-pessebres-que-mante-les-quatre-categories-a-concurs\/"},"modified":"2022-12-12T18:48:28","modified_gmt":"2022-12-12T17:48:28","slug":"el-ayuntamiento-organiza-de-nuevo-el-concurso-de-belenes-que-mantiene-las-cuatro-categorias-a-concurso","status":"publish","type":"post","link":"https:\/\/mont-roig.cat\/es\/actualitat\/noticies\/el-ayuntamiento-organiza-de-nuevo-el-concurso-de-belenes-que-mantiene-las-cuatro-categorias-a-concurso\/","title":{"rendered":"El Ayuntamiento organiza de nuevo el Concurso de Belenes que mantiene las cuatro categor\u00edas a concurso"},"content":{"rendered":"<div id=\"attachment_67094\" style=\"width: 260px\" class=\"wp-caption alignright\"><a href=\"https:\/\/mont-roig.cat\/wp-content\/uploads\/c2f7283c-1016-45f0-b3c4-9ded47981911.jpg\" target=\"_blank\" rel=\"noopener\"><img loading=\"lazy\" decoding=\"async\" aria-describedby=\"caption-attachment-67094\" class=\"wp-image-67094\" src=\"https:\/\/mont-roig.cat\/wp-content\/uploads\/c2f7283c-1016-45f0-b3c4-9ded47981911-354x500.jpg\" alt=\"\" width=\"250\" height=\"353\" srcset=\"https:\/\/mont-roig.cat\/wp-content\/uploads\/c2f7283c-1016-45f0-b3c4-9ded47981911-354x500.jpg 354w, https:\/\/mont-roig.cat\/wp-content\/uploads\/c2f7283c-1016-45f0-b3c4-9ded47981911-724x1024.jpg 724w, https:\/\/mont-roig.cat\/wp-content\/uploads\/c2f7283c-1016-45f0-b3c4-9ded47981911-768x1086.jpg 768w, https:\/\/mont-roig.cat\/wp-content\/uploads\/c2f7283c-1016-45f0-b3c4-9ded47981911.jpg 794w\" sizes=\"auto, (max-width: 250px) 100vw, 250px\" \/><\/a><p id=\"caption-attachment-67094\" class=\"wp-caption-text\">Concurso de Belenes 2022<\/p><\/div>\n<ul>\n<li><strong>Las inscripciones para participar en el concurso se alargar\u00e1n hasta el 15 de diciembre<\/strong><\/li>\n<\/ul>\n<p>El Ayuntamiento de Mont-roig del Camp ha vuelto a convocar el tradicional Concurso de Belenes\u00a0 que tiene como principal objetivo potenciar la cultura popular y fomentar las tradiciones navide\u00f1as entre los vecinos y vecinas del municipio. Las categor\u00edas y premios contin\u00faan en la misma l\u00ednea que en las ediciones anteriores. As\u00ed, se puede presentar cualquier persona, familia o entidad del municipio que construya un bel\u00e9n.<\/p>\n<p>El jurado del concurso estar\u00e1 formado por personas del municipio relacionadas con el tejido asociativo y la cultura popular y tradicional que se desplazar\u00e1n al lugar donde los participantes hayan construido el bel\u00e9n para valorarlo. Se pueden presentar todo tipo de belenes. Sobre un total de 45 puntos, el jurado tendr\u00e1 en cuenta la originalidad (hasta 15 puntos), la elaboraci\u00f3n (hasta 15 puntos) y el valor art\u00edstico (hasta 15 puntos). Se considerar\u00e1 un bel\u00e9n desde la escena del nacimiento de Jes\u00fas hasta todos los dem\u00e1s pasajes que le acompa\u00f1an: pastores, Reyes&#8230; Los pesebres pueden ser construidos en cualquier material, estilo, t\u00e9cnica y tama\u00f1os.<\/p>\n<p>M\u00e1s informaci\u00f3n e inscripciones hasta el 15 de diciembre en el 977811749 o en <a href=\"mailto:cultura@mont-roig.cat\" target=\"_blank\" rel=\"noopener\">cultura@mont-roig.cat<\/a><\/p>\n<p>Las categor\u00edas y premios son las siguientes:<\/p>\n<ul>\n<li><strong>FAMILIAR<\/strong>:(belenes construidos por personas mayores de 18 a\u00f1os)<\/li>\n<\/ul>\n<p>Originalidad: 150,00\u20ac<\/p>\n<p>Art\u00edstico: 150,00\u20ac<\/p>\n<p>Elaboraci\u00f3n: 150,00\u20ac<\/p>\n<p>Acc\u00e9sit: 125,00\u20ac<\/p>\n<ul>\n<li><strong>INFANTIL:<\/strong> (belenes construidos por ni\u00f1os hasta 7 a\u00f1os)<\/li>\n<\/ul>\n<p>Primer premio: 100,00\u20ac<\/p>\n<p>Acc\u00e9sit: 75,00\u20ac<\/p>\n<ul>\n<li><strong>PREJUVENIL<\/strong> (belenes construidos por ni\u00f1os de 8 a 12 a\u00f1os)<\/li>\n<\/ul>\n<p>Primer premio: 100,00\u20ac<\/p>\n<p>Acc\u00e9sit: 75,00\u20ac<\/p>\n<ul>\n<li><strong>JUVENIL<\/strong>:\u00a0(pesebres construidos por j\u00f3venes de 13 a 17 a\u00f1os)<\/li>\n<\/ul>\n<p>Primer premio: 125,00\u20ac<\/p>\n<p>Acc\u00e9sit: 100,00\u20ac<\/p>\n<p>&nbsp;<\/p>\n<p>.<\/p>\n","protected":false},"excerpt":{"rendered":"<p>Las inscripciones para participar en el concurso se alargar\u00e1n hasta el 15 de diciembre El Ayuntamiento de Mont-roig del Camp ha vuelto a convocar el tradicional Concurso de Belenes\u00a0 que tiene como principal objetivo potenciar la cultura popular y fomentar las tradiciones navide\u00f1as entre los vecinos y vecinas del municipio. Las categor\u00edas y premios contin\u00faan [&hellip;]<\/p>\n","protected":false},"author":13,"featured_media":67093,"comment_status":"closed","ping_status":"closed","sticky":false,"template":"","format":"standard","meta":{"inline_featured_image":false,"_monsterinsights_skip_tracking":false,"_monsterinsights_sitenote_active":false,"_monsterinsights_sitenote_note":"","_monsterinsights_sitenote_category":0,"footnotes":""},"categories":[98,101],"tags":[],"class_list":["post-67098","post","type-post","status-publish","format-standard","has-post-thumbnail","hentry","category-ayuntamiento","category-cultura-es"],"yoast_head":"<!-- This site is optimized with the Yoast SEO plugin v27.4 - https:\/\/yoast.com\/product\/yoast-seo-wordpress\/ -->\n<title>El Ayuntamiento organiza de nuevo el Concurso de Belenes que mantiene las cuatro categor\u00edas a concurso - Ajuntament de Mont-roig del Camp<\/title>\n<meta name=\"robots\" content=\"index, follow, max-snippet:-1, max-image-preview:large, max-video-preview:-1\" \/>\n<link rel=\"canonical\" href=\"https:\/\/mont-roig.cat\/es\/actualitat\/noticies\/el-ayuntamiento-organiza-de-nuevo-el-concurso-de-belenes-que-mantiene-las-cuatro-categorias-a-concurso\/\" \/>\n<meta property=\"og:locale\" content=\"es_ES\" \/>\n<meta property=\"og:type\" content=\"article\" \/>\n<meta property=\"og:title\" content=\"El Ayuntamiento organiza de nuevo el Concurso de Belenes que mantiene las cuatro categor\u00edas a concurso - Ajuntament de Mont-roig del Camp\" \/>\n<meta property=\"og:description\" content=\"Las inscripciones para participar en el concurso se alargar\u00e1n hasta el 15 de diciembre El Ayuntamiento de Mont-roig del Camp ha vuelto a convocar el tradicional Concurso de Belenes\u00a0 que tiene como principal objetivo potenciar la cultura popular y fomentar las tradiciones navide\u00f1as entre los vecinos y vecinas del municipio. Las categor\u00edas y premios contin\u00faan [&hellip;]\" \/>\n<meta property=\"og:url\" content=\"https:\/\/mont-roig.cat\/es\/actualitat\/noticies\/el-ayuntamiento-organiza-de-nuevo-el-concurso-de-belenes-que-mantiene-las-cuatro-categorias-a-concurso\/\" \/>\n<meta property=\"og:site_name\" content=\"Ajuntament de Mont-roig del Camp\" \/>\n<meta property=\"article:published_time\" content=\"2022-12-12T17:26:17+00:00\" \/>\n<meta property=\"article:modified_time\" content=\"2022-12-12T17:48:28+00:00\" \/>\n<meta property=\"og:image\" content=\"https:\/\/mont-roig.cat\/wp-content\/uploads\/968353d9-6617-457d-94be-37d33622b6b1.jpg\" \/>\n\t<meta property=\"og:image:width\" content=\"1200\" \/>\n\t<meta property=\"og:image:height\" content=\"628\" \/>\n\t<meta property=\"og:image:type\" content=\"image\/jpeg\" \/>\n<meta name=\"author\" content=\"comunicacio\" \/>\n<meta name=\"twitter:card\" content=\"summary_large_image\" \/>\n<meta name=\"twitter:label1\" content=\"Escrito por\" \/>\n\t<meta name=\"twitter:data1\" content=\"comunicacio\" \/>\n\t<meta name=\"twitter:label2\" content=\"Tiempo de lectura\" \/>\n\t<meta name=\"twitter:data2\" content=\"2 minutos\" \/>\n<script type=\"application\/ld+json\" class=\"yoast-schema-graph\">{\"@context\":\"https:\\\/\\\/schema.org\",\"@graph\":[{\"@type\":\"Article\",\"@id\":\"https:\\\/\\\/mont-roig.cat\\\/es\\\/actualitat\\\/noticies\\\/el-ayuntamiento-organiza-de-nuevo-el-concurso-de-belenes-que-mantiene-las-cuatro-categorias-a-concurso\\\/#article\",\"isPartOf\":{\"@id\":\"https:\\\/\\\/mont-roig.cat\\\/es\\\/actualitat\\\/noticies\\\/el-ayuntamiento-organiza-de-nuevo-el-concurso-de-belenes-que-mantiene-las-cuatro-categorias-a-concurso\\\/\"},\"author\":{\"name\":\"comunicacio\",\"@id\":\"https:\\\/\\\/mont-roig.cat\\\/es\\\/#\\\/schema\\\/person\\\/1f73e7b5e6f9dd122e8a6f14f310ac5e\"},\"headline\":\"El Ayuntamiento organiza de nuevo el Concurso de Belenes que mantiene las cuatro categor\u00edas a concurso\",\"datePublished\":\"2022-12-12T17:26:17+00:00\",\"dateModified\":\"2022-12-12T17:48:28+00:00\",\"mainEntityOfPage\":{\"@id\":\"https:\\\/\\\/mont-roig.cat\\\/es\\\/actualitat\\\/noticies\\\/el-ayuntamiento-organiza-de-nuevo-el-concurso-de-belenes-que-mantiene-las-cuatro-categorias-a-concurso\\\/\"},\"wordCount\":303,\"image\":{\"@id\":\"https:\\\/\\\/mont-roig.cat\\\/es\\\/actualitat\\\/noticies\\\/el-ayuntamiento-organiza-de-nuevo-el-concurso-de-belenes-que-mantiene-las-cuatro-categorias-a-concurso\\\/#primaryimage\"},\"thumbnailUrl\":\"https:\\\/\\\/mont-roig.cat\\\/wp-content\\\/uploads\\\/968353d9-6617-457d-94be-37d33622b6b1.jpg\",\"articleSection\":[\"Ayuntamiento\",\"Cultura\"],\"inLanguage\":\"es\"},{\"@type\":\"WebPage\",\"@id\":\"https:\\\/\\\/mont-roig.cat\\\/es\\\/actualitat\\\/noticies\\\/el-ayuntamiento-organiza-de-nuevo-el-concurso-de-belenes-que-mantiene-las-cuatro-categorias-a-concurso\\\/\",\"url\":\"https:\\\/\\\/mont-roig.cat\\\/es\\\/actualitat\\\/noticies\\\/el-ayuntamiento-organiza-de-nuevo-el-concurso-de-belenes-que-mantiene-las-cuatro-categorias-a-concurso\\\/\",\"name\":\"El Ayuntamiento organiza de nuevo el Concurso de Belenes que mantiene las cuatro categor\u00edas a concurso - Ajuntament de Mont-roig del Camp\",\"isPartOf\":{\"@id\":\"https:\\\/\\\/mont-roig.cat\\\/es\\\/#website\"},\"primaryImageOfPage\":{\"@id\":\"https:\\\/\\\/mont-roig.cat\\\/es\\\/actualitat\\\/noticies\\\/el-ayuntamiento-organiza-de-nuevo-el-concurso-de-belenes-que-mantiene-las-cuatro-categorias-a-concurso\\\/#primaryimage\"},\"image\":{\"@id\":\"https:\\\/\\\/mont-roig.cat\\\/es\\\/actualitat\\\/noticies\\\/el-ayuntamiento-organiza-de-nuevo-el-concurso-de-belenes-que-mantiene-las-cuatro-categorias-a-concurso\\\/#primaryimage\"},\"thumbnailUrl\":\"https:\\\/\\\/mont-roig.cat\\\/wp-content\\\/uploads\\\/968353d9-6617-457d-94be-37d33622b6b1.jpg\",\"datePublished\":\"2022-12-12T17:26:17+00:00\",\"dateModified\":\"2022-12-12T17:48:28+00:00\",\"author\":{\"@id\":\"https:\\\/\\\/mont-roig.cat\\\/es\\\/#\\\/schema\\\/person\\\/1f73e7b5e6f9dd122e8a6f14f310ac5e\"},\"breadcrumb\":{\"@id\":\"https:\\\/\\\/mont-roig.cat\\\/es\\\/actualitat\\\/noticies\\\/el-ayuntamiento-organiza-de-nuevo-el-concurso-de-belenes-que-mantiene-las-cuatro-categorias-a-concurso\\\/#breadcrumb\"},\"inLanguage\":\"es\",\"potentialAction\":[{\"@type\":\"ReadAction\",\"target\":[\"https:\\\/\\\/mont-roig.cat\\\/es\\\/actualitat\\\/noticies\\\/el-ayuntamiento-organiza-de-nuevo-el-concurso-de-belenes-que-mantiene-las-cuatro-categorias-a-concurso\\\/\"]}]},{\"@type\":\"ImageObject\",\"inLanguage\":\"es\",\"@id\":\"https:\\\/\\\/mont-roig.cat\\\/es\\\/actualitat\\\/noticies\\\/el-ayuntamiento-organiza-de-nuevo-el-concurso-de-belenes-que-mantiene-las-cuatro-categorias-a-concurso\\\/#primaryimage\",\"url\":\"https:\\\/\\\/mont-roig.cat\\\/wp-content\\\/uploads\\\/968353d9-6617-457d-94be-37d33622b6b1.jpg\",\"contentUrl\":\"https:\\\/\\\/mont-roig.cat\\\/wp-content\\\/uploads\\\/968353d9-6617-457d-94be-37d33622b6b1.jpg\",\"width\":1200,\"height\":628},{\"@type\":\"BreadcrumbList\",\"@id\":\"https:\\\/\\\/mont-roig.cat\\\/es\\\/actualitat\\\/noticies\\\/el-ayuntamiento-organiza-de-nuevo-el-concurso-de-belenes-que-mantiene-las-cuatro-categorias-a-concurso\\\/#breadcrumb\",\"itemListElement\":[{\"@type\":\"ListItem\",\"position\":1,\"name\":\"Inici\",\"item\":\"https:\\\/\\\/mont-roig.cat\\\/es\\\/pagina-de-inicio\\\/\"},{\"@type\":\"ListItem\",\"position\":2,\"name\":\"El Ayuntamiento organiza de nuevo el Concurso de Belenes que mantiene las cuatro categor\u00edas a concurso\"}]},{\"@type\":\"WebSite\",\"@id\":\"https:\\\/\\\/mont-roig.cat\\\/es\\\/#website\",\"url\":\"https:\\\/\\\/mont-roig.cat\\\/es\\\/\",\"name\":\"Ajuntament de Mont-roig del Camp\",\"description\":\"Tota la informaci\u00f3 sobre la instituci\u00f3, els seus \u00f2rgans de govern, actualitat, serveis i molt m\u00e9s.\",\"potentialAction\":[{\"@type\":\"SearchAction\",\"target\":{\"@type\":\"EntryPoint\",\"urlTemplate\":\"https:\\\/\\\/mont-roig.cat\\\/es\\\/?s={search_term_string}\"},\"query-input\":{\"@type\":\"PropertyValueSpecification\",\"valueRequired\":true,\"valueName\":\"search_term_string\"}}],\"inLanguage\":\"es\"},{\"@type\":\"Person\",\"@id\":\"https:\\\/\\\/mont-roig.cat\\\/es\\\/#\\\/schema\\\/person\\\/1f73e7b5e6f9dd122e8a6f14f310ac5e\",\"name\":\"comunicacio\",\"image\":{\"@type\":\"ImageObject\",\"inLanguage\":\"es\",\"@id\":\"https:\\\/\\\/secure.gravatar.com\\\/avatar\\\/98944333e7a877670a64f8d10f0cb680ab2c9ebc4efc43945ef004b52b5ad28c?s=96&d=mm&r=g\",\"url\":\"https:\\\/\\\/secure.gravatar.com\\\/avatar\\\/98944333e7a877670a64f8d10f0cb680ab2c9ebc4efc43945ef004b52b5ad28c?s=96&d=mm&r=g\",\"contentUrl\":\"https:\\\/\\\/secure.gravatar.com\\\/avatar\\\/98944333e7a877670a64f8d10f0cb680ab2c9ebc4efc43945ef004b52b5ad28c?s=96&d=mm&r=g\",\"caption\":\"comunicacio\"},\"url\":\"https:\\\/\\\/mont-roig.cat\\\/es\\\/actualitat\\\/noticies\\\/author\\\/comunicacio\\\/\"}]}<\/script>\n<!-- \/ Yoast SEO plugin. -->","yoast_head_json":{"title":"El Ayuntamiento organiza de nuevo el Concurso de Belenes que mantiene las cuatro categor\u00edas a concurso - Ajuntament de Mont-roig del Camp","robots":{"index":"index","follow":"follow","max-snippet":"max-snippet:-1","max-image-preview":"max-image-preview:large","max-video-preview":"max-video-preview:-1"},"canonical":"https:\/\/mont-roig.cat\/es\/actualitat\/noticies\/el-ayuntamiento-organiza-de-nuevo-el-concurso-de-belenes-que-mantiene-las-cuatro-categorias-a-concurso\/","og_locale":"es_ES","og_type":"article","og_title":"El Ayuntamiento organiza de nuevo el Concurso de Belenes que mantiene las cuatro categor\u00edas a concurso - Ajuntament de Mont-roig del Camp","og_description":"Las inscripciones para participar en el concurso se alargar\u00e1n hasta el 15 de diciembre El Ayuntamiento de Mont-roig del Camp ha vuelto a convocar el tradicional Concurso de Belenes\u00a0 que tiene como principal objetivo potenciar la cultura popular y fomentar las tradiciones navide\u00f1as entre los vecinos y vecinas del municipio. Las categor\u00edas y premios contin\u00faan [&hellip;]","og_url":"https:\/\/mont-roig.cat\/es\/actualitat\/noticies\/el-ayuntamiento-organiza-de-nuevo-el-concurso-de-belenes-que-mantiene-las-cuatro-categorias-a-concurso\/","og_site_name":"Ajuntament de Mont-roig del Camp","article_published_time":"2022-12-12T17:26:17+00:00","article_modified_time":"2022-12-12T17:48:28+00:00","og_image":[{"width":1200,"height":628,"url":"https:\/\/mont-roig.cat\/wp-content\/uploads\/968353d9-6617-457d-94be-37d33622b6b1.jpg","type":"image\/jpeg"}],"author":"comunicacio","twitter_card":"summary_large_image","twitter_misc":{"Escrito por":"comunicacio","Tiempo de lectura":"2 minutos"},"schema":{"@context":"https:\/\/schema.org","@graph":[{"@type":"Article","@id":"https:\/\/mont-roig.cat\/es\/actualitat\/noticies\/el-ayuntamiento-organiza-de-nuevo-el-concurso-de-belenes-que-mantiene-las-cuatro-categorias-a-concurso\/#article","isPartOf":{"@id":"https:\/\/mont-roig.cat\/es\/actualitat\/noticies\/el-ayuntamiento-organiza-de-nuevo-el-concurso-de-belenes-que-mantiene-las-cuatro-categorias-a-concurso\/"},"author":{"name":"comunicacio","@id":"https:\/\/mont-roig.cat\/es\/#\/schema\/person\/1f73e7b5e6f9dd122e8a6f14f310ac5e"},"headline":"El Ayuntamiento organiza de nuevo el Concurso de Belenes que mantiene las cuatro categor\u00edas a concurso","datePublished":"2022-12-12T17:26:17+00:00","dateModified":"2022-12-12T17:48:28+00:00","mainEntityOfPage":{"@id":"https:\/\/mont-roig.cat\/es\/actualitat\/noticies\/el-ayuntamiento-organiza-de-nuevo-el-concurso-de-belenes-que-mantiene-las-cuatro-categorias-a-concurso\/"},"wordCount":303,"image":{"@id":"https:\/\/mont-roig.cat\/es\/actualitat\/noticies\/el-ayuntamiento-organiza-de-nuevo-el-concurso-de-belenes-que-mantiene-las-cuatro-categorias-a-concurso\/#primaryimage"},"thumbnailUrl":"https:\/\/mont-roig.cat\/wp-content\/uploads\/968353d9-6617-457d-94be-37d33622b6b1.jpg","articleSection":["Ayuntamiento","Cultura"],"inLanguage":"es"},{"@type":"WebPage","@id":"https:\/\/mont-roig.cat\/es\/actualitat\/noticies\/el-ayuntamiento-organiza-de-nuevo-el-concurso-de-belenes-que-mantiene-las-cuatro-categorias-a-concurso\/","url":"https:\/\/mont-roig.cat\/es\/actualitat\/noticies\/el-ayuntamiento-organiza-de-nuevo-el-concurso-de-belenes-que-mantiene-las-cuatro-categorias-a-concurso\/","name":"El Ayuntamiento organiza de nuevo el Concurso de Belenes que mantiene las cuatro categor\u00edas a concurso - Ajuntament de Mont-roig del Camp","isPartOf":{"@id":"https:\/\/mont-roig.cat\/es\/#website"},"primaryImageOfPage":{"@id":"https:\/\/mont-roig.cat\/es\/actualitat\/noticies\/el-ayuntamiento-organiza-de-nuevo-el-concurso-de-belenes-que-mantiene-las-cuatro-categorias-a-concurso\/#primaryimage"},"image":{"@id":"https:\/\/mont-roig.cat\/es\/actualitat\/noticies\/el-ayuntamiento-organiza-de-nuevo-el-concurso-de-belenes-que-mantiene-las-cuatro-categorias-a-concurso\/#primaryimage"},"thumbnailUrl":"https:\/\/mont-roig.cat\/wp-content\/uploads\/968353d9-6617-457d-94be-37d33622b6b1.jpg","datePublished":"2022-12-12T17:26:17+00:00","dateModified":"2022-12-12T17:48:28+00:00","author":{"@id":"https:\/\/mont-roig.cat\/es\/#\/schema\/person\/1f73e7b5e6f9dd122e8a6f14f310ac5e"},"breadcrumb":{"@id":"https:\/\/mont-roig.cat\/es\/actualitat\/noticies\/el-ayuntamiento-organiza-de-nuevo-el-concurso-de-belenes-que-mantiene-las-cuatro-categorias-a-concurso\/#breadcrumb"},"inLanguage":"es","potentialAction":[{"@type":"ReadAction","target":["https:\/\/mont-roig.cat\/es\/actualitat\/noticies\/el-ayuntamiento-organiza-de-nuevo-el-concurso-de-belenes-que-mantiene-las-cuatro-categorias-a-concurso\/"]}]},{"@type":"ImageObject","inLanguage":"es","@id":"https:\/\/mont-roig.cat\/es\/actualitat\/noticies\/el-ayuntamiento-organiza-de-nuevo-el-concurso-de-belenes-que-mantiene-las-cuatro-categorias-a-concurso\/#primaryimage","url":"https:\/\/mont-roig.cat\/wp-content\/uploads\/968353d9-6617-457d-94be-37d33622b6b1.jpg","contentUrl":"https:\/\/mont-roig.cat\/wp-content\/uploads\/968353d9-6617-457d-94be-37d33622b6b1.jpg","width":1200,"height":628},{"@type":"BreadcrumbList","@id":"https:\/\/mont-roig.cat\/es\/actualitat\/noticies\/el-ayuntamiento-organiza-de-nuevo-el-concurso-de-belenes-que-mantiene-las-cuatro-categorias-a-concurso\/#breadcrumb","itemListElement":[{"@type":"ListItem","position":1,"name":"Inici","item":"https:\/\/mont-roig.cat\/es\/pagina-de-inicio\/"},{"@type":"ListItem","position":2,"name":"El Ayuntamiento organiza de nuevo el Concurso de Belenes que mantiene las cuatro categor\u00edas a concurso"}]},{"@type":"WebSite","@id":"https:\/\/mont-roig.cat\/es\/#website","url":"https:\/\/mont-roig.cat\/es\/","name":"Ajuntament de Mont-roig del Camp","description":"Tota la informaci\u00f3 sobre la instituci\u00f3, els seus \u00f2rgans de govern, actualitat, serveis i molt m\u00e9s.","potentialAction":[{"@type":"SearchAction","target":{"@type":"EntryPoint","urlTemplate":"https:\/\/mont-roig.cat\/es\/?s={search_term_string}"},"query-input":{"@type":"PropertyValueSpecification","valueRequired":true,"valueName":"search_term_string"}}],"inLanguage":"es"},{"@type":"Person","@id":"https:\/\/mont-roig.cat\/es\/#\/schema\/person\/1f73e7b5e6f9dd122e8a6f14f310ac5e","name":"comunicacio","image":{"@type":"ImageObject","inLanguage":"es","@id":"https:\/\/secure.gravatar.com\/avatar\/98944333e7a877670a64f8d10f0cb680ab2c9ebc4efc43945ef004b52b5ad28c?s=96&d=mm&r=g","url":"https:\/\/secure.gravatar.com\/avatar\/98944333e7a877670a64f8d10f0cb680ab2c9ebc4efc43945ef004b52b5ad28c?s=96&d=mm&r=g","contentUrl":"https:\/\/secure.gravatar.com\/avatar\/98944333e7a877670a64f8d10f0cb680ab2c9ebc4efc43945ef004b52b5ad28c?s=96&d=mm&r=g","caption":"comunicacio"},"url":"https:\/\/mont-roig.cat\/es\/actualitat\/noticies\/author\/comunicacio\/"}]}},"_links":{"self":[{"href":"https:\/\/mont-roig.cat\/es\/wp-json\/wp\/v2\/posts\/67098","targetHints":{"allow":["GET"]}}],"collection":[{"href":"https:\/\/mont-roig.cat\/es\/wp-json\/wp\/v2\/posts"}],"about":[{"href":"https:\/\/mont-roig.cat\/es\/wp-json\/wp\/v2\/types\/post"}],"author":[{"embeddable":true,"href":"https:\/\/mont-roig.cat\/es\/wp-json\/wp\/v2\/users\/13"}],"replies":[{"embeddable":true,"href":"https:\/\/mont-roig.cat\/es\/wp-json\/wp\/v2\/comments?post=67098"}],"version-history":[{"count":2,"href":"https:\/\/mont-roig.cat\/es\/wp-json\/wp\/v2\/posts\/67098\/revisions"}],"predecessor-version":[{"id":67100,"href":"https:\/\/mont-roig.cat\/es\/wp-json\/wp\/v2\/posts\/67098\/revisions\/67100"}],"wp:featuredmedia":[{"embeddable":true,"href":"https:\/\/mont-roig.cat\/es\/wp-json\/wp\/v2\/media\/67093"}],"wp:attachment":[{"href":"https:\/\/mont-roig.cat\/es\/wp-json\/wp\/v2\/media?parent=67098"}],"wp:term":[{"taxonomy":"category","embeddable":true,"href":"https:\/\/mont-roig.cat\/es\/wp-json\/wp\/v2\/categories?post=67098"},{"taxonomy":"post_tag","embeddable":true,"href":"https:\/\/mont-roig.cat\/es\/wp-json\/wp\/v2\/tags?post=67098"}],"curies":[{"name":"wp","href":"https:\/\/api.w.org\/{rel}","templated":true}]}}