{"id":67320,"date":"2022-12-21T12:42:18","date_gmt":"2022-12-21T11:42:18","guid":{"rendered":"https:\/\/mont-roig.cat\/?p=67320"},"modified":"2022-12-21T14:13:51","modified_gmt":"2022-12-21T13:13:51","slug":"se-restringe-el-acceso-al-torreon-de-miami-platja","status":"publish","type":"post","link":"https:\/\/mont-roig.cat\/es\/actualitat\/noticies\/se-restringe-el-acceso-al-torreon-de-miami-platja\/","title":{"rendered":"Se restringe el acceso al Torre\u00f3n de Miami Platja"},"content":{"rendered":"<div class=\"x11i5rnm xat24cr x1mh8g0r x1vvkbs xdj266r x126k92a\">\n<ul>\n<li dir=\"auto\"><strong>El objetivo es velar por la seguridad de las personas y evitar que el paso de los veh\u00edculos pueda provocar nuevos desprendimientos<\/strong><\/li>\n<\/ul>\n<div dir=\"auto\">\n<div id=\"attachment_67317\" style=\"width: 310px\" class=\"wp-caption alignright\"><a href=\"https:\/\/mont-roig.cat\/wp-content\/uploads\/IMG_2061-scaled.jpg\"><img loading=\"lazy\" decoding=\"async\" aria-describedby=\"caption-attachment-67317\" class=\"wp-image-67317\" src=\"https:\/\/mont-roig.cat\/wp-content\/uploads\/IMG_2061-500x375.jpg\" alt=\"\" width=\"300\" height=\"225\" srcset=\"https:\/\/mont-roig.cat\/wp-content\/uploads\/IMG_2061-500x375.jpg 500w, https:\/\/mont-roig.cat\/wp-content\/uploads\/IMG_2061-1024x768.jpg 1024w, https:\/\/mont-roig.cat\/wp-content\/uploads\/IMG_2061-768x576.jpg 768w, https:\/\/mont-roig.cat\/wp-content\/uploads\/IMG_2061-1536x1152.jpg 1536w, https:\/\/mont-roig.cat\/wp-content\/uploads\/IMG_2061-scaled.jpg 2048w, https:\/\/mont-roig.cat\/wp-content\/uploads\/IMG_2061-463x348.jpg 463w\" sizes=\"auto, (max-width: 300px) 100vw, 300px\" \/><\/a><p id=\"caption-attachment-67317\" class=\"wp-caption-text\">Cortado el paseo de las Calas frente al Torre\u00f3n<\/p><\/div>\n<\/div>\n<\/div>\n<div dir=\"auto\">\n<div class=\"x11i5rnm xat24cr x1mh8g0r x1vvkbs xtlvy1s x126k92a\">\n<div dir=\"auto\">\n<p>Siguiendo indicaciones del Servicio Provincial de Costas de Tarragona, el Ayuntamiento ha restringido el acceso de veh\u00edculos por delante del Torre\u00f3n de Miami Platja. El objetivo es velar por la seguridad de las personas y evitar que el tr\u00e1fico de los coches pueda acelerar o provocar nuevos desprendimientos.<\/p>\n<p>Por este motivo est\u00e1 cortado el paseo de las Calas a la altura de la rotonda del Torre\u00f3n, as\u00ed como el aparcamiento de veh\u00edculos que hay justo en frente. Para que los vecinos\/as del edificio Rosaleda puedan acceder a su vivienda se ha habilitado el acceso en direcci\u00f3n contraria desde la calle Valencia \u2013 paseo Mar\u00edtimo.<\/p>\n<p>El personal t\u00e9cnico de Costas sigue trabajando en el proyecto de evaluaci\u00f3n y propuesta de acciones para encontrar la mejor soluci\u00f3n al desprendimiento, que tuvo lugar el viernes 16 de diciembre por la madrugada.<\/p>\n<p>Recordemos que cuando se tuvo conocimiento del desprendimiento del paseo de las Calas, el Ayuntamiento se puso en contacto con el Servicio Provincial de Costas, que es quien tiene la competencia en este \u00e1mbito, para solicitar una actuaci\u00f3n inmediata, que no pusiera en peligro la seguridad de las personas y el Torre\u00f3n de Miami Platja, uno de los principales elementos patrimoniales de este n\u00facleo.<\/p>\n<p>En respuesta a la preocupaci\u00f3n del consistorio, Costas envi\u00f3 a personal t\u00e9cnico a revisar el estado de los taludes para realizar los estudios y la propuesta de actuaci\u00f3n pertinente, lo m\u00e1s urgente posible.<\/p>\n<\/div>\n<\/div>\n<\/div>\n","protected":false},"excerpt":{"rendered":"<p>El objetivo es velar por la seguridad de las personas y evitar que el paso de los veh\u00edculos pueda provocar nuevos desprendimientos Siguiendo indicaciones del Servicio Provincial de Costas de Tarragona, el Ayuntamiento ha restringido el acceso de veh\u00edculos por delante del Torre\u00f3n de Miami Platja. El objetivo es velar por la seguridad de las [&hellip;]<\/p>\n","protected":false},"author":13,"featured_media":67318,"comment_status":"closed","ping_status":"closed","sticky":false,"template":"","format":"standard","meta":{"inline_featured_image":false,"_monsterinsights_skip_tracking":false,"_monsterinsights_sitenote_active":false,"_monsterinsights_sitenote_note":"","_monsterinsights_sitenote_category":0,"footnotes":""},"categories":[98,113,116],"tags":[],"class_list":["post-67320","post","type-post","status-publish","format-standard","has-post-thumbnail","hentry","category-ayuntamiento","category-seguridad","category-urbanismo-y-obras"],"yoast_head":"<!-- This site is optimized with the Yoast SEO plugin v27.4 - https:\/\/yoast.com\/product\/yoast-seo-wordpress\/ -->\n<title>Se restringe el acceso al Torre\u00f3n de Miami Platja - Ajuntament de Mont-roig del Camp<\/title>\n<meta name=\"robots\" content=\"index, follow, max-snippet:-1, max-image-preview:large, max-video-preview:-1\" \/>\n<link rel=\"canonical\" href=\"https:\/\/mont-roig.cat\/es\/actualitat\/noticies\/se-restringe-el-acceso-al-torreon-de-miami-platja\/\" \/>\n<meta property=\"og:locale\" content=\"es_ES\" \/>\n<meta property=\"og:type\" content=\"article\" \/>\n<meta property=\"og:title\" content=\"Se restringe el acceso al Torre\u00f3n de Miami Platja - Ajuntament de Mont-roig del Camp\" \/>\n<meta property=\"og:description\" content=\"El objetivo es velar por la seguridad de las personas y evitar que el paso de los veh\u00edculos pueda provocar nuevos desprendimientos Siguiendo indicaciones del Servicio Provincial de Costas de Tarragona, el Ayuntamiento ha restringido el acceso de veh\u00edculos por delante del Torre\u00f3n de Miami Platja. El objetivo es velar por la seguridad de las [&hellip;]\" \/>\n<meta property=\"og:url\" content=\"https:\/\/mont-roig.cat\/es\/actualitat\/noticies\/se-restringe-el-acceso-al-torreon-de-miami-platja\/\" \/>\n<meta property=\"og:site_name\" content=\"Ajuntament de Mont-roig del Camp\" \/>\n<meta property=\"article:published_time\" content=\"2022-12-21T11:42:18+00:00\" \/>\n<meta property=\"article:modified_time\" content=\"2022-12-21T13:13:51+00:00\" \/>\n<meta property=\"og:image\" content=\"https:\/\/mont-roig.cat\/wp-content\/uploads\/IMG_2061-scaled.jpg\" \/>\n\t<meta property=\"og:image:width\" content=\"2048\" \/>\n\t<meta property=\"og:image:height\" content=\"1536\" \/>\n\t<meta property=\"og:image:type\" content=\"image\/jpeg\" \/>\n<meta name=\"author\" content=\"comunicacio\" \/>\n<meta name=\"twitter:card\" content=\"summary_large_image\" \/>\n<meta name=\"twitter:label1\" content=\"Escrito por\" \/>\n\t<meta name=\"twitter:data1\" content=\"comunicacio\" \/>\n\t<meta name=\"twitter:label2\" content=\"Tiempo de lectura\" \/>\n\t<meta name=\"twitter:data2\" content=\"2 minutos\" \/>\n<script type=\"application\/ld+json\" class=\"yoast-schema-graph\">{\"@context\":\"https:\\\/\\\/schema.org\",\"@graph\":[{\"@type\":\"Article\",\"@id\":\"https:\\\/\\\/mont-roig.cat\\\/es\\\/actualitat\\\/noticies\\\/se-restringe-el-acceso-al-torreon-de-miami-platja\\\/#article\",\"isPartOf\":{\"@id\":\"https:\\\/\\\/mont-roig.cat\\\/es\\\/actualitat\\\/noticies\\\/se-restringe-el-acceso-al-torreon-de-miami-platja\\\/\"},\"author\":{\"name\":\"comunicacio\",\"@id\":\"https:\\\/\\\/mont-roig.cat\\\/es\\\/#\\\/schema\\\/person\\\/1f73e7b5e6f9dd122e8a6f14f310ac5e\"},\"headline\":\"Se restringe el acceso al Torre\u00f3n de Miami Platja\",\"datePublished\":\"2022-12-21T11:42:18+00:00\",\"dateModified\":\"2022-12-21T13:13:51+00:00\",\"mainEntityOfPage\":{\"@id\":\"https:\\\/\\\/mont-roig.cat\\\/es\\\/actualitat\\\/noticies\\\/se-restringe-el-acceso-al-torreon-de-miami-platja\\\/\"},\"wordCount\":301,\"image\":{\"@id\":\"https:\\\/\\\/mont-roig.cat\\\/es\\\/actualitat\\\/noticies\\\/se-restringe-el-acceso-al-torreon-de-miami-platja\\\/#primaryimage\"},\"thumbnailUrl\":\"https:\\\/\\\/mont-roig.cat\\\/wp-content\\\/uploads\\\/IMG_2061-scaled.jpg\",\"articleSection\":[\"Ayuntamiento\",\"Seguridad\",\"Urbanismo y obras\"],\"inLanguage\":\"es\"},{\"@type\":\"WebPage\",\"@id\":\"https:\\\/\\\/mont-roig.cat\\\/es\\\/actualitat\\\/noticies\\\/se-restringe-el-acceso-al-torreon-de-miami-platja\\\/\",\"url\":\"https:\\\/\\\/mont-roig.cat\\\/es\\\/actualitat\\\/noticies\\\/se-restringe-el-acceso-al-torreon-de-miami-platja\\\/\",\"name\":\"Se restringe el acceso al Torre\u00f3n de Miami Platja - Ajuntament de Mont-roig del Camp\",\"isPartOf\":{\"@id\":\"https:\\\/\\\/mont-roig.cat\\\/es\\\/#website\"},\"primaryImageOfPage\":{\"@id\":\"https:\\\/\\\/mont-roig.cat\\\/es\\\/actualitat\\\/noticies\\\/se-restringe-el-acceso-al-torreon-de-miami-platja\\\/#primaryimage\"},\"image\":{\"@id\":\"https:\\\/\\\/mont-roig.cat\\\/es\\\/actualitat\\\/noticies\\\/se-restringe-el-acceso-al-torreon-de-miami-platja\\\/#primaryimage\"},\"thumbnailUrl\":\"https:\\\/\\\/mont-roig.cat\\\/wp-content\\\/uploads\\\/IMG_2061-scaled.jpg\",\"datePublished\":\"2022-12-21T11:42:18+00:00\",\"dateModified\":\"2022-12-21T13:13:51+00:00\",\"author\":{\"@id\":\"https:\\\/\\\/mont-roig.cat\\\/es\\\/#\\\/schema\\\/person\\\/1f73e7b5e6f9dd122e8a6f14f310ac5e\"},\"breadcrumb\":{\"@id\":\"https:\\\/\\\/mont-roig.cat\\\/es\\\/actualitat\\\/noticies\\\/se-restringe-el-acceso-al-torreon-de-miami-platja\\\/#breadcrumb\"},\"inLanguage\":\"es\",\"potentialAction\":[{\"@type\":\"ReadAction\",\"target\":[\"https:\\\/\\\/mont-roig.cat\\\/es\\\/actualitat\\\/noticies\\\/se-restringe-el-acceso-al-torreon-de-miami-platja\\\/\"]}]},{\"@type\":\"ImageObject\",\"inLanguage\":\"es\",\"@id\":\"https:\\\/\\\/mont-roig.cat\\\/es\\\/actualitat\\\/noticies\\\/se-restringe-el-acceso-al-torreon-de-miami-platja\\\/#primaryimage\",\"url\":\"https:\\\/\\\/mont-roig.cat\\\/wp-content\\\/uploads\\\/IMG_2061-scaled.jpg\",\"contentUrl\":\"https:\\\/\\\/mont-roig.cat\\\/wp-content\\\/uploads\\\/IMG_2061-scaled.jpg\",\"width\":2048,\"height\":1536},{\"@type\":\"BreadcrumbList\",\"@id\":\"https:\\\/\\\/mont-roig.cat\\\/es\\\/actualitat\\\/noticies\\\/se-restringe-el-acceso-al-torreon-de-miami-platja\\\/#breadcrumb\",\"itemListElement\":[{\"@type\":\"ListItem\",\"position\":1,\"name\":\"Inici\",\"item\":\"https:\\\/\\\/mont-roig.cat\\\/es\\\/pagina-de-inicio\\\/\"},{\"@type\":\"ListItem\",\"position\":2,\"name\":\"Se restringe el acceso al Torre\u00f3n de Miami Platja\"}]},{\"@type\":\"WebSite\",\"@id\":\"https:\\\/\\\/mont-roig.cat\\\/es\\\/#website\",\"url\":\"https:\\\/\\\/mont-roig.cat\\\/es\\\/\",\"name\":\"Ajuntament de Mont-roig del Camp\",\"description\":\"Tota la informaci\u00f3 sobre la instituci\u00f3, els seus \u00f2rgans de govern, actualitat, serveis i molt m\u00e9s.\",\"potentialAction\":[{\"@type\":\"SearchAction\",\"target\":{\"@type\":\"EntryPoint\",\"urlTemplate\":\"https:\\\/\\\/mont-roig.cat\\\/es\\\/?s={search_term_string}\"},\"query-input\":{\"@type\":\"PropertyValueSpecification\",\"valueRequired\":true,\"valueName\":\"search_term_string\"}}],\"inLanguage\":\"es\"},{\"@type\":\"Person\",\"@id\":\"https:\\\/\\\/mont-roig.cat\\\/es\\\/#\\\/schema\\\/person\\\/1f73e7b5e6f9dd122e8a6f14f310ac5e\",\"name\":\"comunicacio\",\"image\":{\"@type\":\"ImageObject\",\"inLanguage\":\"es\",\"@id\":\"https:\\\/\\\/secure.gravatar.com\\\/avatar\\\/98944333e7a877670a64f8d10f0cb680ab2c9ebc4efc43945ef004b52b5ad28c?s=96&d=mm&r=g\",\"url\":\"https:\\\/\\\/secure.gravatar.com\\\/avatar\\\/98944333e7a877670a64f8d10f0cb680ab2c9ebc4efc43945ef004b52b5ad28c?s=96&d=mm&r=g\",\"contentUrl\":\"https:\\\/\\\/secure.gravatar.com\\\/avatar\\\/98944333e7a877670a64f8d10f0cb680ab2c9ebc4efc43945ef004b52b5ad28c?s=96&d=mm&r=g\",\"caption\":\"comunicacio\"},\"url\":\"https:\\\/\\\/mont-roig.cat\\\/es\\\/actualitat\\\/noticies\\\/author\\\/comunicacio\\\/\"}]}<\/script>\n<!-- \/ Yoast SEO plugin. -->","yoast_head_json":{"title":"Se restringe el acceso al Torre\u00f3n de Miami Platja - Ajuntament de Mont-roig del Camp","robots":{"index":"index","follow":"follow","max-snippet":"max-snippet:-1","max-image-preview":"max-image-preview:large","max-video-preview":"max-video-preview:-1"},"canonical":"https:\/\/mont-roig.cat\/es\/actualitat\/noticies\/se-restringe-el-acceso-al-torreon-de-miami-platja\/","og_locale":"es_ES","og_type":"article","og_title":"Se restringe el acceso al Torre\u00f3n de Miami Platja - Ajuntament de Mont-roig del Camp","og_description":"El objetivo es velar por la seguridad de las personas y evitar que el paso de los veh\u00edculos pueda provocar nuevos desprendimientos Siguiendo indicaciones del Servicio Provincial de Costas de Tarragona, el Ayuntamiento ha restringido el acceso de veh\u00edculos por delante del Torre\u00f3n de Miami Platja. El objetivo es velar por la seguridad de las [&hellip;]","og_url":"https:\/\/mont-roig.cat\/es\/actualitat\/noticies\/se-restringe-el-acceso-al-torreon-de-miami-platja\/","og_site_name":"Ajuntament de Mont-roig del Camp","article_published_time":"2022-12-21T11:42:18+00:00","article_modified_time":"2022-12-21T13:13:51+00:00","og_image":[{"width":2048,"height":1536,"url":"https:\/\/mont-roig.cat\/wp-content\/uploads\/IMG_2061-scaled.jpg","type":"image\/jpeg"}],"author":"comunicacio","twitter_card":"summary_large_image","twitter_misc":{"Escrito por":"comunicacio","Tiempo de lectura":"2 minutos"},"schema":{"@context":"https:\/\/schema.org","@graph":[{"@type":"Article","@id":"https:\/\/mont-roig.cat\/es\/actualitat\/noticies\/se-restringe-el-acceso-al-torreon-de-miami-platja\/#article","isPartOf":{"@id":"https:\/\/mont-roig.cat\/es\/actualitat\/noticies\/se-restringe-el-acceso-al-torreon-de-miami-platja\/"},"author":{"name":"comunicacio","@id":"https:\/\/mont-roig.cat\/es\/#\/schema\/person\/1f73e7b5e6f9dd122e8a6f14f310ac5e"},"headline":"Se restringe el acceso al Torre\u00f3n de Miami Platja","datePublished":"2022-12-21T11:42:18+00:00","dateModified":"2022-12-21T13:13:51+00:00","mainEntityOfPage":{"@id":"https:\/\/mont-roig.cat\/es\/actualitat\/noticies\/se-restringe-el-acceso-al-torreon-de-miami-platja\/"},"wordCount":301,"image":{"@id":"https:\/\/mont-roig.cat\/es\/actualitat\/noticies\/se-restringe-el-acceso-al-torreon-de-miami-platja\/#primaryimage"},"thumbnailUrl":"https:\/\/mont-roig.cat\/wp-content\/uploads\/IMG_2061-scaled.jpg","articleSection":["Ayuntamiento","Seguridad","Urbanismo y obras"],"inLanguage":"es"},{"@type":"WebPage","@id":"https:\/\/mont-roig.cat\/es\/actualitat\/noticies\/se-restringe-el-acceso-al-torreon-de-miami-platja\/","url":"https:\/\/mont-roig.cat\/es\/actualitat\/noticies\/se-restringe-el-acceso-al-torreon-de-miami-platja\/","name":"Se restringe el acceso al Torre\u00f3n de Miami Platja - Ajuntament de Mont-roig del Camp","isPartOf":{"@id":"https:\/\/mont-roig.cat\/es\/#website"},"primaryImageOfPage":{"@id":"https:\/\/mont-roig.cat\/es\/actualitat\/noticies\/se-restringe-el-acceso-al-torreon-de-miami-platja\/#primaryimage"},"image":{"@id":"https:\/\/mont-roig.cat\/es\/actualitat\/noticies\/se-restringe-el-acceso-al-torreon-de-miami-platja\/#primaryimage"},"thumbnailUrl":"https:\/\/mont-roig.cat\/wp-content\/uploads\/IMG_2061-scaled.jpg","datePublished":"2022-12-21T11:42:18+00:00","dateModified":"2022-12-21T13:13:51+00:00","author":{"@id":"https:\/\/mont-roig.cat\/es\/#\/schema\/person\/1f73e7b5e6f9dd122e8a6f14f310ac5e"},"breadcrumb":{"@id":"https:\/\/mont-roig.cat\/es\/actualitat\/noticies\/se-restringe-el-acceso-al-torreon-de-miami-platja\/#breadcrumb"},"inLanguage":"es","potentialAction":[{"@type":"ReadAction","target":["https:\/\/mont-roig.cat\/es\/actualitat\/noticies\/se-restringe-el-acceso-al-torreon-de-miami-platja\/"]}]},{"@type":"ImageObject","inLanguage":"es","@id":"https:\/\/mont-roig.cat\/es\/actualitat\/noticies\/se-restringe-el-acceso-al-torreon-de-miami-platja\/#primaryimage","url":"https:\/\/mont-roig.cat\/wp-content\/uploads\/IMG_2061-scaled.jpg","contentUrl":"https:\/\/mont-roig.cat\/wp-content\/uploads\/IMG_2061-scaled.jpg","width":2048,"height":1536},{"@type":"BreadcrumbList","@id":"https:\/\/mont-roig.cat\/es\/actualitat\/noticies\/se-restringe-el-acceso-al-torreon-de-miami-platja\/#breadcrumb","itemListElement":[{"@type":"ListItem","position":1,"name":"Inici","item":"https:\/\/mont-roig.cat\/es\/pagina-de-inicio\/"},{"@type":"ListItem","position":2,"name":"Se restringe el acceso al Torre\u00f3n de Miami Platja"}]},{"@type":"WebSite","@id":"https:\/\/mont-roig.cat\/es\/#website","url":"https:\/\/mont-roig.cat\/es\/","name":"Ajuntament de Mont-roig del Camp","description":"Tota la informaci\u00f3 sobre la instituci\u00f3, els seus \u00f2rgans de govern, actualitat, serveis i molt m\u00e9s.","potentialAction":[{"@type":"SearchAction","target":{"@type":"EntryPoint","urlTemplate":"https:\/\/mont-roig.cat\/es\/?s={search_term_string}"},"query-input":{"@type":"PropertyValueSpecification","valueRequired":true,"valueName":"search_term_string"}}],"inLanguage":"es"},{"@type":"Person","@id":"https:\/\/mont-roig.cat\/es\/#\/schema\/person\/1f73e7b5e6f9dd122e8a6f14f310ac5e","name":"comunicacio","image":{"@type":"ImageObject","inLanguage":"es","@id":"https:\/\/secure.gravatar.com\/avatar\/98944333e7a877670a64f8d10f0cb680ab2c9ebc4efc43945ef004b52b5ad28c?s=96&d=mm&r=g","url":"https:\/\/secure.gravatar.com\/avatar\/98944333e7a877670a64f8d10f0cb680ab2c9ebc4efc43945ef004b52b5ad28c?s=96&d=mm&r=g","contentUrl":"https:\/\/secure.gravatar.com\/avatar\/98944333e7a877670a64f8d10f0cb680ab2c9ebc4efc43945ef004b52b5ad28c?s=96&d=mm&r=g","caption":"comunicacio"},"url":"https:\/\/mont-roig.cat\/es\/actualitat\/noticies\/author\/comunicacio\/"}]}},"_links":{"self":[{"href":"https:\/\/mont-roig.cat\/es\/wp-json\/wp\/v2\/posts\/67320","targetHints":{"allow":["GET"]}}],"collection":[{"href":"https:\/\/mont-roig.cat\/es\/wp-json\/wp\/v2\/posts"}],"about":[{"href":"https:\/\/mont-roig.cat\/es\/wp-json\/wp\/v2\/types\/post"}],"author":[{"embeddable":true,"href":"https:\/\/mont-roig.cat\/es\/wp-json\/wp\/v2\/users\/13"}],"replies":[{"embeddable":true,"href":"https:\/\/mont-roig.cat\/es\/wp-json\/wp\/v2\/comments?post=67320"}],"version-history":[{"count":2,"href":"https:\/\/mont-roig.cat\/es\/wp-json\/wp\/v2\/posts\/67320\/revisions"}],"predecessor-version":[{"id":67322,"href":"https:\/\/mont-roig.cat\/es\/wp-json\/wp\/v2\/posts\/67320\/revisions\/67322"}],"wp:featuredmedia":[{"embeddable":true,"href":"https:\/\/mont-roig.cat\/es\/wp-json\/wp\/v2\/media\/67318"}],"wp:attachment":[{"href":"https:\/\/mont-roig.cat\/es\/wp-json\/wp\/v2\/media?parent=67320"}],"wp:term":[{"taxonomy":"category","embeddable":true,"href":"https:\/\/mont-roig.cat\/es\/wp-json\/wp\/v2\/categories?post=67320"},{"taxonomy":"post_tag","embeddable":true,"href":"https:\/\/mont-roig.cat\/es\/wp-json\/wp\/v2\/tags?post=67320"}],"curies":[{"name":"wp","href":"https:\/\/api.w.org\/{rel}","templated":true}]}}