{"id":67465,"date":"2023-01-05T13:09:59","date_gmt":"2023-01-05T12:09:59","guid":{"rendered":"https:\/\/mont-roig.cat\/actualitat\/noticies\/lliurament-dels-premis-del-concurs-de-pessebre\/"},"modified":"2023-01-05T13:28:48","modified_gmt":"2023-01-05T12:28:48","slug":"entrega-de-los-premios-del-concurso-de-belenes","status":"publish","type":"post","link":"https:\/\/mont-roig.cat\/es\/actualitat\/noticies\/entrega-de-los-premios-del-concurso-de-belenes\/","title":{"rendered":"Entrega de los premios del Concurso de Belenes"},"content":{"rendered":"<div id=\"attachment_67460\" style=\"width: 309px\" class=\"wp-caption alignright\"><a href=\"https:\/\/mont-roig.cat\/wp-content\/uploads\/19681732-8bed-4609-b778-7cdae5486bb5.jpg\" target=\"_blank\" rel=\"noopener\"><img loading=\"lazy\" decoding=\"async\" aria-describedby=\"caption-attachment-67460\" class=\"wp-image-67460\" src=\"https:\/\/mont-roig.cat\/wp-content\/uploads\/19681732-8bed-4609-b778-7cdae5486bb5-500x333.jpg\" alt=\"\" width=\"299\" height=\"199\" srcset=\"https:\/\/mont-roig.cat\/wp-content\/uploads\/19681732-8bed-4609-b778-7cdae5486bb5-500x333.jpg 500w, https:\/\/mont-roig.cat\/wp-content\/uploads\/19681732-8bed-4609-b778-7cdae5486bb5-1024x683.jpg 1024w, https:\/\/mont-roig.cat\/wp-content\/uploads\/19681732-8bed-4609-b778-7cdae5486bb5-768x512.jpg 768w, https:\/\/mont-roig.cat\/wp-content\/uploads\/19681732-8bed-4609-b778-7cdae5486bb5-1536x1024.jpg 1536w, https:\/\/mont-roig.cat\/wp-content\/uploads\/19681732-8bed-4609-b778-7cdae5486bb5.jpg 1599w\" sizes=\"auto, (max-width: 299px) 100vw, 299px\" \/><\/a><p id=\"caption-attachment-67460\" class=\"wp-caption-text\">Ganadores del Concurso de Belenes 2022.<\/p><\/div>\n<ul>\n<li><strong>Este mi\u00e9rcoles, en el marco de la programaci\u00f3n navide\u00f1a de Mont-roig del Camp, tuvo lugar la entrega de los premios del Concurso de Belenes 2022.<\/strong><\/li>\n<\/ul>\n<p>La entrega de premios del Concurso de Belenes ha tenido lugar este mi\u00e9rcoles 4 de enero por la tarde en el Centre Cultural Esgl\u00e9sia Vella, tras la representaci\u00f3n del espect\u00e1culo de cuentos de Hans Christian Andersen a cargo de Eva Gonz\u00e1lez. Un espect\u00e1culo que hizo las delicias del p\u00fablico al contar con la participaci\u00f3n de peque\u00f1os y mayores.<\/p>\n<p>Durante la entrega de premios, que cont\u00f3 con la presencia de la concejala M. Remei Benach, se elogiaron la constancia y el entusiasmo de todas las construcciones y tambi\u00e9n la originalidad demostrada por los m\u00e1s peque\u00f1os que participan en el tradicional concurso.<\/p>\n<p>El jurado, que ha estado formado por Elisabet Pallej\u00e0, Cori Asens y M. del Carme Matas, hizo entrega de los premios en las siguientes categor\u00edas:<\/p>\n<p>En la categor\u00eda infantil el primer premio fue por el pesebre de Pol Tuset Fabra. En esta categor\u00eda tambi\u00e9n se concedi\u00f3 un acc\u00e9sit para el pesebre de Jordi Serra Mestre.<\/p>\n<p>El primer premio de la categor\u00eda prejuvenil fue por el pesebre de Paula Tuset Fabra. En esta categor\u00eda tambi\u00e9n se concedieron dos acc\u00e9sits para los pesebres de Jana, Georgina y Laia Ferr\u00e9 Nogu\u00e9s y por el de Ona Fortuny Ferr\u00e9.<\/p>\n<p>La categor\u00eda juvenil qued\u00f3 desierta.<\/p>\n<p>A continuaci\u00f3n se hizo entrega de los premios de la categor\u00eda familiar.<\/p>\n<p>El premio a la originalidad fue por el pesebre de Lourdes Pacheco Rodr\u00edguez.<\/p>\n<p>El premio al pesebre m\u00e1s art\u00edstico se lo llev\u00f3 Aina Ferr\u00e9 Savall.<\/p>\n<p>Y el premio por el pesebre mejor elaborado recay\u00f3 en Pilar Fern\u00e1ndez Gil. Por \u00faltimo, el acc\u00e9sit en la categor\u00eda familiar fue por el pesebre de Elsa Hern\u00e1ndez Dom\u00ednguez.<\/p>\n<p><a href=\"https:\/\/flic.kr\/s\/aHBqjAmVJm\" target=\"_blank\" rel=\"noopener\">Enlace con galer\u00eda de fotos en flickr.<\/a><\/p>\n<p>&nbsp;<\/p>\n","protected":false},"excerpt":{"rendered":"<p>Este mi\u00e9rcoles, en el marco de la programaci\u00f3n navide\u00f1a de Mont-roig del Camp, tuvo lugar la entrega de los premios del Concurso de Belenes 2022. La entrega de premios del Concurso de Belenes ha tenido lugar este mi\u00e9rcoles 4 de enero por la tarde en el Centre Cultural Esgl\u00e9sia Vella, tras la representaci\u00f3n del espect\u00e1culo [&hellip;]<\/p>\n","protected":false},"author":13,"featured_media":67461,"comment_status":"closed","ping_status":"closed","sticky":false,"template":"","format":"standard","meta":{"inline_featured_image":false,"_monsterinsights_skip_tracking":false,"_monsterinsights_sitenote_active":false,"_monsterinsights_sitenote_note":"","_monsterinsights_sitenote_category":0,"footnotes":""},"categories":[98,101],"tags":[],"class_list":["post-67465","post","type-post","status-publish","format-standard","has-post-thumbnail","hentry","category-ayuntamiento","category-cultura-es"],"yoast_head":"<!-- This site is optimized with the Yoast SEO plugin v27.4 - https:\/\/yoast.com\/product\/yoast-seo-wordpress\/ -->\n<title>Entrega de los premios del Concurso de Belenes - Ajuntament de Mont-roig del Camp<\/title>\n<meta name=\"robots\" content=\"index, follow, max-snippet:-1, max-image-preview:large, max-video-preview:-1\" \/>\n<link rel=\"canonical\" href=\"https:\/\/mont-roig.cat\/es\/actualitat\/noticies\/entrega-de-los-premios-del-concurso-de-belenes\/\" \/>\n<meta property=\"og:locale\" content=\"es_ES\" \/>\n<meta property=\"og:type\" content=\"article\" \/>\n<meta property=\"og:title\" content=\"Entrega de los premios del Concurso de Belenes - Ajuntament de Mont-roig del Camp\" \/>\n<meta property=\"og:description\" content=\"Este mi\u00e9rcoles, en el marco de la programaci\u00f3n navide\u00f1a de Mont-roig del Camp, tuvo lugar la entrega de los premios del Concurso de Belenes 2022. La entrega de premios del Concurso de Belenes ha tenido lugar este mi\u00e9rcoles 4 de enero por la tarde en el Centre Cultural Esgl\u00e9sia Vella, tras la representaci\u00f3n del espect\u00e1culo [&hellip;]\" \/>\n<meta property=\"og:url\" content=\"https:\/\/mont-roig.cat\/es\/actualitat\/noticies\/entrega-de-los-premios-del-concurso-de-belenes\/\" \/>\n<meta property=\"og:site_name\" content=\"Ajuntament de Mont-roig del Camp\" \/>\n<meta property=\"article:published_time\" content=\"2023-01-05T12:09:59+00:00\" \/>\n<meta property=\"article:modified_time\" content=\"2023-01-05T12:28:48+00:00\" \/>\n<meta property=\"og:image\" content=\"https:\/\/mont-roig.cat\/wp-content\/uploads\/19681732-8bed-4609-b778-7cdae5486bb5-500x333.jpg\" \/>\n<meta name=\"author\" content=\"comunicacio\" \/>\n<meta name=\"twitter:card\" content=\"summary_large_image\" \/>\n<meta name=\"twitter:label1\" content=\"Escrito por\" \/>\n\t<meta name=\"twitter:data1\" content=\"comunicacio\" \/>\n\t<meta name=\"twitter:label2\" content=\"Tiempo de lectura\" \/>\n\t<meta name=\"twitter:data2\" content=\"2 minutos\" \/>\n<script type=\"application\/ld+json\" class=\"yoast-schema-graph\">{\"@context\":\"https:\\\/\\\/schema.org\",\"@graph\":[{\"@type\":\"Article\",\"@id\":\"https:\\\/\\\/mont-roig.cat\\\/es\\\/actualitat\\\/noticies\\\/entrega-de-los-premios-del-concurso-de-belenes\\\/#article\",\"isPartOf\":{\"@id\":\"https:\\\/\\\/mont-roig.cat\\\/es\\\/actualitat\\\/noticies\\\/entrega-de-los-premios-del-concurso-de-belenes\\\/\"},\"author\":{\"name\":\"comunicacio\",\"@id\":\"https:\\\/\\\/mont-roig.cat\\\/es\\\/#\\\/schema\\\/person\\\/1f73e7b5e6f9dd122e8a6f14f310ac5e\"},\"headline\":\"Entrega de los premios del Concurso de Belenes\",\"datePublished\":\"2023-01-05T12:09:59+00:00\",\"dateModified\":\"2023-01-05T12:28:48+00:00\",\"mainEntityOfPage\":{\"@id\":\"https:\\\/\\\/mont-roig.cat\\\/es\\\/actualitat\\\/noticies\\\/entrega-de-los-premios-del-concurso-de-belenes\\\/\"},\"wordCount\":354,\"image\":{\"@id\":\"https:\\\/\\\/mont-roig.cat\\\/es\\\/actualitat\\\/noticies\\\/entrega-de-los-premios-del-concurso-de-belenes\\\/#primaryimage\"},\"thumbnailUrl\":\"https:\\\/\\\/mont-roig.cat\\\/wp-content\\\/uploads\\\/19681732-8bed-4609-b778-7cdae5486bb5.jpg\",\"articleSection\":[\"Ayuntamiento\",\"Cultura\"],\"inLanguage\":\"es\"},{\"@type\":\"WebPage\",\"@id\":\"https:\\\/\\\/mont-roig.cat\\\/es\\\/actualitat\\\/noticies\\\/entrega-de-los-premios-del-concurso-de-belenes\\\/\",\"url\":\"https:\\\/\\\/mont-roig.cat\\\/es\\\/actualitat\\\/noticies\\\/entrega-de-los-premios-del-concurso-de-belenes\\\/\",\"name\":\"Entrega de los premios del Concurso de Belenes - Ajuntament de Mont-roig del Camp\",\"isPartOf\":{\"@id\":\"https:\\\/\\\/mont-roig.cat\\\/es\\\/#website\"},\"primaryImageOfPage\":{\"@id\":\"https:\\\/\\\/mont-roig.cat\\\/es\\\/actualitat\\\/noticies\\\/entrega-de-los-premios-del-concurso-de-belenes\\\/#primaryimage\"},\"image\":{\"@id\":\"https:\\\/\\\/mont-roig.cat\\\/es\\\/actualitat\\\/noticies\\\/entrega-de-los-premios-del-concurso-de-belenes\\\/#primaryimage\"},\"thumbnailUrl\":\"https:\\\/\\\/mont-roig.cat\\\/wp-content\\\/uploads\\\/19681732-8bed-4609-b778-7cdae5486bb5.jpg\",\"datePublished\":\"2023-01-05T12:09:59+00:00\",\"dateModified\":\"2023-01-05T12:28:48+00:00\",\"author\":{\"@id\":\"https:\\\/\\\/mont-roig.cat\\\/es\\\/#\\\/schema\\\/person\\\/1f73e7b5e6f9dd122e8a6f14f310ac5e\"},\"breadcrumb\":{\"@id\":\"https:\\\/\\\/mont-roig.cat\\\/es\\\/actualitat\\\/noticies\\\/entrega-de-los-premios-del-concurso-de-belenes\\\/#breadcrumb\"},\"inLanguage\":\"es\",\"potentialAction\":[{\"@type\":\"ReadAction\",\"target\":[\"https:\\\/\\\/mont-roig.cat\\\/es\\\/actualitat\\\/noticies\\\/entrega-de-los-premios-del-concurso-de-belenes\\\/\"]}]},{\"@type\":\"ImageObject\",\"inLanguage\":\"es\",\"@id\":\"https:\\\/\\\/mont-roig.cat\\\/es\\\/actualitat\\\/noticies\\\/entrega-de-los-premios-del-concurso-de-belenes\\\/#primaryimage\",\"url\":\"https:\\\/\\\/mont-roig.cat\\\/wp-content\\\/uploads\\\/19681732-8bed-4609-b778-7cdae5486bb5.jpg\",\"contentUrl\":\"https:\\\/\\\/mont-roig.cat\\\/wp-content\\\/uploads\\\/19681732-8bed-4609-b778-7cdae5486bb5.jpg\",\"width\":1599,\"height\":1066},{\"@type\":\"BreadcrumbList\",\"@id\":\"https:\\\/\\\/mont-roig.cat\\\/es\\\/actualitat\\\/noticies\\\/entrega-de-los-premios-del-concurso-de-belenes\\\/#breadcrumb\",\"itemListElement\":[{\"@type\":\"ListItem\",\"position\":1,\"name\":\"Inici\",\"item\":\"https:\\\/\\\/mont-roig.cat\\\/es\\\/pagina-de-inicio\\\/\"},{\"@type\":\"ListItem\",\"position\":2,\"name\":\"Entrega de los premios del Concurso de Belenes\"}]},{\"@type\":\"WebSite\",\"@id\":\"https:\\\/\\\/mont-roig.cat\\\/es\\\/#website\",\"url\":\"https:\\\/\\\/mont-roig.cat\\\/es\\\/\",\"name\":\"Ajuntament de Mont-roig del Camp\",\"description\":\"Tota la informaci\u00f3 sobre la instituci\u00f3, els seus \u00f2rgans de govern, actualitat, serveis i molt m\u00e9s.\",\"potentialAction\":[{\"@type\":\"SearchAction\",\"target\":{\"@type\":\"EntryPoint\",\"urlTemplate\":\"https:\\\/\\\/mont-roig.cat\\\/es\\\/?s={search_term_string}\"},\"query-input\":{\"@type\":\"PropertyValueSpecification\",\"valueRequired\":true,\"valueName\":\"search_term_string\"}}],\"inLanguage\":\"es\"},{\"@type\":\"Person\",\"@id\":\"https:\\\/\\\/mont-roig.cat\\\/es\\\/#\\\/schema\\\/person\\\/1f73e7b5e6f9dd122e8a6f14f310ac5e\",\"name\":\"comunicacio\",\"image\":{\"@type\":\"ImageObject\",\"inLanguage\":\"es\",\"@id\":\"https:\\\/\\\/secure.gravatar.com\\\/avatar\\\/98944333e7a877670a64f8d10f0cb680ab2c9ebc4efc43945ef004b52b5ad28c?s=96&d=mm&r=g\",\"url\":\"https:\\\/\\\/secure.gravatar.com\\\/avatar\\\/98944333e7a877670a64f8d10f0cb680ab2c9ebc4efc43945ef004b52b5ad28c?s=96&d=mm&r=g\",\"contentUrl\":\"https:\\\/\\\/secure.gravatar.com\\\/avatar\\\/98944333e7a877670a64f8d10f0cb680ab2c9ebc4efc43945ef004b52b5ad28c?s=96&d=mm&r=g\",\"caption\":\"comunicacio\"},\"url\":\"https:\\\/\\\/mont-roig.cat\\\/es\\\/actualitat\\\/noticies\\\/author\\\/comunicacio\\\/\"}]}<\/script>\n<!-- \/ Yoast SEO plugin. -->","yoast_head_json":{"title":"Entrega de los premios del Concurso de Belenes - Ajuntament de Mont-roig del Camp","robots":{"index":"index","follow":"follow","max-snippet":"max-snippet:-1","max-image-preview":"max-image-preview:large","max-video-preview":"max-video-preview:-1"},"canonical":"https:\/\/mont-roig.cat\/es\/actualitat\/noticies\/entrega-de-los-premios-del-concurso-de-belenes\/","og_locale":"es_ES","og_type":"article","og_title":"Entrega de los premios del Concurso de Belenes - Ajuntament de Mont-roig del Camp","og_description":"Este mi\u00e9rcoles, en el marco de la programaci\u00f3n navide\u00f1a de Mont-roig del Camp, tuvo lugar la entrega de los premios del Concurso de Belenes 2022. La entrega de premios del Concurso de Belenes ha tenido lugar este mi\u00e9rcoles 4 de enero por la tarde en el Centre Cultural Esgl\u00e9sia Vella, tras la representaci\u00f3n del espect\u00e1culo [&hellip;]","og_url":"https:\/\/mont-roig.cat\/es\/actualitat\/noticies\/entrega-de-los-premios-del-concurso-de-belenes\/","og_site_name":"Ajuntament de Mont-roig del Camp","article_published_time":"2023-01-05T12:09:59+00:00","article_modified_time":"2023-01-05T12:28:48+00:00","og_image":[{"url":"https:\/\/mont-roig.cat\/wp-content\/uploads\/19681732-8bed-4609-b778-7cdae5486bb5-500x333.jpg","type":"","width":"","height":""}],"author":"comunicacio","twitter_card":"summary_large_image","twitter_misc":{"Escrito por":"comunicacio","Tiempo de lectura":"2 minutos"},"schema":{"@context":"https:\/\/schema.org","@graph":[{"@type":"Article","@id":"https:\/\/mont-roig.cat\/es\/actualitat\/noticies\/entrega-de-los-premios-del-concurso-de-belenes\/#article","isPartOf":{"@id":"https:\/\/mont-roig.cat\/es\/actualitat\/noticies\/entrega-de-los-premios-del-concurso-de-belenes\/"},"author":{"name":"comunicacio","@id":"https:\/\/mont-roig.cat\/es\/#\/schema\/person\/1f73e7b5e6f9dd122e8a6f14f310ac5e"},"headline":"Entrega de los premios del Concurso de Belenes","datePublished":"2023-01-05T12:09:59+00:00","dateModified":"2023-01-05T12:28:48+00:00","mainEntityOfPage":{"@id":"https:\/\/mont-roig.cat\/es\/actualitat\/noticies\/entrega-de-los-premios-del-concurso-de-belenes\/"},"wordCount":354,"image":{"@id":"https:\/\/mont-roig.cat\/es\/actualitat\/noticies\/entrega-de-los-premios-del-concurso-de-belenes\/#primaryimage"},"thumbnailUrl":"https:\/\/mont-roig.cat\/wp-content\/uploads\/19681732-8bed-4609-b778-7cdae5486bb5.jpg","articleSection":["Ayuntamiento","Cultura"],"inLanguage":"es"},{"@type":"WebPage","@id":"https:\/\/mont-roig.cat\/es\/actualitat\/noticies\/entrega-de-los-premios-del-concurso-de-belenes\/","url":"https:\/\/mont-roig.cat\/es\/actualitat\/noticies\/entrega-de-los-premios-del-concurso-de-belenes\/","name":"Entrega de los premios del Concurso de Belenes - Ajuntament de Mont-roig del Camp","isPartOf":{"@id":"https:\/\/mont-roig.cat\/es\/#website"},"primaryImageOfPage":{"@id":"https:\/\/mont-roig.cat\/es\/actualitat\/noticies\/entrega-de-los-premios-del-concurso-de-belenes\/#primaryimage"},"image":{"@id":"https:\/\/mont-roig.cat\/es\/actualitat\/noticies\/entrega-de-los-premios-del-concurso-de-belenes\/#primaryimage"},"thumbnailUrl":"https:\/\/mont-roig.cat\/wp-content\/uploads\/19681732-8bed-4609-b778-7cdae5486bb5.jpg","datePublished":"2023-01-05T12:09:59+00:00","dateModified":"2023-01-05T12:28:48+00:00","author":{"@id":"https:\/\/mont-roig.cat\/es\/#\/schema\/person\/1f73e7b5e6f9dd122e8a6f14f310ac5e"},"breadcrumb":{"@id":"https:\/\/mont-roig.cat\/es\/actualitat\/noticies\/entrega-de-los-premios-del-concurso-de-belenes\/#breadcrumb"},"inLanguage":"es","potentialAction":[{"@type":"ReadAction","target":["https:\/\/mont-roig.cat\/es\/actualitat\/noticies\/entrega-de-los-premios-del-concurso-de-belenes\/"]}]},{"@type":"ImageObject","inLanguage":"es","@id":"https:\/\/mont-roig.cat\/es\/actualitat\/noticies\/entrega-de-los-premios-del-concurso-de-belenes\/#primaryimage","url":"https:\/\/mont-roig.cat\/wp-content\/uploads\/19681732-8bed-4609-b778-7cdae5486bb5.jpg","contentUrl":"https:\/\/mont-roig.cat\/wp-content\/uploads\/19681732-8bed-4609-b778-7cdae5486bb5.jpg","width":1599,"height":1066},{"@type":"BreadcrumbList","@id":"https:\/\/mont-roig.cat\/es\/actualitat\/noticies\/entrega-de-los-premios-del-concurso-de-belenes\/#breadcrumb","itemListElement":[{"@type":"ListItem","position":1,"name":"Inici","item":"https:\/\/mont-roig.cat\/es\/pagina-de-inicio\/"},{"@type":"ListItem","position":2,"name":"Entrega de los premios del Concurso de Belenes"}]},{"@type":"WebSite","@id":"https:\/\/mont-roig.cat\/es\/#website","url":"https:\/\/mont-roig.cat\/es\/","name":"Ajuntament de Mont-roig del Camp","description":"Tota la informaci\u00f3 sobre la instituci\u00f3, els seus \u00f2rgans de govern, actualitat, serveis i molt m\u00e9s.","potentialAction":[{"@type":"SearchAction","target":{"@type":"EntryPoint","urlTemplate":"https:\/\/mont-roig.cat\/es\/?s={search_term_string}"},"query-input":{"@type":"PropertyValueSpecification","valueRequired":true,"valueName":"search_term_string"}}],"inLanguage":"es"},{"@type":"Person","@id":"https:\/\/mont-roig.cat\/es\/#\/schema\/person\/1f73e7b5e6f9dd122e8a6f14f310ac5e","name":"comunicacio","image":{"@type":"ImageObject","inLanguage":"es","@id":"https:\/\/secure.gravatar.com\/avatar\/98944333e7a877670a64f8d10f0cb680ab2c9ebc4efc43945ef004b52b5ad28c?s=96&d=mm&r=g","url":"https:\/\/secure.gravatar.com\/avatar\/98944333e7a877670a64f8d10f0cb680ab2c9ebc4efc43945ef004b52b5ad28c?s=96&d=mm&r=g","contentUrl":"https:\/\/secure.gravatar.com\/avatar\/98944333e7a877670a64f8d10f0cb680ab2c9ebc4efc43945ef004b52b5ad28c?s=96&d=mm&r=g","caption":"comunicacio"},"url":"https:\/\/mont-roig.cat\/es\/actualitat\/noticies\/author\/comunicacio\/"}]}},"_links":{"self":[{"href":"https:\/\/mont-roig.cat\/es\/wp-json\/wp\/v2\/posts\/67465","targetHints":{"allow":["GET"]}}],"collection":[{"href":"https:\/\/mont-roig.cat\/es\/wp-json\/wp\/v2\/posts"}],"about":[{"href":"https:\/\/mont-roig.cat\/es\/wp-json\/wp\/v2\/types\/post"}],"author":[{"embeddable":true,"href":"https:\/\/mont-roig.cat\/es\/wp-json\/wp\/v2\/users\/13"}],"replies":[{"embeddable":true,"href":"https:\/\/mont-roig.cat\/es\/wp-json\/wp\/v2\/comments?post=67465"}],"version-history":[{"count":3,"href":"https:\/\/mont-roig.cat\/es\/wp-json\/wp\/v2\/posts\/67465\/revisions"}],"predecessor-version":[{"id":67468,"href":"https:\/\/mont-roig.cat\/es\/wp-json\/wp\/v2\/posts\/67465\/revisions\/67468"}],"wp:featuredmedia":[{"embeddable":true,"href":"https:\/\/mont-roig.cat\/es\/wp-json\/wp\/v2\/media\/67461"}],"wp:attachment":[{"href":"https:\/\/mont-roig.cat\/es\/wp-json\/wp\/v2\/media?parent=67465"}],"wp:term":[{"taxonomy":"category","embeddable":true,"href":"https:\/\/mont-roig.cat\/es\/wp-json\/wp\/v2\/categories?post=67465"},{"taxonomy":"post_tag","embeddable":true,"href":"https:\/\/mont-roig.cat\/es\/wp-json\/wp\/v2\/tags?post=67465"}],"curies":[{"name":"wp","href":"https:\/\/api.w.org\/{rel}","templated":true}]}}