{"id":67625,"date":"2023-01-18T16:58:38","date_gmt":"2023-01-18T15:58:38","guid":{"rendered":"https:\/\/mont-roig.cat\/actualitat\/noticies\/el-municipi-es-promociona-a-fitur-la-fira-de-referencia-del-sector\/"},"modified":"2023-01-18T17:08:14","modified_gmt":"2023-01-18T16:08:14","slug":"el-municipi-es-promociona-a-fitur-la-fira-de-referencia-del-sector","status":"publish","type":"post","link":"https:\/\/mont-roig.cat\/es\/actualitat\/noticies\/el-municipi-es-promociona-a-fitur-la-fira-de-referencia-del-sector\/","title":{"rendered":"El municipio se promociona en FITUR, la feria de referencia del sector"},"content":{"rendered":"<div id=\"attachment_67619\" style=\"width: 319px\" class=\"wp-caption alignright\"><a href=\"https:\/\/mont-roig.cat\/wp-content\/uploads\/c08bfb0c-c73d-4f7b-b2b0-8f108c501a79.jpg\"><img loading=\"lazy\" decoding=\"async\" aria-describedby=\"caption-attachment-67619\" class=\"wp-image-67619\" src=\"https:\/\/mont-roig.cat\/wp-content\/uploads\/c08bfb0c-c73d-4f7b-b2b0-8f108c501a79-500x375.jpg\" alt=\"\" width=\"309\" height=\"232\" srcset=\"https:\/\/mont-roig.cat\/wp-content\/uploads\/c08bfb0c-c73d-4f7b-b2b0-8f108c501a79-500x375.jpg 500w, https:\/\/mont-roig.cat\/wp-content\/uploads\/c08bfb0c-c73d-4f7b-b2b0-8f108c501a79-768x576.jpg 768w, https:\/\/mont-roig.cat\/wp-content\/uploads\/c08bfb0c-c73d-4f7b-b2b0-8f108c501a79-463x348.jpg 463w, https:\/\/mont-roig.cat\/wp-content\/uploads\/c08bfb0c-c73d-4f7b-b2b0-8f108c501a79.jpg 1024w\" sizes=\"auto, (max-width: 309px) 100vw, 309px\" \/><\/a><p id=\"caption-attachment-67619\" class=\"wp-caption-text\">El alcalde Fran Morancho, la directora general de Turisme, Marta Dom\u00e8nech; el consejero de Empresa, Roger Torrent; la delegada del Govern en Madrid, Ester Capella, i la concejal de Turismo, Yolanda P\u00e9rez.<\/p><\/div>\n<ul>\n<li><strong>El objetivo de la asistencia a la feria es seguir posicionando la marca Mont-roig Miami Turisme, as\u00ed como mantener diversas reuniones y encuentros con empresas y otras instituciones que permitan establecer complicidades y tejer sinergias de futuro.<\/strong><\/li>\n<\/ul>\n<p>&nbsp;<\/p>\n<p>El alcalde Fran Morancho y la concejala de Turismo Yolanda P\u00e9rez han asistido, este mi\u00e9rcoles, a la Feria Internacional de Turismo, FITUR, que se celebra hasta el domingo en Madrid.<br \/>\nLa cita, una de las m\u00e1s importantes dentro del calendario de promoci\u00f3n tur\u00edstica, servir\u00e1 para posicionar la marca Mont-roig Miami Turisme y el municipio, as\u00ed como para mantener reuniones y encuentros con empresas y otras instituciones para establecer complicidades y tejer sinergias y alianzas.<br \/>\nMont-roig y Miami Platja est\u00e1 promocion\u00e1ndose en Fitur a trav\u00e9s del Corner de la Costa Daurada dentro del stand de la Ag\u00e8ncia Catalana de Turisme. De hecho, esta ma\u00f1ana, el consejero de Empresa Roger Torrent ha inaugurado el stand de Catalunya en Fitur, acompa\u00f1ado de medio centenar de representantes y entidades del territorio, entre ellas nuestro municipio.<br \/>\nEntre las diversas acciones que el municipio lleva a cabo en Fitur est\u00e1, esta tarde, la firma del convenio entre el ayuntamiento y la Estaci\u00f3n N\u00e1utica Costa Daurada y otros consistorios que forman parte. Este documento, que se firma cada a\u00f1o, es el que regula la relaci\u00f3n entre los municipios asociados y la Estaci\u00f3n N\u00e1utica para promocionar el ocio n\u00e1utico en estos territorios.<br \/>\nPor otra parte, entre las reuniones que se han realizado en Fitur destaca la que se ha mantenido con el gerente y la directora de proyectos de Segittur, que es el organismo gestor de los Destinos de Turismo Inteligente del Estado espa\u00f1ol, que depende de la Secretar\u00eda de Estado de Turismo. El municipio tambi\u00e9n se ha reunido con dos empresas consultoras tur\u00edsticas especializadas en planes de sostenibilidad tur\u00edstica.<\/p>\n<p><strong>Las plazas tur\u00edsticas del municipio<\/strong><\/p>\n<p>Cabe destacar que Mont-roig y Miami Platja cuenta (con datos de enero de 2023) con un total de 12.433 plazas en los campings del municipio. Recordemos que dos de ellos, el Camping La Torre del Sol y el Playa Mont-roig Camping Resort, han sido reconocidos, de nuevo, entre los mejores campings de Europa por las asociaciones ANWB de los Pa\u00edses Bajos y ADAC de Alemania .<\/p>\n<p>A esta cifra hay que sumarle las 2.457 viviendas de uso tur\u00edstico, que ofrecen un total de 9.828 plazas de ocupaci\u00f3n y 1.045 plazas hoteleras. En total, el destino tur\u00edstico de Mont-roig y Miami Platja dispone de una capacidad de 23.000 plazas para alojarse en el municipio, datos que sirven para destacar el gran peso que el sector tur\u00edstico tiene y la importancia que tiene estar representados en una feria como Fitur.<\/p>\n","protected":false},"excerpt":{"rendered":"<p>El objetivo de la asistencia a la feria es seguir posicionando la marca Mont-roig Miami Turisme, as\u00ed como mantener diversas reuniones y encuentros con empresas y otras instituciones que permitan establecer complicidades y tejer sinergias de futuro. &nbsp; El alcalde Fran Morancho y la concejala de Turismo Yolanda P\u00e9rez han asistido, este mi\u00e9rcoles, a la [&hellip;]<\/p>\n","protected":false},"author":13,"featured_media":67620,"comment_status":"closed","ping_status":"closed","sticky":false,"template":"","format":"standard","meta":{"inline_featured_image":false,"_monsterinsights_skip_tracking":false,"_monsterinsights_sitenote_active":false,"_monsterinsights_sitenote_note":"","_monsterinsights_sitenote_category":0,"footnotes":""},"categories":[98,115],"tags":[],"class_list":["post-67625","post","type-post","status-publish","format-standard","has-post-thumbnail","hentry","category-ayuntamiento","category-turismo"],"yoast_head":"<!-- This site is optimized with the Yoast SEO plugin v27.4 - https:\/\/yoast.com\/product\/yoast-seo-wordpress\/ -->\n<title>El municipio se promociona en FITUR, la feria de referencia del sector - Ajuntament de Mont-roig del Camp<\/title>\n<meta name=\"robots\" content=\"index, follow, max-snippet:-1, max-image-preview:large, max-video-preview:-1\" \/>\n<link rel=\"canonical\" href=\"https:\/\/mont-roig.cat\/es\/actualitat\/noticies\/el-municipi-es-promociona-a-fitur-la-fira-de-referencia-del-sector\/\" \/>\n<meta property=\"og:locale\" content=\"es_ES\" \/>\n<meta property=\"og:type\" content=\"article\" \/>\n<meta property=\"og:title\" content=\"El municipio se promociona en FITUR, la feria de referencia del sector - Ajuntament de Mont-roig del Camp\" \/>\n<meta property=\"og:description\" content=\"El objetivo de la asistencia a la feria es seguir posicionando la marca Mont-roig Miami Turisme, as\u00ed como mantener diversas reuniones y encuentros con empresas y otras instituciones que permitan establecer complicidades y tejer sinergias de futuro. &nbsp; El alcalde Fran Morancho y la concejala de Turismo Yolanda P\u00e9rez han asistido, este mi\u00e9rcoles, a la [&hellip;]\" \/>\n<meta property=\"og:url\" content=\"https:\/\/mont-roig.cat\/es\/actualitat\/noticies\/el-municipi-es-promociona-a-fitur-la-fira-de-referencia-del-sector\/\" \/>\n<meta property=\"og:site_name\" content=\"Ajuntament de Mont-roig del Camp\" \/>\n<meta property=\"article:published_time\" content=\"2023-01-18T15:58:38+00:00\" \/>\n<meta property=\"article:modified_time\" content=\"2023-01-18T16:08:14+00:00\" \/>\n<meta property=\"og:image\" content=\"https:\/\/mont-roig.cat\/wp-content\/uploads\/c08bfb0c-c73d-4f7b-b2b0-8f108c501a79.jpg\" \/>\n\t<meta property=\"og:image:width\" content=\"1024\" \/>\n\t<meta property=\"og:image:height\" content=\"768\" \/>\n\t<meta property=\"og:image:type\" content=\"image\/jpeg\" \/>\n<meta name=\"author\" content=\"comunicacio\" \/>\n<meta name=\"twitter:card\" content=\"summary_large_image\" \/>\n<meta name=\"twitter:label1\" content=\"Escrito por\" \/>\n\t<meta name=\"twitter:data1\" content=\"comunicacio\" \/>\n\t<meta name=\"twitter:label2\" content=\"Tiempo de lectura\" \/>\n\t<meta name=\"twitter:data2\" content=\"3 minutos\" \/>\n<script type=\"application\/ld+json\" class=\"yoast-schema-graph\">{\"@context\":\"https:\\\/\\\/schema.org\",\"@graph\":[{\"@type\":\"Article\",\"@id\":\"https:\\\/\\\/mont-roig.cat\\\/es\\\/actualitat\\\/noticies\\\/el-municipi-es-promociona-a-fitur-la-fira-de-referencia-del-sector\\\/#article\",\"isPartOf\":{\"@id\":\"https:\\\/\\\/mont-roig.cat\\\/es\\\/actualitat\\\/noticies\\\/el-municipi-es-promociona-a-fitur-la-fira-de-referencia-del-sector\\\/\"},\"author\":{\"name\":\"comunicacio\",\"@id\":\"https:\\\/\\\/mont-roig.cat\\\/es\\\/#\\\/schema\\\/person\\\/1f73e7b5e6f9dd122e8a6f14f310ac5e\"},\"headline\":\"El municipio se promociona en FITUR, la feria de referencia del sector\",\"datePublished\":\"2023-01-18T15:58:38+00:00\",\"dateModified\":\"2023-01-18T16:08:14+00:00\",\"mainEntityOfPage\":{\"@id\":\"https:\\\/\\\/mont-roig.cat\\\/es\\\/actualitat\\\/noticies\\\/el-municipi-es-promociona-a-fitur-la-fira-de-referencia-del-sector\\\/\"},\"wordCount\":517,\"image\":{\"@id\":\"https:\\\/\\\/mont-roig.cat\\\/es\\\/actualitat\\\/noticies\\\/el-municipi-es-promociona-a-fitur-la-fira-de-referencia-del-sector\\\/#primaryimage\"},\"thumbnailUrl\":\"https:\\\/\\\/mont-roig.cat\\\/wp-content\\\/uploads\\\/c08bfb0c-c73d-4f7b-b2b0-8f108c501a79.jpg\",\"articleSection\":[\"Ayuntamiento\",\"Turismo\"],\"inLanguage\":\"es\"},{\"@type\":\"WebPage\",\"@id\":\"https:\\\/\\\/mont-roig.cat\\\/es\\\/actualitat\\\/noticies\\\/el-municipi-es-promociona-a-fitur-la-fira-de-referencia-del-sector\\\/\",\"url\":\"https:\\\/\\\/mont-roig.cat\\\/es\\\/actualitat\\\/noticies\\\/el-municipi-es-promociona-a-fitur-la-fira-de-referencia-del-sector\\\/\",\"name\":\"El municipio se promociona en FITUR, la feria de referencia del sector - Ajuntament de Mont-roig del Camp\",\"isPartOf\":{\"@id\":\"https:\\\/\\\/mont-roig.cat\\\/es\\\/#website\"},\"primaryImageOfPage\":{\"@id\":\"https:\\\/\\\/mont-roig.cat\\\/es\\\/actualitat\\\/noticies\\\/el-municipi-es-promociona-a-fitur-la-fira-de-referencia-del-sector\\\/#primaryimage\"},\"image\":{\"@id\":\"https:\\\/\\\/mont-roig.cat\\\/es\\\/actualitat\\\/noticies\\\/el-municipi-es-promociona-a-fitur-la-fira-de-referencia-del-sector\\\/#primaryimage\"},\"thumbnailUrl\":\"https:\\\/\\\/mont-roig.cat\\\/wp-content\\\/uploads\\\/c08bfb0c-c73d-4f7b-b2b0-8f108c501a79.jpg\",\"datePublished\":\"2023-01-18T15:58:38+00:00\",\"dateModified\":\"2023-01-18T16:08:14+00:00\",\"author\":{\"@id\":\"https:\\\/\\\/mont-roig.cat\\\/es\\\/#\\\/schema\\\/person\\\/1f73e7b5e6f9dd122e8a6f14f310ac5e\"},\"breadcrumb\":{\"@id\":\"https:\\\/\\\/mont-roig.cat\\\/es\\\/actualitat\\\/noticies\\\/el-municipi-es-promociona-a-fitur-la-fira-de-referencia-del-sector\\\/#breadcrumb\"},\"inLanguage\":\"es\",\"potentialAction\":[{\"@type\":\"ReadAction\",\"target\":[\"https:\\\/\\\/mont-roig.cat\\\/es\\\/actualitat\\\/noticies\\\/el-municipi-es-promociona-a-fitur-la-fira-de-referencia-del-sector\\\/\"]}]},{\"@type\":\"ImageObject\",\"inLanguage\":\"es\",\"@id\":\"https:\\\/\\\/mont-roig.cat\\\/es\\\/actualitat\\\/noticies\\\/el-municipi-es-promociona-a-fitur-la-fira-de-referencia-del-sector\\\/#primaryimage\",\"url\":\"https:\\\/\\\/mont-roig.cat\\\/wp-content\\\/uploads\\\/c08bfb0c-c73d-4f7b-b2b0-8f108c501a79.jpg\",\"contentUrl\":\"https:\\\/\\\/mont-roig.cat\\\/wp-content\\\/uploads\\\/c08bfb0c-c73d-4f7b-b2b0-8f108c501a79.jpg\",\"width\":1024,\"height\":768},{\"@type\":\"BreadcrumbList\",\"@id\":\"https:\\\/\\\/mont-roig.cat\\\/es\\\/actualitat\\\/noticies\\\/el-municipi-es-promociona-a-fitur-la-fira-de-referencia-del-sector\\\/#breadcrumb\",\"itemListElement\":[{\"@type\":\"ListItem\",\"position\":1,\"name\":\"Inici\",\"item\":\"https:\\\/\\\/mont-roig.cat\\\/es\\\/pagina-de-inicio\\\/\"},{\"@type\":\"ListItem\",\"position\":2,\"name\":\"El municipio se promociona en FITUR, la feria de referencia del sector\"}]},{\"@type\":\"WebSite\",\"@id\":\"https:\\\/\\\/mont-roig.cat\\\/es\\\/#website\",\"url\":\"https:\\\/\\\/mont-roig.cat\\\/es\\\/\",\"name\":\"Ajuntament de Mont-roig del Camp\",\"description\":\"Tota la informaci\u00f3 sobre la instituci\u00f3, els seus \u00f2rgans de govern, actualitat, serveis i molt m\u00e9s.\",\"potentialAction\":[{\"@type\":\"SearchAction\",\"target\":{\"@type\":\"EntryPoint\",\"urlTemplate\":\"https:\\\/\\\/mont-roig.cat\\\/es\\\/?s={search_term_string}\"},\"query-input\":{\"@type\":\"PropertyValueSpecification\",\"valueRequired\":true,\"valueName\":\"search_term_string\"}}],\"inLanguage\":\"es\"},{\"@type\":\"Person\",\"@id\":\"https:\\\/\\\/mont-roig.cat\\\/es\\\/#\\\/schema\\\/person\\\/1f73e7b5e6f9dd122e8a6f14f310ac5e\",\"name\":\"comunicacio\",\"image\":{\"@type\":\"ImageObject\",\"inLanguage\":\"es\",\"@id\":\"https:\\\/\\\/secure.gravatar.com\\\/avatar\\\/98944333e7a877670a64f8d10f0cb680ab2c9ebc4efc43945ef004b52b5ad28c?s=96&d=mm&r=g\",\"url\":\"https:\\\/\\\/secure.gravatar.com\\\/avatar\\\/98944333e7a877670a64f8d10f0cb680ab2c9ebc4efc43945ef004b52b5ad28c?s=96&d=mm&r=g\",\"contentUrl\":\"https:\\\/\\\/secure.gravatar.com\\\/avatar\\\/98944333e7a877670a64f8d10f0cb680ab2c9ebc4efc43945ef004b52b5ad28c?s=96&d=mm&r=g\",\"caption\":\"comunicacio\"},\"url\":\"https:\\\/\\\/mont-roig.cat\\\/es\\\/actualitat\\\/noticies\\\/author\\\/comunicacio\\\/\"}]}<\/script>\n<!-- \/ Yoast SEO plugin. -->","yoast_head_json":{"title":"El municipio se promociona en FITUR, la feria de referencia del sector - Ajuntament de Mont-roig del Camp","robots":{"index":"index","follow":"follow","max-snippet":"max-snippet:-1","max-image-preview":"max-image-preview:large","max-video-preview":"max-video-preview:-1"},"canonical":"https:\/\/mont-roig.cat\/es\/actualitat\/noticies\/el-municipi-es-promociona-a-fitur-la-fira-de-referencia-del-sector\/","og_locale":"es_ES","og_type":"article","og_title":"El municipio se promociona en FITUR, la feria de referencia del sector - Ajuntament de Mont-roig del Camp","og_description":"El objetivo de la asistencia a la feria es seguir posicionando la marca Mont-roig Miami Turisme, as\u00ed como mantener diversas reuniones y encuentros con empresas y otras instituciones que permitan establecer complicidades y tejer sinergias de futuro. &nbsp; El alcalde Fran Morancho y la concejala de Turismo Yolanda P\u00e9rez han asistido, este mi\u00e9rcoles, a la [&hellip;]","og_url":"https:\/\/mont-roig.cat\/es\/actualitat\/noticies\/el-municipi-es-promociona-a-fitur-la-fira-de-referencia-del-sector\/","og_site_name":"Ajuntament de Mont-roig del Camp","article_published_time":"2023-01-18T15:58:38+00:00","article_modified_time":"2023-01-18T16:08:14+00:00","og_image":[{"width":1024,"height":768,"url":"https:\/\/mont-roig.cat\/wp-content\/uploads\/c08bfb0c-c73d-4f7b-b2b0-8f108c501a79.jpg","type":"image\/jpeg"}],"author":"comunicacio","twitter_card":"summary_large_image","twitter_misc":{"Escrito por":"comunicacio","Tiempo de lectura":"3 minutos"},"schema":{"@context":"https:\/\/schema.org","@graph":[{"@type":"Article","@id":"https:\/\/mont-roig.cat\/es\/actualitat\/noticies\/el-municipi-es-promociona-a-fitur-la-fira-de-referencia-del-sector\/#article","isPartOf":{"@id":"https:\/\/mont-roig.cat\/es\/actualitat\/noticies\/el-municipi-es-promociona-a-fitur-la-fira-de-referencia-del-sector\/"},"author":{"name":"comunicacio","@id":"https:\/\/mont-roig.cat\/es\/#\/schema\/person\/1f73e7b5e6f9dd122e8a6f14f310ac5e"},"headline":"El municipio se promociona en FITUR, la feria de referencia del sector","datePublished":"2023-01-18T15:58:38+00:00","dateModified":"2023-01-18T16:08:14+00:00","mainEntityOfPage":{"@id":"https:\/\/mont-roig.cat\/es\/actualitat\/noticies\/el-municipi-es-promociona-a-fitur-la-fira-de-referencia-del-sector\/"},"wordCount":517,"image":{"@id":"https:\/\/mont-roig.cat\/es\/actualitat\/noticies\/el-municipi-es-promociona-a-fitur-la-fira-de-referencia-del-sector\/#primaryimage"},"thumbnailUrl":"https:\/\/mont-roig.cat\/wp-content\/uploads\/c08bfb0c-c73d-4f7b-b2b0-8f108c501a79.jpg","articleSection":["Ayuntamiento","Turismo"],"inLanguage":"es"},{"@type":"WebPage","@id":"https:\/\/mont-roig.cat\/es\/actualitat\/noticies\/el-municipi-es-promociona-a-fitur-la-fira-de-referencia-del-sector\/","url":"https:\/\/mont-roig.cat\/es\/actualitat\/noticies\/el-municipi-es-promociona-a-fitur-la-fira-de-referencia-del-sector\/","name":"El municipio se promociona en FITUR, la feria de referencia del sector - Ajuntament de Mont-roig del Camp","isPartOf":{"@id":"https:\/\/mont-roig.cat\/es\/#website"},"primaryImageOfPage":{"@id":"https:\/\/mont-roig.cat\/es\/actualitat\/noticies\/el-municipi-es-promociona-a-fitur-la-fira-de-referencia-del-sector\/#primaryimage"},"image":{"@id":"https:\/\/mont-roig.cat\/es\/actualitat\/noticies\/el-municipi-es-promociona-a-fitur-la-fira-de-referencia-del-sector\/#primaryimage"},"thumbnailUrl":"https:\/\/mont-roig.cat\/wp-content\/uploads\/c08bfb0c-c73d-4f7b-b2b0-8f108c501a79.jpg","datePublished":"2023-01-18T15:58:38+00:00","dateModified":"2023-01-18T16:08:14+00:00","author":{"@id":"https:\/\/mont-roig.cat\/es\/#\/schema\/person\/1f73e7b5e6f9dd122e8a6f14f310ac5e"},"breadcrumb":{"@id":"https:\/\/mont-roig.cat\/es\/actualitat\/noticies\/el-municipi-es-promociona-a-fitur-la-fira-de-referencia-del-sector\/#breadcrumb"},"inLanguage":"es","potentialAction":[{"@type":"ReadAction","target":["https:\/\/mont-roig.cat\/es\/actualitat\/noticies\/el-municipi-es-promociona-a-fitur-la-fira-de-referencia-del-sector\/"]}]},{"@type":"ImageObject","inLanguage":"es","@id":"https:\/\/mont-roig.cat\/es\/actualitat\/noticies\/el-municipi-es-promociona-a-fitur-la-fira-de-referencia-del-sector\/#primaryimage","url":"https:\/\/mont-roig.cat\/wp-content\/uploads\/c08bfb0c-c73d-4f7b-b2b0-8f108c501a79.jpg","contentUrl":"https:\/\/mont-roig.cat\/wp-content\/uploads\/c08bfb0c-c73d-4f7b-b2b0-8f108c501a79.jpg","width":1024,"height":768},{"@type":"BreadcrumbList","@id":"https:\/\/mont-roig.cat\/es\/actualitat\/noticies\/el-municipi-es-promociona-a-fitur-la-fira-de-referencia-del-sector\/#breadcrumb","itemListElement":[{"@type":"ListItem","position":1,"name":"Inici","item":"https:\/\/mont-roig.cat\/es\/pagina-de-inicio\/"},{"@type":"ListItem","position":2,"name":"El municipio se promociona en FITUR, la feria de referencia del sector"}]},{"@type":"WebSite","@id":"https:\/\/mont-roig.cat\/es\/#website","url":"https:\/\/mont-roig.cat\/es\/","name":"Ajuntament de Mont-roig del Camp","description":"Tota la informaci\u00f3 sobre la instituci\u00f3, els seus \u00f2rgans de govern, actualitat, serveis i molt m\u00e9s.","potentialAction":[{"@type":"SearchAction","target":{"@type":"EntryPoint","urlTemplate":"https:\/\/mont-roig.cat\/es\/?s={search_term_string}"},"query-input":{"@type":"PropertyValueSpecification","valueRequired":true,"valueName":"search_term_string"}}],"inLanguage":"es"},{"@type":"Person","@id":"https:\/\/mont-roig.cat\/es\/#\/schema\/person\/1f73e7b5e6f9dd122e8a6f14f310ac5e","name":"comunicacio","image":{"@type":"ImageObject","inLanguage":"es","@id":"https:\/\/secure.gravatar.com\/avatar\/98944333e7a877670a64f8d10f0cb680ab2c9ebc4efc43945ef004b52b5ad28c?s=96&d=mm&r=g","url":"https:\/\/secure.gravatar.com\/avatar\/98944333e7a877670a64f8d10f0cb680ab2c9ebc4efc43945ef004b52b5ad28c?s=96&d=mm&r=g","contentUrl":"https:\/\/secure.gravatar.com\/avatar\/98944333e7a877670a64f8d10f0cb680ab2c9ebc4efc43945ef004b52b5ad28c?s=96&d=mm&r=g","caption":"comunicacio"},"url":"https:\/\/mont-roig.cat\/es\/actualitat\/noticies\/author\/comunicacio\/"}]}},"_links":{"self":[{"href":"https:\/\/mont-roig.cat\/es\/wp-json\/wp\/v2\/posts\/67625","targetHints":{"allow":["GET"]}}],"collection":[{"href":"https:\/\/mont-roig.cat\/es\/wp-json\/wp\/v2\/posts"}],"about":[{"href":"https:\/\/mont-roig.cat\/es\/wp-json\/wp\/v2\/types\/post"}],"author":[{"embeddable":true,"href":"https:\/\/mont-roig.cat\/es\/wp-json\/wp\/v2\/users\/13"}],"replies":[{"embeddable":true,"href":"https:\/\/mont-roig.cat\/es\/wp-json\/wp\/v2\/comments?post=67625"}],"version-history":[{"count":4,"href":"https:\/\/mont-roig.cat\/es\/wp-json\/wp\/v2\/posts\/67625\/revisions"}],"predecessor-version":[{"id":67630,"href":"https:\/\/mont-roig.cat\/es\/wp-json\/wp\/v2\/posts\/67625\/revisions\/67630"}],"wp:featuredmedia":[{"embeddable":true,"href":"https:\/\/mont-roig.cat\/es\/wp-json\/wp\/v2\/media\/67620"}],"wp:attachment":[{"href":"https:\/\/mont-roig.cat\/es\/wp-json\/wp\/v2\/media?parent=67625"}],"wp:term":[{"taxonomy":"category","embeddable":true,"href":"https:\/\/mont-roig.cat\/es\/wp-json\/wp\/v2\/categories?post=67625"},{"taxonomy":"post_tag","embeddable":true,"href":"https:\/\/mont-roig.cat\/es\/wp-json\/wp\/v2\/tags?post=67625"}],"curies":[{"name":"wp","href":"https:\/\/api.w.org\/{rel}","templated":true}]}}