{"id":68316,"date":"2023-02-13T17:40:17","date_gmt":"2023-02-13T16:40:17","guid":{"rendered":"https:\/\/mont-roig.cat\/actualitat\/noticies\/el-ple-de-lajuntament-aprova-un-pressupost-de-mes-de-27-milions-deuros-per-al-2023\/"},"modified":"2023-02-13T17:52:51","modified_gmt":"2023-02-13T16:52:51","slug":"el-pleno-del-ayuntamiento-aprueba-un-presupuesto-de-mas-de-27-millones-de-euros-para-2023","status":"publish","type":"post","link":"https:\/\/mont-roig.cat\/es\/actualitat\/noticies\/el-pleno-del-ayuntamiento-aprueba-un-presupuesto-de-mas-de-27-millones-de-euros-para-2023\/","title":{"rendered":"El Pleno del Ayuntamiento aprueba un presupuesto de m\u00e1s de 27 millones de euros para 2023"},"content":{"rendered":"<div id=\"attachment_68308\" style=\"width: 313px\" class=\"wp-caption alignright\"><a href=\"https:\/\/mont-roig.cat\/wp-content\/uploads\/Ple-de-Pressupostos-Ajuntament-de-Mont-roig-del-Camp.jpeg\" target=\"_blank\" rel=\"noopener\"><img loading=\"lazy\" decoding=\"async\" aria-describedby=\"caption-attachment-68308\" class=\"wp-image-68308\" src=\"https:\/\/mont-roig.cat\/wp-content\/uploads\/Ple-de-Pressupostos-Ajuntament-de-Mont-roig-del-Camp-500x375.jpeg\" alt=\"\" width=\"303\" height=\"227\" srcset=\"https:\/\/mont-roig.cat\/wp-content\/uploads\/Ple-de-Pressupostos-Ajuntament-de-Mont-roig-del-Camp-500x375.jpeg 500w, https:\/\/mont-roig.cat\/wp-content\/uploads\/Ple-de-Pressupostos-Ajuntament-de-Mont-roig-del-Camp-1024x768.jpeg 1024w, https:\/\/mont-roig.cat\/wp-content\/uploads\/Ple-de-Pressupostos-Ajuntament-de-Mont-roig-del-Camp-768x576.jpeg 768w, https:\/\/mont-roig.cat\/wp-content\/uploads\/Ple-de-Pressupostos-Ajuntament-de-Mont-roig-del-Camp-1536x1152.jpeg 1536w, https:\/\/mont-roig.cat\/wp-content\/uploads\/Ple-de-Pressupostos-Ajuntament-de-Mont-roig-del-Camp-463x348.jpeg 463w, https:\/\/mont-roig.cat\/wp-content\/uploads\/Ple-de-Pressupostos-Ajuntament-de-Mont-roig-del-Camp.jpeg 1600w\" sizes=\"auto, (max-width: 303px) 100vw, 303px\" \/><\/a><p id=\"caption-attachment-68308\" class=\"wp-caption-text\">El presupuesto municipal se ha aprobado durante el Pleno extraordinario celebrado este lunes 13 de febrero de 2023<\/p><\/div>\n<ul>\n<li><strong>Las cuentas se han aprobado con el voto favorable del equipo de gobierno, la abstenci\u00f3n de ARA y el voto en contra de ERC \u2013MES, Junts per Mont-roig Miami y Ciudadanos<\/strong><\/li>\n<li><strong>El presupuesto vuelve a incidir en la recuperaci\u00f3n social y econ\u00f3mica local con gastos significativos que apuestan por las pol\u00edticas de protecci\u00f3n social (gente mayor, la atenci\u00f3n social b\u00e1sica, la educaci\u00f3n o juventud) as\u00ed como las pol\u00edticas de entorno (fomento de la movilidad no contaminante, la gesti\u00f3n de residuos y el medio ambiente)<\/strong><\/li>\n<\/ul>\n<p>El Pleno del Ayuntamiento de Mont-roig del Camp ha aprobado este lunes 13 de febrero un Presupuesto Municipal de 27&#8217;3 millones de euros para el ejercicio 2023. Este presupuesto cumple, como en los \u00faltimos a\u00f1os, el principio de equilibrio presupuestario, consolida la vuelta a la normalidad post COVID-19 a trav\u00e9s del gasto ordinario, y servir\u00e1 para afrontar un contexto social y econ\u00f3mico marcado por la inflaci\u00f3n y la crisis energ\u00e9tica. Ante este contexto, del todo incierto, se presenta un presupuesto contenido, con una variaci\u00f3n al alza del 1,49% respecto al presupuesto anterior.<\/p>\n<p>En cuanto a las inversiones, \u00e9stas caen un 35% y se sit\u00faan en 2,18 millones de euros. Debe tenerse en cuenta que las grandes inversiones del mandato se planificaron en los ejercicios anteriores, previendo para este ejercicio como m\u00e1s destacadas las derivadas del cumplimiento de subvenciones, concretamente del Plan de Sostenibilidad Tur\u00edstica en Destinos.<\/p>\n<p><strong>P<\/strong><strong>rincipales inversiones<\/strong><\/p>\n<p>Entre las principales inversiones destaca la urbanizaci\u00f3n de la plaza Girona (1.133.001 \u20ac), la compra del edificio del antiguo cine de Miami Platja (500.000 \u20ac), la adquisici\u00f3n de una nave para la maquinaria de la limpieza viaria, que est\u00e1 previsto que pase a gestionar la entidad p\u00fablica empresarial Nostreserveis (200.000 \u20ac) o los puntos de recarga en el marco del plan de sostenibilidad tur\u00edstica (180.000 \u20ac), entre otros.<\/p>\n<p><strong>Refuerzo de las pol\u00edticas de protecci\u00f3n social<\/strong><\/p>\n<p>El presupuesto vuelve a incidir en la recuperaci\u00f3n social y econ\u00f3mica local, a la par que prev\u00e9 hacer frente a la incertidumbre de los pr\u00f3ximos meses. Incluye gastos significativos que apuestan claramente por las pol\u00edticas de protecci\u00f3n social, en \u00e1mbitos como las Personas Mayores, la atenci\u00f3n social b\u00e1sica, la educaci\u00f3n o las pol\u00edticas de Juventud.<\/p>\n<p><strong>Apuesta por las pol\u00edticas de entorno<\/strong><\/p>\n<p>Se mantiene firme en el presupuesto, por otra parte, la apuesta por uno de los ejes m\u00e1s potentes, junto al social, las pol\u00edticas de entorno, transici\u00f3n energ\u00e9tica y ecol\u00f3gica. \u00c9stas tienen continuidad en \u00e1mbitos como el fomento de la movilidad no contaminante, la gesti\u00f3n de residuos y el medio ambiente. Este camino, estrat\u00e9gico, responde a la voluntad de contribuir a la sostenibilidad del planeta, as\u00ed como fomentar una relaci\u00f3n de la ciudadan\u00eda con su entorno saludable y segura.<\/p>\n<p><strong>Servicios de mantenimiento<\/strong><\/p>\n<p>Contin\u00faa tambi\u00e9n el compromiso del gobierno encabezado por Fran Morancho con el refuerzo de los servicios de mantenimiento de los espacios p\u00fablicos, con un notable incremento del gasto. En este \u00e1mbito, se manifiesta la necesidad de prever un incremento en el gasto provocado por el alza de precios de los suministros b\u00e1sicos y los materiales empleados para el mantenimiento de espacios y equipamientos<\/p>\n<p><strong>Empresas municipales<\/strong><\/p>\n<p>En cuanto a las empresas municipales, Nostraigua (6.641.107,00 \u20ac) experimenta un incremento gracias a aportaciones del ACA y nuevas cuotas de gesti\u00f3n, entre otras. Este crecimiento permitir\u00e1 ampliar los trabajos en reposiciones o asumir la subida del coste de energ\u00eda el\u00e9ctrica para mantener el precio de los servicios. En materia de inversiones la m\u00e1s importante que se llevar\u00e1 a cabo corresponde a la digitalizaci\u00f3n del ciclo del agua.<\/p>\n<p>Nostreserveis (5.371.298,20 \u20ac) tambi\u00e9n incrementa el presupuesto. Un aumento que viene determinado por las inversiones que deben llevarse a cabo. Con una previsi\u00f3n de 389.000 euros, estas se refieren, principalmente, a la renovaci\u00f3n de la flota que se ha iniciado en los \u00faltimos a\u00f1os siguiendo criterios medioambientales, as\u00ed como para la dotaci\u00f3n de nuevas ubicaciones para los almacenes de las brigadas, que dejar\u00e1n la zona de los Comellarets.<\/p>\n<p><a href=\"https:\/\/mont-roig.cat\/wp-content\/uploads\/Pressupost-municipal-2023.pdf\" target=\"_blank\" rel=\"noopener\">Descarga el pdf con un resumen del presupuesto para el a\u00f1o 2023 del Ayuntamiento de Mont-roig del Camp<\/a><\/p>\n<p>Los presupuestos se han aprobado con el voto favorable del equipo de gobierno (PSC, IMM y Verds per M\u00e9s), la abstenci\u00f3n de ARA y los votos en contra de ERC-MES,\u00a0 Junts por Mont-roig Miami y Ciudadanos. Los grupos de la oposici\u00f3n que se han mostrado contrarios a las cuentas y han criticado las cifras presentadas por el gobierno porque aseguran que apuestan poco por la cultura, la vivienda, el casco antiguo, la formaci\u00f3n, la promoci\u00f3n de los pol\u00edgonos, el retraso en la aprobaci\u00f3n o el endeudamiento.<\/p>\n<p><strong>Otros puntos del orden del d\u00eda<\/strong><\/p>\n<p>El Plenario tambi\u00e9n ha aprobado la plantilla de personal para el a\u00f1o 2023, que es continuista en relaci\u00f3n con la del a\u00f1o anterior y que mantiene los programas previstos.<\/p>\n<ul>\n<li><a href=\"https:\/\/www.youtube.com\/watch?v=37D3TazCnWw&amp;ab_channel=AjuntamentdeMont-roigdelCamp\" target=\"_blank\" rel=\"noopener\">El Pleno est\u00e1 disponible en el Canal Youtube del Ajuntament en este enlace<\/a><\/li>\n<\/ul>\n","protected":false},"excerpt":{"rendered":"<p>Las cuentas se han aprobado con el voto favorable del equipo de gobierno, la abstenci\u00f3n de ARA y el voto en contra de ERC \u2013MES, Junts per Mont-roig Miami y Ciudadanos El presupuesto vuelve a incidir en la recuperaci\u00f3n social y econ\u00f3mica local con gastos significativos que apuestan por las pol\u00edticas de protecci\u00f3n social (gente [&hellip;]<\/p>\n","protected":false},"author":13,"featured_media":68313,"comment_status":"closed","ping_status":"closed","sticky":false,"template":"","format":"standard","meta":{"inline_featured_image":false,"_monsterinsights_skip_tracking":false,"_monsterinsights_sitenote_active":false,"_monsterinsights_sitenote_note":"","_monsterinsights_sitenote_category":0,"footnotes":""},"categories":[98],"tags":[],"class_list":["post-68316","post","type-post","status-publish","format-standard","has-post-thumbnail","hentry","category-ayuntamiento"],"yoast_head":"<!-- This site is optimized with the Yoast SEO plugin v27.4 - https:\/\/yoast.com\/product\/yoast-seo-wordpress\/ -->\n<title>El Pleno del Ayuntamiento aprueba un presupuesto de m\u00e1s de 27 millones de euros para 2023 - Ajuntament de Mont-roig del Camp<\/title>\n<meta name=\"robots\" content=\"index, follow, max-snippet:-1, max-image-preview:large, max-video-preview:-1\" \/>\n<link rel=\"canonical\" href=\"https:\/\/mont-roig.cat\/es\/actualitat\/noticies\/el-pleno-del-ayuntamiento-aprueba-un-presupuesto-de-mas-de-27-millones-de-euros-para-2023\/\" \/>\n<meta property=\"og:locale\" content=\"es_ES\" \/>\n<meta property=\"og:type\" content=\"article\" \/>\n<meta property=\"og:title\" content=\"El Pleno del Ayuntamiento aprueba un presupuesto de m\u00e1s de 27 millones de euros para 2023 - Ajuntament de Mont-roig del Camp\" \/>\n<meta property=\"og:description\" content=\"Las cuentas se han aprobado con el voto favorable del equipo de gobierno, la abstenci\u00f3n de ARA y el voto en contra de ERC \u2013MES, Junts per Mont-roig Miami y Ciudadanos El presupuesto vuelve a incidir en la recuperaci\u00f3n social y econ\u00f3mica local con gastos significativos que apuestan por las pol\u00edticas de protecci\u00f3n social (gente [&hellip;]\" \/>\n<meta property=\"og:url\" content=\"https:\/\/mont-roig.cat\/es\/actualitat\/noticies\/el-pleno-del-ayuntamiento-aprueba-un-presupuesto-de-mas-de-27-millones-de-euros-para-2023\/\" \/>\n<meta property=\"og:site_name\" content=\"Ajuntament de Mont-roig del Camp\" \/>\n<meta property=\"article:published_time\" content=\"2023-02-13T16:40:17+00:00\" \/>\n<meta property=\"article:modified_time\" content=\"2023-02-13T16:52:51+00:00\" \/>\n<meta property=\"og:image\" content=\"https:\/\/mont-roig.cat\/wp-content\/uploads\/Pressupost-municipal-2023.png\" \/>\n\t<meta property=\"og:image:width\" content=\"1113\" \/>\n\t<meta property=\"og:image:height\" content=\"774\" \/>\n\t<meta property=\"og:image:type\" content=\"image\/png\" \/>\n<meta name=\"author\" content=\"comunicacio\" \/>\n<meta name=\"twitter:card\" content=\"summary_large_image\" \/>\n<meta name=\"twitter:label1\" content=\"Escrito por\" \/>\n\t<meta name=\"twitter:data1\" content=\"comunicacio\" \/>\n\t<meta name=\"twitter:label2\" content=\"Tiempo de lectura\" \/>\n\t<meta name=\"twitter:data2\" content=\"5 minutos\" \/>\n<script type=\"application\/ld+json\" class=\"yoast-schema-graph\">{\"@context\":\"https:\\\/\\\/schema.org\",\"@graph\":[{\"@type\":\"Article\",\"@id\":\"https:\\\/\\\/mont-roig.cat\\\/es\\\/actualitat\\\/noticies\\\/el-pleno-del-ayuntamiento-aprueba-un-presupuesto-de-mas-de-27-millones-de-euros-para-2023\\\/#article\",\"isPartOf\":{\"@id\":\"https:\\\/\\\/mont-roig.cat\\\/es\\\/actualitat\\\/noticies\\\/el-pleno-del-ayuntamiento-aprueba-un-presupuesto-de-mas-de-27-millones-de-euros-para-2023\\\/\"},\"author\":{\"name\":\"comunicacio\",\"@id\":\"https:\\\/\\\/mont-roig.cat\\\/es\\\/#\\\/schema\\\/person\\\/1f73e7b5e6f9dd122e8a6f14f310ac5e\"},\"headline\":\"El Pleno del Ayuntamiento aprueba un presupuesto de m\u00e1s de 27 millones de euros para 2023\",\"datePublished\":\"2023-02-13T16:40:17+00:00\",\"dateModified\":\"2023-02-13T16:52:51+00:00\",\"mainEntityOfPage\":{\"@id\":\"https:\\\/\\\/mont-roig.cat\\\/es\\\/actualitat\\\/noticies\\\/el-pleno-del-ayuntamiento-aprueba-un-presupuesto-de-mas-de-27-millones-de-euros-para-2023\\\/\"},\"wordCount\":893,\"image\":{\"@id\":\"https:\\\/\\\/mont-roig.cat\\\/es\\\/actualitat\\\/noticies\\\/el-pleno-del-ayuntamiento-aprueba-un-presupuesto-de-mas-de-27-millones-de-euros-para-2023\\\/#primaryimage\"},\"thumbnailUrl\":\"https:\\\/\\\/mont-roig.cat\\\/wp-content\\\/uploads\\\/Pressupost-municipal-2023.png\",\"articleSection\":[\"Ayuntamiento\"],\"inLanguage\":\"es\"},{\"@type\":\"WebPage\",\"@id\":\"https:\\\/\\\/mont-roig.cat\\\/es\\\/actualitat\\\/noticies\\\/el-pleno-del-ayuntamiento-aprueba-un-presupuesto-de-mas-de-27-millones-de-euros-para-2023\\\/\",\"url\":\"https:\\\/\\\/mont-roig.cat\\\/es\\\/actualitat\\\/noticies\\\/el-pleno-del-ayuntamiento-aprueba-un-presupuesto-de-mas-de-27-millones-de-euros-para-2023\\\/\",\"name\":\"El Pleno del Ayuntamiento aprueba un presupuesto de m\u00e1s de 27 millones de euros para 2023 - Ajuntament de Mont-roig del Camp\",\"isPartOf\":{\"@id\":\"https:\\\/\\\/mont-roig.cat\\\/es\\\/#website\"},\"primaryImageOfPage\":{\"@id\":\"https:\\\/\\\/mont-roig.cat\\\/es\\\/actualitat\\\/noticies\\\/el-pleno-del-ayuntamiento-aprueba-un-presupuesto-de-mas-de-27-millones-de-euros-para-2023\\\/#primaryimage\"},\"image\":{\"@id\":\"https:\\\/\\\/mont-roig.cat\\\/es\\\/actualitat\\\/noticies\\\/el-pleno-del-ayuntamiento-aprueba-un-presupuesto-de-mas-de-27-millones-de-euros-para-2023\\\/#primaryimage\"},\"thumbnailUrl\":\"https:\\\/\\\/mont-roig.cat\\\/wp-content\\\/uploads\\\/Pressupost-municipal-2023.png\",\"datePublished\":\"2023-02-13T16:40:17+00:00\",\"dateModified\":\"2023-02-13T16:52:51+00:00\",\"author\":{\"@id\":\"https:\\\/\\\/mont-roig.cat\\\/es\\\/#\\\/schema\\\/person\\\/1f73e7b5e6f9dd122e8a6f14f310ac5e\"},\"breadcrumb\":{\"@id\":\"https:\\\/\\\/mont-roig.cat\\\/es\\\/actualitat\\\/noticies\\\/el-pleno-del-ayuntamiento-aprueba-un-presupuesto-de-mas-de-27-millones-de-euros-para-2023\\\/#breadcrumb\"},\"inLanguage\":\"es\",\"potentialAction\":[{\"@type\":\"ReadAction\",\"target\":[\"https:\\\/\\\/mont-roig.cat\\\/es\\\/actualitat\\\/noticies\\\/el-pleno-del-ayuntamiento-aprueba-un-presupuesto-de-mas-de-27-millones-de-euros-para-2023\\\/\"]}]},{\"@type\":\"ImageObject\",\"inLanguage\":\"es\",\"@id\":\"https:\\\/\\\/mont-roig.cat\\\/es\\\/actualitat\\\/noticies\\\/el-pleno-del-ayuntamiento-aprueba-un-presupuesto-de-mas-de-27-millones-de-euros-para-2023\\\/#primaryimage\",\"url\":\"https:\\\/\\\/mont-roig.cat\\\/wp-content\\\/uploads\\\/Pressupost-municipal-2023.png\",\"contentUrl\":\"https:\\\/\\\/mont-roig.cat\\\/wp-content\\\/uploads\\\/Pressupost-municipal-2023.png\",\"width\":1113,\"height\":774},{\"@type\":\"BreadcrumbList\",\"@id\":\"https:\\\/\\\/mont-roig.cat\\\/es\\\/actualitat\\\/noticies\\\/el-pleno-del-ayuntamiento-aprueba-un-presupuesto-de-mas-de-27-millones-de-euros-para-2023\\\/#breadcrumb\",\"itemListElement\":[{\"@type\":\"ListItem\",\"position\":1,\"name\":\"Inici\",\"item\":\"https:\\\/\\\/mont-roig.cat\\\/es\\\/pagina-de-inicio\\\/\"},{\"@type\":\"ListItem\",\"position\":2,\"name\":\"El Pleno del Ayuntamiento aprueba un presupuesto de m\u00e1s de 27 millones de euros para 2023\"}]},{\"@type\":\"WebSite\",\"@id\":\"https:\\\/\\\/mont-roig.cat\\\/es\\\/#website\",\"url\":\"https:\\\/\\\/mont-roig.cat\\\/es\\\/\",\"name\":\"Ajuntament de Mont-roig del Camp\",\"description\":\"Tota la informaci\u00f3 sobre la instituci\u00f3, els seus \u00f2rgans de govern, actualitat, serveis i molt m\u00e9s.\",\"potentialAction\":[{\"@type\":\"SearchAction\",\"target\":{\"@type\":\"EntryPoint\",\"urlTemplate\":\"https:\\\/\\\/mont-roig.cat\\\/es\\\/?s={search_term_string}\"},\"query-input\":{\"@type\":\"PropertyValueSpecification\",\"valueRequired\":true,\"valueName\":\"search_term_string\"}}],\"inLanguage\":\"es\"},{\"@type\":\"Person\",\"@id\":\"https:\\\/\\\/mont-roig.cat\\\/es\\\/#\\\/schema\\\/person\\\/1f73e7b5e6f9dd122e8a6f14f310ac5e\",\"name\":\"comunicacio\",\"image\":{\"@type\":\"ImageObject\",\"inLanguage\":\"es\",\"@id\":\"https:\\\/\\\/secure.gravatar.com\\\/avatar\\\/98944333e7a877670a64f8d10f0cb680ab2c9ebc4efc43945ef004b52b5ad28c?s=96&d=mm&r=g\",\"url\":\"https:\\\/\\\/secure.gravatar.com\\\/avatar\\\/98944333e7a877670a64f8d10f0cb680ab2c9ebc4efc43945ef004b52b5ad28c?s=96&d=mm&r=g\",\"contentUrl\":\"https:\\\/\\\/secure.gravatar.com\\\/avatar\\\/98944333e7a877670a64f8d10f0cb680ab2c9ebc4efc43945ef004b52b5ad28c?s=96&d=mm&r=g\",\"caption\":\"comunicacio\"},\"url\":\"https:\\\/\\\/mont-roig.cat\\\/es\\\/actualitat\\\/noticies\\\/author\\\/comunicacio\\\/\"}]}<\/script>\n<!-- \/ Yoast SEO plugin. -->","yoast_head_json":{"title":"El Pleno del Ayuntamiento aprueba un presupuesto de m\u00e1s de 27 millones de euros para 2023 - Ajuntament de Mont-roig del Camp","robots":{"index":"index","follow":"follow","max-snippet":"max-snippet:-1","max-image-preview":"max-image-preview:large","max-video-preview":"max-video-preview:-1"},"canonical":"https:\/\/mont-roig.cat\/es\/actualitat\/noticies\/el-pleno-del-ayuntamiento-aprueba-un-presupuesto-de-mas-de-27-millones-de-euros-para-2023\/","og_locale":"es_ES","og_type":"article","og_title":"El Pleno del Ayuntamiento aprueba un presupuesto de m\u00e1s de 27 millones de euros para 2023 - Ajuntament de Mont-roig del Camp","og_description":"Las cuentas se han aprobado con el voto favorable del equipo de gobierno, la abstenci\u00f3n de ARA y el voto en contra de ERC \u2013MES, Junts per Mont-roig Miami y Ciudadanos El presupuesto vuelve a incidir en la recuperaci\u00f3n social y econ\u00f3mica local con gastos significativos que apuestan por las pol\u00edticas de protecci\u00f3n social (gente [&hellip;]","og_url":"https:\/\/mont-roig.cat\/es\/actualitat\/noticies\/el-pleno-del-ayuntamiento-aprueba-un-presupuesto-de-mas-de-27-millones-de-euros-para-2023\/","og_site_name":"Ajuntament de Mont-roig del Camp","article_published_time":"2023-02-13T16:40:17+00:00","article_modified_time":"2023-02-13T16:52:51+00:00","og_image":[{"width":1113,"height":774,"url":"https:\/\/mont-roig.cat\/wp-content\/uploads\/Pressupost-municipal-2023.png","type":"image\/png"}],"author":"comunicacio","twitter_card":"summary_large_image","twitter_misc":{"Escrito por":"comunicacio","Tiempo de lectura":"5 minutos"},"schema":{"@context":"https:\/\/schema.org","@graph":[{"@type":"Article","@id":"https:\/\/mont-roig.cat\/es\/actualitat\/noticies\/el-pleno-del-ayuntamiento-aprueba-un-presupuesto-de-mas-de-27-millones-de-euros-para-2023\/#article","isPartOf":{"@id":"https:\/\/mont-roig.cat\/es\/actualitat\/noticies\/el-pleno-del-ayuntamiento-aprueba-un-presupuesto-de-mas-de-27-millones-de-euros-para-2023\/"},"author":{"name":"comunicacio","@id":"https:\/\/mont-roig.cat\/es\/#\/schema\/person\/1f73e7b5e6f9dd122e8a6f14f310ac5e"},"headline":"El Pleno del Ayuntamiento aprueba un presupuesto de m\u00e1s de 27 millones de euros para 2023","datePublished":"2023-02-13T16:40:17+00:00","dateModified":"2023-02-13T16:52:51+00:00","mainEntityOfPage":{"@id":"https:\/\/mont-roig.cat\/es\/actualitat\/noticies\/el-pleno-del-ayuntamiento-aprueba-un-presupuesto-de-mas-de-27-millones-de-euros-para-2023\/"},"wordCount":893,"image":{"@id":"https:\/\/mont-roig.cat\/es\/actualitat\/noticies\/el-pleno-del-ayuntamiento-aprueba-un-presupuesto-de-mas-de-27-millones-de-euros-para-2023\/#primaryimage"},"thumbnailUrl":"https:\/\/mont-roig.cat\/wp-content\/uploads\/Pressupost-municipal-2023.png","articleSection":["Ayuntamiento"],"inLanguage":"es"},{"@type":"WebPage","@id":"https:\/\/mont-roig.cat\/es\/actualitat\/noticies\/el-pleno-del-ayuntamiento-aprueba-un-presupuesto-de-mas-de-27-millones-de-euros-para-2023\/","url":"https:\/\/mont-roig.cat\/es\/actualitat\/noticies\/el-pleno-del-ayuntamiento-aprueba-un-presupuesto-de-mas-de-27-millones-de-euros-para-2023\/","name":"El Pleno del Ayuntamiento aprueba un presupuesto de m\u00e1s de 27 millones de euros para 2023 - Ajuntament de Mont-roig del Camp","isPartOf":{"@id":"https:\/\/mont-roig.cat\/es\/#website"},"primaryImageOfPage":{"@id":"https:\/\/mont-roig.cat\/es\/actualitat\/noticies\/el-pleno-del-ayuntamiento-aprueba-un-presupuesto-de-mas-de-27-millones-de-euros-para-2023\/#primaryimage"},"image":{"@id":"https:\/\/mont-roig.cat\/es\/actualitat\/noticies\/el-pleno-del-ayuntamiento-aprueba-un-presupuesto-de-mas-de-27-millones-de-euros-para-2023\/#primaryimage"},"thumbnailUrl":"https:\/\/mont-roig.cat\/wp-content\/uploads\/Pressupost-municipal-2023.png","datePublished":"2023-02-13T16:40:17+00:00","dateModified":"2023-02-13T16:52:51+00:00","author":{"@id":"https:\/\/mont-roig.cat\/es\/#\/schema\/person\/1f73e7b5e6f9dd122e8a6f14f310ac5e"},"breadcrumb":{"@id":"https:\/\/mont-roig.cat\/es\/actualitat\/noticies\/el-pleno-del-ayuntamiento-aprueba-un-presupuesto-de-mas-de-27-millones-de-euros-para-2023\/#breadcrumb"},"inLanguage":"es","potentialAction":[{"@type":"ReadAction","target":["https:\/\/mont-roig.cat\/es\/actualitat\/noticies\/el-pleno-del-ayuntamiento-aprueba-un-presupuesto-de-mas-de-27-millones-de-euros-para-2023\/"]}]},{"@type":"ImageObject","inLanguage":"es","@id":"https:\/\/mont-roig.cat\/es\/actualitat\/noticies\/el-pleno-del-ayuntamiento-aprueba-un-presupuesto-de-mas-de-27-millones-de-euros-para-2023\/#primaryimage","url":"https:\/\/mont-roig.cat\/wp-content\/uploads\/Pressupost-municipal-2023.png","contentUrl":"https:\/\/mont-roig.cat\/wp-content\/uploads\/Pressupost-municipal-2023.png","width":1113,"height":774},{"@type":"BreadcrumbList","@id":"https:\/\/mont-roig.cat\/es\/actualitat\/noticies\/el-pleno-del-ayuntamiento-aprueba-un-presupuesto-de-mas-de-27-millones-de-euros-para-2023\/#breadcrumb","itemListElement":[{"@type":"ListItem","position":1,"name":"Inici","item":"https:\/\/mont-roig.cat\/es\/pagina-de-inicio\/"},{"@type":"ListItem","position":2,"name":"El Pleno del Ayuntamiento aprueba un presupuesto de m\u00e1s de 27 millones de euros para 2023"}]},{"@type":"WebSite","@id":"https:\/\/mont-roig.cat\/es\/#website","url":"https:\/\/mont-roig.cat\/es\/","name":"Ajuntament de Mont-roig del Camp","description":"Tota la informaci\u00f3 sobre la instituci\u00f3, els seus \u00f2rgans de govern, actualitat, serveis i molt m\u00e9s.","potentialAction":[{"@type":"SearchAction","target":{"@type":"EntryPoint","urlTemplate":"https:\/\/mont-roig.cat\/es\/?s={search_term_string}"},"query-input":{"@type":"PropertyValueSpecification","valueRequired":true,"valueName":"search_term_string"}}],"inLanguage":"es"},{"@type":"Person","@id":"https:\/\/mont-roig.cat\/es\/#\/schema\/person\/1f73e7b5e6f9dd122e8a6f14f310ac5e","name":"comunicacio","image":{"@type":"ImageObject","inLanguage":"es","@id":"https:\/\/secure.gravatar.com\/avatar\/98944333e7a877670a64f8d10f0cb680ab2c9ebc4efc43945ef004b52b5ad28c?s=96&d=mm&r=g","url":"https:\/\/secure.gravatar.com\/avatar\/98944333e7a877670a64f8d10f0cb680ab2c9ebc4efc43945ef004b52b5ad28c?s=96&d=mm&r=g","contentUrl":"https:\/\/secure.gravatar.com\/avatar\/98944333e7a877670a64f8d10f0cb680ab2c9ebc4efc43945ef004b52b5ad28c?s=96&d=mm&r=g","caption":"comunicacio"},"url":"https:\/\/mont-roig.cat\/es\/actualitat\/noticies\/author\/comunicacio\/"}]}},"_links":{"self":[{"href":"https:\/\/mont-roig.cat\/es\/wp-json\/wp\/v2\/posts\/68316","targetHints":{"allow":["GET"]}}],"collection":[{"href":"https:\/\/mont-roig.cat\/es\/wp-json\/wp\/v2\/posts"}],"about":[{"href":"https:\/\/mont-roig.cat\/es\/wp-json\/wp\/v2\/types\/post"}],"author":[{"embeddable":true,"href":"https:\/\/mont-roig.cat\/es\/wp-json\/wp\/v2\/users\/13"}],"replies":[{"embeddable":true,"href":"https:\/\/mont-roig.cat\/es\/wp-json\/wp\/v2\/comments?post=68316"}],"version-history":[{"count":4,"href":"https:\/\/mont-roig.cat\/es\/wp-json\/wp\/v2\/posts\/68316\/revisions"}],"predecessor-version":[{"id":68320,"href":"https:\/\/mont-roig.cat\/es\/wp-json\/wp\/v2\/posts\/68316\/revisions\/68320"}],"wp:featuredmedia":[{"embeddable":true,"href":"https:\/\/mont-roig.cat\/es\/wp-json\/wp\/v2\/media\/68313"}],"wp:attachment":[{"href":"https:\/\/mont-roig.cat\/es\/wp-json\/wp\/v2\/media?parent=68316"}],"wp:term":[{"taxonomy":"category","embeddable":true,"href":"https:\/\/mont-roig.cat\/es\/wp-json\/wp\/v2\/categories?post=68316"},{"taxonomy":"post_tag","embeddable":true,"href":"https:\/\/mont-roig.cat\/es\/wp-json\/wp\/v2\/tags?post=68316"}],"curies":[{"name":"wp","href":"https:\/\/api.w.org\/{rel}","templated":true}]}}