{"id":68330,"date":"2023-02-15T10:59:33","date_gmt":"2023-02-15T09:59:33","guid":{"rendered":"https:\/\/mont-roig.cat\/?p=68330"},"modified":"2023-02-15T14:24:52","modified_gmt":"2023-02-15T13:24:52","slug":"el-ajuntament-de-mont-roig-del-camp-se-suma-un-ano-mas-al-convenio-corner-de-la-diputacio-de-promocion-turistica","status":"publish","type":"post","link":"https:\/\/mont-roig.cat\/es\/actualitat\/noticies\/el-ajuntament-de-mont-roig-del-camp-se-suma-un-ano-mas-al-convenio-corner-de-la-diputacio-de-promocion-turistica\/","title":{"rendered":"El Ajuntament de Mont-roig del Camp se suma un a\u00f1o m\u00e1s al Convenio C\u00f3rner de la Diputaci\u00f3 de promoci\u00f3n tur\u00edstica"},"content":{"rendered":"<div id=\"attachment_68327\" style=\"width: 307px\" class=\"wp-caption alignright\"><a href=\"https:\/\/mont-roig.cat\/wp-content\/uploads\/7c72b0f1-5871-4424-8502-0c9d75907f5c.jpg\" target=\"_blank\" rel=\"noopener\"><img loading=\"lazy\" decoding=\"async\" aria-describedby=\"caption-attachment-68327\" class=\"wp-image-68327\" src=\"https:\/\/mont-roig.cat\/wp-content\/uploads\/7c72b0f1-5871-4424-8502-0c9d75907f5c-500x375.jpg\" alt=\"\" width=\"297\" height=\"223\" srcset=\"https:\/\/mont-roig.cat\/wp-content\/uploads\/7c72b0f1-5871-4424-8502-0c9d75907f5c-500x375.jpg 500w, https:\/\/mont-roig.cat\/wp-content\/uploads\/7c72b0f1-5871-4424-8502-0c9d75907f5c-768x576.jpg 768w, https:\/\/mont-roig.cat\/wp-content\/uploads\/7c72b0f1-5871-4424-8502-0c9d75907f5c-463x348.jpg 463w, https:\/\/mont-roig.cat\/wp-content\/uploads\/7c72b0f1-5871-4424-8502-0c9d75907f5c.jpg 1024w\" sizes=\"auto, (max-width: 297px) 100vw, 297px\" \/><\/a><p id=\"caption-attachment-68327\" class=\"wp-caption-text\">Imatge de tots els signants del Conveni C\u00f3rner 2023 a la Diputaci\u00f3.<\/p><\/div>\n<ul>\n<li><strong>El acuerdo permitir\u00e1 que Mont-roig Miami Turisme tenga presencia en 5 ferias nacionales, estatales e internacionales y en una campa\u00f1a de comunicaci\u00f3n conjunta, bajo el paraguas de la Diputaci\u00f3 de Tarragona<\/strong><\/li>\n<\/ul>\n<p>El Ajuntament de Mont-roig del Camp ha firmado un a\u00f1o m\u00e1s el Convenio C\u00f3rner de la Diputaci\u00f3 de Tarragona que permite sumar esfuerzos y estrategias para trasladar al posible turista la diversidad y riqueza de la Costa Daurada y propiciar que la visite. Este objetivo se trabaja a trav\u00e9s de la participaci\u00f3n conjunta y coordinada en el programa de ferias y en las campa\u00f1as de publicidad del Patronat de Turisme de la Diputaci\u00f3 de Tarragona. Este a\u00f1o, este convenio lo han firmado 28 entes locales y asociaciones empresariales. En representaci\u00f3n del Ajuntament de Mont-roig del Camp, el convenio lo ha firmado la concejala de Turisme, Yolanda P\u00e9rez, en un acto que tuvo lugar ayer en el Palau de la Diputaci\u00f3.<\/p>\n<p>El convenio, que este a\u00f1o llega a su 19\u00aa edici\u00f3n, permitir\u00e1 que todos los participantes, en este caso Mont-roig Miami Turisme, tengan presencia en 11 ferias nacionales, estatales e internacionales y en una campa\u00f1a de comunicaci\u00f3n conjunta, bajo el paraguas de la Diputaci\u00f3 de Tarragona, aunque des de Mont-roig Miami Turisme se participar\u00e1 en cinco ferias. De esta forma, se facilita que diferentes entidades tur\u00edsticas p\u00fablicas y privadas puedan participar en estas acciones independientemente de su dimensi\u00f3n ya precios competitivos.<br \/>\nLa inversi\u00f3n global y conjunta que recoger\u00e1 el convenio C\u00f3rner 2023 en ferias, promociones, comunicaci\u00f3n y marketing ser\u00e1 de 370.570 \u20ac. De esta inversi\u00f3n que asume el Patronato, se destinar\u00e1n 162.470\u20ac a la inversi\u00f3n en ferias y promociones y 208.100 a comunicaci\u00f3n y marketing.<\/p>\n<p><strong>Las ferias en las que se participar\u00e1<\/strong><br \/>\nA trav\u00e9s del Conveni C\u00f3rner este a\u00f1o los firmantes participar\u00e1n en las ferias Vakantibeurs (Utrecht-Pa\u00edses Bajos), Holiday World (Dubl\u00edn-Irlanda), ITB (Berlin-Alemania), Andorra la Vella (Andorra), WTM (Londres-Reino Unido), Expo du V\u00e9lo (Estrasburgo-Francia), B-TRAVEL (Barcelona), FITUR (Madrid), Navartur (Pamplona), Expovacaciones (Bilbao) y Desaf\u00edo Lagos de Covadonga (Asturias). En el caso de Mont-roig Miami Turisme, participar\u00e1 con el Conveni C\u00f3rner en una selecci\u00f3n de cinco ferias: Fitur, Andorra la Vella, Expo du V\u00e9lo, B Travel y Desaf\u00edo Lagos de Covadonga.<\/p>\n","protected":false},"excerpt":{"rendered":"<p>El acuerdo permitir\u00e1 que Mont-roig Miami Turisme tenga presencia en 5 ferias nacionales, estatales e internacionales y en una campa\u00f1a de comunicaci\u00f3n conjunta, bajo el paraguas de la Diputaci\u00f3 de Tarragona El Ajuntament de Mont-roig del Camp ha firmado un a\u00f1o m\u00e1s el Convenio C\u00f3rner de la Diputaci\u00f3 de Tarragona que permite sumar esfuerzos y [&hellip;]<\/p>\n","protected":false},"author":13,"featured_media":68328,"comment_status":"closed","ping_status":"closed","sticky":false,"template":"","format":"standard","meta":{"inline_featured_image":false,"_monsterinsights_skip_tracking":false,"_monsterinsights_sitenote_active":false,"_monsterinsights_sitenote_note":"","_monsterinsights_sitenote_category":0,"footnotes":""},"categories":[98,115],"tags":[],"class_list":["post-68330","post","type-post","status-publish","format-standard","has-post-thumbnail","hentry","category-ayuntamiento","category-turismo"],"yoast_head":"<!-- This site is optimized with the Yoast SEO plugin v27.4 - https:\/\/yoast.com\/product\/yoast-seo-wordpress\/ -->\n<title>El Ajuntament de Mont-roig del Camp se suma un a\u00f1o m\u00e1s al Convenio C\u00f3rner de la Diputaci\u00f3 de promoci\u00f3n tur\u00edstica - Ajuntament de Mont-roig del Camp<\/title>\n<meta name=\"robots\" content=\"index, follow, max-snippet:-1, max-image-preview:large, max-video-preview:-1\" \/>\n<link rel=\"canonical\" href=\"https:\/\/mont-roig.cat\/es\/actualitat\/noticies\/el-ajuntament-de-mont-roig-del-camp-se-suma-un-ano-mas-al-convenio-corner-de-la-diputacio-de-promocion-turistica\/\" \/>\n<meta property=\"og:locale\" content=\"es_ES\" \/>\n<meta property=\"og:type\" content=\"article\" \/>\n<meta property=\"og:title\" content=\"El Ajuntament de Mont-roig del Camp se suma un a\u00f1o m\u00e1s al Convenio C\u00f3rner de la Diputaci\u00f3 de promoci\u00f3n tur\u00edstica - Ajuntament de Mont-roig del Camp\" \/>\n<meta property=\"og:description\" content=\"El acuerdo permitir\u00e1 que Mont-roig Miami Turisme tenga presencia en 5 ferias nacionales, estatales e internacionales y en una campa\u00f1a de comunicaci\u00f3n conjunta, bajo el paraguas de la Diputaci\u00f3 de Tarragona El Ajuntament de Mont-roig del Camp ha firmado un a\u00f1o m\u00e1s el Convenio C\u00f3rner de la Diputaci\u00f3 de Tarragona que permite sumar esfuerzos y [&hellip;]\" \/>\n<meta property=\"og:url\" content=\"https:\/\/mont-roig.cat\/es\/actualitat\/noticies\/el-ajuntament-de-mont-roig-del-camp-se-suma-un-ano-mas-al-convenio-corner-de-la-diputacio-de-promocion-turistica\/\" \/>\n<meta property=\"og:site_name\" content=\"Ajuntament de Mont-roig del Camp\" \/>\n<meta property=\"article:published_time\" content=\"2023-02-15T09:59:33+00:00\" \/>\n<meta property=\"article:modified_time\" content=\"2023-02-15T13:24:52+00:00\" \/>\n<meta property=\"og:image\" content=\"https:\/\/mont-roig.cat\/wp-content\/uploads\/7c72b0f1-5871-4424-8502-0c9d75907f5c.jpg\" \/>\n\t<meta property=\"og:image:width\" content=\"1024\" \/>\n\t<meta property=\"og:image:height\" content=\"768\" \/>\n\t<meta property=\"og:image:type\" content=\"image\/jpeg\" \/>\n<meta name=\"author\" content=\"comunicacio\" \/>\n<meta name=\"twitter:card\" content=\"summary_large_image\" \/>\n<meta name=\"twitter:label1\" content=\"Escrito por\" \/>\n\t<meta name=\"twitter:data1\" content=\"comunicacio\" \/>\n\t<meta name=\"twitter:label2\" content=\"Tiempo de lectura\" \/>\n\t<meta name=\"twitter:data2\" content=\"3 minutos\" \/>\n<script type=\"application\/ld+json\" class=\"yoast-schema-graph\">{\"@context\":\"https:\\\/\\\/schema.org\",\"@graph\":[{\"@type\":\"Article\",\"@id\":\"https:\\\/\\\/mont-roig.cat\\\/es\\\/actualitat\\\/noticies\\\/el-ajuntament-de-mont-roig-del-camp-se-suma-un-ano-mas-al-convenio-corner-de-la-diputacio-de-promocion-turistica\\\/#article\",\"isPartOf\":{\"@id\":\"https:\\\/\\\/mont-roig.cat\\\/es\\\/actualitat\\\/noticies\\\/el-ajuntament-de-mont-roig-del-camp-se-suma-un-ano-mas-al-convenio-corner-de-la-diputacio-de-promocion-turistica\\\/\"},\"author\":{\"name\":\"comunicacio\",\"@id\":\"https:\\\/\\\/mont-roig.cat\\\/es\\\/#\\\/schema\\\/person\\\/1f73e7b5e6f9dd122e8a6f14f310ac5e\"},\"headline\":\"El Ajuntament de Mont-roig del Camp se suma un a\u00f1o m\u00e1s al Convenio C\u00f3rner de la Diputaci\u00f3 de promoci\u00f3n tur\u00edstica\",\"datePublished\":\"2023-02-15T09:59:33+00:00\",\"dateModified\":\"2023-02-15T13:24:52+00:00\",\"mainEntityOfPage\":{\"@id\":\"https:\\\/\\\/mont-roig.cat\\\/es\\\/actualitat\\\/noticies\\\/el-ajuntament-de-mont-roig-del-camp-se-suma-un-ano-mas-al-convenio-corner-de-la-diputacio-de-promocion-turistica\\\/\"},\"wordCount\":432,\"image\":{\"@id\":\"https:\\\/\\\/mont-roig.cat\\\/es\\\/actualitat\\\/noticies\\\/el-ajuntament-de-mont-roig-del-camp-se-suma-un-ano-mas-al-convenio-corner-de-la-diputacio-de-promocion-turistica\\\/#primaryimage\"},\"thumbnailUrl\":\"https:\\\/\\\/mont-roig.cat\\\/wp-content\\\/uploads\\\/7c72b0f1-5871-4424-8502-0c9d75907f5c.jpg\",\"articleSection\":[\"Ayuntamiento\",\"Turismo\"],\"inLanguage\":\"es\"},{\"@type\":\"WebPage\",\"@id\":\"https:\\\/\\\/mont-roig.cat\\\/es\\\/actualitat\\\/noticies\\\/el-ajuntament-de-mont-roig-del-camp-se-suma-un-ano-mas-al-convenio-corner-de-la-diputacio-de-promocion-turistica\\\/\",\"url\":\"https:\\\/\\\/mont-roig.cat\\\/es\\\/actualitat\\\/noticies\\\/el-ajuntament-de-mont-roig-del-camp-se-suma-un-ano-mas-al-convenio-corner-de-la-diputacio-de-promocion-turistica\\\/\",\"name\":\"El Ajuntament de Mont-roig del Camp se suma un a\u00f1o m\u00e1s al Convenio C\u00f3rner de la Diputaci\u00f3 de promoci\u00f3n tur\u00edstica - Ajuntament de Mont-roig del Camp\",\"isPartOf\":{\"@id\":\"https:\\\/\\\/mont-roig.cat\\\/es\\\/#website\"},\"primaryImageOfPage\":{\"@id\":\"https:\\\/\\\/mont-roig.cat\\\/es\\\/actualitat\\\/noticies\\\/el-ajuntament-de-mont-roig-del-camp-se-suma-un-ano-mas-al-convenio-corner-de-la-diputacio-de-promocion-turistica\\\/#primaryimage\"},\"image\":{\"@id\":\"https:\\\/\\\/mont-roig.cat\\\/es\\\/actualitat\\\/noticies\\\/el-ajuntament-de-mont-roig-del-camp-se-suma-un-ano-mas-al-convenio-corner-de-la-diputacio-de-promocion-turistica\\\/#primaryimage\"},\"thumbnailUrl\":\"https:\\\/\\\/mont-roig.cat\\\/wp-content\\\/uploads\\\/7c72b0f1-5871-4424-8502-0c9d75907f5c.jpg\",\"datePublished\":\"2023-02-15T09:59:33+00:00\",\"dateModified\":\"2023-02-15T13:24:52+00:00\",\"author\":{\"@id\":\"https:\\\/\\\/mont-roig.cat\\\/es\\\/#\\\/schema\\\/person\\\/1f73e7b5e6f9dd122e8a6f14f310ac5e\"},\"breadcrumb\":{\"@id\":\"https:\\\/\\\/mont-roig.cat\\\/es\\\/actualitat\\\/noticies\\\/el-ajuntament-de-mont-roig-del-camp-se-suma-un-ano-mas-al-convenio-corner-de-la-diputacio-de-promocion-turistica\\\/#breadcrumb\"},\"inLanguage\":\"es\",\"potentialAction\":[{\"@type\":\"ReadAction\",\"target\":[\"https:\\\/\\\/mont-roig.cat\\\/es\\\/actualitat\\\/noticies\\\/el-ajuntament-de-mont-roig-del-camp-se-suma-un-ano-mas-al-convenio-corner-de-la-diputacio-de-promocion-turistica\\\/\"]}]},{\"@type\":\"ImageObject\",\"inLanguage\":\"es\",\"@id\":\"https:\\\/\\\/mont-roig.cat\\\/es\\\/actualitat\\\/noticies\\\/el-ajuntament-de-mont-roig-del-camp-se-suma-un-ano-mas-al-convenio-corner-de-la-diputacio-de-promocion-turistica\\\/#primaryimage\",\"url\":\"https:\\\/\\\/mont-roig.cat\\\/wp-content\\\/uploads\\\/7c72b0f1-5871-4424-8502-0c9d75907f5c.jpg\",\"contentUrl\":\"https:\\\/\\\/mont-roig.cat\\\/wp-content\\\/uploads\\\/7c72b0f1-5871-4424-8502-0c9d75907f5c.jpg\",\"width\":1024,\"height\":768},{\"@type\":\"BreadcrumbList\",\"@id\":\"https:\\\/\\\/mont-roig.cat\\\/es\\\/actualitat\\\/noticies\\\/el-ajuntament-de-mont-roig-del-camp-se-suma-un-ano-mas-al-convenio-corner-de-la-diputacio-de-promocion-turistica\\\/#breadcrumb\",\"itemListElement\":[{\"@type\":\"ListItem\",\"position\":1,\"name\":\"Inici\",\"item\":\"https:\\\/\\\/mont-roig.cat\\\/es\\\/pagina-de-inicio\\\/\"},{\"@type\":\"ListItem\",\"position\":2,\"name\":\"El Ajuntament de Mont-roig del Camp se suma un a\u00f1o m\u00e1s al Convenio C\u00f3rner de la Diputaci\u00f3 de promoci\u00f3n tur\u00edstica\"}]},{\"@type\":\"WebSite\",\"@id\":\"https:\\\/\\\/mont-roig.cat\\\/es\\\/#website\",\"url\":\"https:\\\/\\\/mont-roig.cat\\\/es\\\/\",\"name\":\"Ajuntament de Mont-roig del Camp\",\"description\":\"Tota la informaci\u00f3 sobre la instituci\u00f3, els seus \u00f2rgans de govern, actualitat, serveis i molt m\u00e9s.\",\"potentialAction\":[{\"@type\":\"SearchAction\",\"target\":{\"@type\":\"EntryPoint\",\"urlTemplate\":\"https:\\\/\\\/mont-roig.cat\\\/es\\\/?s={search_term_string}\"},\"query-input\":{\"@type\":\"PropertyValueSpecification\",\"valueRequired\":true,\"valueName\":\"search_term_string\"}}],\"inLanguage\":\"es\"},{\"@type\":\"Person\",\"@id\":\"https:\\\/\\\/mont-roig.cat\\\/es\\\/#\\\/schema\\\/person\\\/1f73e7b5e6f9dd122e8a6f14f310ac5e\",\"name\":\"comunicacio\",\"image\":{\"@type\":\"ImageObject\",\"inLanguage\":\"es\",\"@id\":\"https:\\\/\\\/secure.gravatar.com\\\/avatar\\\/98944333e7a877670a64f8d10f0cb680ab2c9ebc4efc43945ef004b52b5ad28c?s=96&d=mm&r=g\",\"url\":\"https:\\\/\\\/secure.gravatar.com\\\/avatar\\\/98944333e7a877670a64f8d10f0cb680ab2c9ebc4efc43945ef004b52b5ad28c?s=96&d=mm&r=g\",\"contentUrl\":\"https:\\\/\\\/secure.gravatar.com\\\/avatar\\\/98944333e7a877670a64f8d10f0cb680ab2c9ebc4efc43945ef004b52b5ad28c?s=96&d=mm&r=g\",\"caption\":\"comunicacio\"},\"url\":\"https:\\\/\\\/mont-roig.cat\\\/es\\\/actualitat\\\/noticies\\\/author\\\/comunicacio\\\/\"}]}<\/script>\n<!-- \/ Yoast SEO plugin. -->","yoast_head_json":{"title":"El Ajuntament de Mont-roig del Camp se suma un a\u00f1o m\u00e1s al Convenio C\u00f3rner de la Diputaci\u00f3 de promoci\u00f3n tur\u00edstica - Ajuntament de Mont-roig del Camp","robots":{"index":"index","follow":"follow","max-snippet":"max-snippet:-1","max-image-preview":"max-image-preview:large","max-video-preview":"max-video-preview:-1"},"canonical":"https:\/\/mont-roig.cat\/es\/actualitat\/noticies\/el-ajuntament-de-mont-roig-del-camp-se-suma-un-ano-mas-al-convenio-corner-de-la-diputacio-de-promocion-turistica\/","og_locale":"es_ES","og_type":"article","og_title":"El Ajuntament de Mont-roig del Camp se suma un a\u00f1o m\u00e1s al Convenio C\u00f3rner de la Diputaci\u00f3 de promoci\u00f3n tur\u00edstica - Ajuntament de Mont-roig del Camp","og_description":"El acuerdo permitir\u00e1 que Mont-roig Miami Turisme tenga presencia en 5 ferias nacionales, estatales e internacionales y en una campa\u00f1a de comunicaci\u00f3n conjunta, bajo el paraguas de la Diputaci\u00f3 de Tarragona El Ajuntament de Mont-roig del Camp ha firmado un a\u00f1o m\u00e1s el Convenio C\u00f3rner de la Diputaci\u00f3 de Tarragona que permite sumar esfuerzos y [&hellip;]","og_url":"https:\/\/mont-roig.cat\/es\/actualitat\/noticies\/el-ajuntament-de-mont-roig-del-camp-se-suma-un-ano-mas-al-convenio-corner-de-la-diputacio-de-promocion-turistica\/","og_site_name":"Ajuntament de Mont-roig del Camp","article_published_time":"2023-02-15T09:59:33+00:00","article_modified_time":"2023-02-15T13:24:52+00:00","og_image":[{"width":1024,"height":768,"url":"https:\/\/mont-roig.cat\/wp-content\/uploads\/7c72b0f1-5871-4424-8502-0c9d75907f5c.jpg","type":"image\/jpeg"}],"author":"comunicacio","twitter_card":"summary_large_image","twitter_misc":{"Escrito por":"comunicacio","Tiempo de lectura":"3 minutos"},"schema":{"@context":"https:\/\/schema.org","@graph":[{"@type":"Article","@id":"https:\/\/mont-roig.cat\/es\/actualitat\/noticies\/el-ajuntament-de-mont-roig-del-camp-se-suma-un-ano-mas-al-convenio-corner-de-la-diputacio-de-promocion-turistica\/#article","isPartOf":{"@id":"https:\/\/mont-roig.cat\/es\/actualitat\/noticies\/el-ajuntament-de-mont-roig-del-camp-se-suma-un-ano-mas-al-convenio-corner-de-la-diputacio-de-promocion-turistica\/"},"author":{"name":"comunicacio","@id":"https:\/\/mont-roig.cat\/es\/#\/schema\/person\/1f73e7b5e6f9dd122e8a6f14f310ac5e"},"headline":"El Ajuntament de Mont-roig del Camp se suma un a\u00f1o m\u00e1s al Convenio C\u00f3rner de la Diputaci\u00f3 de promoci\u00f3n tur\u00edstica","datePublished":"2023-02-15T09:59:33+00:00","dateModified":"2023-02-15T13:24:52+00:00","mainEntityOfPage":{"@id":"https:\/\/mont-roig.cat\/es\/actualitat\/noticies\/el-ajuntament-de-mont-roig-del-camp-se-suma-un-ano-mas-al-convenio-corner-de-la-diputacio-de-promocion-turistica\/"},"wordCount":432,"image":{"@id":"https:\/\/mont-roig.cat\/es\/actualitat\/noticies\/el-ajuntament-de-mont-roig-del-camp-se-suma-un-ano-mas-al-convenio-corner-de-la-diputacio-de-promocion-turistica\/#primaryimage"},"thumbnailUrl":"https:\/\/mont-roig.cat\/wp-content\/uploads\/7c72b0f1-5871-4424-8502-0c9d75907f5c.jpg","articleSection":["Ayuntamiento","Turismo"],"inLanguage":"es"},{"@type":"WebPage","@id":"https:\/\/mont-roig.cat\/es\/actualitat\/noticies\/el-ajuntament-de-mont-roig-del-camp-se-suma-un-ano-mas-al-convenio-corner-de-la-diputacio-de-promocion-turistica\/","url":"https:\/\/mont-roig.cat\/es\/actualitat\/noticies\/el-ajuntament-de-mont-roig-del-camp-se-suma-un-ano-mas-al-convenio-corner-de-la-diputacio-de-promocion-turistica\/","name":"El Ajuntament de Mont-roig del Camp se suma un a\u00f1o m\u00e1s al Convenio C\u00f3rner de la Diputaci\u00f3 de promoci\u00f3n tur\u00edstica - Ajuntament de Mont-roig del Camp","isPartOf":{"@id":"https:\/\/mont-roig.cat\/es\/#website"},"primaryImageOfPage":{"@id":"https:\/\/mont-roig.cat\/es\/actualitat\/noticies\/el-ajuntament-de-mont-roig-del-camp-se-suma-un-ano-mas-al-convenio-corner-de-la-diputacio-de-promocion-turistica\/#primaryimage"},"image":{"@id":"https:\/\/mont-roig.cat\/es\/actualitat\/noticies\/el-ajuntament-de-mont-roig-del-camp-se-suma-un-ano-mas-al-convenio-corner-de-la-diputacio-de-promocion-turistica\/#primaryimage"},"thumbnailUrl":"https:\/\/mont-roig.cat\/wp-content\/uploads\/7c72b0f1-5871-4424-8502-0c9d75907f5c.jpg","datePublished":"2023-02-15T09:59:33+00:00","dateModified":"2023-02-15T13:24:52+00:00","author":{"@id":"https:\/\/mont-roig.cat\/es\/#\/schema\/person\/1f73e7b5e6f9dd122e8a6f14f310ac5e"},"breadcrumb":{"@id":"https:\/\/mont-roig.cat\/es\/actualitat\/noticies\/el-ajuntament-de-mont-roig-del-camp-se-suma-un-ano-mas-al-convenio-corner-de-la-diputacio-de-promocion-turistica\/#breadcrumb"},"inLanguage":"es","potentialAction":[{"@type":"ReadAction","target":["https:\/\/mont-roig.cat\/es\/actualitat\/noticies\/el-ajuntament-de-mont-roig-del-camp-se-suma-un-ano-mas-al-convenio-corner-de-la-diputacio-de-promocion-turistica\/"]}]},{"@type":"ImageObject","inLanguage":"es","@id":"https:\/\/mont-roig.cat\/es\/actualitat\/noticies\/el-ajuntament-de-mont-roig-del-camp-se-suma-un-ano-mas-al-convenio-corner-de-la-diputacio-de-promocion-turistica\/#primaryimage","url":"https:\/\/mont-roig.cat\/wp-content\/uploads\/7c72b0f1-5871-4424-8502-0c9d75907f5c.jpg","contentUrl":"https:\/\/mont-roig.cat\/wp-content\/uploads\/7c72b0f1-5871-4424-8502-0c9d75907f5c.jpg","width":1024,"height":768},{"@type":"BreadcrumbList","@id":"https:\/\/mont-roig.cat\/es\/actualitat\/noticies\/el-ajuntament-de-mont-roig-del-camp-se-suma-un-ano-mas-al-convenio-corner-de-la-diputacio-de-promocion-turistica\/#breadcrumb","itemListElement":[{"@type":"ListItem","position":1,"name":"Inici","item":"https:\/\/mont-roig.cat\/es\/pagina-de-inicio\/"},{"@type":"ListItem","position":2,"name":"El Ajuntament de Mont-roig del Camp se suma un a\u00f1o m\u00e1s al Convenio C\u00f3rner de la Diputaci\u00f3 de promoci\u00f3n tur\u00edstica"}]},{"@type":"WebSite","@id":"https:\/\/mont-roig.cat\/es\/#website","url":"https:\/\/mont-roig.cat\/es\/","name":"Ajuntament de Mont-roig del Camp","description":"Tota la informaci\u00f3 sobre la instituci\u00f3, els seus \u00f2rgans de govern, actualitat, serveis i molt m\u00e9s.","potentialAction":[{"@type":"SearchAction","target":{"@type":"EntryPoint","urlTemplate":"https:\/\/mont-roig.cat\/es\/?s={search_term_string}"},"query-input":{"@type":"PropertyValueSpecification","valueRequired":true,"valueName":"search_term_string"}}],"inLanguage":"es"},{"@type":"Person","@id":"https:\/\/mont-roig.cat\/es\/#\/schema\/person\/1f73e7b5e6f9dd122e8a6f14f310ac5e","name":"comunicacio","image":{"@type":"ImageObject","inLanguage":"es","@id":"https:\/\/secure.gravatar.com\/avatar\/98944333e7a877670a64f8d10f0cb680ab2c9ebc4efc43945ef004b52b5ad28c?s=96&d=mm&r=g","url":"https:\/\/secure.gravatar.com\/avatar\/98944333e7a877670a64f8d10f0cb680ab2c9ebc4efc43945ef004b52b5ad28c?s=96&d=mm&r=g","contentUrl":"https:\/\/secure.gravatar.com\/avatar\/98944333e7a877670a64f8d10f0cb680ab2c9ebc4efc43945ef004b52b5ad28c?s=96&d=mm&r=g","caption":"comunicacio"},"url":"https:\/\/mont-roig.cat\/es\/actualitat\/noticies\/author\/comunicacio\/"}]}},"_links":{"self":[{"href":"https:\/\/mont-roig.cat\/es\/wp-json\/wp\/v2\/posts\/68330","targetHints":{"allow":["GET"]}}],"collection":[{"href":"https:\/\/mont-roig.cat\/es\/wp-json\/wp\/v2\/posts"}],"about":[{"href":"https:\/\/mont-roig.cat\/es\/wp-json\/wp\/v2\/types\/post"}],"author":[{"embeddable":true,"href":"https:\/\/mont-roig.cat\/es\/wp-json\/wp\/v2\/users\/13"}],"replies":[{"embeddable":true,"href":"https:\/\/mont-roig.cat\/es\/wp-json\/wp\/v2\/comments?post=68330"}],"version-history":[{"count":4,"href":"https:\/\/mont-roig.cat\/es\/wp-json\/wp\/v2\/posts\/68330\/revisions"}],"predecessor-version":[{"id":68343,"href":"https:\/\/mont-roig.cat\/es\/wp-json\/wp\/v2\/posts\/68330\/revisions\/68343"}],"wp:featuredmedia":[{"embeddable":true,"href":"https:\/\/mont-roig.cat\/es\/wp-json\/wp\/v2\/media\/68328"}],"wp:attachment":[{"href":"https:\/\/mont-roig.cat\/es\/wp-json\/wp\/v2\/media?parent=68330"}],"wp:term":[{"taxonomy":"category","embeddable":true,"href":"https:\/\/mont-roig.cat\/es\/wp-json\/wp\/v2\/categories?post=68330"},{"taxonomy":"post_tag","embeddable":true,"href":"https:\/\/mont-roig.cat\/es\/wp-json\/wp\/v2\/tags?post=68330"}],"curies":[{"name":"wp","href":"https:\/\/api.w.org\/{rel}","templated":true}]}}