{"id":68425,"date":"2023-02-20T20:47:38","date_gmt":"2023-02-20T19:47:38","guid":{"rendered":"https:\/\/mont-roig.cat\/actualitat\/noticies\/resultats-del-concurs-de-carrosses-i-comparses-de-carnaval\/"},"modified":"2023-02-20T21:01:24","modified_gmt":"2023-02-20T20:01:24","slug":"resultados-del-concurso-de-carrozas-y-comparsas-de-carnaval","status":"publish","type":"post","link":"https:\/\/mont-roig.cat\/es\/actualitat\/noticies\/resultados-del-concurso-de-carrozas-y-comparsas-de-carnaval\/","title":{"rendered":"Resultados del concurso de carrozas y comparsas de Carnaval"},"content":{"rendered":"<p><strong><strong><a href=\"https:\/\/mont-roig.cat\/wp-content\/uploads\/1r-ComparsaEls-desequilibrats-Tematica-Diables_montoig.jpg\" target=\"_blank\" rel=\"noopener\"><img loading=\"lazy\" decoding=\"async\" class=\"alignright wp-image-68401\" src=\"https:\/\/mont-roig.cat\/wp-content\/uploads\/1r-ComparsaEls-desequilibrats-Tematica-Diables_montoig-500x375.jpg\" alt=\"\" width=\"300\" height=\"225\" srcset=\"https:\/\/mont-roig.cat\/wp-content\/uploads\/1r-ComparsaEls-desequilibrats-Tematica-Diables_montoig-500x375.jpg 500w, https:\/\/mont-roig.cat\/wp-content\/uploads\/1r-ComparsaEls-desequilibrats-Tematica-Diables_montoig-1024x768.jpg 1024w, https:\/\/mont-roig.cat\/wp-content\/uploads\/1r-ComparsaEls-desequilibrats-Tematica-Diables_montoig-768x576.jpg 768w, https:\/\/mont-roig.cat\/wp-content\/uploads\/1r-ComparsaEls-desequilibrats-Tematica-Diables_montoig-1536x1152.jpg 1536w, https:\/\/mont-roig.cat\/wp-content\/uploads\/1r-ComparsaEls-desequilibrats-Tematica-Diables_montoig-463x348.jpg 463w, https:\/\/mont-roig.cat\/wp-content\/uploads\/1r-ComparsaEls-desequilibrats-Tematica-Diables_montoig.jpg 1600w\" sizes=\"auto, (max-width: 300px) 100vw, 300px\" \/><\/a><a href=\"https:\/\/mont-roig.cat\/wp-content\/uploads\/Montroig_Primeracarrosa-Escalics.jpg\" target=\"_blank\" rel=\"noopener\"><img loading=\"lazy\" decoding=\"async\" class=\"alignright wp-image-68403\" src=\"https:\/\/mont-roig.cat\/wp-content\/uploads\/Montroig_Primeracarrosa-Escalics-500x375.jpg\" alt=\"\" width=\"301\" height=\"226\" srcset=\"https:\/\/mont-roig.cat\/wp-content\/uploads\/Montroig_Primeracarrosa-Escalics-500x375.jpg 500w, https:\/\/mont-roig.cat\/wp-content\/uploads\/Montroig_Primeracarrosa-Escalics-1024x768.jpg 1024w, https:\/\/mont-roig.cat\/wp-content\/uploads\/Montroig_Primeracarrosa-Escalics-768x576.jpg 768w, https:\/\/mont-roig.cat\/wp-content\/uploads\/Montroig_Primeracarrosa-Escalics-1536x1152.jpg 1536w, https:\/\/mont-roig.cat\/wp-content\/uploads\/Montroig_Primeracarrosa-Escalics-463x348.jpg 463w, https:\/\/mont-roig.cat\/wp-content\/uploads\/Montroig_Primeracarrosa-Escalics.jpg 1600w\" sizes=\"auto, (max-width: 301px) 100vw, 301px\" \/><\/a><a href=\"https:\/\/mont-roig.cat\/wp-content\/uploads\/Primer-premi-comparsa_Los-Fiesteros_-Tematica-Dolce-Vita_miami.jpg\" target=\"_blank\" rel=\"noopener\"><img loading=\"lazy\" decoding=\"async\" class=\"alignright wp-image-68405\" src=\"https:\/\/mont-roig.cat\/wp-content\/uploads\/Primer-premi-comparsa_Los-Fiesteros_-Tematica-Dolce-Vita_miami-375x500.jpg\" alt=\"\" width=\"250\" height=\"333\" srcset=\"https:\/\/mont-roig.cat\/wp-content\/uploads\/Primer-premi-comparsa_Los-Fiesteros_-Tematica-Dolce-Vita_miami-375x500.jpg 375w, https:\/\/mont-roig.cat\/wp-content\/uploads\/Primer-premi-comparsa_Los-Fiesteros_-Tematica-Dolce-Vita_miami-768x1024.jpg 768w, https:\/\/mont-roig.cat\/wp-content\/uploads\/Primer-premi-comparsa_Los-Fiesteros_-Tematica-Dolce-Vita_miami-1152x1536.jpg 1152w, https:\/\/mont-roig.cat\/wp-content\/uploads\/Primer-premi-comparsa_Los-Fiesteros_-Tematica-Dolce-Vita_miami.jpg 1536w\" sizes=\"auto, (max-width: 250px) 100vw, 250px\" \/><\/a><a href=\"https:\/\/mont-roig.cat\/wp-content\/uploads\/Primer-premi-de-carrossa-colla-Ben-Avinguda_-Tematica-El-regreso-de-la-momia_Miami.jpg\" target=\"_blank\" rel=\"noopener\"><img loading=\"lazy\" decoding=\"async\" class=\"alignright wp-image-68407\" src=\"https:\/\/mont-roig.cat\/wp-content\/uploads\/Primer-premi-de-carrossa-colla-Ben-Avinguda_-Tematica-El-regreso-de-la-momia_Miami-500x281.jpg\" alt=\"\" width=\"301\" height=\"169\" srcset=\"https:\/\/mont-roig.cat\/wp-content\/uploads\/Primer-premi-de-carrossa-colla-Ben-Avinguda_-Tematica-El-regreso-de-la-momia_Miami-500x281.jpg 500w, https:\/\/mont-roig.cat\/wp-content\/uploads\/Primer-premi-de-carrossa-colla-Ben-Avinguda_-Tematica-El-regreso-de-la-momia_Miami-1024x576.jpg 1024w, https:\/\/mont-roig.cat\/wp-content\/uploads\/Primer-premi-de-carrossa-colla-Ben-Avinguda_-Tematica-El-regreso-de-la-momia_Miami-768x432.jpg 768w, https:\/\/mont-roig.cat\/wp-content\/uploads\/Primer-premi-de-carrossa-colla-Ben-Avinguda_-Tematica-El-regreso-de-la-momia_Miami-1536x864.jpg 1536w, https:\/\/mont-roig.cat\/wp-content\/uploads\/Primer-premi-de-carrossa-colla-Ben-Avinguda_-Tematica-El-regreso-de-la-momia_Miami.jpg 2048w\" sizes=\"auto, (max-width: 301px) 100vw, 301px\" \/><\/a><\/strong><\/strong><\/p>\n<ul>\n<li><strong>El primer lugar en Mont-roig fue por la carroza de la Colla els Escapalics y por la comparsa de la Colla els Desequilibrats. En Miami Playa, la comparsa Los Fiesteros se llev\u00f3 el primer puesto y tambi\u00e9n la Colla Ben Avinguda en la categor\u00eda de carrozas.<\/strong><\/li>\n<\/ul>\n<p>El Carnaval 2023 ya tiene a los ganadores de su tradicional concurso de disfraces. En Mont-roig participaron 4 carrozas y 12 comparsas mientras que en el desfile de Miami Platja participaron 4 carrozas y seis comparsas. En total se inscribieron al concurso m\u00e1s de 700 personas, entre los y las 400 participantes de Miami Platja y los y las 330 participantes de Mont-roig.<\/p>\n<p>Finalmente, la decisi\u00f3n del jurado otorg\u00f3 la victoria a Mont-roig en la carroza de la Colla els Escapalics (22 participantes) con el disfraz &#8216;La Reina Pepeta y la Cort Co-Peta!&#8217; y por la comparsa de la Colla els Desequilibrats (20 participantes) con un disfraz con la tem\u00e1tica de &#8216;Diables&#8217;. En Miami Platja, la comparsa Los Fiesteros (20 participantes) se llev\u00f3 el primer puesto con la tem\u00e1tica &#8216;Dolce vita&#8217; y la carroza de la Colla Ben Avinguda (65 participantes) con un disfraz titulado &#8216;El regreso de la monia&#8217;.<\/p>\n<p><strong>El resto de los premiados.<\/strong><br \/>\nEn la r\u00faa de Miami Platja el segundo premio en la categor\u00eda de carrozas fue por Las Calaveras con 25 participantes y en tercer lugar Milenials, con 55 participantes. En la categor\u00eda de comparsas, el segundo puesto fue por \u00a1Vaya Corral! y el tercer puesto por la comparsa Ya Vamos Tarde con 22 participantes.<br \/>\nEn Mont-roig, en la categor\u00eda de carrozas, el segundo puesto fue por Ktrines (10 participantes) y el tercero por Polic\u00edas en acci\u00f3n (14 participantes). En la categor\u00eda de comparsas quedaron empatados en segundo lugar la Colla Sant \u00a1Tornem-hi! (7 participantes) y la Colla Hippies (25 participantes).<\/p>\n\n\t\t<!-- MasterSlider -->\n\t\t<div id=\"P_MS69f2ecc9cb712\" class=\"master-slider-parent master-slider-gallery   ms-parent-id-0\"  >\n\n\t\t\t\n\t\t\t<!-- MasterSlider Main -->\n\t\t\t<div id=\"MS69f2ecc9cb712\" class=\"master-slider ms-skin-default\" >\n\t\t\t\t \t\t\t\t \n\t\t\t<div  class=\"ms-slide\" data-delay=\"3\"    >\n\t\t\t\t\t<img decoding=\"async\" src=\"https:\/\/mont-roig.cat\/wp-content\/plugins\/masterslider\/public\/assets\/css\/blank.gif\" alt=\"3r CARROSSA\" title=\"3r CARROSSA\" data-src=\"https:\/\/mont-roig.cat\/wp-content\/uploadsArray\" \/>\n\t<a href=\"https:\/\/mont-roig.cat\/es\/actualitat\/noticies\/resultados-del-concurso-de-carrozas-y-comparsas-de-carnaval\/3r-carrossa-2\/\" target=\"_self\"    >3r CARROSSA<\/a>\n\n\t\t\t\t\t<div class=\"ms-info\">3r CARROSSA<\/div>\n\n\n\t<img decoding=\"async\" class=\"ms-thumb\" src=\"https:\/\/mont-roig.cat\/wp-content\/uploadsArray\" alt=\"3r CARROSSA\" \/>\n\t\t\t\t<\/div>\n\t\t\t<div  class=\"ms-slide\" data-delay=\"3\"    >\n\t\t\t\t\t<img decoding=\"async\" src=\"https:\/\/mont-roig.cat\/wp-content\/plugins\/masterslider\/public\/assets\/css\/blank.gif\" alt=\"3 carrossa\" title=\"3 carrossa\" data-src=\"https:\/\/mont-roig.cat\/wp-content\/uploadsArray\" \/>\n\t<a href=\"https:\/\/mont-roig.cat\/es\/actualitat\/noticies\/resultados-del-concurso-de-carrozas-y-comparsas-de-carnaval\/3-carrossa-2\/\" target=\"_self\"    >3 carrossa<\/a>\n\n\t\t\t\t\t<div class=\"ms-info\">3 carrossa<\/div>\n\n\n\t<img decoding=\"async\" class=\"ms-thumb\" src=\"https:\/\/mont-roig.cat\/wp-content\/uploadsArray\" alt=\"3 carrossa\" \/>\n\t\t\t\t<\/div>\n\t\t\t<div  class=\"ms-slide\" data-delay=\"3\"    >\n\t\t\t\t\t<img decoding=\"async\" src=\"https:\/\/mont-roig.cat\/wp-content\/plugins\/masterslider\/public\/assets\/css\/blank.gif\" alt=\"2 comparsa\" title=\"2 comparsa\" data-src=\"https:\/\/mont-roig.cat\/wp-content\/uploadsArray\" \/>\n\t<a href=\"https:\/\/mont-roig.cat\/es\/actualitat\/noticies\/resultados-del-concurso-de-carrozas-y-comparsas-de-carnaval\/2-comparsa-2\/\" target=\"_self\"    >2 comparsa<\/a>\n\n\t\t\t\t\t<div class=\"ms-info\">2 comparsa<\/div>\n\n\n\t<img decoding=\"async\" class=\"ms-thumb\" src=\"https:\/\/mont-roig.cat\/wp-content\/uploadsArray\" alt=\"2 comparsa\" \/>\n\t\t\t\t<\/div>\n\t\t\t<div  class=\"ms-slide\" data-delay=\"3\"    >\n\t\t\t\t\t<img decoding=\"async\" src=\"https:\/\/mont-roig.cat\/wp-content\/plugins\/masterslider\/public\/assets\/css\/blank.gif\" alt=\"2n CARROSSA\" title=\"2n CARROSSA\" data-src=\"https:\/\/mont-roig.cat\/wp-content\/uploadsArray\" \/>\n\t<a href=\"https:\/\/mont-roig.cat\/es\/actualitat\/noticies\/resultados-del-concurso-de-carrozas-y-comparsas-de-carnaval\/2n-carrossa-2\/\" target=\"_self\"    >2n CARROSSA<\/a>\n\n\t\t\t\t\t<div class=\"ms-info\">2n CARROSSA<\/div>\n\n\n\t<img decoding=\"async\" class=\"ms-thumb\" src=\"https:\/\/mont-roig.cat\/wp-content\/uploadsArray\" alt=\"2n CARROSSA\" \/>\n\t\t\t\t<\/div>\n\t\t\t<div  class=\"ms-slide\" data-delay=\"3\"    >\n\t\t\t\t\t<img decoding=\"async\" src=\"https:\/\/mont-roig.cat\/wp-content\/plugins\/masterslider\/public\/assets\/css\/blank.gif\" alt=\"2n i 3r COMPARSA\" title=\"2n i 3r COMPARSA\" data-src=\"https:\/\/mont-roig.cat\/wp-content\/uploadsArray\" \/>\n\t<a href=\"https:\/\/mont-roig.cat\/es\/actualitat\/noticies\/resultados-del-concurso-de-carrozas-y-comparsas-de-carnaval\/2n-i-3r-comparsa-2\/\" target=\"_self\"    >2n i 3r COMPARSA<\/a>\n\n\t\t\t\t\t<div class=\"ms-info\">2n i 3r COMPARSA<\/div>\n\n\n\t<img decoding=\"async\" class=\"ms-thumb\" src=\"https:\/\/mont-roig.cat\/wp-content\/uploadsArray\" alt=\"2n i 3r COMPARSA\" \/>\n\t\t\t\t<\/div>\n\t\t\t<div  class=\"ms-slide\" data-delay=\"3\"    >\n\t\t\t\t\t<img decoding=\"async\" src=\"https:\/\/mont-roig.cat\/wp-content\/plugins\/masterslider\/public\/assets\/css\/blank.gif\" alt=\"2 carrossa\" title=\"2 carrossa\" data-src=\"https:\/\/mont-roig.cat\/wp-content\/uploadsArray\" \/>\n\t<a href=\"https:\/\/mont-roig.cat\/es\/actualitat\/noticies\/resultados-del-concurso-de-carrozas-y-comparsas-de-carnaval\/2-carrossa-2\/\" target=\"_self\"    >2 carrossa<\/a>\n\n\t\t\t\t\t<div class=\"ms-info\">2 carrossa<\/div>\n\n\n\t<img decoding=\"async\" class=\"ms-thumb\" src=\"https:\/\/mont-roig.cat\/wp-content\/uploadsArray\" alt=\"2 carrossa\" \/>\n\t\t\t\t<\/div>\n\t\t\t<div  class=\"ms-slide\" data-delay=\"3\"    >\n\t\t\t\t\t<img decoding=\"async\" src=\"https:\/\/mont-roig.cat\/wp-content\/plugins\/masterslider\/public\/assets\/css\/blank.gif\" alt=\"3 comparsa\" title=\"3 comparsa\" data-src=\"https:\/\/mont-roig.cat\/wp-content\/uploadsArray\" \/>\n\t<a href=\"https:\/\/mont-roig.cat\/es\/actualitat\/noticies\/resultados-del-concurso-de-carrozas-y-comparsas-de-carnaval\/3-comparsa-2\/\" target=\"_self\"    >3 comparsa<\/a>\n\n\t\t\t\t\t<div class=\"ms-info\">3 comparsa<\/div>\n\n\n\t<img decoding=\"async\" class=\"ms-thumb\" src=\"https:\/\/mont-roig.cat\/wp-content\/uploadsArray\" alt=\"3 comparsa\" \/>\n\t\t\t\t<\/div>\n\n\t\t\t<\/div>\n\t\t\t<!-- END MasterSlider Main -->\n\n\t\t\t \n\t\t<\/div>\n\t\t<!-- END MasterSlider -->\n\n\t\t<script>\n\t\t( window.MSReady = window.MSReady || [] ).push( function( $ ) {\n\n\t\t\t\"use strict\";\n\t\t\tvar masterslider_b712 = new MasterSlider();\n\n\t\t\t\/\/ slider controls\n\t\t\tmasterslider_b712.control('arrows'     ,{ autohide:true, overVideo:true  });\n\t\t\tmasterslider_b712.control('thumblist'  ,{ autohide:false, overVideo:true, dir:'h', speed:17, inset:false, arrows:false, hover:false, customClass:'', align:'bottom',type:'thumbs', margin:2, width:140, height:80, space:2, fillMode:'fill'  });\n\t\t\tmasterslider_b712.control('slideinfo'  ,{ autohide:true, overVideo:true, dir:'h', align:'bottom',inset:true , margin:80  , size:30 });\n\t\t\t\/\/ slider setup\n\t\t\tmasterslider_b712.setup(\"MS69f2ecc9cb712\", {\n\t\t\t\twidth           : 960,\n\t\t\t\theight          : 540,\n\t\t\t\tminHeight       : 0,\n\t\t\t\tspace           : 0,\n\t\t\t\tstart           : 1,\n\t\t\t\tgrabCursor      : true,\n\t\t\t\tswipe           : true,\n\t\t\t\tmouse           : true,\n\t\t\t\tkeyboard        : false,\n\t\t\t\tlayout          : \"fillwidth\",\n\t\t\t\twheel           : false,\n\t\t\t\tautoplay        : false,\n                instantStartLayers:false,\n\t\t\t\tmobileBGVideo:false,\n\t\t\t\tloop            : false,\n\t\t\t\tshuffle         : false,\n\t\t\t\tpreload         : 3,\n\t\t\t\theightLimit     : false,\n\t\t\t\tautoHeight      : false,\n\t\t\t\tsmoothHeight    : true,\n\t\t\t\tendPause        : false,\n\t\t\t\toverPause       : false,\n\t\t\t\tfillMode        : \"fill\",\n\t\t\t\tcenterControls  : true,\n\t\t\t\tstartOnAppear   : false,\n\t\t\t\tlayersMode      : \"center\",\n\t\t\t\tautofillTarget  : \"\",\n\t\t\t\thideLayers      : false,\n\t\t\t\tfullscreenMargin: 0,\n\t\t\t\tspeed           : 17,\n\t\t\t\tdir             : \"h\",\n\t\t\t\tparallaxMode    : 'swipe',\n\t\t\t\tview            : \"basic\"\n\t\t\t});\n\n\t\t\t\n\t\t\twindow.masterslider_instances = window.masterslider_instances || [];\n\t\t\twindow.masterslider_instances.push( masterslider_b712 );\n\t\t});\n\t\t<\/script>\n\n\n<p>&nbsp;<\/p>\n","protected":false},"excerpt":{"rendered":"<p>El primer lugar en Mont-roig fue por la carroza de la Colla els Escapalics y por la comparsa de la Colla els Desequilibrats. En Miami Playa, la comparsa Los Fiesteros se llev\u00f3 el primer puesto y tambi\u00e9n la Colla Ben Avinguda en la categor\u00eda de carrozas. El Carnaval 2023 ya tiene a los ganadores de [&hellip;]<\/p>\n","protected":false},"author":13,"featured_media":68402,"comment_status":"closed","ping_status":"closed","sticky":false,"template":"","format":"standard","meta":{"inline_featured_image":false,"_monsterinsights_skip_tracking":false,"_monsterinsights_sitenote_active":false,"_monsterinsights_sitenote_note":"","_monsterinsights_sitenote_category":0,"footnotes":""},"categories":[98,105,71],"tags":[],"class_list":["post-68425","post","type-post","status-publish","format-standard","has-post-thumbnail","hentry","category-ayuntamiento","category-fiestas","category-general-es"],"yoast_head":"<!-- This site is optimized with the Yoast SEO plugin v27.4 - https:\/\/yoast.com\/product\/yoast-seo-wordpress\/ -->\n<title>Resultados del concurso de carrozas y comparsas de Carnaval - Ajuntament de Mont-roig del Camp<\/title>\n<meta name=\"robots\" content=\"index, follow, max-snippet:-1, max-image-preview:large, max-video-preview:-1\" \/>\n<link rel=\"canonical\" href=\"https:\/\/mont-roig.cat\/es\/actualitat\/noticies\/resultados-del-concurso-de-carrozas-y-comparsas-de-carnaval\/\" \/>\n<meta property=\"og:locale\" content=\"es_ES\" \/>\n<meta property=\"og:type\" content=\"article\" \/>\n<meta property=\"og:title\" content=\"Resultados del concurso de carrozas y comparsas de Carnaval - Ajuntament de Mont-roig del Camp\" \/>\n<meta property=\"og:description\" content=\"El primer lugar en Mont-roig fue por la carroza de la Colla els Escapalics y por la comparsa de la Colla els Desequilibrats. En Miami Playa, la comparsa Los Fiesteros se llev\u00f3 el primer puesto y tambi\u00e9n la Colla Ben Avinguda en la categor\u00eda de carrozas. El Carnaval 2023 ya tiene a los ganadores de [&hellip;]\" \/>\n<meta property=\"og:url\" content=\"https:\/\/mont-roig.cat\/es\/actualitat\/noticies\/resultados-del-concurso-de-carrozas-y-comparsas-de-carnaval\/\" \/>\n<meta property=\"og:site_name\" content=\"Ajuntament de Mont-roig del Camp\" \/>\n<meta property=\"article:published_time\" content=\"2023-02-20T19:47:38+00:00\" \/>\n<meta property=\"article:modified_time\" content=\"2023-02-20T20:01:24+00:00\" \/>\n<meta property=\"og:image\" content=\"https:\/\/mont-roig.cat\/wp-content\/uploads\/2-carrossa-500x281.jpg\" \/>\n<meta name=\"author\" content=\"comunicacio\" \/>\n<meta name=\"twitter:card\" content=\"summary_large_image\" \/>\n<meta name=\"twitter:label1\" content=\"Escrito por\" \/>\n\t<meta name=\"twitter:data1\" content=\"comunicacio\" \/>\n\t<meta name=\"twitter:label2\" content=\"Tiempo de lectura\" \/>\n\t<meta name=\"twitter:data2\" content=\"3 minutos\" \/>\n<script type=\"application\/ld+json\" class=\"yoast-schema-graph\">{\"@context\":\"https:\\\/\\\/schema.org\",\"@graph\":[{\"@type\":\"Article\",\"@id\":\"https:\\\/\\\/mont-roig.cat\\\/es\\\/actualitat\\\/noticies\\\/resultados-del-concurso-de-carrozas-y-comparsas-de-carnaval\\\/#article\",\"isPartOf\":{\"@id\":\"https:\\\/\\\/mont-roig.cat\\\/es\\\/actualitat\\\/noticies\\\/resultados-del-concurso-de-carrozas-y-comparsas-de-carnaval\\\/\"},\"author\":{\"name\":\"comunicacio\",\"@id\":\"https:\\\/\\\/mont-roig.cat\\\/es\\\/#\\\/schema\\\/person\\\/1f73e7b5e6f9dd122e8a6f14f310ac5e\"},\"headline\":\"Resultados del concurso de carrozas y comparsas de Carnaval\",\"datePublished\":\"2023-02-20T19:47:38+00:00\",\"dateModified\":\"2023-02-20T20:01:24+00:00\",\"mainEntityOfPage\":{\"@id\":\"https:\\\/\\\/mont-roig.cat\\\/es\\\/actualitat\\\/noticies\\\/resultados-del-concurso-de-carrozas-y-comparsas-de-carnaval\\\/\"},\"wordCount\":315,\"image\":{\"@id\":\"https:\\\/\\\/mont-roig.cat\\\/es\\\/actualitat\\\/noticies\\\/resultados-del-concurso-de-carrozas-y-comparsas-de-carnaval\\\/#primaryimage\"},\"thumbnailUrl\":\"https:\\\/\\\/mont-roig.cat\\\/wp-content\\\/uploads\\\/1r-ComparsaEls-desequilibrats-Tematica-Diables_montoig.jpg\",\"articleSection\":[\"Ayuntamiento\",\"Festes\",\"General\"],\"inLanguage\":\"es\"},{\"@type\":\"WebPage\",\"@id\":\"https:\\\/\\\/mont-roig.cat\\\/es\\\/actualitat\\\/noticies\\\/resultados-del-concurso-de-carrozas-y-comparsas-de-carnaval\\\/\",\"url\":\"https:\\\/\\\/mont-roig.cat\\\/es\\\/actualitat\\\/noticies\\\/resultados-del-concurso-de-carrozas-y-comparsas-de-carnaval\\\/\",\"name\":\"Resultados del concurso de carrozas y comparsas de Carnaval - Ajuntament de Mont-roig del Camp\",\"isPartOf\":{\"@id\":\"https:\\\/\\\/mont-roig.cat\\\/es\\\/#website\"},\"primaryImageOfPage\":{\"@id\":\"https:\\\/\\\/mont-roig.cat\\\/es\\\/actualitat\\\/noticies\\\/resultados-del-concurso-de-carrozas-y-comparsas-de-carnaval\\\/#primaryimage\"},\"image\":{\"@id\":\"https:\\\/\\\/mont-roig.cat\\\/es\\\/actualitat\\\/noticies\\\/resultados-del-concurso-de-carrozas-y-comparsas-de-carnaval\\\/#primaryimage\"},\"thumbnailUrl\":\"https:\\\/\\\/mont-roig.cat\\\/wp-content\\\/uploads\\\/1r-ComparsaEls-desequilibrats-Tematica-Diables_montoig.jpg\",\"datePublished\":\"2023-02-20T19:47:38+00:00\",\"dateModified\":\"2023-02-20T20:01:24+00:00\",\"author\":{\"@id\":\"https:\\\/\\\/mont-roig.cat\\\/es\\\/#\\\/schema\\\/person\\\/1f73e7b5e6f9dd122e8a6f14f310ac5e\"},\"breadcrumb\":{\"@id\":\"https:\\\/\\\/mont-roig.cat\\\/es\\\/actualitat\\\/noticies\\\/resultados-del-concurso-de-carrozas-y-comparsas-de-carnaval\\\/#breadcrumb\"},\"inLanguage\":\"es\",\"potentialAction\":[{\"@type\":\"ReadAction\",\"target\":[\"https:\\\/\\\/mont-roig.cat\\\/es\\\/actualitat\\\/noticies\\\/resultados-del-concurso-de-carrozas-y-comparsas-de-carnaval\\\/\"]}]},{\"@type\":\"ImageObject\",\"inLanguage\":\"es\",\"@id\":\"https:\\\/\\\/mont-roig.cat\\\/es\\\/actualitat\\\/noticies\\\/resultados-del-concurso-de-carrozas-y-comparsas-de-carnaval\\\/#primaryimage\",\"url\":\"https:\\\/\\\/mont-roig.cat\\\/wp-content\\\/uploads\\\/1r-ComparsaEls-desequilibrats-Tematica-Diables_montoig.jpg\",\"contentUrl\":\"https:\\\/\\\/mont-roig.cat\\\/wp-content\\\/uploads\\\/1r-ComparsaEls-desequilibrats-Tematica-Diables_montoig.jpg\",\"width\":1600,\"height\":1200},{\"@type\":\"BreadcrumbList\",\"@id\":\"https:\\\/\\\/mont-roig.cat\\\/es\\\/actualitat\\\/noticies\\\/resultados-del-concurso-de-carrozas-y-comparsas-de-carnaval\\\/#breadcrumb\",\"itemListElement\":[{\"@type\":\"ListItem\",\"position\":1,\"name\":\"Inici\",\"item\":\"https:\\\/\\\/mont-roig.cat\\\/es\\\/pagina-de-inicio\\\/\"},{\"@type\":\"ListItem\",\"position\":2,\"name\":\"Resultados del concurso de carrozas y comparsas de Carnaval\"}]},{\"@type\":\"WebSite\",\"@id\":\"https:\\\/\\\/mont-roig.cat\\\/es\\\/#website\",\"url\":\"https:\\\/\\\/mont-roig.cat\\\/es\\\/\",\"name\":\"Ajuntament de Mont-roig del Camp\",\"description\":\"Tota la informaci\u00f3 sobre la instituci\u00f3, els seus \u00f2rgans de govern, actualitat, serveis i molt m\u00e9s.\",\"potentialAction\":[{\"@type\":\"SearchAction\",\"target\":{\"@type\":\"EntryPoint\",\"urlTemplate\":\"https:\\\/\\\/mont-roig.cat\\\/es\\\/?s={search_term_string}\"},\"query-input\":{\"@type\":\"PropertyValueSpecification\",\"valueRequired\":true,\"valueName\":\"search_term_string\"}}],\"inLanguage\":\"es\"},{\"@type\":\"Person\",\"@id\":\"https:\\\/\\\/mont-roig.cat\\\/es\\\/#\\\/schema\\\/person\\\/1f73e7b5e6f9dd122e8a6f14f310ac5e\",\"name\":\"comunicacio\",\"image\":{\"@type\":\"ImageObject\",\"inLanguage\":\"es\",\"@id\":\"https:\\\/\\\/secure.gravatar.com\\\/avatar\\\/98944333e7a877670a64f8d10f0cb680ab2c9ebc4efc43945ef004b52b5ad28c?s=96&d=mm&r=g\",\"url\":\"https:\\\/\\\/secure.gravatar.com\\\/avatar\\\/98944333e7a877670a64f8d10f0cb680ab2c9ebc4efc43945ef004b52b5ad28c?s=96&d=mm&r=g\",\"contentUrl\":\"https:\\\/\\\/secure.gravatar.com\\\/avatar\\\/98944333e7a877670a64f8d10f0cb680ab2c9ebc4efc43945ef004b52b5ad28c?s=96&d=mm&r=g\",\"caption\":\"comunicacio\"},\"url\":\"https:\\\/\\\/mont-roig.cat\\\/es\\\/actualitat\\\/noticies\\\/author\\\/comunicacio\\\/\"}]}<\/script>\n<!-- \/ Yoast SEO plugin. -->","yoast_head_json":{"title":"Resultados del concurso de carrozas y comparsas de Carnaval - Ajuntament de Mont-roig del Camp","robots":{"index":"index","follow":"follow","max-snippet":"max-snippet:-1","max-image-preview":"max-image-preview:large","max-video-preview":"max-video-preview:-1"},"canonical":"https:\/\/mont-roig.cat\/es\/actualitat\/noticies\/resultados-del-concurso-de-carrozas-y-comparsas-de-carnaval\/","og_locale":"es_ES","og_type":"article","og_title":"Resultados del concurso de carrozas y comparsas de Carnaval - Ajuntament de Mont-roig del Camp","og_description":"El primer lugar en Mont-roig fue por la carroza de la Colla els Escapalics y por la comparsa de la Colla els Desequilibrats. En Miami Playa, la comparsa Los Fiesteros se llev\u00f3 el primer puesto y tambi\u00e9n la Colla Ben Avinguda en la categor\u00eda de carrozas. El Carnaval 2023 ya tiene a los ganadores de [&hellip;]","og_url":"https:\/\/mont-roig.cat\/es\/actualitat\/noticies\/resultados-del-concurso-de-carrozas-y-comparsas-de-carnaval\/","og_site_name":"Ajuntament de Mont-roig del Camp","article_published_time":"2023-02-20T19:47:38+00:00","article_modified_time":"2023-02-20T20:01:24+00:00","og_image":[{"url":"https:\/\/mont-roig.cat\/wp-content\/uploads\/2-carrossa-500x281.jpg","type":"","width":"","height":""}],"author":"comunicacio","twitter_card":"summary_large_image","twitter_misc":{"Escrito por":"comunicacio","Tiempo de lectura":"3 minutos"},"schema":{"@context":"https:\/\/schema.org","@graph":[{"@type":"Article","@id":"https:\/\/mont-roig.cat\/es\/actualitat\/noticies\/resultados-del-concurso-de-carrozas-y-comparsas-de-carnaval\/#article","isPartOf":{"@id":"https:\/\/mont-roig.cat\/es\/actualitat\/noticies\/resultados-del-concurso-de-carrozas-y-comparsas-de-carnaval\/"},"author":{"name":"comunicacio","@id":"https:\/\/mont-roig.cat\/es\/#\/schema\/person\/1f73e7b5e6f9dd122e8a6f14f310ac5e"},"headline":"Resultados del concurso de carrozas y comparsas de Carnaval","datePublished":"2023-02-20T19:47:38+00:00","dateModified":"2023-02-20T20:01:24+00:00","mainEntityOfPage":{"@id":"https:\/\/mont-roig.cat\/es\/actualitat\/noticies\/resultados-del-concurso-de-carrozas-y-comparsas-de-carnaval\/"},"wordCount":315,"image":{"@id":"https:\/\/mont-roig.cat\/es\/actualitat\/noticies\/resultados-del-concurso-de-carrozas-y-comparsas-de-carnaval\/#primaryimage"},"thumbnailUrl":"https:\/\/mont-roig.cat\/wp-content\/uploads\/1r-ComparsaEls-desequilibrats-Tematica-Diables_montoig.jpg","articleSection":["Ayuntamiento","Festes","General"],"inLanguage":"es"},{"@type":"WebPage","@id":"https:\/\/mont-roig.cat\/es\/actualitat\/noticies\/resultados-del-concurso-de-carrozas-y-comparsas-de-carnaval\/","url":"https:\/\/mont-roig.cat\/es\/actualitat\/noticies\/resultados-del-concurso-de-carrozas-y-comparsas-de-carnaval\/","name":"Resultados del concurso de carrozas y comparsas de Carnaval - Ajuntament de Mont-roig del Camp","isPartOf":{"@id":"https:\/\/mont-roig.cat\/es\/#website"},"primaryImageOfPage":{"@id":"https:\/\/mont-roig.cat\/es\/actualitat\/noticies\/resultados-del-concurso-de-carrozas-y-comparsas-de-carnaval\/#primaryimage"},"image":{"@id":"https:\/\/mont-roig.cat\/es\/actualitat\/noticies\/resultados-del-concurso-de-carrozas-y-comparsas-de-carnaval\/#primaryimage"},"thumbnailUrl":"https:\/\/mont-roig.cat\/wp-content\/uploads\/1r-ComparsaEls-desequilibrats-Tematica-Diables_montoig.jpg","datePublished":"2023-02-20T19:47:38+00:00","dateModified":"2023-02-20T20:01:24+00:00","author":{"@id":"https:\/\/mont-roig.cat\/es\/#\/schema\/person\/1f73e7b5e6f9dd122e8a6f14f310ac5e"},"breadcrumb":{"@id":"https:\/\/mont-roig.cat\/es\/actualitat\/noticies\/resultados-del-concurso-de-carrozas-y-comparsas-de-carnaval\/#breadcrumb"},"inLanguage":"es","potentialAction":[{"@type":"ReadAction","target":["https:\/\/mont-roig.cat\/es\/actualitat\/noticies\/resultados-del-concurso-de-carrozas-y-comparsas-de-carnaval\/"]}]},{"@type":"ImageObject","inLanguage":"es","@id":"https:\/\/mont-roig.cat\/es\/actualitat\/noticies\/resultados-del-concurso-de-carrozas-y-comparsas-de-carnaval\/#primaryimage","url":"https:\/\/mont-roig.cat\/wp-content\/uploads\/1r-ComparsaEls-desequilibrats-Tematica-Diables_montoig.jpg","contentUrl":"https:\/\/mont-roig.cat\/wp-content\/uploads\/1r-ComparsaEls-desequilibrats-Tematica-Diables_montoig.jpg","width":1600,"height":1200},{"@type":"BreadcrumbList","@id":"https:\/\/mont-roig.cat\/es\/actualitat\/noticies\/resultados-del-concurso-de-carrozas-y-comparsas-de-carnaval\/#breadcrumb","itemListElement":[{"@type":"ListItem","position":1,"name":"Inici","item":"https:\/\/mont-roig.cat\/es\/pagina-de-inicio\/"},{"@type":"ListItem","position":2,"name":"Resultados del concurso de carrozas y comparsas de Carnaval"}]},{"@type":"WebSite","@id":"https:\/\/mont-roig.cat\/es\/#website","url":"https:\/\/mont-roig.cat\/es\/","name":"Ajuntament de Mont-roig del Camp","description":"Tota la informaci\u00f3 sobre la instituci\u00f3, els seus \u00f2rgans de govern, actualitat, serveis i molt m\u00e9s.","potentialAction":[{"@type":"SearchAction","target":{"@type":"EntryPoint","urlTemplate":"https:\/\/mont-roig.cat\/es\/?s={search_term_string}"},"query-input":{"@type":"PropertyValueSpecification","valueRequired":true,"valueName":"search_term_string"}}],"inLanguage":"es"},{"@type":"Person","@id":"https:\/\/mont-roig.cat\/es\/#\/schema\/person\/1f73e7b5e6f9dd122e8a6f14f310ac5e","name":"comunicacio","image":{"@type":"ImageObject","inLanguage":"es","@id":"https:\/\/secure.gravatar.com\/avatar\/98944333e7a877670a64f8d10f0cb680ab2c9ebc4efc43945ef004b52b5ad28c?s=96&d=mm&r=g","url":"https:\/\/secure.gravatar.com\/avatar\/98944333e7a877670a64f8d10f0cb680ab2c9ebc4efc43945ef004b52b5ad28c?s=96&d=mm&r=g","contentUrl":"https:\/\/secure.gravatar.com\/avatar\/98944333e7a877670a64f8d10f0cb680ab2c9ebc4efc43945ef004b52b5ad28c?s=96&d=mm&r=g","caption":"comunicacio"},"url":"https:\/\/mont-roig.cat\/es\/actualitat\/noticies\/author\/comunicacio\/"}]}},"_links":{"self":[{"href":"https:\/\/mont-roig.cat\/es\/wp-json\/wp\/v2\/posts\/68425","targetHints":{"allow":["GET"]}}],"collection":[{"href":"https:\/\/mont-roig.cat\/es\/wp-json\/wp\/v2\/posts"}],"about":[{"href":"https:\/\/mont-roig.cat\/es\/wp-json\/wp\/v2\/types\/post"}],"author":[{"embeddable":true,"href":"https:\/\/mont-roig.cat\/es\/wp-json\/wp\/v2\/users\/13"}],"replies":[{"embeddable":true,"href":"https:\/\/mont-roig.cat\/es\/wp-json\/wp\/v2\/comments?post=68425"}],"version-history":[{"count":2,"href":"https:\/\/mont-roig.cat\/es\/wp-json\/wp\/v2\/posts\/68425\/revisions"}],"predecessor-version":[{"id":68427,"href":"https:\/\/mont-roig.cat\/es\/wp-json\/wp\/v2\/posts\/68425\/revisions\/68427"}],"wp:featuredmedia":[{"embeddable":true,"href":"https:\/\/mont-roig.cat\/es\/wp-json\/wp\/v2\/media\/68402"}],"wp:attachment":[{"href":"https:\/\/mont-roig.cat\/es\/wp-json\/wp\/v2\/media?parent=68425"}],"wp:term":[{"taxonomy":"category","embeddable":true,"href":"https:\/\/mont-roig.cat\/es\/wp-json\/wp\/v2\/categories?post=68425"},{"taxonomy":"post_tag","embeddable":true,"href":"https:\/\/mont-roig.cat\/es\/wp-json\/wp\/v2\/tags?post=68425"}],"curies":[{"name":"wp","href":"https:\/\/api.w.org\/{rel}","templated":true}]}}