{"id":68484,"date":"2023-02-21T16:58:51","date_gmt":"2023-02-21T15:58:51","guid":{"rendered":"https:\/\/mont-roig.cat\/actualitat\/noticies\/mont-roig-i-miami-platja-commemoraran-el-dia-internacional-de-la-dona-amb-una-dotzena-dactivitats\/"},"modified":"2023-02-21T17:10:23","modified_gmt":"2023-02-21T16:10:23","slug":"mont-roig-y-miami-platja-conmemoraran-el-dia-internacional-de-la-mujer-con-una-docena-de-actividades","status":"publish","type":"post","link":"https:\/\/mont-roig.cat\/es\/actualitat\/noticies\/mont-roig-y-miami-platja-conmemoraran-el-dia-internacional-de-la-mujer-con-una-docena-de-actividades\/","title":{"rendered":"Mont-roig y Miami Platja conmemorar\u00e1n el D\u00eda Internacional de la Mujer con una docena de actividades"},"content":{"rendered":"<div id=\"attachment_68474\" style=\"width: 308px\" class=\"wp-caption alignright\"><a href=\"https:\/\/mont-roig.cat\/wp-content\/uploads\/Cartell-8-M-Mont-roig-i-Miami-Platja-.jpeg\" target=\"_blank\" rel=\"noopener\"><img loading=\"lazy\" decoding=\"async\" aria-describedby=\"caption-attachment-68474\" class=\"wp-image-68474\" src=\"https:\/\/mont-roig.cat\/wp-content\/uploads\/Cartell-8-M-Mont-roig-i-Miami-Platja--353x500.jpeg\" alt=\"\" width=\"298\" height=\"422\" srcset=\"https:\/\/mont-roig.cat\/wp-content\/uploads\/Cartell-8-M-Mont-roig-i-Miami-Platja--353x500.jpeg 353w, https:\/\/mont-roig.cat\/wp-content\/uploads\/Cartell-8-M-Mont-roig-i-Miami-Platja--724x1024.jpeg 724w, https:\/\/mont-roig.cat\/wp-content\/uploads\/Cartell-8-M-Mont-roig-i-Miami-Platja--768x1086.jpeg 768w, https:\/\/mont-roig.cat\/wp-content\/uploads\/Cartell-8-M-Mont-roig-i-Miami-Platja--1086x1536.jpeg 1086w, https:\/\/mont-roig.cat\/wp-content\/uploads\/Cartell-8-M-Mont-roig-i-Miami-Platja-.jpeg 1131w\" sizes=\"auto, (max-width: 298px) 100vw, 298px\" \/><\/a><p id=\"caption-attachment-68474\" class=\"wp-caption-text\">Programa 8 de mazo 2023<\/p><\/div>\n<ul>\n<li><strong>Teatro, m\u00fasica, charlas, talleres, un encuentro de mujeres emprendedoras y la lectura del manifiesto institucional forman parte de la programaci\u00f3n que va del 4 al 24 de marzo<\/strong><\/li>\n<\/ul>\n<p>El Ayuntamiento de Mont-roig del Camp enfoca, de nuevo, la celebraci\u00f3n del 8 de marzo, D\u00eda Internacional de las Mujeres, con un programa de actos formados por una docena de actividades que se realizar\u00e1n del 4 al 24 de marzo.<\/p>\n<p>El programa del 8 de marzo, que ha coordinado la concejal\u00eda de Pol\u00edticas de Igualdad y de las Mujeres, se presenta como una propuesta transversal que acoge actividades para fomentar la igualdad entre toda la ciudadan\u00eda. Cabe destacar el espect\u00e1culo musical el s\u00e1bado 4 de marzo en el Casal de Joves k1 titulado <em>La cupletista<\/em>, con la cantante y actriz N\u00faria Esquius y el pianista Jorge Varela y la comedia irreverente <em>Elles<\/em>, de la Melanc\u00f3lica, el d\u00eda 12 de marzo en el Centro Polivalente de Miami Platja.<\/p>\n<p>Los m\u00e1s peque\u00f1os tendr\u00e1n una sesi\u00f3n de cuentos de color violeta a cargo de En Clau de Clown en la Biblioteca Joan Mir\u00f3 el d\u00eda 6 de marzo y el espect\u00e1culo <em>Ning\u00fa m\u00e9s que l&#8217;altre<\/em>, con Raig de Sol Contes en la Biblioteca Miramar el 9 de marzo. Los escolares de primero de primaria podr\u00e1n disfrutar el 7 de marzo de <em>Les pirates de Terra Endins<\/em>, con la Compa\u00f1\u00eda Sgratta.<br \/>\nPor su parte, los y las j\u00f3venes podr\u00e1n participar en un taller del Departamento de Juventud para realizar una tote bag reivindicativa el d\u00eda 7 de marzo en el Espai K1 de Mont-roig y al d\u00eda siguiente en el Centre Polivalent de Miami Platja.<\/p>\n<p>En la programaci\u00f3n tambi\u00e9n habr\u00e1 un taller de risoterapia con Ana Isabel P\u00e9rez en la Casa de Cultura de Mont-roig o una charla en la Biblioteca Miramar a cargo de Alba Sant Buscall\u00e0 y \u00c1frica Rat\u00e9s en torno a la psicolog\u00eda y la violencia hacia las mujeres. La Asociaci\u00f3n Deixa&#8217;t abra\u00e7ar organiza tambi\u00e9n un taller de Biodanza el d\u00eda 9 de marzo a cargo de Uma Zuasti en la Casa de Cultura de Mont-roig.<\/p>\n<p>En cuanto a la lectura del manifiesto institucional del 8 de marzo, \u00e9sta ir\u00e1 a cargo de los concejales y concejalas del Ayuntamiento de Mont-roig del Camp y tendr\u00e1 lugar el mismo 8 de marzo, minutos antes de iniciarse el Pleno municipal, previsto a las 13 h en la Casa de Cultura de Mont-roig.<br \/>\nCompleta el programa de actos una nueva edici\u00f3n del Encuentro de Mujeres Empresarias y Directivas, que organiza la concejal\u00eda de Impulso Econ\u00f3mico, y que contar\u00e1 el 24 de marzo con una merienda networking con N\u00faria R\u00edos, consultora de marketing y fundadora de Masterheart comunidad de mujeres emprendedoras y una cena. En este caso es necesario inscribirse a <a href=\"mailto:promocio@mont-roig.cat\" target=\"_blank\" rel=\"noopener\">promocio@mont-roig.cat<\/a> o al 977 17 25 27.<\/p>\n<p>Descargar programaci\u00f3n completa <a href=\"https:\/\/mont-roig.cat\/wp-content\/uploads\/DIPTIC_8M_2023_Mont-roigMiamiPlatja.pdf\" target=\"_blank\" rel=\"noopener\">en este enlace. <\/a><\/p>\n<p>&nbsp;<\/p>\n","protected":false},"excerpt":{"rendered":"<p>Teatro, m\u00fasica, charlas, talleres, un encuentro de mujeres emprendedoras y la lectura del manifiesto institucional forman parte de la programaci\u00f3n que va del 4 al 24 de marzo El Ayuntamiento de Mont-roig del Camp enfoca, de nuevo, la celebraci\u00f3n del 8 de marzo, D\u00eda Internacional de las Mujeres, con un programa de actos formados por [&hellip;]<\/p>\n","protected":false},"author":13,"featured_media":68481,"comment_status":"closed","ping_status":"closed","sticky":false,"template":"","format":"standard","meta":{"inline_featured_image":false,"_monsterinsights_skip_tracking":false,"_monsterinsights_sitenote_active":false,"_monsterinsights_sitenote_note":"","_monsterinsights_sitenote_category":0,"footnotes":""},"categories":[98,226],"tags":[],"class_list":["post-68484","post","type-post","status-publish","format-standard","has-post-thumbnail","hentry","category-ayuntamiento","category-dona-es"],"yoast_head":"<!-- This site is optimized with the Yoast SEO plugin v27.4 - https:\/\/yoast.com\/product\/yoast-seo-wordpress\/ -->\n<title>Mont-roig y Miami Platja conmemorar\u00e1n el D\u00eda Internacional de la Mujer con una docena de actividades - Ajuntament de Mont-roig del Camp<\/title>\n<meta name=\"robots\" content=\"index, follow, max-snippet:-1, max-image-preview:large, max-video-preview:-1\" \/>\n<link rel=\"canonical\" href=\"https:\/\/mont-roig.cat\/es\/actualitat\/noticies\/mont-roig-y-miami-platja-conmemoraran-el-dia-internacional-de-la-mujer-con-una-docena-de-actividades\/\" \/>\n<meta property=\"og:locale\" content=\"es_ES\" \/>\n<meta property=\"og:type\" content=\"article\" \/>\n<meta property=\"og:title\" content=\"Mont-roig y Miami Platja conmemorar\u00e1n el D\u00eda Internacional de la Mujer con una docena de actividades - Ajuntament de Mont-roig del Camp\" \/>\n<meta property=\"og:description\" content=\"Teatro, m\u00fasica, charlas, talleres, un encuentro de mujeres emprendedoras y la lectura del manifiesto institucional forman parte de la programaci\u00f3n que va del 4 al 24 de marzo El Ayuntamiento de Mont-roig del Camp enfoca, de nuevo, la celebraci\u00f3n del 8 de marzo, D\u00eda Internacional de las Mujeres, con un programa de actos formados por [&hellip;]\" \/>\n<meta property=\"og:url\" content=\"https:\/\/mont-roig.cat\/es\/actualitat\/noticies\/mont-roig-y-miami-platja-conmemoraran-el-dia-internacional-de-la-mujer-con-una-docena-de-actividades\/\" \/>\n<meta property=\"og:site_name\" content=\"Ajuntament de Mont-roig del Camp\" \/>\n<meta property=\"article:published_time\" content=\"2023-02-21T15:58:51+00:00\" \/>\n<meta property=\"article:modified_time\" content=\"2023-02-21T16:10:23+00:00\" \/>\n<meta property=\"og:image\" content=\"https:\/\/mont-roig.cat\/wp-content\/uploads\/Cartell-8-M-Mont-roig-i-Miami-Platja--353x500.jpeg\" \/>\n<meta name=\"author\" content=\"comunicacio\" \/>\n<meta name=\"twitter:card\" content=\"summary_large_image\" \/>\n<meta name=\"twitter:label1\" content=\"Escrito por\" \/>\n\t<meta name=\"twitter:data1\" content=\"comunicacio\" \/>\n\t<meta name=\"twitter:label2\" content=\"Tiempo de lectura\" \/>\n\t<meta name=\"twitter:data2\" content=\"3 minutos\" \/>\n<script type=\"application\/ld+json\" class=\"yoast-schema-graph\">{\"@context\":\"https:\\\/\\\/schema.org\",\"@graph\":[{\"@type\":\"Article\",\"@id\":\"https:\\\/\\\/mont-roig.cat\\\/es\\\/actualitat\\\/noticies\\\/mont-roig-y-miami-platja-conmemoraran-el-dia-internacional-de-la-mujer-con-una-docena-de-actividades\\\/#article\",\"isPartOf\":{\"@id\":\"https:\\\/\\\/mont-roig.cat\\\/es\\\/actualitat\\\/noticies\\\/mont-roig-y-miami-platja-conmemoraran-el-dia-internacional-de-la-mujer-con-una-docena-de-actividades\\\/\"},\"author\":{\"name\":\"comunicacio\",\"@id\":\"https:\\\/\\\/mont-roig.cat\\\/es\\\/#\\\/schema\\\/person\\\/1f73e7b5e6f9dd122e8a6f14f310ac5e\"},\"headline\":\"Mont-roig y Miami Platja conmemorar\u00e1n el D\u00eda Internacional de la Mujer con una docena de actividades\",\"datePublished\":\"2023-02-21T15:58:51+00:00\",\"dateModified\":\"2023-02-21T16:10:23+00:00\",\"mainEntityOfPage\":{\"@id\":\"https:\\\/\\\/mont-roig.cat\\\/es\\\/actualitat\\\/noticies\\\/mont-roig-y-miami-platja-conmemoraran-el-dia-internacional-de-la-mujer-con-una-docena-de-actividades\\\/\"},\"wordCount\":518,\"image\":{\"@id\":\"https:\\\/\\\/mont-roig.cat\\\/es\\\/actualitat\\\/noticies\\\/mont-roig-y-miami-platja-conmemoraran-el-dia-internacional-de-la-mujer-con-una-docena-de-actividades\\\/#primaryimage\"},\"thumbnailUrl\":\"https:\\\/\\\/mont-roig.cat\\\/wp-content\\\/uploads\\\/mm_8M23_meta.png\",\"articleSection\":[\"Ayuntamiento\",\"Dona\"],\"inLanguage\":\"es\"},{\"@type\":\"WebPage\",\"@id\":\"https:\\\/\\\/mont-roig.cat\\\/es\\\/actualitat\\\/noticies\\\/mont-roig-y-miami-platja-conmemoraran-el-dia-internacional-de-la-mujer-con-una-docena-de-actividades\\\/\",\"url\":\"https:\\\/\\\/mont-roig.cat\\\/es\\\/actualitat\\\/noticies\\\/mont-roig-y-miami-platja-conmemoraran-el-dia-internacional-de-la-mujer-con-una-docena-de-actividades\\\/\",\"name\":\"Mont-roig y Miami Platja conmemorar\u00e1n el D\u00eda Internacional de la Mujer con una docena de actividades - Ajuntament de Mont-roig del Camp\",\"isPartOf\":{\"@id\":\"https:\\\/\\\/mont-roig.cat\\\/es\\\/#website\"},\"primaryImageOfPage\":{\"@id\":\"https:\\\/\\\/mont-roig.cat\\\/es\\\/actualitat\\\/noticies\\\/mont-roig-y-miami-platja-conmemoraran-el-dia-internacional-de-la-mujer-con-una-docena-de-actividades\\\/#primaryimage\"},\"image\":{\"@id\":\"https:\\\/\\\/mont-roig.cat\\\/es\\\/actualitat\\\/noticies\\\/mont-roig-y-miami-platja-conmemoraran-el-dia-internacional-de-la-mujer-con-una-docena-de-actividades\\\/#primaryimage\"},\"thumbnailUrl\":\"https:\\\/\\\/mont-roig.cat\\\/wp-content\\\/uploads\\\/mm_8M23_meta.png\",\"datePublished\":\"2023-02-21T15:58:51+00:00\",\"dateModified\":\"2023-02-21T16:10:23+00:00\",\"author\":{\"@id\":\"https:\\\/\\\/mont-roig.cat\\\/es\\\/#\\\/schema\\\/person\\\/1f73e7b5e6f9dd122e8a6f14f310ac5e\"},\"breadcrumb\":{\"@id\":\"https:\\\/\\\/mont-roig.cat\\\/es\\\/actualitat\\\/noticies\\\/mont-roig-y-miami-platja-conmemoraran-el-dia-internacional-de-la-mujer-con-una-docena-de-actividades\\\/#breadcrumb\"},\"inLanguage\":\"es\",\"potentialAction\":[{\"@type\":\"ReadAction\",\"target\":[\"https:\\\/\\\/mont-roig.cat\\\/es\\\/actualitat\\\/noticies\\\/mont-roig-y-miami-platja-conmemoraran-el-dia-internacional-de-la-mujer-con-una-docena-de-actividades\\\/\"]}]},{\"@type\":\"ImageObject\",\"inLanguage\":\"es\",\"@id\":\"https:\\\/\\\/mont-roig.cat\\\/es\\\/actualitat\\\/noticies\\\/mont-roig-y-miami-platja-conmemoraran-el-dia-internacional-de-la-mujer-con-una-docena-de-actividades\\\/#primaryimage\",\"url\":\"https:\\\/\\\/mont-roig.cat\\\/wp-content\\\/uploads\\\/mm_8M23_meta.png\",\"contentUrl\":\"https:\\\/\\\/mont-roig.cat\\\/wp-content\\\/uploads\\\/mm_8M23_meta.png\",\"width\":1200,\"height\":630},{\"@type\":\"BreadcrumbList\",\"@id\":\"https:\\\/\\\/mont-roig.cat\\\/es\\\/actualitat\\\/noticies\\\/mont-roig-y-miami-platja-conmemoraran-el-dia-internacional-de-la-mujer-con-una-docena-de-actividades\\\/#breadcrumb\",\"itemListElement\":[{\"@type\":\"ListItem\",\"position\":1,\"name\":\"Inici\",\"item\":\"https:\\\/\\\/mont-roig.cat\\\/es\\\/pagina-de-inicio\\\/\"},{\"@type\":\"ListItem\",\"position\":2,\"name\":\"Mont-roig y Miami Platja conmemorar\u00e1n el D\u00eda Internacional de la Mujer con una docena de actividades\"}]},{\"@type\":\"WebSite\",\"@id\":\"https:\\\/\\\/mont-roig.cat\\\/es\\\/#website\",\"url\":\"https:\\\/\\\/mont-roig.cat\\\/es\\\/\",\"name\":\"Ajuntament de Mont-roig del Camp\",\"description\":\"Tota la informaci\u00f3 sobre la instituci\u00f3, els seus \u00f2rgans de govern, actualitat, serveis i molt m\u00e9s.\",\"potentialAction\":[{\"@type\":\"SearchAction\",\"target\":{\"@type\":\"EntryPoint\",\"urlTemplate\":\"https:\\\/\\\/mont-roig.cat\\\/es\\\/?s={search_term_string}\"},\"query-input\":{\"@type\":\"PropertyValueSpecification\",\"valueRequired\":true,\"valueName\":\"search_term_string\"}}],\"inLanguage\":\"es\"},{\"@type\":\"Person\",\"@id\":\"https:\\\/\\\/mont-roig.cat\\\/es\\\/#\\\/schema\\\/person\\\/1f73e7b5e6f9dd122e8a6f14f310ac5e\",\"name\":\"comunicacio\",\"image\":{\"@type\":\"ImageObject\",\"inLanguage\":\"es\",\"@id\":\"https:\\\/\\\/secure.gravatar.com\\\/avatar\\\/98944333e7a877670a64f8d10f0cb680ab2c9ebc4efc43945ef004b52b5ad28c?s=96&d=mm&r=g\",\"url\":\"https:\\\/\\\/secure.gravatar.com\\\/avatar\\\/98944333e7a877670a64f8d10f0cb680ab2c9ebc4efc43945ef004b52b5ad28c?s=96&d=mm&r=g\",\"contentUrl\":\"https:\\\/\\\/secure.gravatar.com\\\/avatar\\\/98944333e7a877670a64f8d10f0cb680ab2c9ebc4efc43945ef004b52b5ad28c?s=96&d=mm&r=g\",\"caption\":\"comunicacio\"},\"url\":\"https:\\\/\\\/mont-roig.cat\\\/es\\\/actualitat\\\/noticies\\\/author\\\/comunicacio\\\/\"}]}<\/script>\n<!-- \/ Yoast SEO plugin. -->","yoast_head_json":{"title":"Mont-roig y Miami Platja conmemorar\u00e1n el D\u00eda Internacional de la Mujer con una docena de actividades - Ajuntament de Mont-roig del Camp","robots":{"index":"index","follow":"follow","max-snippet":"max-snippet:-1","max-image-preview":"max-image-preview:large","max-video-preview":"max-video-preview:-1"},"canonical":"https:\/\/mont-roig.cat\/es\/actualitat\/noticies\/mont-roig-y-miami-platja-conmemoraran-el-dia-internacional-de-la-mujer-con-una-docena-de-actividades\/","og_locale":"es_ES","og_type":"article","og_title":"Mont-roig y Miami Platja conmemorar\u00e1n el D\u00eda Internacional de la Mujer con una docena de actividades - Ajuntament de Mont-roig del Camp","og_description":"Teatro, m\u00fasica, charlas, talleres, un encuentro de mujeres emprendedoras y la lectura del manifiesto institucional forman parte de la programaci\u00f3n que va del 4 al 24 de marzo El Ayuntamiento de Mont-roig del Camp enfoca, de nuevo, la celebraci\u00f3n del 8 de marzo, D\u00eda Internacional de las Mujeres, con un programa de actos formados por [&hellip;]","og_url":"https:\/\/mont-roig.cat\/es\/actualitat\/noticies\/mont-roig-y-miami-platja-conmemoraran-el-dia-internacional-de-la-mujer-con-una-docena-de-actividades\/","og_site_name":"Ajuntament de Mont-roig del Camp","article_published_time":"2023-02-21T15:58:51+00:00","article_modified_time":"2023-02-21T16:10:23+00:00","og_image":[{"url":"https:\/\/mont-roig.cat\/wp-content\/uploads\/Cartell-8-M-Mont-roig-i-Miami-Platja--353x500.jpeg","type":"","width":"","height":""}],"author":"comunicacio","twitter_card":"summary_large_image","twitter_misc":{"Escrito por":"comunicacio","Tiempo de lectura":"3 minutos"},"schema":{"@context":"https:\/\/schema.org","@graph":[{"@type":"Article","@id":"https:\/\/mont-roig.cat\/es\/actualitat\/noticies\/mont-roig-y-miami-platja-conmemoraran-el-dia-internacional-de-la-mujer-con-una-docena-de-actividades\/#article","isPartOf":{"@id":"https:\/\/mont-roig.cat\/es\/actualitat\/noticies\/mont-roig-y-miami-platja-conmemoraran-el-dia-internacional-de-la-mujer-con-una-docena-de-actividades\/"},"author":{"name":"comunicacio","@id":"https:\/\/mont-roig.cat\/es\/#\/schema\/person\/1f73e7b5e6f9dd122e8a6f14f310ac5e"},"headline":"Mont-roig y Miami Platja conmemorar\u00e1n el D\u00eda Internacional de la Mujer con una docena de actividades","datePublished":"2023-02-21T15:58:51+00:00","dateModified":"2023-02-21T16:10:23+00:00","mainEntityOfPage":{"@id":"https:\/\/mont-roig.cat\/es\/actualitat\/noticies\/mont-roig-y-miami-platja-conmemoraran-el-dia-internacional-de-la-mujer-con-una-docena-de-actividades\/"},"wordCount":518,"image":{"@id":"https:\/\/mont-roig.cat\/es\/actualitat\/noticies\/mont-roig-y-miami-platja-conmemoraran-el-dia-internacional-de-la-mujer-con-una-docena-de-actividades\/#primaryimage"},"thumbnailUrl":"https:\/\/mont-roig.cat\/wp-content\/uploads\/mm_8M23_meta.png","articleSection":["Ayuntamiento","Dona"],"inLanguage":"es"},{"@type":"WebPage","@id":"https:\/\/mont-roig.cat\/es\/actualitat\/noticies\/mont-roig-y-miami-platja-conmemoraran-el-dia-internacional-de-la-mujer-con-una-docena-de-actividades\/","url":"https:\/\/mont-roig.cat\/es\/actualitat\/noticies\/mont-roig-y-miami-platja-conmemoraran-el-dia-internacional-de-la-mujer-con-una-docena-de-actividades\/","name":"Mont-roig y Miami Platja conmemorar\u00e1n el D\u00eda Internacional de la Mujer con una docena de actividades - Ajuntament de Mont-roig del Camp","isPartOf":{"@id":"https:\/\/mont-roig.cat\/es\/#website"},"primaryImageOfPage":{"@id":"https:\/\/mont-roig.cat\/es\/actualitat\/noticies\/mont-roig-y-miami-platja-conmemoraran-el-dia-internacional-de-la-mujer-con-una-docena-de-actividades\/#primaryimage"},"image":{"@id":"https:\/\/mont-roig.cat\/es\/actualitat\/noticies\/mont-roig-y-miami-platja-conmemoraran-el-dia-internacional-de-la-mujer-con-una-docena-de-actividades\/#primaryimage"},"thumbnailUrl":"https:\/\/mont-roig.cat\/wp-content\/uploads\/mm_8M23_meta.png","datePublished":"2023-02-21T15:58:51+00:00","dateModified":"2023-02-21T16:10:23+00:00","author":{"@id":"https:\/\/mont-roig.cat\/es\/#\/schema\/person\/1f73e7b5e6f9dd122e8a6f14f310ac5e"},"breadcrumb":{"@id":"https:\/\/mont-roig.cat\/es\/actualitat\/noticies\/mont-roig-y-miami-platja-conmemoraran-el-dia-internacional-de-la-mujer-con-una-docena-de-actividades\/#breadcrumb"},"inLanguage":"es","potentialAction":[{"@type":"ReadAction","target":["https:\/\/mont-roig.cat\/es\/actualitat\/noticies\/mont-roig-y-miami-platja-conmemoraran-el-dia-internacional-de-la-mujer-con-una-docena-de-actividades\/"]}]},{"@type":"ImageObject","inLanguage":"es","@id":"https:\/\/mont-roig.cat\/es\/actualitat\/noticies\/mont-roig-y-miami-platja-conmemoraran-el-dia-internacional-de-la-mujer-con-una-docena-de-actividades\/#primaryimage","url":"https:\/\/mont-roig.cat\/wp-content\/uploads\/mm_8M23_meta.png","contentUrl":"https:\/\/mont-roig.cat\/wp-content\/uploads\/mm_8M23_meta.png","width":1200,"height":630},{"@type":"BreadcrumbList","@id":"https:\/\/mont-roig.cat\/es\/actualitat\/noticies\/mont-roig-y-miami-platja-conmemoraran-el-dia-internacional-de-la-mujer-con-una-docena-de-actividades\/#breadcrumb","itemListElement":[{"@type":"ListItem","position":1,"name":"Inici","item":"https:\/\/mont-roig.cat\/es\/pagina-de-inicio\/"},{"@type":"ListItem","position":2,"name":"Mont-roig y Miami Platja conmemorar\u00e1n el D\u00eda Internacional de la Mujer con una docena de actividades"}]},{"@type":"WebSite","@id":"https:\/\/mont-roig.cat\/es\/#website","url":"https:\/\/mont-roig.cat\/es\/","name":"Ajuntament de Mont-roig del Camp","description":"Tota la informaci\u00f3 sobre la instituci\u00f3, els seus \u00f2rgans de govern, actualitat, serveis i molt m\u00e9s.","potentialAction":[{"@type":"SearchAction","target":{"@type":"EntryPoint","urlTemplate":"https:\/\/mont-roig.cat\/es\/?s={search_term_string}"},"query-input":{"@type":"PropertyValueSpecification","valueRequired":true,"valueName":"search_term_string"}}],"inLanguage":"es"},{"@type":"Person","@id":"https:\/\/mont-roig.cat\/es\/#\/schema\/person\/1f73e7b5e6f9dd122e8a6f14f310ac5e","name":"comunicacio","image":{"@type":"ImageObject","inLanguage":"es","@id":"https:\/\/secure.gravatar.com\/avatar\/98944333e7a877670a64f8d10f0cb680ab2c9ebc4efc43945ef004b52b5ad28c?s=96&d=mm&r=g","url":"https:\/\/secure.gravatar.com\/avatar\/98944333e7a877670a64f8d10f0cb680ab2c9ebc4efc43945ef004b52b5ad28c?s=96&d=mm&r=g","contentUrl":"https:\/\/secure.gravatar.com\/avatar\/98944333e7a877670a64f8d10f0cb680ab2c9ebc4efc43945ef004b52b5ad28c?s=96&d=mm&r=g","caption":"comunicacio"},"url":"https:\/\/mont-roig.cat\/es\/actualitat\/noticies\/author\/comunicacio\/"}]}},"_links":{"self":[{"href":"https:\/\/mont-roig.cat\/es\/wp-json\/wp\/v2\/posts\/68484","targetHints":{"allow":["GET"]}}],"collection":[{"href":"https:\/\/mont-roig.cat\/es\/wp-json\/wp\/v2\/posts"}],"about":[{"href":"https:\/\/mont-roig.cat\/es\/wp-json\/wp\/v2\/types\/post"}],"author":[{"embeddable":true,"href":"https:\/\/mont-roig.cat\/es\/wp-json\/wp\/v2\/users\/13"}],"replies":[{"embeddable":true,"href":"https:\/\/mont-roig.cat\/es\/wp-json\/wp\/v2\/comments?post=68484"}],"version-history":[{"count":2,"href":"https:\/\/mont-roig.cat\/es\/wp-json\/wp\/v2\/posts\/68484\/revisions"}],"predecessor-version":[{"id":68486,"href":"https:\/\/mont-roig.cat\/es\/wp-json\/wp\/v2\/posts\/68484\/revisions\/68486"}],"wp:featuredmedia":[{"embeddable":true,"href":"https:\/\/mont-roig.cat\/es\/wp-json\/wp\/v2\/media\/68481"}],"wp:attachment":[{"href":"https:\/\/mont-roig.cat\/es\/wp-json\/wp\/v2\/media?parent=68484"}],"wp:term":[{"taxonomy":"category","embeddable":true,"href":"https:\/\/mont-roig.cat\/es\/wp-json\/wp\/v2\/categories?post=68484"},{"taxonomy":"post_tag","embeddable":true,"href":"https:\/\/mont-roig.cat\/es\/wp-json\/wp\/v2\/tags?post=68484"}],"curies":[{"name":"wp","href":"https:\/\/api.w.org\/{rel}","templated":true}]}}