{"id":68615,"date":"2023-02-24T09:47:45","date_gmt":"2023-02-24T08:47:45","guid":{"rendered":"https:\/\/mont-roig.cat\/actualitat\/noticies\/torna-lespai-entrevistes-amb-18-empreses-que-ofereixen-mes-de-200-llocs-de-treball\/"},"modified":"2023-02-24T10:48:20","modified_gmt":"2023-02-24T09:48:20","slug":"vuelve-el-espai-entrevistas-con-18-empresas-que-ofrecen-mas-de-200-puestos-de-trabajo","status":"publish","type":"post","link":"https:\/\/mont-roig.cat\/es\/actualitat\/noticies\/vuelve-el-espai-entrevistas-con-18-empresas-que-ofrecen-mas-de-200-puestos-de-trabajo\/","title":{"rendered":"Vuelve el Espai Entrevistes con 18 empresas que ofrecen m\u00e1s de 200 puestos de trabajo"},"content":{"rendered":"<ul>\n<li><strong><a href=\"https:\/\/mont-roig.cat\/wp-content\/uploads\/Cartell-Espai-Entrevistes-2023_Vacants-i-requisits-1_page-0001.jpg\" target=\"_blank\" rel=\"noopener\"><img loading=\"lazy\" decoding=\"async\" class=\"alignright wp-image-68596\" src=\"https:\/\/mont-roig.cat\/wp-content\/uploads\/Cartell-Espai-Entrevistes-2023_Vacants-i-requisits-1_page-0001-354x500.jpg\" alt=\"\" width=\"254\" height=\"359\" srcset=\"https:\/\/mont-roig.cat\/wp-content\/uploads\/Cartell-Espai-Entrevistes-2023_Vacants-i-requisits-1_page-0001-354x500.jpg 354w, https:\/\/mont-roig.cat\/wp-content\/uploads\/Cartell-Espai-Entrevistes-2023_Vacants-i-requisits-1_page-0001-724x1024.jpg 724w, https:\/\/mont-roig.cat\/wp-content\/uploads\/Cartell-Espai-Entrevistes-2023_Vacants-i-requisits-1_page-0001-768x1086.jpg 768w, https:\/\/mont-roig.cat\/wp-content\/uploads\/Cartell-Espai-Entrevistes-2023_Vacants-i-requisits-1_page-0001-1086x1536.jpg 1086w, https:\/\/mont-roig.cat\/wp-content\/uploads\/Cartell-Espai-Entrevistes-2023_Vacants-i-requisits-1_page-0001.jpg 1241w\" sizes=\"auto, (max-width: 254px) 100vw, 254px\" \/><\/a>Este a\u00f1o, como consecuencia de la gran oferta, las entrevistas expr\u00e9s se realizar\u00e1n durante dos jornadas, los d\u00edas 16 y 17 de marzo<\/strong><\/li>\n<li><strong>Las empresas har\u00e1n una preselecci\u00f3n de los candidatos\/as que deber\u00e1n inscribirse antes del 14 de marzo, para poder participar en la entrevista presencial que tendr\u00e1 lugar en el Centre Polivalente de Miami Platja<br \/>\n<\/strong><\/li>\n<\/ul>\n<p><a href=\"https:\/\/mont-roig.cat\/wp-content\/uploads\/Cartell-Espai-Entrevistes-2023_Vacants-i-requisits-1.pdf\" target=\"_blank\" rel=\"noopener\">Descargar el pdf con todas las vacantes y requisitos.<\/a><\/p>\n<p><a href=\"https:\/\/mont-roig.cat\/wp-content\/uploads\/Cartell-Espai-Entrevistes-2023_GENERAL-2.pdf\" target=\"_blank\" rel=\"noopener\">Descargar toda la informaci\u00f3n del Espai Entrevistes<\/a><\/p>\n<p>Los d\u00edas 16 y 17 de marzo tendr\u00e1 lugar una nueva edici\u00f3n del Espai Entrevistes, una iniciativa del Ayuntamiento de Mont-roig del Camp a trav\u00e9s de la concejal\u00eda de Impulso Econ\u00f3mico, con el objetivo de fomentar el empleo en el municipio. En esta edici\u00f3n 18 empresas del municipio y de la zona que ofrecen m\u00e1s de 200 puestos de trabajo. Como consecuencia de la gran cantidad de plazas vacantes, este a\u00f1o, las entrevistas se realizar\u00e1n dos d\u00edas y no en una \u00fanica jornada como se hab\u00eda hecho hasta ahora.<\/p>\n<p>Para participar en las entrevistas de selecci\u00f3n, que tendr\u00e1n lugar a partir de las 9.30 h, en el Centro Polivalente de Miami Platja, ser\u00e1 necesario enviar previamente el curr\u00edculum al correo electr\u00f3nico de cada una de las empresas que ofrecen puestos de trabajo. Estas empresas realizar\u00e1n una preselecci\u00f3n con todos los candidatos\/as que hayan enviado sus datos y convocar\u00e1n a las personas seleccionadas en la entrevista presencial. Para asistir a las entrevistas presenciales, es imprescindible tener cita previa.<\/p>\n<p><strong>Fecha l\u00edmite y correo de informaci\u00f3n<\/strong><br \/>\nLa fecha l\u00edmite para enviar el curr\u00edculum a las empresas es el d\u00eda 14 de marzo. Para cualquier duda se puede contactar en el tel\u00e9fono 977 172527 o en el correo electr\u00f3nico <a href=\"mailto:promocio@mont-roig.cat\" target=\"_blank\" rel=\"noopener\">promocio@mont-roig.cat<\/a>.<\/p>\n<p><strong>Empresas participantes y direcciones<\/strong><br \/>\nLa mayor parte de los puestos de trabajo que se ofrecen son del sector de la restauraci\u00f3n y alojamiento tur\u00edstico. As\u00ed, encontramos plazas vacantes de personal de cocina, sala, limpieza, tiendas, profesionales de mantenimiento de edificios tur\u00edsticos, de recepci\u00f3n de establecimientos tur\u00edsticos, animaci\u00f3n, entre otros. En el cartel adjunto y a continuaci\u00f3n se puede consultar la demanda espec\u00edfica de cada empresa y el correo electr\u00f3nico al que debe enviarse el curr\u00edculum para participar en los procesos selectivos.<\/p>\n<p><strong>EMPRESAS Y CONTACTO<\/strong><\/p>\n<ul>\n<li><strong>PIERRE &amp;; VACACIONES<\/strong> <a href=\"mailto:marc.mendes@groupepvcp.com\" target=\"_blank\" rel=\"noopener\">marc.mendes@groupepvcp.com<\/a><br \/>\n12 vacantes. Personal de recepci\u00f3n, animaci\u00f3n, cocina, sala y supermercado<\/li>\n<li><strong>HOTEL 4R MERIDIANO MAR<\/strong> <a href=\"mailto:jgenoves@4rhotels.com\" target=\"_blank\" rel=\"noopener\">jgenoves@4rhotels.com<\/a><br \/>\n11 vacantes. Personal de cocina, sala, mantenimiento, pisos y recepci\u00f3n<\/li>\n<li><strong>PLATOS &amp; CO<\/strong> <a href=\"mailto:hola@platsandco.com\" target=\"_blank\" rel=\"noopener\">hola@platsandco.com<\/a><br \/>\n5 vacantes. Personal de cocina y sala<\/li>\n<li><strong>GRUPO LIMONERO<\/strong> <a href=\"mailto:grupolimonero@gmail.com\" target=\"_blank\" rel=\"noopener\">grupolimonero@gmail.com<\/a><br \/>\n50 vacantes. Personal de cocina y sala<\/li>\n<li><strong>SOLO LOUNGE BEACH<\/strong> solloungebeach@gmail.com<br \/>\n6 vacantes. Personal de cocina y sala<\/li>\n<li><strong>BRISASOL<\/strong> <a href=\"mailto:rrhh@brisasol.com\" target=\"_blank\" rel=\"noopener\">rrhh@brisasol.com<\/a><br \/>\n16 vacantes. Personal de limpieza y recepci\u00f3n<\/li>\n<li><strong>ALANNIA RESORTS<\/strong> <a href=\"mailto:jisanchis@alannia.com\" target=\"_blank\" rel=\"noopener\">jisanchis@alannia.com<\/a><br \/>\n23 vacantes. Personal de cocina, sala y animaci\u00f3n<\/li>\n<li><strong>RESTO. CHEZ LORENZO<\/strong> <a href=\"mailto:dml@tinet.org\" target=\"_blank\" rel=\"noopener\">dml@tinet.org<\/a><br \/>\n3 vacantes. Personal de sala<\/li>\n<li><strong>GRUPO SINGLE FIN<\/strong> <a href=\"mailto:staffsinglefin@gmail.com\" target=\"_blank\" rel=\"noopener\">staffsinglefin@gmail.com<\/a><br \/>\n34 vacantes. Personal de cocina, sala y encargados<\/li>\n<li><strong>PARKING CARAVANING ANNA<\/strong> M. <a href=\"mailto:info@caravaningannamaria.com\" target=\"_blank\" rel=\"noopener\">info@caravaningannamaria.com<\/a><br \/>\n1 vacante. Personal de almac\u00e9n y mantenimiento<\/li>\n<li><strong>MEDPLAYA HOTELES<\/strong> <a href=\"mailto:administracion.pinoalto@medplaya.com\" target=\"_blank\" rel=\"noopener\">administracion.pinoalto@medplaya.com<\/a><br \/>\n11 vacantes. Personal de recepci\u00f3n, mantenimiento, sala y limpieza<\/li>\n<li><strong>JIMARAN CONSTRUCTOR<\/strong>A<a href=\"mailto:pepa@jimaran.com\" target=\"_blank\" rel=\"noopener\"> pepa@jimaran.com<\/a><br \/>\n2 vacantes. Personal de la construcci\u00f3n<\/li>\n<li><strong>CAMPING MIRAMAR<\/strong> <a href=\"mailto:administracio@camping-miramar.com\" target=\"_blank\" rel=\"noopener\">administracio@camping-miramar.com<\/a><br \/>\n3 vacantes. Personal de mantenimiento<\/li>\n<li><strong>REST. LA BORDA DE MANEL<\/strong> <a href=\"mailto:labordadenmanel@gmail.com\" target=\"_blank\" rel=\"noopener\">labordadenmanel@gmail.com<\/a><br \/>\n7 vacantes. Personal de cocina y sala<\/li>\n<li><strong>REST. LA CASSOLA<\/strong> <a href=\"mailto:cassola.playacristal@gmail.com\" target=\"_blank\" rel=\"noopener\">cassola.playacristal@gmail.com<\/a><br \/>\n7 vacantes. Personal de cocina y sala<\/li>\n<li><strong>OSOPOLO<\/strong> <a href=\"mailto:osopolo.miami@gmail.com\" target=\"_blank\" rel=\"noopener\">osopolo.miami@gmail.com<\/a><br \/>\n5 vacantes. Personal de sala<\/li>\n<li><strong>XIRINGUITO DEL PEP<\/strong> <a href=\"mailto:xiringuitotorn@gmail.com\" target=\"_blank\" rel=\"noopener\">xiringuitotorn@gmail.com<\/a><br \/>\n3 vacantes. Personal de cocina y sala<\/li>\n<li><strong>ED\u00c9N JARD\u00cdN<\/strong> <a href=\"mailto:info@edenjardin.com\" target=\"_blank\" rel=\"noopener\">info@edenjardin.com<\/a><br \/>\n4 vacantes. Personal de tienda, administraci\u00f3n, montaje y log\u00edstica<\/li>\n<\/ul>\n","protected":false},"excerpt":{"rendered":"<p>Este a\u00f1o, como consecuencia de la gran oferta, las entrevistas expr\u00e9s se realizar\u00e1n durante dos jornadas, los d\u00edas 16 y 17 de marzo Las empresas har\u00e1n una preselecci\u00f3n de los candidatos\/as que deber\u00e1n inscribirse antes del 14 de marzo, para poder participar en la entrevista presencial que tendr\u00e1 lugar en el Centre Polivalente de Miami [&hellip;]<\/p>\n","protected":false},"author":13,"featured_media":68594,"comment_status":"closed","ping_status":"closed","sticky":false,"template":"","format":"standard","meta":{"inline_featured_image":false,"_monsterinsights_skip_tracking":false,"_monsterinsights_sitenote_active":false,"_monsterinsights_sitenote_note":"","_monsterinsights_sitenote_category":0,"footnotes":""},"categories":[98,169],"tags":[],"class_list":["post-68615","post","type-post","status-publish","format-standard","has-post-thumbnail","hentry","category-ayuntamiento","category-impuls-economic-i-ocupacio-es"],"yoast_head":"<!-- This site is optimized with the Yoast SEO plugin v27.4 - https:\/\/yoast.com\/product\/yoast-seo-wordpress\/ -->\n<title>Vuelve el Espai Entrevistes con 18 empresas que ofrecen m\u00e1s de 200 puestos de trabajo - Ajuntament de Mont-roig del Camp<\/title>\n<meta name=\"robots\" content=\"index, follow, max-snippet:-1, max-image-preview:large, max-video-preview:-1\" \/>\n<link rel=\"canonical\" href=\"https:\/\/mont-roig.cat\/es\/actualitat\/noticies\/vuelve-el-espai-entrevistas-con-18-empresas-que-ofrecen-mas-de-200-puestos-de-trabajo\/\" \/>\n<meta property=\"og:locale\" content=\"es_ES\" \/>\n<meta property=\"og:type\" content=\"article\" \/>\n<meta property=\"og:title\" content=\"Vuelve el Espai Entrevistes con 18 empresas que ofrecen m\u00e1s de 200 puestos de trabajo - Ajuntament de Mont-roig del Camp\" \/>\n<meta property=\"og:description\" content=\"Este a\u00f1o, como consecuencia de la gran oferta, las entrevistas expr\u00e9s se realizar\u00e1n durante dos jornadas, los d\u00edas 16 y 17 de marzo Las empresas har\u00e1n una preselecci\u00f3n de los candidatos\/as que deber\u00e1n inscribirse antes del 14 de marzo, para poder participar en la entrevista presencial que tendr\u00e1 lugar en el Centre Polivalente de Miami [&hellip;]\" \/>\n<meta property=\"og:url\" content=\"https:\/\/mont-roig.cat\/es\/actualitat\/noticies\/vuelve-el-espai-entrevistas-con-18-empresas-que-ofrecen-mas-de-200-puestos-de-trabajo\/\" \/>\n<meta property=\"og:site_name\" content=\"Ajuntament de Mont-roig del Camp\" \/>\n<meta property=\"article:published_time\" content=\"2023-02-24T08:47:45+00:00\" \/>\n<meta property=\"article:modified_time\" content=\"2023-02-24T09:48:20+00:00\" \/>\n<meta property=\"og:image\" content=\"https:\/\/mont-roig.cat\/wp-content\/uploads\/Logo-Espai-Entrevistes.jpg\" \/>\n\t<meta property=\"og:image:width\" content=\"568\" \/>\n\t<meta property=\"og:image:height\" content=\"298\" \/>\n\t<meta property=\"og:image:type\" content=\"image\/jpeg\" \/>\n<meta name=\"author\" content=\"comunicacio\" \/>\n<meta name=\"twitter:card\" content=\"summary_large_image\" \/>\n<meta name=\"twitter:label1\" content=\"Escrito por\" \/>\n\t<meta name=\"twitter:data1\" content=\"comunicacio\" \/>\n\t<meta name=\"twitter:label2\" content=\"Tiempo de lectura\" \/>\n\t<meta name=\"twitter:data2\" content=\"4 minutos\" \/>\n<script type=\"application\/ld+json\" class=\"yoast-schema-graph\">{\"@context\":\"https:\\\/\\\/schema.org\",\"@graph\":[{\"@type\":\"Article\",\"@id\":\"https:\\\/\\\/mont-roig.cat\\\/es\\\/actualitat\\\/noticies\\\/vuelve-el-espai-entrevistas-con-18-empresas-que-ofrecen-mas-de-200-puestos-de-trabajo\\\/#article\",\"isPartOf\":{\"@id\":\"https:\\\/\\\/mont-roig.cat\\\/es\\\/actualitat\\\/noticies\\\/vuelve-el-espai-entrevistas-con-18-empresas-que-ofrecen-mas-de-200-puestos-de-trabajo\\\/\"},\"author\":{\"name\":\"comunicacio\",\"@id\":\"https:\\\/\\\/mont-roig.cat\\\/es\\\/#\\\/schema\\\/person\\\/1f73e7b5e6f9dd122e8a6f14f310ac5e\"},\"headline\":\"Vuelve el Espai Entrevistes con 18 empresas que ofrecen m\u00e1s de 200 puestos de trabajo\",\"datePublished\":\"2023-02-24T08:47:45+00:00\",\"dateModified\":\"2023-02-24T09:48:20+00:00\",\"mainEntityOfPage\":{\"@id\":\"https:\\\/\\\/mont-roig.cat\\\/es\\\/actualitat\\\/noticies\\\/vuelve-el-espai-entrevistas-con-18-empresas-que-ofrecen-mas-de-200-puestos-de-trabajo\\\/\"},\"wordCount\":643,\"image\":{\"@id\":\"https:\\\/\\\/mont-roig.cat\\\/es\\\/actualitat\\\/noticies\\\/vuelve-el-espai-entrevistas-con-18-empresas-que-ofrecen-mas-de-200-puestos-de-trabajo\\\/#primaryimage\"},\"thumbnailUrl\":\"https:\\\/\\\/mont-roig.cat\\\/wp-content\\\/uploads\\\/Logo-Espai-Entrevistes.jpg\",\"articleSection\":[\"Ayuntamiento\",\"Impuls Econ\u00f2mic i Ocupaci\u00f3\"],\"inLanguage\":\"es\"},{\"@type\":\"WebPage\",\"@id\":\"https:\\\/\\\/mont-roig.cat\\\/es\\\/actualitat\\\/noticies\\\/vuelve-el-espai-entrevistas-con-18-empresas-que-ofrecen-mas-de-200-puestos-de-trabajo\\\/\",\"url\":\"https:\\\/\\\/mont-roig.cat\\\/es\\\/actualitat\\\/noticies\\\/vuelve-el-espai-entrevistas-con-18-empresas-que-ofrecen-mas-de-200-puestos-de-trabajo\\\/\",\"name\":\"Vuelve el Espai Entrevistes con 18 empresas que ofrecen m\u00e1s de 200 puestos de trabajo - Ajuntament de Mont-roig del Camp\",\"isPartOf\":{\"@id\":\"https:\\\/\\\/mont-roig.cat\\\/es\\\/#website\"},\"primaryImageOfPage\":{\"@id\":\"https:\\\/\\\/mont-roig.cat\\\/es\\\/actualitat\\\/noticies\\\/vuelve-el-espai-entrevistas-con-18-empresas-que-ofrecen-mas-de-200-puestos-de-trabajo\\\/#primaryimage\"},\"image\":{\"@id\":\"https:\\\/\\\/mont-roig.cat\\\/es\\\/actualitat\\\/noticies\\\/vuelve-el-espai-entrevistas-con-18-empresas-que-ofrecen-mas-de-200-puestos-de-trabajo\\\/#primaryimage\"},\"thumbnailUrl\":\"https:\\\/\\\/mont-roig.cat\\\/wp-content\\\/uploads\\\/Logo-Espai-Entrevistes.jpg\",\"datePublished\":\"2023-02-24T08:47:45+00:00\",\"dateModified\":\"2023-02-24T09:48:20+00:00\",\"author\":{\"@id\":\"https:\\\/\\\/mont-roig.cat\\\/es\\\/#\\\/schema\\\/person\\\/1f73e7b5e6f9dd122e8a6f14f310ac5e\"},\"breadcrumb\":{\"@id\":\"https:\\\/\\\/mont-roig.cat\\\/es\\\/actualitat\\\/noticies\\\/vuelve-el-espai-entrevistas-con-18-empresas-que-ofrecen-mas-de-200-puestos-de-trabajo\\\/#breadcrumb\"},\"inLanguage\":\"es\",\"potentialAction\":[{\"@type\":\"ReadAction\",\"target\":[\"https:\\\/\\\/mont-roig.cat\\\/es\\\/actualitat\\\/noticies\\\/vuelve-el-espai-entrevistas-con-18-empresas-que-ofrecen-mas-de-200-puestos-de-trabajo\\\/\"]}]},{\"@type\":\"ImageObject\",\"inLanguage\":\"es\",\"@id\":\"https:\\\/\\\/mont-roig.cat\\\/es\\\/actualitat\\\/noticies\\\/vuelve-el-espai-entrevistas-con-18-empresas-que-ofrecen-mas-de-200-puestos-de-trabajo\\\/#primaryimage\",\"url\":\"https:\\\/\\\/mont-roig.cat\\\/wp-content\\\/uploads\\\/Logo-Espai-Entrevistes.jpg\",\"contentUrl\":\"https:\\\/\\\/mont-roig.cat\\\/wp-content\\\/uploads\\\/Logo-Espai-Entrevistes.jpg\",\"width\":568,\"height\":298},{\"@type\":\"BreadcrumbList\",\"@id\":\"https:\\\/\\\/mont-roig.cat\\\/es\\\/actualitat\\\/noticies\\\/vuelve-el-espai-entrevistas-con-18-empresas-que-ofrecen-mas-de-200-puestos-de-trabajo\\\/#breadcrumb\",\"itemListElement\":[{\"@type\":\"ListItem\",\"position\":1,\"name\":\"Inici\",\"item\":\"https:\\\/\\\/mont-roig.cat\\\/es\\\/pagina-de-inicio\\\/\"},{\"@type\":\"ListItem\",\"position\":2,\"name\":\"Vuelve el Espai Entrevistes con 18 empresas que ofrecen m\u00e1s de 200 puestos de trabajo\"}]},{\"@type\":\"WebSite\",\"@id\":\"https:\\\/\\\/mont-roig.cat\\\/es\\\/#website\",\"url\":\"https:\\\/\\\/mont-roig.cat\\\/es\\\/\",\"name\":\"Ajuntament de Mont-roig del Camp\",\"description\":\"Tota la informaci\u00f3 sobre la instituci\u00f3, els seus \u00f2rgans de govern, actualitat, serveis i molt m\u00e9s.\",\"potentialAction\":[{\"@type\":\"SearchAction\",\"target\":{\"@type\":\"EntryPoint\",\"urlTemplate\":\"https:\\\/\\\/mont-roig.cat\\\/es\\\/?s={search_term_string}\"},\"query-input\":{\"@type\":\"PropertyValueSpecification\",\"valueRequired\":true,\"valueName\":\"search_term_string\"}}],\"inLanguage\":\"es\"},{\"@type\":\"Person\",\"@id\":\"https:\\\/\\\/mont-roig.cat\\\/es\\\/#\\\/schema\\\/person\\\/1f73e7b5e6f9dd122e8a6f14f310ac5e\",\"name\":\"comunicacio\",\"image\":{\"@type\":\"ImageObject\",\"inLanguage\":\"es\",\"@id\":\"https:\\\/\\\/secure.gravatar.com\\\/avatar\\\/98944333e7a877670a64f8d10f0cb680ab2c9ebc4efc43945ef004b52b5ad28c?s=96&d=mm&r=g\",\"url\":\"https:\\\/\\\/secure.gravatar.com\\\/avatar\\\/98944333e7a877670a64f8d10f0cb680ab2c9ebc4efc43945ef004b52b5ad28c?s=96&d=mm&r=g\",\"contentUrl\":\"https:\\\/\\\/secure.gravatar.com\\\/avatar\\\/98944333e7a877670a64f8d10f0cb680ab2c9ebc4efc43945ef004b52b5ad28c?s=96&d=mm&r=g\",\"caption\":\"comunicacio\"},\"url\":\"https:\\\/\\\/mont-roig.cat\\\/es\\\/actualitat\\\/noticies\\\/author\\\/comunicacio\\\/\"}]}<\/script>\n<!-- \/ Yoast SEO plugin. -->","yoast_head_json":{"title":"Vuelve el Espai Entrevistes con 18 empresas que ofrecen m\u00e1s de 200 puestos de trabajo - Ajuntament de Mont-roig del Camp","robots":{"index":"index","follow":"follow","max-snippet":"max-snippet:-1","max-image-preview":"max-image-preview:large","max-video-preview":"max-video-preview:-1"},"canonical":"https:\/\/mont-roig.cat\/es\/actualitat\/noticies\/vuelve-el-espai-entrevistas-con-18-empresas-que-ofrecen-mas-de-200-puestos-de-trabajo\/","og_locale":"es_ES","og_type":"article","og_title":"Vuelve el Espai Entrevistes con 18 empresas que ofrecen m\u00e1s de 200 puestos de trabajo - Ajuntament de Mont-roig del Camp","og_description":"Este a\u00f1o, como consecuencia de la gran oferta, las entrevistas expr\u00e9s se realizar\u00e1n durante dos jornadas, los d\u00edas 16 y 17 de marzo Las empresas har\u00e1n una preselecci\u00f3n de los candidatos\/as que deber\u00e1n inscribirse antes del 14 de marzo, para poder participar en la entrevista presencial que tendr\u00e1 lugar en el Centre Polivalente de Miami [&hellip;]","og_url":"https:\/\/mont-roig.cat\/es\/actualitat\/noticies\/vuelve-el-espai-entrevistas-con-18-empresas-que-ofrecen-mas-de-200-puestos-de-trabajo\/","og_site_name":"Ajuntament de Mont-roig del Camp","article_published_time":"2023-02-24T08:47:45+00:00","article_modified_time":"2023-02-24T09:48:20+00:00","og_image":[{"width":568,"height":298,"url":"https:\/\/mont-roig.cat\/wp-content\/uploads\/Logo-Espai-Entrevistes.jpg","type":"image\/jpeg"}],"author":"comunicacio","twitter_card":"summary_large_image","twitter_misc":{"Escrito por":"comunicacio","Tiempo de lectura":"4 minutos"},"schema":{"@context":"https:\/\/schema.org","@graph":[{"@type":"Article","@id":"https:\/\/mont-roig.cat\/es\/actualitat\/noticies\/vuelve-el-espai-entrevistas-con-18-empresas-que-ofrecen-mas-de-200-puestos-de-trabajo\/#article","isPartOf":{"@id":"https:\/\/mont-roig.cat\/es\/actualitat\/noticies\/vuelve-el-espai-entrevistas-con-18-empresas-que-ofrecen-mas-de-200-puestos-de-trabajo\/"},"author":{"name":"comunicacio","@id":"https:\/\/mont-roig.cat\/es\/#\/schema\/person\/1f73e7b5e6f9dd122e8a6f14f310ac5e"},"headline":"Vuelve el Espai Entrevistes con 18 empresas que ofrecen m\u00e1s de 200 puestos de trabajo","datePublished":"2023-02-24T08:47:45+00:00","dateModified":"2023-02-24T09:48:20+00:00","mainEntityOfPage":{"@id":"https:\/\/mont-roig.cat\/es\/actualitat\/noticies\/vuelve-el-espai-entrevistas-con-18-empresas-que-ofrecen-mas-de-200-puestos-de-trabajo\/"},"wordCount":643,"image":{"@id":"https:\/\/mont-roig.cat\/es\/actualitat\/noticies\/vuelve-el-espai-entrevistas-con-18-empresas-que-ofrecen-mas-de-200-puestos-de-trabajo\/#primaryimage"},"thumbnailUrl":"https:\/\/mont-roig.cat\/wp-content\/uploads\/Logo-Espai-Entrevistes.jpg","articleSection":["Ayuntamiento","Impuls Econ\u00f2mic i Ocupaci\u00f3"],"inLanguage":"es"},{"@type":"WebPage","@id":"https:\/\/mont-roig.cat\/es\/actualitat\/noticies\/vuelve-el-espai-entrevistas-con-18-empresas-que-ofrecen-mas-de-200-puestos-de-trabajo\/","url":"https:\/\/mont-roig.cat\/es\/actualitat\/noticies\/vuelve-el-espai-entrevistas-con-18-empresas-que-ofrecen-mas-de-200-puestos-de-trabajo\/","name":"Vuelve el Espai Entrevistes con 18 empresas que ofrecen m\u00e1s de 200 puestos de trabajo - Ajuntament de Mont-roig del Camp","isPartOf":{"@id":"https:\/\/mont-roig.cat\/es\/#website"},"primaryImageOfPage":{"@id":"https:\/\/mont-roig.cat\/es\/actualitat\/noticies\/vuelve-el-espai-entrevistas-con-18-empresas-que-ofrecen-mas-de-200-puestos-de-trabajo\/#primaryimage"},"image":{"@id":"https:\/\/mont-roig.cat\/es\/actualitat\/noticies\/vuelve-el-espai-entrevistas-con-18-empresas-que-ofrecen-mas-de-200-puestos-de-trabajo\/#primaryimage"},"thumbnailUrl":"https:\/\/mont-roig.cat\/wp-content\/uploads\/Logo-Espai-Entrevistes.jpg","datePublished":"2023-02-24T08:47:45+00:00","dateModified":"2023-02-24T09:48:20+00:00","author":{"@id":"https:\/\/mont-roig.cat\/es\/#\/schema\/person\/1f73e7b5e6f9dd122e8a6f14f310ac5e"},"breadcrumb":{"@id":"https:\/\/mont-roig.cat\/es\/actualitat\/noticies\/vuelve-el-espai-entrevistas-con-18-empresas-que-ofrecen-mas-de-200-puestos-de-trabajo\/#breadcrumb"},"inLanguage":"es","potentialAction":[{"@type":"ReadAction","target":["https:\/\/mont-roig.cat\/es\/actualitat\/noticies\/vuelve-el-espai-entrevistas-con-18-empresas-que-ofrecen-mas-de-200-puestos-de-trabajo\/"]}]},{"@type":"ImageObject","inLanguage":"es","@id":"https:\/\/mont-roig.cat\/es\/actualitat\/noticies\/vuelve-el-espai-entrevistas-con-18-empresas-que-ofrecen-mas-de-200-puestos-de-trabajo\/#primaryimage","url":"https:\/\/mont-roig.cat\/wp-content\/uploads\/Logo-Espai-Entrevistes.jpg","contentUrl":"https:\/\/mont-roig.cat\/wp-content\/uploads\/Logo-Espai-Entrevistes.jpg","width":568,"height":298},{"@type":"BreadcrumbList","@id":"https:\/\/mont-roig.cat\/es\/actualitat\/noticies\/vuelve-el-espai-entrevistas-con-18-empresas-que-ofrecen-mas-de-200-puestos-de-trabajo\/#breadcrumb","itemListElement":[{"@type":"ListItem","position":1,"name":"Inici","item":"https:\/\/mont-roig.cat\/es\/pagina-de-inicio\/"},{"@type":"ListItem","position":2,"name":"Vuelve el Espai Entrevistes con 18 empresas que ofrecen m\u00e1s de 200 puestos de trabajo"}]},{"@type":"WebSite","@id":"https:\/\/mont-roig.cat\/es\/#website","url":"https:\/\/mont-roig.cat\/es\/","name":"Ajuntament de Mont-roig del Camp","description":"Tota la informaci\u00f3 sobre la instituci\u00f3, els seus \u00f2rgans de govern, actualitat, serveis i molt m\u00e9s.","potentialAction":[{"@type":"SearchAction","target":{"@type":"EntryPoint","urlTemplate":"https:\/\/mont-roig.cat\/es\/?s={search_term_string}"},"query-input":{"@type":"PropertyValueSpecification","valueRequired":true,"valueName":"search_term_string"}}],"inLanguage":"es"},{"@type":"Person","@id":"https:\/\/mont-roig.cat\/es\/#\/schema\/person\/1f73e7b5e6f9dd122e8a6f14f310ac5e","name":"comunicacio","image":{"@type":"ImageObject","inLanguage":"es","@id":"https:\/\/secure.gravatar.com\/avatar\/98944333e7a877670a64f8d10f0cb680ab2c9ebc4efc43945ef004b52b5ad28c?s=96&d=mm&r=g","url":"https:\/\/secure.gravatar.com\/avatar\/98944333e7a877670a64f8d10f0cb680ab2c9ebc4efc43945ef004b52b5ad28c?s=96&d=mm&r=g","contentUrl":"https:\/\/secure.gravatar.com\/avatar\/98944333e7a877670a64f8d10f0cb680ab2c9ebc4efc43945ef004b52b5ad28c?s=96&d=mm&r=g","caption":"comunicacio"},"url":"https:\/\/mont-roig.cat\/es\/actualitat\/noticies\/author\/comunicacio\/"}]}},"_links":{"self":[{"href":"https:\/\/mont-roig.cat\/es\/wp-json\/wp\/v2\/posts\/68615","targetHints":{"allow":["GET"]}}],"collection":[{"href":"https:\/\/mont-roig.cat\/es\/wp-json\/wp\/v2\/posts"}],"about":[{"href":"https:\/\/mont-roig.cat\/es\/wp-json\/wp\/v2\/types\/post"}],"author":[{"embeddable":true,"href":"https:\/\/mont-roig.cat\/es\/wp-json\/wp\/v2\/users\/13"}],"replies":[{"embeddable":true,"href":"https:\/\/mont-roig.cat\/es\/wp-json\/wp\/v2\/comments?post=68615"}],"version-history":[{"count":3,"href":"https:\/\/mont-roig.cat\/es\/wp-json\/wp\/v2\/posts\/68615\/revisions"}],"predecessor-version":[{"id":68619,"href":"https:\/\/mont-roig.cat\/es\/wp-json\/wp\/v2\/posts\/68615\/revisions\/68619"}],"wp:featuredmedia":[{"embeddable":true,"href":"https:\/\/mont-roig.cat\/es\/wp-json\/wp\/v2\/media\/68594"}],"wp:attachment":[{"href":"https:\/\/mont-roig.cat\/es\/wp-json\/wp\/v2\/media?parent=68615"}],"wp:term":[{"taxonomy":"category","embeddable":true,"href":"https:\/\/mont-roig.cat\/es\/wp-json\/wp\/v2\/categories?post=68615"},{"taxonomy":"post_tag","embeddable":true,"href":"https:\/\/mont-roig.cat\/es\/wp-json\/wp\/v2\/tags?post=68615"}],"curies":[{"name":"wp","href":"https:\/\/api.w.org\/{rel}","templated":true}]}}