{"id":69116,"date":"2023-03-09T13:48:37","date_gmt":"2023-03-09T12:48:37","guid":{"rendered":"https:\/\/mont-roig.cat\/actualitat\/noticies\/69109\/"},"modified":"2023-03-09T14:03:50","modified_gmt":"2023-03-09T13:03:50","slug":"las-fiestas-de-san-jose-de-miami-platja-tendran-lugar-del-16-al-20-de-marzo","status":"publish","type":"post","link":"https:\/\/mont-roig.cat\/es\/actualitat\/noticies\/las-fiestas-de-san-jose-de-miami-platja-tendran-lugar-del-16-al-20-de-marzo\/","title":{"rendered":"Las fiestas de Sant Josep de Miami Platja tendr\u00e1n lugar del 16 al 20 de marzo"},"content":{"rendered":"<p><strong><strong><em><a href=\"https:\/\/mont-roig.cat\/wp-content\/uploads\/sant-josep.jpg\" target=\"_blank\" rel=\"noopener\"><img loading=\"lazy\" decoding=\"async\" class=\"alignright wp-image-69112\" src=\"https:\/\/mont-roig.cat\/wp-content\/uploads\/sant-josep-353x500.jpg\" alt=\"\" width=\"261\" height=\"370\" srcset=\"https:\/\/mont-roig.cat\/wp-content\/uploads\/sant-josep-353x500.jpg 353w, https:\/\/mont-roig.cat\/wp-content\/uploads\/sant-josep-724x1024.jpg 724w, https:\/\/mont-roig.cat\/wp-content\/uploads\/sant-josep-768x1086.jpg 768w, https:\/\/mont-roig.cat\/wp-content\/uploads\/sant-josep-1086x1536.jpg 1086w, https:\/\/mont-roig.cat\/wp-content\/uploads\/sant-josep.jpg 1131w\" sizes=\"auto, (max-width: 261px) 100vw, 261px\" \/><\/a><\/em><\/strong><\/strong><\/p>\n<ul>\n<li><strong>Un tributo a Raffaella Carr\u00e1, una actuaci\u00f3n del joven mago Didak y un mon\u00f3logo con El Sevilla ser\u00e1n los principales actos de estas fiestas pensadas para disfrutar en familia<\/strong><\/li>\n<\/ul>\n<p>El Ayuntamiento de Mont-roig del Camp, a trav\u00e9s del Departamento de Fiestas, ha preparado una serie de actividades para celebrar la Festa Major de San Josep de Miami Platja, que tendr\u00e1 lugar entre los d\u00edas 16 y 20 de marzo. Entre sus principales actos se incluyen espect\u00e1culos de magia y musicales, talleres en familia y actividades deportivas, contando con la colaboraci\u00f3n de diversas entidades del municipio.<\/p>\n<p>El pistoletazo de salida de las haza\u00f1as ser\u00e1 el jueves 16 de marzo con el partido de baloncesto entre los veteranos del b\u00e0squet Mont-roig y la Multiesportiva Miami. Al d\u00eda siguiente, viernes, los actos continuar\u00e1n con el tradicional preg\u00f3n, que este a\u00f1o correr\u00e1 a cargo de Rosa Escoda, vecina de Miami Platja muy vinculada con la educaci\u00f3n y la pol\u00edtica local. El acto estar\u00e1 amenizado por la actuaci\u00f3n del Coro Rociero Arena del Camino.<\/p>\n<p>El viernes por la noche llega uno de los actos de mayor \u00e9xito de las fiestas de Sant Josep, con el mon\u00f3logo que esta vez correr\u00e1 a cargo de El Sevilla. El cantante del grupo Los Mojinos Escocidos har\u00e1 un repaso de la dura vida que lleva siendo un cantante de rock and roll y c\u00f3mo lo concilia con su d\u00eda a d\u00eda. Las entradas para el espect\u00e1culo <em>La vida es Rocanrol<\/em> se podr\u00e1n adquirir en las oficinas del departamento de Fiestas, en el Centro Polivalente Sant Jaume, de 09 a 14 ha un precio de 10 \u20ac; y el mismo d\u00eda de la actuaci\u00f3n en el Polideportivo Municipal, una hora antes del espect\u00e1culo, a 12\u20ac.<\/p>\n<p>El s\u00e1bado 18, la plaza de Girona ser\u00e1 una de las ubicaciones principales de la fiesta, donde al llegar la Xaranga Xino Xano se realizar\u00e1 una fideuada popular por los asistentes, amenizada por el grupo de versiones Resiliente. Tambi\u00e9n el Club h\u00edpico Miami Mont-roig y la Yeguada Nieto realizar\u00e1n una exhibici\u00f3n de caballos y ponis. Por la noche, la cantante Roser presentar\u00e1 su nuevo espect\u00e1culo musical \u00a1Hola Raffaella!, donde homenajear\u00e1 a la gran cantante italiana Rafaella Carr\u00e1. A continuaci\u00f3n, la fiesta continuar\u00e1 con una progresi\u00f3n musical, desde las canciones de moda de la d\u00e9cada de los 80 hasta los logros de hoy en d\u00eda, de la mano de diferentes pinchadiscos.<br \/>\nEl domingo, los j\u00f3venes m\u00e1s intr\u00e9pidos podr\u00e1n inscribirse, a trav\u00e9s del instagram @elsmollals, en la competici\u00f3n de skate y scooter Rollin\u2019 Fest que se realizar\u00e1 en el Parc Lil\u00ed \u00c1lvarez. Las familias podr\u00e1n disfrutar de un taller de educaci\u00f3n ambiental en el Centro Polivalente Sant Jaume, donde se har\u00e1n cajas nido por el p\u00e1jaro carbonero, depredador de la procesionaria, y podr\u00e1n disfrutar de diferentes juegos de madera. Por la tarde, en el Polideportivo Municipal, tendr\u00e1 lugar el espect\u00e1culo Didak Style; una propuesta moderna, de ilusiones y magia muy divertida.<\/p>\n<p>El lunes finalizar\u00e1n los actos festivos con una MiniDisco para los m\u00e1s peque\u00f1os, en el Teatro del Centro Polivalente Sant Jaume, con una exhibici\u00f3n de bailes de calle a cargo del Club de R\u00edtmica Miami.<\/p>\n<p><strong>Las entidades nuevamente implicadas en la programaci\u00f3n<\/strong><br \/>\nSon diversas las entidades del municipio que han querido colaborar y participar en los distintos actos programados; adem\u00e1s de los mencionados anteriormente, tambi\u00e9n se podr\u00e1 ver una exhibici\u00f3n de bailes country y sevillanas, una merienda popular y la tradicional tirada local de Sant Josep.<\/p>\n<p>Descarga del programa completo <a href=\"https:\/\/mont-roig.cat\/wp-content\/uploads\/Programa-Festes-de-Sant-josep-2023.pdf\" target=\"_blank\" rel=\"noopener\">en este enlace.<\/a><\/p>\n<p><strong><em>\u00a0<\/em><\/strong><\/p>\n<p>&nbsp;<\/p>\n<p>&nbsp;<\/p>\n","protected":false},"excerpt":{"rendered":"<p>Un tributo a Raffaella Carr\u00e1, una actuaci\u00f3n del joven mago Didak y un mon\u00f3logo con El Sevilla ser\u00e1n los principales actos de estas fiestas pensadas para disfrutar en familia El Ayuntamiento de Mont-roig del Camp, a trav\u00e9s del Departamento de Fiestas, ha preparado una serie de actividades para celebrar la Festa Major de San Josep [&hellip;]<\/p>\n","protected":false},"author":13,"featured_media":69111,"comment_status":"closed","ping_status":"closed","sticky":false,"template":"","format":"standard","meta":{"inline_featured_image":false,"_monsterinsights_skip_tracking":false,"_monsterinsights_sitenote_active":false,"_monsterinsights_sitenote_note":"","_monsterinsights_sitenote_category":0,"footnotes":""},"categories":[98,105],"tags":[],"class_list":["post-69116","post","type-post","status-publish","format-standard","has-post-thumbnail","hentry","category-ayuntamiento","category-fiestas"],"yoast_head":"<!-- This site is optimized with the Yoast SEO plugin v27.4 - https:\/\/yoast.com\/product\/yoast-seo-wordpress\/ -->\n<title>Las fiestas de Sant Josep de Miami Platja tendr\u00e1n lugar del 16 al 20 de marzo - Ajuntament de Mont-roig del Camp<\/title>\n<meta name=\"robots\" content=\"index, follow, max-snippet:-1, max-image-preview:large, max-video-preview:-1\" \/>\n<link rel=\"canonical\" href=\"https:\/\/mont-roig.cat\/es\/actualitat\/noticies\/las-fiestas-de-san-jose-de-miami-platja-tendran-lugar-del-16-al-20-de-marzo\/\" \/>\n<meta property=\"og:locale\" content=\"es_ES\" \/>\n<meta property=\"og:type\" content=\"article\" \/>\n<meta property=\"og:title\" content=\"Las fiestas de Sant Josep de Miami Platja tendr\u00e1n lugar del 16 al 20 de marzo - Ajuntament de Mont-roig del Camp\" \/>\n<meta property=\"og:description\" content=\"Un tributo a Raffaella Carr\u00e1, una actuaci\u00f3n del joven mago Didak y un mon\u00f3logo con El Sevilla ser\u00e1n los principales actos de estas fiestas pensadas para disfrutar en familia El Ayuntamiento de Mont-roig del Camp, a trav\u00e9s del Departamento de Fiestas, ha preparado una serie de actividades para celebrar la Festa Major de San Josep [&hellip;]\" \/>\n<meta property=\"og:url\" content=\"https:\/\/mont-roig.cat\/es\/actualitat\/noticies\/las-fiestas-de-san-jose-de-miami-platja-tendran-lugar-del-16-al-20-de-marzo\/\" \/>\n<meta property=\"og:site_name\" content=\"Ajuntament de Mont-roig del Camp\" \/>\n<meta property=\"article:published_time\" content=\"2023-03-09T12:48:37+00:00\" \/>\n<meta property=\"article:modified_time\" content=\"2023-03-09T13:03:50+00:00\" \/>\n<meta property=\"og:image\" content=\"https:\/\/mont-roig.cat\/wp-content\/uploads\/b8333115-6201-439c-9190-ef85e7d6b756.jpg\" \/>\n\t<meta property=\"og:image:width\" content=\"1200\" \/>\n\t<meta property=\"og:image:height\" content=\"630\" \/>\n\t<meta property=\"og:image:type\" content=\"image\/jpeg\" \/>\n<meta name=\"author\" content=\"comunicacio\" \/>\n<meta name=\"twitter:card\" content=\"summary_large_image\" \/>\n<meta name=\"twitter:label1\" content=\"Escrito por\" \/>\n\t<meta name=\"twitter:data1\" content=\"comunicacio\" \/>\n\t<meta name=\"twitter:label2\" content=\"Tiempo de lectura\" \/>\n\t<meta name=\"twitter:data2\" content=\"4 minutos\" \/>\n<script type=\"application\/ld+json\" class=\"yoast-schema-graph\">{\"@context\":\"https:\\\/\\\/schema.org\",\"@graph\":[{\"@type\":\"Article\",\"@id\":\"https:\\\/\\\/mont-roig.cat\\\/es\\\/actualitat\\\/noticies\\\/las-fiestas-de-san-jose-de-miami-platja-tendran-lugar-del-16-al-20-de-marzo\\\/#article\",\"isPartOf\":{\"@id\":\"https:\\\/\\\/mont-roig.cat\\\/es\\\/actualitat\\\/noticies\\\/las-fiestas-de-san-jose-de-miami-platja-tendran-lugar-del-16-al-20-de-marzo\\\/\"},\"author\":{\"name\":\"comunicacio\",\"@id\":\"https:\\\/\\\/mont-roig.cat\\\/es\\\/#\\\/schema\\\/person\\\/1f73e7b5e6f9dd122e8a6f14f310ac5e\"},\"headline\":\"Las fiestas de Sant Josep de Miami Platja tendr\u00e1n lugar del 16 al 20 de marzo\",\"datePublished\":\"2023-03-09T12:48:37+00:00\",\"dateModified\":\"2023-03-09T13:03:50+00:00\",\"mainEntityOfPage\":{\"@id\":\"https:\\\/\\\/mont-roig.cat\\\/es\\\/actualitat\\\/noticies\\\/las-fiestas-de-san-jose-de-miami-platja-tendran-lugar-del-16-al-20-de-marzo\\\/\"},\"wordCount\":640,\"image\":{\"@id\":\"https:\\\/\\\/mont-roig.cat\\\/es\\\/actualitat\\\/noticies\\\/las-fiestas-de-san-jose-de-miami-platja-tendran-lugar-del-16-al-20-de-marzo\\\/#primaryimage\"},\"thumbnailUrl\":\"https:\\\/\\\/mont-roig.cat\\\/wp-content\\\/uploads\\\/b8333115-6201-439c-9190-ef85e7d6b756.jpg\",\"articleSection\":[\"Ayuntamiento\",\"Festes\"],\"inLanguage\":\"es\"},{\"@type\":\"WebPage\",\"@id\":\"https:\\\/\\\/mont-roig.cat\\\/es\\\/actualitat\\\/noticies\\\/las-fiestas-de-san-jose-de-miami-platja-tendran-lugar-del-16-al-20-de-marzo\\\/\",\"url\":\"https:\\\/\\\/mont-roig.cat\\\/es\\\/actualitat\\\/noticies\\\/las-fiestas-de-san-jose-de-miami-platja-tendran-lugar-del-16-al-20-de-marzo\\\/\",\"name\":\"Las fiestas de Sant Josep de Miami Platja tendr\u00e1n lugar del 16 al 20 de marzo - Ajuntament de Mont-roig del Camp\",\"isPartOf\":{\"@id\":\"https:\\\/\\\/mont-roig.cat\\\/es\\\/#website\"},\"primaryImageOfPage\":{\"@id\":\"https:\\\/\\\/mont-roig.cat\\\/es\\\/actualitat\\\/noticies\\\/las-fiestas-de-san-jose-de-miami-platja-tendran-lugar-del-16-al-20-de-marzo\\\/#primaryimage\"},\"image\":{\"@id\":\"https:\\\/\\\/mont-roig.cat\\\/es\\\/actualitat\\\/noticies\\\/las-fiestas-de-san-jose-de-miami-platja-tendran-lugar-del-16-al-20-de-marzo\\\/#primaryimage\"},\"thumbnailUrl\":\"https:\\\/\\\/mont-roig.cat\\\/wp-content\\\/uploads\\\/b8333115-6201-439c-9190-ef85e7d6b756.jpg\",\"datePublished\":\"2023-03-09T12:48:37+00:00\",\"dateModified\":\"2023-03-09T13:03:50+00:00\",\"author\":{\"@id\":\"https:\\\/\\\/mont-roig.cat\\\/es\\\/#\\\/schema\\\/person\\\/1f73e7b5e6f9dd122e8a6f14f310ac5e\"},\"breadcrumb\":{\"@id\":\"https:\\\/\\\/mont-roig.cat\\\/es\\\/actualitat\\\/noticies\\\/las-fiestas-de-san-jose-de-miami-platja-tendran-lugar-del-16-al-20-de-marzo\\\/#breadcrumb\"},\"inLanguage\":\"es\",\"potentialAction\":[{\"@type\":\"ReadAction\",\"target\":[\"https:\\\/\\\/mont-roig.cat\\\/es\\\/actualitat\\\/noticies\\\/las-fiestas-de-san-jose-de-miami-platja-tendran-lugar-del-16-al-20-de-marzo\\\/\"]}]},{\"@type\":\"ImageObject\",\"inLanguage\":\"es\",\"@id\":\"https:\\\/\\\/mont-roig.cat\\\/es\\\/actualitat\\\/noticies\\\/las-fiestas-de-san-jose-de-miami-platja-tendran-lugar-del-16-al-20-de-marzo\\\/#primaryimage\",\"url\":\"https:\\\/\\\/mont-roig.cat\\\/wp-content\\\/uploads\\\/b8333115-6201-439c-9190-ef85e7d6b756.jpg\",\"contentUrl\":\"https:\\\/\\\/mont-roig.cat\\\/wp-content\\\/uploads\\\/b8333115-6201-439c-9190-ef85e7d6b756.jpg\",\"width\":1200,\"height\":630},{\"@type\":\"BreadcrumbList\",\"@id\":\"https:\\\/\\\/mont-roig.cat\\\/es\\\/actualitat\\\/noticies\\\/las-fiestas-de-san-jose-de-miami-platja-tendran-lugar-del-16-al-20-de-marzo\\\/#breadcrumb\",\"itemListElement\":[{\"@type\":\"ListItem\",\"position\":1,\"name\":\"Inici\",\"item\":\"https:\\\/\\\/mont-roig.cat\\\/es\\\/pagina-de-inicio\\\/\"},{\"@type\":\"ListItem\",\"position\":2,\"name\":\"Las fiestas de Sant Josep de Miami Platja tendr\u00e1n lugar del 16 al 20 de marzo\"}]},{\"@type\":\"WebSite\",\"@id\":\"https:\\\/\\\/mont-roig.cat\\\/es\\\/#website\",\"url\":\"https:\\\/\\\/mont-roig.cat\\\/es\\\/\",\"name\":\"Ajuntament de Mont-roig del Camp\",\"description\":\"Tota la informaci\u00f3 sobre la instituci\u00f3, els seus \u00f2rgans de govern, actualitat, serveis i molt m\u00e9s.\",\"potentialAction\":[{\"@type\":\"SearchAction\",\"target\":{\"@type\":\"EntryPoint\",\"urlTemplate\":\"https:\\\/\\\/mont-roig.cat\\\/es\\\/?s={search_term_string}\"},\"query-input\":{\"@type\":\"PropertyValueSpecification\",\"valueRequired\":true,\"valueName\":\"search_term_string\"}}],\"inLanguage\":\"es\"},{\"@type\":\"Person\",\"@id\":\"https:\\\/\\\/mont-roig.cat\\\/es\\\/#\\\/schema\\\/person\\\/1f73e7b5e6f9dd122e8a6f14f310ac5e\",\"name\":\"comunicacio\",\"image\":{\"@type\":\"ImageObject\",\"inLanguage\":\"es\",\"@id\":\"https:\\\/\\\/secure.gravatar.com\\\/avatar\\\/98944333e7a877670a64f8d10f0cb680ab2c9ebc4efc43945ef004b52b5ad28c?s=96&d=mm&r=g\",\"url\":\"https:\\\/\\\/secure.gravatar.com\\\/avatar\\\/98944333e7a877670a64f8d10f0cb680ab2c9ebc4efc43945ef004b52b5ad28c?s=96&d=mm&r=g\",\"contentUrl\":\"https:\\\/\\\/secure.gravatar.com\\\/avatar\\\/98944333e7a877670a64f8d10f0cb680ab2c9ebc4efc43945ef004b52b5ad28c?s=96&d=mm&r=g\",\"caption\":\"comunicacio\"},\"url\":\"https:\\\/\\\/mont-roig.cat\\\/es\\\/actualitat\\\/noticies\\\/author\\\/comunicacio\\\/\"}]}<\/script>\n<!-- \/ Yoast SEO plugin. -->","yoast_head_json":{"title":"Las fiestas de Sant Josep de Miami Platja tendr\u00e1n lugar del 16 al 20 de marzo - Ajuntament de Mont-roig del Camp","robots":{"index":"index","follow":"follow","max-snippet":"max-snippet:-1","max-image-preview":"max-image-preview:large","max-video-preview":"max-video-preview:-1"},"canonical":"https:\/\/mont-roig.cat\/es\/actualitat\/noticies\/las-fiestas-de-san-jose-de-miami-platja-tendran-lugar-del-16-al-20-de-marzo\/","og_locale":"es_ES","og_type":"article","og_title":"Las fiestas de Sant Josep de Miami Platja tendr\u00e1n lugar del 16 al 20 de marzo - Ajuntament de Mont-roig del Camp","og_description":"Un tributo a Raffaella Carr\u00e1, una actuaci\u00f3n del joven mago Didak y un mon\u00f3logo con El Sevilla ser\u00e1n los principales actos de estas fiestas pensadas para disfrutar en familia El Ayuntamiento de Mont-roig del Camp, a trav\u00e9s del Departamento de Fiestas, ha preparado una serie de actividades para celebrar la Festa Major de San Josep [&hellip;]","og_url":"https:\/\/mont-roig.cat\/es\/actualitat\/noticies\/las-fiestas-de-san-jose-de-miami-platja-tendran-lugar-del-16-al-20-de-marzo\/","og_site_name":"Ajuntament de Mont-roig del Camp","article_published_time":"2023-03-09T12:48:37+00:00","article_modified_time":"2023-03-09T13:03:50+00:00","og_image":[{"width":1200,"height":630,"url":"https:\/\/mont-roig.cat\/wp-content\/uploads\/b8333115-6201-439c-9190-ef85e7d6b756.jpg","type":"image\/jpeg"}],"author":"comunicacio","twitter_card":"summary_large_image","twitter_misc":{"Escrito por":"comunicacio","Tiempo de lectura":"4 minutos"},"schema":{"@context":"https:\/\/schema.org","@graph":[{"@type":"Article","@id":"https:\/\/mont-roig.cat\/es\/actualitat\/noticies\/las-fiestas-de-san-jose-de-miami-platja-tendran-lugar-del-16-al-20-de-marzo\/#article","isPartOf":{"@id":"https:\/\/mont-roig.cat\/es\/actualitat\/noticies\/las-fiestas-de-san-jose-de-miami-platja-tendran-lugar-del-16-al-20-de-marzo\/"},"author":{"name":"comunicacio","@id":"https:\/\/mont-roig.cat\/es\/#\/schema\/person\/1f73e7b5e6f9dd122e8a6f14f310ac5e"},"headline":"Las fiestas de Sant Josep de Miami Platja tendr\u00e1n lugar del 16 al 20 de marzo","datePublished":"2023-03-09T12:48:37+00:00","dateModified":"2023-03-09T13:03:50+00:00","mainEntityOfPage":{"@id":"https:\/\/mont-roig.cat\/es\/actualitat\/noticies\/las-fiestas-de-san-jose-de-miami-platja-tendran-lugar-del-16-al-20-de-marzo\/"},"wordCount":640,"image":{"@id":"https:\/\/mont-roig.cat\/es\/actualitat\/noticies\/las-fiestas-de-san-jose-de-miami-platja-tendran-lugar-del-16-al-20-de-marzo\/#primaryimage"},"thumbnailUrl":"https:\/\/mont-roig.cat\/wp-content\/uploads\/b8333115-6201-439c-9190-ef85e7d6b756.jpg","articleSection":["Ayuntamiento","Festes"],"inLanguage":"es"},{"@type":"WebPage","@id":"https:\/\/mont-roig.cat\/es\/actualitat\/noticies\/las-fiestas-de-san-jose-de-miami-platja-tendran-lugar-del-16-al-20-de-marzo\/","url":"https:\/\/mont-roig.cat\/es\/actualitat\/noticies\/las-fiestas-de-san-jose-de-miami-platja-tendran-lugar-del-16-al-20-de-marzo\/","name":"Las fiestas de Sant Josep de Miami Platja tendr\u00e1n lugar del 16 al 20 de marzo - Ajuntament de Mont-roig del Camp","isPartOf":{"@id":"https:\/\/mont-roig.cat\/es\/#website"},"primaryImageOfPage":{"@id":"https:\/\/mont-roig.cat\/es\/actualitat\/noticies\/las-fiestas-de-san-jose-de-miami-platja-tendran-lugar-del-16-al-20-de-marzo\/#primaryimage"},"image":{"@id":"https:\/\/mont-roig.cat\/es\/actualitat\/noticies\/las-fiestas-de-san-jose-de-miami-platja-tendran-lugar-del-16-al-20-de-marzo\/#primaryimage"},"thumbnailUrl":"https:\/\/mont-roig.cat\/wp-content\/uploads\/b8333115-6201-439c-9190-ef85e7d6b756.jpg","datePublished":"2023-03-09T12:48:37+00:00","dateModified":"2023-03-09T13:03:50+00:00","author":{"@id":"https:\/\/mont-roig.cat\/es\/#\/schema\/person\/1f73e7b5e6f9dd122e8a6f14f310ac5e"},"breadcrumb":{"@id":"https:\/\/mont-roig.cat\/es\/actualitat\/noticies\/las-fiestas-de-san-jose-de-miami-platja-tendran-lugar-del-16-al-20-de-marzo\/#breadcrumb"},"inLanguage":"es","potentialAction":[{"@type":"ReadAction","target":["https:\/\/mont-roig.cat\/es\/actualitat\/noticies\/las-fiestas-de-san-jose-de-miami-platja-tendran-lugar-del-16-al-20-de-marzo\/"]}]},{"@type":"ImageObject","inLanguage":"es","@id":"https:\/\/mont-roig.cat\/es\/actualitat\/noticies\/las-fiestas-de-san-jose-de-miami-platja-tendran-lugar-del-16-al-20-de-marzo\/#primaryimage","url":"https:\/\/mont-roig.cat\/wp-content\/uploads\/b8333115-6201-439c-9190-ef85e7d6b756.jpg","contentUrl":"https:\/\/mont-roig.cat\/wp-content\/uploads\/b8333115-6201-439c-9190-ef85e7d6b756.jpg","width":1200,"height":630},{"@type":"BreadcrumbList","@id":"https:\/\/mont-roig.cat\/es\/actualitat\/noticies\/las-fiestas-de-san-jose-de-miami-platja-tendran-lugar-del-16-al-20-de-marzo\/#breadcrumb","itemListElement":[{"@type":"ListItem","position":1,"name":"Inici","item":"https:\/\/mont-roig.cat\/es\/pagina-de-inicio\/"},{"@type":"ListItem","position":2,"name":"Las fiestas de Sant Josep de Miami Platja tendr\u00e1n lugar del 16 al 20 de marzo"}]},{"@type":"WebSite","@id":"https:\/\/mont-roig.cat\/es\/#website","url":"https:\/\/mont-roig.cat\/es\/","name":"Ajuntament de Mont-roig del Camp","description":"Tota la informaci\u00f3 sobre la instituci\u00f3, els seus \u00f2rgans de govern, actualitat, serveis i molt m\u00e9s.","potentialAction":[{"@type":"SearchAction","target":{"@type":"EntryPoint","urlTemplate":"https:\/\/mont-roig.cat\/es\/?s={search_term_string}"},"query-input":{"@type":"PropertyValueSpecification","valueRequired":true,"valueName":"search_term_string"}}],"inLanguage":"es"},{"@type":"Person","@id":"https:\/\/mont-roig.cat\/es\/#\/schema\/person\/1f73e7b5e6f9dd122e8a6f14f310ac5e","name":"comunicacio","image":{"@type":"ImageObject","inLanguage":"es","@id":"https:\/\/secure.gravatar.com\/avatar\/98944333e7a877670a64f8d10f0cb680ab2c9ebc4efc43945ef004b52b5ad28c?s=96&d=mm&r=g","url":"https:\/\/secure.gravatar.com\/avatar\/98944333e7a877670a64f8d10f0cb680ab2c9ebc4efc43945ef004b52b5ad28c?s=96&d=mm&r=g","contentUrl":"https:\/\/secure.gravatar.com\/avatar\/98944333e7a877670a64f8d10f0cb680ab2c9ebc4efc43945ef004b52b5ad28c?s=96&d=mm&r=g","caption":"comunicacio"},"url":"https:\/\/mont-roig.cat\/es\/actualitat\/noticies\/author\/comunicacio\/"}]}},"_links":{"self":[{"href":"https:\/\/mont-roig.cat\/es\/wp-json\/wp\/v2\/posts\/69116","targetHints":{"allow":["GET"]}}],"collection":[{"href":"https:\/\/mont-roig.cat\/es\/wp-json\/wp\/v2\/posts"}],"about":[{"href":"https:\/\/mont-roig.cat\/es\/wp-json\/wp\/v2\/types\/post"}],"author":[{"embeddable":true,"href":"https:\/\/mont-roig.cat\/es\/wp-json\/wp\/v2\/users\/13"}],"replies":[{"embeddable":true,"href":"https:\/\/mont-roig.cat\/es\/wp-json\/wp\/v2\/comments?post=69116"}],"version-history":[{"count":4,"href":"https:\/\/mont-roig.cat\/es\/wp-json\/wp\/v2\/posts\/69116\/revisions"}],"predecessor-version":[{"id":69121,"href":"https:\/\/mont-roig.cat\/es\/wp-json\/wp\/v2\/posts\/69116\/revisions\/69121"}],"wp:featuredmedia":[{"embeddable":true,"href":"https:\/\/mont-roig.cat\/es\/wp-json\/wp\/v2\/media\/69111"}],"wp:attachment":[{"href":"https:\/\/mont-roig.cat\/es\/wp-json\/wp\/v2\/media?parent=69116"}],"wp:term":[{"taxonomy":"category","embeddable":true,"href":"https:\/\/mont-roig.cat\/es\/wp-json\/wp\/v2\/categories?post=69116"},{"taxonomy":"post_tag","embeddable":true,"href":"https:\/\/mont-roig.cat\/es\/wp-json\/wp\/v2\/tags?post=69116"}],"curies":[{"name":"wp","href":"https:\/\/api.w.org\/{rel}","templated":true}]}}