{"id":69377,"date":"2023-03-17T14:52:52","date_gmt":"2023-03-17T13:52:52","guid":{"rendered":"https:\/\/mont-roig.cat\/?p=69377"},"modified":"2023-03-17T14:52:52","modified_gmt":"2023-03-17T13:52:52","slug":"el-ayuntamiento-restringe-el-acceso-al-cami-dels-carlins-por-peligro-de-desprendimiento-de-una-masa-rocosa-de-la-montana-del-areny","status":"publish","type":"post","link":"https:\/\/mont-roig.cat\/es\/actualitat\/noticies\/el-ayuntamiento-restringe-el-acceso-al-cami-dels-carlins-por-peligro-de-desprendimiento-de-una-masa-rocosa-de-la-montana-del-areny\/","title":{"rendered":"El Ayuntamiento restringe el acceso al cam\u00ed dels Carlins por peligro de desprendimiento de una masa rocosa de la monta\u00f1a del Areny"},"content":{"rendered":"<ul>\n<li><strong><a href=\"https:\/\/mont-roig.cat\/wp-content\/uploads\/Tanca.jpeg\"><img loading=\"lazy\" decoding=\"async\" class=\"alignright wp-image-69367\" src=\"https:\/\/mont-roig.cat\/wp-content\/uploads\/Tanca-500x281.jpeg\" alt=\"\" width=\"300\" height=\"169\" srcset=\"https:\/\/mont-roig.cat\/wp-content\/uploads\/Tanca-500x281.jpeg 500w, https:\/\/mont-roig.cat\/wp-content\/uploads\/Tanca-1024x576.jpeg 1024w, https:\/\/mont-roig.cat\/wp-content\/uploads\/Tanca-768x432.jpeg 768w, https:\/\/mont-roig.cat\/wp-content\/uploads\/Tanca-1536x864.jpeg 1536w, https:\/\/mont-roig.cat\/wp-content\/uploads\/Tanca.jpeg 2048w\" sizes=\"auto, (max-width: 300px) 100vw, 300px\" \/><\/a>Este viernes por la ma\u00f1ana se ha cerrado el paso a la zona como medida preventiva y se han iniciado los tr\u00e1mites con los organismos competentes de la Generalitat para evaluar posibles soluciones<br \/>\n<\/strong><\/li>\n<\/ul>\n<ul>\n<li><strong>Por motivos de seguridad, y a las puertas del fin de semana, se pide a la ciudadan\u00eda que evite las excursiones y el paseo por este entorno<\/strong><\/li>\n<\/ul>\n<p>Ante las grietas detectadas en una masa rocosa de la monta\u00f1a del Areny y tras las inspecciones realizadas por parte de personal t\u00e9cnico municipal, el Ayuntamiento ha decidido cortar el acceso al cam\u00ed dels Carlins que pasa justo por debajo de la zona afectada.<\/p>\n<p>La hendidura detectada supone riesgo de desprendimiento, por este motivo este viernes se ha restringido el acceso a la zona y se pide a la ciudadan\u00eda que evite el paseo o la aproximaci\u00f3n, especialmente a las puertas de un fin de semana donde es habitual la afluencia de vecinos\/as o excursionistas.<\/p>\n<p>Aunque la zona afectada es titularidad municipal, el Ayuntamiento ha iniciado las gestiones para localizar a los posibles propietarios de las parcelas adyacentes y avisarles del riesgo de deslizamientos.<\/p>\n<p>Asimismo, el consistorio ya se ha puesto en contacto con el Instituto Geogr\u00e1fico de Catalu\u00f1a y ha iniciado los tr\u00e1mites formales para la revisi\u00f3n y evaluaci\u00f3n de actuaciones por parte de su personal t\u00e9cnico. Hay que tener en cuenta que la zona afectada se encuentra dentro del PEIN (Plan de Espacios de Inter\u00e9s Natural) de la Mare de D\u00e9u de la Roca.<\/p>\n\n\t\t<style type=\"text\/css\">\n\t\t\t#gallery-1 {\n\t\t\t\tmargin: auto;\n\t\t\t}\n\t\t\t#gallery-1 .gallery-item {\n\t\t\t\tfloat: left;\n\t\t\t\tmargin-top: 10px;\n\t\t\t\ttext-align: center;\n\t\t\t\twidth: 33%;\n\t\t\t}\n\t\t\t#gallery-1 img {\n\t\t\t\tborder: 2px solid #cfcfcf;\n\t\t\t}\n\t\t\t#gallery-1 .gallery-caption {\n\t\t\t\tmargin-left: 0;\n\t\t\t}\n\t\t\t\/* see gallery_shortcode() in wp-includes\/media.php *\/\n\t\t<\/style>\n\t\t<div id='gallery-1' class='gallery galleryid-69377 gallery-columns-3 gallery-size-thumbnail'><dl class='gallery-item'>\n\t\t\t<dt class='gallery-icon portrait'>\n\t\t\t\t<a href='https:\/\/mont-roig.cat\/es\/actualitat\/noticies\/el-ayuntamiento-restringe-el-acceso-al-cami-dels-carlins-por-peligro-de-desprendimiento-de-una-masa-rocosa-de-la-montana-del-areny\/esquerda-areny-2\/'><img loading=\"lazy\" decoding=\"async\" width=\"50\" height=\"50\" src=\"https:\/\/mont-roig.cat\/wp-content\/uploads\/Esquerda-Areny-50x50.jpeg\" class=\"attachment-thumbnail size-thumbnail\" alt=\"\" srcset=\"https:\/\/mont-roig.cat\/wp-content\/uploads\/Esquerda-Areny-50x50.jpeg 50w, https:\/\/mont-roig.cat\/wp-content\/uploads\/Esquerda-Areny-560x560.jpeg 560w, https:\/\/mont-roig.cat\/wp-content\/uploads\/Esquerda-Areny-367x367.jpeg 367w, https:\/\/mont-roig.cat\/wp-content\/uploads\/Esquerda-Areny-450x450.jpeg 450w, https:\/\/mont-roig.cat\/wp-content\/uploads\/Esquerda-Areny-85x85.jpeg 85w, https:\/\/mont-roig.cat\/wp-content\/uploads\/Esquerda-Areny-45x45.jpeg 45w\" sizes=\"auto, (max-width: 50px) 100vw, 50px\" \/><\/a>\n\t\t\t<\/dt><\/dl><dl class='gallery-item'>\n\t\t\t<dt class='gallery-icon portrait'>\n\t\t\t\t<a href='https:\/\/mont-roig.cat\/es\/actualitat\/noticies\/el-ayuntamiento-restringe-el-acceso-al-cami-dels-carlins-por-peligro-de-desprendimiento-de-una-masa-rocosa-de-la-montana-del-areny\/esquera-areny_-2\/'><img loading=\"lazy\" decoding=\"async\" width=\"50\" height=\"50\" src=\"https:\/\/mont-roig.cat\/wp-content\/uploads\/Esquera-Areny_-50x50.jpeg\" class=\"attachment-thumbnail size-thumbnail\" alt=\"\" srcset=\"https:\/\/mont-roig.cat\/wp-content\/uploads\/Esquera-Areny_-50x50.jpeg 50w, https:\/\/mont-roig.cat\/wp-content\/uploads\/Esquera-Areny_-560x560.jpeg 560w, https:\/\/mont-roig.cat\/wp-content\/uploads\/Esquera-Areny_-367x367.jpeg 367w, https:\/\/mont-roig.cat\/wp-content\/uploads\/Esquera-Areny_-450x450.jpeg 450w, https:\/\/mont-roig.cat\/wp-content\/uploads\/Esquera-Areny_-85x85.jpeg 85w, https:\/\/mont-roig.cat\/wp-content\/uploads\/Esquera-Areny_-45x45.jpeg 45w\" sizes=\"auto, (max-width: 50px) 100vw, 50px\" \/><\/a>\n\t\t\t<\/dt><\/dl><dl class='gallery-item'>\n\t\t\t<dt class='gallery-icon landscape'>\n\t\t\t\t<a href='https:\/\/mont-roig.cat\/es\/actualitat\/noticies\/el-ayuntamiento-restringe-el-acceso-al-cami-dels-carlins-por-peligro-de-desprendimiento-de-una-masa-rocosa-de-la-montana-del-areny\/pas-tancat-2\/'><img loading=\"lazy\" decoding=\"async\" width=\"50\" height=\"50\" src=\"https:\/\/mont-roig.cat\/wp-content\/uploads\/Pas-tancat-50x50.jpeg\" class=\"attachment-thumbnail size-thumbnail\" alt=\"\" srcset=\"https:\/\/mont-roig.cat\/wp-content\/uploads\/Pas-tancat-50x50.jpeg 50w, https:\/\/mont-roig.cat\/wp-content\/uploads\/Pas-tancat-560x560.jpeg 560w, https:\/\/mont-roig.cat\/wp-content\/uploads\/Pas-tancat-367x367.jpeg 367w, https:\/\/mont-roig.cat\/wp-content\/uploads\/Pas-tancat-450x450.jpeg 450w, https:\/\/mont-roig.cat\/wp-content\/uploads\/Pas-tancat-85x85.jpeg 85w, https:\/\/mont-roig.cat\/wp-content\/uploads\/Pas-tancat-45x45.jpeg 45w\" sizes=\"auto, (max-width: 50px) 100vw, 50px\" \/><\/a>\n\t\t\t<\/dt><\/dl><br style=\"clear: both\" \/>\n\t\t<\/div>\n\n","protected":false},"excerpt":{"rendered":"<p>Este viernes por la ma\u00f1ana se ha cerrado el paso a la zona como medida preventiva y se han iniciado los tr\u00e1mites con los organismos competentes de la Generalitat para evaluar posibles soluciones Por motivos de seguridad, y a las puertas del fin de semana, se pide a la ciudadan\u00eda que evite las excursiones y [&hellip;]<\/p>\n","protected":false},"author":13,"featured_media":69367,"comment_status":"closed","ping_status":"closed","sticky":false,"template":"","format":"standard","meta":{"inline_featured_image":false,"_monsterinsights_skip_tracking":false,"_monsterinsights_sitenote_active":false,"_monsterinsights_sitenote_note":"","_monsterinsights_sitenote_category":0,"footnotes":""},"categories":[222,71,113],"tags":[],"class_list":["post-69377","post","type-post","status-publish","format-standard","has-post-thumbnail","hentry","category-entorn-natural-es","category-general-es","category-seguridad"],"yoast_head":"<!-- This site is optimized with the Yoast SEO plugin v27.4 - https:\/\/yoast.com\/product\/yoast-seo-wordpress\/ -->\n<title>El Ayuntamiento restringe el acceso al cam\u00ed dels Carlins por peligro de desprendimiento de una masa rocosa de la monta\u00f1a del Areny - Ajuntament de Mont-roig del Camp<\/title>\n<meta name=\"robots\" content=\"index, follow, max-snippet:-1, max-image-preview:large, max-video-preview:-1\" \/>\n<link rel=\"canonical\" href=\"https:\/\/mont-roig.cat\/es\/actualitat\/noticies\/el-ayuntamiento-restringe-el-acceso-al-cami-dels-carlins-por-peligro-de-desprendimiento-de-una-masa-rocosa-de-la-montana-del-areny\/\" \/>\n<meta property=\"og:locale\" content=\"es_ES\" \/>\n<meta property=\"og:type\" content=\"article\" \/>\n<meta property=\"og:title\" content=\"El Ayuntamiento restringe el acceso al cam\u00ed dels Carlins por peligro de desprendimiento de una masa rocosa de la monta\u00f1a del Areny - Ajuntament de Mont-roig del Camp\" \/>\n<meta property=\"og:description\" content=\"Este viernes por la ma\u00f1ana se ha cerrado el paso a la zona como medida preventiva y se han iniciado los tr\u00e1mites con los organismos competentes de la Generalitat para evaluar posibles soluciones Por motivos de seguridad, y a las puertas del fin de semana, se pide a la ciudadan\u00eda que evite las excursiones y [&hellip;]\" \/>\n<meta property=\"og:url\" content=\"https:\/\/mont-roig.cat\/es\/actualitat\/noticies\/el-ayuntamiento-restringe-el-acceso-al-cami-dels-carlins-por-peligro-de-desprendimiento-de-una-masa-rocosa-de-la-montana-del-areny\/\" \/>\n<meta property=\"og:site_name\" content=\"Ajuntament de Mont-roig del Camp\" \/>\n<meta property=\"article:published_time\" content=\"2023-03-17T13:52:52+00:00\" \/>\n<meta property=\"og:image\" content=\"https:\/\/mont-roig.cat\/wp-content\/uploads\/Tanca.jpeg\" \/>\n\t<meta property=\"og:image:width\" content=\"2048\" \/>\n\t<meta property=\"og:image:height\" content=\"1152\" \/>\n\t<meta property=\"og:image:type\" content=\"image\/jpeg\" \/>\n<meta name=\"author\" content=\"comunicacio\" \/>\n<meta name=\"twitter:card\" content=\"summary_large_image\" \/>\n<meta name=\"twitter:label1\" content=\"Escrito por\" \/>\n\t<meta name=\"twitter:data1\" content=\"comunicacio\" \/>\n\t<meta name=\"twitter:label2\" content=\"Tiempo de lectura\" \/>\n\t<meta name=\"twitter:data2\" content=\"2 minutos\" \/>\n<script type=\"application\/ld+json\" class=\"yoast-schema-graph\">{\"@context\":\"https:\\\/\\\/schema.org\",\"@graph\":[{\"@type\":\"Article\",\"@id\":\"https:\\\/\\\/mont-roig.cat\\\/es\\\/actualitat\\\/noticies\\\/el-ayuntamiento-restringe-el-acceso-al-cami-dels-carlins-por-peligro-de-desprendimiento-de-una-masa-rocosa-de-la-montana-del-areny\\\/#article\",\"isPartOf\":{\"@id\":\"https:\\\/\\\/mont-roig.cat\\\/es\\\/actualitat\\\/noticies\\\/el-ayuntamiento-restringe-el-acceso-al-cami-dels-carlins-por-peligro-de-desprendimiento-de-una-masa-rocosa-de-la-montana-del-areny\\\/\"},\"author\":{\"name\":\"comunicacio\",\"@id\":\"https:\\\/\\\/mont-roig.cat\\\/es\\\/#\\\/schema\\\/person\\\/1f73e7b5e6f9dd122e8a6f14f310ac5e\"},\"headline\":\"El Ayuntamiento restringe el acceso al cam\u00ed dels Carlins por peligro de desprendimiento de una masa rocosa de la monta\u00f1a del Areny\",\"datePublished\":\"2023-03-17T13:52:52+00:00\",\"mainEntityOfPage\":{\"@id\":\"https:\\\/\\\/mont-roig.cat\\\/es\\\/actualitat\\\/noticies\\\/el-ayuntamiento-restringe-el-acceso-al-cami-dels-carlins-por-peligro-de-desprendimiento-de-una-masa-rocosa-de-la-montana-del-areny\\\/\"},\"wordCount\":287,\"image\":{\"@id\":\"https:\\\/\\\/mont-roig.cat\\\/es\\\/actualitat\\\/noticies\\\/el-ayuntamiento-restringe-el-acceso-al-cami-dels-carlins-por-peligro-de-desprendimiento-de-una-masa-rocosa-de-la-montana-del-areny\\\/#primaryimage\"},\"thumbnailUrl\":\"https:\\\/\\\/mont-roig.cat\\\/wp-content\\\/uploads\\\/Tanca.jpeg\",\"articleSection\":[\"Entorn natural\",\"General\",\"Seguridad\"],\"inLanguage\":\"es\"},{\"@type\":\"WebPage\",\"@id\":\"https:\\\/\\\/mont-roig.cat\\\/es\\\/actualitat\\\/noticies\\\/el-ayuntamiento-restringe-el-acceso-al-cami-dels-carlins-por-peligro-de-desprendimiento-de-una-masa-rocosa-de-la-montana-del-areny\\\/\",\"url\":\"https:\\\/\\\/mont-roig.cat\\\/es\\\/actualitat\\\/noticies\\\/el-ayuntamiento-restringe-el-acceso-al-cami-dels-carlins-por-peligro-de-desprendimiento-de-una-masa-rocosa-de-la-montana-del-areny\\\/\",\"name\":\"El Ayuntamiento restringe el acceso al cam\u00ed dels Carlins por peligro de desprendimiento de una masa rocosa de la monta\u00f1a del Areny - Ajuntament de Mont-roig del Camp\",\"isPartOf\":{\"@id\":\"https:\\\/\\\/mont-roig.cat\\\/es\\\/#website\"},\"primaryImageOfPage\":{\"@id\":\"https:\\\/\\\/mont-roig.cat\\\/es\\\/actualitat\\\/noticies\\\/el-ayuntamiento-restringe-el-acceso-al-cami-dels-carlins-por-peligro-de-desprendimiento-de-una-masa-rocosa-de-la-montana-del-areny\\\/#primaryimage\"},\"image\":{\"@id\":\"https:\\\/\\\/mont-roig.cat\\\/es\\\/actualitat\\\/noticies\\\/el-ayuntamiento-restringe-el-acceso-al-cami-dels-carlins-por-peligro-de-desprendimiento-de-una-masa-rocosa-de-la-montana-del-areny\\\/#primaryimage\"},\"thumbnailUrl\":\"https:\\\/\\\/mont-roig.cat\\\/wp-content\\\/uploads\\\/Tanca.jpeg\",\"datePublished\":\"2023-03-17T13:52:52+00:00\",\"author\":{\"@id\":\"https:\\\/\\\/mont-roig.cat\\\/es\\\/#\\\/schema\\\/person\\\/1f73e7b5e6f9dd122e8a6f14f310ac5e\"},\"breadcrumb\":{\"@id\":\"https:\\\/\\\/mont-roig.cat\\\/es\\\/actualitat\\\/noticies\\\/el-ayuntamiento-restringe-el-acceso-al-cami-dels-carlins-por-peligro-de-desprendimiento-de-una-masa-rocosa-de-la-montana-del-areny\\\/#breadcrumb\"},\"inLanguage\":\"es\",\"potentialAction\":[{\"@type\":\"ReadAction\",\"target\":[\"https:\\\/\\\/mont-roig.cat\\\/es\\\/actualitat\\\/noticies\\\/el-ayuntamiento-restringe-el-acceso-al-cami-dels-carlins-por-peligro-de-desprendimiento-de-una-masa-rocosa-de-la-montana-del-areny\\\/\"]}]},{\"@type\":\"ImageObject\",\"inLanguage\":\"es\",\"@id\":\"https:\\\/\\\/mont-roig.cat\\\/es\\\/actualitat\\\/noticies\\\/el-ayuntamiento-restringe-el-acceso-al-cami-dels-carlins-por-peligro-de-desprendimiento-de-una-masa-rocosa-de-la-montana-del-areny\\\/#primaryimage\",\"url\":\"https:\\\/\\\/mont-roig.cat\\\/wp-content\\\/uploads\\\/Tanca.jpeg\",\"contentUrl\":\"https:\\\/\\\/mont-roig.cat\\\/wp-content\\\/uploads\\\/Tanca.jpeg\",\"width\":2048,\"height\":1152},{\"@type\":\"BreadcrumbList\",\"@id\":\"https:\\\/\\\/mont-roig.cat\\\/es\\\/actualitat\\\/noticies\\\/el-ayuntamiento-restringe-el-acceso-al-cami-dels-carlins-por-peligro-de-desprendimiento-de-una-masa-rocosa-de-la-montana-del-areny\\\/#breadcrumb\",\"itemListElement\":[{\"@type\":\"ListItem\",\"position\":1,\"name\":\"Inici\",\"item\":\"https:\\\/\\\/mont-roig.cat\\\/es\\\/pagina-de-inicio\\\/\"},{\"@type\":\"ListItem\",\"position\":2,\"name\":\"El Ayuntamiento restringe el acceso al cam\u00ed dels Carlins por peligro de desprendimiento de una masa rocosa de la monta\u00f1a del Areny\"}]},{\"@type\":\"WebSite\",\"@id\":\"https:\\\/\\\/mont-roig.cat\\\/es\\\/#website\",\"url\":\"https:\\\/\\\/mont-roig.cat\\\/es\\\/\",\"name\":\"Ajuntament de Mont-roig del Camp\",\"description\":\"Tota la informaci\u00f3 sobre la instituci\u00f3, els seus \u00f2rgans de govern, actualitat, serveis i molt m\u00e9s.\",\"potentialAction\":[{\"@type\":\"SearchAction\",\"target\":{\"@type\":\"EntryPoint\",\"urlTemplate\":\"https:\\\/\\\/mont-roig.cat\\\/es\\\/?s={search_term_string}\"},\"query-input\":{\"@type\":\"PropertyValueSpecification\",\"valueRequired\":true,\"valueName\":\"search_term_string\"}}],\"inLanguage\":\"es\"},{\"@type\":\"Person\",\"@id\":\"https:\\\/\\\/mont-roig.cat\\\/es\\\/#\\\/schema\\\/person\\\/1f73e7b5e6f9dd122e8a6f14f310ac5e\",\"name\":\"comunicacio\",\"image\":{\"@type\":\"ImageObject\",\"inLanguage\":\"es\",\"@id\":\"https:\\\/\\\/secure.gravatar.com\\\/avatar\\\/98944333e7a877670a64f8d10f0cb680ab2c9ebc4efc43945ef004b52b5ad28c?s=96&d=mm&r=g\",\"url\":\"https:\\\/\\\/secure.gravatar.com\\\/avatar\\\/98944333e7a877670a64f8d10f0cb680ab2c9ebc4efc43945ef004b52b5ad28c?s=96&d=mm&r=g\",\"contentUrl\":\"https:\\\/\\\/secure.gravatar.com\\\/avatar\\\/98944333e7a877670a64f8d10f0cb680ab2c9ebc4efc43945ef004b52b5ad28c?s=96&d=mm&r=g\",\"caption\":\"comunicacio\"},\"url\":\"https:\\\/\\\/mont-roig.cat\\\/es\\\/actualitat\\\/noticies\\\/author\\\/comunicacio\\\/\"}]}<\/script>\n<!-- \/ Yoast SEO plugin. -->","yoast_head_json":{"title":"El Ayuntamiento restringe el acceso al cam\u00ed dels Carlins por peligro de desprendimiento de una masa rocosa de la monta\u00f1a del Areny - Ajuntament de Mont-roig del Camp","robots":{"index":"index","follow":"follow","max-snippet":"max-snippet:-1","max-image-preview":"max-image-preview:large","max-video-preview":"max-video-preview:-1"},"canonical":"https:\/\/mont-roig.cat\/es\/actualitat\/noticies\/el-ayuntamiento-restringe-el-acceso-al-cami-dels-carlins-por-peligro-de-desprendimiento-de-una-masa-rocosa-de-la-montana-del-areny\/","og_locale":"es_ES","og_type":"article","og_title":"El Ayuntamiento restringe el acceso al cam\u00ed dels Carlins por peligro de desprendimiento de una masa rocosa de la monta\u00f1a del Areny - Ajuntament de Mont-roig del Camp","og_description":"Este viernes por la ma\u00f1ana se ha cerrado el paso a la zona como medida preventiva y se han iniciado los tr\u00e1mites con los organismos competentes de la Generalitat para evaluar posibles soluciones Por motivos de seguridad, y a las puertas del fin de semana, se pide a la ciudadan\u00eda que evite las excursiones y [&hellip;]","og_url":"https:\/\/mont-roig.cat\/es\/actualitat\/noticies\/el-ayuntamiento-restringe-el-acceso-al-cami-dels-carlins-por-peligro-de-desprendimiento-de-una-masa-rocosa-de-la-montana-del-areny\/","og_site_name":"Ajuntament de Mont-roig del Camp","article_published_time":"2023-03-17T13:52:52+00:00","og_image":[{"width":2048,"height":1152,"url":"https:\/\/mont-roig.cat\/wp-content\/uploads\/Tanca.jpeg","type":"image\/jpeg"}],"author":"comunicacio","twitter_card":"summary_large_image","twitter_misc":{"Escrito por":"comunicacio","Tiempo de lectura":"2 minutos"},"schema":{"@context":"https:\/\/schema.org","@graph":[{"@type":"Article","@id":"https:\/\/mont-roig.cat\/es\/actualitat\/noticies\/el-ayuntamiento-restringe-el-acceso-al-cami-dels-carlins-por-peligro-de-desprendimiento-de-una-masa-rocosa-de-la-montana-del-areny\/#article","isPartOf":{"@id":"https:\/\/mont-roig.cat\/es\/actualitat\/noticies\/el-ayuntamiento-restringe-el-acceso-al-cami-dels-carlins-por-peligro-de-desprendimiento-de-una-masa-rocosa-de-la-montana-del-areny\/"},"author":{"name":"comunicacio","@id":"https:\/\/mont-roig.cat\/es\/#\/schema\/person\/1f73e7b5e6f9dd122e8a6f14f310ac5e"},"headline":"El Ayuntamiento restringe el acceso al cam\u00ed dels Carlins por peligro de desprendimiento de una masa rocosa de la monta\u00f1a del Areny","datePublished":"2023-03-17T13:52:52+00:00","mainEntityOfPage":{"@id":"https:\/\/mont-roig.cat\/es\/actualitat\/noticies\/el-ayuntamiento-restringe-el-acceso-al-cami-dels-carlins-por-peligro-de-desprendimiento-de-una-masa-rocosa-de-la-montana-del-areny\/"},"wordCount":287,"image":{"@id":"https:\/\/mont-roig.cat\/es\/actualitat\/noticies\/el-ayuntamiento-restringe-el-acceso-al-cami-dels-carlins-por-peligro-de-desprendimiento-de-una-masa-rocosa-de-la-montana-del-areny\/#primaryimage"},"thumbnailUrl":"https:\/\/mont-roig.cat\/wp-content\/uploads\/Tanca.jpeg","articleSection":["Entorn natural","General","Seguridad"],"inLanguage":"es"},{"@type":"WebPage","@id":"https:\/\/mont-roig.cat\/es\/actualitat\/noticies\/el-ayuntamiento-restringe-el-acceso-al-cami-dels-carlins-por-peligro-de-desprendimiento-de-una-masa-rocosa-de-la-montana-del-areny\/","url":"https:\/\/mont-roig.cat\/es\/actualitat\/noticies\/el-ayuntamiento-restringe-el-acceso-al-cami-dels-carlins-por-peligro-de-desprendimiento-de-una-masa-rocosa-de-la-montana-del-areny\/","name":"El Ayuntamiento restringe el acceso al cam\u00ed dels Carlins por peligro de desprendimiento de una masa rocosa de la monta\u00f1a del Areny - Ajuntament de Mont-roig del Camp","isPartOf":{"@id":"https:\/\/mont-roig.cat\/es\/#website"},"primaryImageOfPage":{"@id":"https:\/\/mont-roig.cat\/es\/actualitat\/noticies\/el-ayuntamiento-restringe-el-acceso-al-cami-dels-carlins-por-peligro-de-desprendimiento-de-una-masa-rocosa-de-la-montana-del-areny\/#primaryimage"},"image":{"@id":"https:\/\/mont-roig.cat\/es\/actualitat\/noticies\/el-ayuntamiento-restringe-el-acceso-al-cami-dels-carlins-por-peligro-de-desprendimiento-de-una-masa-rocosa-de-la-montana-del-areny\/#primaryimage"},"thumbnailUrl":"https:\/\/mont-roig.cat\/wp-content\/uploads\/Tanca.jpeg","datePublished":"2023-03-17T13:52:52+00:00","author":{"@id":"https:\/\/mont-roig.cat\/es\/#\/schema\/person\/1f73e7b5e6f9dd122e8a6f14f310ac5e"},"breadcrumb":{"@id":"https:\/\/mont-roig.cat\/es\/actualitat\/noticies\/el-ayuntamiento-restringe-el-acceso-al-cami-dels-carlins-por-peligro-de-desprendimiento-de-una-masa-rocosa-de-la-montana-del-areny\/#breadcrumb"},"inLanguage":"es","potentialAction":[{"@type":"ReadAction","target":["https:\/\/mont-roig.cat\/es\/actualitat\/noticies\/el-ayuntamiento-restringe-el-acceso-al-cami-dels-carlins-por-peligro-de-desprendimiento-de-una-masa-rocosa-de-la-montana-del-areny\/"]}]},{"@type":"ImageObject","inLanguage":"es","@id":"https:\/\/mont-roig.cat\/es\/actualitat\/noticies\/el-ayuntamiento-restringe-el-acceso-al-cami-dels-carlins-por-peligro-de-desprendimiento-de-una-masa-rocosa-de-la-montana-del-areny\/#primaryimage","url":"https:\/\/mont-roig.cat\/wp-content\/uploads\/Tanca.jpeg","contentUrl":"https:\/\/mont-roig.cat\/wp-content\/uploads\/Tanca.jpeg","width":2048,"height":1152},{"@type":"BreadcrumbList","@id":"https:\/\/mont-roig.cat\/es\/actualitat\/noticies\/el-ayuntamiento-restringe-el-acceso-al-cami-dels-carlins-por-peligro-de-desprendimiento-de-una-masa-rocosa-de-la-montana-del-areny\/#breadcrumb","itemListElement":[{"@type":"ListItem","position":1,"name":"Inici","item":"https:\/\/mont-roig.cat\/es\/pagina-de-inicio\/"},{"@type":"ListItem","position":2,"name":"El Ayuntamiento restringe el acceso al cam\u00ed dels Carlins por peligro de desprendimiento de una masa rocosa de la monta\u00f1a del Areny"}]},{"@type":"WebSite","@id":"https:\/\/mont-roig.cat\/es\/#website","url":"https:\/\/mont-roig.cat\/es\/","name":"Ajuntament de Mont-roig del Camp","description":"Tota la informaci\u00f3 sobre la instituci\u00f3, els seus \u00f2rgans de govern, actualitat, serveis i molt m\u00e9s.","potentialAction":[{"@type":"SearchAction","target":{"@type":"EntryPoint","urlTemplate":"https:\/\/mont-roig.cat\/es\/?s={search_term_string}"},"query-input":{"@type":"PropertyValueSpecification","valueRequired":true,"valueName":"search_term_string"}}],"inLanguage":"es"},{"@type":"Person","@id":"https:\/\/mont-roig.cat\/es\/#\/schema\/person\/1f73e7b5e6f9dd122e8a6f14f310ac5e","name":"comunicacio","image":{"@type":"ImageObject","inLanguage":"es","@id":"https:\/\/secure.gravatar.com\/avatar\/98944333e7a877670a64f8d10f0cb680ab2c9ebc4efc43945ef004b52b5ad28c?s=96&d=mm&r=g","url":"https:\/\/secure.gravatar.com\/avatar\/98944333e7a877670a64f8d10f0cb680ab2c9ebc4efc43945ef004b52b5ad28c?s=96&d=mm&r=g","contentUrl":"https:\/\/secure.gravatar.com\/avatar\/98944333e7a877670a64f8d10f0cb680ab2c9ebc4efc43945ef004b52b5ad28c?s=96&d=mm&r=g","caption":"comunicacio"},"url":"https:\/\/mont-roig.cat\/es\/actualitat\/noticies\/author\/comunicacio\/"}]}},"_links":{"self":[{"href":"https:\/\/mont-roig.cat\/es\/wp-json\/wp\/v2\/posts\/69377","targetHints":{"allow":["GET"]}}],"collection":[{"href":"https:\/\/mont-roig.cat\/es\/wp-json\/wp\/v2\/posts"}],"about":[{"href":"https:\/\/mont-roig.cat\/es\/wp-json\/wp\/v2\/types\/post"}],"author":[{"embeddable":true,"href":"https:\/\/mont-roig.cat\/es\/wp-json\/wp\/v2\/users\/13"}],"replies":[{"embeddable":true,"href":"https:\/\/mont-roig.cat\/es\/wp-json\/wp\/v2\/comments?post=69377"}],"version-history":[{"count":3,"href":"https:\/\/mont-roig.cat\/es\/wp-json\/wp\/v2\/posts\/69377\/revisions"}],"predecessor-version":[{"id":69381,"href":"https:\/\/mont-roig.cat\/es\/wp-json\/wp\/v2\/posts\/69377\/revisions\/69381"}],"wp:featuredmedia":[{"embeddable":true,"href":"https:\/\/mont-roig.cat\/es\/wp-json\/wp\/v2\/media\/69367"}],"wp:attachment":[{"href":"https:\/\/mont-roig.cat\/es\/wp-json\/wp\/v2\/media?parent=69377"}],"wp:term":[{"taxonomy":"category","embeddable":true,"href":"https:\/\/mont-roig.cat\/es\/wp-json\/wp\/v2\/categories?post=69377"},{"taxonomy":"post_tag","embeddable":true,"href":"https:\/\/mont-roig.cat\/es\/wp-json\/wp\/v2\/tags?post=69377"}],"curies":[{"name":"wp","href":"https:\/\/api.w.org\/{rel}","templated":true}]}}