{"id":69459,"date":"2023-03-22T14:32:48","date_gmt":"2023-03-22T13:32:48","guid":{"rendered":"https:\/\/mont-roig.cat\/actualitat\/noticies\/la-ciutadania-ja-ha-escollit-els-8-projectes-que-es-financaran-amb-els-300-000-euros-dels-pressupostos-participatius\/"},"modified":"2023-03-22T14:43:38","modified_gmt":"2023-03-22T13:43:38","slug":"la-ciutadania-ja-ha-escollit-els-8-projectes-que-es-financaran-amb-els-300-000-euros-dels-pressupostos-participatius","status":"publish","type":"post","link":"https:\/\/mont-roig.cat\/es\/actualitat\/noticies\/la-ciutadania-ja-ha-escollit-els-8-projectes-que-es-financaran-amb-els-300-000-euros-dels-pressupostos-participatius\/","title":{"rendered":"La ciudadan\u00eda ya ha escogido los 8 proyectos que se financiar\u00e1n con los 300.000 euros de los presupuestos participativos"},"content":{"rendered":"<ul>\n<li><strong><strong><a href=\"https:\/\/mont-roig.cat\/wp-content\/uploads\/MM_meta_pressupostos_.png\" target=\"_blank\" rel=\"noopener\"><img loading=\"lazy\" decoding=\"async\" class=\"alignright wp-image-67055\" src=\"https:\/\/mont-roig.cat\/wp-content\/uploads\/MM_meta_pressupostos_-500x262.png\" alt=\"\" width=\"305\" height=\"160\" srcset=\"https:\/\/mont-roig.cat\/wp-content\/uploads\/MM_meta_pressupostos_-500x262.png 500w, https:\/\/mont-roig.cat\/wp-content\/uploads\/MM_meta_pressupostos_-1024x536.png 1024w, https:\/\/mont-roig.cat\/wp-content\/uploads\/MM_meta_pressupostos_-768x402.png 768w, https:\/\/mont-roig.cat\/wp-content\/uploads\/MM_meta_pressupostos_-1536x804.png 1536w, https:\/\/mont-roig.cat\/wp-content\/uploads\/MM_meta_pressupostos_.png 2048w\" sizes=\"auto, (max-width: 305px) 100vw, 305px\" \/><\/a><\/strong>Han votado 332 personas del municipio mayores de 16 a\u00f1os que han elegido entre las 23 propuestas previamente validadas por la Comisi\u00f3n T\u00e9cnica<\/strong><\/li>\n<\/ul>\n<p>Ya se conocen las 8 propuestas seleccionadas a partir de la votaci\u00f3n popular de la primera edici\u00f3n de los Presupuestos Participativos del Ayuntamiento de Mont-roig del Camp, donde la ciudadan\u00eda mayor de 16 a\u00f1os y empadronada en el municipio ha podido escoger entre las 23 propuestas presentadas por los ciudadanos y ciudadanas y validadas por la Comisi\u00f3n T\u00e9cnica.<\/p>\n<p>Finalmente, han sido 332 las personas que han votado, el 3% del censo que pod\u00eda hacerlo. Este porcentaje se encuentra dentro de los par\u00e1metros de participaci\u00f3n habituales en este tipo de procesos en otros municipios. Los 332 votos emitidos han decidido el destino de los 300.000\u20ac que el presupuesto municipal de 2023 destinaba. Del total de votos emitidos, 162 (49%) fueron presenciales en los diferentes puntos de votaci\u00f3n habilitados en las OMACs de Mont-roig y Miami Platja, mientras que 170 (51%) fueron de la ciudadan\u00eda que opt\u00f3 por votar en trav\u00e9s de la aplicaci\u00f3n m\u00f3vil eAgora.<\/p>\n<p>Consulta todos los votos recibidos <a href=\"https:\/\/mont-roig.cat\/wp-content\/uploads\/RESULTATS-PRESSUPOSTOS-PARTICIPATIUS-2023-1.pdf\" target=\"_blank\" rel=\"noopener\">en este enlace.<\/a><\/p>\n<p>Los proyectos que se ejecutar\u00e1n son:<br \/>\n&#8211;\u00a0 Rincones verdes para la experimentaci\u00f3n y el aprendizaje en el patio de la Escola Joan Mir\u00f3.<br \/>\n&#8211;\u00a0 M\u00e1quinas y material para el gimnasio del polideportivo de Miami Platja.<br \/>\n&#8211;\u00a0 Juegos de psicomotricidad en el pat\u00edn de la escuela Marcel\u00b7l\u00ed Esquius.<br \/>\n&#8211;\u00a0 Mejora de la Biblioteca Miramar de Miami Playa.<br \/>\n&#8211;\u00a0 Pasamanos para facilitar el acceso a la Platja Cristall y en la Cala Misteri.<br \/>\n&#8211;\u00a0 Ampliaci\u00f3n de la red de c\u00e1maras de vigilancia en el municipio.<br \/>\n&#8211;\u00a0 Punto deportivo en la P\u00e9rgola de la Platja Cristall.<br \/>\n&#8211;\u00a0 \u00danico sentido de la circulaci\u00f3n en la avenida Costa Daurada.<\/p>\n<p>Desgraciadamente, el proyecto de rehabilitaci\u00f3n de la piscina de Via Marina, pese a tener 98 votos y ser la quinta propuesta m\u00e1s votada, queda fuera, puesto que, sumada con las anteriores propuestas m\u00e1s votadas, excede el presupuesto disponible de 300.000 \u20ac. Tal y como se especifica en el Reglamento de Presupuestos participativos: en caso de que, la \u00faltima propuesta del listado de las m\u00e1s votadas, exceda el l\u00edmite del presupuesto, se considerar\u00e1 como propuesta ganadora la o las siguientes propuestas que se ajusten al saldo disponible .<\/p>\n<p>En este caso, las cuatro primeras propuestas m\u00e1s votadas suman un total de 115.000 \u20ac. Por tanto, si sumamos la propuesta de rehabilitaci\u00f3n de la piscina de Via Marina, con un coste de 200.000 \u20ac, se excede el l\u00edmite del presupuesto en 15.000 \u20ac. As\u00ed pues, tal y como dice el reglamento, se admiten las siguientes propuestas m\u00e1s votadas que tienen cabida dentro del l\u00edmite presupuestario.<\/p>\n","protected":false},"excerpt":{"rendered":"<p>Han votado 332 personas del municipio mayores de 16 a\u00f1os que han elegido entre las 23 propuestas previamente validadas por la Comisi\u00f3n T\u00e9cnica Ya se conocen las 8 propuestas seleccionadas a partir de la votaci\u00f3n popular de la primera edici\u00f3n de los Presupuestos Participativos del Ayuntamiento de Mont-roig del Camp, donde la ciudadan\u00eda mayor de [&hellip;]<\/p>\n","protected":false},"author":13,"featured_media":67060,"comment_status":"closed","ping_status":"closed","sticky":false,"template":"","format":"standard","meta":{"inline_featured_image":false,"_monsterinsights_skip_tracking":false,"_monsterinsights_sitenote_active":false,"_monsterinsights_sitenote_note":"","_monsterinsights_sitenote_category":0,"footnotes":""},"categories":[98,217],"tags":[],"class_list":["post-69459","post","type-post","status-publish","format-standard","has-post-thumbnail","hentry","category-ayuntamiento","category-participacio-ciutadana-es"],"yoast_head":"<!-- This site is optimized with the Yoast SEO plugin v27.4 - https:\/\/yoast.com\/product\/yoast-seo-wordpress\/ -->\n<title>La ciudadan\u00eda ya ha escogido los 8 proyectos que se financiar\u00e1n con los 300.000 euros de los presupuestos participativos - Ajuntament de Mont-roig del Camp<\/title>\n<meta name=\"robots\" content=\"index, follow, max-snippet:-1, max-image-preview:large, max-video-preview:-1\" \/>\n<link rel=\"canonical\" href=\"https:\/\/mont-roig.cat\/es\/actualitat\/noticies\/la-ciutadania-ja-ha-escollit-els-8-projectes-que-es-financaran-amb-els-300-000-euros-dels-pressupostos-participatius\/\" \/>\n<meta property=\"og:locale\" content=\"es_ES\" \/>\n<meta property=\"og:type\" content=\"article\" \/>\n<meta property=\"og:title\" content=\"La ciudadan\u00eda ya ha escogido los 8 proyectos que se financiar\u00e1n con los 300.000 euros de los presupuestos participativos - Ajuntament de Mont-roig del Camp\" \/>\n<meta property=\"og:description\" content=\"Han votado 332 personas del municipio mayores de 16 a\u00f1os que han elegido entre las 23 propuestas previamente validadas por la Comisi\u00f3n T\u00e9cnica Ya se conocen las 8 propuestas seleccionadas a partir de la votaci\u00f3n popular de la primera edici\u00f3n de los Presupuestos Participativos del Ayuntamiento de Mont-roig del Camp, donde la ciudadan\u00eda mayor de [&hellip;]\" \/>\n<meta property=\"og:url\" content=\"https:\/\/mont-roig.cat\/es\/actualitat\/noticies\/la-ciutadania-ja-ha-escollit-els-8-projectes-que-es-financaran-amb-els-300-000-euros-dels-pressupostos-participatius\/\" \/>\n<meta property=\"og:site_name\" content=\"Ajuntament de Mont-roig del Camp\" \/>\n<meta property=\"article:published_time\" content=\"2023-03-22T13:32:48+00:00\" \/>\n<meta property=\"article:modified_time\" content=\"2023-03-22T13:43:38+00:00\" \/>\n<meta property=\"og:image\" content=\"https:\/\/mont-roig.cat\/wp-content\/uploads\/MM_meta_pressupostos_-1-1024x536.png\" \/>\n\t<meta property=\"og:image:width\" content=\"1024\" \/>\n\t<meta property=\"og:image:height\" content=\"536\" \/>\n\t<meta property=\"og:image:type\" content=\"image\/png\" \/>\n<meta name=\"author\" content=\"comunicacio\" \/>\n<meta name=\"twitter:card\" content=\"summary_large_image\" \/>\n<meta name=\"twitter:label1\" content=\"Escrito por\" \/>\n\t<meta name=\"twitter:data1\" content=\"comunicacio\" \/>\n\t<meta name=\"twitter:label2\" content=\"Tiempo de lectura\" \/>\n\t<meta name=\"twitter:data2\" content=\"3 minutos\" \/>\n<script type=\"application\/ld+json\" class=\"yoast-schema-graph\">{\"@context\":\"https:\\\/\\\/schema.org\",\"@graph\":[{\"@type\":\"Article\",\"@id\":\"https:\\\/\\\/mont-roig.cat\\\/es\\\/actualitat\\\/noticies\\\/la-ciutadania-ja-ha-escollit-els-8-projectes-que-es-financaran-amb-els-300-000-euros-dels-pressupostos-participatius\\\/#article\",\"isPartOf\":{\"@id\":\"https:\\\/\\\/mont-roig.cat\\\/es\\\/actualitat\\\/noticies\\\/la-ciutadania-ja-ha-escollit-els-8-projectes-que-es-financaran-amb-els-300-000-euros-dels-pressupostos-participatius\\\/\"},\"author\":{\"name\":\"comunicacio\",\"@id\":\"https:\\\/\\\/mont-roig.cat\\\/es\\\/#\\\/schema\\\/person\\\/1f73e7b5e6f9dd122e8a6f14f310ac5e\"},\"headline\":\"La ciudadan\u00eda ya ha escogido los 8 proyectos que se financiar\u00e1n con los 300.000 euros de los presupuestos participativos\",\"datePublished\":\"2023-03-22T13:32:48+00:00\",\"dateModified\":\"2023-03-22T13:43:38+00:00\",\"mainEntityOfPage\":{\"@id\":\"https:\\\/\\\/mont-roig.cat\\\/es\\\/actualitat\\\/noticies\\\/la-ciutadania-ja-ha-escollit-els-8-projectes-que-es-financaran-amb-els-300-000-euros-dels-pressupostos-participatius\\\/\"},\"wordCount\":472,\"image\":{\"@id\":\"https:\\\/\\\/mont-roig.cat\\\/es\\\/actualitat\\\/noticies\\\/la-ciutadania-ja-ha-escollit-els-8-projectes-que-es-financaran-amb-els-300-000-euros-dels-pressupostos-participatius\\\/#primaryimage\"},\"thumbnailUrl\":\"https:\\\/\\\/mont-roig.cat\\\/wp-content\\\/uploads\\\/MM_meta_pressupostos_-1.png\",\"articleSection\":[\"Ayuntamiento\",\"Participaci\u00f3 Ciutadana\"],\"inLanguage\":\"es\"},{\"@type\":\"WebPage\",\"@id\":\"https:\\\/\\\/mont-roig.cat\\\/es\\\/actualitat\\\/noticies\\\/la-ciutadania-ja-ha-escollit-els-8-projectes-que-es-financaran-amb-els-300-000-euros-dels-pressupostos-participatius\\\/\",\"url\":\"https:\\\/\\\/mont-roig.cat\\\/es\\\/actualitat\\\/noticies\\\/la-ciutadania-ja-ha-escollit-els-8-projectes-que-es-financaran-amb-els-300-000-euros-dels-pressupostos-participatius\\\/\",\"name\":\"La ciudadan\u00eda ya ha escogido los 8 proyectos que se financiar\u00e1n con los 300.000 euros de los presupuestos participativos - Ajuntament de Mont-roig del Camp\",\"isPartOf\":{\"@id\":\"https:\\\/\\\/mont-roig.cat\\\/es\\\/#website\"},\"primaryImageOfPage\":{\"@id\":\"https:\\\/\\\/mont-roig.cat\\\/es\\\/actualitat\\\/noticies\\\/la-ciutadania-ja-ha-escollit-els-8-projectes-que-es-financaran-amb-els-300-000-euros-dels-pressupostos-participatius\\\/#primaryimage\"},\"image\":{\"@id\":\"https:\\\/\\\/mont-roig.cat\\\/es\\\/actualitat\\\/noticies\\\/la-ciutadania-ja-ha-escollit-els-8-projectes-que-es-financaran-amb-els-300-000-euros-dels-pressupostos-participatius\\\/#primaryimage\"},\"thumbnailUrl\":\"https:\\\/\\\/mont-roig.cat\\\/wp-content\\\/uploads\\\/MM_meta_pressupostos_-1.png\",\"datePublished\":\"2023-03-22T13:32:48+00:00\",\"dateModified\":\"2023-03-22T13:43:38+00:00\",\"author\":{\"@id\":\"https:\\\/\\\/mont-roig.cat\\\/es\\\/#\\\/schema\\\/person\\\/1f73e7b5e6f9dd122e8a6f14f310ac5e\"},\"breadcrumb\":{\"@id\":\"https:\\\/\\\/mont-roig.cat\\\/es\\\/actualitat\\\/noticies\\\/la-ciutadania-ja-ha-escollit-els-8-projectes-que-es-financaran-amb-els-300-000-euros-dels-pressupostos-participatius\\\/#breadcrumb\"},\"inLanguage\":\"es\",\"potentialAction\":[{\"@type\":\"ReadAction\",\"target\":[\"https:\\\/\\\/mont-roig.cat\\\/es\\\/actualitat\\\/noticies\\\/la-ciutadania-ja-ha-escollit-els-8-projectes-que-es-financaran-amb-els-300-000-euros-dels-pressupostos-participatius\\\/\"]}]},{\"@type\":\"ImageObject\",\"inLanguage\":\"es\",\"@id\":\"https:\\\/\\\/mont-roig.cat\\\/es\\\/actualitat\\\/noticies\\\/la-ciutadania-ja-ha-escollit-els-8-projectes-que-es-financaran-amb-els-300-000-euros-dels-pressupostos-participatius\\\/#primaryimage\",\"url\":\"https:\\\/\\\/mont-roig.cat\\\/wp-content\\\/uploads\\\/MM_meta_pressupostos_-1.png\",\"contentUrl\":\"https:\\\/\\\/mont-roig.cat\\\/wp-content\\\/uploads\\\/MM_meta_pressupostos_-1.png\",\"width\":5000,\"height\":2617},{\"@type\":\"BreadcrumbList\",\"@id\":\"https:\\\/\\\/mont-roig.cat\\\/es\\\/actualitat\\\/noticies\\\/la-ciutadania-ja-ha-escollit-els-8-projectes-que-es-financaran-amb-els-300-000-euros-dels-pressupostos-participatius\\\/#breadcrumb\",\"itemListElement\":[{\"@type\":\"ListItem\",\"position\":1,\"name\":\"Inici\",\"item\":\"https:\\\/\\\/mont-roig.cat\\\/es\\\/pagina-de-inicio\\\/\"},{\"@type\":\"ListItem\",\"position\":2,\"name\":\"La ciudadan\u00eda ya ha escogido los 8 proyectos que se financiar\u00e1n con los 300.000 euros de los presupuestos participativos\"}]},{\"@type\":\"WebSite\",\"@id\":\"https:\\\/\\\/mont-roig.cat\\\/es\\\/#website\",\"url\":\"https:\\\/\\\/mont-roig.cat\\\/es\\\/\",\"name\":\"Ajuntament de Mont-roig del Camp\",\"description\":\"Tota la informaci\u00f3 sobre la instituci\u00f3, els seus \u00f2rgans de govern, actualitat, serveis i molt m\u00e9s.\",\"potentialAction\":[{\"@type\":\"SearchAction\",\"target\":{\"@type\":\"EntryPoint\",\"urlTemplate\":\"https:\\\/\\\/mont-roig.cat\\\/es\\\/?s={search_term_string}\"},\"query-input\":{\"@type\":\"PropertyValueSpecification\",\"valueRequired\":true,\"valueName\":\"search_term_string\"}}],\"inLanguage\":\"es\"},{\"@type\":\"Person\",\"@id\":\"https:\\\/\\\/mont-roig.cat\\\/es\\\/#\\\/schema\\\/person\\\/1f73e7b5e6f9dd122e8a6f14f310ac5e\",\"name\":\"comunicacio\",\"image\":{\"@type\":\"ImageObject\",\"inLanguage\":\"es\",\"@id\":\"https:\\\/\\\/secure.gravatar.com\\\/avatar\\\/98944333e7a877670a64f8d10f0cb680ab2c9ebc4efc43945ef004b52b5ad28c?s=96&d=mm&r=g\",\"url\":\"https:\\\/\\\/secure.gravatar.com\\\/avatar\\\/98944333e7a877670a64f8d10f0cb680ab2c9ebc4efc43945ef004b52b5ad28c?s=96&d=mm&r=g\",\"contentUrl\":\"https:\\\/\\\/secure.gravatar.com\\\/avatar\\\/98944333e7a877670a64f8d10f0cb680ab2c9ebc4efc43945ef004b52b5ad28c?s=96&d=mm&r=g\",\"caption\":\"comunicacio\"},\"url\":\"https:\\\/\\\/mont-roig.cat\\\/es\\\/actualitat\\\/noticies\\\/author\\\/comunicacio\\\/\"}]}<\/script>\n<!-- \/ Yoast SEO plugin. -->","yoast_head_json":{"title":"La ciudadan\u00eda ya ha escogido los 8 proyectos que se financiar\u00e1n con los 300.000 euros de los presupuestos participativos - Ajuntament de Mont-roig del Camp","robots":{"index":"index","follow":"follow","max-snippet":"max-snippet:-1","max-image-preview":"max-image-preview:large","max-video-preview":"max-video-preview:-1"},"canonical":"https:\/\/mont-roig.cat\/es\/actualitat\/noticies\/la-ciutadania-ja-ha-escollit-els-8-projectes-que-es-financaran-amb-els-300-000-euros-dels-pressupostos-participatius\/","og_locale":"es_ES","og_type":"article","og_title":"La ciudadan\u00eda ya ha escogido los 8 proyectos que se financiar\u00e1n con los 300.000 euros de los presupuestos participativos - Ajuntament de Mont-roig del Camp","og_description":"Han votado 332 personas del municipio mayores de 16 a\u00f1os que han elegido entre las 23 propuestas previamente validadas por la Comisi\u00f3n T\u00e9cnica Ya se conocen las 8 propuestas seleccionadas a partir de la votaci\u00f3n popular de la primera edici\u00f3n de los Presupuestos Participativos del Ayuntamiento de Mont-roig del Camp, donde la ciudadan\u00eda mayor de [&hellip;]","og_url":"https:\/\/mont-roig.cat\/es\/actualitat\/noticies\/la-ciutadania-ja-ha-escollit-els-8-projectes-que-es-financaran-amb-els-300-000-euros-dels-pressupostos-participatius\/","og_site_name":"Ajuntament de Mont-roig del Camp","article_published_time":"2023-03-22T13:32:48+00:00","article_modified_time":"2023-03-22T13:43:38+00:00","og_image":[{"width":1024,"height":536,"url":"https:\/\/mont-roig.cat\/wp-content\/uploads\/MM_meta_pressupostos_-1-1024x536.png","type":"image\/png"}],"author":"comunicacio","twitter_card":"summary_large_image","twitter_misc":{"Escrito por":"comunicacio","Tiempo de lectura":"3 minutos"},"schema":{"@context":"https:\/\/schema.org","@graph":[{"@type":"Article","@id":"https:\/\/mont-roig.cat\/es\/actualitat\/noticies\/la-ciutadania-ja-ha-escollit-els-8-projectes-que-es-financaran-amb-els-300-000-euros-dels-pressupostos-participatius\/#article","isPartOf":{"@id":"https:\/\/mont-roig.cat\/es\/actualitat\/noticies\/la-ciutadania-ja-ha-escollit-els-8-projectes-que-es-financaran-amb-els-300-000-euros-dels-pressupostos-participatius\/"},"author":{"name":"comunicacio","@id":"https:\/\/mont-roig.cat\/es\/#\/schema\/person\/1f73e7b5e6f9dd122e8a6f14f310ac5e"},"headline":"La ciudadan\u00eda ya ha escogido los 8 proyectos que se financiar\u00e1n con los 300.000 euros de los presupuestos participativos","datePublished":"2023-03-22T13:32:48+00:00","dateModified":"2023-03-22T13:43:38+00:00","mainEntityOfPage":{"@id":"https:\/\/mont-roig.cat\/es\/actualitat\/noticies\/la-ciutadania-ja-ha-escollit-els-8-projectes-que-es-financaran-amb-els-300-000-euros-dels-pressupostos-participatius\/"},"wordCount":472,"image":{"@id":"https:\/\/mont-roig.cat\/es\/actualitat\/noticies\/la-ciutadania-ja-ha-escollit-els-8-projectes-que-es-financaran-amb-els-300-000-euros-dels-pressupostos-participatius\/#primaryimage"},"thumbnailUrl":"https:\/\/mont-roig.cat\/wp-content\/uploads\/MM_meta_pressupostos_-1.png","articleSection":["Ayuntamiento","Participaci\u00f3 Ciutadana"],"inLanguage":"es"},{"@type":"WebPage","@id":"https:\/\/mont-roig.cat\/es\/actualitat\/noticies\/la-ciutadania-ja-ha-escollit-els-8-projectes-que-es-financaran-amb-els-300-000-euros-dels-pressupostos-participatius\/","url":"https:\/\/mont-roig.cat\/es\/actualitat\/noticies\/la-ciutadania-ja-ha-escollit-els-8-projectes-que-es-financaran-amb-els-300-000-euros-dels-pressupostos-participatius\/","name":"La ciudadan\u00eda ya ha escogido los 8 proyectos que se financiar\u00e1n con los 300.000 euros de los presupuestos participativos - Ajuntament de Mont-roig del Camp","isPartOf":{"@id":"https:\/\/mont-roig.cat\/es\/#website"},"primaryImageOfPage":{"@id":"https:\/\/mont-roig.cat\/es\/actualitat\/noticies\/la-ciutadania-ja-ha-escollit-els-8-projectes-que-es-financaran-amb-els-300-000-euros-dels-pressupostos-participatius\/#primaryimage"},"image":{"@id":"https:\/\/mont-roig.cat\/es\/actualitat\/noticies\/la-ciutadania-ja-ha-escollit-els-8-projectes-que-es-financaran-amb-els-300-000-euros-dels-pressupostos-participatius\/#primaryimage"},"thumbnailUrl":"https:\/\/mont-roig.cat\/wp-content\/uploads\/MM_meta_pressupostos_-1.png","datePublished":"2023-03-22T13:32:48+00:00","dateModified":"2023-03-22T13:43:38+00:00","author":{"@id":"https:\/\/mont-roig.cat\/es\/#\/schema\/person\/1f73e7b5e6f9dd122e8a6f14f310ac5e"},"breadcrumb":{"@id":"https:\/\/mont-roig.cat\/es\/actualitat\/noticies\/la-ciutadania-ja-ha-escollit-els-8-projectes-que-es-financaran-amb-els-300-000-euros-dels-pressupostos-participatius\/#breadcrumb"},"inLanguage":"es","potentialAction":[{"@type":"ReadAction","target":["https:\/\/mont-roig.cat\/es\/actualitat\/noticies\/la-ciutadania-ja-ha-escollit-els-8-projectes-que-es-financaran-amb-els-300-000-euros-dels-pressupostos-participatius\/"]}]},{"@type":"ImageObject","inLanguage":"es","@id":"https:\/\/mont-roig.cat\/es\/actualitat\/noticies\/la-ciutadania-ja-ha-escollit-els-8-projectes-que-es-financaran-amb-els-300-000-euros-dels-pressupostos-participatius\/#primaryimage","url":"https:\/\/mont-roig.cat\/wp-content\/uploads\/MM_meta_pressupostos_-1.png","contentUrl":"https:\/\/mont-roig.cat\/wp-content\/uploads\/MM_meta_pressupostos_-1.png","width":5000,"height":2617},{"@type":"BreadcrumbList","@id":"https:\/\/mont-roig.cat\/es\/actualitat\/noticies\/la-ciutadania-ja-ha-escollit-els-8-projectes-que-es-financaran-amb-els-300-000-euros-dels-pressupostos-participatius\/#breadcrumb","itemListElement":[{"@type":"ListItem","position":1,"name":"Inici","item":"https:\/\/mont-roig.cat\/es\/pagina-de-inicio\/"},{"@type":"ListItem","position":2,"name":"La ciudadan\u00eda ya ha escogido los 8 proyectos que se financiar\u00e1n con los 300.000 euros de los presupuestos participativos"}]},{"@type":"WebSite","@id":"https:\/\/mont-roig.cat\/es\/#website","url":"https:\/\/mont-roig.cat\/es\/","name":"Ajuntament de Mont-roig del Camp","description":"Tota la informaci\u00f3 sobre la instituci\u00f3, els seus \u00f2rgans de govern, actualitat, serveis i molt m\u00e9s.","potentialAction":[{"@type":"SearchAction","target":{"@type":"EntryPoint","urlTemplate":"https:\/\/mont-roig.cat\/es\/?s={search_term_string}"},"query-input":{"@type":"PropertyValueSpecification","valueRequired":true,"valueName":"search_term_string"}}],"inLanguage":"es"},{"@type":"Person","@id":"https:\/\/mont-roig.cat\/es\/#\/schema\/person\/1f73e7b5e6f9dd122e8a6f14f310ac5e","name":"comunicacio","image":{"@type":"ImageObject","inLanguage":"es","@id":"https:\/\/secure.gravatar.com\/avatar\/98944333e7a877670a64f8d10f0cb680ab2c9ebc4efc43945ef004b52b5ad28c?s=96&d=mm&r=g","url":"https:\/\/secure.gravatar.com\/avatar\/98944333e7a877670a64f8d10f0cb680ab2c9ebc4efc43945ef004b52b5ad28c?s=96&d=mm&r=g","contentUrl":"https:\/\/secure.gravatar.com\/avatar\/98944333e7a877670a64f8d10f0cb680ab2c9ebc4efc43945ef004b52b5ad28c?s=96&d=mm&r=g","caption":"comunicacio"},"url":"https:\/\/mont-roig.cat\/es\/actualitat\/noticies\/author\/comunicacio\/"}]}},"_links":{"self":[{"href":"https:\/\/mont-roig.cat\/es\/wp-json\/wp\/v2\/posts\/69459","targetHints":{"allow":["GET"]}}],"collection":[{"href":"https:\/\/mont-roig.cat\/es\/wp-json\/wp\/v2\/posts"}],"about":[{"href":"https:\/\/mont-roig.cat\/es\/wp-json\/wp\/v2\/types\/post"}],"author":[{"embeddable":true,"href":"https:\/\/mont-roig.cat\/es\/wp-json\/wp\/v2\/users\/13"}],"replies":[{"embeddable":true,"href":"https:\/\/mont-roig.cat\/es\/wp-json\/wp\/v2\/comments?post=69459"}],"version-history":[{"count":2,"href":"https:\/\/mont-roig.cat\/es\/wp-json\/wp\/v2\/posts\/69459\/revisions"}],"predecessor-version":[{"id":69470,"href":"https:\/\/mont-roig.cat\/es\/wp-json\/wp\/v2\/posts\/69459\/revisions\/69470"}],"wp:featuredmedia":[{"embeddable":true,"href":"https:\/\/mont-roig.cat\/es\/wp-json\/wp\/v2\/media\/67060"}],"wp:attachment":[{"href":"https:\/\/mont-roig.cat\/es\/wp-json\/wp\/v2\/media?parent=69459"}],"wp:term":[{"taxonomy":"category","embeddable":true,"href":"https:\/\/mont-roig.cat\/es\/wp-json\/wp\/v2\/categories?post=69459"},{"taxonomy":"post_tag","embeddable":true,"href":"https:\/\/mont-roig.cat\/es\/wp-json\/wp\/v2\/tags?post=69459"}],"curies":[{"name":"wp","href":"https:\/\/api.w.org\/{rel}","templated":true}]}}