{"id":69620,"date":"2023-03-29T11:46:59","date_gmt":"2023-03-29T09:46:59","guid":{"rendered":"https:\/\/mont-roig.cat\/actualitat\/noticies\/torna-la-mitja-marato-de-miami-platja-coincidint-amb-les-vacances-de-setmana-santa\/"},"modified":"2023-03-29T12:09:39","modified_gmt":"2023-03-29T10:09:39","slug":"vuelve-la-media-maraton-de-miami-platja-coincidiendo-con-las-vacaciones-de-semana-santa","status":"publish","type":"post","link":"https:\/\/mont-roig.cat\/es\/actualitat\/noticies\/vuelve-la-media-maraton-de-miami-platja-coincidiendo-con-las-vacaciones-de-semana-santa\/","title":{"rendered":"Vuelve la Media Marat\u00f3n de Miami Platja coincidiendo con las vacaciones de Semana Santa"},"content":{"rendered":"<p><strong><strong><a href=\"https:\/\/mont-roig.cat\/wp-content\/uploads\/mm_mitja-marato23_ok.png\" target=\"_blank\" rel=\"noopener\"><img loading=\"lazy\" decoding=\"async\" class=\"alignright wp-image-69615\" src=\"https:\/\/mont-roig.cat\/wp-content\/uploads\/mm_mitja-marato23_ok-353x500.png\" alt=\"\" width=\"251\" height=\"356\" srcset=\"https:\/\/mont-roig.cat\/wp-content\/uploads\/mm_mitja-marato23_ok-353x500.png 353w, https:\/\/mont-roig.cat\/wp-content\/uploads\/mm_mitja-marato23_ok-723x1024.png 723w, https:\/\/mont-roig.cat\/wp-content\/uploads\/mm_mitja-marato23_ok-768x1087.png 768w, https:\/\/mont-roig.cat\/wp-content\/uploads\/mm_mitja-marato23_ok.png 904w\" sizes=\"auto, (max-width: 251px) 100vw, 251px\" \/><\/a><\/strong><\/strong><\/p>\n<ul>\n<li><strong>El s\u00e1bado 8 de abril, a partir de las 9.15 h de la ma\u00f1ana, se realizar\u00e1n las carreras de 21k, 10k, 5k y tambi\u00e9n las de promoci\u00f3n infantiles a partir de las 11.30 h<\/strong><\/li>\n<\/ul>\n<p>El Ayuntamiento de Mont-roig del Camp organiza la 6\u00aa edici\u00f3n de la Media Marat\u00f3n de Miami Platja el s\u00e1bado 8 de abril a partir de las 9.15 h de la ma\u00f1ana. Esta carrera, como cada a\u00f1o desde su creaci\u00f3n, llega coincidiendo con las vacaciones de Semana Santa con el objetivo de convertirla en un aliciente para visitar el n\u00facleo de Miami Platja y tambi\u00e9n fomentar la pr\u00e1ctica deportiva.<\/p>\n<p>La sexta edici\u00f3n de esta competici\u00f3n contar\u00e1, como es habitual, con tres carreras de distinto recorrido: de 21,10 y 5 kil\u00f3metros; y con tres carreras infantiles, para hacerla accesible a todos los niveles, incluso los m\u00e1s peque\u00f1os podr\u00e1n competir acompa\u00f1ados de los padres. Las salidas de las carreras se realizar\u00e1n desde el Polideportivo de Miami Platja y en el caso de las de promoci\u00f3n, la hora de salida ser\u00e1 a partir de las 11.30 h.<\/p>\n<p>En la edici\u00f3n de este a\u00f1o, las carreras de 5 y 10 kil\u00f3metros mantienen pr\u00e1cticamente el mismo circuito que el pasado a\u00f1o. La principal novedad ser\u00e1 para los corredores y corredoras que realicen el medio marat\u00f3n, la distancia de 21 kil\u00f3metros, que tendr\u00e1n que dar dos vueltas a un mismo circuito, que coincide pr\u00e1cticamente con el de la carrera de 10 kil\u00f3metros.<\/p>\n<p>Las inscripciones ya est\u00e1n abiertas y se pueden realizar por internet a trav\u00e9s de la p\u00e1gina web <a href=\"https:\/\/webtretzesports.wixsite.com\/mitjamiamiplatja\" target=\"_blank\" rel=\"noopener\">https:\/\/webtretzesports.wixsite.com\/mitjamiamiplatja<\/a>. La organizaci\u00f3n ha previsto alrededor de medio millar de participantes entre todas las categor\u00edas.<\/p>\n<p>Todos los participantes recibir\u00e1n una camiseta t\u00e9cnica una bolsa con varios obsequios de las empresas patrocinadoras, una medalla de <em>finisher<\/em> para los que participen en las tres carreras, adem\u00e1s de una serie de ventajas como liebres, servicios de guardarropa, de masajistas, de acogida por ni\u00f1os, planes de entrenamiento, sorteos y m\u00e1s sorpresas.<\/p>\n<p><strong>Cortes en la circulaci\u00f3n<\/strong><\/p>\n<p>Con motivo de la Media Marat\u00f3n de Miami Platja del s\u00e1bado 8 de abril habr\u00e1 varias afectaciones de calles. Por este motivo, se recomienda utilizar la avenida Diversidad para desplazarse por Miami Platja y evitar as\u00ed los cortes por las calles donde se realiza la carrera. Sin embargo, habr\u00e1 regulaci\u00f3n de paso en las calles Toledo y Guadalajara para facilitar la circulaci\u00f3n. El horario de afectaciones, que empezar\u00e1 a las 6 de la ma\u00f1ana, variar\u00e1 seg\u00fan las calles y est\u00e1 previsto que acabe a las 12 del mediod\u00eda.<\/p>\n<p>&nbsp;<\/p>\n<p>&nbsp;<\/p>\n<p>&nbsp;<\/p>\n<p>&nbsp;<\/p>\n","protected":false},"excerpt":{"rendered":"<p>El s\u00e1bado 8 de abril, a partir de las 9.15 h de la ma\u00f1ana, se realizar\u00e1n las carreras de 21k, 10k, 5k y tambi\u00e9n las de promoci\u00f3n infantiles a partir de las 11.30 h El Ayuntamiento de Mont-roig del Camp organiza la 6\u00aa edici\u00f3n de la Media Marat\u00f3n de Miami Platja el s\u00e1bado 8 de [&hellip;]<\/p>\n","protected":false},"author":13,"featured_media":69616,"comment_status":"closed","ping_status":"closed","sticky":false,"template":"","format":"standard","meta":{"inline_featured_image":false,"_monsterinsights_skip_tracking":false,"_monsterinsights_sitenote_active":false,"_monsterinsights_sitenote_note":"","_monsterinsights_sitenote_category":0,"footnotes":""},"categories":[98,104],"tags":[],"class_list":["post-69620","post","type-post","status-publish","format-standard","has-post-thumbnail","hentry","category-ayuntamiento","category-deportes"],"yoast_head":"<!-- This site is optimized with the Yoast SEO plugin v27.4 - https:\/\/yoast.com\/product\/yoast-seo-wordpress\/ -->\n<title>Vuelve la Media Marat\u00f3n de Miami Platja coincidiendo con las vacaciones de Semana Santa - Ajuntament de Mont-roig del Camp<\/title>\n<meta name=\"robots\" content=\"index, follow, max-snippet:-1, max-image-preview:large, max-video-preview:-1\" \/>\n<link rel=\"canonical\" href=\"https:\/\/mont-roig.cat\/es\/actualitat\/noticies\/vuelve-la-media-maraton-de-miami-platja-coincidiendo-con-las-vacaciones-de-semana-santa\/\" \/>\n<meta property=\"og:locale\" content=\"es_ES\" \/>\n<meta property=\"og:type\" content=\"article\" \/>\n<meta property=\"og:title\" content=\"Vuelve la Media Marat\u00f3n de Miami Platja coincidiendo con las vacaciones de Semana Santa - Ajuntament de Mont-roig del Camp\" \/>\n<meta property=\"og:description\" content=\"El s\u00e1bado 8 de abril, a partir de las 9.15 h de la ma\u00f1ana, se realizar\u00e1n las carreras de 21k, 10k, 5k y tambi\u00e9n las de promoci\u00f3n infantiles a partir de las 11.30 h El Ayuntamiento de Mont-roig del Camp organiza la 6\u00aa edici\u00f3n de la Media Marat\u00f3n de Miami Platja el s\u00e1bado 8 de [&hellip;]\" \/>\n<meta property=\"og:url\" content=\"https:\/\/mont-roig.cat\/es\/actualitat\/noticies\/vuelve-la-media-maraton-de-miami-platja-coincidiendo-con-las-vacaciones-de-semana-santa\/\" \/>\n<meta property=\"og:site_name\" content=\"Ajuntament de Mont-roig del Camp\" \/>\n<meta property=\"article:published_time\" content=\"2023-03-29T09:46:59+00:00\" \/>\n<meta property=\"article:modified_time\" content=\"2023-03-29T10:09:39+00:00\" \/>\n<meta property=\"og:image\" content=\"https:\/\/mont-roig.cat\/wp-content\/uploads\/mm_mitja-marato23_ok.png\" \/>\n\t<meta property=\"og:image:width\" content=\"904\" \/>\n\t<meta property=\"og:image:height\" content=\"1280\" \/>\n\t<meta property=\"og:image:type\" content=\"image\/png\" \/>\n<meta name=\"author\" content=\"comunicacio\" \/>\n<meta name=\"twitter:card\" content=\"summary_large_image\" \/>\n<meta name=\"twitter:label1\" content=\"Escrito por\" \/>\n\t<meta name=\"twitter:data1\" content=\"comunicacio\" \/>\n\t<meta name=\"twitter:label2\" content=\"Tiempo de lectura\" \/>\n\t<meta name=\"twitter:data2\" content=\"3 minutos\" \/>\n<script type=\"application\/ld+json\" class=\"yoast-schema-graph\">{\"@context\":\"https:\\\/\\\/schema.org\",\"@graph\":[{\"@type\":\"Article\",\"@id\":\"https:\\\/\\\/mont-roig.cat\\\/es\\\/actualitat\\\/noticies\\\/vuelve-la-media-maraton-de-miami-platja-coincidiendo-con-las-vacaciones-de-semana-santa\\\/#article\",\"isPartOf\":{\"@id\":\"https:\\\/\\\/mont-roig.cat\\\/es\\\/actualitat\\\/noticies\\\/vuelve-la-media-maraton-de-miami-platja-coincidiendo-con-las-vacaciones-de-semana-santa\\\/\"},\"author\":{\"name\":\"comunicacio\",\"@id\":\"https:\\\/\\\/mont-roig.cat\\\/es\\\/#\\\/schema\\\/person\\\/1f73e7b5e6f9dd122e8a6f14f310ac5e\"},\"headline\":\"Vuelve la Media Marat\u00f3n de Miami Platja coincidiendo con las vacaciones de Semana Santa\",\"datePublished\":\"2023-03-29T09:46:59+00:00\",\"dateModified\":\"2023-03-29T10:09:39+00:00\",\"mainEntityOfPage\":{\"@id\":\"https:\\\/\\\/mont-roig.cat\\\/es\\\/actualitat\\\/noticies\\\/vuelve-la-media-maraton-de-miami-platja-coincidiendo-con-las-vacaciones-de-semana-santa\\\/\"},\"wordCount\":473,\"image\":{\"@id\":\"https:\\\/\\\/mont-roig.cat\\\/es\\\/actualitat\\\/noticies\\\/vuelve-la-media-maraton-de-miami-platja-coincidiendo-con-las-vacaciones-de-semana-santa\\\/#primaryimage\"},\"thumbnailUrl\":\"https:\\\/\\\/mont-roig.cat\\\/wp-content\\\/uploads\\\/mm_mitja-marato23_ok.png\",\"articleSection\":[\"Ayuntamiento\",\"Deportes\"],\"inLanguage\":\"es\"},{\"@type\":\"WebPage\",\"@id\":\"https:\\\/\\\/mont-roig.cat\\\/es\\\/actualitat\\\/noticies\\\/vuelve-la-media-maraton-de-miami-platja-coincidiendo-con-las-vacaciones-de-semana-santa\\\/\",\"url\":\"https:\\\/\\\/mont-roig.cat\\\/es\\\/actualitat\\\/noticies\\\/vuelve-la-media-maraton-de-miami-platja-coincidiendo-con-las-vacaciones-de-semana-santa\\\/\",\"name\":\"Vuelve la Media Marat\u00f3n de Miami Platja coincidiendo con las vacaciones de Semana Santa - Ajuntament de Mont-roig del Camp\",\"isPartOf\":{\"@id\":\"https:\\\/\\\/mont-roig.cat\\\/es\\\/#website\"},\"primaryImageOfPage\":{\"@id\":\"https:\\\/\\\/mont-roig.cat\\\/es\\\/actualitat\\\/noticies\\\/vuelve-la-media-maraton-de-miami-platja-coincidiendo-con-las-vacaciones-de-semana-santa\\\/#primaryimage\"},\"image\":{\"@id\":\"https:\\\/\\\/mont-roig.cat\\\/es\\\/actualitat\\\/noticies\\\/vuelve-la-media-maraton-de-miami-platja-coincidiendo-con-las-vacaciones-de-semana-santa\\\/#primaryimage\"},\"thumbnailUrl\":\"https:\\\/\\\/mont-roig.cat\\\/wp-content\\\/uploads\\\/mm_mitja-marato23_ok.png\",\"datePublished\":\"2023-03-29T09:46:59+00:00\",\"dateModified\":\"2023-03-29T10:09:39+00:00\",\"author\":{\"@id\":\"https:\\\/\\\/mont-roig.cat\\\/es\\\/#\\\/schema\\\/person\\\/1f73e7b5e6f9dd122e8a6f14f310ac5e\"},\"breadcrumb\":{\"@id\":\"https:\\\/\\\/mont-roig.cat\\\/es\\\/actualitat\\\/noticies\\\/vuelve-la-media-maraton-de-miami-platja-coincidiendo-con-las-vacaciones-de-semana-santa\\\/#breadcrumb\"},\"inLanguage\":\"es\",\"potentialAction\":[{\"@type\":\"ReadAction\",\"target\":[\"https:\\\/\\\/mont-roig.cat\\\/es\\\/actualitat\\\/noticies\\\/vuelve-la-media-maraton-de-miami-platja-coincidiendo-con-las-vacaciones-de-semana-santa\\\/\"]}]},{\"@type\":\"ImageObject\",\"inLanguage\":\"es\",\"@id\":\"https:\\\/\\\/mont-roig.cat\\\/es\\\/actualitat\\\/noticies\\\/vuelve-la-media-maraton-de-miami-platja-coincidiendo-con-las-vacaciones-de-semana-santa\\\/#primaryimage\",\"url\":\"https:\\\/\\\/mont-roig.cat\\\/wp-content\\\/uploads\\\/mm_mitja-marato23_ok.png\",\"contentUrl\":\"https:\\\/\\\/mont-roig.cat\\\/wp-content\\\/uploads\\\/mm_mitja-marato23_ok.png\",\"width\":904,\"height\":1280},{\"@type\":\"BreadcrumbList\",\"@id\":\"https:\\\/\\\/mont-roig.cat\\\/es\\\/actualitat\\\/noticies\\\/vuelve-la-media-maraton-de-miami-platja-coincidiendo-con-las-vacaciones-de-semana-santa\\\/#breadcrumb\",\"itemListElement\":[{\"@type\":\"ListItem\",\"position\":1,\"name\":\"Inici\",\"item\":\"https:\\\/\\\/mont-roig.cat\\\/es\\\/pagina-de-inicio\\\/\"},{\"@type\":\"ListItem\",\"position\":2,\"name\":\"Vuelve la Media Marat\u00f3n de Miami Platja coincidiendo con las vacaciones de Semana Santa\"}]},{\"@type\":\"WebSite\",\"@id\":\"https:\\\/\\\/mont-roig.cat\\\/es\\\/#website\",\"url\":\"https:\\\/\\\/mont-roig.cat\\\/es\\\/\",\"name\":\"Ajuntament de Mont-roig del Camp\",\"description\":\"Tota la informaci\u00f3 sobre la instituci\u00f3, els seus \u00f2rgans de govern, actualitat, serveis i molt m\u00e9s.\",\"potentialAction\":[{\"@type\":\"SearchAction\",\"target\":{\"@type\":\"EntryPoint\",\"urlTemplate\":\"https:\\\/\\\/mont-roig.cat\\\/es\\\/?s={search_term_string}\"},\"query-input\":{\"@type\":\"PropertyValueSpecification\",\"valueRequired\":true,\"valueName\":\"search_term_string\"}}],\"inLanguage\":\"es\"},{\"@type\":\"Person\",\"@id\":\"https:\\\/\\\/mont-roig.cat\\\/es\\\/#\\\/schema\\\/person\\\/1f73e7b5e6f9dd122e8a6f14f310ac5e\",\"name\":\"comunicacio\",\"image\":{\"@type\":\"ImageObject\",\"inLanguage\":\"es\",\"@id\":\"https:\\\/\\\/secure.gravatar.com\\\/avatar\\\/98944333e7a877670a64f8d10f0cb680ab2c9ebc4efc43945ef004b52b5ad28c?s=96&d=mm&r=g\",\"url\":\"https:\\\/\\\/secure.gravatar.com\\\/avatar\\\/98944333e7a877670a64f8d10f0cb680ab2c9ebc4efc43945ef004b52b5ad28c?s=96&d=mm&r=g\",\"contentUrl\":\"https:\\\/\\\/secure.gravatar.com\\\/avatar\\\/98944333e7a877670a64f8d10f0cb680ab2c9ebc4efc43945ef004b52b5ad28c?s=96&d=mm&r=g\",\"caption\":\"comunicacio\"},\"url\":\"https:\\\/\\\/mont-roig.cat\\\/es\\\/actualitat\\\/noticies\\\/author\\\/comunicacio\\\/\"}]}<\/script>\n<!-- \/ Yoast SEO plugin. -->","yoast_head_json":{"title":"Vuelve la Media Marat\u00f3n de Miami Platja coincidiendo con las vacaciones de Semana Santa - Ajuntament de Mont-roig del Camp","robots":{"index":"index","follow":"follow","max-snippet":"max-snippet:-1","max-image-preview":"max-image-preview:large","max-video-preview":"max-video-preview:-1"},"canonical":"https:\/\/mont-roig.cat\/es\/actualitat\/noticies\/vuelve-la-media-maraton-de-miami-platja-coincidiendo-con-las-vacaciones-de-semana-santa\/","og_locale":"es_ES","og_type":"article","og_title":"Vuelve la Media Marat\u00f3n de Miami Platja coincidiendo con las vacaciones de Semana Santa - Ajuntament de Mont-roig del Camp","og_description":"El s\u00e1bado 8 de abril, a partir de las 9.15 h de la ma\u00f1ana, se realizar\u00e1n las carreras de 21k, 10k, 5k y tambi\u00e9n las de promoci\u00f3n infantiles a partir de las 11.30 h El Ayuntamiento de Mont-roig del Camp organiza la 6\u00aa edici\u00f3n de la Media Marat\u00f3n de Miami Platja el s\u00e1bado 8 de [&hellip;]","og_url":"https:\/\/mont-roig.cat\/es\/actualitat\/noticies\/vuelve-la-media-maraton-de-miami-platja-coincidiendo-con-las-vacaciones-de-semana-santa\/","og_site_name":"Ajuntament de Mont-roig del Camp","article_published_time":"2023-03-29T09:46:59+00:00","article_modified_time":"2023-03-29T10:09:39+00:00","og_image":[{"width":904,"height":1280,"url":"https:\/\/mont-roig.cat\/wp-content\/uploads\/mm_mitja-marato23_ok.png","type":"image\/png"}],"author":"comunicacio","twitter_card":"summary_large_image","twitter_misc":{"Escrito por":"comunicacio","Tiempo de lectura":"3 minutos"},"schema":{"@context":"https:\/\/schema.org","@graph":[{"@type":"Article","@id":"https:\/\/mont-roig.cat\/es\/actualitat\/noticies\/vuelve-la-media-maraton-de-miami-platja-coincidiendo-con-las-vacaciones-de-semana-santa\/#article","isPartOf":{"@id":"https:\/\/mont-roig.cat\/es\/actualitat\/noticies\/vuelve-la-media-maraton-de-miami-platja-coincidiendo-con-las-vacaciones-de-semana-santa\/"},"author":{"name":"comunicacio","@id":"https:\/\/mont-roig.cat\/es\/#\/schema\/person\/1f73e7b5e6f9dd122e8a6f14f310ac5e"},"headline":"Vuelve la Media Marat\u00f3n de Miami Platja coincidiendo con las vacaciones de Semana Santa","datePublished":"2023-03-29T09:46:59+00:00","dateModified":"2023-03-29T10:09:39+00:00","mainEntityOfPage":{"@id":"https:\/\/mont-roig.cat\/es\/actualitat\/noticies\/vuelve-la-media-maraton-de-miami-platja-coincidiendo-con-las-vacaciones-de-semana-santa\/"},"wordCount":473,"image":{"@id":"https:\/\/mont-roig.cat\/es\/actualitat\/noticies\/vuelve-la-media-maraton-de-miami-platja-coincidiendo-con-las-vacaciones-de-semana-santa\/#primaryimage"},"thumbnailUrl":"https:\/\/mont-roig.cat\/wp-content\/uploads\/mm_mitja-marato23_ok.png","articleSection":["Ayuntamiento","Deportes"],"inLanguage":"es"},{"@type":"WebPage","@id":"https:\/\/mont-roig.cat\/es\/actualitat\/noticies\/vuelve-la-media-maraton-de-miami-platja-coincidiendo-con-las-vacaciones-de-semana-santa\/","url":"https:\/\/mont-roig.cat\/es\/actualitat\/noticies\/vuelve-la-media-maraton-de-miami-platja-coincidiendo-con-las-vacaciones-de-semana-santa\/","name":"Vuelve la Media Marat\u00f3n de Miami Platja coincidiendo con las vacaciones de Semana Santa - Ajuntament de Mont-roig del Camp","isPartOf":{"@id":"https:\/\/mont-roig.cat\/es\/#website"},"primaryImageOfPage":{"@id":"https:\/\/mont-roig.cat\/es\/actualitat\/noticies\/vuelve-la-media-maraton-de-miami-platja-coincidiendo-con-las-vacaciones-de-semana-santa\/#primaryimage"},"image":{"@id":"https:\/\/mont-roig.cat\/es\/actualitat\/noticies\/vuelve-la-media-maraton-de-miami-platja-coincidiendo-con-las-vacaciones-de-semana-santa\/#primaryimage"},"thumbnailUrl":"https:\/\/mont-roig.cat\/wp-content\/uploads\/mm_mitja-marato23_ok.png","datePublished":"2023-03-29T09:46:59+00:00","dateModified":"2023-03-29T10:09:39+00:00","author":{"@id":"https:\/\/mont-roig.cat\/es\/#\/schema\/person\/1f73e7b5e6f9dd122e8a6f14f310ac5e"},"breadcrumb":{"@id":"https:\/\/mont-roig.cat\/es\/actualitat\/noticies\/vuelve-la-media-maraton-de-miami-platja-coincidiendo-con-las-vacaciones-de-semana-santa\/#breadcrumb"},"inLanguage":"es","potentialAction":[{"@type":"ReadAction","target":["https:\/\/mont-roig.cat\/es\/actualitat\/noticies\/vuelve-la-media-maraton-de-miami-platja-coincidiendo-con-las-vacaciones-de-semana-santa\/"]}]},{"@type":"ImageObject","inLanguage":"es","@id":"https:\/\/mont-roig.cat\/es\/actualitat\/noticies\/vuelve-la-media-maraton-de-miami-platja-coincidiendo-con-las-vacaciones-de-semana-santa\/#primaryimage","url":"https:\/\/mont-roig.cat\/wp-content\/uploads\/mm_mitja-marato23_ok.png","contentUrl":"https:\/\/mont-roig.cat\/wp-content\/uploads\/mm_mitja-marato23_ok.png","width":904,"height":1280},{"@type":"BreadcrumbList","@id":"https:\/\/mont-roig.cat\/es\/actualitat\/noticies\/vuelve-la-media-maraton-de-miami-platja-coincidiendo-con-las-vacaciones-de-semana-santa\/#breadcrumb","itemListElement":[{"@type":"ListItem","position":1,"name":"Inici","item":"https:\/\/mont-roig.cat\/es\/pagina-de-inicio\/"},{"@type":"ListItem","position":2,"name":"Vuelve la Media Marat\u00f3n de Miami Platja coincidiendo con las vacaciones de Semana Santa"}]},{"@type":"WebSite","@id":"https:\/\/mont-roig.cat\/es\/#website","url":"https:\/\/mont-roig.cat\/es\/","name":"Ajuntament de Mont-roig del Camp","description":"Tota la informaci\u00f3 sobre la instituci\u00f3, els seus \u00f2rgans de govern, actualitat, serveis i molt m\u00e9s.","potentialAction":[{"@type":"SearchAction","target":{"@type":"EntryPoint","urlTemplate":"https:\/\/mont-roig.cat\/es\/?s={search_term_string}"},"query-input":{"@type":"PropertyValueSpecification","valueRequired":true,"valueName":"search_term_string"}}],"inLanguage":"es"},{"@type":"Person","@id":"https:\/\/mont-roig.cat\/es\/#\/schema\/person\/1f73e7b5e6f9dd122e8a6f14f310ac5e","name":"comunicacio","image":{"@type":"ImageObject","inLanguage":"es","@id":"https:\/\/secure.gravatar.com\/avatar\/98944333e7a877670a64f8d10f0cb680ab2c9ebc4efc43945ef004b52b5ad28c?s=96&d=mm&r=g","url":"https:\/\/secure.gravatar.com\/avatar\/98944333e7a877670a64f8d10f0cb680ab2c9ebc4efc43945ef004b52b5ad28c?s=96&d=mm&r=g","contentUrl":"https:\/\/secure.gravatar.com\/avatar\/98944333e7a877670a64f8d10f0cb680ab2c9ebc4efc43945ef004b52b5ad28c?s=96&d=mm&r=g","caption":"comunicacio"},"url":"https:\/\/mont-roig.cat\/es\/actualitat\/noticies\/author\/comunicacio\/"}]}},"_links":{"self":[{"href":"https:\/\/mont-roig.cat\/es\/wp-json\/wp\/v2\/posts\/69620","targetHints":{"allow":["GET"]}}],"collection":[{"href":"https:\/\/mont-roig.cat\/es\/wp-json\/wp\/v2\/posts"}],"about":[{"href":"https:\/\/mont-roig.cat\/es\/wp-json\/wp\/v2\/types\/post"}],"author":[{"embeddable":true,"href":"https:\/\/mont-roig.cat\/es\/wp-json\/wp\/v2\/users\/13"}],"replies":[{"embeddable":true,"href":"https:\/\/mont-roig.cat\/es\/wp-json\/wp\/v2\/comments?post=69620"}],"version-history":[{"count":2,"href":"https:\/\/mont-roig.cat\/es\/wp-json\/wp\/v2\/posts\/69620\/revisions"}],"predecessor-version":[{"id":69622,"href":"https:\/\/mont-roig.cat\/es\/wp-json\/wp\/v2\/posts\/69620\/revisions\/69622"}],"wp:featuredmedia":[{"embeddable":true,"href":"https:\/\/mont-roig.cat\/es\/wp-json\/wp\/v2\/media\/69616"}],"wp:attachment":[{"href":"https:\/\/mont-roig.cat\/es\/wp-json\/wp\/v2\/media?parent=69620"}],"wp:term":[{"taxonomy":"category","embeddable":true,"href":"https:\/\/mont-roig.cat\/es\/wp-json\/wp\/v2\/categories?post=69620"},{"taxonomy":"post_tag","embeddable":true,"href":"https:\/\/mont-roig.cat\/es\/wp-json\/wp\/v2\/tags?post=69620"}],"curies":[{"name":"wp","href":"https:\/\/api.w.org\/{rel}","templated":true}]}}