{"id":69873,"date":"2023-04-17T12:36:55","date_gmt":"2023-04-17T10:36:55","guid":{"rendered":"https:\/\/mont-roig.cat\/actualitat\/noticies\/les-biblioteques-joan-miro-i-miramar-celebren-35-i-20-anys-de-bones-lectures\/"},"modified":"2023-04-17T13:50:28","modified_gmt":"2023-04-17T11:50:28","slug":"les-biblioteques-joan-miro-i-miramar-celebren-35-i-20-anys-de-bones-lectures","status":"publish","type":"post","link":"https:\/\/mont-roig.cat\/es\/actualitat\/noticies\/les-biblioteques-joan-miro-i-miramar-celebren-35-i-20-anys-de-bones-lectures\/","title":{"rendered":"Les biblioteques Joan Mir\u00f3 i Miramar celebren 35 i 20 anys de bones lectures"},"content":{"rendered":"<div id=\"attachment_69869\" style=\"width: 265px\" class=\"wp-caption alignright\"><a href=\"https:\/\/mont-roig.cat\/wp-content\/uploads\/mm_bossa_biblios_ok-2_page-0001.jpg\" target=\"_blank\" rel=\"noopener\"><img loading=\"lazy\" decoding=\"async\" aria-describedby=\"caption-attachment-69869\" class=\"wp-image-69869\" src=\"https:\/\/mont-roig.cat\/wp-content\/uploads\/mm_bossa_biblios_ok-2_page-0001-434x500.jpg\" alt=\"\" width=\"255\" height=\"294\" srcset=\"https:\/\/mont-roig.cat\/wp-content\/uploads\/mm_bossa_biblios_ok-2_page-0001-434x500.jpg 434w, https:\/\/mont-roig.cat\/wp-content\/uploads\/mm_bossa_biblios_ok-2_page-0001-888x1024.jpg 888w, https:\/\/mont-roig.cat\/wp-content\/uploads\/mm_bossa_biblios_ok-2_page-0001-768x886.jpg 768w, https:\/\/mont-roig.cat\/wp-content\/uploads\/mm_bossa_biblios_ok-2_page-0001.jpg 1332w\" sizes=\"auto, (max-width: 255px) 100vw, 255px\" \/><\/a><p id=\"caption-attachment-69869\" class=\"wp-caption-text\">Cartel aniversario bibliotecas municipales<\/p><\/div>\n<ul>\n<li><strong>Coincidiendo con el d\u00eda de Sant Jordi, los equipamientos municipales organizan diversas actividades dirigidas al p\u00fablico infantil ya los adultos<\/strong><\/li>\n<\/ul>\n<p>Las bibliotecas municipales de Mont-roig del Camp celebran este a\u00f1o el 35 aniversario de la apertura de Joan Mir\u00f3 de Mont-roig (20 de abril 1988) y los 20 a\u00f1os de la Biblioteca Miramar de Miami Platja (23 abril 2003) . Durante estos a\u00f1os se han convertido en un servicio primordial para el municipio, pilar fundamental en el desarrollo de las pol\u00edticas culturales y convirti\u00e9ndose en un espacio donde las ciudadanas y los ciudadanos pueden acceder a la cultura y al conocimiento de una manera libre y en igualdad de condiciones .<\/p>\n<p>Para celebrar esta efem\u00e9ride, se han programado actividades durante todo el a\u00f1o, convirtiendo la semana de Sant Jordi en uno de sus momentos de m\u00e1xima celebraci\u00f3n. Para el p\u00fablico adulto, se han organizado dos sesiones de cuentos para adultos, hoy lunes 17 en la Biblioteca Joan Mir\u00f3, a cargo de Assumpta Mercader, y ma\u00f1ana martes 18 en la Biblioteca Miramar, con Karme Gonz\u00e1lez. El 21 de abril, en colaboraci\u00f3n con el Centro de Estudios Mont-rogencs, el escritor Josep Giron\u00e8s presentar\u00e1 sus dos \u00faltimos libros: <em>Terres de l\u2019Ebre: 15 rutes de senderisme per a persones grans i actives<\/em> y <em>El Camp de Tarragona: 15 rutes de senderisme per a persones grans i actives.<\/em><\/p>\n<p>Para los m\u00e1s peque\u00f1os, tendremos dos cuentos y un taller de Sant Jordi el martes 18 en la Biblioteca Joan Mir\u00f3 y el 20 de abril en la Biblioteca Miramar. El mi\u00e9rcoles 19 de abril, toda la familia podr\u00e1 disfrutar en la Biblioteca Joan Mir\u00f3 de la actuaci\u00f3n musical del conjunto instrumental, coral y grupito de violines de la Escuela de M\u00fasica Baptista Nogu\u00e9s.<\/p>\n<p>El d\u00eda de Sant Jordi, en el Parque Maria Martori de Mont-roig y en la Pla\u00e7a Tarragona de Miami Platja, durante la ma\u00f1ana se entregar\u00e1n los premios del concurso de puntos de libro y Super lectores de las bibliotecas Joan Mir\u00f3 y Miramar. Seguidamente, tendr\u00e1 lugar el espect\u00e1culo infantil <em>Sant Jordi i altres contes del mon,<\/em> a cargo de Sense drama Teatre en Mont-roig y <em>Sons de faules<\/em>, a cargo de La Botzina en Miami Platja.<\/p>\n<p>Para celebrar esta efem\u00e9ride, desde las bibliotecas se ha realizado un tote bag con la imagen del cumplea\u00f1os para regalar a los usuarios y usuarias.<\/p>\n<p>&nbsp;<\/p>\n<p>&nbsp;<\/p>\n","protected":false},"excerpt":{"rendered":"<p>Coincidiendo con el d\u00eda de Sant Jordi, los equipamientos municipales organizan diversas actividades dirigidas al p\u00fablico infantil ya los adultos Las bibliotecas municipales de Mont-roig del Camp celebran este a\u00f1o el 35 aniversario de la apertura de Joan Mir\u00f3 de Mont-roig (20 de abril 1988) y los 20 a\u00f1os de la Biblioteca Miramar de Miami [&hellip;]<\/p>\n","protected":false},"author":13,"featured_media":69870,"comment_status":"closed","ping_status":"closed","sticky":false,"template":"","format":"standard","meta":{"inline_featured_image":false,"_monsterinsights_skip_tracking":false,"_monsterinsights_sitenote_active":false,"_monsterinsights_sitenote_note":"","_monsterinsights_sitenote_category":0,"footnotes":""},"categories":[98,224],"tags":[],"class_list":["post-69873","post","type-post","status-publish","format-standard","has-post-thumbnail","hentry","category-ayuntamiento","category-biblioteques-es"],"yoast_head":"<!-- This site is optimized with the Yoast SEO plugin v27.4 - https:\/\/yoast.com\/product\/yoast-seo-wordpress\/ -->\n<title>Les biblioteques Joan Mir\u00f3 i Miramar celebren 35 i 20 anys de bones lectures - Ajuntament de Mont-roig del Camp<\/title>\n<meta name=\"robots\" content=\"index, follow, max-snippet:-1, max-image-preview:large, max-video-preview:-1\" \/>\n<link rel=\"canonical\" href=\"https:\/\/mont-roig.cat\/es\/actualitat\/noticies\/les-biblioteques-joan-miro-i-miramar-celebren-35-i-20-anys-de-bones-lectures\/\" \/>\n<meta property=\"og:locale\" content=\"es_ES\" \/>\n<meta property=\"og:type\" content=\"article\" \/>\n<meta property=\"og:title\" content=\"Les biblioteques Joan Mir\u00f3 i Miramar celebren 35 i 20 anys de bones lectures - Ajuntament de Mont-roig del Camp\" \/>\n<meta property=\"og:description\" content=\"Coincidiendo con el d\u00eda de Sant Jordi, los equipamientos municipales organizan diversas actividades dirigidas al p\u00fablico infantil ya los adultos Las bibliotecas municipales de Mont-roig del Camp celebran este a\u00f1o el 35 aniversario de la apertura de Joan Mir\u00f3 de Mont-roig (20 de abril 1988) y los 20 a\u00f1os de la Biblioteca Miramar de Miami [&hellip;]\" \/>\n<meta property=\"og:url\" content=\"https:\/\/mont-roig.cat\/es\/actualitat\/noticies\/les-biblioteques-joan-miro-i-miramar-celebren-35-i-20-anys-de-bones-lectures\/\" \/>\n<meta property=\"og:site_name\" content=\"Ajuntament de Mont-roig del Camp\" \/>\n<meta property=\"article:published_time\" content=\"2023-04-17T10:36:55+00:00\" \/>\n<meta property=\"article:modified_time\" content=\"2023-04-17T11:50:28+00:00\" \/>\n<meta property=\"og:image\" content=\"https:\/\/mont-roig.cat\/wp-content\/uploads\/mm_bossa_biblios_ok-2_page-0001.jpg\" \/>\n\t<meta property=\"og:image:width\" content=\"1332\" \/>\n\t<meta property=\"og:image:height\" content=\"1536\" \/>\n\t<meta property=\"og:image:type\" content=\"image\/jpeg\" \/>\n<meta name=\"author\" content=\"comunicacio\" \/>\n<meta name=\"twitter:card\" content=\"summary_large_image\" \/>\n<meta name=\"twitter:label1\" content=\"Escrito por\" \/>\n\t<meta name=\"twitter:data1\" content=\"comunicacio\" \/>\n\t<meta name=\"twitter:label2\" content=\"Tiempo de lectura\" \/>\n\t<meta name=\"twitter:data2\" content=\"3 minutos\" \/>\n<script type=\"application\/ld+json\" class=\"yoast-schema-graph\">{\"@context\":\"https:\\\/\\\/schema.org\",\"@graph\":[{\"@type\":\"Article\",\"@id\":\"https:\\\/\\\/mont-roig.cat\\\/es\\\/actualitat\\\/noticies\\\/les-biblioteques-joan-miro-i-miramar-celebren-35-i-20-anys-de-bones-lectures\\\/#article\",\"isPartOf\":{\"@id\":\"https:\\\/\\\/mont-roig.cat\\\/es\\\/actualitat\\\/noticies\\\/les-biblioteques-joan-miro-i-miramar-celebren-35-i-20-anys-de-bones-lectures\\\/\"},\"author\":{\"name\":\"comunicacio\",\"@id\":\"https:\\\/\\\/mont-roig.cat\\\/es\\\/#\\\/schema\\\/person\\\/1f73e7b5e6f9dd122e8a6f14f310ac5e\"},\"headline\":\"Les biblioteques Joan Mir\u00f3 i Miramar celebren 35 i 20 anys de bones lectures\",\"datePublished\":\"2023-04-17T10:36:55+00:00\",\"dateModified\":\"2023-04-17T11:50:28+00:00\",\"mainEntityOfPage\":{\"@id\":\"https:\\\/\\\/mont-roig.cat\\\/es\\\/actualitat\\\/noticies\\\/les-biblioteques-joan-miro-i-miramar-celebren-35-i-20-anys-de-bones-lectures\\\/\"},\"wordCount\":427,\"image\":{\"@id\":\"https:\\\/\\\/mont-roig.cat\\\/es\\\/actualitat\\\/noticies\\\/les-biblioteques-joan-miro-i-miramar-celebren-35-i-20-anys-de-bones-lectures\\\/#primaryimage\"},\"thumbnailUrl\":\"https:\\\/\\\/mont-roig.cat\\\/wp-content\\\/uploads\\\/mm_bossa_biblios_ok-2_page-0001.jpg\",\"articleSection\":[\"Ayuntamiento\",\"Biblioteques\"],\"inLanguage\":\"es\"},{\"@type\":\"WebPage\",\"@id\":\"https:\\\/\\\/mont-roig.cat\\\/es\\\/actualitat\\\/noticies\\\/les-biblioteques-joan-miro-i-miramar-celebren-35-i-20-anys-de-bones-lectures\\\/\",\"url\":\"https:\\\/\\\/mont-roig.cat\\\/es\\\/actualitat\\\/noticies\\\/les-biblioteques-joan-miro-i-miramar-celebren-35-i-20-anys-de-bones-lectures\\\/\",\"name\":\"Les biblioteques Joan Mir\u00f3 i Miramar celebren 35 i 20 anys de bones lectures - Ajuntament de Mont-roig del Camp\",\"isPartOf\":{\"@id\":\"https:\\\/\\\/mont-roig.cat\\\/es\\\/#website\"},\"primaryImageOfPage\":{\"@id\":\"https:\\\/\\\/mont-roig.cat\\\/es\\\/actualitat\\\/noticies\\\/les-biblioteques-joan-miro-i-miramar-celebren-35-i-20-anys-de-bones-lectures\\\/#primaryimage\"},\"image\":{\"@id\":\"https:\\\/\\\/mont-roig.cat\\\/es\\\/actualitat\\\/noticies\\\/les-biblioteques-joan-miro-i-miramar-celebren-35-i-20-anys-de-bones-lectures\\\/#primaryimage\"},\"thumbnailUrl\":\"https:\\\/\\\/mont-roig.cat\\\/wp-content\\\/uploads\\\/mm_bossa_biblios_ok-2_page-0001.jpg\",\"datePublished\":\"2023-04-17T10:36:55+00:00\",\"dateModified\":\"2023-04-17T11:50:28+00:00\",\"author\":{\"@id\":\"https:\\\/\\\/mont-roig.cat\\\/es\\\/#\\\/schema\\\/person\\\/1f73e7b5e6f9dd122e8a6f14f310ac5e\"},\"breadcrumb\":{\"@id\":\"https:\\\/\\\/mont-roig.cat\\\/es\\\/actualitat\\\/noticies\\\/les-biblioteques-joan-miro-i-miramar-celebren-35-i-20-anys-de-bones-lectures\\\/#breadcrumb\"},\"inLanguage\":\"es\",\"potentialAction\":[{\"@type\":\"ReadAction\",\"target\":[\"https:\\\/\\\/mont-roig.cat\\\/es\\\/actualitat\\\/noticies\\\/les-biblioteques-joan-miro-i-miramar-celebren-35-i-20-anys-de-bones-lectures\\\/\"]}]},{\"@type\":\"ImageObject\",\"inLanguage\":\"es\",\"@id\":\"https:\\\/\\\/mont-roig.cat\\\/es\\\/actualitat\\\/noticies\\\/les-biblioteques-joan-miro-i-miramar-celebren-35-i-20-anys-de-bones-lectures\\\/#primaryimage\",\"url\":\"https:\\\/\\\/mont-roig.cat\\\/wp-content\\\/uploads\\\/mm_bossa_biblios_ok-2_page-0001.jpg\",\"contentUrl\":\"https:\\\/\\\/mont-roig.cat\\\/wp-content\\\/uploads\\\/mm_bossa_biblios_ok-2_page-0001.jpg\",\"width\":1332,\"height\":1536},{\"@type\":\"BreadcrumbList\",\"@id\":\"https:\\\/\\\/mont-roig.cat\\\/es\\\/actualitat\\\/noticies\\\/les-biblioteques-joan-miro-i-miramar-celebren-35-i-20-anys-de-bones-lectures\\\/#breadcrumb\",\"itemListElement\":[{\"@type\":\"ListItem\",\"position\":1,\"name\":\"Inici\",\"item\":\"https:\\\/\\\/mont-roig.cat\\\/es\\\/pagina-de-inicio\\\/\"},{\"@type\":\"ListItem\",\"position\":2,\"name\":\"Les biblioteques Joan Mir\u00f3 i Miramar celebren 35 i 20 anys de bones lectures\"}]},{\"@type\":\"WebSite\",\"@id\":\"https:\\\/\\\/mont-roig.cat\\\/es\\\/#website\",\"url\":\"https:\\\/\\\/mont-roig.cat\\\/es\\\/\",\"name\":\"Ajuntament de Mont-roig del Camp\",\"description\":\"Tota la informaci\u00f3 sobre la instituci\u00f3, els seus \u00f2rgans de govern, actualitat, serveis i molt m\u00e9s.\",\"potentialAction\":[{\"@type\":\"SearchAction\",\"target\":{\"@type\":\"EntryPoint\",\"urlTemplate\":\"https:\\\/\\\/mont-roig.cat\\\/es\\\/?s={search_term_string}\"},\"query-input\":{\"@type\":\"PropertyValueSpecification\",\"valueRequired\":true,\"valueName\":\"search_term_string\"}}],\"inLanguage\":\"es\"},{\"@type\":\"Person\",\"@id\":\"https:\\\/\\\/mont-roig.cat\\\/es\\\/#\\\/schema\\\/person\\\/1f73e7b5e6f9dd122e8a6f14f310ac5e\",\"name\":\"comunicacio\",\"image\":{\"@type\":\"ImageObject\",\"inLanguage\":\"es\",\"@id\":\"https:\\\/\\\/secure.gravatar.com\\\/avatar\\\/98944333e7a877670a64f8d10f0cb680ab2c9ebc4efc43945ef004b52b5ad28c?s=96&d=mm&r=g\",\"url\":\"https:\\\/\\\/secure.gravatar.com\\\/avatar\\\/98944333e7a877670a64f8d10f0cb680ab2c9ebc4efc43945ef004b52b5ad28c?s=96&d=mm&r=g\",\"contentUrl\":\"https:\\\/\\\/secure.gravatar.com\\\/avatar\\\/98944333e7a877670a64f8d10f0cb680ab2c9ebc4efc43945ef004b52b5ad28c?s=96&d=mm&r=g\",\"caption\":\"comunicacio\"},\"url\":\"https:\\\/\\\/mont-roig.cat\\\/es\\\/actualitat\\\/noticies\\\/author\\\/comunicacio\\\/\"}]}<\/script>\n<!-- \/ Yoast SEO plugin. -->","yoast_head_json":{"title":"Les biblioteques Joan Mir\u00f3 i Miramar celebren 35 i 20 anys de bones lectures - Ajuntament de Mont-roig del Camp","robots":{"index":"index","follow":"follow","max-snippet":"max-snippet:-1","max-image-preview":"max-image-preview:large","max-video-preview":"max-video-preview:-1"},"canonical":"https:\/\/mont-roig.cat\/es\/actualitat\/noticies\/les-biblioteques-joan-miro-i-miramar-celebren-35-i-20-anys-de-bones-lectures\/","og_locale":"es_ES","og_type":"article","og_title":"Les biblioteques Joan Mir\u00f3 i Miramar celebren 35 i 20 anys de bones lectures - Ajuntament de Mont-roig del Camp","og_description":"Coincidiendo con el d\u00eda de Sant Jordi, los equipamientos municipales organizan diversas actividades dirigidas al p\u00fablico infantil ya los adultos Las bibliotecas municipales de Mont-roig del Camp celebran este a\u00f1o el 35 aniversario de la apertura de Joan Mir\u00f3 de Mont-roig (20 de abril 1988) y los 20 a\u00f1os de la Biblioteca Miramar de Miami [&hellip;]","og_url":"https:\/\/mont-roig.cat\/es\/actualitat\/noticies\/les-biblioteques-joan-miro-i-miramar-celebren-35-i-20-anys-de-bones-lectures\/","og_site_name":"Ajuntament de Mont-roig del Camp","article_published_time":"2023-04-17T10:36:55+00:00","article_modified_time":"2023-04-17T11:50:28+00:00","og_image":[{"width":1332,"height":1536,"url":"https:\/\/mont-roig.cat\/wp-content\/uploads\/mm_bossa_biblios_ok-2_page-0001.jpg","type":"image\/jpeg"}],"author":"comunicacio","twitter_card":"summary_large_image","twitter_misc":{"Escrito por":"comunicacio","Tiempo de lectura":"3 minutos"},"schema":{"@context":"https:\/\/schema.org","@graph":[{"@type":"Article","@id":"https:\/\/mont-roig.cat\/es\/actualitat\/noticies\/les-biblioteques-joan-miro-i-miramar-celebren-35-i-20-anys-de-bones-lectures\/#article","isPartOf":{"@id":"https:\/\/mont-roig.cat\/es\/actualitat\/noticies\/les-biblioteques-joan-miro-i-miramar-celebren-35-i-20-anys-de-bones-lectures\/"},"author":{"name":"comunicacio","@id":"https:\/\/mont-roig.cat\/es\/#\/schema\/person\/1f73e7b5e6f9dd122e8a6f14f310ac5e"},"headline":"Les biblioteques Joan Mir\u00f3 i Miramar celebren 35 i 20 anys de bones lectures","datePublished":"2023-04-17T10:36:55+00:00","dateModified":"2023-04-17T11:50:28+00:00","mainEntityOfPage":{"@id":"https:\/\/mont-roig.cat\/es\/actualitat\/noticies\/les-biblioteques-joan-miro-i-miramar-celebren-35-i-20-anys-de-bones-lectures\/"},"wordCount":427,"image":{"@id":"https:\/\/mont-roig.cat\/es\/actualitat\/noticies\/les-biblioteques-joan-miro-i-miramar-celebren-35-i-20-anys-de-bones-lectures\/#primaryimage"},"thumbnailUrl":"https:\/\/mont-roig.cat\/wp-content\/uploads\/mm_bossa_biblios_ok-2_page-0001.jpg","articleSection":["Ayuntamiento","Biblioteques"],"inLanguage":"es"},{"@type":"WebPage","@id":"https:\/\/mont-roig.cat\/es\/actualitat\/noticies\/les-biblioteques-joan-miro-i-miramar-celebren-35-i-20-anys-de-bones-lectures\/","url":"https:\/\/mont-roig.cat\/es\/actualitat\/noticies\/les-biblioteques-joan-miro-i-miramar-celebren-35-i-20-anys-de-bones-lectures\/","name":"Les biblioteques Joan Mir\u00f3 i Miramar celebren 35 i 20 anys de bones lectures - Ajuntament de Mont-roig del Camp","isPartOf":{"@id":"https:\/\/mont-roig.cat\/es\/#website"},"primaryImageOfPage":{"@id":"https:\/\/mont-roig.cat\/es\/actualitat\/noticies\/les-biblioteques-joan-miro-i-miramar-celebren-35-i-20-anys-de-bones-lectures\/#primaryimage"},"image":{"@id":"https:\/\/mont-roig.cat\/es\/actualitat\/noticies\/les-biblioteques-joan-miro-i-miramar-celebren-35-i-20-anys-de-bones-lectures\/#primaryimage"},"thumbnailUrl":"https:\/\/mont-roig.cat\/wp-content\/uploads\/mm_bossa_biblios_ok-2_page-0001.jpg","datePublished":"2023-04-17T10:36:55+00:00","dateModified":"2023-04-17T11:50:28+00:00","author":{"@id":"https:\/\/mont-roig.cat\/es\/#\/schema\/person\/1f73e7b5e6f9dd122e8a6f14f310ac5e"},"breadcrumb":{"@id":"https:\/\/mont-roig.cat\/es\/actualitat\/noticies\/les-biblioteques-joan-miro-i-miramar-celebren-35-i-20-anys-de-bones-lectures\/#breadcrumb"},"inLanguage":"es","potentialAction":[{"@type":"ReadAction","target":["https:\/\/mont-roig.cat\/es\/actualitat\/noticies\/les-biblioteques-joan-miro-i-miramar-celebren-35-i-20-anys-de-bones-lectures\/"]}]},{"@type":"ImageObject","inLanguage":"es","@id":"https:\/\/mont-roig.cat\/es\/actualitat\/noticies\/les-biblioteques-joan-miro-i-miramar-celebren-35-i-20-anys-de-bones-lectures\/#primaryimage","url":"https:\/\/mont-roig.cat\/wp-content\/uploads\/mm_bossa_biblios_ok-2_page-0001.jpg","contentUrl":"https:\/\/mont-roig.cat\/wp-content\/uploads\/mm_bossa_biblios_ok-2_page-0001.jpg","width":1332,"height":1536},{"@type":"BreadcrumbList","@id":"https:\/\/mont-roig.cat\/es\/actualitat\/noticies\/les-biblioteques-joan-miro-i-miramar-celebren-35-i-20-anys-de-bones-lectures\/#breadcrumb","itemListElement":[{"@type":"ListItem","position":1,"name":"Inici","item":"https:\/\/mont-roig.cat\/es\/pagina-de-inicio\/"},{"@type":"ListItem","position":2,"name":"Les biblioteques Joan Mir\u00f3 i Miramar celebren 35 i 20 anys de bones lectures"}]},{"@type":"WebSite","@id":"https:\/\/mont-roig.cat\/es\/#website","url":"https:\/\/mont-roig.cat\/es\/","name":"Ajuntament de Mont-roig del Camp","description":"Tota la informaci\u00f3 sobre la instituci\u00f3, els seus \u00f2rgans de govern, actualitat, serveis i molt m\u00e9s.","potentialAction":[{"@type":"SearchAction","target":{"@type":"EntryPoint","urlTemplate":"https:\/\/mont-roig.cat\/es\/?s={search_term_string}"},"query-input":{"@type":"PropertyValueSpecification","valueRequired":true,"valueName":"search_term_string"}}],"inLanguage":"es"},{"@type":"Person","@id":"https:\/\/mont-roig.cat\/es\/#\/schema\/person\/1f73e7b5e6f9dd122e8a6f14f310ac5e","name":"comunicacio","image":{"@type":"ImageObject","inLanguage":"es","@id":"https:\/\/secure.gravatar.com\/avatar\/98944333e7a877670a64f8d10f0cb680ab2c9ebc4efc43945ef004b52b5ad28c?s=96&d=mm&r=g","url":"https:\/\/secure.gravatar.com\/avatar\/98944333e7a877670a64f8d10f0cb680ab2c9ebc4efc43945ef004b52b5ad28c?s=96&d=mm&r=g","contentUrl":"https:\/\/secure.gravatar.com\/avatar\/98944333e7a877670a64f8d10f0cb680ab2c9ebc4efc43945ef004b52b5ad28c?s=96&d=mm&r=g","caption":"comunicacio"},"url":"https:\/\/mont-roig.cat\/es\/actualitat\/noticies\/author\/comunicacio\/"}]}},"_links":{"self":[{"href":"https:\/\/mont-roig.cat\/es\/wp-json\/wp\/v2\/posts\/69873","targetHints":{"allow":["GET"]}}],"collection":[{"href":"https:\/\/mont-roig.cat\/es\/wp-json\/wp\/v2\/posts"}],"about":[{"href":"https:\/\/mont-roig.cat\/es\/wp-json\/wp\/v2\/types\/post"}],"author":[{"embeddable":true,"href":"https:\/\/mont-roig.cat\/es\/wp-json\/wp\/v2\/users\/13"}],"replies":[{"embeddable":true,"href":"https:\/\/mont-roig.cat\/es\/wp-json\/wp\/v2\/comments?post=69873"}],"version-history":[{"count":3,"href":"https:\/\/mont-roig.cat\/es\/wp-json\/wp\/v2\/posts\/69873\/revisions"}],"predecessor-version":[{"id":69877,"href":"https:\/\/mont-roig.cat\/es\/wp-json\/wp\/v2\/posts\/69873\/revisions\/69877"}],"wp:featuredmedia":[{"embeddable":true,"href":"https:\/\/mont-roig.cat\/es\/wp-json\/wp\/v2\/media\/69870"}],"wp:attachment":[{"href":"https:\/\/mont-roig.cat\/es\/wp-json\/wp\/v2\/media?parent=69873"}],"wp:term":[{"taxonomy":"category","embeddable":true,"href":"https:\/\/mont-roig.cat\/es\/wp-json\/wp\/v2\/categories?post=69873"},{"taxonomy":"post_tag","embeddable":true,"href":"https:\/\/mont-roig.cat\/es\/wp-json\/wp\/v2\/tags?post=69873"}],"curies":[{"name":"wp","href":"https:\/\/api.w.org\/{rel}","templated":true}]}}