{"id":69940,"date":"2023-04-25T13:39:20","date_gmt":"2023-04-25T11:39:20","guid":{"rendered":"https:\/\/mont-roig.cat\/actualitat\/noticies\/formacio-i-treball-recull-prop-de-24-tones-de-roba-usada-durant-lany-2022-a-mont-roig-del-camp\/"},"modified":"2023-04-25T13:45:54","modified_gmt":"2023-04-25T11:45:54","slug":"formacio-i-treball-recoge-cerca-de-24-toneladas-de-ropa-usada-durante-el-ano-2022-en-mont-roig-del-camp","status":"publish","type":"post","link":"https:\/\/mont-roig.cat\/es\/actualitat\/noticies\/formacio-i-treball-recoge-cerca-de-24-toneladas-de-ropa-usada-durante-el-ano-2022-en-mont-roig-del-camp\/","title":{"rendered":"Formaci\u00f3 i Treball recoge cerca de 24 toneladas de ropa usada durante el a\u00f1o 2022 en Mont-roig del Camp"},"content":{"rendered":"<div id=\"attachment_69936\" style=\"width: 307px\" class=\"wp-caption alignright\"><a href=\"https:\/\/mont-roig.cat\/wp-content\/uploads\/roba-amiga2.jpeg\" target=\"_blank\" rel=\"noopener\"><img loading=\"lazy\" decoding=\"async\" aria-describedby=\"caption-attachment-69936\" class=\"wp-image-69936\" src=\"https:\/\/mont-roig.cat\/wp-content\/uploads\/roba-amiga2-500x264.jpeg\" alt=\"\" width=\"297\" height=\"157\" srcset=\"https:\/\/mont-roig.cat\/wp-content\/uploads\/roba-amiga2-500x264.jpeg 500w, https:\/\/mont-roig.cat\/wp-content\/uploads\/roba-amiga2-768x406.jpeg 768w, https:\/\/mont-roig.cat\/wp-content\/uploads\/roba-amiga2.jpeg 1000w\" sizes=\"auto, (max-width: 297px) 100vw, 297px\" \/><\/a><p id=\"caption-attachment-69936\" class=\"wp-caption-text\">Imagen de archivo de 2 contenedores de Roba Amiga.<\/p><\/div>\n<ul>\n<li><strong>La ciudadan\u00eda ha colaborado con esta entidad depositando la ropa y los complementos en los 10 contenedores que existen en el municipio<\/strong><\/li>\n<\/ul>\n<p>La Fundaci\u00f3 Formaci\u00f3 i Treball ha recogido cerca de 24 toneladas de ropa usada en Mont-Roig del Camp durante el a\u00f1o 2022 a trav\u00e9s de 10 contenedores instalados en el municipio para garantizar la sostenibilidad medioambiental de Mont-roig del Camp.<\/p>\n<p>Asimismo, en el c\u00f3mputo global de Catalu\u00f1a, Formaci\u00f3 i Treball ha procesado 23.000 toneladas de ropa y complementos en sus 5 plantas; especialmente en la de San Esteve Sesrovires, la m\u00e1s grande y avanzada del sur de Europa. Parte de esta ropa ha sido canalizada mediante los m\u00e1s de 1.300 contenedores ubicados en m\u00e1s de 260 municipios gestionados por la entidad. De nuevo estas cifras en positivo indican que cada vez en mayor medida la ciudadan\u00eda tiene como referente a los contenedores de la Fundaci\u00f3n, vinculado al proyecto Roba Amiga, para realizar donaciones de ropa y complementos en buen estado que ya no utilizan.<\/p>\n<p>Cabe decir que el 55% de la ropa, la que est\u00e1 en mejores condiciones, se gestiona y destina a su reutilizaci\u00f3n a trav\u00e9s de los 136 puntos de venta \u00e9tica para toda Espa\u00f1a. Se trata de espacios de venta modernos y competitivos que rompen el estigma del consumo de la ropa usada al tiempo que gestionan los Programas de Entrega Social que tambi\u00e9n impulsa la Fundaci\u00f3n.<\/p>\n<p>Gracias a la recogida de ropa, se crean puestos de trabajo para personas en situaci\u00f3n de vulnerabilidad. Durante 2022, 399 personas consiguieron una oportunidad laboral en la l\u00ednea textil de la Fundaci\u00f3, dando vida a la generaci\u00f3n de puestos de trabajo sostenibles para el medio ambiente. Este proyecto tambi\u00e9n permite poner en marcha el programa solidario de Entrega Social, un proyecto de la Fundaci\u00f3n en colaboraci\u00f3n con diferentes servicios sociales municipales. Durante el 2022, la Fundaci\u00f3n ha atendido a m\u00e1s de 3.519 personas. Por \u00faltimo, gracias a la recogida de ropa usada, se impulsa un impacto positivo medioambiental. Por cada 4 kg de residuo textil debidamente gestionado ahorramos aproximadamente 2 kg de emisiones de CO2. Por tanto, la producci\u00f3n responsable que promueve Formaci\u00f3 i Treball, dentro del marco de los ODS de la Agenda 2030, ha implicado un ahorro de emisiones de CO2 de m\u00e1s de 582.150 toneladas.<\/p>\n","protected":false},"excerpt":{"rendered":"<p>La ciudadan\u00eda ha colaborado con esta entidad depositando la ropa y los complementos en los 10 contenedores que existen en el municipio La Fundaci\u00f3 Formaci\u00f3 i Treball ha recogido cerca de 24 toneladas de ropa usada en Mont-Roig del Camp durante el a\u00f1o 2022 a trav\u00e9s de 10 contenedores instalados en el municipio para garantizar [&hellip;]<\/p>\n","protected":false},"author":13,"featured_media":69937,"comment_status":"closed","ping_status":"closed","sticky":false,"template":"","format":"standard","meta":{"inline_featured_image":false,"_monsterinsights_skip_tracking":false,"_monsterinsights_sitenote_active":false,"_monsterinsights_sitenote_note":"","_monsterinsights_sitenote_category":0,"footnotes":""},"categories":[98,143],"tags":[],"class_list":["post-69940","post","type-post","status-publish","format-standard","has-post-thumbnail","hentry","category-ayuntamiento","category-residuos-es"],"yoast_head":"<!-- This site is optimized with the Yoast SEO plugin v27.4 - https:\/\/yoast.com\/product\/yoast-seo-wordpress\/ -->\n<title>Formaci\u00f3 i Treball recoge cerca de 24 toneladas de ropa usada durante el a\u00f1o 2022 en Mont-roig del Camp - Ajuntament de Mont-roig del Camp<\/title>\n<meta name=\"robots\" content=\"index, follow, max-snippet:-1, max-image-preview:large, max-video-preview:-1\" \/>\n<link rel=\"canonical\" href=\"https:\/\/mont-roig.cat\/es\/actualitat\/noticies\/formacio-i-treball-recoge-cerca-de-24-toneladas-de-ropa-usada-durante-el-ano-2022-en-mont-roig-del-camp\/\" \/>\n<meta property=\"og:locale\" content=\"es_ES\" \/>\n<meta property=\"og:type\" content=\"article\" \/>\n<meta property=\"og:title\" content=\"Formaci\u00f3 i Treball recoge cerca de 24 toneladas de ropa usada durante el a\u00f1o 2022 en Mont-roig del Camp - Ajuntament de Mont-roig del Camp\" \/>\n<meta property=\"og:description\" content=\"La ciudadan\u00eda ha colaborado con esta entidad depositando la ropa y los complementos en los 10 contenedores que existen en el municipio La Fundaci\u00f3 Formaci\u00f3 i Treball ha recogido cerca de 24 toneladas de ropa usada en Mont-Roig del Camp durante el a\u00f1o 2022 a trav\u00e9s de 10 contenedores instalados en el municipio para garantizar [&hellip;]\" \/>\n<meta property=\"og:url\" content=\"https:\/\/mont-roig.cat\/es\/actualitat\/noticies\/formacio-i-treball-recoge-cerca-de-24-toneladas-de-ropa-usada-durante-el-ano-2022-en-mont-roig-del-camp\/\" \/>\n<meta property=\"og:site_name\" content=\"Ajuntament de Mont-roig del Camp\" \/>\n<meta property=\"article:published_time\" content=\"2023-04-25T11:39:20+00:00\" \/>\n<meta property=\"article:modified_time\" content=\"2023-04-25T11:45:54+00:00\" \/>\n<meta property=\"og:image\" content=\"https:\/\/mont-roig.cat\/wp-content\/uploads\/roba-amiga2.jpeg\" \/>\n\t<meta property=\"og:image:width\" content=\"1000\" \/>\n\t<meta property=\"og:image:height\" content=\"528\" \/>\n\t<meta property=\"og:image:type\" content=\"image\/jpeg\" \/>\n<meta name=\"author\" content=\"comunicacio\" \/>\n<meta name=\"twitter:card\" content=\"summary_large_image\" \/>\n<meta name=\"twitter:label1\" content=\"Escrito por\" \/>\n\t<meta name=\"twitter:data1\" content=\"comunicacio\" \/>\n\t<meta name=\"twitter:label2\" content=\"Tiempo de lectura\" \/>\n\t<meta name=\"twitter:data2\" content=\"3 minutos\" \/>\n<script type=\"application\/ld+json\" class=\"yoast-schema-graph\">{\"@context\":\"https:\\\/\\\/schema.org\",\"@graph\":[{\"@type\":\"Article\",\"@id\":\"https:\\\/\\\/mont-roig.cat\\\/es\\\/actualitat\\\/noticies\\\/formacio-i-treball-recoge-cerca-de-24-toneladas-de-ropa-usada-durante-el-ano-2022-en-mont-roig-del-camp\\\/#article\",\"isPartOf\":{\"@id\":\"https:\\\/\\\/mont-roig.cat\\\/es\\\/actualitat\\\/noticies\\\/formacio-i-treball-recoge-cerca-de-24-toneladas-de-ropa-usada-durante-el-ano-2022-en-mont-roig-del-camp\\\/\"},\"author\":{\"name\":\"comunicacio\",\"@id\":\"https:\\\/\\\/mont-roig.cat\\\/es\\\/#\\\/schema\\\/person\\\/1f73e7b5e6f9dd122e8a6f14f310ac5e\"},\"headline\":\"Formaci\u00f3 i Treball recoge cerca de 24 toneladas de ropa usada durante el a\u00f1o 2022 en Mont-roig del Camp\",\"datePublished\":\"2023-04-25T11:39:20+00:00\",\"dateModified\":\"2023-04-25T11:45:54+00:00\",\"mainEntityOfPage\":{\"@id\":\"https:\\\/\\\/mont-roig.cat\\\/es\\\/actualitat\\\/noticies\\\/formacio-i-treball-recoge-cerca-de-24-toneladas-de-ropa-usada-durante-el-ano-2022-en-mont-roig-del-camp\\\/\"},\"wordCount\":420,\"image\":{\"@id\":\"https:\\\/\\\/mont-roig.cat\\\/es\\\/actualitat\\\/noticies\\\/formacio-i-treball-recoge-cerca-de-24-toneladas-de-ropa-usada-durante-el-ano-2022-en-mont-roig-del-camp\\\/#primaryimage\"},\"thumbnailUrl\":\"https:\\\/\\\/mont-roig.cat\\\/wp-content\\\/uploads\\\/roba-amiga2.jpeg\",\"articleSection\":[\"Ayuntamiento\",\"Residuos\"],\"inLanguage\":\"es\"},{\"@type\":\"WebPage\",\"@id\":\"https:\\\/\\\/mont-roig.cat\\\/es\\\/actualitat\\\/noticies\\\/formacio-i-treball-recoge-cerca-de-24-toneladas-de-ropa-usada-durante-el-ano-2022-en-mont-roig-del-camp\\\/\",\"url\":\"https:\\\/\\\/mont-roig.cat\\\/es\\\/actualitat\\\/noticies\\\/formacio-i-treball-recoge-cerca-de-24-toneladas-de-ropa-usada-durante-el-ano-2022-en-mont-roig-del-camp\\\/\",\"name\":\"Formaci\u00f3 i Treball recoge cerca de 24 toneladas de ropa usada durante el a\u00f1o 2022 en Mont-roig del Camp - Ajuntament de Mont-roig del Camp\",\"isPartOf\":{\"@id\":\"https:\\\/\\\/mont-roig.cat\\\/es\\\/#website\"},\"primaryImageOfPage\":{\"@id\":\"https:\\\/\\\/mont-roig.cat\\\/es\\\/actualitat\\\/noticies\\\/formacio-i-treball-recoge-cerca-de-24-toneladas-de-ropa-usada-durante-el-ano-2022-en-mont-roig-del-camp\\\/#primaryimage\"},\"image\":{\"@id\":\"https:\\\/\\\/mont-roig.cat\\\/es\\\/actualitat\\\/noticies\\\/formacio-i-treball-recoge-cerca-de-24-toneladas-de-ropa-usada-durante-el-ano-2022-en-mont-roig-del-camp\\\/#primaryimage\"},\"thumbnailUrl\":\"https:\\\/\\\/mont-roig.cat\\\/wp-content\\\/uploads\\\/roba-amiga2.jpeg\",\"datePublished\":\"2023-04-25T11:39:20+00:00\",\"dateModified\":\"2023-04-25T11:45:54+00:00\",\"author\":{\"@id\":\"https:\\\/\\\/mont-roig.cat\\\/es\\\/#\\\/schema\\\/person\\\/1f73e7b5e6f9dd122e8a6f14f310ac5e\"},\"breadcrumb\":{\"@id\":\"https:\\\/\\\/mont-roig.cat\\\/es\\\/actualitat\\\/noticies\\\/formacio-i-treball-recoge-cerca-de-24-toneladas-de-ropa-usada-durante-el-ano-2022-en-mont-roig-del-camp\\\/#breadcrumb\"},\"inLanguage\":\"es\",\"potentialAction\":[{\"@type\":\"ReadAction\",\"target\":[\"https:\\\/\\\/mont-roig.cat\\\/es\\\/actualitat\\\/noticies\\\/formacio-i-treball-recoge-cerca-de-24-toneladas-de-ropa-usada-durante-el-ano-2022-en-mont-roig-del-camp\\\/\"]}]},{\"@type\":\"ImageObject\",\"inLanguage\":\"es\",\"@id\":\"https:\\\/\\\/mont-roig.cat\\\/es\\\/actualitat\\\/noticies\\\/formacio-i-treball-recoge-cerca-de-24-toneladas-de-ropa-usada-durante-el-ano-2022-en-mont-roig-del-camp\\\/#primaryimage\",\"url\":\"https:\\\/\\\/mont-roig.cat\\\/wp-content\\\/uploads\\\/roba-amiga2.jpeg\",\"contentUrl\":\"https:\\\/\\\/mont-roig.cat\\\/wp-content\\\/uploads\\\/roba-amiga2.jpeg\",\"width\":1000,\"height\":528},{\"@type\":\"BreadcrumbList\",\"@id\":\"https:\\\/\\\/mont-roig.cat\\\/es\\\/actualitat\\\/noticies\\\/formacio-i-treball-recoge-cerca-de-24-toneladas-de-ropa-usada-durante-el-ano-2022-en-mont-roig-del-camp\\\/#breadcrumb\",\"itemListElement\":[{\"@type\":\"ListItem\",\"position\":1,\"name\":\"Inici\",\"item\":\"https:\\\/\\\/mont-roig.cat\\\/es\\\/pagina-de-inicio\\\/\"},{\"@type\":\"ListItem\",\"position\":2,\"name\":\"Formaci\u00f3 i Treball recoge cerca de 24 toneladas de ropa usada durante el a\u00f1o 2022 en Mont-roig del Camp\"}]},{\"@type\":\"WebSite\",\"@id\":\"https:\\\/\\\/mont-roig.cat\\\/es\\\/#website\",\"url\":\"https:\\\/\\\/mont-roig.cat\\\/es\\\/\",\"name\":\"Ajuntament de Mont-roig del Camp\",\"description\":\"Tota la informaci\u00f3 sobre la instituci\u00f3, els seus \u00f2rgans de govern, actualitat, serveis i molt m\u00e9s.\",\"potentialAction\":[{\"@type\":\"SearchAction\",\"target\":{\"@type\":\"EntryPoint\",\"urlTemplate\":\"https:\\\/\\\/mont-roig.cat\\\/es\\\/?s={search_term_string}\"},\"query-input\":{\"@type\":\"PropertyValueSpecification\",\"valueRequired\":true,\"valueName\":\"search_term_string\"}}],\"inLanguage\":\"es\"},{\"@type\":\"Person\",\"@id\":\"https:\\\/\\\/mont-roig.cat\\\/es\\\/#\\\/schema\\\/person\\\/1f73e7b5e6f9dd122e8a6f14f310ac5e\",\"name\":\"comunicacio\",\"image\":{\"@type\":\"ImageObject\",\"inLanguage\":\"es\",\"@id\":\"https:\\\/\\\/secure.gravatar.com\\\/avatar\\\/98944333e7a877670a64f8d10f0cb680ab2c9ebc4efc43945ef004b52b5ad28c?s=96&d=mm&r=g\",\"url\":\"https:\\\/\\\/secure.gravatar.com\\\/avatar\\\/98944333e7a877670a64f8d10f0cb680ab2c9ebc4efc43945ef004b52b5ad28c?s=96&d=mm&r=g\",\"contentUrl\":\"https:\\\/\\\/secure.gravatar.com\\\/avatar\\\/98944333e7a877670a64f8d10f0cb680ab2c9ebc4efc43945ef004b52b5ad28c?s=96&d=mm&r=g\",\"caption\":\"comunicacio\"},\"url\":\"https:\\\/\\\/mont-roig.cat\\\/es\\\/actualitat\\\/noticies\\\/author\\\/comunicacio\\\/\"}]}<\/script>\n<!-- \/ Yoast SEO plugin. -->","yoast_head_json":{"title":"Formaci\u00f3 i Treball recoge cerca de 24 toneladas de ropa usada durante el a\u00f1o 2022 en Mont-roig del Camp - Ajuntament de Mont-roig del Camp","robots":{"index":"index","follow":"follow","max-snippet":"max-snippet:-1","max-image-preview":"max-image-preview:large","max-video-preview":"max-video-preview:-1"},"canonical":"https:\/\/mont-roig.cat\/es\/actualitat\/noticies\/formacio-i-treball-recoge-cerca-de-24-toneladas-de-ropa-usada-durante-el-ano-2022-en-mont-roig-del-camp\/","og_locale":"es_ES","og_type":"article","og_title":"Formaci\u00f3 i Treball recoge cerca de 24 toneladas de ropa usada durante el a\u00f1o 2022 en Mont-roig del Camp - Ajuntament de Mont-roig del Camp","og_description":"La ciudadan\u00eda ha colaborado con esta entidad depositando la ropa y los complementos en los 10 contenedores que existen en el municipio La Fundaci\u00f3 Formaci\u00f3 i Treball ha recogido cerca de 24 toneladas de ropa usada en Mont-Roig del Camp durante el a\u00f1o 2022 a trav\u00e9s de 10 contenedores instalados en el municipio para garantizar [&hellip;]","og_url":"https:\/\/mont-roig.cat\/es\/actualitat\/noticies\/formacio-i-treball-recoge-cerca-de-24-toneladas-de-ropa-usada-durante-el-ano-2022-en-mont-roig-del-camp\/","og_site_name":"Ajuntament de Mont-roig del Camp","article_published_time":"2023-04-25T11:39:20+00:00","article_modified_time":"2023-04-25T11:45:54+00:00","og_image":[{"width":1000,"height":528,"url":"https:\/\/mont-roig.cat\/wp-content\/uploads\/roba-amiga2.jpeg","type":"image\/jpeg"}],"author":"comunicacio","twitter_card":"summary_large_image","twitter_misc":{"Escrito por":"comunicacio","Tiempo de lectura":"3 minutos"},"schema":{"@context":"https:\/\/schema.org","@graph":[{"@type":"Article","@id":"https:\/\/mont-roig.cat\/es\/actualitat\/noticies\/formacio-i-treball-recoge-cerca-de-24-toneladas-de-ropa-usada-durante-el-ano-2022-en-mont-roig-del-camp\/#article","isPartOf":{"@id":"https:\/\/mont-roig.cat\/es\/actualitat\/noticies\/formacio-i-treball-recoge-cerca-de-24-toneladas-de-ropa-usada-durante-el-ano-2022-en-mont-roig-del-camp\/"},"author":{"name":"comunicacio","@id":"https:\/\/mont-roig.cat\/es\/#\/schema\/person\/1f73e7b5e6f9dd122e8a6f14f310ac5e"},"headline":"Formaci\u00f3 i Treball recoge cerca de 24 toneladas de ropa usada durante el a\u00f1o 2022 en Mont-roig del Camp","datePublished":"2023-04-25T11:39:20+00:00","dateModified":"2023-04-25T11:45:54+00:00","mainEntityOfPage":{"@id":"https:\/\/mont-roig.cat\/es\/actualitat\/noticies\/formacio-i-treball-recoge-cerca-de-24-toneladas-de-ropa-usada-durante-el-ano-2022-en-mont-roig-del-camp\/"},"wordCount":420,"image":{"@id":"https:\/\/mont-roig.cat\/es\/actualitat\/noticies\/formacio-i-treball-recoge-cerca-de-24-toneladas-de-ropa-usada-durante-el-ano-2022-en-mont-roig-del-camp\/#primaryimage"},"thumbnailUrl":"https:\/\/mont-roig.cat\/wp-content\/uploads\/roba-amiga2.jpeg","articleSection":["Ayuntamiento","Residuos"],"inLanguage":"es"},{"@type":"WebPage","@id":"https:\/\/mont-roig.cat\/es\/actualitat\/noticies\/formacio-i-treball-recoge-cerca-de-24-toneladas-de-ropa-usada-durante-el-ano-2022-en-mont-roig-del-camp\/","url":"https:\/\/mont-roig.cat\/es\/actualitat\/noticies\/formacio-i-treball-recoge-cerca-de-24-toneladas-de-ropa-usada-durante-el-ano-2022-en-mont-roig-del-camp\/","name":"Formaci\u00f3 i Treball recoge cerca de 24 toneladas de ropa usada durante el a\u00f1o 2022 en Mont-roig del Camp - Ajuntament de Mont-roig del Camp","isPartOf":{"@id":"https:\/\/mont-roig.cat\/es\/#website"},"primaryImageOfPage":{"@id":"https:\/\/mont-roig.cat\/es\/actualitat\/noticies\/formacio-i-treball-recoge-cerca-de-24-toneladas-de-ropa-usada-durante-el-ano-2022-en-mont-roig-del-camp\/#primaryimage"},"image":{"@id":"https:\/\/mont-roig.cat\/es\/actualitat\/noticies\/formacio-i-treball-recoge-cerca-de-24-toneladas-de-ropa-usada-durante-el-ano-2022-en-mont-roig-del-camp\/#primaryimage"},"thumbnailUrl":"https:\/\/mont-roig.cat\/wp-content\/uploads\/roba-amiga2.jpeg","datePublished":"2023-04-25T11:39:20+00:00","dateModified":"2023-04-25T11:45:54+00:00","author":{"@id":"https:\/\/mont-roig.cat\/es\/#\/schema\/person\/1f73e7b5e6f9dd122e8a6f14f310ac5e"},"breadcrumb":{"@id":"https:\/\/mont-roig.cat\/es\/actualitat\/noticies\/formacio-i-treball-recoge-cerca-de-24-toneladas-de-ropa-usada-durante-el-ano-2022-en-mont-roig-del-camp\/#breadcrumb"},"inLanguage":"es","potentialAction":[{"@type":"ReadAction","target":["https:\/\/mont-roig.cat\/es\/actualitat\/noticies\/formacio-i-treball-recoge-cerca-de-24-toneladas-de-ropa-usada-durante-el-ano-2022-en-mont-roig-del-camp\/"]}]},{"@type":"ImageObject","inLanguage":"es","@id":"https:\/\/mont-roig.cat\/es\/actualitat\/noticies\/formacio-i-treball-recoge-cerca-de-24-toneladas-de-ropa-usada-durante-el-ano-2022-en-mont-roig-del-camp\/#primaryimage","url":"https:\/\/mont-roig.cat\/wp-content\/uploads\/roba-amiga2.jpeg","contentUrl":"https:\/\/mont-roig.cat\/wp-content\/uploads\/roba-amiga2.jpeg","width":1000,"height":528},{"@type":"BreadcrumbList","@id":"https:\/\/mont-roig.cat\/es\/actualitat\/noticies\/formacio-i-treball-recoge-cerca-de-24-toneladas-de-ropa-usada-durante-el-ano-2022-en-mont-roig-del-camp\/#breadcrumb","itemListElement":[{"@type":"ListItem","position":1,"name":"Inici","item":"https:\/\/mont-roig.cat\/es\/pagina-de-inicio\/"},{"@type":"ListItem","position":2,"name":"Formaci\u00f3 i Treball recoge cerca de 24 toneladas de ropa usada durante el a\u00f1o 2022 en Mont-roig del Camp"}]},{"@type":"WebSite","@id":"https:\/\/mont-roig.cat\/es\/#website","url":"https:\/\/mont-roig.cat\/es\/","name":"Ajuntament de Mont-roig del Camp","description":"Tota la informaci\u00f3 sobre la instituci\u00f3, els seus \u00f2rgans de govern, actualitat, serveis i molt m\u00e9s.","potentialAction":[{"@type":"SearchAction","target":{"@type":"EntryPoint","urlTemplate":"https:\/\/mont-roig.cat\/es\/?s={search_term_string}"},"query-input":{"@type":"PropertyValueSpecification","valueRequired":true,"valueName":"search_term_string"}}],"inLanguage":"es"},{"@type":"Person","@id":"https:\/\/mont-roig.cat\/es\/#\/schema\/person\/1f73e7b5e6f9dd122e8a6f14f310ac5e","name":"comunicacio","image":{"@type":"ImageObject","inLanguage":"es","@id":"https:\/\/secure.gravatar.com\/avatar\/98944333e7a877670a64f8d10f0cb680ab2c9ebc4efc43945ef004b52b5ad28c?s=96&d=mm&r=g","url":"https:\/\/secure.gravatar.com\/avatar\/98944333e7a877670a64f8d10f0cb680ab2c9ebc4efc43945ef004b52b5ad28c?s=96&d=mm&r=g","contentUrl":"https:\/\/secure.gravatar.com\/avatar\/98944333e7a877670a64f8d10f0cb680ab2c9ebc4efc43945ef004b52b5ad28c?s=96&d=mm&r=g","caption":"comunicacio"},"url":"https:\/\/mont-roig.cat\/es\/actualitat\/noticies\/author\/comunicacio\/"}]}},"_links":{"self":[{"href":"https:\/\/mont-roig.cat\/es\/wp-json\/wp\/v2\/posts\/69940","targetHints":{"allow":["GET"]}}],"collection":[{"href":"https:\/\/mont-roig.cat\/es\/wp-json\/wp\/v2\/posts"}],"about":[{"href":"https:\/\/mont-roig.cat\/es\/wp-json\/wp\/v2\/types\/post"}],"author":[{"embeddable":true,"href":"https:\/\/mont-roig.cat\/es\/wp-json\/wp\/v2\/users\/13"}],"replies":[{"embeddable":true,"href":"https:\/\/mont-roig.cat\/es\/wp-json\/wp\/v2\/comments?post=69940"}],"version-history":[{"count":2,"href":"https:\/\/mont-roig.cat\/es\/wp-json\/wp\/v2\/posts\/69940\/revisions"}],"predecessor-version":[{"id":69942,"href":"https:\/\/mont-roig.cat\/es\/wp-json\/wp\/v2\/posts\/69940\/revisions\/69942"}],"wp:featuredmedia":[{"embeddable":true,"href":"https:\/\/mont-roig.cat\/es\/wp-json\/wp\/v2\/media\/69937"}],"wp:attachment":[{"href":"https:\/\/mont-roig.cat\/es\/wp-json\/wp\/v2\/media?parent=69940"}],"wp:term":[{"taxonomy":"category","embeddable":true,"href":"https:\/\/mont-roig.cat\/es\/wp-json\/wp\/v2\/categories?post=69940"},{"taxonomy":"post_tag","embeddable":true,"href":"https:\/\/mont-roig.cat\/es\/wp-json\/wp\/v2\/tags?post=69940"}],"curies":[{"name":"wp","href":"https:\/\/api.w.org\/{rel}","templated":true}]}}