{"id":70323,"date":"2023-05-17T14:49:15","date_gmt":"2023-05-17T12:49:15","guid":{"rendered":"https:\/\/mont-roig.cat\/?p=70323"},"modified":"2023-05-17T14:49:15","modified_gmt":"2023-05-17T12:49:15","slug":"lespai-coworking-se-traslada-al-centro-polivalente-sant-jaume","status":"publish","type":"post","link":"https:\/\/mont-roig.cat\/es\/actualitat\/noticies\/lespai-coworking-se-traslada-al-centro-polivalente-sant-jaume\/","title":{"rendered":"L&#8217;Espai coworking se traslada al Centro Polivalente Sant Jaume"},"content":{"rendered":"<ul>\n<li><strong><a href=\"https:\/\/mont-roig.cat\/wp-content\/uploads\/IMG_4079-scaled.jpg\"><img loading=\"lazy\" decoding=\"async\" class=\"alignright wp-image-70157\" src=\"https:\/\/mont-roig.cat\/wp-content\/uploads\/IMG_4079-500x375.jpg\" alt=\"\" width=\"300\" height=\"225\" srcset=\"https:\/\/mont-roig.cat\/wp-content\/uploads\/IMG_4079-500x375.jpg 500w, https:\/\/mont-roig.cat\/wp-content\/uploads\/IMG_4079-1024x768.jpg 1024w, https:\/\/mont-roig.cat\/wp-content\/uploads\/IMG_4079-768x576.jpg 768w, https:\/\/mont-roig.cat\/wp-content\/uploads\/IMG_4079-1536x1152.jpg 1536w, https:\/\/mont-roig.cat\/wp-content\/uploads\/IMG_4079-scaled.jpg 2048w, https:\/\/mont-roig.cat\/wp-content\/uploads\/IMG_4079-463x348.jpg 463w\" sizes=\"auto, (max-width: 300px) 100vw, 300px\" \/><\/a>Se trata de una zona de trabajo compartida para personas emprendedoras y empresarias que cuenta con varios servicios (internet, impresora, mesa reuniones, cocina office, entre otros)<\/strong><\/li>\n<\/ul>\n<p>El Espacio coworking se ha trasladado al Centro Polivalente Sant Jaume despu\u00e9s de cambios organizativos en algunos departamentos del Ayuntamiento. De esta forma se mantiene el servicio a las personas empresarias y emprendedoras que requieran o busquen un puesto de trabajo compartido donde desarrollar sus proyectos.<\/p>\n<p>Las nuevas instalaciones, de la calle Soria, disponen de:<br \/>\n&#8211; Mesa de trabajo<br \/>\n&#8211; Armario con llave<br \/>\n&#8211; Mesa de reuniones<br \/>\n&#8211; Zona de descanso<br \/>\n&#8211; Cocina office<br \/>\n&#8211; Aire acondicionado\/calefacci\u00f3n<br \/>\n&#8211; Conexi\u00f3n internet<br \/>\n&#8211; Impresora, fotocopiadora y esc\u00e1ner<br \/>\n&#8211; Mantenimiento y limpieza<br \/>\n&#8211; Uso de PC&#8217;s comunitarios<br \/>\n&#8211; Formaci\u00f3n espec\u00edfica<br \/>\n&#8211; Asesoramiento empresarial<\/p>\n<p>El horario de acceso a L&#8217;ESPAI COWORKING es de lunes a viernes de 8 a 20 horas y las personas interesadas pueden acogerse a las diversas tarifas, seg\u00fan sus necesidades.<\/p>\n<p>Toda la informaci\u00f3n se puede consultar en:\u00a0 <a href=\"https:\/\/mont-roig.cat\/wp-content\/uploads\/Coworking-2023.pdf\" target=\"_blank\" rel=\"noopener\">L&#8217;Espai coworking 2023<\/a><\/p>\n\n\t\t<style type=\"text\/css\">\n\t\t\t#gallery-1 {\n\t\t\t\tmargin: auto;\n\t\t\t}\n\t\t\t#gallery-1 .gallery-item {\n\t\t\t\tfloat: left;\n\t\t\t\tmargin-top: 10px;\n\t\t\t\ttext-align: center;\n\t\t\t\twidth: 33%;\n\t\t\t}\n\t\t\t#gallery-1 img {\n\t\t\t\tborder: 2px solid #cfcfcf;\n\t\t\t}\n\t\t\t#gallery-1 .gallery-caption {\n\t\t\t\tmargin-left: 0;\n\t\t\t}\n\t\t\t\/* see gallery_shortcode() in wp-includes\/media.php *\/\n\t\t<\/style>\n\t\t<div id='gallery-1' class='gallery galleryid-70323 gallery-columns-3 gallery-size-thumbnail'><dl class='gallery-item'>\n\t\t\t<dt class='gallery-icon landscape'>\n\t\t\t\t<a href='https:\/\/mont-roig.cat\/es\/actualitat\/noticies\/lespai-coworking-se-traslada-al-centro-polivalente-sant-jaume\/img_4058-2\/'><img loading=\"lazy\" decoding=\"async\" width=\"50\" height=\"50\" src=\"https:\/\/mont-roig.cat\/wp-content\/uploads\/IMG_4058-50x50.jpg\" class=\"attachment-thumbnail size-thumbnail\" alt=\"\" srcset=\"https:\/\/mont-roig.cat\/wp-content\/uploads\/IMG_4058-50x50.jpg 50w, https:\/\/mont-roig.cat\/wp-content\/uploads\/IMG_4058-560x560.jpg 560w, https:\/\/mont-roig.cat\/wp-content\/uploads\/IMG_4058-367x367.jpg 367w, https:\/\/mont-roig.cat\/wp-content\/uploads\/IMG_4058-450x450.jpg 450w, https:\/\/mont-roig.cat\/wp-content\/uploads\/IMG_4058-85x85.jpg 85w, https:\/\/mont-roig.cat\/wp-content\/uploads\/IMG_4058-45x45.jpg 45w\" sizes=\"auto, (max-width: 50px) 100vw, 50px\" \/><\/a>\n\t\t\t<\/dt><\/dl><dl class='gallery-item'>\n\t\t\t<dt class='gallery-icon landscape'>\n\t\t\t\t<a href='https:\/\/mont-roig.cat\/es\/actualitat\/noticies\/lespai-coworking-se-traslada-al-centro-polivalente-sant-jaume\/img_4063-2\/'><img loading=\"lazy\" decoding=\"async\" width=\"50\" height=\"50\" src=\"https:\/\/mont-roig.cat\/wp-content\/uploads\/IMG_4063-50x50.jpg\" class=\"attachment-thumbnail size-thumbnail\" alt=\"\" srcset=\"https:\/\/mont-roig.cat\/wp-content\/uploads\/IMG_4063-50x50.jpg 50w, https:\/\/mont-roig.cat\/wp-content\/uploads\/IMG_4063-560x560.jpg 560w, https:\/\/mont-roig.cat\/wp-content\/uploads\/IMG_4063-367x367.jpg 367w, https:\/\/mont-roig.cat\/wp-content\/uploads\/IMG_4063-450x450.jpg 450w, https:\/\/mont-roig.cat\/wp-content\/uploads\/IMG_4063-85x85.jpg 85w, https:\/\/mont-roig.cat\/wp-content\/uploads\/IMG_4063-45x45.jpg 45w\" sizes=\"auto, (max-width: 50px) 100vw, 50px\" \/><\/a>\n\t\t\t<\/dt><\/dl><dl class='gallery-item'>\n\t\t\t<dt class='gallery-icon landscape'>\n\t\t\t\t<a href='https:\/\/mont-roig.cat\/es\/actualitat\/noticies\/lespai-coworking-se-traslada-al-centro-polivalente-sant-jaume\/img_4066-2\/'><img loading=\"lazy\" decoding=\"async\" width=\"50\" height=\"50\" src=\"https:\/\/mont-roig.cat\/wp-content\/uploads\/IMG_4066-50x50.jpg\" class=\"attachment-thumbnail size-thumbnail\" alt=\"\" srcset=\"https:\/\/mont-roig.cat\/wp-content\/uploads\/IMG_4066-50x50.jpg 50w, https:\/\/mont-roig.cat\/wp-content\/uploads\/IMG_4066-560x560.jpg 560w, https:\/\/mont-roig.cat\/wp-content\/uploads\/IMG_4066-367x367.jpg 367w, https:\/\/mont-roig.cat\/wp-content\/uploads\/IMG_4066-450x450.jpg 450w, https:\/\/mont-roig.cat\/wp-content\/uploads\/IMG_4066-85x85.jpg 85w, https:\/\/mont-roig.cat\/wp-content\/uploads\/IMG_4066-45x45.jpg 45w\" sizes=\"auto, (max-width: 50px) 100vw, 50px\" \/><\/a>\n\t\t\t<\/dt><\/dl><br style=\"clear: both\" \/><dl class='gallery-item'>\n\t\t\t<dt class='gallery-icon landscape'>\n\t\t\t\t<a href='https:\/\/mont-roig.cat\/es\/actualitat\/noticies\/lespai-coworking-se-traslada-al-centro-polivalente-sant-jaume\/img_4069-2\/'><img loading=\"lazy\" decoding=\"async\" width=\"50\" height=\"50\" src=\"https:\/\/mont-roig.cat\/wp-content\/uploads\/IMG_4069-50x50.jpg\" class=\"attachment-thumbnail size-thumbnail\" alt=\"\" srcset=\"https:\/\/mont-roig.cat\/wp-content\/uploads\/IMG_4069-50x50.jpg 50w, https:\/\/mont-roig.cat\/wp-content\/uploads\/IMG_4069-560x560.jpg 560w, https:\/\/mont-roig.cat\/wp-content\/uploads\/IMG_4069-367x367.jpg 367w, https:\/\/mont-roig.cat\/wp-content\/uploads\/IMG_4069-450x450.jpg 450w, https:\/\/mont-roig.cat\/wp-content\/uploads\/IMG_4069-85x85.jpg 85w, https:\/\/mont-roig.cat\/wp-content\/uploads\/IMG_4069-45x45.jpg 45w\" sizes=\"auto, (max-width: 50px) 100vw, 50px\" \/><\/a>\n\t\t\t<\/dt><\/dl><dl class='gallery-item'>\n\t\t\t<dt class='gallery-icon landscape'>\n\t\t\t\t<a href='https:\/\/mont-roig.cat\/es\/actualitat\/noticies\/lespai-coworking-se-traslada-al-centro-polivalente-sant-jaume\/img_4077-2\/'><img loading=\"lazy\" decoding=\"async\" width=\"50\" height=\"50\" src=\"https:\/\/mont-roig.cat\/wp-content\/uploads\/IMG_4077-50x50.jpg\" class=\"attachment-thumbnail size-thumbnail\" alt=\"\" srcset=\"https:\/\/mont-roig.cat\/wp-content\/uploads\/IMG_4077-50x50.jpg 50w, https:\/\/mont-roig.cat\/wp-content\/uploads\/IMG_4077-560x560.jpg 560w, https:\/\/mont-roig.cat\/wp-content\/uploads\/IMG_4077-367x367.jpg 367w, https:\/\/mont-roig.cat\/wp-content\/uploads\/IMG_4077-450x450.jpg 450w, https:\/\/mont-roig.cat\/wp-content\/uploads\/IMG_4077-85x85.jpg 85w, https:\/\/mont-roig.cat\/wp-content\/uploads\/IMG_4077-45x45.jpg 45w\" sizes=\"auto, (max-width: 50px) 100vw, 50px\" \/><\/a>\n\t\t\t<\/dt><\/dl><dl class='gallery-item'>\n\t\t\t<dt class='gallery-icon landscape'>\n\t\t\t\t<a href='https:\/\/mont-roig.cat\/es\/actualitat\/noticies\/lespai-coworking-se-traslada-al-centro-polivalente-sant-jaume\/img_4080-2\/'><img loading=\"lazy\" decoding=\"async\" width=\"50\" height=\"50\" src=\"https:\/\/mont-roig.cat\/wp-content\/uploads\/IMG_4080-50x50.jpg\" class=\"attachment-thumbnail size-thumbnail\" alt=\"\" srcset=\"https:\/\/mont-roig.cat\/wp-content\/uploads\/IMG_4080-50x50.jpg 50w, https:\/\/mont-roig.cat\/wp-content\/uploads\/IMG_4080-560x560.jpg 560w, https:\/\/mont-roig.cat\/wp-content\/uploads\/IMG_4080-367x367.jpg 367w, https:\/\/mont-roig.cat\/wp-content\/uploads\/IMG_4080-450x450.jpg 450w, https:\/\/mont-roig.cat\/wp-content\/uploads\/IMG_4080-85x85.jpg 85w, https:\/\/mont-roig.cat\/wp-content\/uploads\/IMG_4080-45x45.jpg 45w\" sizes=\"auto, (max-width: 50px) 100vw, 50px\" \/><\/a>\n\t\t\t<\/dt><\/dl><br style=\"clear: both\" \/>\n\t\t<\/div>\n\n","protected":false},"excerpt":{"rendered":"<p>Se trata de una zona de trabajo compartida para personas emprendedoras y empresarias que cuenta con varios servicios (internet, impresora, mesa reuniones, cocina office, entre otros) El Espacio coworking se ha trasladado al Centro Polivalente Sant Jaume despu\u00e9s de cambios organizativos en algunos departamentos del Ayuntamiento. De esta forma se mantiene el servicio a las [&hellip;]<\/p>\n","protected":false},"author":13,"featured_media":70305,"comment_status":"closed","ping_status":"closed","sticky":false,"template":"","format":"standard","meta":{"inline_featured_image":false,"_monsterinsights_skip_tracking":false,"_monsterinsights_sitenote_active":false,"_monsterinsights_sitenote_note":"","_monsterinsights_sitenote_category":0,"footnotes":""},"categories":[98,71,169],"tags":[],"class_list":["post-70323","post","type-post","status-publish","format-standard","has-post-thumbnail","hentry","category-ayuntamiento","category-general-es","category-impuls-economic-i-ocupacio-es"],"yoast_head":"<!-- This site is optimized with the Yoast SEO plugin v27.4 - https:\/\/yoast.com\/product\/yoast-seo-wordpress\/ -->\n<title>L&#039;Espai coworking se traslada al Centro Polivalente Sant Jaume - Ajuntament de Mont-roig del Camp<\/title>\n<meta name=\"robots\" content=\"index, follow, max-snippet:-1, max-image-preview:large, max-video-preview:-1\" \/>\n<link rel=\"canonical\" href=\"https:\/\/mont-roig.cat\/es\/actualitat\/noticies\/lespai-coworking-se-traslada-al-centro-polivalente-sant-jaume\/\" \/>\n<meta property=\"og:locale\" content=\"es_ES\" \/>\n<meta property=\"og:type\" content=\"article\" \/>\n<meta property=\"og:title\" content=\"L&#039;Espai coworking se traslada al Centro Polivalente Sant Jaume - Ajuntament de Mont-roig del Camp\" \/>\n<meta property=\"og:description\" content=\"Se trata de una zona de trabajo compartida para personas emprendedoras y empresarias que cuenta con varios servicios (internet, impresora, mesa reuniones, cocina office, entre otros) El Espacio coworking se ha trasladado al Centro Polivalente Sant Jaume despu\u00e9s de cambios organizativos en algunos departamentos del Ayuntamiento. De esta forma se mantiene el servicio a las [&hellip;]\" \/>\n<meta property=\"og:url\" content=\"https:\/\/mont-roig.cat\/es\/actualitat\/noticies\/lespai-coworking-se-traslada-al-centro-polivalente-sant-jaume\/\" \/>\n<meta property=\"og:site_name\" content=\"Ajuntament de Mont-roig del Camp\" \/>\n<meta property=\"article:published_time\" content=\"2023-05-17T12:49:15+00:00\" \/>\n<meta property=\"og:image\" content=\"https:\/\/mont-roig.cat\/wp-content\/uploads\/noti_espai.png\" \/>\n\t<meta property=\"og:image:width\" content=\"1200\" \/>\n\t<meta property=\"og:image:height\" content=\"630\" \/>\n\t<meta property=\"og:image:type\" content=\"image\/png\" \/>\n<meta name=\"author\" content=\"comunicacio\" \/>\n<meta name=\"twitter:card\" content=\"summary_large_image\" \/>\n<meta name=\"twitter:label1\" content=\"Escrito por\" \/>\n\t<meta name=\"twitter:data1\" content=\"comunicacio\" \/>\n\t<meta name=\"twitter:label2\" content=\"Tiempo de lectura\" \/>\n\t<meta name=\"twitter:data2\" content=\"2 minutos\" \/>\n<script type=\"application\/ld+json\" class=\"yoast-schema-graph\">{\"@context\":\"https:\\\/\\\/schema.org\",\"@graph\":[{\"@type\":\"Article\",\"@id\":\"https:\\\/\\\/mont-roig.cat\\\/es\\\/actualitat\\\/noticies\\\/lespai-coworking-se-traslada-al-centro-polivalente-sant-jaume\\\/#article\",\"isPartOf\":{\"@id\":\"https:\\\/\\\/mont-roig.cat\\\/es\\\/actualitat\\\/noticies\\\/lespai-coworking-se-traslada-al-centro-polivalente-sant-jaume\\\/\"},\"author\":{\"name\":\"comunicacio\",\"@id\":\"https:\\\/\\\/mont-roig.cat\\\/es\\\/#\\\/schema\\\/person\\\/1f73e7b5e6f9dd122e8a6f14f310ac5e\"},\"headline\":\"L&#8217;Espai coworking se traslada al Centro Polivalente Sant Jaume\",\"datePublished\":\"2023-05-17T12:49:15+00:00\",\"mainEntityOfPage\":{\"@id\":\"https:\\\/\\\/mont-roig.cat\\\/es\\\/actualitat\\\/noticies\\\/lespai-coworking-se-traslada-al-centro-polivalente-sant-jaume\\\/\"},\"wordCount\":183,\"image\":{\"@id\":\"https:\\\/\\\/mont-roig.cat\\\/es\\\/actualitat\\\/noticies\\\/lespai-coworking-se-traslada-al-centro-polivalente-sant-jaume\\\/#primaryimage\"},\"thumbnailUrl\":\"https:\\\/\\\/mont-roig.cat\\\/wp-content\\\/uploads\\\/noti_espai.png\",\"articleSection\":[\"Ayuntamiento\",\"General\",\"Impuls Econ\u00f2mic i Ocupaci\u00f3\"],\"inLanguage\":\"es\"},{\"@type\":\"WebPage\",\"@id\":\"https:\\\/\\\/mont-roig.cat\\\/es\\\/actualitat\\\/noticies\\\/lespai-coworking-se-traslada-al-centro-polivalente-sant-jaume\\\/\",\"url\":\"https:\\\/\\\/mont-roig.cat\\\/es\\\/actualitat\\\/noticies\\\/lespai-coworking-se-traslada-al-centro-polivalente-sant-jaume\\\/\",\"name\":\"L'Espai coworking se traslada al Centro Polivalente Sant Jaume - Ajuntament de Mont-roig del Camp\",\"isPartOf\":{\"@id\":\"https:\\\/\\\/mont-roig.cat\\\/es\\\/#website\"},\"primaryImageOfPage\":{\"@id\":\"https:\\\/\\\/mont-roig.cat\\\/es\\\/actualitat\\\/noticies\\\/lespai-coworking-se-traslada-al-centro-polivalente-sant-jaume\\\/#primaryimage\"},\"image\":{\"@id\":\"https:\\\/\\\/mont-roig.cat\\\/es\\\/actualitat\\\/noticies\\\/lespai-coworking-se-traslada-al-centro-polivalente-sant-jaume\\\/#primaryimage\"},\"thumbnailUrl\":\"https:\\\/\\\/mont-roig.cat\\\/wp-content\\\/uploads\\\/noti_espai.png\",\"datePublished\":\"2023-05-17T12:49:15+00:00\",\"author\":{\"@id\":\"https:\\\/\\\/mont-roig.cat\\\/es\\\/#\\\/schema\\\/person\\\/1f73e7b5e6f9dd122e8a6f14f310ac5e\"},\"breadcrumb\":{\"@id\":\"https:\\\/\\\/mont-roig.cat\\\/es\\\/actualitat\\\/noticies\\\/lespai-coworking-se-traslada-al-centro-polivalente-sant-jaume\\\/#breadcrumb\"},\"inLanguage\":\"es\",\"potentialAction\":[{\"@type\":\"ReadAction\",\"target\":[\"https:\\\/\\\/mont-roig.cat\\\/es\\\/actualitat\\\/noticies\\\/lespai-coworking-se-traslada-al-centro-polivalente-sant-jaume\\\/\"]}]},{\"@type\":\"ImageObject\",\"inLanguage\":\"es\",\"@id\":\"https:\\\/\\\/mont-roig.cat\\\/es\\\/actualitat\\\/noticies\\\/lespai-coworking-se-traslada-al-centro-polivalente-sant-jaume\\\/#primaryimage\",\"url\":\"https:\\\/\\\/mont-roig.cat\\\/wp-content\\\/uploads\\\/noti_espai.png\",\"contentUrl\":\"https:\\\/\\\/mont-roig.cat\\\/wp-content\\\/uploads\\\/noti_espai.png\",\"width\":1200,\"height\":630},{\"@type\":\"BreadcrumbList\",\"@id\":\"https:\\\/\\\/mont-roig.cat\\\/es\\\/actualitat\\\/noticies\\\/lespai-coworking-se-traslada-al-centro-polivalente-sant-jaume\\\/#breadcrumb\",\"itemListElement\":[{\"@type\":\"ListItem\",\"position\":1,\"name\":\"Inici\",\"item\":\"https:\\\/\\\/mont-roig.cat\\\/es\\\/pagina-de-inicio\\\/\"},{\"@type\":\"ListItem\",\"position\":2,\"name\":\"L&#8217;Espai coworking se traslada al Centro Polivalente Sant Jaume\"}]},{\"@type\":\"WebSite\",\"@id\":\"https:\\\/\\\/mont-roig.cat\\\/es\\\/#website\",\"url\":\"https:\\\/\\\/mont-roig.cat\\\/es\\\/\",\"name\":\"Ajuntament de Mont-roig del Camp\",\"description\":\"Tota la informaci\u00f3 sobre la instituci\u00f3, els seus \u00f2rgans de govern, actualitat, serveis i molt m\u00e9s.\",\"potentialAction\":[{\"@type\":\"SearchAction\",\"target\":{\"@type\":\"EntryPoint\",\"urlTemplate\":\"https:\\\/\\\/mont-roig.cat\\\/es\\\/?s={search_term_string}\"},\"query-input\":{\"@type\":\"PropertyValueSpecification\",\"valueRequired\":true,\"valueName\":\"search_term_string\"}}],\"inLanguage\":\"es\"},{\"@type\":\"Person\",\"@id\":\"https:\\\/\\\/mont-roig.cat\\\/es\\\/#\\\/schema\\\/person\\\/1f73e7b5e6f9dd122e8a6f14f310ac5e\",\"name\":\"comunicacio\",\"image\":{\"@type\":\"ImageObject\",\"inLanguage\":\"es\",\"@id\":\"https:\\\/\\\/secure.gravatar.com\\\/avatar\\\/98944333e7a877670a64f8d10f0cb680ab2c9ebc4efc43945ef004b52b5ad28c?s=96&d=mm&r=g\",\"url\":\"https:\\\/\\\/secure.gravatar.com\\\/avatar\\\/98944333e7a877670a64f8d10f0cb680ab2c9ebc4efc43945ef004b52b5ad28c?s=96&d=mm&r=g\",\"contentUrl\":\"https:\\\/\\\/secure.gravatar.com\\\/avatar\\\/98944333e7a877670a64f8d10f0cb680ab2c9ebc4efc43945ef004b52b5ad28c?s=96&d=mm&r=g\",\"caption\":\"comunicacio\"},\"url\":\"https:\\\/\\\/mont-roig.cat\\\/es\\\/actualitat\\\/noticies\\\/author\\\/comunicacio\\\/\"}]}<\/script>\n<!-- \/ Yoast SEO plugin. -->","yoast_head_json":{"title":"L'Espai coworking se traslada al Centro Polivalente Sant Jaume - Ajuntament de Mont-roig del Camp","robots":{"index":"index","follow":"follow","max-snippet":"max-snippet:-1","max-image-preview":"max-image-preview:large","max-video-preview":"max-video-preview:-1"},"canonical":"https:\/\/mont-roig.cat\/es\/actualitat\/noticies\/lespai-coworking-se-traslada-al-centro-polivalente-sant-jaume\/","og_locale":"es_ES","og_type":"article","og_title":"L'Espai coworking se traslada al Centro Polivalente Sant Jaume - Ajuntament de Mont-roig del Camp","og_description":"Se trata de una zona de trabajo compartida para personas emprendedoras y empresarias que cuenta con varios servicios (internet, impresora, mesa reuniones, cocina office, entre otros) El Espacio coworking se ha trasladado al Centro Polivalente Sant Jaume despu\u00e9s de cambios organizativos en algunos departamentos del Ayuntamiento. De esta forma se mantiene el servicio a las [&hellip;]","og_url":"https:\/\/mont-roig.cat\/es\/actualitat\/noticies\/lespai-coworking-se-traslada-al-centro-polivalente-sant-jaume\/","og_site_name":"Ajuntament de Mont-roig del Camp","article_published_time":"2023-05-17T12:49:15+00:00","og_image":[{"width":1200,"height":630,"url":"https:\/\/mont-roig.cat\/wp-content\/uploads\/noti_espai.png","type":"image\/png"}],"author":"comunicacio","twitter_card":"summary_large_image","twitter_misc":{"Escrito por":"comunicacio","Tiempo de lectura":"2 minutos"},"schema":{"@context":"https:\/\/schema.org","@graph":[{"@type":"Article","@id":"https:\/\/mont-roig.cat\/es\/actualitat\/noticies\/lespai-coworking-se-traslada-al-centro-polivalente-sant-jaume\/#article","isPartOf":{"@id":"https:\/\/mont-roig.cat\/es\/actualitat\/noticies\/lespai-coworking-se-traslada-al-centro-polivalente-sant-jaume\/"},"author":{"name":"comunicacio","@id":"https:\/\/mont-roig.cat\/es\/#\/schema\/person\/1f73e7b5e6f9dd122e8a6f14f310ac5e"},"headline":"L&#8217;Espai coworking se traslada al Centro Polivalente Sant Jaume","datePublished":"2023-05-17T12:49:15+00:00","mainEntityOfPage":{"@id":"https:\/\/mont-roig.cat\/es\/actualitat\/noticies\/lespai-coworking-se-traslada-al-centro-polivalente-sant-jaume\/"},"wordCount":183,"image":{"@id":"https:\/\/mont-roig.cat\/es\/actualitat\/noticies\/lespai-coworking-se-traslada-al-centro-polivalente-sant-jaume\/#primaryimage"},"thumbnailUrl":"https:\/\/mont-roig.cat\/wp-content\/uploads\/noti_espai.png","articleSection":["Ayuntamiento","General","Impuls Econ\u00f2mic i Ocupaci\u00f3"],"inLanguage":"es"},{"@type":"WebPage","@id":"https:\/\/mont-roig.cat\/es\/actualitat\/noticies\/lespai-coworking-se-traslada-al-centro-polivalente-sant-jaume\/","url":"https:\/\/mont-roig.cat\/es\/actualitat\/noticies\/lespai-coworking-se-traslada-al-centro-polivalente-sant-jaume\/","name":"L'Espai coworking se traslada al Centro Polivalente Sant Jaume - Ajuntament de Mont-roig del Camp","isPartOf":{"@id":"https:\/\/mont-roig.cat\/es\/#website"},"primaryImageOfPage":{"@id":"https:\/\/mont-roig.cat\/es\/actualitat\/noticies\/lespai-coworking-se-traslada-al-centro-polivalente-sant-jaume\/#primaryimage"},"image":{"@id":"https:\/\/mont-roig.cat\/es\/actualitat\/noticies\/lespai-coworking-se-traslada-al-centro-polivalente-sant-jaume\/#primaryimage"},"thumbnailUrl":"https:\/\/mont-roig.cat\/wp-content\/uploads\/noti_espai.png","datePublished":"2023-05-17T12:49:15+00:00","author":{"@id":"https:\/\/mont-roig.cat\/es\/#\/schema\/person\/1f73e7b5e6f9dd122e8a6f14f310ac5e"},"breadcrumb":{"@id":"https:\/\/mont-roig.cat\/es\/actualitat\/noticies\/lespai-coworking-se-traslada-al-centro-polivalente-sant-jaume\/#breadcrumb"},"inLanguage":"es","potentialAction":[{"@type":"ReadAction","target":["https:\/\/mont-roig.cat\/es\/actualitat\/noticies\/lespai-coworking-se-traslada-al-centro-polivalente-sant-jaume\/"]}]},{"@type":"ImageObject","inLanguage":"es","@id":"https:\/\/mont-roig.cat\/es\/actualitat\/noticies\/lespai-coworking-se-traslada-al-centro-polivalente-sant-jaume\/#primaryimage","url":"https:\/\/mont-roig.cat\/wp-content\/uploads\/noti_espai.png","contentUrl":"https:\/\/mont-roig.cat\/wp-content\/uploads\/noti_espai.png","width":1200,"height":630},{"@type":"BreadcrumbList","@id":"https:\/\/mont-roig.cat\/es\/actualitat\/noticies\/lespai-coworking-se-traslada-al-centro-polivalente-sant-jaume\/#breadcrumb","itemListElement":[{"@type":"ListItem","position":1,"name":"Inici","item":"https:\/\/mont-roig.cat\/es\/pagina-de-inicio\/"},{"@type":"ListItem","position":2,"name":"L&#8217;Espai coworking se traslada al Centro Polivalente Sant Jaume"}]},{"@type":"WebSite","@id":"https:\/\/mont-roig.cat\/es\/#website","url":"https:\/\/mont-roig.cat\/es\/","name":"Ajuntament de Mont-roig del Camp","description":"Tota la informaci\u00f3 sobre la instituci\u00f3, els seus \u00f2rgans de govern, actualitat, serveis i molt m\u00e9s.","potentialAction":[{"@type":"SearchAction","target":{"@type":"EntryPoint","urlTemplate":"https:\/\/mont-roig.cat\/es\/?s={search_term_string}"},"query-input":{"@type":"PropertyValueSpecification","valueRequired":true,"valueName":"search_term_string"}}],"inLanguage":"es"},{"@type":"Person","@id":"https:\/\/mont-roig.cat\/es\/#\/schema\/person\/1f73e7b5e6f9dd122e8a6f14f310ac5e","name":"comunicacio","image":{"@type":"ImageObject","inLanguage":"es","@id":"https:\/\/secure.gravatar.com\/avatar\/98944333e7a877670a64f8d10f0cb680ab2c9ebc4efc43945ef004b52b5ad28c?s=96&d=mm&r=g","url":"https:\/\/secure.gravatar.com\/avatar\/98944333e7a877670a64f8d10f0cb680ab2c9ebc4efc43945ef004b52b5ad28c?s=96&d=mm&r=g","contentUrl":"https:\/\/secure.gravatar.com\/avatar\/98944333e7a877670a64f8d10f0cb680ab2c9ebc4efc43945ef004b52b5ad28c?s=96&d=mm&r=g","caption":"comunicacio"},"url":"https:\/\/mont-roig.cat\/es\/actualitat\/noticies\/author\/comunicacio\/"}]}},"_links":{"self":[{"href":"https:\/\/mont-roig.cat\/es\/wp-json\/wp\/v2\/posts\/70323","targetHints":{"allow":["GET"]}}],"collection":[{"href":"https:\/\/mont-roig.cat\/es\/wp-json\/wp\/v2\/posts"}],"about":[{"href":"https:\/\/mont-roig.cat\/es\/wp-json\/wp\/v2\/types\/post"}],"author":[{"embeddable":true,"href":"https:\/\/mont-roig.cat\/es\/wp-json\/wp\/v2\/users\/13"}],"replies":[{"embeddable":true,"href":"https:\/\/mont-roig.cat\/es\/wp-json\/wp\/v2\/comments?post=70323"}],"version-history":[{"count":3,"href":"https:\/\/mont-roig.cat\/es\/wp-json\/wp\/v2\/posts\/70323\/revisions"}],"predecessor-version":[{"id":70326,"href":"https:\/\/mont-roig.cat\/es\/wp-json\/wp\/v2\/posts\/70323\/revisions\/70326"}],"wp:featuredmedia":[{"embeddable":true,"href":"https:\/\/mont-roig.cat\/es\/wp-json\/wp\/v2\/media\/70305"}],"wp:attachment":[{"href":"https:\/\/mont-roig.cat\/es\/wp-json\/wp\/v2\/media?parent=70323"}],"wp:term":[{"taxonomy":"category","embeddable":true,"href":"https:\/\/mont-roig.cat\/es\/wp-json\/wp\/v2\/categories?post=70323"},{"taxonomy":"post_tag","embeddable":true,"href":"https:\/\/mont-roig.cat\/es\/wp-json\/wp\/v2\/tags?post=70323"}],"curies":[{"name":"wp","href":"https:\/\/api.w.org\/{rel}","templated":true}]}}