{"id":70373,"date":"2023-05-19T14:08:56","date_gmt":"2023-05-19T12:08:56","guid":{"rendered":"https:\/\/mont-roig.cat\/actualitat\/noticies\/les-preinscripcions-pels-casals-desport-i-lleure-daquest-estiu-comencen-dilluns\/"},"modified":"2023-05-22T11:49:37","modified_gmt":"2023-05-22T09:49:37","slug":"les-preinscripcions-pels-casals-desport-i-lleure-daquest-estiu-comencen-dilluns","status":"publish","type":"post","link":"https:\/\/mont-roig.cat\/es\/actualitat\/noticies\/les-preinscripcions-pels-casals-desport-i-lleure-daquest-estiu-comencen-dilluns\/","title":{"rendered":"Las preinscripciones para los casales deporte y ocio de este verano comienzan el lunes"},"content":{"rendered":"<ul>\n<li><strong><strong><a href=\"https:\/\/mont-roig.cat\/wp-content\/uploads\/Imagen-de-WhatsApp-2023-05-19-a-las-12.16.27.jpg\" target=\"_blank\" rel=\"noopener\"><img loading=\"lazy\" decoding=\"async\" class=\"alignright wp-image-70367\" src=\"https:\/\/mont-roig.cat\/wp-content\/uploads\/Imagen-de-WhatsApp-2023-05-19-a-las-12.16.27-500x262.jpg\" alt=\"\" width=\"303\" height=\"159\" srcset=\"https:\/\/mont-roig.cat\/wp-content\/uploads\/Imagen-de-WhatsApp-2023-05-19-a-las-12.16.27-500x262.jpg 500w, https:\/\/mont-roig.cat\/wp-content\/uploads\/Imagen-de-WhatsApp-2023-05-19-a-las-12.16.27-1024x536.jpg 1024w, https:\/\/mont-roig.cat\/wp-content\/uploads\/Imagen-de-WhatsApp-2023-05-19-a-las-12.16.27-768x402.jpg 768w, https:\/\/mont-roig.cat\/wp-content\/uploads\/Imagen-de-WhatsApp-2023-05-19-a-las-12.16.27-1536x804.jpg 1536w, https:\/\/mont-roig.cat\/wp-content\/uploads\/Imagen-de-WhatsApp-2023-05-19-a-las-12.16.27.jpg 1600w\" sizes=\"auto, (max-width: 303px) 100vw, 303px\" \/><\/a><\/strong><\/strong><strong>Durante los meses de julio y agosto se ofrecer\u00e1n actividades de ocio, piscina, talleres y deportes para ni\u00f1os y ni\u00f1as, adem\u00e1s de servicio de acogida y comedor<\/strong><\/li>\n<li><strong>Los j\u00f3venes y adultos tendr\u00e1n tambi\u00e9n una nueva programaci\u00f3n de clases dirigidas y nuevo horario de las salas de fitness<\/strong><\/li>\n<\/ul>\n<p>Este lunes 22 de mayo comienzan las preinscripciones en los casales de verano que organiza el Ayuntamiento de Mont-roig del Camp a trav\u00e9s de Nostreserveis y que tendr\u00e1n lugar entre el d\u00eda 3 de julio y el d\u00eda 1 de septiembre en los polideportivos de Mont-roig y en Miami Playa. La preinscripci\u00f3n telem\u00e1tica debe realizarse del 22 al 28 de mayo en el portal <a href=\"https:\/\/mont-roig.reservaplay.cat\/view\/reserves\/actividades\/idgrupo\/19\" target=\"_blank\" rel=\"noopener\">www.mont-roig.reservaplay.cat<\/a> o en la App Reserva Play. Los d\u00edas 25 y 26 de mayo tambi\u00e9n se podr\u00e1n realizar preinscripciones presenciales con cita previa en los polideportivos en Miami Platja y Mont-roig. La publicaci\u00f3n de la lista de admitidos\/as ser\u00e1 del 5 al 7 de junio y la inscripci\u00f3n definitiva ser\u00e1 del 8 al 23 de junio.<\/p>\n<p>Los centros de deportes y ocio est\u00e1n dirigidos a los ni\u00f1os\/a nacidos entre 2009 y 2019, divididos por grupos de edad para que se diviertan con la realizaci\u00f3n de juegos tradicionales al aire libre, actividades de naturaleza, piscina, playa, juegos de agua, talleres, deportes y actividades l\u00fadicas.<\/p>\n<p>Como en las ediciones anteriores, los horarios de estas actividades ser\u00e1n de lunes a viernes de 9 a 14h con una retirada escalonada entre las 13 y las 14 hy un precio de 25 euros\/semana para los m\u00e1s peque\u00f1os y de 35 euros\/semana en julio y de 30 euros\/semana en agosto por los mayores. Para los ni\u00f1os nacidos entre 2009 y 2019 tambi\u00e9n habr\u00e1 la posibilidad de realizar la acogida de 8 a 9 h de la ma\u00f1ana con un suplemento de 10 euros por un abono de 10 d\u00edas y tambi\u00e9n el servicio de comedor que se ofrecer\u00e1 en la Escuela Joan Mir\u00f3 y en la Escuela Virgen de la Roca por un m\u00e1ximo de 25 ni\u00f1os y ni\u00f1as a un precio de 6&#8217;50 euros\/d\u00eda.<\/p>\n<p><strong>Clases dirigidas<\/strong><\/p>\n<p>Por otra parte, los y las j\u00f3venes de m\u00e1s de 14 a\u00f1os y los adultos tambi\u00e9n tendr\u00e1n este verano nuevos horarios de las actividades deportivas con clases dirigidas a las instalaciones deportivas de Mont-roig y Miami Platja desde las 9.15 h de la ma\u00f1ana hasta las 9 de la tarde y nuevos horarios en las salas de fitness, de lunes a viernes de 8 a 14 hy de 17 a 21 hy los s\u00e1bados de 9 a 13 h.<\/p>\n<p>El Ayuntamiento de Mont-roig del Camp tambi\u00e9n ofrece a las personas que quieran solicitar una ayuda para estas actividades. A partir del lunes<span id=\"OBJ_PREFIX_DWT126_com_zimbra_date\" class=\"Object\" role=\"link\"> 22 de mayo<\/span> hasta el <span id=\"OBJ_PREFIX_DWT122_com_zimbra_date\" class=\"Object\" role=\"link\"><span id=\"OBJ_PREFIX_DWT127_com_zimbra_date\" class=\"Object\" role=\"link\">2 de junio<\/span><\/span> estar\u00e1 disponible en la sede electr\u00f3nica el tr\u00e1mite:\u00a0 <span id=\"OBJ_PREFIX_DWT123_com_zimbra_url\" class=\"Object\" role=\"link\"><span id=\"OBJ_PREFIX_DWT128_com_zimbra_url\" class=\"Object\" role=\"link\"><a href=\"https:\/\/mont-roig.eadministracio.cat\/catalog\/t\/0d834d55-e4ca-4075-aa58-ca6dc4d863e3\" target=\"_blank\" rel=\"nofollow noopener noreferrer\">https:\/\/mont-roig.eadministracio.cat\/catalog\/t\/0d834d55-e4ca-4075-aa58-ca6dc4d863e3<\/a><\/span><\/span><\/p>\n<p>Desc\u00e1rgate toda la informaci\u00f3n <a href=\"https:\/\/mont-roig.cat\/wp-content\/uploads\/MM_casal_estiu_2023_web2-1.pdf\" target=\"_blank\" rel=\"noopener\">en este folleto informativo.<\/a><\/p>\n<p>&nbsp;<\/p>\n","protected":false},"excerpt":{"rendered":"<p>Durante los meses de julio y agosto se ofrecer\u00e1n actividades de ocio, piscina, talleres y deportes para ni\u00f1os y ni\u00f1as, adem\u00e1s de servicio de acogida y comedor Los j\u00f3venes y adultos tendr\u00e1n tambi\u00e9n una nueva programaci\u00f3n de clases dirigidas y nuevo horario de las salas de fitness Este lunes 22 de mayo comienzan las preinscripciones [&hellip;]<\/p>\n","protected":false},"author":13,"featured_media":70368,"comment_status":"closed","ping_status":"closed","sticky":false,"template":"","format":"standard","meta":{"inline_featured_image":false,"_monsterinsights_skip_tracking":false,"_monsterinsights_sitenote_active":false,"_monsterinsights_sitenote_note":"","_monsterinsights_sitenote_category":0,"footnotes":""},"categories":[98,104],"tags":[],"class_list":["post-70373","post","type-post","status-publish","format-standard","has-post-thumbnail","hentry","category-ayuntamiento","category-deportes"],"yoast_head":"<!-- This site is optimized with the Yoast SEO plugin v27.4 - https:\/\/yoast.com\/product\/yoast-seo-wordpress\/ -->\n<title>Las preinscripciones para los casales deporte y ocio de este verano comienzan el lunes - Ajuntament de Mont-roig del Camp<\/title>\n<meta name=\"robots\" content=\"index, follow, max-snippet:-1, max-image-preview:large, max-video-preview:-1\" \/>\n<link rel=\"canonical\" href=\"https:\/\/mont-roig.cat\/es\/actualitat\/noticies\/les-preinscripcions-pels-casals-desport-i-lleure-daquest-estiu-comencen-dilluns\/\" \/>\n<meta property=\"og:locale\" content=\"es_ES\" \/>\n<meta property=\"og:type\" content=\"article\" \/>\n<meta property=\"og:title\" content=\"Las preinscripciones para los casales deporte y ocio de este verano comienzan el lunes - Ajuntament de Mont-roig del Camp\" \/>\n<meta property=\"og:description\" content=\"Durante los meses de julio y agosto se ofrecer\u00e1n actividades de ocio, piscina, talleres y deportes para ni\u00f1os y ni\u00f1as, adem\u00e1s de servicio de acogida y comedor Los j\u00f3venes y adultos tendr\u00e1n tambi\u00e9n una nueva programaci\u00f3n de clases dirigidas y nuevo horario de las salas de fitness Este lunes 22 de mayo comienzan las preinscripciones [&hellip;]\" \/>\n<meta property=\"og:url\" content=\"https:\/\/mont-roig.cat\/es\/actualitat\/noticies\/les-preinscripcions-pels-casals-desport-i-lleure-daquest-estiu-comencen-dilluns\/\" \/>\n<meta property=\"og:site_name\" content=\"Ajuntament de Mont-roig del Camp\" \/>\n<meta property=\"article:published_time\" content=\"2023-05-19T12:08:56+00:00\" \/>\n<meta property=\"article:modified_time\" content=\"2023-05-22T09:49:37+00:00\" \/>\n<meta property=\"og:image\" content=\"https:\/\/mont-roig.cat\/wp-content\/uploads\/Imagen-de-WhatsApp-2023-05-19-a-las-12.16.27.jpg\" \/>\n\t<meta property=\"og:image:width\" content=\"1600\" \/>\n\t<meta property=\"og:image:height\" content=\"837\" \/>\n\t<meta property=\"og:image:type\" content=\"image\/jpeg\" \/>\n<meta name=\"author\" content=\"comunicacio\" \/>\n<meta name=\"twitter:card\" content=\"summary_large_image\" \/>\n<meta name=\"twitter:label1\" content=\"Escrito por\" \/>\n\t<meta name=\"twitter:data1\" content=\"comunicacio\" \/>\n\t<meta name=\"twitter:label2\" content=\"Tiempo de lectura\" \/>\n\t<meta name=\"twitter:data2\" content=\"3 minutos\" \/>\n<script type=\"application\/ld+json\" class=\"yoast-schema-graph\">{\"@context\":\"https:\\\/\\\/schema.org\",\"@graph\":[{\"@type\":\"Article\",\"@id\":\"https:\\\/\\\/mont-roig.cat\\\/es\\\/actualitat\\\/noticies\\\/les-preinscripcions-pels-casals-desport-i-lleure-daquest-estiu-comencen-dilluns\\\/#article\",\"isPartOf\":{\"@id\":\"https:\\\/\\\/mont-roig.cat\\\/es\\\/actualitat\\\/noticies\\\/les-preinscripcions-pels-casals-desport-i-lleure-daquest-estiu-comencen-dilluns\\\/\"},\"author\":{\"name\":\"comunicacio\",\"@id\":\"https:\\\/\\\/mont-roig.cat\\\/es\\\/#\\\/schema\\\/person\\\/1f73e7b5e6f9dd122e8a6f14f310ac5e\"},\"headline\":\"Las preinscripciones para los casales deporte y ocio de este verano comienzan el lunes\",\"datePublished\":\"2023-05-19T12:08:56+00:00\",\"dateModified\":\"2023-05-22T09:49:37+00:00\",\"mainEntityOfPage\":{\"@id\":\"https:\\\/\\\/mont-roig.cat\\\/es\\\/actualitat\\\/noticies\\\/les-preinscripcions-pels-casals-desport-i-lleure-daquest-estiu-comencen-dilluns\\\/\"},\"wordCount\":517,\"image\":{\"@id\":\"https:\\\/\\\/mont-roig.cat\\\/es\\\/actualitat\\\/noticies\\\/les-preinscripcions-pels-casals-desport-i-lleure-daquest-estiu-comencen-dilluns\\\/#primaryimage\"},\"thumbnailUrl\":\"https:\\\/\\\/mont-roig.cat\\\/wp-content\\\/uploads\\\/Imagen-de-WhatsApp-2023-05-19-a-las-12.16.27.jpg\",\"articleSection\":[\"Ayuntamiento\",\"Deportes\"],\"inLanguage\":\"es\"},{\"@type\":\"WebPage\",\"@id\":\"https:\\\/\\\/mont-roig.cat\\\/es\\\/actualitat\\\/noticies\\\/les-preinscripcions-pels-casals-desport-i-lleure-daquest-estiu-comencen-dilluns\\\/\",\"url\":\"https:\\\/\\\/mont-roig.cat\\\/es\\\/actualitat\\\/noticies\\\/les-preinscripcions-pels-casals-desport-i-lleure-daquest-estiu-comencen-dilluns\\\/\",\"name\":\"Las preinscripciones para los casales deporte y ocio de este verano comienzan el lunes - Ajuntament de Mont-roig del Camp\",\"isPartOf\":{\"@id\":\"https:\\\/\\\/mont-roig.cat\\\/es\\\/#website\"},\"primaryImageOfPage\":{\"@id\":\"https:\\\/\\\/mont-roig.cat\\\/es\\\/actualitat\\\/noticies\\\/les-preinscripcions-pels-casals-desport-i-lleure-daquest-estiu-comencen-dilluns\\\/#primaryimage\"},\"image\":{\"@id\":\"https:\\\/\\\/mont-roig.cat\\\/es\\\/actualitat\\\/noticies\\\/les-preinscripcions-pels-casals-desport-i-lleure-daquest-estiu-comencen-dilluns\\\/#primaryimage\"},\"thumbnailUrl\":\"https:\\\/\\\/mont-roig.cat\\\/wp-content\\\/uploads\\\/Imagen-de-WhatsApp-2023-05-19-a-las-12.16.27.jpg\",\"datePublished\":\"2023-05-19T12:08:56+00:00\",\"dateModified\":\"2023-05-22T09:49:37+00:00\",\"author\":{\"@id\":\"https:\\\/\\\/mont-roig.cat\\\/es\\\/#\\\/schema\\\/person\\\/1f73e7b5e6f9dd122e8a6f14f310ac5e\"},\"breadcrumb\":{\"@id\":\"https:\\\/\\\/mont-roig.cat\\\/es\\\/actualitat\\\/noticies\\\/les-preinscripcions-pels-casals-desport-i-lleure-daquest-estiu-comencen-dilluns\\\/#breadcrumb\"},\"inLanguage\":\"es\",\"potentialAction\":[{\"@type\":\"ReadAction\",\"target\":[\"https:\\\/\\\/mont-roig.cat\\\/es\\\/actualitat\\\/noticies\\\/les-preinscripcions-pels-casals-desport-i-lleure-daquest-estiu-comencen-dilluns\\\/\"]}]},{\"@type\":\"ImageObject\",\"inLanguage\":\"es\",\"@id\":\"https:\\\/\\\/mont-roig.cat\\\/es\\\/actualitat\\\/noticies\\\/les-preinscripcions-pels-casals-desport-i-lleure-daquest-estiu-comencen-dilluns\\\/#primaryimage\",\"url\":\"https:\\\/\\\/mont-roig.cat\\\/wp-content\\\/uploads\\\/Imagen-de-WhatsApp-2023-05-19-a-las-12.16.27.jpg\",\"contentUrl\":\"https:\\\/\\\/mont-roig.cat\\\/wp-content\\\/uploads\\\/Imagen-de-WhatsApp-2023-05-19-a-las-12.16.27.jpg\",\"width\":1600,\"height\":837},{\"@type\":\"BreadcrumbList\",\"@id\":\"https:\\\/\\\/mont-roig.cat\\\/es\\\/actualitat\\\/noticies\\\/les-preinscripcions-pels-casals-desport-i-lleure-daquest-estiu-comencen-dilluns\\\/#breadcrumb\",\"itemListElement\":[{\"@type\":\"ListItem\",\"position\":1,\"name\":\"Inici\",\"item\":\"https:\\\/\\\/mont-roig.cat\\\/es\\\/pagina-de-inicio\\\/\"},{\"@type\":\"ListItem\",\"position\":2,\"name\":\"Las preinscripciones para los casales deporte y ocio de este verano comienzan el lunes\"}]},{\"@type\":\"WebSite\",\"@id\":\"https:\\\/\\\/mont-roig.cat\\\/es\\\/#website\",\"url\":\"https:\\\/\\\/mont-roig.cat\\\/es\\\/\",\"name\":\"Ajuntament de Mont-roig del Camp\",\"description\":\"Tota la informaci\u00f3 sobre la instituci\u00f3, els seus \u00f2rgans de govern, actualitat, serveis i molt m\u00e9s.\",\"potentialAction\":[{\"@type\":\"SearchAction\",\"target\":{\"@type\":\"EntryPoint\",\"urlTemplate\":\"https:\\\/\\\/mont-roig.cat\\\/es\\\/?s={search_term_string}\"},\"query-input\":{\"@type\":\"PropertyValueSpecification\",\"valueRequired\":true,\"valueName\":\"search_term_string\"}}],\"inLanguage\":\"es\"},{\"@type\":\"Person\",\"@id\":\"https:\\\/\\\/mont-roig.cat\\\/es\\\/#\\\/schema\\\/person\\\/1f73e7b5e6f9dd122e8a6f14f310ac5e\",\"name\":\"comunicacio\",\"image\":{\"@type\":\"ImageObject\",\"inLanguage\":\"es\",\"@id\":\"https:\\\/\\\/secure.gravatar.com\\\/avatar\\\/98944333e7a877670a64f8d10f0cb680ab2c9ebc4efc43945ef004b52b5ad28c?s=96&d=mm&r=g\",\"url\":\"https:\\\/\\\/secure.gravatar.com\\\/avatar\\\/98944333e7a877670a64f8d10f0cb680ab2c9ebc4efc43945ef004b52b5ad28c?s=96&d=mm&r=g\",\"contentUrl\":\"https:\\\/\\\/secure.gravatar.com\\\/avatar\\\/98944333e7a877670a64f8d10f0cb680ab2c9ebc4efc43945ef004b52b5ad28c?s=96&d=mm&r=g\",\"caption\":\"comunicacio\"},\"url\":\"https:\\\/\\\/mont-roig.cat\\\/es\\\/actualitat\\\/noticies\\\/author\\\/comunicacio\\\/\"}]}<\/script>\n<!-- \/ Yoast SEO plugin. -->","yoast_head_json":{"title":"Las preinscripciones para los casales deporte y ocio de este verano comienzan el lunes - Ajuntament de Mont-roig del Camp","robots":{"index":"index","follow":"follow","max-snippet":"max-snippet:-1","max-image-preview":"max-image-preview:large","max-video-preview":"max-video-preview:-1"},"canonical":"https:\/\/mont-roig.cat\/es\/actualitat\/noticies\/les-preinscripcions-pels-casals-desport-i-lleure-daquest-estiu-comencen-dilluns\/","og_locale":"es_ES","og_type":"article","og_title":"Las preinscripciones para los casales deporte y ocio de este verano comienzan el lunes - Ajuntament de Mont-roig del Camp","og_description":"Durante los meses de julio y agosto se ofrecer\u00e1n actividades de ocio, piscina, talleres y deportes para ni\u00f1os y ni\u00f1as, adem\u00e1s de servicio de acogida y comedor Los j\u00f3venes y adultos tendr\u00e1n tambi\u00e9n una nueva programaci\u00f3n de clases dirigidas y nuevo horario de las salas de fitness Este lunes 22 de mayo comienzan las preinscripciones [&hellip;]","og_url":"https:\/\/mont-roig.cat\/es\/actualitat\/noticies\/les-preinscripcions-pels-casals-desport-i-lleure-daquest-estiu-comencen-dilluns\/","og_site_name":"Ajuntament de Mont-roig del Camp","article_published_time":"2023-05-19T12:08:56+00:00","article_modified_time":"2023-05-22T09:49:37+00:00","og_image":[{"width":1600,"height":837,"url":"https:\/\/mont-roig.cat\/wp-content\/uploads\/Imagen-de-WhatsApp-2023-05-19-a-las-12.16.27.jpg","type":"image\/jpeg"}],"author":"comunicacio","twitter_card":"summary_large_image","twitter_misc":{"Escrito por":"comunicacio","Tiempo de lectura":"3 minutos"},"schema":{"@context":"https:\/\/schema.org","@graph":[{"@type":"Article","@id":"https:\/\/mont-roig.cat\/es\/actualitat\/noticies\/les-preinscripcions-pels-casals-desport-i-lleure-daquest-estiu-comencen-dilluns\/#article","isPartOf":{"@id":"https:\/\/mont-roig.cat\/es\/actualitat\/noticies\/les-preinscripcions-pels-casals-desport-i-lleure-daquest-estiu-comencen-dilluns\/"},"author":{"name":"comunicacio","@id":"https:\/\/mont-roig.cat\/es\/#\/schema\/person\/1f73e7b5e6f9dd122e8a6f14f310ac5e"},"headline":"Las preinscripciones para los casales deporte y ocio de este verano comienzan el lunes","datePublished":"2023-05-19T12:08:56+00:00","dateModified":"2023-05-22T09:49:37+00:00","mainEntityOfPage":{"@id":"https:\/\/mont-roig.cat\/es\/actualitat\/noticies\/les-preinscripcions-pels-casals-desport-i-lleure-daquest-estiu-comencen-dilluns\/"},"wordCount":517,"image":{"@id":"https:\/\/mont-roig.cat\/es\/actualitat\/noticies\/les-preinscripcions-pels-casals-desport-i-lleure-daquest-estiu-comencen-dilluns\/#primaryimage"},"thumbnailUrl":"https:\/\/mont-roig.cat\/wp-content\/uploads\/Imagen-de-WhatsApp-2023-05-19-a-las-12.16.27.jpg","articleSection":["Ayuntamiento","Deportes"],"inLanguage":"es"},{"@type":"WebPage","@id":"https:\/\/mont-roig.cat\/es\/actualitat\/noticies\/les-preinscripcions-pels-casals-desport-i-lleure-daquest-estiu-comencen-dilluns\/","url":"https:\/\/mont-roig.cat\/es\/actualitat\/noticies\/les-preinscripcions-pels-casals-desport-i-lleure-daquest-estiu-comencen-dilluns\/","name":"Las preinscripciones para los casales deporte y ocio de este verano comienzan el lunes - Ajuntament de Mont-roig del Camp","isPartOf":{"@id":"https:\/\/mont-roig.cat\/es\/#website"},"primaryImageOfPage":{"@id":"https:\/\/mont-roig.cat\/es\/actualitat\/noticies\/les-preinscripcions-pels-casals-desport-i-lleure-daquest-estiu-comencen-dilluns\/#primaryimage"},"image":{"@id":"https:\/\/mont-roig.cat\/es\/actualitat\/noticies\/les-preinscripcions-pels-casals-desport-i-lleure-daquest-estiu-comencen-dilluns\/#primaryimage"},"thumbnailUrl":"https:\/\/mont-roig.cat\/wp-content\/uploads\/Imagen-de-WhatsApp-2023-05-19-a-las-12.16.27.jpg","datePublished":"2023-05-19T12:08:56+00:00","dateModified":"2023-05-22T09:49:37+00:00","author":{"@id":"https:\/\/mont-roig.cat\/es\/#\/schema\/person\/1f73e7b5e6f9dd122e8a6f14f310ac5e"},"breadcrumb":{"@id":"https:\/\/mont-roig.cat\/es\/actualitat\/noticies\/les-preinscripcions-pels-casals-desport-i-lleure-daquest-estiu-comencen-dilluns\/#breadcrumb"},"inLanguage":"es","potentialAction":[{"@type":"ReadAction","target":["https:\/\/mont-roig.cat\/es\/actualitat\/noticies\/les-preinscripcions-pels-casals-desport-i-lleure-daquest-estiu-comencen-dilluns\/"]}]},{"@type":"ImageObject","inLanguage":"es","@id":"https:\/\/mont-roig.cat\/es\/actualitat\/noticies\/les-preinscripcions-pels-casals-desport-i-lleure-daquest-estiu-comencen-dilluns\/#primaryimage","url":"https:\/\/mont-roig.cat\/wp-content\/uploads\/Imagen-de-WhatsApp-2023-05-19-a-las-12.16.27.jpg","contentUrl":"https:\/\/mont-roig.cat\/wp-content\/uploads\/Imagen-de-WhatsApp-2023-05-19-a-las-12.16.27.jpg","width":1600,"height":837},{"@type":"BreadcrumbList","@id":"https:\/\/mont-roig.cat\/es\/actualitat\/noticies\/les-preinscripcions-pels-casals-desport-i-lleure-daquest-estiu-comencen-dilluns\/#breadcrumb","itemListElement":[{"@type":"ListItem","position":1,"name":"Inici","item":"https:\/\/mont-roig.cat\/es\/pagina-de-inicio\/"},{"@type":"ListItem","position":2,"name":"Las preinscripciones para los casales deporte y ocio de este verano comienzan el lunes"}]},{"@type":"WebSite","@id":"https:\/\/mont-roig.cat\/es\/#website","url":"https:\/\/mont-roig.cat\/es\/","name":"Ajuntament de Mont-roig del Camp","description":"Tota la informaci\u00f3 sobre la instituci\u00f3, els seus \u00f2rgans de govern, actualitat, serveis i molt m\u00e9s.","potentialAction":[{"@type":"SearchAction","target":{"@type":"EntryPoint","urlTemplate":"https:\/\/mont-roig.cat\/es\/?s={search_term_string}"},"query-input":{"@type":"PropertyValueSpecification","valueRequired":true,"valueName":"search_term_string"}}],"inLanguage":"es"},{"@type":"Person","@id":"https:\/\/mont-roig.cat\/es\/#\/schema\/person\/1f73e7b5e6f9dd122e8a6f14f310ac5e","name":"comunicacio","image":{"@type":"ImageObject","inLanguage":"es","@id":"https:\/\/secure.gravatar.com\/avatar\/98944333e7a877670a64f8d10f0cb680ab2c9ebc4efc43945ef004b52b5ad28c?s=96&d=mm&r=g","url":"https:\/\/secure.gravatar.com\/avatar\/98944333e7a877670a64f8d10f0cb680ab2c9ebc4efc43945ef004b52b5ad28c?s=96&d=mm&r=g","contentUrl":"https:\/\/secure.gravatar.com\/avatar\/98944333e7a877670a64f8d10f0cb680ab2c9ebc4efc43945ef004b52b5ad28c?s=96&d=mm&r=g","caption":"comunicacio"},"url":"https:\/\/mont-roig.cat\/es\/actualitat\/noticies\/author\/comunicacio\/"}]}},"_links":{"self":[{"href":"https:\/\/mont-roig.cat\/es\/wp-json\/wp\/v2\/posts\/70373","targetHints":{"allow":["GET"]}}],"collection":[{"href":"https:\/\/mont-roig.cat\/es\/wp-json\/wp\/v2\/posts"}],"about":[{"href":"https:\/\/mont-roig.cat\/es\/wp-json\/wp\/v2\/types\/post"}],"author":[{"embeddable":true,"href":"https:\/\/mont-roig.cat\/es\/wp-json\/wp\/v2\/users\/13"}],"replies":[{"embeddable":true,"href":"https:\/\/mont-roig.cat\/es\/wp-json\/wp\/v2\/comments?post=70373"}],"version-history":[{"count":7,"href":"https:\/\/mont-roig.cat\/es\/wp-json\/wp\/v2\/posts\/70373\/revisions"}],"predecessor-version":[{"id":70394,"href":"https:\/\/mont-roig.cat\/es\/wp-json\/wp\/v2\/posts\/70373\/revisions\/70394"}],"wp:featuredmedia":[{"embeddable":true,"href":"https:\/\/mont-roig.cat\/es\/wp-json\/wp\/v2\/media\/70368"}],"wp:attachment":[{"href":"https:\/\/mont-roig.cat\/es\/wp-json\/wp\/v2\/media?parent=70373"}],"wp:term":[{"taxonomy":"category","embeddable":true,"href":"https:\/\/mont-roig.cat\/es\/wp-json\/wp\/v2\/categories?post=70373"},{"taxonomy":"post_tag","embeddable":true,"href":"https:\/\/mont-roig.cat\/es\/wp-json\/wp\/v2\/tags?post=70373"}],"curies":[{"name":"wp","href":"https:\/\/api.w.org\/{rel}","templated":true}]}}