{"id":70418,"date":"2023-05-24T13:09:01","date_gmt":"2023-05-24T11:09:01","guid":{"rendered":"https:\/\/mont-roig.cat\/actualitat\/noticies\/les-jornades-gastronomiques-del-pop-de-mont-roig-i-miami-platja-que-tindran-lloc-del-dia-1-al-18-de-juny-arriben-enguany-a-la-15a-edicio\/"},"modified":"2023-05-24T13:38:23","modified_gmt":"2023-05-24T11:38:23","slug":"las-jornadas-gastronomicas-del-pulpo-de-mont-roig-y-miami-platja-que-tendran-lugar-del-dia-1-al-18-de-junio-llegan-este-ano-a-la-15a-edicion","status":"publish","type":"post","link":"https:\/\/mont-roig.cat\/es\/actualitat\/noticies\/las-jornadas-gastronomicas-del-pulpo-de-mont-roig-y-miami-platja-que-tendran-lugar-del-dia-1-al-18-de-junio-llegan-este-ano-a-la-15a-edicion\/","title":{"rendered":"Las Jornadas Gastron\u00f3micas del Pulpo de Mont-roig y Miami Platja, que tendr\u00e1n lugar del d\u00eda 1 al 18 de junio, llegan este a\u00f1o a la 15\u00aa edici\u00f3n"},"content":{"rendered":"<ul>\n<li><a href=\"https:\/\/mont-roig.cat\/wp-content\/uploads\/parc-lili-1.jpg\" target=\"_blank\" rel=\"noopener\"><img loading=\"lazy\" decoding=\"async\" class=\"alignright wp-image-70414\" src=\"https:\/\/mont-roig.cat\/wp-content\/uploads\/parc-lili-1-500x417.jpg\" alt=\"\" width=\"301\" height=\"251\" srcset=\"https:\/\/mont-roig.cat\/wp-content\/uploads\/parc-lili-1-500x417.jpg 500w, https:\/\/mont-roig.cat\/wp-content\/uploads\/parc-lili-1-768x640.jpg 768w, https:\/\/mont-roig.cat\/wp-content\/uploads\/parc-lili-1.jpg 800w\" sizes=\"auto, (max-width: 301px) 100vw, 301px\" \/><\/a><strong>Participar\u00e1n 21 restaurantes de todo el municipio que elaborar\u00e1n sus propuestas con este molusco como ingrediente principal<\/strong><\/li>\n<li><strong>El d\u00eda 1 de junio, algunos de los restaurantes participantes ofrecer\u00e1n en su establecimiento una cata en primicia de su plato con un maridaje<\/strong><\/li>\n<\/ul>\n<p>Las Jornadas Gastron\u00f3micas del Pulpo de Mont-roig y Miami Platja se han convertido en un referente gastron\u00f3mico del municipio y de la demarcaci\u00f3n. Este a\u00f1o esta propuesta llega a su decimoquinta edici\u00f3n y contar\u00e1 con la participaci\u00f3n de 21 establecimientos de restauraci\u00f3n local que ofrecer\u00e1n sus platos, tapas y men\u00fas del d\u00eda 1 al 18 de junio.<\/p>\n<p>Como siempre, los restaurantes participantes introducen en su carta diferentes platos elaborados con el producto estrella: el pulpo, protagonista de estas jornadas por ser un molusco que habita en grandes cantidades en los fondos rocosos de la costa de Mont-roig, y especialmente en las calas de Miami Platja. Adem\u00e1s sus propiedades nutritivas y alimentarias hacen que sea un producto con un gran abanico de posibilidades gastron\u00f3micas dentro de la cocina mediterr\u00e1nea.<\/p>\n<p>En concreto participar\u00e1n los siguientes establecimientos: Balmar, Can Salvador, Casa Xavi, Casablanca Cristal, Casal Sant Jaume, Eclipse Playa Cristal, Ginger, La Borda d&#8217;en Manel, La Cassola, La Cuina de l&#8217;Ermita, La Mar Salada, La Riviera, La Tasca d\u2019en Joan, Limonero, Nou bar Mart\u00ed, Plats &amp; Co, Restaurant Cal Xato, Restaurant Can Ramon, Rin-Ran Gastrotapas, Sab\u2019s Gourmet y\u00a0 Sol Lounge Beach \/ Maykao. Todos estos establecimientos ofrecen propuestas muy diversas con precios para todos los bolsillos, desde peque\u00f1as catas de 4&#8217;5 euros, a platos de 10 o 12 euros y men\u00fas completos de 32&#8217;5 euros.<\/p>\n<p><strong>Cata en primicia<\/strong><\/p>\n<p>Algunos restaurantes participantes dar\u00e1n el pistoletazo de salida de las XV Jornadas Gastron\u00f3micas del Pulpo con una degustaci\u00f3n y maridaje de su plato participando en su establecimiento por 5\u20ac. Ser\u00e1 el jueves 1 de junio a partir de las 19h. En esta ruta encontraremos las propuestas de Casablanca Cristal, Casal Sant Jaume, Eclipse Playa Cristal, Ginger, La Mar Salada, la Tasca d\u2019en Joan, Plats &amp; Co, Rin-Ran Gastrotapas i Sab\u2019s Gourmet.<\/p>\n<p><strong>Sorteos<\/strong><br \/>\nAdem\u00e1s, tambi\u00e9n se han preparado varios sorteos, ya sea a trav\u00e9s de un boleto o del perfil de Instagram de Mont-roig Miami Turisme @montroigmiamiturisme, que permitir\u00e1 el sorteo de 10 comidas para dos personas degustando alguna de las creaciones de los restaurantes participantes.<\/p>\n<p>M\u00e1s informaci\u00f3n: <a href=\"http:\/\/www.mont-roigmiami.cat\" target=\"_blank\" rel=\"noopener\">www.mont-roigmiami.cat<\/a><\/p>\n<p>Descargar el programa completo de las Jornadas <a href=\"https:\/\/mont-roig.cat\/wp-content\/uploads\/llibret-pop_DEF.pdf\" target=\"_blank\" rel=\"noopener\">en este enlace.<\/a><\/p>\n","protected":false},"excerpt":{"rendered":"<p>Participar\u00e1n 21 restaurantes de todo el municipio que elaborar\u00e1n sus propuestas con este molusco como ingrediente principal El d\u00eda 1 de junio, algunos de los restaurantes participantes ofrecer\u00e1n en su establecimiento una cata en primicia de su plato con un maridaje Las Jornadas Gastron\u00f3micas del Pulpo de Mont-roig y Miami Platja se han convertido en [&hellip;]<\/p>\n","protected":false},"author":13,"featured_media":70415,"comment_status":"closed","ping_status":"closed","sticky":false,"template":"","format":"standard","meta":{"inline_featured_image":false,"_monsterinsights_skip_tracking":false,"_monsterinsights_sitenote_active":false,"_monsterinsights_sitenote_note":"","_monsterinsights_sitenote_category":0,"footnotes":""},"categories":[98,115],"tags":[],"class_list":["post-70418","post","type-post","status-publish","format-standard","has-post-thumbnail","hentry","category-ayuntamiento","category-turismo"],"yoast_head":"<!-- This site is optimized with the Yoast SEO plugin v27.4 - https:\/\/yoast.com\/product\/yoast-seo-wordpress\/ -->\n<title>Las Jornadas Gastron\u00f3micas del Pulpo de Mont-roig y Miami Platja, que tendr\u00e1n lugar del d\u00eda 1 al 18 de junio, llegan este a\u00f1o a la 15\u00aa edici\u00f3n - Ajuntament de Mont-roig del Camp<\/title>\n<meta name=\"robots\" content=\"index, follow, max-snippet:-1, max-image-preview:large, max-video-preview:-1\" \/>\n<link rel=\"canonical\" href=\"https:\/\/mont-roig.cat\/es\/actualitat\/noticies\/las-jornadas-gastronomicas-del-pulpo-de-mont-roig-y-miami-platja-que-tendran-lugar-del-dia-1-al-18-de-junio-llegan-este-ano-a-la-15a-edicion\/\" \/>\n<meta property=\"og:locale\" content=\"es_ES\" \/>\n<meta property=\"og:type\" content=\"article\" \/>\n<meta property=\"og:title\" content=\"Las Jornadas Gastron\u00f3micas del Pulpo de Mont-roig y Miami Platja, que tendr\u00e1n lugar del d\u00eda 1 al 18 de junio, llegan este a\u00f1o a la 15\u00aa edici\u00f3n - Ajuntament de Mont-roig del Camp\" \/>\n<meta property=\"og:description\" content=\"Participar\u00e1n 21 restaurantes de todo el municipio que elaborar\u00e1n sus propuestas con este molusco como ingrediente principal El d\u00eda 1 de junio, algunos de los restaurantes participantes ofrecer\u00e1n en su establecimiento una cata en primicia de su plato con un maridaje Las Jornadas Gastron\u00f3micas del Pulpo de Mont-roig y Miami Platja se han convertido en [&hellip;]\" \/>\n<meta property=\"og:url\" content=\"https:\/\/mont-roig.cat\/es\/actualitat\/noticies\/las-jornadas-gastronomicas-del-pulpo-de-mont-roig-y-miami-platja-que-tendran-lugar-del-dia-1-al-18-de-junio-llegan-este-ano-a-la-15a-edicion\/\" \/>\n<meta property=\"og:site_name\" content=\"Ajuntament de Mont-roig del Camp\" \/>\n<meta property=\"article:published_time\" content=\"2023-05-24T11:09:01+00:00\" \/>\n<meta property=\"article:modified_time\" content=\"2023-05-24T11:38:23+00:00\" \/>\n<meta property=\"og:image\" content=\"https:\/\/mont-roig.cat\/wp-content\/uploads\/parc-lili-1.jpg\" \/>\n\t<meta property=\"og:image:width\" content=\"800\" \/>\n\t<meta property=\"og:image:height\" content=\"667\" \/>\n\t<meta property=\"og:image:type\" content=\"image\/jpeg\" \/>\n<meta name=\"author\" content=\"comunicacio\" \/>\n<meta name=\"twitter:card\" content=\"summary_large_image\" \/>\n<meta name=\"twitter:label1\" content=\"Escrito por\" \/>\n\t<meta name=\"twitter:data1\" content=\"comunicacio\" \/>\n\t<meta name=\"twitter:label2\" content=\"Tiempo de lectura\" \/>\n\t<meta name=\"twitter:data2\" content=\"3 minutos\" \/>\n<script type=\"application\/ld+json\" class=\"yoast-schema-graph\">{\"@context\":\"https:\\\/\\\/schema.org\",\"@graph\":[{\"@type\":\"Article\",\"@id\":\"https:\\\/\\\/mont-roig.cat\\\/es\\\/actualitat\\\/noticies\\\/las-jornadas-gastronomicas-del-pulpo-de-mont-roig-y-miami-platja-que-tendran-lugar-del-dia-1-al-18-de-junio-llegan-este-ano-a-la-15a-edicion\\\/#article\",\"isPartOf\":{\"@id\":\"https:\\\/\\\/mont-roig.cat\\\/es\\\/actualitat\\\/noticies\\\/las-jornadas-gastronomicas-del-pulpo-de-mont-roig-y-miami-platja-que-tendran-lugar-del-dia-1-al-18-de-junio-llegan-este-ano-a-la-15a-edicion\\\/\"},\"author\":{\"name\":\"comunicacio\",\"@id\":\"https:\\\/\\\/mont-roig.cat\\\/es\\\/#\\\/schema\\\/person\\\/1f73e7b5e6f9dd122e8a6f14f310ac5e\"},\"headline\":\"Las Jornadas Gastron\u00f3micas del Pulpo de Mont-roig y Miami Platja, que tendr\u00e1n lugar del d\u00eda 1 al 18 de junio, llegan este a\u00f1o a la 15\u00aa edici\u00f3n\",\"datePublished\":\"2023-05-24T11:09:01+00:00\",\"dateModified\":\"2023-05-24T11:38:23+00:00\",\"mainEntityOfPage\":{\"@id\":\"https:\\\/\\\/mont-roig.cat\\\/es\\\/actualitat\\\/noticies\\\/las-jornadas-gastronomicas-del-pulpo-de-mont-roig-y-miami-platja-que-tendran-lugar-del-dia-1-al-18-de-junio-llegan-este-ano-a-la-15a-edicion\\\/\"},\"wordCount\":446,\"image\":{\"@id\":\"https:\\\/\\\/mont-roig.cat\\\/es\\\/actualitat\\\/noticies\\\/las-jornadas-gastronomicas-del-pulpo-de-mont-roig-y-miami-platja-que-tendran-lugar-del-dia-1-al-18-de-junio-llegan-este-ano-a-la-15a-edicion\\\/#primaryimage\"},\"thumbnailUrl\":\"https:\\\/\\\/mont-roig.cat\\\/wp-content\\\/uploads\\\/parc-lili-1.jpg\",\"articleSection\":[\"Ayuntamiento\",\"Turismo\"],\"inLanguage\":\"es\"},{\"@type\":\"WebPage\",\"@id\":\"https:\\\/\\\/mont-roig.cat\\\/es\\\/actualitat\\\/noticies\\\/las-jornadas-gastronomicas-del-pulpo-de-mont-roig-y-miami-platja-que-tendran-lugar-del-dia-1-al-18-de-junio-llegan-este-ano-a-la-15a-edicion\\\/\",\"url\":\"https:\\\/\\\/mont-roig.cat\\\/es\\\/actualitat\\\/noticies\\\/las-jornadas-gastronomicas-del-pulpo-de-mont-roig-y-miami-platja-que-tendran-lugar-del-dia-1-al-18-de-junio-llegan-este-ano-a-la-15a-edicion\\\/\",\"name\":\"Las Jornadas Gastron\u00f3micas del Pulpo de Mont-roig y Miami Platja, que tendr\u00e1n lugar del d\u00eda 1 al 18 de junio, llegan este a\u00f1o a la 15\u00aa edici\u00f3n - Ajuntament de Mont-roig del Camp\",\"isPartOf\":{\"@id\":\"https:\\\/\\\/mont-roig.cat\\\/es\\\/#website\"},\"primaryImageOfPage\":{\"@id\":\"https:\\\/\\\/mont-roig.cat\\\/es\\\/actualitat\\\/noticies\\\/las-jornadas-gastronomicas-del-pulpo-de-mont-roig-y-miami-platja-que-tendran-lugar-del-dia-1-al-18-de-junio-llegan-este-ano-a-la-15a-edicion\\\/#primaryimage\"},\"image\":{\"@id\":\"https:\\\/\\\/mont-roig.cat\\\/es\\\/actualitat\\\/noticies\\\/las-jornadas-gastronomicas-del-pulpo-de-mont-roig-y-miami-platja-que-tendran-lugar-del-dia-1-al-18-de-junio-llegan-este-ano-a-la-15a-edicion\\\/#primaryimage\"},\"thumbnailUrl\":\"https:\\\/\\\/mont-roig.cat\\\/wp-content\\\/uploads\\\/parc-lili-1.jpg\",\"datePublished\":\"2023-05-24T11:09:01+00:00\",\"dateModified\":\"2023-05-24T11:38:23+00:00\",\"author\":{\"@id\":\"https:\\\/\\\/mont-roig.cat\\\/es\\\/#\\\/schema\\\/person\\\/1f73e7b5e6f9dd122e8a6f14f310ac5e\"},\"breadcrumb\":{\"@id\":\"https:\\\/\\\/mont-roig.cat\\\/es\\\/actualitat\\\/noticies\\\/las-jornadas-gastronomicas-del-pulpo-de-mont-roig-y-miami-platja-que-tendran-lugar-del-dia-1-al-18-de-junio-llegan-este-ano-a-la-15a-edicion\\\/#breadcrumb\"},\"inLanguage\":\"es\",\"potentialAction\":[{\"@type\":\"ReadAction\",\"target\":[\"https:\\\/\\\/mont-roig.cat\\\/es\\\/actualitat\\\/noticies\\\/las-jornadas-gastronomicas-del-pulpo-de-mont-roig-y-miami-platja-que-tendran-lugar-del-dia-1-al-18-de-junio-llegan-este-ano-a-la-15a-edicion\\\/\"]}]},{\"@type\":\"ImageObject\",\"inLanguage\":\"es\",\"@id\":\"https:\\\/\\\/mont-roig.cat\\\/es\\\/actualitat\\\/noticies\\\/las-jornadas-gastronomicas-del-pulpo-de-mont-roig-y-miami-platja-que-tendran-lugar-del-dia-1-al-18-de-junio-llegan-este-ano-a-la-15a-edicion\\\/#primaryimage\",\"url\":\"https:\\\/\\\/mont-roig.cat\\\/wp-content\\\/uploads\\\/parc-lili-1.jpg\",\"contentUrl\":\"https:\\\/\\\/mont-roig.cat\\\/wp-content\\\/uploads\\\/parc-lili-1.jpg\",\"width\":800,\"height\":667},{\"@type\":\"BreadcrumbList\",\"@id\":\"https:\\\/\\\/mont-roig.cat\\\/es\\\/actualitat\\\/noticies\\\/las-jornadas-gastronomicas-del-pulpo-de-mont-roig-y-miami-platja-que-tendran-lugar-del-dia-1-al-18-de-junio-llegan-este-ano-a-la-15a-edicion\\\/#breadcrumb\",\"itemListElement\":[{\"@type\":\"ListItem\",\"position\":1,\"name\":\"Inici\",\"item\":\"https:\\\/\\\/mont-roig.cat\\\/es\\\/pagina-de-inicio\\\/\"},{\"@type\":\"ListItem\",\"position\":2,\"name\":\"Las Jornadas Gastron\u00f3micas del Pulpo de Mont-roig y Miami Platja, que tendr\u00e1n lugar del d\u00eda 1 al 18 de junio, llegan este a\u00f1o a la 15\u00aa edici\u00f3n\"}]},{\"@type\":\"WebSite\",\"@id\":\"https:\\\/\\\/mont-roig.cat\\\/es\\\/#website\",\"url\":\"https:\\\/\\\/mont-roig.cat\\\/es\\\/\",\"name\":\"Ajuntament de Mont-roig del Camp\",\"description\":\"Tota la informaci\u00f3 sobre la instituci\u00f3, els seus \u00f2rgans de govern, actualitat, serveis i molt m\u00e9s.\",\"potentialAction\":[{\"@type\":\"SearchAction\",\"target\":{\"@type\":\"EntryPoint\",\"urlTemplate\":\"https:\\\/\\\/mont-roig.cat\\\/es\\\/?s={search_term_string}\"},\"query-input\":{\"@type\":\"PropertyValueSpecification\",\"valueRequired\":true,\"valueName\":\"search_term_string\"}}],\"inLanguage\":\"es\"},{\"@type\":\"Person\",\"@id\":\"https:\\\/\\\/mont-roig.cat\\\/es\\\/#\\\/schema\\\/person\\\/1f73e7b5e6f9dd122e8a6f14f310ac5e\",\"name\":\"comunicacio\",\"image\":{\"@type\":\"ImageObject\",\"inLanguage\":\"es\",\"@id\":\"https:\\\/\\\/secure.gravatar.com\\\/avatar\\\/98944333e7a877670a64f8d10f0cb680ab2c9ebc4efc43945ef004b52b5ad28c?s=96&d=mm&r=g\",\"url\":\"https:\\\/\\\/secure.gravatar.com\\\/avatar\\\/98944333e7a877670a64f8d10f0cb680ab2c9ebc4efc43945ef004b52b5ad28c?s=96&d=mm&r=g\",\"contentUrl\":\"https:\\\/\\\/secure.gravatar.com\\\/avatar\\\/98944333e7a877670a64f8d10f0cb680ab2c9ebc4efc43945ef004b52b5ad28c?s=96&d=mm&r=g\",\"caption\":\"comunicacio\"},\"url\":\"https:\\\/\\\/mont-roig.cat\\\/es\\\/actualitat\\\/noticies\\\/author\\\/comunicacio\\\/\"}]}<\/script>\n<!-- \/ Yoast SEO plugin. -->","yoast_head_json":{"title":"Las Jornadas Gastron\u00f3micas del Pulpo de Mont-roig y Miami Platja, que tendr\u00e1n lugar del d\u00eda 1 al 18 de junio, llegan este a\u00f1o a la 15\u00aa edici\u00f3n - Ajuntament de Mont-roig del Camp","robots":{"index":"index","follow":"follow","max-snippet":"max-snippet:-1","max-image-preview":"max-image-preview:large","max-video-preview":"max-video-preview:-1"},"canonical":"https:\/\/mont-roig.cat\/es\/actualitat\/noticies\/las-jornadas-gastronomicas-del-pulpo-de-mont-roig-y-miami-platja-que-tendran-lugar-del-dia-1-al-18-de-junio-llegan-este-ano-a-la-15a-edicion\/","og_locale":"es_ES","og_type":"article","og_title":"Las Jornadas Gastron\u00f3micas del Pulpo de Mont-roig y Miami Platja, que tendr\u00e1n lugar del d\u00eda 1 al 18 de junio, llegan este a\u00f1o a la 15\u00aa edici\u00f3n - Ajuntament de Mont-roig del Camp","og_description":"Participar\u00e1n 21 restaurantes de todo el municipio que elaborar\u00e1n sus propuestas con este molusco como ingrediente principal El d\u00eda 1 de junio, algunos de los restaurantes participantes ofrecer\u00e1n en su establecimiento una cata en primicia de su plato con un maridaje Las Jornadas Gastron\u00f3micas del Pulpo de Mont-roig y Miami Platja se han convertido en [&hellip;]","og_url":"https:\/\/mont-roig.cat\/es\/actualitat\/noticies\/las-jornadas-gastronomicas-del-pulpo-de-mont-roig-y-miami-platja-que-tendran-lugar-del-dia-1-al-18-de-junio-llegan-este-ano-a-la-15a-edicion\/","og_site_name":"Ajuntament de Mont-roig del Camp","article_published_time":"2023-05-24T11:09:01+00:00","article_modified_time":"2023-05-24T11:38:23+00:00","og_image":[{"width":800,"height":667,"url":"https:\/\/mont-roig.cat\/wp-content\/uploads\/parc-lili-1.jpg","type":"image\/jpeg"}],"author":"comunicacio","twitter_card":"summary_large_image","twitter_misc":{"Escrito por":"comunicacio","Tiempo de lectura":"3 minutos"},"schema":{"@context":"https:\/\/schema.org","@graph":[{"@type":"Article","@id":"https:\/\/mont-roig.cat\/es\/actualitat\/noticies\/las-jornadas-gastronomicas-del-pulpo-de-mont-roig-y-miami-platja-que-tendran-lugar-del-dia-1-al-18-de-junio-llegan-este-ano-a-la-15a-edicion\/#article","isPartOf":{"@id":"https:\/\/mont-roig.cat\/es\/actualitat\/noticies\/las-jornadas-gastronomicas-del-pulpo-de-mont-roig-y-miami-platja-que-tendran-lugar-del-dia-1-al-18-de-junio-llegan-este-ano-a-la-15a-edicion\/"},"author":{"name":"comunicacio","@id":"https:\/\/mont-roig.cat\/es\/#\/schema\/person\/1f73e7b5e6f9dd122e8a6f14f310ac5e"},"headline":"Las Jornadas Gastron\u00f3micas del Pulpo de Mont-roig y Miami Platja, que tendr\u00e1n lugar del d\u00eda 1 al 18 de junio, llegan este a\u00f1o a la 15\u00aa edici\u00f3n","datePublished":"2023-05-24T11:09:01+00:00","dateModified":"2023-05-24T11:38:23+00:00","mainEntityOfPage":{"@id":"https:\/\/mont-roig.cat\/es\/actualitat\/noticies\/las-jornadas-gastronomicas-del-pulpo-de-mont-roig-y-miami-platja-que-tendran-lugar-del-dia-1-al-18-de-junio-llegan-este-ano-a-la-15a-edicion\/"},"wordCount":446,"image":{"@id":"https:\/\/mont-roig.cat\/es\/actualitat\/noticies\/las-jornadas-gastronomicas-del-pulpo-de-mont-roig-y-miami-platja-que-tendran-lugar-del-dia-1-al-18-de-junio-llegan-este-ano-a-la-15a-edicion\/#primaryimage"},"thumbnailUrl":"https:\/\/mont-roig.cat\/wp-content\/uploads\/parc-lili-1.jpg","articleSection":["Ayuntamiento","Turismo"],"inLanguage":"es"},{"@type":"WebPage","@id":"https:\/\/mont-roig.cat\/es\/actualitat\/noticies\/las-jornadas-gastronomicas-del-pulpo-de-mont-roig-y-miami-platja-que-tendran-lugar-del-dia-1-al-18-de-junio-llegan-este-ano-a-la-15a-edicion\/","url":"https:\/\/mont-roig.cat\/es\/actualitat\/noticies\/las-jornadas-gastronomicas-del-pulpo-de-mont-roig-y-miami-platja-que-tendran-lugar-del-dia-1-al-18-de-junio-llegan-este-ano-a-la-15a-edicion\/","name":"Las Jornadas Gastron\u00f3micas del Pulpo de Mont-roig y Miami Platja, que tendr\u00e1n lugar del d\u00eda 1 al 18 de junio, llegan este a\u00f1o a la 15\u00aa edici\u00f3n - Ajuntament de Mont-roig del Camp","isPartOf":{"@id":"https:\/\/mont-roig.cat\/es\/#website"},"primaryImageOfPage":{"@id":"https:\/\/mont-roig.cat\/es\/actualitat\/noticies\/las-jornadas-gastronomicas-del-pulpo-de-mont-roig-y-miami-platja-que-tendran-lugar-del-dia-1-al-18-de-junio-llegan-este-ano-a-la-15a-edicion\/#primaryimage"},"image":{"@id":"https:\/\/mont-roig.cat\/es\/actualitat\/noticies\/las-jornadas-gastronomicas-del-pulpo-de-mont-roig-y-miami-platja-que-tendran-lugar-del-dia-1-al-18-de-junio-llegan-este-ano-a-la-15a-edicion\/#primaryimage"},"thumbnailUrl":"https:\/\/mont-roig.cat\/wp-content\/uploads\/parc-lili-1.jpg","datePublished":"2023-05-24T11:09:01+00:00","dateModified":"2023-05-24T11:38:23+00:00","author":{"@id":"https:\/\/mont-roig.cat\/es\/#\/schema\/person\/1f73e7b5e6f9dd122e8a6f14f310ac5e"},"breadcrumb":{"@id":"https:\/\/mont-roig.cat\/es\/actualitat\/noticies\/las-jornadas-gastronomicas-del-pulpo-de-mont-roig-y-miami-platja-que-tendran-lugar-del-dia-1-al-18-de-junio-llegan-este-ano-a-la-15a-edicion\/#breadcrumb"},"inLanguage":"es","potentialAction":[{"@type":"ReadAction","target":["https:\/\/mont-roig.cat\/es\/actualitat\/noticies\/las-jornadas-gastronomicas-del-pulpo-de-mont-roig-y-miami-platja-que-tendran-lugar-del-dia-1-al-18-de-junio-llegan-este-ano-a-la-15a-edicion\/"]}]},{"@type":"ImageObject","inLanguage":"es","@id":"https:\/\/mont-roig.cat\/es\/actualitat\/noticies\/las-jornadas-gastronomicas-del-pulpo-de-mont-roig-y-miami-platja-que-tendran-lugar-del-dia-1-al-18-de-junio-llegan-este-ano-a-la-15a-edicion\/#primaryimage","url":"https:\/\/mont-roig.cat\/wp-content\/uploads\/parc-lili-1.jpg","contentUrl":"https:\/\/mont-roig.cat\/wp-content\/uploads\/parc-lili-1.jpg","width":800,"height":667},{"@type":"BreadcrumbList","@id":"https:\/\/mont-roig.cat\/es\/actualitat\/noticies\/las-jornadas-gastronomicas-del-pulpo-de-mont-roig-y-miami-platja-que-tendran-lugar-del-dia-1-al-18-de-junio-llegan-este-ano-a-la-15a-edicion\/#breadcrumb","itemListElement":[{"@type":"ListItem","position":1,"name":"Inici","item":"https:\/\/mont-roig.cat\/es\/pagina-de-inicio\/"},{"@type":"ListItem","position":2,"name":"Las Jornadas Gastron\u00f3micas del Pulpo de Mont-roig y Miami Platja, que tendr\u00e1n lugar del d\u00eda 1 al 18 de junio, llegan este a\u00f1o a la 15\u00aa edici\u00f3n"}]},{"@type":"WebSite","@id":"https:\/\/mont-roig.cat\/es\/#website","url":"https:\/\/mont-roig.cat\/es\/","name":"Ajuntament de Mont-roig del Camp","description":"Tota la informaci\u00f3 sobre la instituci\u00f3, els seus \u00f2rgans de govern, actualitat, serveis i molt m\u00e9s.","potentialAction":[{"@type":"SearchAction","target":{"@type":"EntryPoint","urlTemplate":"https:\/\/mont-roig.cat\/es\/?s={search_term_string}"},"query-input":{"@type":"PropertyValueSpecification","valueRequired":true,"valueName":"search_term_string"}}],"inLanguage":"es"},{"@type":"Person","@id":"https:\/\/mont-roig.cat\/es\/#\/schema\/person\/1f73e7b5e6f9dd122e8a6f14f310ac5e","name":"comunicacio","image":{"@type":"ImageObject","inLanguage":"es","@id":"https:\/\/secure.gravatar.com\/avatar\/98944333e7a877670a64f8d10f0cb680ab2c9ebc4efc43945ef004b52b5ad28c?s=96&d=mm&r=g","url":"https:\/\/secure.gravatar.com\/avatar\/98944333e7a877670a64f8d10f0cb680ab2c9ebc4efc43945ef004b52b5ad28c?s=96&d=mm&r=g","contentUrl":"https:\/\/secure.gravatar.com\/avatar\/98944333e7a877670a64f8d10f0cb680ab2c9ebc4efc43945ef004b52b5ad28c?s=96&d=mm&r=g","caption":"comunicacio"},"url":"https:\/\/mont-roig.cat\/es\/actualitat\/noticies\/author\/comunicacio\/"}]}},"_links":{"self":[{"href":"https:\/\/mont-roig.cat\/es\/wp-json\/wp\/v2\/posts\/70418","targetHints":{"allow":["GET"]}}],"collection":[{"href":"https:\/\/mont-roig.cat\/es\/wp-json\/wp\/v2\/posts"}],"about":[{"href":"https:\/\/mont-roig.cat\/es\/wp-json\/wp\/v2\/types\/post"}],"author":[{"embeddable":true,"href":"https:\/\/mont-roig.cat\/es\/wp-json\/wp\/v2\/users\/13"}],"replies":[{"embeddable":true,"href":"https:\/\/mont-roig.cat\/es\/wp-json\/wp\/v2\/comments?post=70418"}],"version-history":[{"count":4,"href":"https:\/\/mont-roig.cat\/es\/wp-json\/wp\/v2\/posts\/70418\/revisions"}],"predecessor-version":[{"id":70424,"href":"https:\/\/mont-roig.cat\/es\/wp-json\/wp\/v2\/posts\/70418\/revisions\/70424"}],"wp:featuredmedia":[{"embeddable":true,"href":"https:\/\/mont-roig.cat\/es\/wp-json\/wp\/v2\/media\/70415"}],"wp:attachment":[{"href":"https:\/\/mont-roig.cat\/es\/wp-json\/wp\/v2\/media?parent=70418"}],"wp:term":[{"taxonomy":"category","embeddable":true,"href":"https:\/\/mont-roig.cat\/es\/wp-json\/wp\/v2\/categories?post=70418"},{"taxonomy":"post_tag","embeddable":true,"href":"https:\/\/mont-roig.cat\/es\/wp-json\/wp\/v2\/tags?post=70418"}],"curies":[{"name":"wp","href":"https:\/\/api.w.org\/{rel}","templated":true}]}}