{"id":70519,"date":"2023-06-01T15:04:12","date_gmt":"2023-06-01T13:04:12","guid":{"rendered":"https:\/\/mont-roig.cat\/actualitat\/noticies\/sobre-el-nou-tram-de-lavinguda-de-barcelona-i-la-placa-jaen\/"},"modified":"2023-06-01T15:39:10","modified_gmt":"2023-06-01T13:39:10","slug":"se-abre-el-nuevo-tramo-de-la-avenida-de-barcelona-y-la-plaza-jaen","status":"publish","type":"post","link":"https:\/\/mont-roig.cat\/es\/actualitat\/noticies\/se-abre-el-nuevo-tramo-de-la-avenida-de-barcelona-y-la-plaza-jaen\/","title":{"rendered":"Se abre el nuevo tramo de la avenida de Barcelona y la Plaza Ja\u00e9n"},"content":{"rendered":"<ul>\n<li><strong>A partir de este viernes 2 de junio se ir\u00e1 abriendo de forma paulatina, primero para peatones y despu\u00e9s para veh\u00edculos, una vez el Ayuntamiento y la empresa han validado hoy que las obras se encuentran totalmente terminadas<\/strong><\/li>\n<li><strong>Las obras, que han finalizado antes de lo previsto, han consistido en la mejora del pavimento y los servicios de uno de los principales ejes de Miami Platja y la creaci\u00f3n de una importante nueva zona l\u00fadica y de ocio en la plaza Ja\u00e9n<\/strong><\/li>\n<\/ul>\n<div id=\"attachment_70512\" style=\"width: 310px\" class=\"wp-caption alignright\"><a href=\"https:\/\/mont-roig.cat\/wp-content\/uploads\/Avinguda-Barcelona.jpeg\"><img loading=\"lazy\" decoding=\"async\" aria-describedby=\"caption-attachment-70512\" class=\"wp-image-70512\" src=\"https:\/\/mont-roig.cat\/wp-content\/uploads\/Avinguda-Barcelona-500x375.jpeg\" alt=\"\" width=\"300\" height=\"225\" srcset=\"https:\/\/mont-roig.cat\/wp-content\/uploads\/Avinguda-Barcelona-500x375.jpeg 500w, https:\/\/mont-roig.cat\/wp-content\/uploads\/Avinguda-Barcelona-1024x769.jpeg 1024w, https:\/\/mont-roig.cat\/wp-content\/uploads\/Avinguda-Barcelona-768x576.jpeg 768w, https:\/\/mont-roig.cat\/wp-content\/uploads\/Avinguda-Barcelona-1536x1153.jpeg 1536w, https:\/\/mont-roig.cat\/wp-content\/uploads\/Avinguda-Barcelona-463x348.jpeg 463w, https:\/\/mont-roig.cat\/wp-content\/uploads\/Avinguda-Barcelona.jpeg 2048w\" sizes=\"auto, (max-width: 300px) 100vw, 300px\" \/><\/a><p id=\"caption-attachment-70512\" class=\"wp-caption-text\">Las obras de la segunda fase de la avenida Barcelona ya est\u00e1n finalizadas<\/p><\/div>\n<p>Las obras de la segunda fase de la avenida de Barcelona y la Plaza Ja\u00e9n ya est\u00e1n finalizadas y este viernes 2 de junio se abrir\u00e1n, de forma paulatina, a los peatones y a los veh\u00edculos. As\u00ed se ha acordado este jueves, despu\u00e9s de que el Ayuntamiento de Mont-roig del Camp y la empresa adjudicataria Tecnolog\u00eda de Firmes SA hayan firmado el acta de recepci\u00f3n, una vez se ha comprobado que se encuentran totalmente terminadas y en condiciones de ponerlas al servicio de la ciudadan\u00eda.<\/p>\n<p>Recordamos que la segunda fase de las obras de la avenida de Barcelona ha incluido el tramo comprendido entre las avenidas de C\u00e1diz y M\u00e1laga, mediante un proyecto continuista con la remodelaci\u00f3n de la primera fase. Las obras han contemplado desde la ampliaci\u00f3n del espacio destinado a los peatones a la creaci\u00f3n de carril bici, pasando por la instalaci\u00f3n de nuevas paradas de autob\u00fas; la plantaci\u00f3n de arbolado nuevo y zonas ajardinadas, as\u00ed como nuevo mobiliario urbano e iluminaci\u00f3n, colectores de aguas pluviales y residuales.<\/p>\n<p>Destaca que este proyecto tambi\u00e9n ha contemplado la reurbanizaci\u00f3n de la Plaza Ja\u00e9n, convirti\u00e9ndola en una plataforma \u00fanica y con la incorporaci\u00f3n de una importante y moderna zona de juegos infantiles. As\u00ed, la zona l\u00fadica de la plaza de Ja\u00e9n incorpora algunas de las \u00faltimas novedades en este tipo de espacios de ocio y socializaci\u00f3n en la calle. Todo ello con el objetivo de que esta nueva plaza se convierta tambi\u00e9n en un espacio referencial de Miami Platja.<\/p>\n<p><strong>Plazo y coste de las obras<\/strong><\/p>\n<p>Cabe destacar que los trabajos se iniciaron en el mes de abril de 2022, que el plazo para ejecutarlos era de un m\u00e1ximo de 15 meses y que han finalizado en menos de 14 meses, es decir, antes de lo previsto.<\/p>\n<p>En cuanto al coste de la obra \u00e9ste ha sido de 2.306.098,83 \u20ac (IVA incluido). Cabe remarcar que por este proyecto, en diciembre de 2022, el Ayuntamiento recibi\u00f3 una subvenci\u00f3n de 1,8 millones de euros de los fondos de recuperaci\u00f3n europeos. Esta subvenci\u00f3n de los Next Generation gestionada por el Ministerio de Industria, Comercio y Turismo representa el 80% del coste del proyecto y destaca porque adem\u00e1s de las obras de remodelaci\u00f3n y la jardiner\u00eda tambi\u00e9n incluye una parte de acciones destinadas a mejorar el comercio de la zona, tales como la instalaci\u00f3n de pantallas led, la creaci\u00f3n de campa\u00f1as promocionales as\u00ed como la formaci\u00f3n y capacitaci\u00f3n digital espec\u00edfica para el comercio de la avenida.<\/p>\n<p>&nbsp;<\/p>\n<div id=\"attachment_70514\" style=\"width: 310px\" class=\"wp-caption alignleft\"><a href=\"https:\/\/mont-roig.cat\/wp-content\/uploads\/Placa-Jaen.jpeg\"><img loading=\"lazy\" decoding=\"async\" aria-describedby=\"caption-attachment-70514\" class=\"wp-image-70514\" src=\"https:\/\/mont-roig.cat\/wp-content\/uploads\/Placa-Jaen-500x375.jpeg\" alt=\"\" width=\"300\" height=\"225\" srcset=\"https:\/\/mont-roig.cat\/wp-content\/uploads\/Placa-Jaen-500x375.jpeg 500w, https:\/\/mont-roig.cat\/wp-content\/uploads\/Placa-Jaen-1024x769.jpeg 1024w, https:\/\/mont-roig.cat\/wp-content\/uploads\/Placa-Jaen-768x576.jpeg 768w, https:\/\/mont-roig.cat\/wp-content\/uploads\/Placa-Jaen-1536x1153.jpeg 1536w, https:\/\/mont-roig.cat\/wp-content\/uploads\/Placa-Jaen-463x348.jpeg 463w, https:\/\/mont-roig.cat\/wp-content\/uploads\/Placa-Jaen.jpeg 2048w\" sizes=\"auto, (max-width: 300px) 100vw, 300px\" \/><\/a><p id=\"caption-attachment-70514\" class=\"wp-caption-text\">Nuevo parque infantil de\u00a0 plaza Ja\u00e9n<\/p><\/div>\n<div id=\"attachment_70510\" style=\"width: 310px\" class=\"wp-caption alignleft\"><a href=\"https:\/\/mont-roig.cat\/wp-content\/uploads\/Placa-Jaen_2.jpeg\"><img loading=\"lazy\" decoding=\"async\" aria-describedby=\"caption-attachment-70510\" class=\"wp-image-70510\" src=\"https:\/\/mont-roig.cat\/wp-content\/uploads\/Placa-Jaen_2-500x375.jpeg\" alt=\"\" width=\"300\" height=\"225\" srcset=\"https:\/\/mont-roig.cat\/wp-content\/uploads\/Placa-Jaen_2-500x375.jpeg 500w, https:\/\/mont-roig.cat\/wp-content\/uploads\/Placa-Jaen_2-1024x769.jpeg 1024w, https:\/\/mont-roig.cat\/wp-content\/uploads\/Placa-Jaen_2-768x576.jpeg 768w, https:\/\/mont-roig.cat\/wp-content\/uploads\/Placa-Jaen_2-1536x1153.jpeg 1536w, https:\/\/mont-roig.cat\/wp-content\/uploads\/Placa-Jaen_2-463x348.jpeg 463w, https:\/\/mont-roig.cat\/wp-content\/uploads\/Placa-Jaen_2.jpeg 2048w\" sizes=\"auto, (max-width: 300px) 100vw, 300px\" \/><\/a><p id=\"caption-attachment-70510\" class=\"wp-caption-text\">Zona de gradas de plaza Ja\u00e9n<\/p><\/div>\n","protected":false},"excerpt":{"rendered":"<p>A partir de este viernes 2 de junio se ir\u00e1 abriendo de forma paulatina, primero para peatones y despu\u00e9s para veh\u00edculos, una vez el Ayuntamiento y la empresa han validado hoy que las obras se encuentran totalmente terminadas Las obras, que han finalizado antes de lo previsto, han consistido en la mejora del pavimento y [&hellip;]<\/p>\n","protected":false},"author":13,"featured_media":70513,"comment_status":"closed","ping_status":"closed","sticky":false,"template":"","format":"standard","meta":{"inline_featured_image":false,"_monsterinsights_skip_tracking":false,"_monsterinsights_sitenote_active":false,"_monsterinsights_sitenote_note":"","_monsterinsights_sitenote_category":0,"footnotes":""},"categories":[116],"tags":[],"class_list":["post-70519","post","type-post","status-publish","format-standard","has-post-thumbnail","hentry","category-urbanismo-y-obras"],"yoast_head":"<!-- This site is optimized with the Yoast SEO plugin v27.4 - https:\/\/yoast.com\/product\/yoast-seo-wordpress\/ -->\n<title>Se abre el nuevo tramo de la avenida de Barcelona y la Plaza Ja\u00e9n - Ajuntament de Mont-roig del Camp<\/title>\n<meta name=\"robots\" content=\"index, follow, max-snippet:-1, max-image-preview:large, max-video-preview:-1\" \/>\n<link rel=\"canonical\" href=\"https:\/\/mont-roig.cat\/es\/actualitat\/noticies\/se-abre-el-nuevo-tramo-de-la-avenida-de-barcelona-y-la-plaza-jaen\/\" \/>\n<meta property=\"og:locale\" content=\"es_ES\" \/>\n<meta property=\"og:type\" content=\"article\" \/>\n<meta property=\"og:title\" content=\"Se abre el nuevo tramo de la avenida de Barcelona y la Plaza Ja\u00e9n - Ajuntament de Mont-roig del Camp\" \/>\n<meta property=\"og:description\" content=\"A partir de este viernes 2 de junio se ir\u00e1 abriendo de forma paulatina, primero para peatones y despu\u00e9s para veh\u00edculos, una vez el Ayuntamiento y la empresa han validado hoy que las obras se encuentran totalmente terminadas Las obras, que han finalizado antes de lo previsto, han consistido en la mejora del pavimento y [&hellip;]\" \/>\n<meta property=\"og:url\" content=\"https:\/\/mont-roig.cat\/es\/actualitat\/noticies\/se-abre-el-nuevo-tramo-de-la-avenida-de-barcelona-y-la-plaza-jaen\/\" \/>\n<meta property=\"og:site_name\" content=\"Ajuntament de Mont-roig del Camp\" \/>\n<meta property=\"article:published_time\" content=\"2023-06-01T13:04:12+00:00\" \/>\n<meta property=\"article:modified_time\" content=\"2023-06-01T13:39:10+00:00\" \/>\n<meta property=\"og:image\" content=\"https:\/\/mont-roig.cat\/wp-content\/uploads\/Avinguda-Barcelona.jpeg\" \/>\n\t<meta property=\"og:image:width\" content=\"2048\" \/>\n\t<meta property=\"og:image:height\" content=\"1537\" \/>\n\t<meta property=\"og:image:type\" content=\"image\/jpeg\" \/>\n<meta name=\"author\" content=\"comunicacio\" \/>\n<meta name=\"twitter:card\" content=\"summary_large_image\" \/>\n<meta name=\"twitter:label1\" content=\"Escrito por\" \/>\n\t<meta name=\"twitter:data1\" content=\"comunicacio\" \/>\n\t<meta name=\"twitter:label2\" content=\"Tiempo de lectura\" \/>\n\t<meta name=\"twitter:data2\" content=\"4 minutos\" \/>\n<script type=\"application\/ld+json\" class=\"yoast-schema-graph\">{\"@context\":\"https:\\\/\\\/schema.org\",\"@graph\":[{\"@type\":\"Article\",\"@id\":\"https:\\\/\\\/mont-roig.cat\\\/es\\\/actualitat\\\/noticies\\\/se-abre-el-nuevo-tramo-de-la-avenida-de-barcelona-y-la-plaza-jaen\\\/#article\",\"isPartOf\":{\"@id\":\"https:\\\/\\\/mont-roig.cat\\\/es\\\/actualitat\\\/noticies\\\/se-abre-el-nuevo-tramo-de-la-avenida-de-barcelona-y-la-plaza-jaen\\\/\"},\"author\":{\"name\":\"comunicacio\",\"@id\":\"https:\\\/\\\/mont-roig.cat\\\/es\\\/#\\\/schema\\\/person\\\/1f73e7b5e6f9dd122e8a6f14f310ac5e\"},\"headline\":\"Se abre el nuevo tramo de la avenida de Barcelona y la Plaza Ja\u00e9n\",\"datePublished\":\"2023-06-01T13:04:12+00:00\",\"dateModified\":\"2023-06-01T13:39:10+00:00\",\"mainEntityOfPage\":{\"@id\":\"https:\\\/\\\/mont-roig.cat\\\/es\\\/actualitat\\\/noticies\\\/se-abre-el-nuevo-tramo-de-la-avenida-de-barcelona-y-la-plaza-jaen\\\/\"},\"wordCount\":592,\"image\":{\"@id\":\"https:\\\/\\\/mont-roig.cat\\\/es\\\/actualitat\\\/noticies\\\/se-abre-el-nuevo-tramo-de-la-avenida-de-barcelona-y-la-plaza-jaen\\\/#primaryimage\"},\"thumbnailUrl\":\"https:\\\/\\\/mont-roig.cat\\\/wp-content\\\/uploads\\\/Avinguda-Barcelona.jpeg\",\"articleSection\":[\"Urbanismo y obras\"],\"inLanguage\":\"es\"},{\"@type\":\"WebPage\",\"@id\":\"https:\\\/\\\/mont-roig.cat\\\/es\\\/actualitat\\\/noticies\\\/se-abre-el-nuevo-tramo-de-la-avenida-de-barcelona-y-la-plaza-jaen\\\/\",\"url\":\"https:\\\/\\\/mont-roig.cat\\\/es\\\/actualitat\\\/noticies\\\/se-abre-el-nuevo-tramo-de-la-avenida-de-barcelona-y-la-plaza-jaen\\\/\",\"name\":\"Se abre el nuevo tramo de la avenida de Barcelona y la Plaza Ja\u00e9n - Ajuntament de Mont-roig del Camp\",\"isPartOf\":{\"@id\":\"https:\\\/\\\/mont-roig.cat\\\/es\\\/#website\"},\"primaryImageOfPage\":{\"@id\":\"https:\\\/\\\/mont-roig.cat\\\/es\\\/actualitat\\\/noticies\\\/se-abre-el-nuevo-tramo-de-la-avenida-de-barcelona-y-la-plaza-jaen\\\/#primaryimage\"},\"image\":{\"@id\":\"https:\\\/\\\/mont-roig.cat\\\/es\\\/actualitat\\\/noticies\\\/se-abre-el-nuevo-tramo-de-la-avenida-de-barcelona-y-la-plaza-jaen\\\/#primaryimage\"},\"thumbnailUrl\":\"https:\\\/\\\/mont-roig.cat\\\/wp-content\\\/uploads\\\/Avinguda-Barcelona.jpeg\",\"datePublished\":\"2023-06-01T13:04:12+00:00\",\"dateModified\":\"2023-06-01T13:39:10+00:00\",\"author\":{\"@id\":\"https:\\\/\\\/mont-roig.cat\\\/es\\\/#\\\/schema\\\/person\\\/1f73e7b5e6f9dd122e8a6f14f310ac5e\"},\"breadcrumb\":{\"@id\":\"https:\\\/\\\/mont-roig.cat\\\/es\\\/actualitat\\\/noticies\\\/se-abre-el-nuevo-tramo-de-la-avenida-de-barcelona-y-la-plaza-jaen\\\/#breadcrumb\"},\"inLanguage\":\"es\",\"potentialAction\":[{\"@type\":\"ReadAction\",\"target\":[\"https:\\\/\\\/mont-roig.cat\\\/es\\\/actualitat\\\/noticies\\\/se-abre-el-nuevo-tramo-de-la-avenida-de-barcelona-y-la-plaza-jaen\\\/\"]}]},{\"@type\":\"ImageObject\",\"inLanguage\":\"es\",\"@id\":\"https:\\\/\\\/mont-roig.cat\\\/es\\\/actualitat\\\/noticies\\\/se-abre-el-nuevo-tramo-de-la-avenida-de-barcelona-y-la-plaza-jaen\\\/#primaryimage\",\"url\":\"https:\\\/\\\/mont-roig.cat\\\/wp-content\\\/uploads\\\/Avinguda-Barcelona.jpeg\",\"contentUrl\":\"https:\\\/\\\/mont-roig.cat\\\/wp-content\\\/uploads\\\/Avinguda-Barcelona.jpeg\",\"width\":2048,\"height\":1537},{\"@type\":\"BreadcrumbList\",\"@id\":\"https:\\\/\\\/mont-roig.cat\\\/es\\\/actualitat\\\/noticies\\\/se-abre-el-nuevo-tramo-de-la-avenida-de-barcelona-y-la-plaza-jaen\\\/#breadcrumb\",\"itemListElement\":[{\"@type\":\"ListItem\",\"position\":1,\"name\":\"Inici\",\"item\":\"https:\\\/\\\/mont-roig.cat\\\/es\\\/pagina-de-inicio\\\/\"},{\"@type\":\"ListItem\",\"position\":2,\"name\":\"Se abre el nuevo tramo de la avenida de Barcelona y la Plaza Ja\u00e9n\"}]},{\"@type\":\"WebSite\",\"@id\":\"https:\\\/\\\/mont-roig.cat\\\/es\\\/#website\",\"url\":\"https:\\\/\\\/mont-roig.cat\\\/es\\\/\",\"name\":\"Ajuntament de Mont-roig del Camp\",\"description\":\"Tota la informaci\u00f3 sobre la instituci\u00f3, els seus \u00f2rgans de govern, actualitat, serveis i molt m\u00e9s.\",\"potentialAction\":[{\"@type\":\"SearchAction\",\"target\":{\"@type\":\"EntryPoint\",\"urlTemplate\":\"https:\\\/\\\/mont-roig.cat\\\/es\\\/?s={search_term_string}\"},\"query-input\":{\"@type\":\"PropertyValueSpecification\",\"valueRequired\":true,\"valueName\":\"search_term_string\"}}],\"inLanguage\":\"es\"},{\"@type\":\"Person\",\"@id\":\"https:\\\/\\\/mont-roig.cat\\\/es\\\/#\\\/schema\\\/person\\\/1f73e7b5e6f9dd122e8a6f14f310ac5e\",\"name\":\"comunicacio\",\"image\":{\"@type\":\"ImageObject\",\"inLanguage\":\"es\",\"@id\":\"https:\\\/\\\/secure.gravatar.com\\\/avatar\\\/98944333e7a877670a64f8d10f0cb680ab2c9ebc4efc43945ef004b52b5ad28c?s=96&d=mm&r=g\",\"url\":\"https:\\\/\\\/secure.gravatar.com\\\/avatar\\\/98944333e7a877670a64f8d10f0cb680ab2c9ebc4efc43945ef004b52b5ad28c?s=96&d=mm&r=g\",\"contentUrl\":\"https:\\\/\\\/secure.gravatar.com\\\/avatar\\\/98944333e7a877670a64f8d10f0cb680ab2c9ebc4efc43945ef004b52b5ad28c?s=96&d=mm&r=g\",\"caption\":\"comunicacio\"},\"url\":\"https:\\\/\\\/mont-roig.cat\\\/es\\\/actualitat\\\/noticies\\\/author\\\/comunicacio\\\/\"}]}<\/script>\n<!-- \/ Yoast SEO plugin. -->","yoast_head_json":{"title":"Se abre el nuevo tramo de la avenida de Barcelona y la Plaza Ja\u00e9n - Ajuntament de Mont-roig del Camp","robots":{"index":"index","follow":"follow","max-snippet":"max-snippet:-1","max-image-preview":"max-image-preview:large","max-video-preview":"max-video-preview:-1"},"canonical":"https:\/\/mont-roig.cat\/es\/actualitat\/noticies\/se-abre-el-nuevo-tramo-de-la-avenida-de-barcelona-y-la-plaza-jaen\/","og_locale":"es_ES","og_type":"article","og_title":"Se abre el nuevo tramo de la avenida de Barcelona y la Plaza Ja\u00e9n - Ajuntament de Mont-roig del Camp","og_description":"A partir de este viernes 2 de junio se ir\u00e1 abriendo de forma paulatina, primero para peatones y despu\u00e9s para veh\u00edculos, una vez el Ayuntamiento y la empresa han validado hoy que las obras se encuentran totalmente terminadas Las obras, que han finalizado antes de lo previsto, han consistido en la mejora del pavimento y [&hellip;]","og_url":"https:\/\/mont-roig.cat\/es\/actualitat\/noticies\/se-abre-el-nuevo-tramo-de-la-avenida-de-barcelona-y-la-plaza-jaen\/","og_site_name":"Ajuntament de Mont-roig del Camp","article_published_time":"2023-06-01T13:04:12+00:00","article_modified_time":"2023-06-01T13:39:10+00:00","og_image":[{"width":2048,"height":1537,"url":"https:\/\/mont-roig.cat\/wp-content\/uploads\/Avinguda-Barcelona.jpeg","type":"image\/jpeg"}],"author":"comunicacio","twitter_card":"summary_large_image","twitter_misc":{"Escrito por":"comunicacio","Tiempo de lectura":"4 minutos"},"schema":{"@context":"https:\/\/schema.org","@graph":[{"@type":"Article","@id":"https:\/\/mont-roig.cat\/es\/actualitat\/noticies\/se-abre-el-nuevo-tramo-de-la-avenida-de-barcelona-y-la-plaza-jaen\/#article","isPartOf":{"@id":"https:\/\/mont-roig.cat\/es\/actualitat\/noticies\/se-abre-el-nuevo-tramo-de-la-avenida-de-barcelona-y-la-plaza-jaen\/"},"author":{"name":"comunicacio","@id":"https:\/\/mont-roig.cat\/es\/#\/schema\/person\/1f73e7b5e6f9dd122e8a6f14f310ac5e"},"headline":"Se abre el nuevo tramo de la avenida de Barcelona y la Plaza Ja\u00e9n","datePublished":"2023-06-01T13:04:12+00:00","dateModified":"2023-06-01T13:39:10+00:00","mainEntityOfPage":{"@id":"https:\/\/mont-roig.cat\/es\/actualitat\/noticies\/se-abre-el-nuevo-tramo-de-la-avenida-de-barcelona-y-la-plaza-jaen\/"},"wordCount":592,"image":{"@id":"https:\/\/mont-roig.cat\/es\/actualitat\/noticies\/se-abre-el-nuevo-tramo-de-la-avenida-de-barcelona-y-la-plaza-jaen\/#primaryimage"},"thumbnailUrl":"https:\/\/mont-roig.cat\/wp-content\/uploads\/Avinguda-Barcelona.jpeg","articleSection":["Urbanismo y obras"],"inLanguage":"es"},{"@type":"WebPage","@id":"https:\/\/mont-roig.cat\/es\/actualitat\/noticies\/se-abre-el-nuevo-tramo-de-la-avenida-de-barcelona-y-la-plaza-jaen\/","url":"https:\/\/mont-roig.cat\/es\/actualitat\/noticies\/se-abre-el-nuevo-tramo-de-la-avenida-de-barcelona-y-la-plaza-jaen\/","name":"Se abre el nuevo tramo de la avenida de Barcelona y la Plaza Ja\u00e9n - Ajuntament de Mont-roig del Camp","isPartOf":{"@id":"https:\/\/mont-roig.cat\/es\/#website"},"primaryImageOfPage":{"@id":"https:\/\/mont-roig.cat\/es\/actualitat\/noticies\/se-abre-el-nuevo-tramo-de-la-avenida-de-barcelona-y-la-plaza-jaen\/#primaryimage"},"image":{"@id":"https:\/\/mont-roig.cat\/es\/actualitat\/noticies\/se-abre-el-nuevo-tramo-de-la-avenida-de-barcelona-y-la-plaza-jaen\/#primaryimage"},"thumbnailUrl":"https:\/\/mont-roig.cat\/wp-content\/uploads\/Avinguda-Barcelona.jpeg","datePublished":"2023-06-01T13:04:12+00:00","dateModified":"2023-06-01T13:39:10+00:00","author":{"@id":"https:\/\/mont-roig.cat\/es\/#\/schema\/person\/1f73e7b5e6f9dd122e8a6f14f310ac5e"},"breadcrumb":{"@id":"https:\/\/mont-roig.cat\/es\/actualitat\/noticies\/se-abre-el-nuevo-tramo-de-la-avenida-de-barcelona-y-la-plaza-jaen\/#breadcrumb"},"inLanguage":"es","potentialAction":[{"@type":"ReadAction","target":["https:\/\/mont-roig.cat\/es\/actualitat\/noticies\/se-abre-el-nuevo-tramo-de-la-avenida-de-barcelona-y-la-plaza-jaen\/"]}]},{"@type":"ImageObject","inLanguage":"es","@id":"https:\/\/mont-roig.cat\/es\/actualitat\/noticies\/se-abre-el-nuevo-tramo-de-la-avenida-de-barcelona-y-la-plaza-jaen\/#primaryimage","url":"https:\/\/mont-roig.cat\/wp-content\/uploads\/Avinguda-Barcelona.jpeg","contentUrl":"https:\/\/mont-roig.cat\/wp-content\/uploads\/Avinguda-Barcelona.jpeg","width":2048,"height":1537},{"@type":"BreadcrumbList","@id":"https:\/\/mont-roig.cat\/es\/actualitat\/noticies\/se-abre-el-nuevo-tramo-de-la-avenida-de-barcelona-y-la-plaza-jaen\/#breadcrumb","itemListElement":[{"@type":"ListItem","position":1,"name":"Inici","item":"https:\/\/mont-roig.cat\/es\/pagina-de-inicio\/"},{"@type":"ListItem","position":2,"name":"Se abre el nuevo tramo de la avenida de Barcelona y la Plaza Ja\u00e9n"}]},{"@type":"WebSite","@id":"https:\/\/mont-roig.cat\/es\/#website","url":"https:\/\/mont-roig.cat\/es\/","name":"Ajuntament de Mont-roig del Camp","description":"Tota la informaci\u00f3 sobre la instituci\u00f3, els seus \u00f2rgans de govern, actualitat, serveis i molt m\u00e9s.","potentialAction":[{"@type":"SearchAction","target":{"@type":"EntryPoint","urlTemplate":"https:\/\/mont-roig.cat\/es\/?s={search_term_string}"},"query-input":{"@type":"PropertyValueSpecification","valueRequired":true,"valueName":"search_term_string"}}],"inLanguage":"es"},{"@type":"Person","@id":"https:\/\/mont-roig.cat\/es\/#\/schema\/person\/1f73e7b5e6f9dd122e8a6f14f310ac5e","name":"comunicacio","image":{"@type":"ImageObject","inLanguage":"es","@id":"https:\/\/secure.gravatar.com\/avatar\/98944333e7a877670a64f8d10f0cb680ab2c9ebc4efc43945ef004b52b5ad28c?s=96&d=mm&r=g","url":"https:\/\/secure.gravatar.com\/avatar\/98944333e7a877670a64f8d10f0cb680ab2c9ebc4efc43945ef004b52b5ad28c?s=96&d=mm&r=g","contentUrl":"https:\/\/secure.gravatar.com\/avatar\/98944333e7a877670a64f8d10f0cb680ab2c9ebc4efc43945ef004b52b5ad28c?s=96&d=mm&r=g","caption":"comunicacio"},"url":"https:\/\/mont-roig.cat\/es\/actualitat\/noticies\/author\/comunicacio\/"}]}},"_links":{"self":[{"href":"https:\/\/mont-roig.cat\/es\/wp-json\/wp\/v2\/posts\/70519","targetHints":{"allow":["GET"]}}],"collection":[{"href":"https:\/\/mont-roig.cat\/es\/wp-json\/wp\/v2\/posts"}],"about":[{"href":"https:\/\/mont-roig.cat\/es\/wp-json\/wp\/v2\/types\/post"}],"author":[{"embeddable":true,"href":"https:\/\/mont-roig.cat\/es\/wp-json\/wp\/v2\/users\/13"}],"replies":[{"embeddable":true,"href":"https:\/\/mont-roig.cat\/es\/wp-json\/wp\/v2\/comments?post=70519"}],"version-history":[{"count":3,"href":"https:\/\/mont-roig.cat\/es\/wp-json\/wp\/v2\/posts\/70519\/revisions"}],"predecessor-version":[{"id":70522,"href":"https:\/\/mont-roig.cat\/es\/wp-json\/wp\/v2\/posts\/70519\/revisions\/70522"}],"wp:featuredmedia":[{"embeddable":true,"href":"https:\/\/mont-roig.cat\/es\/wp-json\/wp\/v2\/media\/70513"}],"wp:attachment":[{"href":"https:\/\/mont-roig.cat\/es\/wp-json\/wp\/v2\/media?parent=70519"}],"wp:term":[{"taxonomy":"category","embeddable":true,"href":"https:\/\/mont-roig.cat\/es\/wp-json\/wp\/v2\/categories?post=70519"},{"taxonomy":"post_tag","embeddable":true,"href":"https:\/\/mont-roig.cat\/es\/wp-json\/wp\/v2\/tags?post=70519"}],"curies":[{"name":"wp","href":"https:\/\/api.w.org\/{rel}","templated":true}]}}