{"id":70607,"date":"2023-06-07T13:22:42","date_gmt":"2023-06-07T11:22:42","guid":{"rendered":"https:\/\/mont-roig.cat\/actualitat\/noticies\/el-proces-participatiu-dona-nom-per-feminitzar-el-nomenclator-municipal-inclos-al-banc-de-bones-practiques\/"},"modified":"2023-06-07T13:29:43","modified_gmt":"2023-06-07T11:29:43","slug":"el-proceso-participativo-dona-nom-para-feminizar-al-nomenclator-municipal-incluido-en-el-banco-de-buenas-practicas","status":"publish","type":"post","link":"https:\/\/mont-roig.cat\/es\/actualitat\/noticies\/el-proceso-participativo-dona-nom-para-feminizar-al-nomenclator-municipal-incluido-en-el-banco-de-buenas-practicas\/","title":{"rendered":"El proceso participativo Dona Nom para feminizar al nomencl\u00e1tor municipal, incluido en el Banco de Buenas Pr\u00e1cticas"},"content":{"rendered":"<div id=\"attachment_70603\" style=\"width: 310px\" class=\"wp-caption alignright\"><a href=\"https:\/\/mont-roig.cat\/wp-content\/uploads\/dona-nom.png\" target=\"_blank\" rel=\"noopener\"><img loading=\"lazy\" decoding=\"async\" aria-describedby=\"caption-attachment-70603\" class=\"wp-image-70603\" src=\"https:\/\/mont-roig.cat\/wp-content\/uploads\/dona-nom-500x430.png\" alt=\"\" width=\"300\" height=\"258\" srcset=\"https:\/\/mont-roig.cat\/wp-content\/uploads\/dona-nom-500x430.png 500w, https:\/\/mont-roig.cat\/wp-content\/uploads\/dona-nom-768x661.png 768w, https:\/\/mont-roig.cat\/wp-content\/uploads\/dona-nom.png 930w\" sizes=\"auto, (max-width: 300px) 100vw, 300px\" \/><\/a><p id=\"caption-attachment-70603\" class=\"wp-caption-text\">Presentaci\u00f3n de la campa\u00f1a Dona Nom.<\/p><\/div>\n<ul>\n<li><strong>La Federaci\u00f3 de Municipis de Catalunya (FMC) y la Fundaci\u00f3 Pi i Sunyer califican la propuesta del Ayuntamiento de Mont-roig del Camp de Pr\u00e1ctica Significativa porque puede servir de referencia a otros ayuntamientos o entidades locales<\/strong><\/li>\n<\/ul>\n<p>La Federaci\u00f3 de Municipis de Catalunya (FMC) y la Fundaci\u00f3 Carles Pi i Sunyer d&#8217;Estudis Auton\u00f2mics i Locals ha incluido el proceso participativo Dona Nom, que impuls\u00f3 en 2022 en el Ayuntamiento de Mont-roig del Camp a trav\u00e9s de la concejal\u00eda de Participaci\u00f3n Ciudadana para feminizar al nomencl\u00e1tor municipal, dentro del Banco de Buenas Pr\u00e1cticas que promueve estas dos entidades. En concreto, el proyecto Dona Nom ha sido calificado de Pr\u00e1ctica Significativa, ya que la comisi\u00f3n que otorga esta distinci\u00f3n valora que \u201crepresenta una aportaci\u00f3n innovadora y de calidad y que puede servir de referencia para otros ayuntamientos o entidades locales\u201d<\/p>\n<p>Recordamos que la campa\u00f1a Dona Nom consist\u00eda en un proceso participativo con el fin de reivindicar y visibilizar la memoria de las mujeres mediante la inclusi\u00f3n de nombres de personalidades femeninas en el nomencl\u00e1tor de todo el municipio. El hecho de que s\u00f3lo el 6% de las calles de los n\u00facleos m\u00e1s poblados del t\u00e9rmino municipal estuvieran dedicadas a dones era ilustrativo de los d\u00e9ficits de representaci\u00f3n que ten\u00edan en el espacio p\u00fablico.<\/p>\n<p>Seg\u00fan la comisi\u00f3n valorativa, \u201cel principal aspecto relevante del proceso ha sido vehicular un proceso participativo con objetivos de transformaci\u00f3n social entre la ciudadan\u00eda con el fin de visibilizar estas discriminaciones de g\u00e9nero. El proceso ha permitido de forma simb\u00f3lica reconocer el papel de las mujeres, especialmente de aquellas personalidades que a menudo han realizado aportaciones an\u00f3nimas de relevancia a nivel local\u201d.<\/p>\n<p>Por \u00faltimo, los nombres escogidos en este proceso fueron:<\/p>\n<ul>\n<li>Maribel Zafra Agea<\/li>\n<li>Ana Mu\u00f1oz Mart\u00ednez<\/li>\n<li>\u00a0Montserrat Llorens Mart\u00ed<\/li>\n<li>Magda Guerrero Mercader<\/li>\n<li>Mercedes de los Milagros Campos S\u00e1nchez<\/li>\n<li>Magdalena Serra i Vernet<\/li>\n<li>Rosa Virgili Granell<\/li>\n<li>Mercedes Boquera Boquera<\/li>\n<li>Maria Elena Maseras i Ribera<\/li>\n<li>Pepa Colomer i Luque<\/li>\n<\/ul>\n","protected":false},"excerpt":{"rendered":"<p>La Federaci\u00f3 de Municipis de Catalunya (FMC) y la Fundaci\u00f3 Pi i Sunyer califican la propuesta del Ayuntamiento de Mont-roig del Camp de Pr\u00e1ctica Significativa porque puede servir de referencia a otros ayuntamientos o entidades locales La Federaci\u00f3 de Municipis de Catalunya (FMC) y la Fundaci\u00f3 Carles Pi i Sunyer d&#8217;Estudis Auton\u00f2mics i Locals ha [&hellip;]<\/p>\n","protected":false},"author":13,"featured_media":70604,"comment_status":"closed","ping_status":"closed","sticky":false,"template":"","format":"standard","meta":{"inline_featured_image":false,"_monsterinsights_skip_tracking":false,"_monsterinsights_sitenote_active":false,"_monsterinsights_sitenote_note":"","_monsterinsights_sitenote_category":0,"footnotes":""},"categories":[98,217],"tags":[],"class_list":["post-70607","post","type-post","status-publish","format-standard","has-post-thumbnail","hentry","category-ayuntamiento","category-participacio-ciutadana-es"],"yoast_head":"<!-- This site is optimized with the Yoast SEO plugin v27.4 - https:\/\/yoast.com\/product\/yoast-seo-wordpress\/ -->\n<title>El proceso participativo Dona Nom para feminizar al nomencl\u00e1tor municipal, incluido en el Banco de Buenas Pr\u00e1cticas - Ajuntament de Mont-roig del Camp<\/title>\n<meta name=\"robots\" content=\"index, follow, max-snippet:-1, max-image-preview:large, max-video-preview:-1\" \/>\n<link rel=\"canonical\" href=\"https:\/\/mont-roig.cat\/es\/actualitat\/noticies\/el-proceso-participativo-dona-nom-para-feminizar-al-nomenclator-municipal-incluido-en-el-banco-de-buenas-practicas\/\" \/>\n<meta property=\"og:locale\" content=\"es_ES\" \/>\n<meta property=\"og:type\" content=\"article\" \/>\n<meta property=\"og:title\" content=\"El proceso participativo Dona Nom para feminizar al nomencl\u00e1tor municipal, incluido en el Banco de Buenas Pr\u00e1cticas - Ajuntament de Mont-roig del Camp\" \/>\n<meta property=\"og:description\" content=\"La Federaci\u00f3 de Municipis de Catalunya (FMC) y la Fundaci\u00f3 Pi i Sunyer califican la propuesta del Ayuntamiento de Mont-roig del Camp de Pr\u00e1ctica Significativa porque puede servir de referencia a otros ayuntamientos o entidades locales La Federaci\u00f3 de Municipis de Catalunya (FMC) y la Fundaci\u00f3 Carles Pi i Sunyer d&#8217;Estudis Auton\u00f2mics i Locals ha [&hellip;]\" \/>\n<meta property=\"og:url\" content=\"https:\/\/mont-roig.cat\/es\/actualitat\/noticies\/el-proceso-participativo-dona-nom-para-feminizar-al-nomenclator-municipal-incluido-en-el-banco-de-buenas-practicas\/\" \/>\n<meta property=\"og:site_name\" content=\"Ajuntament de Mont-roig del Camp\" \/>\n<meta property=\"article:published_time\" content=\"2023-06-07T11:22:42+00:00\" \/>\n<meta property=\"article:modified_time\" content=\"2023-06-07T11:29:43+00:00\" \/>\n<meta property=\"og:image\" content=\"https:\/\/mont-roig.cat\/wp-content\/uploads\/dona-nom.png\" \/>\n\t<meta property=\"og:image:width\" content=\"930\" \/>\n\t<meta property=\"og:image:height\" content=\"800\" \/>\n\t<meta property=\"og:image:type\" content=\"image\/png\" \/>\n<meta name=\"author\" content=\"comunicacio\" \/>\n<meta name=\"twitter:card\" content=\"summary_large_image\" \/>\n<meta name=\"twitter:label1\" content=\"Escrito por\" \/>\n\t<meta name=\"twitter:data1\" content=\"comunicacio\" \/>\n\t<meta name=\"twitter:label2\" content=\"Tiempo de lectura\" \/>\n\t<meta name=\"twitter:data2\" content=\"2 minutos\" \/>\n<script type=\"application\/ld+json\" class=\"yoast-schema-graph\">{\"@context\":\"https:\\\/\\\/schema.org\",\"@graph\":[{\"@type\":\"Article\",\"@id\":\"https:\\\/\\\/mont-roig.cat\\\/es\\\/actualitat\\\/noticies\\\/el-proceso-participativo-dona-nom-para-feminizar-al-nomenclator-municipal-incluido-en-el-banco-de-buenas-practicas\\\/#article\",\"isPartOf\":{\"@id\":\"https:\\\/\\\/mont-roig.cat\\\/es\\\/actualitat\\\/noticies\\\/el-proceso-participativo-dona-nom-para-feminizar-al-nomenclator-municipal-incluido-en-el-banco-de-buenas-practicas\\\/\"},\"author\":{\"name\":\"comunicacio\",\"@id\":\"https:\\\/\\\/mont-roig.cat\\\/es\\\/#\\\/schema\\\/person\\\/1f73e7b5e6f9dd122e8a6f14f310ac5e\"},\"headline\":\"El proceso participativo Dona Nom para feminizar al nomencl\u00e1tor municipal, incluido en el Banco de Buenas Pr\u00e1cticas\",\"datePublished\":\"2023-06-07T11:22:42+00:00\",\"dateModified\":\"2023-06-07T11:29:43+00:00\",\"mainEntityOfPage\":{\"@id\":\"https:\\\/\\\/mont-roig.cat\\\/es\\\/actualitat\\\/noticies\\\/el-proceso-participativo-dona-nom-para-feminizar-al-nomenclator-municipal-incluido-en-el-banco-de-buenas-practicas\\\/\"},\"wordCount\":383,\"image\":{\"@id\":\"https:\\\/\\\/mont-roig.cat\\\/es\\\/actualitat\\\/noticies\\\/el-proceso-participativo-dona-nom-para-feminizar-al-nomenclator-municipal-incluido-en-el-banco-de-buenas-practicas\\\/#primaryimage\"},\"thumbnailUrl\":\"https:\\\/\\\/mont-roig.cat\\\/wp-content\\\/uploads\\\/dona-nom.png\",\"articleSection\":[\"Ayuntamiento\",\"Participaci\u00f3 Ciutadana\"],\"inLanguage\":\"es\"},{\"@type\":\"WebPage\",\"@id\":\"https:\\\/\\\/mont-roig.cat\\\/es\\\/actualitat\\\/noticies\\\/el-proceso-participativo-dona-nom-para-feminizar-al-nomenclator-municipal-incluido-en-el-banco-de-buenas-practicas\\\/\",\"url\":\"https:\\\/\\\/mont-roig.cat\\\/es\\\/actualitat\\\/noticies\\\/el-proceso-participativo-dona-nom-para-feminizar-al-nomenclator-municipal-incluido-en-el-banco-de-buenas-practicas\\\/\",\"name\":\"El proceso participativo Dona Nom para feminizar al nomencl\u00e1tor municipal, incluido en el Banco de Buenas Pr\u00e1cticas - Ajuntament de Mont-roig del Camp\",\"isPartOf\":{\"@id\":\"https:\\\/\\\/mont-roig.cat\\\/es\\\/#website\"},\"primaryImageOfPage\":{\"@id\":\"https:\\\/\\\/mont-roig.cat\\\/es\\\/actualitat\\\/noticies\\\/el-proceso-participativo-dona-nom-para-feminizar-al-nomenclator-municipal-incluido-en-el-banco-de-buenas-practicas\\\/#primaryimage\"},\"image\":{\"@id\":\"https:\\\/\\\/mont-roig.cat\\\/es\\\/actualitat\\\/noticies\\\/el-proceso-participativo-dona-nom-para-feminizar-al-nomenclator-municipal-incluido-en-el-banco-de-buenas-practicas\\\/#primaryimage\"},\"thumbnailUrl\":\"https:\\\/\\\/mont-roig.cat\\\/wp-content\\\/uploads\\\/dona-nom.png\",\"datePublished\":\"2023-06-07T11:22:42+00:00\",\"dateModified\":\"2023-06-07T11:29:43+00:00\",\"author\":{\"@id\":\"https:\\\/\\\/mont-roig.cat\\\/es\\\/#\\\/schema\\\/person\\\/1f73e7b5e6f9dd122e8a6f14f310ac5e\"},\"breadcrumb\":{\"@id\":\"https:\\\/\\\/mont-roig.cat\\\/es\\\/actualitat\\\/noticies\\\/el-proceso-participativo-dona-nom-para-feminizar-al-nomenclator-municipal-incluido-en-el-banco-de-buenas-practicas\\\/#breadcrumb\"},\"inLanguage\":\"es\",\"potentialAction\":[{\"@type\":\"ReadAction\",\"target\":[\"https:\\\/\\\/mont-roig.cat\\\/es\\\/actualitat\\\/noticies\\\/el-proceso-participativo-dona-nom-para-feminizar-al-nomenclator-municipal-incluido-en-el-banco-de-buenas-practicas\\\/\"]}]},{\"@type\":\"ImageObject\",\"inLanguage\":\"es\",\"@id\":\"https:\\\/\\\/mont-roig.cat\\\/es\\\/actualitat\\\/noticies\\\/el-proceso-participativo-dona-nom-para-feminizar-al-nomenclator-municipal-incluido-en-el-banco-de-buenas-practicas\\\/#primaryimage\",\"url\":\"https:\\\/\\\/mont-roig.cat\\\/wp-content\\\/uploads\\\/dona-nom.png\",\"contentUrl\":\"https:\\\/\\\/mont-roig.cat\\\/wp-content\\\/uploads\\\/dona-nom.png\",\"width\":930,\"height\":800},{\"@type\":\"BreadcrumbList\",\"@id\":\"https:\\\/\\\/mont-roig.cat\\\/es\\\/actualitat\\\/noticies\\\/el-proceso-participativo-dona-nom-para-feminizar-al-nomenclator-municipal-incluido-en-el-banco-de-buenas-practicas\\\/#breadcrumb\",\"itemListElement\":[{\"@type\":\"ListItem\",\"position\":1,\"name\":\"Inici\",\"item\":\"https:\\\/\\\/mont-roig.cat\\\/es\\\/pagina-de-inicio\\\/\"},{\"@type\":\"ListItem\",\"position\":2,\"name\":\"El proceso participativo Dona Nom para feminizar al nomencl\u00e1tor municipal, incluido en el Banco de Buenas Pr\u00e1cticas\"}]},{\"@type\":\"WebSite\",\"@id\":\"https:\\\/\\\/mont-roig.cat\\\/es\\\/#website\",\"url\":\"https:\\\/\\\/mont-roig.cat\\\/es\\\/\",\"name\":\"Ajuntament de Mont-roig del Camp\",\"description\":\"Tota la informaci\u00f3 sobre la instituci\u00f3, els seus \u00f2rgans de govern, actualitat, serveis i molt m\u00e9s.\",\"potentialAction\":[{\"@type\":\"SearchAction\",\"target\":{\"@type\":\"EntryPoint\",\"urlTemplate\":\"https:\\\/\\\/mont-roig.cat\\\/es\\\/?s={search_term_string}\"},\"query-input\":{\"@type\":\"PropertyValueSpecification\",\"valueRequired\":true,\"valueName\":\"search_term_string\"}}],\"inLanguage\":\"es\"},{\"@type\":\"Person\",\"@id\":\"https:\\\/\\\/mont-roig.cat\\\/es\\\/#\\\/schema\\\/person\\\/1f73e7b5e6f9dd122e8a6f14f310ac5e\",\"name\":\"comunicacio\",\"image\":{\"@type\":\"ImageObject\",\"inLanguage\":\"es\",\"@id\":\"https:\\\/\\\/secure.gravatar.com\\\/avatar\\\/98944333e7a877670a64f8d10f0cb680ab2c9ebc4efc43945ef004b52b5ad28c?s=96&d=mm&r=g\",\"url\":\"https:\\\/\\\/secure.gravatar.com\\\/avatar\\\/98944333e7a877670a64f8d10f0cb680ab2c9ebc4efc43945ef004b52b5ad28c?s=96&d=mm&r=g\",\"contentUrl\":\"https:\\\/\\\/secure.gravatar.com\\\/avatar\\\/98944333e7a877670a64f8d10f0cb680ab2c9ebc4efc43945ef004b52b5ad28c?s=96&d=mm&r=g\",\"caption\":\"comunicacio\"},\"url\":\"https:\\\/\\\/mont-roig.cat\\\/es\\\/actualitat\\\/noticies\\\/author\\\/comunicacio\\\/\"}]}<\/script>\n<!-- \/ Yoast SEO plugin. -->","yoast_head_json":{"title":"El proceso participativo Dona Nom para feminizar al nomencl\u00e1tor municipal, incluido en el Banco de Buenas Pr\u00e1cticas - Ajuntament de Mont-roig del Camp","robots":{"index":"index","follow":"follow","max-snippet":"max-snippet:-1","max-image-preview":"max-image-preview:large","max-video-preview":"max-video-preview:-1"},"canonical":"https:\/\/mont-roig.cat\/es\/actualitat\/noticies\/el-proceso-participativo-dona-nom-para-feminizar-al-nomenclator-municipal-incluido-en-el-banco-de-buenas-practicas\/","og_locale":"es_ES","og_type":"article","og_title":"El proceso participativo Dona Nom para feminizar al nomencl\u00e1tor municipal, incluido en el Banco de Buenas Pr\u00e1cticas - Ajuntament de Mont-roig del Camp","og_description":"La Federaci\u00f3 de Municipis de Catalunya (FMC) y la Fundaci\u00f3 Pi i Sunyer califican la propuesta del Ayuntamiento de Mont-roig del Camp de Pr\u00e1ctica Significativa porque puede servir de referencia a otros ayuntamientos o entidades locales La Federaci\u00f3 de Municipis de Catalunya (FMC) y la Fundaci\u00f3 Carles Pi i Sunyer d&#8217;Estudis Auton\u00f2mics i Locals ha [&hellip;]","og_url":"https:\/\/mont-roig.cat\/es\/actualitat\/noticies\/el-proceso-participativo-dona-nom-para-feminizar-al-nomenclator-municipal-incluido-en-el-banco-de-buenas-practicas\/","og_site_name":"Ajuntament de Mont-roig del Camp","article_published_time":"2023-06-07T11:22:42+00:00","article_modified_time":"2023-06-07T11:29:43+00:00","og_image":[{"width":930,"height":800,"url":"https:\/\/mont-roig.cat\/wp-content\/uploads\/dona-nom.png","type":"image\/png"}],"author":"comunicacio","twitter_card":"summary_large_image","twitter_misc":{"Escrito por":"comunicacio","Tiempo de lectura":"2 minutos"},"schema":{"@context":"https:\/\/schema.org","@graph":[{"@type":"Article","@id":"https:\/\/mont-roig.cat\/es\/actualitat\/noticies\/el-proceso-participativo-dona-nom-para-feminizar-al-nomenclator-municipal-incluido-en-el-banco-de-buenas-practicas\/#article","isPartOf":{"@id":"https:\/\/mont-roig.cat\/es\/actualitat\/noticies\/el-proceso-participativo-dona-nom-para-feminizar-al-nomenclator-municipal-incluido-en-el-banco-de-buenas-practicas\/"},"author":{"name":"comunicacio","@id":"https:\/\/mont-roig.cat\/es\/#\/schema\/person\/1f73e7b5e6f9dd122e8a6f14f310ac5e"},"headline":"El proceso participativo Dona Nom para feminizar al nomencl\u00e1tor municipal, incluido en el Banco de Buenas Pr\u00e1cticas","datePublished":"2023-06-07T11:22:42+00:00","dateModified":"2023-06-07T11:29:43+00:00","mainEntityOfPage":{"@id":"https:\/\/mont-roig.cat\/es\/actualitat\/noticies\/el-proceso-participativo-dona-nom-para-feminizar-al-nomenclator-municipal-incluido-en-el-banco-de-buenas-practicas\/"},"wordCount":383,"image":{"@id":"https:\/\/mont-roig.cat\/es\/actualitat\/noticies\/el-proceso-participativo-dona-nom-para-feminizar-al-nomenclator-municipal-incluido-en-el-banco-de-buenas-practicas\/#primaryimage"},"thumbnailUrl":"https:\/\/mont-roig.cat\/wp-content\/uploads\/dona-nom.png","articleSection":["Ayuntamiento","Participaci\u00f3 Ciutadana"],"inLanguage":"es"},{"@type":"WebPage","@id":"https:\/\/mont-roig.cat\/es\/actualitat\/noticies\/el-proceso-participativo-dona-nom-para-feminizar-al-nomenclator-municipal-incluido-en-el-banco-de-buenas-practicas\/","url":"https:\/\/mont-roig.cat\/es\/actualitat\/noticies\/el-proceso-participativo-dona-nom-para-feminizar-al-nomenclator-municipal-incluido-en-el-banco-de-buenas-practicas\/","name":"El proceso participativo Dona Nom para feminizar al nomencl\u00e1tor municipal, incluido en el Banco de Buenas Pr\u00e1cticas - Ajuntament de Mont-roig del Camp","isPartOf":{"@id":"https:\/\/mont-roig.cat\/es\/#website"},"primaryImageOfPage":{"@id":"https:\/\/mont-roig.cat\/es\/actualitat\/noticies\/el-proceso-participativo-dona-nom-para-feminizar-al-nomenclator-municipal-incluido-en-el-banco-de-buenas-practicas\/#primaryimage"},"image":{"@id":"https:\/\/mont-roig.cat\/es\/actualitat\/noticies\/el-proceso-participativo-dona-nom-para-feminizar-al-nomenclator-municipal-incluido-en-el-banco-de-buenas-practicas\/#primaryimage"},"thumbnailUrl":"https:\/\/mont-roig.cat\/wp-content\/uploads\/dona-nom.png","datePublished":"2023-06-07T11:22:42+00:00","dateModified":"2023-06-07T11:29:43+00:00","author":{"@id":"https:\/\/mont-roig.cat\/es\/#\/schema\/person\/1f73e7b5e6f9dd122e8a6f14f310ac5e"},"breadcrumb":{"@id":"https:\/\/mont-roig.cat\/es\/actualitat\/noticies\/el-proceso-participativo-dona-nom-para-feminizar-al-nomenclator-municipal-incluido-en-el-banco-de-buenas-practicas\/#breadcrumb"},"inLanguage":"es","potentialAction":[{"@type":"ReadAction","target":["https:\/\/mont-roig.cat\/es\/actualitat\/noticies\/el-proceso-participativo-dona-nom-para-feminizar-al-nomenclator-municipal-incluido-en-el-banco-de-buenas-practicas\/"]}]},{"@type":"ImageObject","inLanguage":"es","@id":"https:\/\/mont-roig.cat\/es\/actualitat\/noticies\/el-proceso-participativo-dona-nom-para-feminizar-al-nomenclator-municipal-incluido-en-el-banco-de-buenas-practicas\/#primaryimage","url":"https:\/\/mont-roig.cat\/wp-content\/uploads\/dona-nom.png","contentUrl":"https:\/\/mont-roig.cat\/wp-content\/uploads\/dona-nom.png","width":930,"height":800},{"@type":"BreadcrumbList","@id":"https:\/\/mont-roig.cat\/es\/actualitat\/noticies\/el-proceso-participativo-dona-nom-para-feminizar-al-nomenclator-municipal-incluido-en-el-banco-de-buenas-practicas\/#breadcrumb","itemListElement":[{"@type":"ListItem","position":1,"name":"Inici","item":"https:\/\/mont-roig.cat\/es\/pagina-de-inicio\/"},{"@type":"ListItem","position":2,"name":"El proceso participativo Dona Nom para feminizar al nomencl\u00e1tor municipal, incluido en el Banco de Buenas Pr\u00e1cticas"}]},{"@type":"WebSite","@id":"https:\/\/mont-roig.cat\/es\/#website","url":"https:\/\/mont-roig.cat\/es\/","name":"Ajuntament de Mont-roig del Camp","description":"Tota la informaci\u00f3 sobre la instituci\u00f3, els seus \u00f2rgans de govern, actualitat, serveis i molt m\u00e9s.","potentialAction":[{"@type":"SearchAction","target":{"@type":"EntryPoint","urlTemplate":"https:\/\/mont-roig.cat\/es\/?s={search_term_string}"},"query-input":{"@type":"PropertyValueSpecification","valueRequired":true,"valueName":"search_term_string"}}],"inLanguage":"es"},{"@type":"Person","@id":"https:\/\/mont-roig.cat\/es\/#\/schema\/person\/1f73e7b5e6f9dd122e8a6f14f310ac5e","name":"comunicacio","image":{"@type":"ImageObject","inLanguage":"es","@id":"https:\/\/secure.gravatar.com\/avatar\/98944333e7a877670a64f8d10f0cb680ab2c9ebc4efc43945ef004b52b5ad28c?s=96&d=mm&r=g","url":"https:\/\/secure.gravatar.com\/avatar\/98944333e7a877670a64f8d10f0cb680ab2c9ebc4efc43945ef004b52b5ad28c?s=96&d=mm&r=g","contentUrl":"https:\/\/secure.gravatar.com\/avatar\/98944333e7a877670a64f8d10f0cb680ab2c9ebc4efc43945ef004b52b5ad28c?s=96&d=mm&r=g","caption":"comunicacio"},"url":"https:\/\/mont-roig.cat\/es\/actualitat\/noticies\/author\/comunicacio\/"}]}},"_links":{"self":[{"href":"https:\/\/mont-roig.cat\/es\/wp-json\/wp\/v2\/posts\/70607","targetHints":{"allow":["GET"]}}],"collection":[{"href":"https:\/\/mont-roig.cat\/es\/wp-json\/wp\/v2\/posts"}],"about":[{"href":"https:\/\/mont-roig.cat\/es\/wp-json\/wp\/v2\/types\/post"}],"author":[{"embeddable":true,"href":"https:\/\/mont-roig.cat\/es\/wp-json\/wp\/v2\/users\/13"}],"replies":[{"embeddable":true,"href":"https:\/\/mont-roig.cat\/es\/wp-json\/wp\/v2\/comments?post=70607"}],"version-history":[{"count":2,"href":"https:\/\/mont-roig.cat\/es\/wp-json\/wp\/v2\/posts\/70607\/revisions"}],"predecessor-version":[{"id":70609,"href":"https:\/\/mont-roig.cat\/es\/wp-json\/wp\/v2\/posts\/70607\/revisions\/70609"}],"wp:featuredmedia":[{"embeddable":true,"href":"https:\/\/mont-roig.cat\/es\/wp-json\/wp\/v2\/media\/70604"}],"wp:attachment":[{"href":"https:\/\/mont-roig.cat\/es\/wp-json\/wp\/v2\/media?parent=70607"}],"wp:term":[{"taxonomy":"category","embeddable":true,"href":"https:\/\/mont-roig.cat\/es\/wp-json\/wp\/v2\/categories?post=70607"},{"taxonomy":"post_tag","embeddable":true,"href":"https:\/\/mont-roig.cat\/es\/wp-json\/wp\/v2\/tags?post=70607"}],"curies":[{"name":"wp","href":"https:\/\/api.w.org\/{rel}","templated":true}]}}