{"id":70757,"date":"2023-06-14T12:32:17","date_gmt":"2023-06-14T10:32:17","guid":{"rendered":"https:\/\/mont-roig.cat\/actualitat\/noticies\/arriba-sant-joan-amb-la-tradicional-flama-del-canigo-i-els-sopars-a-la-fresca-a-mont-roig-i-a-miami-platja\/"},"modified":"2023-06-14T13:16:40","modified_gmt":"2023-06-14T11:16:40","slug":"arriba-sant-joan-amb-la-tradicional-flama-del-canigo-i-els-sopars-a-la-fresca-a-mont-roig-i-a-miami-platja","status":"publish","type":"post","link":"https:\/\/mont-roig.cat\/es\/actualitat\/noticies\/arriba-sant-joan-amb-la-tradicional-flama-del-canigo-i-els-sopars-a-la-fresca-a-mont-roig-i-a-miami-platja\/","title":{"rendered":"Llega Sant Joan con la tradicional Flama del Canig\u00f3 y las cenas al aire libre en Mont-roig y en Miami Platja"},"content":{"rendered":"<ul>\n<li><strong><a href=\"https:\/\/mont-roig.cat\/wp-content\/uploads\/Sant-Joan-2023_.png\" target=\"_blank\" rel=\"noopener\"><img loading=\"lazy\" decoding=\"async\" class=\"alignright wp-image-70747\" src=\"https:\/\/mont-roig.cat\/wp-content\/uploads\/Sant-Joan-2023_-354x500.png\" alt=\"\" width=\"259\" height=\"366\" srcset=\"https:\/\/mont-roig.cat\/wp-content\/uploads\/Sant-Joan-2023_-354x500.png 354w, https:\/\/mont-roig.cat\/wp-content\/uploads\/Sant-Joan-2023_-724x1024.png 724w, https:\/\/mont-roig.cat\/wp-content\/uploads\/Sant-Joan-2023_-768x1086.png 768w, https:\/\/mont-roig.cat\/wp-content\/uploads\/Sant-Joan-2023_.png 905w\" sizes=\"auto, (max-width: 259px) 100vw, 259px\" \/><\/a>Desde el Ajuntament de Mont-roig del Camp se recuerda que es necesario recoger los desechos en caso de celebrar verbenas en la playa y que est\u00e1 prohibido encender hogueras no autorizadas<\/strong><\/li>\n<\/ul>\n<p>Una cena al aire libre amenizada con m\u00fasica y animaci\u00f3n ser\u00e1 el acto principal de estas fiestas de Sant Joan en Mont-roig y Miami Platja. Este a\u00f1o, en Mont-roig diversas asociaciones participan de nuevo en el acto de la llegada de la Flama del Canig\u00f3 a partir de las 20 h en la Avenida de Catalunya procedente de Montbri\u00f3. Este tradicional acto estar\u00e1 amenizado con la m\u00fasica de los Grallers de Mont-roig y cuenta con el apoyo de la Associaci\u00f3 de Ve\u00efns Muntanya Roja y el Centre Excursionista de l&#8217;Areny, que se encargar\u00e1n de hacer los relieves, desde el Barranc de los 7 Ponts pasando por la calle Cambrils y hasta llegar a la zona deportiva. Al llegar a la Pista d&#8217;Estiu, alrededor de las 20.30 h se har\u00e1 la lectura del mensaje del Foc de Sant Joan.<\/p>\n<p>A continuaci\u00f3n tengr\u00e1 lugar el encendido de la hoguera y la cena de fiambrera en la que, como es tradicional, todos los asistentes se llevar\u00e1n la comida y la bebida de casa. La noche m\u00e1s m\u00e1gica del a\u00f1o contar\u00e1 con animaci\u00f3n del grupo de versiones Crabtones y el reparto de torta de Sant Joan para todos. La noche finalizar\u00e1 con una sesi\u00f3n musical con los logros de todos los tiempos y el servicio de bar a cargo de los kintus\u201923.<\/p>\n<p>La p\u00e9rgola de la Platja Cristals ser\u00e1 el escenario de los actos de la noche de Sant Joan en Miami Platja, que tambi\u00e9n contar\u00e1 con m\u00fasica con DJ, animaci\u00f3n con el grupo Summer Dance, el encendido de la hoguera y el reparto de coca de Sant Joan. En Miami Platja, los actos empezar\u00e1n a las 22.30 h con la cena de fiambrera. En esta fiesta popular habr\u00e1 servicio de bar para los asistentes.<\/p>\n<p><strong>Verbenas con precauci\u00f3n<br \/>\n<\/strong>Desde el Ajuntament de Mont-roig del Camp se recuerda a toda la ciudadan\u00eda que si se celebran verbenas en la playa o en cualquier espacio del municipio es necesario recoger todos los desechos para evitar que al d\u00eda siguiente este entorno natural se encuentre lleno de residuos, bolsas, petardos y restos de hogueras. Por otra parte, tambi\u00e9n debe recordarse que est\u00e1 totalmente prohibido encender hogueras si no est\u00e1n autorizadas previamente.<br \/>\n<strong><br \/>\n<\/strong><\/p>\n","protected":false},"excerpt":{"rendered":"<p>Desde el Ajuntament de Mont-roig del Camp se recuerda que es necesario recoger los desechos en caso de celebrar verbenas en la playa y que est\u00e1 prohibido encender hogueras no autorizadas Una cena al aire libre amenizada con m\u00fasica y animaci\u00f3n ser\u00e1 el acto principal de estas fiestas de Sant Joan en Mont-roig y Miami [&hellip;]<\/p>\n","protected":false},"author":13,"featured_media":70744,"comment_status":"closed","ping_status":"closed","sticky":false,"template":"","format":"standard","meta":{"inline_featured_image":false,"_monsterinsights_skip_tracking":false,"_monsterinsights_sitenote_active":false,"_monsterinsights_sitenote_note":"","_monsterinsights_sitenote_category":0,"footnotes":""},"categories":[98,105],"tags":[],"class_list":["post-70757","post","type-post","status-publish","format-standard","has-post-thumbnail","hentry","category-ayuntamiento","category-fiestas"],"yoast_head":"<!-- This site is optimized with the Yoast SEO plugin v27.4 - https:\/\/yoast.com\/product\/yoast-seo-wordpress\/ -->\n<title>Llega Sant Joan con la tradicional Flama del Canig\u00f3 y las cenas al aire libre en Mont-roig y en Miami Platja - Ajuntament de Mont-roig del Camp<\/title>\n<meta name=\"robots\" content=\"index, follow, max-snippet:-1, max-image-preview:large, max-video-preview:-1\" \/>\n<link rel=\"canonical\" href=\"https:\/\/mont-roig.cat\/es\/actualitat\/noticies\/arriba-sant-joan-amb-la-tradicional-flama-del-canigo-i-els-sopars-a-la-fresca-a-mont-roig-i-a-miami-platja\/\" \/>\n<meta property=\"og:locale\" content=\"es_ES\" \/>\n<meta property=\"og:type\" content=\"article\" \/>\n<meta property=\"og:title\" content=\"Llega Sant Joan con la tradicional Flama del Canig\u00f3 y las cenas al aire libre en Mont-roig y en Miami Platja - Ajuntament de Mont-roig del Camp\" \/>\n<meta property=\"og:description\" content=\"Desde el Ajuntament de Mont-roig del Camp se recuerda que es necesario recoger los desechos en caso de celebrar verbenas en la playa y que est\u00e1 prohibido encender hogueras no autorizadas Una cena al aire libre amenizada con m\u00fasica y animaci\u00f3n ser\u00e1 el acto principal de estas fiestas de Sant Joan en Mont-roig y Miami [&hellip;]\" \/>\n<meta property=\"og:url\" content=\"https:\/\/mont-roig.cat\/es\/actualitat\/noticies\/arriba-sant-joan-amb-la-tradicional-flama-del-canigo-i-els-sopars-a-la-fresca-a-mont-roig-i-a-miami-platja\/\" \/>\n<meta property=\"og:site_name\" content=\"Ajuntament de Mont-roig del Camp\" \/>\n<meta property=\"article:published_time\" content=\"2023-06-14T10:32:17+00:00\" \/>\n<meta property=\"article:modified_time\" content=\"2023-06-14T11:16:40+00:00\" \/>\n<meta property=\"og:image\" content=\"https:\/\/mont-roig.cat\/wp-content\/uploads\/MM_SANT_JOAN_2023_NOTI_.png\" \/>\n\t<meta property=\"og:image:width\" content=\"5000\" \/>\n\t<meta property=\"og:image:height\" content=\"2625\" \/>\n\t<meta property=\"og:image:type\" content=\"image\/png\" \/>\n<meta name=\"author\" content=\"comunicacio\" \/>\n<meta name=\"twitter:card\" content=\"summary_large_image\" \/>\n<meta name=\"twitter:label1\" content=\"Escrito por\" \/>\n\t<meta name=\"twitter:data1\" content=\"comunicacio\" \/>\n\t<meta name=\"twitter:label2\" content=\"Tiempo de lectura\" \/>\n\t<meta name=\"twitter:data2\" content=\"3 minutos\" \/>\n<script type=\"application\/ld+json\" class=\"yoast-schema-graph\">{\"@context\":\"https:\\\/\\\/schema.org\",\"@graph\":[{\"@type\":\"Article\",\"@id\":\"https:\\\/\\\/mont-roig.cat\\\/es\\\/actualitat\\\/noticies\\\/arriba-sant-joan-amb-la-tradicional-flama-del-canigo-i-els-sopars-a-la-fresca-a-mont-roig-i-a-miami-platja\\\/#article\",\"isPartOf\":{\"@id\":\"https:\\\/\\\/mont-roig.cat\\\/es\\\/actualitat\\\/noticies\\\/arriba-sant-joan-amb-la-tradicional-flama-del-canigo-i-els-sopars-a-la-fresca-a-mont-roig-i-a-miami-platja\\\/\"},\"author\":{\"name\":\"comunicacio\",\"@id\":\"https:\\\/\\\/mont-roig.cat\\\/es\\\/#\\\/schema\\\/person\\\/1f73e7b5e6f9dd122e8a6f14f310ac5e\"},\"headline\":\"Llega Sant Joan con la tradicional Flama del Canig\u00f3 y las cenas al aire libre en Mont-roig y en Miami Platja\",\"datePublished\":\"2023-06-14T10:32:17+00:00\",\"dateModified\":\"2023-06-14T11:16:40+00:00\",\"mainEntityOfPage\":{\"@id\":\"https:\\\/\\\/mont-roig.cat\\\/es\\\/actualitat\\\/noticies\\\/arriba-sant-joan-amb-la-tradicional-flama-del-canigo-i-els-sopars-a-la-fresca-a-mont-roig-i-a-miami-platja\\\/\"},\"wordCount\":435,\"image\":{\"@id\":\"https:\\\/\\\/mont-roig.cat\\\/es\\\/actualitat\\\/noticies\\\/arriba-sant-joan-amb-la-tradicional-flama-del-canigo-i-els-sopars-a-la-fresca-a-mont-roig-i-a-miami-platja\\\/#primaryimage\"},\"thumbnailUrl\":\"https:\\\/\\\/mont-roig.cat\\\/wp-content\\\/uploads\\\/MM_SANT_JOAN_2023_NOTI_.png\",\"articleSection\":[\"Ayuntamiento\",\"Festes\"],\"inLanguage\":\"es\"},{\"@type\":\"WebPage\",\"@id\":\"https:\\\/\\\/mont-roig.cat\\\/es\\\/actualitat\\\/noticies\\\/arriba-sant-joan-amb-la-tradicional-flama-del-canigo-i-els-sopars-a-la-fresca-a-mont-roig-i-a-miami-platja\\\/\",\"url\":\"https:\\\/\\\/mont-roig.cat\\\/es\\\/actualitat\\\/noticies\\\/arriba-sant-joan-amb-la-tradicional-flama-del-canigo-i-els-sopars-a-la-fresca-a-mont-roig-i-a-miami-platja\\\/\",\"name\":\"Llega Sant Joan con la tradicional Flama del Canig\u00f3 y las cenas al aire libre en Mont-roig y en Miami Platja - Ajuntament de Mont-roig del Camp\",\"isPartOf\":{\"@id\":\"https:\\\/\\\/mont-roig.cat\\\/es\\\/#website\"},\"primaryImageOfPage\":{\"@id\":\"https:\\\/\\\/mont-roig.cat\\\/es\\\/actualitat\\\/noticies\\\/arriba-sant-joan-amb-la-tradicional-flama-del-canigo-i-els-sopars-a-la-fresca-a-mont-roig-i-a-miami-platja\\\/#primaryimage\"},\"image\":{\"@id\":\"https:\\\/\\\/mont-roig.cat\\\/es\\\/actualitat\\\/noticies\\\/arriba-sant-joan-amb-la-tradicional-flama-del-canigo-i-els-sopars-a-la-fresca-a-mont-roig-i-a-miami-platja\\\/#primaryimage\"},\"thumbnailUrl\":\"https:\\\/\\\/mont-roig.cat\\\/wp-content\\\/uploads\\\/MM_SANT_JOAN_2023_NOTI_.png\",\"datePublished\":\"2023-06-14T10:32:17+00:00\",\"dateModified\":\"2023-06-14T11:16:40+00:00\",\"author\":{\"@id\":\"https:\\\/\\\/mont-roig.cat\\\/es\\\/#\\\/schema\\\/person\\\/1f73e7b5e6f9dd122e8a6f14f310ac5e\"},\"breadcrumb\":{\"@id\":\"https:\\\/\\\/mont-roig.cat\\\/es\\\/actualitat\\\/noticies\\\/arriba-sant-joan-amb-la-tradicional-flama-del-canigo-i-els-sopars-a-la-fresca-a-mont-roig-i-a-miami-platja\\\/#breadcrumb\"},\"inLanguage\":\"es\",\"potentialAction\":[{\"@type\":\"ReadAction\",\"target\":[\"https:\\\/\\\/mont-roig.cat\\\/es\\\/actualitat\\\/noticies\\\/arriba-sant-joan-amb-la-tradicional-flama-del-canigo-i-els-sopars-a-la-fresca-a-mont-roig-i-a-miami-platja\\\/\"]}]},{\"@type\":\"ImageObject\",\"inLanguage\":\"es\",\"@id\":\"https:\\\/\\\/mont-roig.cat\\\/es\\\/actualitat\\\/noticies\\\/arriba-sant-joan-amb-la-tradicional-flama-del-canigo-i-els-sopars-a-la-fresca-a-mont-roig-i-a-miami-platja\\\/#primaryimage\",\"url\":\"https:\\\/\\\/mont-roig.cat\\\/wp-content\\\/uploads\\\/MM_SANT_JOAN_2023_NOTI_.png\",\"contentUrl\":\"https:\\\/\\\/mont-roig.cat\\\/wp-content\\\/uploads\\\/MM_SANT_JOAN_2023_NOTI_.png\",\"width\":5000,\"height\":2625},{\"@type\":\"BreadcrumbList\",\"@id\":\"https:\\\/\\\/mont-roig.cat\\\/es\\\/actualitat\\\/noticies\\\/arriba-sant-joan-amb-la-tradicional-flama-del-canigo-i-els-sopars-a-la-fresca-a-mont-roig-i-a-miami-platja\\\/#breadcrumb\",\"itemListElement\":[{\"@type\":\"ListItem\",\"position\":1,\"name\":\"Inici\",\"item\":\"https:\\\/\\\/mont-roig.cat\\\/es\\\/pagina-de-inicio\\\/\"},{\"@type\":\"ListItem\",\"position\":2,\"name\":\"Llega Sant Joan con la tradicional Flama del Canig\u00f3 y las cenas al aire libre en Mont-roig y en Miami Platja\"}]},{\"@type\":\"WebSite\",\"@id\":\"https:\\\/\\\/mont-roig.cat\\\/es\\\/#website\",\"url\":\"https:\\\/\\\/mont-roig.cat\\\/es\\\/\",\"name\":\"Ajuntament de Mont-roig del Camp\",\"description\":\"Tota la informaci\u00f3 sobre la instituci\u00f3, els seus \u00f2rgans de govern, actualitat, serveis i molt m\u00e9s.\",\"potentialAction\":[{\"@type\":\"SearchAction\",\"target\":{\"@type\":\"EntryPoint\",\"urlTemplate\":\"https:\\\/\\\/mont-roig.cat\\\/es\\\/?s={search_term_string}\"},\"query-input\":{\"@type\":\"PropertyValueSpecification\",\"valueRequired\":true,\"valueName\":\"search_term_string\"}}],\"inLanguage\":\"es\"},{\"@type\":\"Person\",\"@id\":\"https:\\\/\\\/mont-roig.cat\\\/es\\\/#\\\/schema\\\/person\\\/1f73e7b5e6f9dd122e8a6f14f310ac5e\",\"name\":\"comunicacio\",\"image\":{\"@type\":\"ImageObject\",\"inLanguage\":\"es\",\"@id\":\"https:\\\/\\\/secure.gravatar.com\\\/avatar\\\/98944333e7a877670a64f8d10f0cb680ab2c9ebc4efc43945ef004b52b5ad28c?s=96&d=mm&r=g\",\"url\":\"https:\\\/\\\/secure.gravatar.com\\\/avatar\\\/98944333e7a877670a64f8d10f0cb680ab2c9ebc4efc43945ef004b52b5ad28c?s=96&d=mm&r=g\",\"contentUrl\":\"https:\\\/\\\/secure.gravatar.com\\\/avatar\\\/98944333e7a877670a64f8d10f0cb680ab2c9ebc4efc43945ef004b52b5ad28c?s=96&d=mm&r=g\",\"caption\":\"comunicacio\"},\"url\":\"https:\\\/\\\/mont-roig.cat\\\/es\\\/actualitat\\\/noticies\\\/author\\\/comunicacio\\\/\"}]}<\/script>\n<!-- \/ Yoast SEO plugin. -->","yoast_head_json":{"title":"Llega Sant Joan con la tradicional Flama del Canig\u00f3 y las cenas al aire libre en Mont-roig y en Miami Platja - Ajuntament de Mont-roig del Camp","robots":{"index":"index","follow":"follow","max-snippet":"max-snippet:-1","max-image-preview":"max-image-preview:large","max-video-preview":"max-video-preview:-1"},"canonical":"https:\/\/mont-roig.cat\/es\/actualitat\/noticies\/arriba-sant-joan-amb-la-tradicional-flama-del-canigo-i-els-sopars-a-la-fresca-a-mont-roig-i-a-miami-platja\/","og_locale":"es_ES","og_type":"article","og_title":"Llega Sant Joan con la tradicional Flama del Canig\u00f3 y las cenas al aire libre en Mont-roig y en Miami Platja - Ajuntament de Mont-roig del Camp","og_description":"Desde el Ajuntament de Mont-roig del Camp se recuerda que es necesario recoger los desechos en caso de celebrar verbenas en la playa y que est\u00e1 prohibido encender hogueras no autorizadas Una cena al aire libre amenizada con m\u00fasica y animaci\u00f3n ser\u00e1 el acto principal de estas fiestas de Sant Joan en Mont-roig y Miami [&hellip;]","og_url":"https:\/\/mont-roig.cat\/es\/actualitat\/noticies\/arriba-sant-joan-amb-la-tradicional-flama-del-canigo-i-els-sopars-a-la-fresca-a-mont-roig-i-a-miami-platja\/","og_site_name":"Ajuntament de Mont-roig del Camp","article_published_time":"2023-06-14T10:32:17+00:00","article_modified_time":"2023-06-14T11:16:40+00:00","og_image":[{"width":5000,"height":2625,"url":"https:\/\/mont-roig.cat\/wp-content\/uploads\/MM_SANT_JOAN_2023_NOTI_.png","type":"image\/png"}],"author":"comunicacio","twitter_card":"summary_large_image","twitter_misc":{"Escrito por":"comunicacio","Tiempo de lectura":"3 minutos"},"schema":{"@context":"https:\/\/schema.org","@graph":[{"@type":"Article","@id":"https:\/\/mont-roig.cat\/es\/actualitat\/noticies\/arriba-sant-joan-amb-la-tradicional-flama-del-canigo-i-els-sopars-a-la-fresca-a-mont-roig-i-a-miami-platja\/#article","isPartOf":{"@id":"https:\/\/mont-roig.cat\/es\/actualitat\/noticies\/arriba-sant-joan-amb-la-tradicional-flama-del-canigo-i-els-sopars-a-la-fresca-a-mont-roig-i-a-miami-platja\/"},"author":{"name":"comunicacio","@id":"https:\/\/mont-roig.cat\/es\/#\/schema\/person\/1f73e7b5e6f9dd122e8a6f14f310ac5e"},"headline":"Llega Sant Joan con la tradicional Flama del Canig\u00f3 y las cenas al aire libre en Mont-roig y en Miami Platja","datePublished":"2023-06-14T10:32:17+00:00","dateModified":"2023-06-14T11:16:40+00:00","mainEntityOfPage":{"@id":"https:\/\/mont-roig.cat\/es\/actualitat\/noticies\/arriba-sant-joan-amb-la-tradicional-flama-del-canigo-i-els-sopars-a-la-fresca-a-mont-roig-i-a-miami-platja\/"},"wordCount":435,"image":{"@id":"https:\/\/mont-roig.cat\/es\/actualitat\/noticies\/arriba-sant-joan-amb-la-tradicional-flama-del-canigo-i-els-sopars-a-la-fresca-a-mont-roig-i-a-miami-platja\/#primaryimage"},"thumbnailUrl":"https:\/\/mont-roig.cat\/wp-content\/uploads\/MM_SANT_JOAN_2023_NOTI_.png","articleSection":["Ayuntamiento","Festes"],"inLanguage":"es"},{"@type":"WebPage","@id":"https:\/\/mont-roig.cat\/es\/actualitat\/noticies\/arriba-sant-joan-amb-la-tradicional-flama-del-canigo-i-els-sopars-a-la-fresca-a-mont-roig-i-a-miami-platja\/","url":"https:\/\/mont-roig.cat\/es\/actualitat\/noticies\/arriba-sant-joan-amb-la-tradicional-flama-del-canigo-i-els-sopars-a-la-fresca-a-mont-roig-i-a-miami-platja\/","name":"Llega Sant Joan con la tradicional Flama del Canig\u00f3 y las cenas al aire libre en Mont-roig y en Miami Platja - Ajuntament de Mont-roig del Camp","isPartOf":{"@id":"https:\/\/mont-roig.cat\/es\/#website"},"primaryImageOfPage":{"@id":"https:\/\/mont-roig.cat\/es\/actualitat\/noticies\/arriba-sant-joan-amb-la-tradicional-flama-del-canigo-i-els-sopars-a-la-fresca-a-mont-roig-i-a-miami-platja\/#primaryimage"},"image":{"@id":"https:\/\/mont-roig.cat\/es\/actualitat\/noticies\/arriba-sant-joan-amb-la-tradicional-flama-del-canigo-i-els-sopars-a-la-fresca-a-mont-roig-i-a-miami-platja\/#primaryimage"},"thumbnailUrl":"https:\/\/mont-roig.cat\/wp-content\/uploads\/MM_SANT_JOAN_2023_NOTI_.png","datePublished":"2023-06-14T10:32:17+00:00","dateModified":"2023-06-14T11:16:40+00:00","author":{"@id":"https:\/\/mont-roig.cat\/es\/#\/schema\/person\/1f73e7b5e6f9dd122e8a6f14f310ac5e"},"breadcrumb":{"@id":"https:\/\/mont-roig.cat\/es\/actualitat\/noticies\/arriba-sant-joan-amb-la-tradicional-flama-del-canigo-i-els-sopars-a-la-fresca-a-mont-roig-i-a-miami-platja\/#breadcrumb"},"inLanguage":"es","potentialAction":[{"@type":"ReadAction","target":["https:\/\/mont-roig.cat\/es\/actualitat\/noticies\/arriba-sant-joan-amb-la-tradicional-flama-del-canigo-i-els-sopars-a-la-fresca-a-mont-roig-i-a-miami-platja\/"]}]},{"@type":"ImageObject","inLanguage":"es","@id":"https:\/\/mont-roig.cat\/es\/actualitat\/noticies\/arriba-sant-joan-amb-la-tradicional-flama-del-canigo-i-els-sopars-a-la-fresca-a-mont-roig-i-a-miami-platja\/#primaryimage","url":"https:\/\/mont-roig.cat\/wp-content\/uploads\/MM_SANT_JOAN_2023_NOTI_.png","contentUrl":"https:\/\/mont-roig.cat\/wp-content\/uploads\/MM_SANT_JOAN_2023_NOTI_.png","width":5000,"height":2625},{"@type":"BreadcrumbList","@id":"https:\/\/mont-roig.cat\/es\/actualitat\/noticies\/arriba-sant-joan-amb-la-tradicional-flama-del-canigo-i-els-sopars-a-la-fresca-a-mont-roig-i-a-miami-platja\/#breadcrumb","itemListElement":[{"@type":"ListItem","position":1,"name":"Inici","item":"https:\/\/mont-roig.cat\/es\/pagina-de-inicio\/"},{"@type":"ListItem","position":2,"name":"Llega Sant Joan con la tradicional Flama del Canig\u00f3 y las cenas al aire libre en Mont-roig y en Miami Platja"}]},{"@type":"WebSite","@id":"https:\/\/mont-roig.cat\/es\/#website","url":"https:\/\/mont-roig.cat\/es\/","name":"Ajuntament de Mont-roig del Camp","description":"Tota la informaci\u00f3 sobre la instituci\u00f3, els seus \u00f2rgans de govern, actualitat, serveis i molt m\u00e9s.","potentialAction":[{"@type":"SearchAction","target":{"@type":"EntryPoint","urlTemplate":"https:\/\/mont-roig.cat\/es\/?s={search_term_string}"},"query-input":{"@type":"PropertyValueSpecification","valueRequired":true,"valueName":"search_term_string"}}],"inLanguage":"es"},{"@type":"Person","@id":"https:\/\/mont-roig.cat\/es\/#\/schema\/person\/1f73e7b5e6f9dd122e8a6f14f310ac5e","name":"comunicacio","image":{"@type":"ImageObject","inLanguage":"es","@id":"https:\/\/secure.gravatar.com\/avatar\/98944333e7a877670a64f8d10f0cb680ab2c9ebc4efc43945ef004b52b5ad28c?s=96&d=mm&r=g","url":"https:\/\/secure.gravatar.com\/avatar\/98944333e7a877670a64f8d10f0cb680ab2c9ebc4efc43945ef004b52b5ad28c?s=96&d=mm&r=g","contentUrl":"https:\/\/secure.gravatar.com\/avatar\/98944333e7a877670a64f8d10f0cb680ab2c9ebc4efc43945ef004b52b5ad28c?s=96&d=mm&r=g","caption":"comunicacio"},"url":"https:\/\/mont-roig.cat\/es\/actualitat\/noticies\/author\/comunicacio\/"}]}},"_links":{"self":[{"href":"https:\/\/mont-roig.cat\/es\/wp-json\/wp\/v2\/posts\/70757","targetHints":{"allow":["GET"]}}],"collection":[{"href":"https:\/\/mont-roig.cat\/es\/wp-json\/wp\/v2\/posts"}],"about":[{"href":"https:\/\/mont-roig.cat\/es\/wp-json\/wp\/v2\/types\/post"}],"author":[{"embeddable":true,"href":"https:\/\/mont-roig.cat\/es\/wp-json\/wp\/v2\/users\/13"}],"replies":[{"embeddable":true,"href":"https:\/\/mont-roig.cat\/es\/wp-json\/wp\/v2\/comments?post=70757"}],"version-history":[{"count":2,"href":"https:\/\/mont-roig.cat\/es\/wp-json\/wp\/v2\/posts\/70757\/revisions"}],"predecessor-version":[{"id":70759,"href":"https:\/\/mont-roig.cat\/es\/wp-json\/wp\/v2\/posts\/70757\/revisions\/70759"}],"wp:featuredmedia":[{"embeddable":true,"href":"https:\/\/mont-roig.cat\/es\/wp-json\/wp\/v2\/media\/70744"}],"wp:attachment":[{"href":"https:\/\/mont-roig.cat\/es\/wp-json\/wp\/v2\/media?parent=70757"}],"wp:term":[{"taxonomy":"category","embeddable":true,"href":"https:\/\/mont-roig.cat\/es\/wp-json\/wp\/v2\/categories?post=70757"},{"taxonomy":"post_tag","embeddable":true,"href":"https:\/\/mont-roig.cat\/es\/wp-json\/wp\/v2\/tags?post=70757"}],"curies":[{"name":"wp","href":"https:\/\/api.w.org\/{rel}","templated":true}]}}