{"id":70807,"date":"2023-06-15T13:39:21","date_gmt":"2023-06-15T11:39:21","guid":{"rendered":"https:\/\/mont-roig.cat\/actualitat\/noticies\/es-convoca-el-ple-de-constitucio-de-lajuntament-de-mont-roig-del-camp\/"},"modified":"2023-06-15T13:43:30","modified_gmt":"2023-06-15T11:43:30","slug":"convocado-el-pleno-de-constitucion-del-ayuntamiento-de-mont-roig-del-camp-2","status":"publish","type":"post","link":"https:\/\/mont-roig.cat\/es\/actualitat\/noticies\/convocado-el-pleno-de-constitucion-del-ayuntamiento-de-mont-roig-del-camp-2\/","title":{"rendered":"Convocado el Pleno de constituci\u00f3n del Ayuntamiento de Mont-roig del Camp"},"content":{"rendered":"<ul>\n<li><strong><a href=\"https:\/\/mont-roig.cat\/wp-content\/uploads\/aj-mont-roig-2-2.jpg\" target=\"_blank\" rel=\"noopener\"><img loading=\"lazy\" decoding=\"async\" class=\"alignright wp-image-70803\" src=\"https:\/\/mont-roig.cat\/wp-content\/uploads\/aj-mont-roig-2-2-500x250.jpg\" alt=\"\" width=\"304\" height=\"152\" srcset=\"https:\/\/mont-roig.cat\/wp-content\/uploads\/aj-mont-roig-2-2-500x250.jpg 500w, https:\/\/mont-roig.cat\/wp-content\/uploads\/aj-mont-roig-2-2-1024x512.jpg 1024w, https:\/\/mont-roig.cat\/wp-content\/uploads\/aj-mont-roig-2-2-768x384.jpg 768w, https:\/\/mont-roig.cat\/wp-content\/uploads\/aj-mont-roig-2-2.jpg 1200w\" sizes=\"auto, (max-width: 304px) 100vw, 304px\" \/><\/a>Tendr\u00e1 lugar este s\u00e1bado 17 de junio, a las 12 h, en la Casa de Culltura de Mont-roig y ser\u00e1 retransmitido en streaming a trav\u00e9s de la web municipal<\/strong><\/li>\n<\/ul>\n<p>El Pleno extraordinario de constituci\u00f3n de la Corporaci\u00f3n municipal se celebrar\u00e1 este s\u00e1bado 17 de junio en la Casa de Cultura de Mont-roig. Durante el acto, que se iniciar\u00e1 a las 12 del mediod\u00eda, tendr\u00e1 lugar la elecci\u00f3n del Alcalde\/sa y la toma de posesi\u00f3n de los 17 concejales y concejalas que formar\u00e1n parte del mandato 2023-2027. La sesi\u00f3n est\u00e1 abierta a la ciudadan\u00eda y ser\u00e1 emitida en streaming a trav\u00e9s de la web municipal <a href=\"https:\/\/www.youtube.com\/@ajuntamentdemont-roigdelca5617\/streams\" target=\"_blank\" rel=\"noopener\">wwww.mont-roig.cat\/ple-en-directe<\/a><\/p>\n<p><strong>El orden del d\u00eda ser\u00e1 el siguiente:<\/strong><br \/>\n1. Constituci\u00f3n de la mesa de edad.<br \/>\n2. Comprobaci\u00f3n de credenciales de los concejales y concejalas electas.<br \/>\n3. Promesa o juramento de los concejales y concejalas y declaraci\u00f3n de constituci\u00f3n de la Corporaci\u00f3n.<br \/>\n4. Elecci\u00f3n del Alcalde o Alcaldesa.<br \/>\n5. Juramento o promesa del Alcalde o Alcaldesa electo y toma de posesi\u00f3n de su cargo.<br \/>\n6. Dar cuenta por parte del secretario interventor, de las existencias de los valores depositados, as\u00ed como sus justificantes y del inventario municipal de bienes de la corporaci\u00f3n.<br \/>\n7. Acto de clausura de la sesi\u00f3n.<\/p>\n<p>Consulta la convocatoria del Pleno: <a href=\"https:\/\/mont-roig.cat\/wp-content\/uploads\/Convocatoria-Ple-extraordinari-constitucio-Corporacio-17-de-juny-2023.pdf\" target=\"_blank\" rel=\"noopener\">en este enlace.<\/a><\/p>\n<p>&nbsp;<\/p>\n","protected":false},"excerpt":{"rendered":"<p>Tendr\u00e1 lugar este s\u00e1bado 17 de junio, a las 12 h, en la Casa de Culltura de Mont-roig y ser\u00e1 retransmitido en streaming a trav\u00e9s de la web municipal El Pleno extraordinario de constituci\u00f3n de la Corporaci\u00f3n municipal se celebrar\u00e1 este s\u00e1bado 17 de junio en la Casa de Cultura de Mont-roig. Durante el acto, [&hellip;]<\/p>\n","protected":false},"author":13,"featured_media":70804,"comment_status":"closed","ping_status":"closed","sticky":false,"template":"","format":"standard","meta":{"inline_featured_image":false,"_monsterinsights_skip_tracking":false,"_monsterinsights_sitenote_active":false,"_monsterinsights_sitenote_note":"","_monsterinsights_sitenote_category":0,"footnotes":""},"categories":[156,98],"tags":[],"class_list":["post-70807","post","type-post","status-publish","format-standard","has-post-thumbnail","hentry","category-alcalde-es","category-ayuntamiento"],"yoast_head":"<!-- This site is optimized with the Yoast SEO plugin v27.4 - https:\/\/yoast.com\/product\/yoast-seo-wordpress\/ -->\n<title>Convocado el Pleno de constituci\u00f3n del Ayuntamiento de Mont-roig del Camp - Ajuntament de Mont-roig del Camp<\/title>\n<meta name=\"robots\" content=\"index, follow, max-snippet:-1, max-image-preview:large, max-video-preview:-1\" \/>\n<link rel=\"canonical\" href=\"https:\/\/mont-roig.cat\/es\/actualitat\/noticies\/convocado-el-pleno-de-constitucion-del-ayuntamiento-de-mont-roig-del-camp-2\/\" \/>\n<meta property=\"og:locale\" content=\"es_ES\" \/>\n<meta property=\"og:type\" content=\"article\" \/>\n<meta property=\"og:title\" content=\"Convocado el Pleno de constituci\u00f3n del Ayuntamiento de Mont-roig del Camp - Ajuntament de Mont-roig del Camp\" \/>\n<meta property=\"og:description\" content=\"Tendr\u00e1 lugar este s\u00e1bado 17 de junio, a las 12 h, en la Casa de Culltura de Mont-roig y ser\u00e1 retransmitido en streaming a trav\u00e9s de la web municipal El Pleno extraordinario de constituci\u00f3n de la Corporaci\u00f3n municipal se celebrar\u00e1 este s\u00e1bado 17 de junio en la Casa de Cultura de Mont-roig. Durante el acto, [&hellip;]\" \/>\n<meta property=\"og:url\" content=\"https:\/\/mont-roig.cat\/es\/actualitat\/noticies\/convocado-el-pleno-de-constitucion-del-ayuntamiento-de-mont-roig-del-camp-2\/\" \/>\n<meta property=\"og:site_name\" content=\"Ajuntament de Mont-roig del Camp\" \/>\n<meta property=\"article:published_time\" content=\"2023-06-15T11:39:21+00:00\" \/>\n<meta property=\"article:modified_time\" content=\"2023-06-15T11:43:30+00:00\" \/>\n<meta property=\"og:image\" content=\"https:\/\/mont-roig.cat\/wp-content\/uploads\/aj-mont-roig-2-2.jpg\" \/>\n\t<meta property=\"og:image:width\" content=\"1200\" \/>\n\t<meta property=\"og:image:height\" content=\"600\" \/>\n\t<meta property=\"og:image:type\" content=\"image\/jpeg\" \/>\n<meta name=\"author\" content=\"comunicacio\" \/>\n<meta name=\"twitter:card\" content=\"summary_large_image\" \/>\n<meta name=\"twitter:label1\" content=\"Escrito por\" \/>\n\t<meta name=\"twitter:data1\" content=\"comunicacio\" \/>\n\t<meta name=\"twitter:label2\" content=\"Tiempo de lectura\" \/>\n\t<meta name=\"twitter:data2\" content=\"2 minutos\" \/>\n<script type=\"application\/ld+json\" class=\"yoast-schema-graph\">{\"@context\":\"https:\\\/\\\/schema.org\",\"@graph\":[{\"@type\":\"Article\",\"@id\":\"https:\\\/\\\/mont-roig.cat\\\/es\\\/actualitat\\\/noticies\\\/convocado-el-pleno-de-constitucion-del-ayuntamiento-de-mont-roig-del-camp-2\\\/#article\",\"isPartOf\":{\"@id\":\"https:\\\/\\\/mont-roig.cat\\\/es\\\/actualitat\\\/noticies\\\/convocado-el-pleno-de-constitucion-del-ayuntamiento-de-mont-roig-del-camp-2\\\/\"},\"author\":{\"name\":\"comunicacio\",\"@id\":\"https:\\\/\\\/mont-roig.cat\\\/es\\\/#\\\/schema\\\/person\\\/1f73e7b5e6f9dd122e8a6f14f310ac5e\"},\"headline\":\"Convocado el Pleno de constituci\u00f3n del Ayuntamiento de Mont-roig del Camp\",\"datePublished\":\"2023-06-15T11:39:21+00:00\",\"dateModified\":\"2023-06-15T11:43:30+00:00\",\"mainEntityOfPage\":{\"@id\":\"https:\\\/\\\/mont-roig.cat\\\/es\\\/actualitat\\\/noticies\\\/convocado-el-pleno-de-constitucion-del-ayuntamiento-de-mont-roig-del-camp-2\\\/\"},\"wordCount\":237,\"image\":{\"@id\":\"https:\\\/\\\/mont-roig.cat\\\/es\\\/actualitat\\\/noticies\\\/convocado-el-pleno-de-constitucion-del-ayuntamiento-de-mont-roig-del-camp-2\\\/#primaryimage\"},\"thumbnailUrl\":\"https:\\\/\\\/mont-roig.cat\\\/wp-content\\\/uploads\\\/aj-mont-roig-2-2.jpg\",\"articleSection\":[\"Alcalde\",\"Ayuntamiento\"],\"inLanguage\":\"es\"},{\"@type\":\"WebPage\",\"@id\":\"https:\\\/\\\/mont-roig.cat\\\/es\\\/actualitat\\\/noticies\\\/convocado-el-pleno-de-constitucion-del-ayuntamiento-de-mont-roig-del-camp-2\\\/\",\"url\":\"https:\\\/\\\/mont-roig.cat\\\/es\\\/actualitat\\\/noticies\\\/convocado-el-pleno-de-constitucion-del-ayuntamiento-de-mont-roig-del-camp-2\\\/\",\"name\":\"Convocado el Pleno de constituci\u00f3n del Ayuntamiento de Mont-roig del Camp - Ajuntament de Mont-roig del Camp\",\"isPartOf\":{\"@id\":\"https:\\\/\\\/mont-roig.cat\\\/es\\\/#website\"},\"primaryImageOfPage\":{\"@id\":\"https:\\\/\\\/mont-roig.cat\\\/es\\\/actualitat\\\/noticies\\\/convocado-el-pleno-de-constitucion-del-ayuntamiento-de-mont-roig-del-camp-2\\\/#primaryimage\"},\"image\":{\"@id\":\"https:\\\/\\\/mont-roig.cat\\\/es\\\/actualitat\\\/noticies\\\/convocado-el-pleno-de-constitucion-del-ayuntamiento-de-mont-roig-del-camp-2\\\/#primaryimage\"},\"thumbnailUrl\":\"https:\\\/\\\/mont-roig.cat\\\/wp-content\\\/uploads\\\/aj-mont-roig-2-2.jpg\",\"datePublished\":\"2023-06-15T11:39:21+00:00\",\"dateModified\":\"2023-06-15T11:43:30+00:00\",\"author\":{\"@id\":\"https:\\\/\\\/mont-roig.cat\\\/es\\\/#\\\/schema\\\/person\\\/1f73e7b5e6f9dd122e8a6f14f310ac5e\"},\"breadcrumb\":{\"@id\":\"https:\\\/\\\/mont-roig.cat\\\/es\\\/actualitat\\\/noticies\\\/convocado-el-pleno-de-constitucion-del-ayuntamiento-de-mont-roig-del-camp-2\\\/#breadcrumb\"},\"inLanguage\":\"es\",\"potentialAction\":[{\"@type\":\"ReadAction\",\"target\":[\"https:\\\/\\\/mont-roig.cat\\\/es\\\/actualitat\\\/noticies\\\/convocado-el-pleno-de-constitucion-del-ayuntamiento-de-mont-roig-del-camp-2\\\/\"]}]},{\"@type\":\"ImageObject\",\"inLanguage\":\"es\",\"@id\":\"https:\\\/\\\/mont-roig.cat\\\/es\\\/actualitat\\\/noticies\\\/convocado-el-pleno-de-constitucion-del-ayuntamiento-de-mont-roig-del-camp-2\\\/#primaryimage\",\"url\":\"https:\\\/\\\/mont-roig.cat\\\/wp-content\\\/uploads\\\/aj-mont-roig-2-2.jpg\",\"contentUrl\":\"https:\\\/\\\/mont-roig.cat\\\/wp-content\\\/uploads\\\/aj-mont-roig-2-2.jpg\",\"width\":1200,\"height\":600},{\"@type\":\"BreadcrumbList\",\"@id\":\"https:\\\/\\\/mont-roig.cat\\\/es\\\/actualitat\\\/noticies\\\/convocado-el-pleno-de-constitucion-del-ayuntamiento-de-mont-roig-del-camp-2\\\/#breadcrumb\",\"itemListElement\":[{\"@type\":\"ListItem\",\"position\":1,\"name\":\"Inici\",\"item\":\"https:\\\/\\\/mont-roig.cat\\\/es\\\/pagina-de-inicio\\\/\"},{\"@type\":\"ListItem\",\"position\":2,\"name\":\"Convocado el Pleno de constituci\u00f3n del Ayuntamiento de Mont-roig del Camp\"}]},{\"@type\":\"WebSite\",\"@id\":\"https:\\\/\\\/mont-roig.cat\\\/es\\\/#website\",\"url\":\"https:\\\/\\\/mont-roig.cat\\\/es\\\/\",\"name\":\"Ajuntament de Mont-roig del Camp\",\"description\":\"Tota la informaci\u00f3 sobre la instituci\u00f3, els seus \u00f2rgans de govern, actualitat, serveis i molt m\u00e9s.\",\"potentialAction\":[{\"@type\":\"SearchAction\",\"target\":{\"@type\":\"EntryPoint\",\"urlTemplate\":\"https:\\\/\\\/mont-roig.cat\\\/es\\\/?s={search_term_string}\"},\"query-input\":{\"@type\":\"PropertyValueSpecification\",\"valueRequired\":true,\"valueName\":\"search_term_string\"}}],\"inLanguage\":\"es\"},{\"@type\":\"Person\",\"@id\":\"https:\\\/\\\/mont-roig.cat\\\/es\\\/#\\\/schema\\\/person\\\/1f73e7b5e6f9dd122e8a6f14f310ac5e\",\"name\":\"comunicacio\",\"image\":{\"@type\":\"ImageObject\",\"inLanguage\":\"es\",\"@id\":\"https:\\\/\\\/secure.gravatar.com\\\/avatar\\\/98944333e7a877670a64f8d10f0cb680ab2c9ebc4efc43945ef004b52b5ad28c?s=96&d=mm&r=g\",\"url\":\"https:\\\/\\\/secure.gravatar.com\\\/avatar\\\/98944333e7a877670a64f8d10f0cb680ab2c9ebc4efc43945ef004b52b5ad28c?s=96&d=mm&r=g\",\"contentUrl\":\"https:\\\/\\\/secure.gravatar.com\\\/avatar\\\/98944333e7a877670a64f8d10f0cb680ab2c9ebc4efc43945ef004b52b5ad28c?s=96&d=mm&r=g\",\"caption\":\"comunicacio\"},\"url\":\"https:\\\/\\\/mont-roig.cat\\\/es\\\/actualitat\\\/noticies\\\/author\\\/comunicacio\\\/\"}]}<\/script>\n<!-- \/ Yoast SEO plugin. -->","yoast_head_json":{"title":"Convocado el Pleno de constituci\u00f3n del Ayuntamiento de Mont-roig del Camp - Ajuntament de Mont-roig del Camp","robots":{"index":"index","follow":"follow","max-snippet":"max-snippet:-1","max-image-preview":"max-image-preview:large","max-video-preview":"max-video-preview:-1"},"canonical":"https:\/\/mont-roig.cat\/es\/actualitat\/noticies\/convocado-el-pleno-de-constitucion-del-ayuntamiento-de-mont-roig-del-camp-2\/","og_locale":"es_ES","og_type":"article","og_title":"Convocado el Pleno de constituci\u00f3n del Ayuntamiento de Mont-roig del Camp - Ajuntament de Mont-roig del Camp","og_description":"Tendr\u00e1 lugar este s\u00e1bado 17 de junio, a las 12 h, en la Casa de Culltura de Mont-roig y ser\u00e1 retransmitido en streaming a trav\u00e9s de la web municipal El Pleno extraordinario de constituci\u00f3n de la Corporaci\u00f3n municipal se celebrar\u00e1 este s\u00e1bado 17 de junio en la Casa de Cultura de Mont-roig. Durante el acto, [&hellip;]","og_url":"https:\/\/mont-roig.cat\/es\/actualitat\/noticies\/convocado-el-pleno-de-constitucion-del-ayuntamiento-de-mont-roig-del-camp-2\/","og_site_name":"Ajuntament de Mont-roig del Camp","article_published_time":"2023-06-15T11:39:21+00:00","article_modified_time":"2023-06-15T11:43:30+00:00","og_image":[{"width":1200,"height":600,"url":"https:\/\/mont-roig.cat\/wp-content\/uploads\/aj-mont-roig-2-2.jpg","type":"image\/jpeg"}],"author":"comunicacio","twitter_card":"summary_large_image","twitter_misc":{"Escrito por":"comunicacio","Tiempo de lectura":"2 minutos"},"schema":{"@context":"https:\/\/schema.org","@graph":[{"@type":"Article","@id":"https:\/\/mont-roig.cat\/es\/actualitat\/noticies\/convocado-el-pleno-de-constitucion-del-ayuntamiento-de-mont-roig-del-camp-2\/#article","isPartOf":{"@id":"https:\/\/mont-roig.cat\/es\/actualitat\/noticies\/convocado-el-pleno-de-constitucion-del-ayuntamiento-de-mont-roig-del-camp-2\/"},"author":{"name":"comunicacio","@id":"https:\/\/mont-roig.cat\/es\/#\/schema\/person\/1f73e7b5e6f9dd122e8a6f14f310ac5e"},"headline":"Convocado el Pleno de constituci\u00f3n del Ayuntamiento de Mont-roig del Camp","datePublished":"2023-06-15T11:39:21+00:00","dateModified":"2023-06-15T11:43:30+00:00","mainEntityOfPage":{"@id":"https:\/\/mont-roig.cat\/es\/actualitat\/noticies\/convocado-el-pleno-de-constitucion-del-ayuntamiento-de-mont-roig-del-camp-2\/"},"wordCount":237,"image":{"@id":"https:\/\/mont-roig.cat\/es\/actualitat\/noticies\/convocado-el-pleno-de-constitucion-del-ayuntamiento-de-mont-roig-del-camp-2\/#primaryimage"},"thumbnailUrl":"https:\/\/mont-roig.cat\/wp-content\/uploads\/aj-mont-roig-2-2.jpg","articleSection":["Alcalde","Ayuntamiento"],"inLanguage":"es"},{"@type":"WebPage","@id":"https:\/\/mont-roig.cat\/es\/actualitat\/noticies\/convocado-el-pleno-de-constitucion-del-ayuntamiento-de-mont-roig-del-camp-2\/","url":"https:\/\/mont-roig.cat\/es\/actualitat\/noticies\/convocado-el-pleno-de-constitucion-del-ayuntamiento-de-mont-roig-del-camp-2\/","name":"Convocado el Pleno de constituci\u00f3n del Ayuntamiento de Mont-roig del Camp - Ajuntament de Mont-roig del Camp","isPartOf":{"@id":"https:\/\/mont-roig.cat\/es\/#website"},"primaryImageOfPage":{"@id":"https:\/\/mont-roig.cat\/es\/actualitat\/noticies\/convocado-el-pleno-de-constitucion-del-ayuntamiento-de-mont-roig-del-camp-2\/#primaryimage"},"image":{"@id":"https:\/\/mont-roig.cat\/es\/actualitat\/noticies\/convocado-el-pleno-de-constitucion-del-ayuntamiento-de-mont-roig-del-camp-2\/#primaryimage"},"thumbnailUrl":"https:\/\/mont-roig.cat\/wp-content\/uploads\/aj-mont-roig-2-2.jpg","datePublished":"2023-06-15T11:39:21+00:00","dateModified":"2023-06-15T11:43:30+00:00","author":{"@id":"https:\/\/mont-roig.cat\/es\/#\/schema\/person\/1f73e7b5e6f9dd122e8a6f14f310ac5e"},"breadcrumb":{"@id":"https:\/\/mont-roig.cat\/es\/actualitat\/noticies\/convocado-el-pleno-de-constitucion-del-ayuntamiento-de-mont-roig-del-camp-2\/#breadcrumb"},"inLanguage":"es","potentialAction":[{"@type":"ReadAction","target":["https:\/\/mont-roig.cat\/es\/actualitat\/noticies\/convocado-el-pleno-de-constitucion-del-ayuntamiento-de-mont-roig-del-camp-2\/"]}]},{"@type":"ImageObject","inLanguage":"es","@id":"https:\/\/mont-roig.cat\/es\/actualitat\/noticies\/convocado-el-pleno-de-constitucion-del-ayuntamiento-de-mont-roig-del-camp-2\/#primaryimage","url":"https:\/\/mont-roig.cat\/wp-content\/uploads\/aj-mont-roig-2-2.jpg","contentUrl":"https:\/\/mont-roig.cat\/wp-content\/uploads\/aj-mont-roig-2-2.jpg","width":1200,"height":600},{"@type":"BreadcrumbList","@id":"https:\/\/mont-roig.cat\/es\/actualitat\/noticies\/convocado-el-pleno-de-constitucion-del-ayuntamiento-de-mont-roig-del-camp-2\/#breadcrumb","itemListElement":[{"@type":"ListItem","position":1,"name":"Inici","item":"https:\/\/mont-roig.cat\/es\/pagina-de-inicio\/"},{"@type":"ListItem","position":2,"name":"Convocado el Pleno de constituci\u00f3n del Ayuntamiento de Mont-roig del Camp"}]},{"@type":"WebSite","@id":"https:\/\/mont-roig.cat\/es\/#website","url":"https:\/\/mont-roig.cat\/es\/","name":"Ajuntament de Mont-roig del Camp","description":"Tota la informaci\u00f3 sobre la instituci\u00f3, els seus \u00f2rgans de govern, actualitat, serveis i molt m\u00e9s.","potentialAction":[{"@type":"SearchAction","target":{"@type":"EntryPoint","urlTemplate":"https:\/\/mont-roig.cat\/es\/?s={search_term_string}"},"query-input":{"@type":"PropertyValueSpecification","valueRequired":true,"valueName":"search_term_string"}}],"inLanguage":"es"},{"@type":"Person","@id":"https:\/\/mont-roig.cat\/es\/#\/schema\/person\/1f73e7b5e6f9dd122e8a6f14f310ac5e","name":"comunicacio","image":{"@type":"ImageObject","inLanguage":"es","@id":"https:\/\/secure.gravatar.com\/avatar\/98944333e7a877670a64f8d10f0cb680ab2c9ebc4efc43945ef004b52b5ad28c?s=96&d=mm&r=g","url":"https:\/\/secure.gravatar.com\/avatar\/98944333e7a877670a64f8d10f0cb680ab2c9ebc4efc43945ef004b52b5ad28c?s=96&d=mm&r=g","contentUrl":"https:\/\/secure.gravatar.com\/avatar\/98944333e7a877670a64f8d10f0cb680ab2c9ebc4efc43945ef004b52b5ad28c?s=96&d=mm&r=g","caption":"comunicacio"},"url":"https:\/\/mont-roig.cat\/es\/actualitat\/noticies\/author\/comunicacio\/"}]}},"_links":{"self":[{"href":"https:\/\/mont-roig.cat\/es\/wp-json\/wp\/v2\/posts\/70807","targetHints":{"allow":["GET"]}}],"collection":[{"href":"https:\/\/mont-roig.cat\/es\/wp-json\/wp\/v2\/posts"}],"about":[{"href":"https:\/\/mont-roig.cat\/es\/wp-json\/wp\/v2\/types\/post"}],"author":[{"embeddable":true,"href":"https:\/\/mont-roig.cat\/es\/wp-json\/wp\/v2\/users\/13"}],"replies":[{"embeddable":true,"href":"https:\/\/mont-roig.cat\/es\/wp-json\/wp\/v2\/comments?post=70807"}],"version-history":[{"count":2,"href":"https:\/\/mont-roig.cat\/es\/wp-json\/wp\/v2\/posts\/70807\/revisions"}],"predecessor-version":[{"id":70809,"href":"https:\/\/mont-roig.cat\/es\/wp-json\/wp\/v2\/posts\/70807\/revisions\/70809"}],"wp:featuredmedia":[{"embeddable":true,"href":"https:\/\/mont-roig.cat\/es\/wp-json\/wp\/v2\/media\/70804"}],"wp:attachment":[{"href":"https:\/\/mont-roig.cat\/es\/wp-json\/wp\/v2\/media?parent=70807"}],"wp:term":[{"taxonomy":"category","embeddable":true,"href":"https:\/\/mont-roig.cat\/es\/wp-json\/wp\/v2\/categories?post=70807"},{"taxonomy":"post_tag","embeddable":true,"href":"https:\/\/mont-roig.cat\/es\/wp-json\/wp\/v2\/tags?post=70807"}],"curies":[{"name":"wp","href":"https:\/\/api.w.org\/{rel}","templated":true}]}}