{"id":70840,"date":"2023-06-17T13:39:33","date_gmt":"2023-06-17T11:39:33","guid":{"rendered":"https:\/\/mont-roig.cat\/actualitat\/noticies\/fran-morancho-reelegit-alcalde-de-mont-roig-del-camp\/"},"modified":"2024-02-09T14:49:18","modified_gmt":"2024-02-09T13:49:18","slug":"fran-morancho-reelegit-alcalde-de-mont-roig-del-camp","status":"publish","type":"post","link":"https:\/\/mont-roig.cat\/es\/actualitat\/noticies\/fran-morancho-reelegit-alcalde-de-mont-roig-del-camp\/","title":{"rendered":"Fran Morancho, reelegido alcalde de Mont-roig del Camp"},"content":{"rendered":"<ul>\n<li>\n<div id=\"attachment_70818\" style=\"width: 301px\" class=\"wp-caption alignright\"><a href=\"https:\/\/mont-roig.cat\/wp-content\/uploads\/ple-constitucio24.jpeg\" target=\"_blank\" rel=\"noopener\"><img loading=\"lazy\" decoding=\"async\" aria-describedby=\"caption-attachment-70818\" class=\"wp-image-70818\" src=\"https:\/\/mont-roig.cat\/wp-content\/uploads\/ple-constitucio24-500x333.jpeg\" alt=\"\" width=\"291\" height=\"194\" srcset=\"https:\/\/mont-roig.cat\/wp-content\/uploads\/ple-constitucio24-500x333.jpeg 500w, https:\/\/mont-roig.cat\/wp-content\/uploads\/ple-constitucio24-1024x683.jpeg 1024w, https:\/\/mont-roig.cat\/wp-content\/uploads\/ple-constitucio24-768x512.jpeg 768w, https:\/\/mont-roig.cat\/wp-content\/uploads\/ple-constitucio24-1536x1024.jpeg 1536w, https:\/\/mont-roig.cat\/wp-content\/uploads\/ple-constitucio24.jpeg 1620w\" sizes=\"auto, (max-width: 291px) 100vw, 291px\" \/><\/a><p id=\"caption-attachment-70818\" class=\"wp-caption-text\">El alcalde Fran Morancho, con los concejales y las concejalas, despu\u00e9s de ser investido.<\/p><\/div>\n<p><strong>Ha vuelto a revalidar la alcald\u00eda con el apoyo de los concejales electos del PSC y de IMM con los que gobernar\u00e1 con coalici\u00f3n<\/strong><\/li>\n<li><strong>En su discurso despu\u00e9s de ser investido alcalde ha anunciado un plan de mandato continuista, con los grandes proyectos de promoci\u00f3n econ\u00f3mica puestos en marcha y retos de transformaci\u00f3n del espacio p\u00fablico<\/strong><\/li>\n<\/ul>\n<p>Fran Morancho ha vuelto a ser proclamado alcalde de Mont-roig del Camp, en la sesi\u00f3n constitutiva del nuevo consistorio, que ha tenido lugar este s\u00e1bado 17 de junio, en la Sala de Plenos de la Casa de Cultura de Mont-roig.<\/p>\n<p>Morancho, cabeza de lista del PSC-CP revalida el cargo por tercer mandato consecutivo gracias al apoyo de 9 de los 17 concejales\/as que conforman el Ayuntamiento, los concejales y concejalas del PSC-CP, y los dos concejales de Plataforma Impulso Miami Mont-roig. Por su parte Sim\u00f3 Gras, cabeza de lista del grupo municipal Junts per Mont-roig Miami ha obtenido 4 votos, Irene Aragon\u00e8s, cabeza de lista de Esquerra Republicana de Catalunya &#8211; Acord Municipal ha obtenido 2 votos y Juan Miguel Jare\u00f1o de Vox, 1 voto.<\/p>\n<p>Tras prometer el cargo, en su discurso de investidura ha querido agradecer a todas las personas que le han votado y las personas que lo han hecho por otras opciones. Ha dado la bienvenida a los nuevos concejales y concejalas de un ayuntamiento que volver\u00e1 a ser paritario con la presencia de nueve mujeres y ocho hombres.<\/p>\n<p>En su intervenci\u00f3n, Morancho ha afirmado que &#8220;el nuevo ayuntamiento toma nota del alto nivel de abstenci\u00f3n y nos ponemos ya hoy, 4 a\u00f1os antes, con el objetivo de mejorar los porcentajes de participaci\u00f3n&#8221;. El alcalde tambi\u00e9n ha agradecido especialmente el apoyo a las 1.625 personas que han confiado en la candidatura que encabezaba.<\/p>\n<p><strong>Llamamiento al resto de grupos municipales<\/strong><\/p>\n<p>En su discurso, Morancho tambi\u00e9n ha querido agradecer a los concejales y concejalas de ERC \u201cpor su labor de control hacia este gobierno que ahora recomienza. Una tarea que siempre ha sido exigente y dura, pero que sobre todo ha sido profundamente responsable con aquellos asuntos que requieren altura pol\u00edtica porque son estrat\u00e9gicos para el futuro de nuestro municipio\u201d y tambi\u00e9n al grupo de Junts les ha dicho \u201cque tenemos la oportunidad de andar juntos, tambi\u00e9n, en aquellos proyectos estrat\u00e9gicos que van m\u00e1s all\u00e1 de los colores pol\u00edticos, pues suponen futuro, nuevas oportunidades y riqueza para el conjunto de la poblaci\u00f3n, a pesar de no tener el mismo modelo de municipio\u201d. Morancho ha pedido a los dos principales grupos de la oposici\u00f3n \u201cbarrar el paso al populismo, al negacionismo, al machismo, a la LGTBI-fobia ya la xenofobia. Espero que podamos tejer complicidades para vetar la entrada en la pol\u00edtica municipal que atente contra los derechos humanos y los valores fundamentales de nuestra democracia\u201d.<\/p>\n<p><strong>Los retos del municipio<\/strong><\/p>\n<p>En su intervenci\u00f3n, el alcalde ha recordado que \u201csomos un municipio con dos pueblos, y una serie de urbanizaciones que tienen como referencia uno u otro n\u00facleo principales, all\u00e1 donde tienen los servicios b\u00e1sicos: educativos, de salud, comerciales, institucionales. Y a partir de ah\u00ed, a partir de esta visi\u00f3n, aplicaremos la gesti\u00f3n m\u00e1s adecuada para el municipio bic\u00e9ntrico que tenemos\u201d. Morancho se ha referido a los retos que el municipio tiene por delante, \u201cretos que llevamos mucho tiempo trabajando desde nuestro gobierno, que como ya hemos anunciado, ser\u00e1 continuista. Hay que terminar los grandes proyectos empezados. Tenemos de antemano una gran apuesta por la diversificaci\u00f3n econ\u00f3mica local y la creaci\u00f3n de empleo, con la implantaci\u00f3n de la empresa coreana LOTTE en Els Comellarets, principalmente. Pero tambi\u00e9n tenemos grandes retos de transformaci\u00f3n urban\u00edstica y del espacio p\u00fablico, la creaci\u00f3n de nuevas infraestructuras, retos en cuanto al equilibrio territorial, la inclusi\u00f3n de las urbanizaciones, la transici\u00f3n energ\u00e9tica y ecol\u00f3gica, la mejora del bienestar comunitario, la igualdad oportunidades, y una visi\u00f3n feminista transversal en todas las pol\u00edticas p\u00fablicas que impulsamos\u201d.<\/p>\n<p>El alcalde ha explicado que su equipo ya est\u00e1 trabajando en un plan de mandato. \u201cEstamos trabajando y esperamos que despu\u00e9s del verano podamos presentarlo, aprobarlo y empezarlo a ejecutar. Es un plan que estar\u00e1 conformado por las l\u00edneas del Plan Estrat\u00e9gico 2020-2030 que, despu\u00e9s de los cambios que nos ha tra\u00eddo la pandemia y la crisis, siguen siendo vigentes, as\u00ed como otras acciones que se han iniciado en el \u00faltimo mandato y es necesario acabar, y pol\u00edticas nuevas que ir\u00e1n alineadas con los Objetivos de Desarrollo Sostenible\u201d, ha recordado el alcalde.<\/p>\n<p><a href=\"https:\/\/mont-roig.cat\/wp-content\/uploads\/Discurs_dinvestidura_Fran_Morancho__17_06_20231.pdf\" target=\"_blank\" rel=\"noopener\">Discurso investidura Fran Morancho, 17 de junio 2023 en este enlace.<\/a><\/p>\n<p>Previamente, los 16 concejales electos presentes han constituido el nuevo consistorio con el juramento o promesa del cargo (la concejala de Junts Am\u00e8lia Bargall\u00f3 se ha excusado por motivos personales). El nuevo Ayuntamiento queda representado con los concejales\/as y los siguientes grupos municipales:<\/p>\n<ul>\n<li>Fran Morancho (Partido de los Socialistas de Catalu\u00f1a \u2013Candidatura de Progreso)<\/li>\n<li>Yolanda P\u00e9rez D\u00edaz (Partido de los Socialistas de Catalu\u00f1a \u2013 Candidatura de Progreso)<\/li>\n<li>Francisca Ortiz S\u00e1nchez (Partido de los Socialistas de Catalu\u00f1a \u2013 Candidatura de Progreso)<\/li>\n<li>Cristina Llorens Pardo (Partido de los Socialistas de Catalu\u00f1a \u2013 Candidatura de Progreso)<\/li>\n<li>Jordi Alemany Ardit (Partido de los Socialistas de Catalu\u00f1a \u2013 Candidatura de Progreso)<\/li>\n<li>Miguel del Viso Romanos (Partido de los Socialistas de Catalu\u00f1a \u2013 Candidatura de Progreso)<\/li>\n<li>M. Mar Urisel Roca (Partido de los Socialistas de Catalu\u00f1a \u2013 Candidatura de Progreso)<\/li>\n<li>Sim\u00f3 Gras Sol\u00e9 (Junts por Mont-roig del Camp-Comprom\u00eds Municipal)<\/li>\n<li>Annabel Garc\u00eda Echevarria (Junts por Mont-roig del Camp-Comprom\u00eds Municipal)<\/li>\n<li>Serena Gispert Gim\u00e9nez (Junts por Mont-roig del Camp-Comprom\u00eds Municipal)<\/li>\n<li>Josep Rovira Pujol (Junts per Mont-roig del Camp-Comprom\u00eds Municipal)<\/li>\n<li>Irene Aragon\u00e8s Gr\u00e0cia (Esquerra Republicana de Catalunya \u2013 Acord Municipal)<\/li>\n<li>Manel Vilajosana Ferrandiz (Esquerra Republicana de Catalunya \u2013 Acord Municipal)<\/li>\n<li>Vicente P\u00e9rez Mula (Plataforma Impulso Miami Mont-roig)<\/li>\n<li>Elvira Montagud P\u00e9rez (Plataforma Impulso Miami Mont-roig)<\/li>\n<li>Juan Miguel Jare\u00f1o (VOX)<\/li>\n<\/ul>\n<p><a href=\"https:\/\/youtu.be\/rnz8H6D-SqI\" target=\"_blank\" rel=\"noopener\">Enlace para visualizar el Pleno de constituci\u00f3n<\/a> de la Corporaci\u00f3n Municipal y elecci\u00f3n del alcalde<\/p>\n\n\t\t<!-- MasterSlider -->\n\t\t<div id=\"P_MS69f257f45b590\" class=\"master-slider-parent master-slider-gallery   ms-parent-id-0\"  >\n\n\t\t\t\n\t\t\t<!-- MasterSlider Main -->\n\t\t\t<div id=\"MS69f257f45b590\" class=\"master-slider ms-skin-default\" >\n\t\t\t\t \t\t\t\t \n\t\t\t<div  class=\"ms-slide\" data-delay=\"3\"    >\n\t\t\t\t\t<img decoding=\"async\" src=\"https:\/\/mont-roig.cat\/wp-content\/plugins\/masterslider\/public\/assets\/css\/blank.gif\" alt=\"ple constitucio23\" title=\"ple constitucio23\" data-src=\"https:\/\/mont-roig.cat\/wp-content\/uploadsArray\" \/>\n\t<a href=\"https:\/\/mont-roig.cat\/es\/actualitat\/noticies\/fran-morancho-reelegit-alcalde-de-mont-roig-del-camp\/ple-constitucio23-2-2\/\" target=\"_self\"    >ple constitucio23<\/a>\n\n\t\t\t\t\t<div class=\"ms-info\">ple constitucio23<\/div>\n\n\n\t<img decoding=\"async\" class=\"ms-thumb\" src=\"https:\/\/mont-roig.cat\/wp-content\/uploadsArray\" alt=\"ple constitucio23\" \/>\n\t\t\t\t<\/div>\n\t\t\t<div  class=\"ms-slide\" data-delay=\"3\"    >\n\t\t\t\t\t<img decoding=\"async\" src=\"https:\/\/mont-roig.cat\/wp-content\/plugins\/masterslider\/public\/assets\/css\/blank.gif\" alt=\"Ple constitucio\" title=\"Ple constitucio\" data-src=\"https:\/\/mont-roig.cat\/wp-content\/uploadsArray\" \/>\n\t<a href=\"https:\/\/mont-roig.cat\/es\/actualitat\/noticies\/fran-morancho-reelegit-alcalde-de-mont-roig-del-camp\/ple-constitucio-2-2\/\" target=\"_self\"    >Ple constitucio<\/a>\n\n\t\t\t\t\t<div class=\"ms-info\">Ple constitucio<\/div>\n\n\n\t<img decoding=\"async\" class=\"ms-thumb\" src=\"https:\/\/mont-roig.cat\/wp-content\/uploadsArray\" alt=\"Ple constitucio\" \/>\n\t\t\t\t<\/div>\n\t\t\t<div  class=\"ms-slide\" data-delay=\"3\"    >\n\t\t\t\t\t<img decoding=\"async\" src=\"https:\/\/mont-roig.cat\/wp-content\/plugins\/masterslider\/public\/assets\/css\/blank.gif\" alt=\"Ple constitucio 5\" title=\"Ple constitucio 5\" data-src=\"https:\/\/mont-roig.cat\/wp-content\/uploadsArray\" \/>\n\t<a href=\"https:\/\/mont-roig.cat\/es\/actualitat\/noticies\/fran-morancho-reelegit-alcalde-de-mont-roig-del-camp\/ple-constitucio-5-2\/\" target=\"_self\"    >Ple constitucio 5<\/a>\n\n\t\t\t\t\t<div class=\"ms-info\">Ple constitucio 5<\/div>\n\n\n\t<img decoding=\"async\" class=\"ms-thumb\" src=\"https:\/\/mont-roig.cat\/wp-content\/uploadsArray\" alt=\"Ple constitucio 5\" \/>\n\t\t\t\t<\/div>\n\t\t\t<div  class=\"ms-slide\" data-delay=\"3\"    >\n\t\t\t\t\t<img decoding=\"async\" src=\"https:\/\/mont-roig.cat\/wp-content\/plugins\/masterslider\/public\/assets\/css\/blank.gif\" alt=\"Ple constituci\u00f3 Ajuntament Mont-roig del Camp\" title=\"Ple constituci\u00f3 Ajuntament Mont-roig del Camp\" data-src=\"https:\/\/mont-roig.cat\/wp-content\/uploadsArray\" \/>\n\t<a href=\"https:\/\/mont-roig.cat\/es\/actualitat\/noticies\/fran-morancho-reelegit-alcalde-de-mont-roig-del-camp\/ple-constitucio-ajuntament-mont-roig-del-camp-2\/\" target=\"_self\"    >Ple constituci\u00f3 Ajuntament Mont-roig del Camp<\/a>\n\n\t\t\t\t\t<div class=\"ms-info\">Ple constituci\u00f3 Ajuntament Mont-roig del Camp<\/div>\n\n\n\t<img decoding=\"async\" class=\"ms-thumb\" src=\"https:\/\/mont-roig.cat\/wp-content\/uploadsArray\" alt=\"Ple constituci\u00f3 Ajuntament Mont-roig del Camp\" \/>\n\t\t\t\t<\/div>\n\t\t\t<div  class=\"ms-slide\" data-delay=\"3\"    >\n\t\t\t\t\t<img decoding=\"async\" src=\"https:\/\/mont-roig.cat\/wp-content\/plugins\/masterslider\/public\/assets\/css\/blank.gif\" alt=\"Ple constitucio 6\" title=\"Ple constitucio 6\" data-src=\"https:\/\/mont-roig.cat\/wp-content\/uploadsArray\" \/>\n\t<a href=\"https:\/\/mont-roig.cat\/es\/actualitat\/noticies\/fran-morancho-reelegit-alcalde-de-mont-roig-del-camp\/ple-constitucio-6-2\/\" target=\"_self\"    >Ple constitucio 6<\/a>\n\n\t\t\t\t\t<div class=\"ms-info\">Ple constitucio 6<\/div>\n\n\n\t<img decoding=\"async\" class=\"ms-thumb\" src=\"https:\/\/mont-roig.cat\/wp-content\/uploadsArray\" alt=\"Ple constitucio 6\" \/>\n\t\t\t\t<\/div>\n\t\t\t<div  class=\"ms-slide\" data-delay=\"3\"    >\n\t\t\t\t\t<img decoding=\"async\" src=\"https:\/\/mont-roig.cat\/wp-content\/plugins\/masterslider\/public\/assets\/css\/blank.gif\" alt=\"Ple investidura\" title=\"Ple investidura\" data-src=\"https:\/\/mont-roig.cat\/wp-content\/uploadsArray\" \/>\n\t<a href=\"https:\/\/mont-roig.cat\/es\/actualitat\/noticies\/fran-morancho-reelegit-alcalde-de-mont-roig-del-camp\/ple-investidura-2\/\" target=\"_self\"    >Ple investidura<\/a>\n\n\t\t\t\t\t<div class=\"ms-info\">Ple investidura<\/div>\n\n\n\t<img decoding=\"async\" class=\"ms-thumb\" src=\"https:\/\/mont-roig.cat\/wp-content\/uploadsArray\" alt=\"Ple investidura\" \/>\n\t\t\t\t<\/div>\n\t\t\t<div  class=\"ms-slide\" data-delay=\"3\"    >\n\t\t\t\t\t<img decoding=\"async\" src=\"https:\/\/mont-roig.cat\/wp-content\/plugins\/masterslider\/public\/assets\/css\/blank.gif\" alt=\"Ple constituci\u00f3 Ajuntament Mont-roig del Camp_2\" title=\"Ple constituci\u00f3 Ajuntament Mont-roig del Camp_2\" data-src=\"https:\/\/mont-roig.cat\/wp-content\/uploadsArray\" \/>\n\t<a href=\"https:\/\/mont-roig.cat\/es\/actualitat\/noticies\/fran-morancho-reelegit-alcalde-de-mont-roig-del-camp\/ple-constitucio-ajuntament-mont-roig-del-camp_2-2\/\" target=\"_self\"    >Ple constituci\u00f3 Ajuntament Mont-roig del Camp_2<\/a>\n\n\t\t\t\t\t<div class=\"ms-info\">Ple constituci\u00f3 Ajuntament Mont-roig del Camp_2<\/div>\n\n\n\t<img decoding=\"async\" class=\"ms-thumb\" src=\"https:\/\/mont-roig.cat\/wp-content\/uploadsArray\" alt=\"Ple constituci\u00f3 Ajuntament Mont-roig del Camp_2\" \/>\n\t\t\t\t<\/div>\n\n\t\t\t<\/div>\n\t\t\t<!-- END MasterSlider Main -->\n\n\t\t\t \n\t\t<\/div>\n\t\t<!-- END MasterSlider -->\n\n\t\t<script>\n\t\t( window.MSReady = window.MSReady || [] ).push( function( $ ) {\n\n\t\t\t\"use strict\";\n\t\t\tvar masterslider_b590 = new MasterSlider();\n\n\t\t\t\/\/ slider controls\n\t\t\tmasterslider_b590.control('arrows'     ,{ autohide:true, overVideo:true  });\n\t\t\tmasterslider_b590.control('thumblist'  ,{ autohide:false, overVideo:true, dir:'h', speed:17, inset:false, arrows:false, hover:false, customClass:'', align:'bottom',type:'thumbs', margin:2, width:140, height:80, space:2, fillMode:'fill'  });\n\t\t\tmasterslider_b590.control('slideinfo'  ,{ autohide:true, overVideo:true, dir:'h', align:'bottom',inset:true , margin:80  , size:30 });\n\t\t\t\/\/ slider setup\n\t\t\tmasterslider_b590.setup(\"MS69f257f45b590\", {\n\t\t\t\twidth           : 960,\n\t\t\t\theight          : 540,\n\t\t\t\tminHeight       : 0,\n\t\t\t\tspace           : 0,\n\t\t\t\tstart           : 1,\n\t\t\t\tgrabCursor      : true,\n\t\t\t\tswipe           : true,\n\t\t\t\tmouse           : true,\n\t\t\t\tkeyboard        : false,\n\t\t\t\tlayout          : \"fillwidth\",\n\t\t\t\twheel           : false,\n\t\t\t\tautoplay        : false,\n                instantStartLayers:false,\n\t\t\t\tmobileBGVideo:false,\n\t\t\t\tloop            : false,\n\t\t\t\tshuffle         : false,\n\t\t\t\tpreload         : 3,\n\t\t\t\theightLimit     : false,\n\t\t\t\tautoHeight      : false,\n\t\t\t\tsmoothHeight    : true,\n\t\t\t\tendPause        : false,\n\t\t\t\toverPause       : false,\n\t\t\t\tfillMode        : \"fill\",\n\t\t\t\tcenterControls  : true,\n\t\t\t\tstartOnAppear   : false,\n\t\t\t\tlayersMode      : \"center\",\n\t\t\t\tautofillTarget  : \"\",\n\t\t\t\thideLayers      : false,\n\t\t\t\tfullscreenMargin: 0,\n\t\t\t\tspeed           : 17,\n\t\t\t\tdir             : \"h\",\n\t\t\t\tparallaxMode    : 'swipe',\n\t\t\t\tview            : \"basic\"\n\t\t\t});\n\n\t\t\t\n\t\t\twindow.masterslider_instances = window.masterslider_instances || [];\n\t\t\twindow.masterslider_instances.push( masterslider_b590 );\n\t\t});\n\t\t<\/script>\n\n\n<p>&nbsp;<\/p>\n","protected":false},"excerpt":{"rendered":"<p>Ha vuelto a revalidar la alcald\u00eda con el apoyo de los concejales electos del PSC y de IMM con los que gobernar\u00e1 con coalici\u00f3n En su discurso despu\u00e9s de ser investido alcalde ha anunciado un plan de mandato continuista, con los grandes proyectos de promoci\u00f3n econ\u00f3mica puestos en marcha y retos de transformaci\u00f3n del espacio [&hellip;]<\/p>\n","protected":false},"author":13,"featured_media":70819,"comment_status":"closed","ping_status":"closed","sticky":false,"template":"","format":"standard","meta":{"inline_featured_image":false,"_monsterinsights_skip_tracking":false,"_monsterinsights_sitenote_active":false,"_monsterinsights_sitenote_note":"","_monsterinsights_sitenote_category":0,"footnotes":""},"categories":[156,98,240],"tags":[],"class_list":["post-70840","post","type-post","status-publish","format-standard","has-post-thumbnail","hentry","category-alcalde-es","category-ayuntamiento","category-lotte-es"],"yoast_head":"<!-- This site is optimized with the Yoast SEO plugin v27.4 - https:\/\/yoast.com\/product\/yoast-seo-wordpress\/ -->\n<title>Fran Morancho, reelegido alcalde de Mont-roig del Camp - Ajuntament de Mont-roig del Camp<\/title>\n<meta name=\"robots\" content=\"index, follow, max-snippet:-1, max-image-preview:large, max-video-preview:-1\" \/>\n<link rel=\"canonical\" href=\"https:\/\/mont-roig.cat\/es\/actualitat\/noticies\/fran-morancho-reelegit-alcalde-de-mont-roig-del-camp\/\" \/>\n<meta property=\"og:locale\" content=\"es_ES\" \/>\n<meta property=\"og:type\" content=\"article\" \/>\n<meta property=\"og:title\" content=\"Fran Morancho, reelegido alcalde de Mont-roig del Camp - Ajuntament de Mont-roig del Camp\" \/>\n<meta property=\"og:description\" content=\"Ha vuelto a revalidar la alcald\u00eda con el apoyo de los concejales electos del PSC y de IMM con los que gobernar\u00e1 con coalici\u00f3n En su discurso despu\u00e9s de ser investido alcalde ha anunciado un plan de mandato continuista, con los grandes proyectos de promoci\u00f3n econ\u00f3mica puestos en marcha y retos de transformaci\u00f3n del espacio [&hellip;]\" \/>\n<meta property=\"og:url\" content=\"https:\/\/mont-roig.cat\/es\/actualitat\/noticies\/fran-morancho-reelegit-alcalde-de-mont-roig-del-camp\/\" \/>\n<meta property=\"og:site_name\" content=\"Ajuntament de Mont-roig del Camp\" \/>\n<meta property=\"article:published_time\" content=\"2023-06-17T11:39:33+00:00\" \/>\n<meta property=\"article:modified_time\" content=\"2024-02-09T13:49:18+00:00\" \/>\n<meta property=\"og:image\" content=\"https:\/\/mont-roig.cat\/wp-content\/uploads\/ple-constitucio24.jpeg\" \/>\n\t<meta property=\"og:image:width\" content=\"1620\" \/>\n\t<meta property=\"og:image:height\" content=\"1080\" \/>\n\t<meta property=\"og:image:type\" content=\"image\/jpeg\" \/>\n<meta name=\"author\" content=\"comunicacio\" \/>\n<meta name=\"twitter:card\" content=\"summary_large_image\" \/>\n<meta name=\"twitter:label1\" content=\"Escrito por\" \/>\n\t<meta name=\"twitter:data1\" content=\"comunicacio\" \/>\n\t<meta name=\"twitter:label2\" content=\"Tiempo de lectura\" \/>\n\t<meta name=\"twitter:data2\" content=\"6 minutos\" \/>\n<script type=\"application\/ld+json\" class=\"yoast-schema-graph\">{\"@context\":\"https:\\\/\\\/schema.org\",\"@graph\":[{\"@type\":\"Article\",\"@id\":\"https:\\\/\\\/mont-roig.cat\\\/es\\\/actualitat\\\/noticies\\\/fran-morancho-reelegit-alcalde-de-mont-roig-del-camp\\\/#article\",\"isPartOf\":{\"@id\":\"https:\\\/\\\/mont-roig.cat\\\/es\\\/actualitat\\\/noticies\\\/fran-morancho-reelegit-alcalde-de-mont-roig-del-camp\\\/\"},\"author\":{\"name\":\"comunicacio\",\"@id\":\"https:\\\/\\\/mont-roig.cat\\\/es\\\/#\\\/schema\\\/person\\\/1f73e7b5e6f9dd122e8a6f14f310ac5e\"},\"headline\":\"Fran Morancho, reelegido alcalde de Mont-roig del Camp\",\"datePublished\":\"2023-06-17T11:39:33+00:00\",\"dateModified\":\"2024-02-09T13:49:18+00:00\",\"mainEntityOfPage\":{\"@id\":\"https:\\\/\\\/mont-roig.cat\\\/es\\\/actualitat\\\/noticies\\\/fran-morancho-reelegit-alcalde-de-mont-roig-del-camp\\\/\"},\"wordCount\":1072,\"image\":{\"@id\":\"https:\\\/\\\/mont-roig.cat\\\/es\\\/actualitat\\\/noticies\\\/fran-morancho-reelegit-alcalde-de-mont-roig-del-camp\\\/#primaryimage\"},\"thumbnailUrl\":\"https:\\\/\\\/mont-roig.cat\\\/wp-content\\\/uploads\\\/ple-constitucio24.jpeg\",\"articleSection\":[\"Alcalde\",\"Ayuntamiento\",\"Lotte\"],\"inLanguage\":\"es\"},{\"@type\":\"WebPage\",\"@id\":\"https:\\\/\\\/mont-roig.cat\\\/es\\\/actualitat\\\/noticies\\\/fran-morancho-reelegit-alcalde-de-mont-roig-del-camp\\\/\",\"url\":\"https:\\\/\\\/mont-roig.cat\\\/es\\\/actualitat\\\/noticies\\\/fran-morancho-reelegit-alcalde-de-mont-roig-del-camp\\\/\",\"name\":\"Fran Morancho, reelegido alcalde de Mont-roig del Camp - Ajuntament de Mont-roig del Camp\",\"isPartOf\":{\"@id\":\"https:\\\/\\\/mont-roig.cat\\\/es\\\/#website\"},\"primaryImageOfPage\":{\"@id\":\"https:\\\/\\\/mont-roig.cat\\\/es\\\/actualitat\\\/noticies\\\/fran-morancho-reelegit-alcalde-de-mont-roig-del-camp\\\/#primaryimage\"},\"image\":{\"@id\":\"https:\\\/\\\/mont-roig.cat\\\/es\\\/actualitat\\\/noticies\\\/fran-morancho-reelegit-alcalde-de-mont-roig-del-camp\\\/#primaryimage\"},\"thumbnailUrl\":\"https:\\\/\\\/mont-roig.cat\\\/wp-content\\\/uploads\\\/ple-constitucio24.jpeg\",\"datePublished\":\"2023-06-17T11:39:33+00:00\",\"dateModified\":\"2024-02-09T13:49:18+00:00\",\"author\":{\"@id\":\"https:\\\/\\\/mont-roig.cat\\\/es\\\/#\\\/schema\\\/person\\\/1f73e7b5e6f9dd122e8a6f14f310ac5e\"},\"breadcrumb\":{\"@id\":\"https:\\\/\\\/mont-roig.cat\\\/es\\\/actualitat\\\/noticies\\\/fran-morancho-reelegit-alcalde-de-mont-roig-del-camp\\\/#breadcrumb\"},\"inLanguage\":\"es\",\"potentialAction\":[{\"@type\":\"ReadAction\",\"target\":[\"https:\\\/\\\/mont-roig.cat\\\/es\\\/actualitat\\\/noticies\\\/fran-morancho-reelegit-alcalde-de-mont-roig-del-camp\\\/\"]}]},{\"@type\":\"ImageObject\",\"inLanguage\":\"es\",\"@id\":\"https:\\\/\\\/mont-roig.cat\\\/es\\\/actualitat\\\/noticies\\\/fran-morancho-reelegit-alcalde-de-mont-roig-del-camp\\\/#primaryimage\",\"url\":\"https:\\\/\\\/mont-roig.cat\\\/wp-content\\\/uploads\\\/ple-constitucio24.jpeg\",\"contentUrl\":\"https:\\\/\\\/mont-roig.cat\\\/wp-content\\\/uploads\\\/ple-constitucio24.jpeg\",\"width\":1620,\"height\":1080},{\"@type\":\"BreadcrumbList\",\"@id\":\"https:\\\/\\\/mont-roig.cat\\\/es\\\/actualitat\\\/noticies\\\/fran-morancho-reelegit-alcalde-de-mont-roig-del-camp\\\/#breadcrumb\",\"itemListElement\":[{\"@type\":\"ListItem\",\"position\":1,\"name\":\"Inici\",\"item\":\"https:\\\/\\\/mont-roig.cat\\\/es\\\/pagina-de-inicio\\\/\"},{\"@type\":\"ListItem\",\"position\":2,\"name\":\"Fran Morancho, reelegido alcalde de Mont-roig del Camp\"}]},{\"@type\":\"WebSite\",\"@id\":\"https:\\\/\\\/mont-roig.cat\\\/es\\\/#website\",\"url\":\"https:\\\/\\\/mont-roig.cat\\\/es\\\/\",\"name\":\"Ajuntament de Mont-roig del Camp\",\"description\":\"Tota la informaci\u00f3 sobre la instituci\u00f3, els seus \u00f2rgans de govern, actualitat, serveis i molt m\u00e9s.\",\"potentialAction\":[{\"@type\":\"SearchAction\",\"target\":{\"@type\":\"EntryPoint\",\"urlTemplate\":\"https:\\\/\\\/mont-roig.cat\\\/es\\\/?s={search_term_string}\"},\"query-input\":{\"@type\":\"PropertyValueSpecification\",\"valueRequired\":true,\"valueName\":\"search_term_string\"}}],\"inLanguage\":\"es\"},{\"@type\":\"Person\",\"@id\":\"https:\\\/\\\/mont-roig.cat\\\/es\\\/#\\\/schema\\\/person\\\/1f73e7b5e6f9dd122e8a6f14f310ac5e\",\"name\":\"comunicacio\",\"image\":{\"@type\":\"ImageObject\",\"inLanguage\":\"es\",\"@id\":\"https:\\\/\\\/secure.gravatar.com\\\/avatar\\\/98944333e7a877670a64f8d10f0cb680ab2c9ebc4efc43945ef004b52b5ad28c?s=96&d=mm&r=g\",\"url\":\"https:\\\/\\\/secure.gravatar.com\\\/avatar\\\/98944333e7a877670a64f8d10f0cb680ab2c9ebc4efc43945ef004b52b5ad28c?s=96&d=mm&r=g\",\"contentUrl\":\"https:\\\/\\\/secure.gravatar.com\\\/avatar\\\/98944333e7a877670a64f8d10f0cb680ab2c9ebc4efc43945ef004b52b5ad28c?s=96&d=mm&r=g\",\"caption\":\"comunicacio\"},\"url\":\"https:\\\/\\\/mont-roig.cat\\\/es\\\/actualitat\\\/noticies\\\/author\\\/comunicacio\\\/\"}]}<\/script>\n<!-- \/ Yoast SEO plugin. -->","yoast_head_json":{"title":"Fran Morancho, reelegido alcalde de Mont-roig del Camp - Ajuntament de Mont-roig del Camp","robots":{"index":"index","follow":"follow","max-snippet":"max-snippet:-1","max-image-preview":"max-image-preview:large","max-video-preview":"max-video-preview:-1"},"canonical":"https:\/\/mont-roig.cat\/es\/actualitat\/noticies\/fran-morancho-reelegit-alcalde-de-mont-roig-del-camp\/","og_locale":"es_ES","og_type":"article","og_title":"Fran Morancho, reelegido alcalde de Mont-roig del Camp - Ajuntament de Mont-roig del Camp","og_description":"Ha vuelto a revalidar la alcald\u00eda con el apoyo de los concejales electos del PSC y de IMM con los que gobernar\u00e1 con coalici\u00f3n En su discurso despu\u00e9s de ser investido alcalde ha anunciado un plan de mandato continuista, con los grandes proyectos de promoci\u00f3n econ\u00f3mica puestos en marcha y retos de transformaci\u00f3n del espacio [&hellip;]","og_url":"https:\/\/mont-roig.cat\/es\/actualitat\/noticies\/fran-morancho-reelegit-alcalde-de-mont-roig-del-camp\/","og_site_name":"Ajuntament de Mont-roig del Camp","article_published_time":"2023-06-17T11:39:33+00:00","article_modified_time":"2024-02-09T13:49:18+00:00","og_image":[{"width":1620,"height":1080,"url":"https:\/\/mont-roig.cat\/wp-content\/uploads\/ple-constitucio24.jpeg","type":"image\/jpeg"}],"author":"comunicacio","twitter_card":"summary_large_image","twitter_misc":{"Escrito por":"comunicacio","Tiempo de lectura":"6 minutos"},"schema":{"@context":"https:\/\/schema.org","@graph":[{"@type":"Article","@id":"https:\/\/mont-roig.cat\/es\/actualitat\/noticies\/fran-morancho-reelegit-alcalde-de-mont-roig-del-camp\/#article","isPartOf":{"@id":"https:\/\/mont-roig.cat\/es\/actualitat\/noticies\/fran-morancho-reelegit-alcalde-de-mont-roig-del-camp\/"},"author":{"name":"comunicacio","@id":"https:\/\/mont-roig.cat\/es\/#\/schema\/person\/1f73e7b5e6f9dd122e8a6f14f310ac5e"},"headline":"Fran Morancho, reelegido alcalde de Mont-roig del Camp","datePublished":"2023-06-17T11:39:33+00:00","dateModified":"2024-02-09T13:49:18+00:00","mainEntityOfPage":{"@id":"https:\/\/mont-roig.cat\/es\/actualitat\/noticies\/fran-morancho-reelegit-alcalde-de-mont-roig-del-camp\/"},"wordCount":1072,"image":{"@id":"https:\/\/mont-roig.cat\/es\/actualitat\/noticies\/fran-morancho-reelegit-alcalde-de-mont-roig-del-camp\/#primaryimage"},"thumbnailUrl":"https:\/\/mont-roig.cat\/wp-content\/uploads\/ple-constitucio24.jpeg","articleSection":["Alcalde","Ayuntamiento","Lotte"],"inLanguage":"es"},{"@type":"WebPage","@id":"https:\/\/mont-roig.cat\/es\/actualitat\/noticies\/fran-morancho-reelegit-alcalde-de-mont-roig-del-camp\/","url":"https:\/\/mont-roig.cat\/es\/actualitat\/noticies\/fran-morancho-reelegit-alcalde-de-mont-roig-del-camp\/","name":"Fran Morancho, reelegido alcalde de Mont-roig del Camp - Ajuntament de Mont-roig del Camp","isPartOf":{"@id":"https:\/\/mont-roig.cat\/es\/#website"},"primaryImageOfPage":{"@id":"https:\/\/mont-roig.cat\/es\/actualitat\/noticies\/fran-morancho-reelegit-alcalde-de-mont-roig-del-camp\/#primaryimage"},"image":{"@id":"https:\/\/mont-roig.cat\/es\/actualitat\/noticies\/fran-morancho-reelegit-alcalde-de-mont-roig-del-camp\/#primaryimage"},"thumbnailUrl":"https:\/\/mont-roig.cat\/wp-content\/uploads\/ple-constitucio24.jpeg","datePublished":"2023-06-17T11:39:33+00:00","dateModified":"2024-02-09T13:49:18+00:00","author":{"@id":"https:\/\/mont-roig.cat\/es\/#\/schema\/person\/1f73e7b5e6f9dd122e8a6f14f310ac5e"},"breadcrumb":{"@id":"https:\/\/mont-roig.cat\/es\/actualitat\/noticies\/fran-morancho-reelegit-alcalde-de-mont-roig-del-camp\/#breadcrumb"},"inLanguage":"es","potentialAction":[{"@type":"ReadAction","target":["https:\/\/mont-roig.cat\/es\/actualitat\/noticies\/fran-morancho-reelegit-alcalde-de-mont-roig-del-camp\/"]}]},{"@type":"ImageObject","inLanguage":"es","@id":"https:\/\/mont-roig.cat\/es\/actualitat\/noticies\/fran-morancho-reelegit-alcalde-de-mont-roig-del-camp\/#primaryimage","url":"https:\/\/mont-roig.cat\/wp-content\/uploads\/ple-constitucio24.jpeg","contentUrl":"https:\/\/mont-roig.cat\/wp-content\/uploads\/ple-constitucio24.jpeg","width":1620,"height":1080},{"@type":"BreadcrumbList","@id":"https:\/\/mont-roig.cat\/es\/actualitat\/noticies\/fran-morancho-reelegit-alcalde-de-mont-roig-del-camp\/#breadcrumb","itemListElement":[{"@type":"ListItem","position":1,"name":"Inici","item":"https:\/\/mont-roig.cat\/es\/pagina-de-inicio\/"},{"@type":"ListItem","position":2,"name":"Fran Morancho, reelegido alcalde de Mont-roig del Camp"}]},{"@type":"WebSite","@id":"https:\/\/mont-roig.cat\/es\/#website","url":"https:\/\/mont-roig.cat\/es\/","name":"Ajuntament de Mont-roig del Camp","description":"Tota la informaci\u00f3 sobre la instituci\u00f3, els seus \u00f2rgans de govern, actualitat, serveis i molt m\u00e9s.","potentialAction":[{"@type":"SearchAction","target":{"@type":"EntryPoint","urlTemplate":"https:\/\/mont-roig.cat\/es\/?s={search_term_string}"},"query-input":{"@type":"PropertyValueSpecification","valueRequired":true,"valueName":"search_term_string"}}],"inLanguage":"es"},{"@type":"Person","@id":"https:\/\/mont-roig.cat\/es\/#\/schema\/person\/1f73e7b5e6f9dd122e8a6f14f310ac5e","name":"comunicacio","image":{"@type":"ImageObject","inLanguage":"es","@id":"https:\/\/secure.gravatar.com\/avatar\/98944333e7a877670a64f8d10f0cb680ab2c9ebc4efc43945ef004b52b5ad28c?s=96&d=mm&r=g","url":"https:\/\/secure.gravatar.com\/avatar\/98944333e7a877670a64f8d10f0cb680ab2c9ebc4efc43945ef004b52b5ad28c?s=96&d=mm&r=g","contentUrl":"https:\/\/secure.gravatar.com\/avatar\/98944333e7a877670a64f8d10f0cb680ab2c9ebc4efc43945ef004b52b5ad28c?s=96&d=mm&r=g","caption":"comunicacio"},"url":"https:\/\/mont-roig.cat\/es\/actualitat\/noticies\/author\/comunicacio\/"}]}},"_links":{"self":[{"href":"https:\/\/mont-roig.cat\/es\/wp-json\/wp\/v2\/posts\/70840","targetHints":{"allow":["GET"]}}],"collection":[{"href":"https:\/\/mont-roig.cat\/es\/wp-json\/wp\/v2\/posts"}],"about":[{"href":"https:\/\/mont-roig.cat\/es\/wp-json\/wp\/v2\/types\/post"}],"author":[{"embeddable":true,"href":"https:\/\/mont-roig.cat\/es\/wp-json\/wp\/v2\/users\/13"}],"replies":[{"embeddable":true,"href":"https:\/\/mont-roig.cat\/es\/wp-json\/wp\/v2\/comments?post=70840"}],"version-history":[{"count":8,"href":"https:\/\/mont-roig.cat\/es\/wp-json\/wp\/v2\/posts\/70840\/revisions"}],"predecessor-version":[{"id":70862,"href":"https:\/\/mont-roig.cat\/es\/wp-json\/wp\/v2\/posts\/70840\/revisions\/70862"}],"wp:featuredmedia":[{"embeddable":true,"href":"https:\/\/mont-roig.cat\/es\/wp-json\/wp\/v2\/media\/70819"}],"wp:attachment":[{"href":"https:\/\/mont-roig.cat\/es\/wp-json\/wp\/v2\/media?parent=70840"}],"wp:term":[{"taxonomy":"category","embeddable":true,"href":"https:\/\/mont-roig.cat\/es\/wp-json\/wp\/v2\/categories?post=70840"},{"taxonomy":"post_tag","embeddable":true,"href":"https:\/\/mont-roig.cat\/es\/wp-json\/wp\/v2\/tags?post=70840"}],"curies":[{"name":"wp","href":"https:\/\/api.w.org\/{rel}","templated":true}]}}