{"id":70882,"date":"2023-06-19T17:23:44","date_gmt":"2023-06-19T15:23:44","guid":{"rendered":"https:\/\/mont-roig.cat\/actualitat\/noticies\/comencen-les-inscripcions-per-al-transport-escolar-que-sallargaran-fins-al-31-de-juliol\/"},"modified":"2023-06-19T17:36:21","modified_gmt":"2023-06-19T15:36:21","slug":"empiezan-las-inscripciones-para-el-transporte-escolar-que-se-alargaran-hasta-el-31-de-julio","status":"publish","type":"post","link":"https:\/\/mont-roig.cat\/es\/actualitat\/noticies\/empiezan-las-inscripciones-para-el-transporte-escolar-que-se-alargaran-hasta-el-31-de-julio\/","title":{"rendered":"Empiezan las inscripciones del transporte escolar que se alargar\u00e1n hasta el 31 de julio"},"content":{"rendered":"<p><strong><strong><a href=\"https:\/\/mont-roig.cat\/wp-content\/uploads\/Imatge-transport-escolar-1.jpg\" target=\"_blank\" rel=\"noopener\"><img loading=\"lazy\" decoding=\"async\" class=\"alignright wp-image-70877\" src=\"https:\/\/mont-roig.cat\/wp-content\/uploads\/Imatge-transport-escolar-1-500x374.jpg\" alt=\"\" width=\"297\" height=\"222\" srcset=\"https:\/\/mont-roig.cat\/wp-content\/uploads\/Imatge-transport-escolar-1-500x374.jpg 500w, https:\/\/mont-roig.cat\/wp-content\/uploads\/Imatge-transport-escolar-1-1024x765.jpg 1024w, https:\/\/mont-roig.cat\/wp-content\/uploads\/Imatge-transport-escolar-1-768x574.jpg 768w, https:\/\/mont-roig.cat\/wp-content\/uploads\/Imatge-transport-escolar-1-463x348.jpg 463w, https:\/\/mont-roig.cat\/wp-content\/uploads\/Imatge-transport-escolar-1.jpg 1200w\" sizes=\"auto, (max-width: 297px) 100vw, 297px\" \/><\/a><\/strong><\/strong><\/p>\n<ul>\n<li><strong>Desde este lunes se puede solicitar plaza en el transporte escolar desde infantil (3 a\u00f1os) hasta estudios postobligatorios<\/strong><\/li>\n<\/ul>\n<p>Desde este lunes hasta el 31 de agosto se pueden solicitar las inscripciones para transporte escolar desde infantil (3 a\u00f1os) hasta los estudios postobligatorios.<\/p>\n<p>La inscripci\u00f3n se puede realizar de forma telem\u00e1tica a trav\u00e9s de la Sede electr\u00f3nica del Ayuntamiento <a href=\"https:\/\/mont-roig.eadministracio.cat\" target=\"_blank\" rel=\"noopener\">https:\/\/mont-roig.eadministracio.cat<\/a>, en el apartado de cat\u00e1logo de tr\u00e1mites de Educaci\u00f3n, Cultura y Deportes. Instancia titulada \u201cTransporte escolar por estudios infantiles y obligatorios (infantil, primaria y ESO) Curso 2023-2024\u201d o \u201cTransporte escolar por estudios no obligatorios (BAT y CFGM) Curso 2023-2024\u201d .<\/p>\n<p>En caso de que el tr\u00e1mite no se pueda realizar de forma telem\u00e1tica, cuando el ciudadano no disponga de los medios necesarios para realizar la tramitaci\u00f3n, podr\u00e1n realizarla de forma presencial en las OMAC con la asistencia del personal de la OME, solicitando cita previa en la web municipal<a href=\"https:\/\/citaprevia.mont-roig.cat\/mont-roig\/\" target=\"_blank\" rel=\"noopener\"> https:\/\/citaprevia.mont-roig.cat\/mont-roig\/<\/a> o llamando al tel\u00e9fono 977 17 28 65 \u2013 677724637.<\/p>\n","protected":false},"excerpt":{"rendered":"<p>Desde este lunes se puede solicitar plaza en el transporte escolar desde infantil (3 a\u00f1os) hasta estudios postobligatorios Desde este lunes hasta el 31 de agosto se pueden solicitar las inscripciones para transporte escolar desde infantil (3 a\u00f1os) hasta los estudios postobligatorios. La inscripci\u00f3n se puede realizar de forma telem\u00e1tica a trav\u00e9s de la Sede [&hellip;]<\/p>\n","protected":false},"author":13,"featured_media":70878,"comment_status":"closed","ping_status":"closed","sticky":false,"template":"","format":"standard","meta":{"inline_featured_image":false,"_monsterinsights_skip_tracking":false,"_monsterinsights_sitenote_active":false,"_monsterinsights_sitenote_note":"","_monsterinsights_sitenote_category":0,"footnotes":""},"categories":[98,103],"tags":[],"class_list":["post-70882","post","type-post","status-publish","format-standard","has-post-thumbnail","hentry","category-ayuntamiento","category-educacion"],"yoast_head":"<!-- This site is optimized with the Yoast SEO plugin v27.4 - https:\/\/yoast.com\/product\/yoast-seo-wordpress\/ -->\n<title>Empiezan las inscripciones del transporte escolar que se alargar\u00e1n hasta el 31 de julio - Ajuntament de Mont-roig del Camp<\/title>\n<meta name=\"robots\" content=\"index, follow, max-snippet:-1, max-image-preview:large, max-video-preview:-1\" \/>\n<link rel=\"canonical\" href=\"https:\/\/mont-roig.cat\/es\/actualitat\/noticies\/empiezan-las-inscripciones-para-el-transporte-escolar-que-se-alargaran-hasta-el-31-de-julio\/\" \/>\n<meta property=\"og:locale\" content=\"es_ES\" \/>\n<meta property=\"og:type\" content=\"article\" \/>\n<meta property=\"og:title\" content=\"Empiezan las inscripciones del transporte escolar que se alargar\u00e1n hasta el 31 de julio - Ajuntament de Mont-roig del Camp\" \/>\n<meta property=\"og:description\" content=\"Desde este lunes se puede solicitar plaza en el transporte escolar desde infantil (3 a\u00f1os) hasta estudios postobligatorios Desde este lunes hasta el 31 de agosto se pueden solicitar las inscripciones para transporte escolar desde infantil (3 a\u00f1os) hasta los estudios postobligatorios. La inscripci\u00f3n se puede realizar de forma telem\u00e1tica a trav\u00e9s de la Sede [&hellip;]\" \/>\n<meta property=\"og:url\" content=\"https:\/\/mont-roig.cat\/es\/actualitat\/noticies\/empiezan-las-inscripciones-para-el-transporte-escolar-que-se-alargaran-hasta-el-31-de-julio\/\" \/>\n<meta property=\"og:site_name\" content=\"Ajuntament de Mont-roig del Camp\" \/>\n<meta property=\"article:published_time\" content=\"2023-06-19T15:23:44+00:00\" \/>\n<meta property=\"article:modified_time\" content=\"2023-06-19T15:36:21+00:00\" \/>\n<meta property=\"og:image\" content=\"https:\/\/mont-roig.cat\/wp-content\/uploads\/Imatge-transport-escolar-1.jpg\" \/>\n\t<meta property=\"og:image:width\" content=\"1200\" \/>\n\t<meta property=\"og:image:height\" content=\"897\" \/>\n\t<meta property=\"og:image:type\" content=\"image\/jpeg\" \/>\n<meta name=\"author\" content=\"comunicacio\" \/>\n<meta name=\"twitter:card\" content=\"summary_large_image\" \/>\n<meta name=\"twitter:label1\" content=\"Escrito por\" \/>\n\t<meta name=\"twitter:data1\" content=\"comunicacio\" \/>\n\t<meta name=\"twitter:label2\" content=\"Tiempo de lectura\" \/>\n\t<meta name=\"twitter:data2\" content=\"2 minutos\" \/>\n<script type=\"application\/ld+json\" class=\"yoast-schema-graph\">{\"@context\":\"https:\\\/\\\/schema.org\",\"@graph\":[{\"@type\":\"Article\",\"@id\":\"https:\\\/\\\/mont-roig.cat\\\/es\\\/actualitat\\\/noticies\\\/empiezan-las-inscripciones-para-el-transporte-escolar-que-se-alargaran-hasta-el-31-de-julio\\\/#article\",\"isPartOf\":{\"@id\":\"https:\\\/\\\/mont-roig.cat\\\/es\\\/actualitat\\\/noticies\\\/empiezan-las-inscripciones-para-el-transporte-escolar-que-se-alargaran-hasta-el-31-de-julio\\\/\"},\"author\":{\"name\":\"comunicacio\",\"@id\":\"https:\\\/\\\/mont-roig.cat\\\/es\\\/#\\\/schema\\\/person\\\/1f73e7b5e6f9dd122e8a6f14f310ac5e\"},\"headline\":\"Empiezan las inscripciones del transporte escolar que se alargar\u00e1n hasta el 31 de julio\",\"datePublished\":\"2023-06-19T15:23:44+00:00\",\"dateModified\":\"2023-06-19T15:36:21+00:00\",\"mainEntityOfPage\":{\"@id\":\"https:\\\/\\\/mont-roig.cat\\\/es\\\/actualitat\\\/noticies\\\/empiezan-las-inscripciones-para-el-transporte-escolar-que-se-alargaran-hasta-el-31-de-julio\\\/\"},\"wordCount\":184,\"image\":{\"@id\":\"https:\\\/\\\/mont-roig.cat\\\/es\\\/actualitat\\\/noticies\\\/empiezan-las-inscripciones-para-el-transporte-escolar-que-se-alargaran-hasta-el-31-de-julio\\\/#primaryimage\"},\"thumbnailUrl\":\"https:\\\/\\\/mont-roig.cat\\\/wp-content\\\/uploads\\\/Imatge-transport-escolar-1.jpg\",\"articleSection\":[\"Ayuntamiento\",\"Educaci\u00f3n\"],\"inLanguage\":\"es\"},{\"@type\":\"WebPage\",\"@id\":\"https:\\\/\\\/mont-roig.cat\\\/es\\\/actualitat\\\/noticies\\\/empiezan-las-inscripciones-para-el-transporte-escolar-que-se-alargaran-hasta-el-31-de-julio\\\/\",\"url\":\"https:\\\/\\\/mont-roig.cat\\\/es\\\/actualitat\\\/noticies\\\/empiezan-las-inscripciones-para-el-transporte-escolar-que-se-alargaran-hasta-el-31-de-julio\\\/\",\"name\":\"Empiezan las inscripciones del transporte escolar que se alargar\u00e1n hasta el 31 de julio - Ajuntament de Mont-roig del Camp\",\"isPartOf\":{\"@id\":\"https:\\\/\\\/mont-roig.cat\\\/es\\\/#website\"},\"primaryImageOfPage\":{\"@id\":\"https:\\\/\\\/mont-roig.cat\\\/es\\\/actualitat\\\/noticies\\\/empiezan-las-inscripciones-para-el-transporte-escolar-que-se-alargaran-hasta-el-31-de-julio\\\/#primaryimage\"},\"image\":{\"@id\":\"https:\\\/\\\/mont-roig.cat\\\/es\\\/actualitat\\\/noticies\\\/empiezan-las-inscripciones-para-el-transporte-escolar-que-se-alargaran-hasta-el-31-de-julio\\\/#primaryimage\"},\"thumbnailUrl\":\"https:\\\/\\\/mont-roig.cat\\\/wp-content\\\/uploads\\\/Imatge-transport-escolar-1.jpg\",\"datePublished\":\"2023-06-19T15:23:44+00:00\",\"dateModified\":\"2023-06-19T15:36:21+00:00\",\"author\":{\"@id\":\"https:\\\/\\\/mont-roig.cat\\\/es\\\/#\\\/schema\\\/person\\\/1f73e7b5e6f9dd122e8a6f14f310ac5e\"},\"breadcrumb\":{\"@id\":\"https:\\\/\\\/mont-roig.cat\\\/es\\\/actualitat\\\/noticies\\\/empiezan-las-inscripciones-para-el-transporte-escolar-que-se-alargaran-hasta-el-31-de-julio\\\/#breadcrumb\"},\"inLanguage\":\"es\",\"potentialAction\":[{\"@type\":\"ReadAction\",\"target\":[\"https:\\\/\\\/mont-roig.cat\\\/es\\\/actualitat\\\/noticies\\\/empiezan-las-inscripciones-para-el-transporte-escolar-que-se-alargaran-hasta-el-31-de-julio\\\/\"]}]},{\"@type\":\"ImageObject\",\"inLanguage\":\"es\",\"@id\":\"https:\\\/\\\/mont-roig.cat\\\/es\\\/actualitat\\\/noticies\\\/empiezan-las-inscripciones-para-el-transporte-escolar-que-se-alargaran-hasta-el-31-de-julio\\\/#primaryimage\",\"url\":\"https:\\\/\\\/mont-roig.cat\\\/wp-content\\\/uploads\\\/Imatge-transport-escolar-1.jpg\",\"contentUrl\":\"https:\\\/\\\/mont-roig.cat\\\/wp-content\\\/uploads\\\/Imatge-transport-escolar-1.jpg\",\"width\":1200,\"height\":897},{\"@type\":\"BreadcrumbList\",\"@id\":\"https:\\\/\\\/mont-roig.cat\\\/es\\\/actualitat\\\/noticies\\\/empiezan-las-inscripciones-para-el-transporte-escolar-que-se-alargaran-hasta-el-31-de-julio\\\/#breadcrumb\",\"itemListElement\":[{\"@type\":\"ListItem\",\"position\":1,\"name\":\"Inici\",\"item\":\"https:\\\/\\\/mont-roig.cat\\\/es\\\/pagina-de-inicio\\\/\"},{\"@type\":\"ListItem\",\"position\":2,\"name\":\"Empiezan las inscripciones del transporte escolar que se alargar\u00e1n hasta el 31 de julio\"}]},{\"@type\":\"WebSite\",\"@id\":\"https:\\\/\\\/mont-roig.cat\\\/es\\\/#website\",\"url\":\"https:\\\/\\\/mont-roig.cat\\\/es\\\/\",\"name\":\"Ajuntament de Mont-roig del Camp\",\"description\":\"Tota la informaci\u00f3 sobre la instituci\u00f3, els seus \u00f2rgans de govern, actualitat, serveis i molt m\u00e9s.\",\"potentialAction\":[{\"@type\":\"SearchAction\",\"target\":{\"@type\":\"EntryPoint\",\"urlTemplate\":\"https:\\\/\\\/mont-roig.cat\\\/es\\\/?s={search_term_string}\"},\"query-input\":{\"@type\":\"PropertyValueSpecification\",\"valueRequired\":true,\"valueName\":\"search_term_string\"}}],\"inLanguage\":\"es\"},{\"@type\":\"Person\",\"@id\":\"https:\\\/\\\/mont-roig.cat\\\/es\\\/#\\\/schema\\\/person\\\/1f73e7b5e6f9dd122e8a6f14f310ac5e\",\"name\":\"comunicacio\",\"image\":{\"@type\":\"ImageObject\",\"inLanguage\":\"es\",\"@id\":\"https:\\\/\\\/secure.gravatar.com\\\/avatar\\\/98944333e7a877670a64f8d10f0cb680ab2c9ebc4efc43945ef004b52b5ad28c?s=96&d=mm&r=g\",\"url\":\"https:\\\/\\\/secure.gravatar.com\\\/avatar\\\/98944333e7a877670a64f8d10f0cb680ab2c9ebc4efc43945ef004b52b5ad28c?s=96&d=mm&r=g\",\"contentUrl\":\"https:\\\/\\\/secure.gravatar.com\\\/avatar\\\/98944333e7a877670a64f8d10f0cb680ab2c9ebc4efc43945ef004b52b5ad28c?s=96&d=mm&r=g\",\"caption\":\"comunicacio\"},\"url\":\"https:\\\/\\\/mont-roig.cat\\\/es\\\/actualitat\\\/noticies\\\/author\\\/comunicacio\\\/\"}]}<\/script>\n<!-- \/ Yoast SEO plugin. -->","yoast_head_json":{"title":"Empiezan las inscripciones del transporte escolar que se alargar\u00e1n hasta el 31 de julio - Ajuntament de Mont-roig del Camp","robots":{"index":"index","follow":"follow","max-snippet":"max-snippet:-1","max-image-preview":"max-image-preview:large","max-video-preview":"max-video-preview:-1"},"canonical":"https:\/\/mont-roig.cat\/es\/actualitat\/noticies\/empiezan-las-inscripciones-para-el-transporte-escolar-que-se-alargaran-hasta-el-31-de-julio\/","og_locale":"es_ES","og_type":"article","og_title":"Empiezan las inscripciones del transporte escolar que se alargar\u00e1n hasta el 31 de julio - Ajuntament de Mont-roig del Camp","og_description":"Desde este lunes se puede solicitar plaza en el transporte escolar desde infantil (3 a\u00f1os) hasta estudios postobligatorios Desde este lunes hasta el 31 de agosto se pueden solicitar las inscripciones para transporte escolar desde infantil (3 a\u00f1os) hasta los estudios postobligatorios. La inscripci\u00f3n se puede realizar de forma telem\u00e1tica a trav\u00e9s de la Sede [&hellip;]","og_url":"https:\/\/mont-roig.cat\/es\/actualitat\/noticies\/empiezan-las-inscripciones-para-el-transporte-escolar-que-se-alargaran-hasta-el-31-de-julio\/","og_site_name":"Ajuntament de Mont-roig del Camp","article_published_time":"2023-06-19T15:23:44+00:00","article_modified_time":"2023-06-19T15:36:21+00:00","og_image":[{"width":1200,"height":897,"url":"https:\/\/mont-roig.cat\/wp-content\/uploads\/Imatge-transport-escolar-1.jpg","type":"image\/jpeg"}],"author":"comunicacio","twitter_card":"summary_large_image","twitter_misc":{"Escrito por":"comunicacio","Tiempo de lectura":"2 minutos"},"schema":{"@context":"https:\/\/schema.org","@graph":[{"@type":"Article","@id":"https:\/\/mont-roig.cat\/es\/actualitat\/noticies\/empiezan-las-inscripciones-para-el-transporte-escolar-que-se-alargaran-hasta-el-31-de-julio\/#article","isPartOf":{"@id":"https:\/\/mont-roig.cat\/es\/actualitat\/noticies\/empiezan-las-inscripciones-para-el-transporte-escolar-que-se-alargaran-hasta-el-31-de-julio\/"},"author":{"name":"comunicacio","@id":"https:\/\/mont-roig.cat\/es\/#\/schema\/person\/1f73e7b5e6f9dd122e8a6f14f310ac5e"},"headline":"Empiezan las inscripciones del transporte escolar que se alargar\u00e1n hasta el 31 de julio","datePublished":"2023-06-19T15:23:44+00:00","dateModified":"2023-06-19T15:36:21+00:00","mainEntityOfPage":{"@id":"https:\/\/mont-roig.cat\/es\/actualitat\/noticies\/empiezan-las-inscripciones-para-el-transporte-escolar-que-se-alargaran-hasta-el-31-de-julio\/"},"wordCount":184,"image":{"@id":"https:\/\/mont-roig.cat\/es\/actualitat\/noticies\/empiezan-las-inscripciones-para-el-transporte-escolar-que-se-alargaran-hasta-el-31-de-julio\/#primaryimage"},"thumbnailUrl":"https:\/\/mont-roig.cat\/wp-content\/uploads\/Imatge-transport-escolar-1.jpg","articleSection":["Ayuntamiento","Educaci\u00f3n"],"inLanguage":"es"},{"@type":"WebPage","@id":"https:\/\/mont-roig.cat\/es\/actualitat\/noticies\/empiezan-las-inscripciones-para-el-transporte-escolar-que-se-alargaran-hasta-el-31-de-julio\/","url":"https:\/\/mont-roig.cat\/es\/actualitat\/noticies\/empiezan-las-inscripciones-para-el-transporte-escolar-que-se-alargaran-hasta-el-31-de-julio\/","name":"Empiezan las inscripciones del transporte escolar que se alargar\u00e1n hasta el 31 de julio - Ajuntament de Mont-roig del Camp","isPartOf":{"@id":"https:\/\/mont-roig.cat\/es\/#website"},"primaryImageOfPage":{"@id":"https:\/\/mont-roig.cat\/es\/actualitat\/noticies\/empiezan-las-inscripciones-para-el-transporte-escolar-que-se-alargaran-hasta-el-31-de-julio\/#primaryimage"},"image":{"@id":"https:\/\/mont-roig.cat\/es\/actualitat\/noticies\/empiezan-las-inscripciones-para-el-transporte-escolar-que-se-alargaran-hasta-el-31-de-julio\/#primaryimage"},"thumbnailUrl":"https:\/\/mont-roig.cat\/wp-content\/uploads\/Imatge-transport-escolar-1.jpg","datePublished":"2023-06-19T15:23:44+00:00","dateModified":"2023-06-19T15:36:21+00:00","author":{"@id":"https:\/\/mont-roig.cat\/es\/#\/schema\/person\/1f73e7b5e6f9dd122e8a6f14f310ac5e"},"breadcrumb":{"@id":"https:\/\/mont-roig.cat\/es\/actualitat\/noticies\/empiezan-las-inscripciones-para-el-transporte-escolar-que-se-alargaran-hasta-el-31-de-julio\/#breadcrumb"},"inLanguage":"es","potentialAction":[{"@type":"ReadAction","target":["https:\/\/mont-roig.cat\/es\/actualitat\/noticies\/empiezan-las-inscripciones-para-el-transporte-escolar-que-se-alargaran-hasta-el-31-de-julio\/"]}]},{"@type":"ImageObject","inLanguage":"es","@id":"https:\/\/mont-roig.cat\/es\/actualitat\/noticies\/empiezan-las-inscripciones-para-el-transporte-escolar-que-se-alargaran-hasta-el-31-de-julio\/#primaryimage","url":"https:\/\/mont-roig.cat\/wp-content\/uploads\/Imatge-transport-escolar-1.jpg","contentUrl":"https:\/\/mont-roig.cat\/wp-content\/uploads\/Imatge-transport-escolar-1.jpg","width":1200,"height":897},{"@type":"BreadcrumbList","@id":"https:\/\/mont-roig.cat\/es\/actualitat\/noticies\/empiezan-las-inscripciones-para-el-transporte-escolar-que-se-alargaran-hasta-el-31-de-julio\/#breadcrumb","itemListElement":[{"@type":"ListItem","position":1,"name":"Inici","item":"https:\/\/mont-roig.cat\/es\/pagina-de-inicio\/"},{"@type":"ListItem","position":2,"name":"Empiezan las inscripciones del transporte escolar que se alargar\u00e1n hasta el 31 de julio"}]},{"@type":"WebSite","@id":"https:\/\/mont-roig.cat\/es\/#website","url":"https:\/\/mont-roig.cat\/es\/","name":"Ajuntament de Mont-roig del Camp","description":"Tota la informaci\u00f3 sobre la instituci\u00f3, els seus \u00f2rgans de govern, actualitat, serveis i molt m\u00e9s.","potentialAction":[{"@type":"SearchAction","target":{"@type":"EntryPoint","urlTemplate":"https:\/\/mont-roig.cat\/es\/?s={search_term_string}"},"query-input":{"@type":"PropertyValueSpecification","valueRequired":true,"valueName":"search_term_string"}}],"inLanguage":"es"},{"@type":"Person","@id":"https:\/\/mont-roig.cat\/es\/#\/schema\/person\/1f73e7b5e6f9dd122e8a6f14f310ac5e","name":"comunicacio","image":{"@type":"ImageObject","inLanguage":"es","@id":"https:\/\/secure.gravatar.com\/avatar\/98944333e7a877670a64f8d10f0cb680ab2c9ebc4efc43945ef004b52b5ad28c?s=96&d=mm&r=g","url":"https:\/\/secure.gravatar.com\/avatar\/98944333e7a877670a64f8d10f0cb680ab2c9ebc4efc43945ef004b52b5ad28c?s=96&d=mm&r=g","contentUrl":"https:\/\/secure.gravatar.com\/avatar\/98944333e7a877670a64f8d10f0cb680ab2c9ebc4efc43945ef004b52b5ad28c?s=96&d=mm&r=g","caption":"comunicacio"},"url":"https:\/\/mont-roig.cat\/es\/actualitat\/noticies\/author\/comunicacio\/"}]}},"_links":{"self":[{"href":"https:\/\/mont-roig.cat\/es\/wp-json\/wp\/v2\/posts\/70882","targetHints":{"allow":["GET"]}}],"collection":[{"href":"https:\/\/mont-roig.cat\/es\/wp-json\/wp\/v2\/posts"}],"about":[{"href":"https:\/\/mont-roig.cat\/es\/wp-json\/wp\/v2\/types\/post"}],"author":[{"embeddable":true,"href":"https:\/\/mont-roig.cat\/es\/wp-json\/wp\/v2\/users\/13"}],"replies":[{"embeddable":true,"href":"https:\/\/mont-roig.cat\/es\/wp-json\/wp\/v2\/comments?post=70882"}],"version-history":[{"count":2,"href":"https:\/\/mont-roig.cat\/es\/wp-json\/wp\/v2\/posts\/70882\/revisions"}],"predecessor-version":[{"id":70884,"href":"https:\/\/mont-roig.cat\/es\/wp-json\/wp\/v2\/posts\/70882\/revisions\/70884"}],"wp:featuredmedia":[{"embeddable":true,"href":"https:\/\/mont-roig.cat\/es\/wp-json\/wp\/v2\/media\/70878"}],"wp:attachment":[{"href":"https:\/\/mont-roig.cat\/es\/wp-json\/wp\/v2\/media?parent=70882"}],"wp:term":[{"taxonomy":"category","embeddable":true,"href":"https:\/\/mont-roig.cat\/es\/wp-json\/wp\/v2\/categories?post=70882"},{"taxonomy":"post_tag","embeddable":true,"href":"https:\/\/mont-roig.cat\/es\/wp-json\/wp\/v2\/tags?post=70882"}],"curies":[{"name":"wp","href":"https:\/\/api.w.org\/{rel}","templated":true}]}}